{"id":13082,"date":"2025-10-19T13:35:02","date_gmt":"2025-10-19T10:35:02","guid":{"rendered":"https:\/\/memurunsesi.net\/?p=13082"},"modified":"2025-10-19T13:35:02","modified_gmt":"2025-10-19T10:35:02","slug":"beylikduzunde-kirmizi-isikta-gecen-surucu-kazaya-neden-oldu-o-anlar-kamerada","status":"publish","type":"post","link":"https:\/\/memurunsesi.net\/index.php\/2025\/10\/19\/beylikduzunde-kirmizi-isikta-gecen-surucu-kazaya-neden-oldu-o-anlar-kamerada\/","title":{"rendered":"Beylikd\u00fcz\u00fc\u2019nde k\u0131rm\u0131z\u0131 \u0131\u015f\u0131kta ge\u00e7en s\u00fcr\u00fcc\u00fc kazaya neden oldu: O anlar kamerada"},"content":{"rendered":"<p>   Beylikd\u00fcz\u00fc\u2019nde k\u0131rm\u0131z\u0131 \u0131\u015f\u0131kta ge\u00e7en otomobil s\u00fcr\u00fcc\u00fcs\u00fc, yolcu minib\u00fcs\u00fcne \u00e7arpt\u0131. Ya\u015fanan kaza anlar\u0131 ise ba\u015fka bir otomobilin ara\u00e7 i\u00e7i kameras\u0131na yans\u0131d\u0131.<br \/>\n  Olay, d\u00fcn saat 11.00 s\u0131ralar\u0131nda Beylikd\u00fcz\u00fc il\u00e7esi Adnan Kahveci Mahallesi Yavuz Sultan Selim Bulvar\u0131&#8217;nda ya\u015fand\u0131. Edinilen bilgilere g\u00f6re, k\u0131rm\u0131z\u0131 \u0131\u015f\u0131k ihlali yaparak yoluna devam eden otomobil s\u00fcr\u00fcc\u00fcs\u00fc, o s\u0131rada ye\u015fil \u0131\u015f\u0131kta ge\u00e7en yolcu minib\u00fcs\u00fcne \u00e7arpt\u0131. Olayda \u015fans eseri can kayb\u0131 ve yaralanma olmad\u0131. Ya\u015fanan kaza anlar\u0131 ise k\u0131rm\u0131z\u0131 \u0131\u015f\u0131kta bekleyen ba\u015fka bir otomobilin ara\u00e7 i\u00e7i kameras\u0131 taraf\u0131ndan saniye saniye g\u00f6r\u00fcnt\u00fclendi. G\u00f6r\u00fcnt\u00fclerde, h\u0131zla k\u0131rm\u0131z\u0131 \u0131\u015f\u0131kta ge\u00e7erek kural ihlali yapan s\u00fcr\u00fcc\u00fcn\u00fcn, ye\u015fil \u0131\u015f\u0131kta ge\u00e7en yolcu minib\u00fcs\u00fcne \u00e7arpt\u0131\u011f\u0131 anlar yer ald\u0131. Ya\u015fanan kazada yaralanan olmazken maddi hasar meydana geldi. <\/p>\n<p>  &#8220;Kurallara uymadan yola atlad\u0131\u011f\u0131 i\u00e7in kaza oldu&#8221;<br \/>\n  Kazan\u0131n meydana geldi\u011fi b\u00f6lgede esnafl\u0131k yapan Ali \u00c7ak\u0131r isimli vatanda\u015f, &#8220;Yollar da \u0131slakt\u0131. Bir s\u00fcr\u00fcc\u00fc k\u0131rm\u0131z\u0131 \u0131\u015f\u0131kta kurallara uymadan yola atlad\u0131\u011f\u0131 i\u00e7in minib\u00fcs de duramad\u0131. Bu \u015fekilde ger\u00e7ekle\u015fti. Yaralanma ve sa\u011fl\u0131k sorunu yok hi\u00e7birinin. Zaten esnaf direkt m\u00fcdahale etti. K\u00f6\u015feye ald\u0131k direkt. Burada s\u00fcrekli kaza oluyor. \u00c7ok kaza oluyor diye kav\u015fa\u011f\u0131 de\u011fi\u015ftirdiler&#8221; dedi. <\/p>\n<p>  &#8220;EDS kamera sistemi olsa ikna edici olabilir&#8221;<br \/>\n  Ayn\u0131 noktada daha \u00f6nce de kazalar oldu\u011funa dikkat \u00e7eken Zafer Baka ise, &#8220;Burada s\u00fcrekli kaza oluyor. Daha \u00f6ne bizim bir kom\u015fumuzun \u00e7ocu\u011fu da sakat kald\u0131 burada. Asl\u0131nda burada bir EDS olsa kamera sistemi olsa ikna edici olabilir. Bu kazalar da olmayabilir&#8221; diye konu\u015ftu. <\/p>\n<p>19.10.2025                                  <\/p>\n","protected":false},"excerpt":{"rendered":"<p>Beylikd\u00fcz\u00fc\u2019nde k\u0131rm\u0131z\u0131 \u0131\u015f\u0131kta ge\u00e7en otomobil s\u00fcr\u00fcc\u00fcs\u00fc, yolcu minib\u00fcs\u00fcne \u00e7arpt\u0131. Ya\u015fanan kaza anlar\u0131 ise ba\u015fka bir otomobilin ara\u00e7 i\u00e7i kameras\u0131na yans\u0131d\u0131. Olay, d\u00fcn saat 11.00 s\u0131ralar\u0131nda Beylikd\u00fcz\u00fc il\u00e7esi Adnan Kahveci Mahallesi Yavuz Sultan Selim Bulvar\u0131&#8217;nda ya\u015fand\u0131. Edinilen bilgilere g\u00f6re, k\u0131rm\u0131z\u0131 \u0131\u015f\u0131k ihlali yaparak yoluna devam eden otomobil s\u00fcr\u00fcc\u00fcs\u00fc, o s\u0131rada ye\u015fil \u0131\u015f\u0131kta ge\u00e7en yolcu minib\u00fcs\u00fcne \u00e7arpt\u0131. [&hellip;]<\/p>\n","protected":false},"author":1,"featured_media":13083,"comment_status":"open","ping_status":"open","sticky":false,"template":"","format":"standard","meta":{"footnotes":""},"categories":[45],"tags":[],"class_list":["post-13082","post","type-post","status-publish","format-standard","has-post-thumbnail","hentry","category-gundem"],"yoast_head":"<!-- This site is optimized with the Yoast SEO plugin v27.4 - https:\/\/yoast.com\/product\/yoast-seo-wordpress\/ -->\n<title>Beylikd\u00fcz\u00fc\u2019nde k\u0131rm\u0131z\u0131 \u0131\u015f\u0131kta ge\u00e7en s\u00fcr\u00fcc\u00fc kazaya neden oldu: O anlar kamerada - Memurun Sesi<\/title>\n<meta name=\"robots\" content=\"index, follow, max-snippet:-1, max-image-preview:large, max-video-preview:-1\" \/>\n<link rel=\"canonical\" href=\"https:\/\/memurunsesi.net\/index.php\/2025\/10\/19\/beylikduzunde-kirmizi-isikta-gecen-surucu-kazaya-neden-oldu-o-anlar-kamerada\/\" \/>\n<meta property=\"og:locale\" content=\"tr_TR\" \/>\n<meta property=\"og:type\" content=\"article\" \/>\n<meta property=\"og:title\" content=\"Beylikd\u00fcz\u00fc\u2019nde k\u0131rm\u0131z\u0131 \u0131\u015f\u0131kta ge\u00e7en s\u00fcr\u00fcc\u00fc kazaya neden oldu: O anlar kamerada - Memurun Sesi\" \/>\n<meta property=\"og:description\" content=\"Beylikd\u00fcz\u00fc\u2019nde k\u0131rm\u0131z\u0131 \u0131\u015f\u0131kta ge\u00e7en otomobil s\u00fcr\u00fcc\u00fcs\u00fc, yolcu minib\u00fcs\u00fcne \u00e7arpt\u0131. Ya\u015fanan kaza anlar\u0131 ise ba\u015fka bir otomobilin ara\u00e7 i\u00e7i kameras\u0131na yans\u0131d\u0131. Olay, d\u00fcn saat 11.00 s\u0131ralar\u0131nda Beylikd\u00fcz\u00fc il\u00e7esi Adnan Kahveci Mahallesi Yavuz Sultan Selim Bulvar\u0131&#8217;nda ya\u015fand\u0131. Edinilen bilgilere g\u00f6re, k\u0131rm\u0131z\u0131 \u0131\u015f\u0131k ihlali yaparak yoluna devam eden otomobil s\u00fcr\u00fcc\u00fcs\u00fc, o s\u0131rada ye\u015fil \u0131\u015f\u0131kta ge\u00e7en yolcu minib\u00fcs\u00fcne \u00e7arpt\u0131. [&hellip;]\" \/>\n<meta property=\"og:url\" content=\"https:\/\/memurunsesi.net\/index.php\/2025\/10\/19\/beylikduzunde-kirmizi-isikta-gecen-surucu-kazaya-neden-oldu-o-anlar-kamerada\/\" \/>\n<meta property=\"og:site_name\" content=\"Memurun Sesi\" \/>\n<meta property=\"article:publisher\" content=\"https:\/\/www.facebook.com\/unipersen\/?locale=tr_TR\" \/>\n<meta property=\"article:published_time\" content=\"2025-10-19T10:35:02+00:00\" \/>\n<meta property=\"og:image\" content=\"https:\/\/memurunsesi.net\/wp-content\/uploads\/2025\/10\/AW561859_01.jpg\" \/>\n\t<meta property=\"og:image:width\" content=\"600\" \/>\n\t<meta property=\"og:image:height\" content=\"584\" \/>\n\t<meta property=\"og:image:type\" content=\"image\/jpeg\" \/>\n<meta name=\"author\" content=\"Memurun Sesi Haber Merkezi\" \/>\n<meta name=\"twitter:card\" content=\"summary_large_image\" \/>\n<meta name=\"twitter:creator\" content=\"@unipersen\" \/>\n<meta name=\"twitter:site\" content=\"@unipersen\" \/>\n<meta name=\"twitter:label1\" content=\"Yazan:\" \/>\n\t<meta name=\"twitter:data1\" content=\"Memurun Sesi Haber Merkezi\" \/>\n\t<meta name=\"twitter:label2\" content=\"Tahmini okuma s\u00fcresi\" \/>\n\t<meta name=\"twitter:data2\" content=\"1 dakika\" \/>\n<script type=\"application\/ld+json\" class=\"yoast-schema-graph\">{\"@context\":\"https:\\\/\\\/schema.org\",\"@graph\":[{\"@type\":\"Article\",\"@id\":\"https:\\\/\\\/memurunsesi.net\\\/index.php\\\/2025\\\/10\\\/19\\\/beylikduzunde-kirmizi-isikta-gecen-surucu-kazaya-neden-oldu-o-anlar-kamerada\\\/#article\",\"isPartOf\":{\"@id\":\"https:\\\/\\\/memurunsesi.net\\\/index.php\\\/2025\\\/10\\\/19\\\/beylikduzunde-kirmizi-isikta-gecen-surucu-kazaya-neden-oldu-o-anlar-kamerada\\\/\"},\"author\":{\"name\":\"Memurun Sesi Haber Merkezi\",\"@id\":\"https:\\\/\\\/memurunsesi.net\\\/#\\\/schema\\\/person\\\/f21c2d73b89f6ee1d80b0a1803e38587\"},\"headline\":\"Beylikd\u00fcz\u00fc\u2019nde k\u0131rm\u0131z\u0131 \u0131\u015f\u0131kta ge\u00e7en s\u00fcr\u00fcc\u00fc kazaya neden oldu: O anlar kamerada\",\"datePublished\":\"2025-10-19T10:35:02+00:00\",\"mainEntityOfPage\":{\"@id\":\"https:\\\/\\\/memurunsesi.net\\\/index.php\\\/2025\\\/10\\\/19\\\/beylikduzunde-kirmizi-isikta-gecen-surucu-kazaya-neden-oldu-o-anlar-kamerada\\\/\"},\"wordCount\":321,\"commentCount\":0,\"publisher\":{\"@id\":\"https:\\\/\\\/memurunsesi.net\\\/#organization\"},\"image\":{\"@id\":\"https:\\\/\\\/memurunsesi.net\\\/index.php\\\/2025\\\/10\\\/19\\\/beylikduzunde-kirmizi-isikta-gecen-surucu-kazaya-neden-oldu-o-anlar-kamerada\\\/#primaryimage\"},\"thumbnailUrl\":\"https:\\\/\\\/memurunsesi.net\\\/wp-content\\\/uploads\\\/2025\\\/10\\\/AW561859_01.jpg\",\"articleSection\":[\"G\u00fcndem\"],\"inLanguage\":\"tr\",\"potentialAction\":[{\"@type\":\"CommentAction\",\"name\":\"Comment\",\"target\":[\"https:\\\/\\\/memurunsesi.net\\\/index.php\\\/2025\\\/10\\\/19\\\/beylikduzunde-kirmizi-isikta-gecen-surucu-kazaya-neden-oldu-o-anlar-kamerada\\\/#respond\"]}]},{\"@type\":\"WebPage\",\"@id\":\"https:\\\/\\\/memurunsesi.net\\\/index.php\\\/2025\\\/10\\\/19\\\/beylikduzunde-kirmizi-isikta-gecen-surucu-kazaya-neden-oldu-o-anlar-kamerada\\\/\",\"url\":\"https:\\\/\\\/memurunsesi.net\\\/index.php\\\/2025\\\/10\\\/19\\\/beylikduzunde-kirmizi-isikta-gecen-surucu-kazaya-neden-oldu-o-anlar-kamerada\\\/\",\"name\":\"Beylikd\u00fcz\u00fc\u2019nde k\u0131rm\u0131z\u0131 \u0131\u015f\u0131kta ge\u00e7en s\u00fcr\u00fcc\u00fc kazaya neden oldu: O anlar kamerada - Memurun Sesi\",\"isPartOf\":{\"@id\":\"https:\\\/\\\/memurunsesi.net\\\/#website\"},\"primaryImageOfPage\":{\"@id\":\"https:\\\/\\\/memurunsesi.net\\\/index.php\\\/2025\\\/10\\\/19\\\/beylikduzunde-kirmizi-isikta-gecen-surucu-kazaya-neden-oldu-o-anlar-kamerada\\\/#primaryimage\"},\"image\":{\"@id\":\"https:\\\/\\\/memurunsesi.net\\\/index.php\\\/2025\\\/10\\\/19\\\/beylikduzunde-kirmizi-isikta-gecen-surucu-kazaya-neden-oldu-o-anlar-kamerada\\\/#primaryimage\"},\"thumbnailUrl\":\"https:\\\/\\\/memurunsesi.net\\\/wp-content\\\/uploads\\\/2025\\\/10\\\/AW561859_01.jpg\",\"datePublished\":\"2025-10-19T10:35:02+00:00\",\"breadcrumb\":{\"@id\":\"https:\\\/\\\/memurunsesi.net\\\/index.php\\\/2025\\\/10\\\/19\\\/beylikduzunde-kirmizi-isikta-gecen-surucu-kazaya-neden-oldu-o-anlar-kamerada\\\/#breadcrumb\"},\"inLanguage\":\"tr\",\"potentialAction\":[{\"@type\":\"ReadAction\",\"target\":[\"https:\\\/\\\/memurunsesi.net\\\/index.php\\\/2025\\\/10\\\/19\\\/beylikduzunde-kirmizi-isikta-gecen-surucu-kazaya-neden-oldu-o-anlar-kamerada\\\/\"]}]},{\"@type\":\"ImageObject\",\"inLanguage\":\"tr\",\"@id\":\"https:\\\/\\\/memurunsesi.net\\\/index.php\\\/2025\\\/10\\\/19\\\/beylikduzunde-kirmizi-isikta-gecen-surucu-kazaya-neden-oldu-o-anlar-kamerada\\\/#primaryimage\",\"url\":\"https:\\\/\\\/memurunsesi.net\\\/wp-content\\\/uploads\\\/2025\\\/10\\\/AW561859_01.jpg\",\"contentUrl\":\"https:\\\/\\\/memurunsesi.net\\\/wp-content\\\/uploads\\\/2025\\\/10\\\/AW561859_01.jpg\",\"width\":600,\"height\":584,\"caption\":\"KAZA ANLARI BA\u015eKA B\u0130R OTOMOB\u0130L\u0130N ARA\u00c7 \u0130\u00c7\u0130 KAMERASINA YANSIDI. (\\\/\u0130STANBUL-\u0130HA) Beylikd\u00fcz\u00fc'nde k\u0131rm\u0131z\u0131 \u0131\u015f\u0131kta ge\u00e7en otomobil s\u00fcr\u00fcc\u00fcs\u00fc, yolcu minib\u00fcs\u00fcne \u00e7arpt\u0131. Ya\u015fanan kaza anlar\u0131 ise ba\u015fka bir otomobilin ara\u00e7 i\u00e7i kameras\u0131na yans\u0131d\u0131.\"},{\"@type\":\"BreadcrumbList\",\"@id\":\"https:\\\/\\\/memurunsesi.net\\\/index.php\\\/2025\\\/10\\\/19\\\/beylikduzunde-kirmizi-isikta-gecen-surucu-kazaya-neden-oldu-o-anlar-kamerada\\\/#breadcrumb\",\"itemListElement\":[{\"@type\":\"ListItem\",\"position\":1,\"name\":\"Anasayfa\",\"item\":\"https:\\\/\\\/memurunsesi.net\\\/\"},{\"@type\":\"ListItem\",\"position\":2,\"name\":\"Beylikd\u00fcz\u00fc\u2019nde k\u0131rm\u0131z\u0131 \u0131\u015f\u0131kta ge\u00e7en s\u00fcr\u00fcc\u00fc kazaya neden oldu: O anlar kamerada\"}]},{\"@type\":\"WebSite\",\"@id\":\"https:\\\/\\\/memurunsesi.net\\\/#website\",\"url\":\"https:\\\/\\\/memurunsesi.net\\\/\",\"name\":\"Memurun Sesi\",\"description\":\"G\u00fcncel ve Do\u011fru Haber\",\"publisher\":{\"@id\":\"https:\\\/\\\/memurunsesi.net\\\/#organization\"},\"potentialAction\":[{\"@type\":\"SearchAction\",\"target\":{\"@type\":\"EntryPoint\",\"urlTemplate\":\"https:\\\/\\\/memurunsesi.net\\\/?s={search_term_string}\"},\"query-input\":{\"@type\":\"PropertyValueSpecification\",\"valueRequired\":true,\"valueName\":\"search_term_string\"}}],\"inLanguage\":\"tr\"},{\"@type\":\"Organization\",\"@id\":\"https:\\\/\\\/memurunsesi.net\\\/#organization\",\"name\":\"Memurun Sesi\",\"url\":\"https:\\\/\\\/memurunsesi.net\\\/\",\"logo\":{\"@type\":\"ImageObject\",\"inLanguage\":\"tr\",\"@id\":\"https:\\\/\\\/memurunsesi.net\\\/#\\\/schema\\\/logo\\\/image\\\/\",\"url\":\"https:\\\/\\\/memurunsesi.net\\\/wp-content\\\/uploads\\\/2025\\\/11\\\/cropped-MEMURUN-SESI.png\",\"contentUrl\":\"https:\\\/\\\/memurunsesi.net\\\/wp-content\\\/uploads\\\/2025\\\/11\\\/cropped-MEMURUN-SESI.png\",\"width\":238,\"height\":57,\"caption\":\"Memurun Sesi\"},\"image\":{\"@id\":\"https:\\\/\\\/memurunsesi.net\\\/#\\\/schema\\\/logo\\\/image\\\/\"},\"sameAs\":[\"https:\\\/\\\/www.facebook.com\\\/unipersen\\\/?locale=tr_TR\",\"https:\\\/\\\/x.com\\\/unipersen\"]},{\"@type\":\"Person\",\"@id\":\"https:\\\/\\\/memurunsesi.net\\\/#\\\/schema\\\/person\\\/f21c2d73b89f6ee1d80b0a1803e38587\",\"name\":\"Memurun Sesi Haber Merkezi\",\"image\":{\"@type\":\"ImageObject\",\"inLanguage\":\"tr\",\"@id\":\"https:\\\/\\\/secure.gravatar.com\\\/avatar\\\/6cf0505f452ee753f485014986fab09a434671d2b919ee76fc541025c5876a70?s=96&d=mm&r=g\",\"url\":\"https:\\\/\\\/secure.gravatar.com\\\/avatar\\\/6cf0505f452ee753f485014986fab09a434671d2b919ee76fc541025c5876a70?s=96&d=mm&r=g\",\"contentUrl\":\"https:\\\/\\\/secure.gravatar.com\\\/avatar\\\/6cf0505f452ee753f485014986fab09a434671d2b919ee76fc541025c5876a70?s=96&d=mm&r=g\",\"caption\":\"Memurun Sesi Haber Merkezi\"},\"sameAs\":[\"https:\\\/\\\/memurunsesi.net\"],\"url\":\"https:\\\/\\\/memurunsesi.net\\\/index.php\\\/author\\\/uniper\\\/\"}]}<\/script>\n<!-- \/ Yoast SEO plugin. -->","yoast_head_json":{"title":"Beylikd\u00fcz\u00fc\u2019nde k\u0131rm\u0131z\u0131 \u0131\u015f\u0131kta ge\u00e7en s\u00fcr\u00fcc\u00fc kazaya neden oldu: O anlar kamerada - Memurun Sesi","robots":{"index":"index","follow":"follow","max-snippet":"max-snippet:-1","max-image-preview":"max-image-preview:large","max-video-preview":"max-video-preview:-1"},"canonical":"https:\/\/memurunsesi.net\/index.php\/2025\/10\/19\/beylikduzunde-kirmizi-isikta-gecen-surucu-kazaya-neden-oldu-o-anlar-kamerada\/","og_locale":"tr_TR","og_type":"article","og_title":"Beylikd\u00fcz\u00fc\u2019nde k\u0131rm\u0131z\u0131 \u0131\u015f\u0131kta ge\u00e7en s\u00fcr\u00fcc\u00fc kazaya neden oldu: O anlar kamerada - Memurun Sesi","og_description":"Beylikd\u00fcz\u00fc\u2019nde k\u0131rm\u0131z\u0131 \u0131\u015f\u0131kta ge\u00e7en otomobil s\u00fcr\u00fcc\u00fcs\u00fc, yolcu minib\u00fcs\u00fcne \u00e7arpt\u0131. Ya\u015fanan kaza anlar\u0131 ise ba\u015fka bir otomobilin ara\u00e7 i\u00e7i kameras\u0131na yans\u0131d\u0131. Olay, d\u00fcn saat 11.00 s\u0131ralar\u0131nda Beylikd\u00fcz\u00fc il\u00e7esi Adnan Kahveci Mahallesi Yavuz Sultan Selim Bulvar\u0131&#8217;nda ya\u015fand\u0131. Edinilen bilgilere g\u00f6re, k\u0131rm\u0131z\u0131 \u0131\u015f\u0131k ihlali yaparak yoluna devam eden otomobil s\u00fcr\u00fcc\u00fcs\u00fc, o s\u0131rada ye\u015fil \u0131\u015f\u0131kta ge\u00e7en yolcu minib\u00fcs\u00fcne \u00e7arpt\u0131. [&hellip;]","og_url":"https:\/\/memurunsesi.net\/index.php\/2025\/10\/19\/beylikduzunde-kirmizi-isikta-gecen-surucu-kazaya-neden-oldu-o-anlar-kamerada\/","og_site_name":"Memurun Sesi","article_publisher":"https:\/\/www.facebook.com\/unipersen\/?locale=tr_TR","article_published_time":"2025-10-19T10:35:02+00:00","og_image":[{"width":600,"height":584,"url":"https:\/\/memurunsesi.net\/wp-content\/uploads\/2025\/10\/AW561859_01.jpg","type":"image\/jpeg"}],"author":"Memurun Sesi Haber Merkezi","twitter_card":"summary_large_image","twitter_creator":"@unipersen","twitter_site":"@unipersen","twitter_misc":{"Yazan:":"Memurun Sesi Haber Merkezi","Tahmini okuma s\u00fcresi":"1 dakika"},"schema":{"@context":"https:\/\/schema.org","@graph":[{"@type":"Article","@id":"https:\/\/memurunsesi.net\/index.php\/2025\/10\/19\/beylikduzunde-kirmizi-isikta-gecen-surucu-kazaya-neden-oldu-o-anlar-kamerada\/#article","isPartOf":{"@id":"https:\/\/memurunsesi.net\/index.php\/2025\/10\/19\/beylikduzunde-kirmizi-isikta-gecen-surucu-kazaya-neden-oldu-o-anlar-kamerada\/"},"author":{"name":"Memurun Sesi Haber Merkezi","@id":"https:\/\/memurunsesi.net\/#\/schema\/person\/f21c2d73b89f6ee1d80b0a1803e38587"},"headline":"Beylikd\u00fcz\u00fc\u2019nde k\u0131rm\u0131z\u0131 \u0131\u015f\u0131kta ge\u00e7en s\u00fcr\u00fcc\u00fc kazaya neden oldu: O anlar kamerada","datePublished":"2025-10-19T10:35:02+00:00","mainEntityOfPage":{"@id":"https:\/\/memurunsesi.net\/index.php\/2025\/10\/19\/beylikduzunde-kirmizi-isikta-gecen-surucu-kazaya-neden-oldu-o-anlar-kamerada\/"},"wordCount":321,"commentCount":0,"publisher":{"@id":"https:\/\/memurunsesi.net\/#organization"},"image":{"@id":"https:\/\/memurunsesi.net\/index.php\/2025\/10\/19\/beylikduzunde-kirmizi-isikta-gecen-surucu-kazaya-neden-oldu-o-anlar-kamerada\/#primaryimage"},"thumbnailUrl":"https:\/\/memurunsesi.net\/wp-content\/uploads\/2025\/10\/AW561859_01.jpg","articleSection":["G\u00fcndem"],"inLanguage":"tr","potentialAction":[{"@type":"CommentAction","name":"Comment","target":["https:\/\/memurunsesi.net\/index.php\/2025\/10\/19\/beylikduzunde-kirmizi-isikta-gecen-surucu-kazaya-neden-oldu-o-anlar-kamerada\/#respond"]}]},{"@type":"WebPage","@id":"https:\/\/memurunsesi.net\/index.php\/2025\/10\/19\/beylikduzunde-kirmizi-isikta-gecen-surucu-kazaya-neden-oldu-o-anlar-kamerada\/","url":"https:\/\/memurunsesi.net\/index.php\/2025\/10\/19\/beylikduzunde-kirmizi-isikta-gecen-surucu-kazaya-neden-oldu-o-anlar-kamerada\/","name":"Beylikd\u00fcz\u00fc\u2019nde k\u0131rm\u0131z\u0131 \u0131\u015f\u0131kta ge\u00e7en s\u00fcr\u00fcc\u00fc kazaya neden oldu: O anlar kamerada - Memurun Sesi","isPartOf":{"@id":"https:\/\/memurunsesi.net\/#website"},"primaryImageOfPage":{"@id":"https:\/\/memurunsesi.net\/index.php\/2025\/10\/19\/beylikduzunde-kirmizi-isikta-gecen-surucu-kazaya-neden-oldu-o-anlar-kamerada\/#primaryimage"},"image":{"@id":"https:\/\/memurunsesi.net\/index.php\/2025\/10\/19\/beylikduzunde-kirmizi-isikta-gecen-surucu-kazaya-neden-oldu-o-anlar-kamerada\/#primaryimage"},"thumbnailUrl":"https:\/\/memurunsesi.net\/wp-content\/uploads\/2025\/10\/AW561859_01.jpg","datePublished":"2025-10-19T10:35:02+00:00","breadcrumb":{"@id":"https:\/\/memurunsesi.net\/index.php\/2025\/10\/19\/beylikduzunde-kirmizi-isikta-gecen-surucu-kazaya-neden-oldu-o-anlar-kamerada\/#breadcrumb"},"inLanguage":"tr","potentialAction":[{"@type":"ReadAction","target":["https:\/\/memurunsesi.net\/index.php\/2025\/10\/19\/beylikduzunde-kirmizi-isikta-gecen-surucu-kazaya-neden-oldu-o-anlar-kamerada\/"]}]},{"@type":"ImageObject","inLanguage":"tr","@id":"https:\/\/memurunsesi.net\/index.php\/2025\/10\/19\/beylikduzunde-kirmizi-isikta-gecen-surucu-kazaya-neden-oldu-o-anlar-kamerada\/#primaryimage","url":"https:\/\/memurunsesi.net\/wp-content\/uploads\/2025\/10\/AW561859_01.jpg","contentUrl":"https:\/\/memurunsesi.net\/wp-content\/uploads\/2025\/10\/AW561859_01.jpg","width":600,"height":584,"caption":"KAZA ANLARI BA\u015eKA B\u0130R OTOMOB\u0130L\u0130N ARA\u00c7 \u0130\u00c7\u0130 KAMERASINA YANSIDI. (\/\u0130STANBUL-\u0130HA) Beylikd\u00fcz\u00fc'nde k\u0131rm\u0131z\u0131 \u0131\u015f\u0131kta ge\u00e7en otomobil s\u00fcr\u00fcc\u00fcs\u00fc, yolcu minib\u00fcs\u00fcne \u00e7arpt\u0131. Ya\u015fanan kaza anlar\u0131 ise ba\u015fka bir otomobilin ara\u00e7 i\u00e7i kameras\u0131na yans\u0131d\u0131."},{"@type":"BreadcrumbList","@id":"https:\/\/memurunsesi.net\/index.php\/2025\/10\/19\/beylikduzunde-kirmizi-isikta-gecen-surucu-kazaya-neden-oldu-o-anlar-kamerada\/#breadcrumb","itemListElement":[{"@type":"ListItem","position":1,"name":"Anasayfa","item":"https:\/\/memurunsesi.net\/"},{"@type":"ListItem","position":2,"name":"Beylikd\u00fcz\u00fc\u2019nde k\u0131rm\u0131z\u0131 \u0131\u015f\u0131kta ge\u00e7en s\u00fcr\u00fcc\u00fc kazaya neden oldu: O anlar kamerada"}]},{"@type":"WebSite","@id":"https:\/\/memurunsesi.net\/#website","url":"https:\/\/memurunsesi.net\/","name":"Memurun Sesi","description":"G\u00fcncel ve Do\u011fru Haber","publisher":{"@id":"https:\/\/memurunsesi.net\/#organization"},"potentialAction":[{"@type":"SearchAction","target":{"@type":"EntryPoint","urlTemplate":"https:\/\/memurunsesi.net\/?s={search_term_string}"},"query-input":{"@type":"PropertyValueSpecification","valueRequired":true,"valueName":"search_term_string"}}],"inLanguage":"tr"},{"@type":"Organization","@id":"https:\/\/memurunsesi.net\/#organization","name":"Memurun Sesi","url":"https:\/\/memurunsesi.net\/","logo":{"@type":"ImageObject","inLanguage":"tr","@id":"https:\/\/memurunsesi.net\/#\/schema\/logo\/image\/","url":"https:\/\/memurunsesi.net\/wp-content\/uploads\/2025\/11\/cropped-MEMURUN-SESI.png","contentUrl":"https:\/\/memurunsesi.net\/wp-content\/uploads\/2025\/11\/cropped-MEMURUN-SESI.png","width":238,"height":57,"caption":"Memurun Sesi"},"image":{"@id":"https:\/\/memurunsesi.net\/#\/schema\/logo\/image\/"},"sameAs":["https:\/\/www.facebook.com\/unipersen\/?locale=tr_TR","https:\/\/x.com\/unipersen"]},{"@type":"Person","@id":"https:\/\/memurunsesi.net\/#\/schema\/person\/f21c2d73b89f6ee1d80b0a1803e38587","name":"Memurun Sesi Haber Merkezi","image":{"@type":"ImageObject","inLanguage":"tr","@id":"https:\/\/secure.gravatar.com\/avatar\/6cf0505f452ee753f485014986fab09a434671d2b919ee76fc541025c5876a70?s=96&d=mm&r=g","url":"https:\/\/secure.gravatar.com\/avatar\/6cf0505f452ee753f485014986fab09a434671d2b919ee76fc541025c5876a70?s=96&d=mm&r=g","contentUrl":"https:\/\/secure.gravatar.com\/avatar\/6cf0505f452ee753f485014986fab09a434671d2b919ee76fc541025c5876a70?s=96&d=mm&r=g","caption":"Memurun Sesi Haber Merkezi"},"sameAs":["https:\/\/memurunsesi.net"],"url":"https:\/\/memurunsesi.net\/index.php\/author\/uniper\/"}]}},"_links":{"self":[{"href":"https:\/\/memurunsesi.net\/index.php\/wp-json\/wp\/v2\/posts\/13082","targetHints":{"allow":["GET"]}}],"collection":[{"href":"https:\/\/memurunsesi.net\/index.php\/wp-json\/wp\/v2\/posts"}],"about":[{"href":"https:\/\/memurunsesi.net\/index.php\/wp-json\/wp\/v2\/types\/post"}],"author":[{"embeddable":true,"href":"https:\/\/memurunsesi.net\/index.php\/wp-json\/wp\/v2\/users\/1"}],"replies":[{"embeddable":true,"href":"https:\/\/memurunsesi.net\/index.php\/wp-json\/wp\/v2\/comments?post=13082"}],"version-history":[{"count":1,"href":"https:\/\/memurunsesi.net\/index.php\/wp-json\/wp\/v2\/posts\/13082\/revisions"}],"predecessor-version":[{"id":13084,"href":"https:\/\/memurunsesi.net\/index.php\/wp-json\/wp\/v2\/posts\/13082\/revisions\/13084"}],"wp:featuredmedia":[{"embeddable":true,"href":"https:\/\/memurunsesi.net\/index.php\/wp-json\/wp\/v2\/media\/13083"}],"wp:attachment":[{"href":"https:\/\/memurunsesi.net\/index.php\/wp-json\/wp\/v2\/media?parent=13082"}],"wp:term":[{"taxonomy":"category","embeddable":true,"href":"https:\/\/memurunsesi.net\/index.php\/wp-json\/wp\/v2\/categories?post=13082"},{"taxonomy":"post_tag","embeddable":true,"href":"https:\/\/memurunsesi.net\/index.php\/wp-json\/wp\/v2\/tags?post=13082"}],"curies":[{"name":"wp","href":"https:\/\/api.w.org\/{rel}","templated":true}]}}