{"id":13124,"date":"2025-10-20T09:17:16","date_gmt":"2025-10-20T06:17:16","guid":{"rendered":"https:\/\/memurunsesi.net\/?p=13124"},"modified":"2025-10-20T09:17:16","modified_gmt":"2025-10-20T06:17:16","slug":"adilcevaz-semalarinda-yamac-parasutu-heyecani","status":"publish","type":"post","link":"https:\/\/memurunsesi.net\/index.php\/2025\/10\/20\/adilcevaz-semalarinda-yamac-parasutu-heyecani\/","title":{"rendered":"Adilcevaz semalar\u0131nda yama\u00e7 para\u015f\u00fct\u00fc heyecan\u0131"},"content":{"rendered":"<p>  Bitlis&#8217;in Adilcevaz il\u00e7esinde yama\u00e7 para\u015f\u00fct\u00fc e\u011fitmeni Mehmet Sad\u0131k G\u00fcler taraf\u0131ndan yap\u0131lan u\u00e7u\u015f g\u00f6rsel \u015f\u00f6len olu\u015fturuldu.<br \/>\n  Adilcevaz il\u00e7esi, hafta sonu renkli ve heyecan dolu anlara sahne oldu. Yama\u00e7 para\u015f\u00fct\u00fc e\u011fitmeni Mehmet Sad\u0131k G\u00fcler, Seydi Baba Tepesi&#8217;nden ger\u00e7ekle\u015ftirdi\u011fi u\u00e7u\u015flarla adeta g\u00f6rsel bir \u015f\u00f6len sundu. G\u00f6ky\u00fcz\u00fcnde s\u00fcz\u00fclen para\u015f\u00fct\u00e7\u00fcn\u00fcn olu\u015fturdu\u011fu manzara, hem il\u00e7e halk\u0131n\u0131n hem de izleyenlerin b\u00fcy\u00fck ilgisini \u00e7ekti.<br \/>\n  Aslen Van&#8217;\u0131n Erci\u015f il\u00e7esi n\u00fcfusuna kay\u0131tl\u0131 olan yama\u00e7 para\u015f\u00fct\u00fc e\u011fitmeni Mehmet Sad\u0131k G\u00fcler, &#8220;Antalya&#8217;da ya\u015f\u0131yorum. Yazlar\u0131 memleketim Erci\u015f&#8217;e gelip ikili u\u00e7u\u015flar yap\u0131yorum. Ge\u00e7ti\u011fimiz g\u00fcnlerde de Adilcevaz&#8217;a gelip \u00e7ok be\u011fendi\u011fim ve daha \u00f6nce u\u00e7tu\u011fum Seydi Baba Tepesi&#8217;nden u\u00e7u\u015flar yapt\u0131k. Toplamda d\u00f6rt yolcu u\u00e7urdum&#8221; dedi.<br \/>\n  Arkada\u015flar\u0131 Birol Can ve Erdal Ural&#8217;\u0131n davetiyle Adilcevaz&#8217;a geldi\u011fini ifade eden G\u00fcler, &#8220;Onlarla birlikte yama\u00e7 para\u015f\u00fct\u00fc etkinli\u011fi yapt\u0131k. \u0130nan\u0131lmaz g\u00fczel tepkiler ald\u0131m. \u0130nan\u0131n telefonlar\u0131m susmuyor. \u0130nsanlar aray\u0131p duruyorlar, \u2018hocam bizi de u\u00e7ur&#8217; diye. Halk\u0131n \u00e7ok yo\u011fun talepleri var ve ben y\u0131llar\u0131n pilotu olarak s\u00f6yl\u00fcyorum buras\u0131 u\u00e7u\u015f i\u00e7in \u00e7ok g\u00fczel ve \u00f6zel bir yerdir. Bug\u00fcn belediye ba\u015fkan\u0131 da beni arad\u0131 ve neler yapabiliriz diye g\u00f6r\u00fc\u015ft\u00fck. \u0130nan\u0131n Van G\u00f6l\u00fc sahiline indi\u011fimizde o \u00e7ocuklar\u0131n yo\u011fun ilgisi o kadar \u00e7oktu ki hepsi birden \u2018beni de u\u00e7ur&#8217; diye ba\u011f\u0131rd\u0131&#8221; dedi. <\/p>\n<p>20.10.2025                                <\/p>\n","protected":false},"excerpt":{"rendered":"<p>Bitlis&#8217;in Adilcevaz il\u00e7esinde yama\u00e7 para\u015f\u00fct\u00fc e\u011fitmeni Mehmet Sad\u0131k G\u00fcler taraf\u0131ndan yap\u0131lan u\u00e7u\u015f g\u00f6rsel \u015f\u00f6len olu\u015fturuldu. Adilcevaz il\u00e7esi, hafta sonu renkli ve heyecan dolu anlara sahne oldu. Yama\u00e7 para\u015f\u00fct\u00fc e\u011fitmeni Mehmet Sad\u0131k G\u00fcler, Seydi Baba Tepesi&#8217;nden ger\u00e7ekle\u015ftirdi\u011fi u\u00e7u\u015flarla adeta g\u00f6rsel bir \u015f\u00f6len sundu. G\u00f6ky\u00fcz\u00fcnde s\u00fcz\u00fclen para\u015f\u00fct\u00e7\u00fcn\u00fcn olu\u015fturdu\u011fu manzara, hem il\u00e7e halk\u0131n\u0131n hem de izleyenlerin b\u00fcy\u00fck ilgisini [&hellip;]<\/p>\n","protected":false},"author":1,"featured_media":13125,"comment_status":"open","ping_status":"open","sticky":false,"template":"","format":"standard","meta":{"footnotes":""},"categories":[45],"tags":[],"class_list":["post-13124","post","type-post","status-publish","format-standard","has-post-thumbnail","hentry","category-gundem"],"yoast_head":"<!-- This site is optimized with the Yoast SEO plugin v27.4 - https:\/\/yoast.com\/product\/yoast-seo-wordpress\/ -->\n<title>Adilcevaz semalar\u0131nda yama\u00e7 para\u015f\u00fct\u00fc heyecan\u0131 - Memurun Sesi<\/title>\n<meta name=\"robots\" content=\"index, follow, max-snippet:-1, max-image-preview:large, max-video-preview:-1\" \/>\n<link rel=\"canonical\" href=\"https:\/\/memurunsesi.net\/index.php\/2025\/10\/20\/adilcevaz-semalarinda-yamac-parasutu-heyecani\/\" \/>\n<meta property=\"og:locale\" content=\"tr_TR\" \/>\n<meta property=\"og:type\" content=\"article\" \/>\n<meta property=\"og:title\" content=\"Adilcevaz semalar\u0131nda yama\u00e7 para\u015f\u00fct\u00fc heyecan\u0131 - Memurun Sesi\" \/>\n<meta property=\"og:description\" content=\"Bitlis&#8217;in Adilcevaz il\u00e7esinde yama\u00e7 para\u015f\u00fct\u00fc e\u011fitmeni Mehmet Sad\u0131k G\u00fcler taraf\u0131ndan yap\u0131lan u\u00e7u\u015f g\u00f6rsel \u015f\u00f6len olu\u015fturuldu. Adilcevaz il\u00e7esi, hafta sonu renkli ve heyecan dolu anlara sahne oldu. Yama\u00e7 para\u015f\u00fct\u00fc e\u011fitmeni Mehmet Sad\u0131k G\u00fcler, Seydi Baba Tepesi&#8217;nden ger\u00e7ekle\u015ftirdi\u011fi u\u00e7u\u015flarla adeta g\u00f6rsel bir \u015f\u00f6len sundu. G\u00f6ky\u00fcz\u00fcnde s\u00fcz\u00fclen para\u015f\u00fct\u00e7\u00fcn\u00fcn olu\u015fturdu\u011fu manzara, hem il\u00e7e halk\u0131n\u0131n hem de izleyenlerin b\u00fcy\u00fck ilgisini [&hellip;]\" \/>\n<meta property=\"og:url\" content=\"https:\/\/memurunsesi.net\/index.php\/2025\/10\/20\/adilcevaz-semalarinda-yamac-parasutu-heyecani\/\" \/>\n<meta property=\"og:site_name\" content=\"Memurun Sesi\" \/>\n<meta property=\"article:publisher\" content=\"https:\/\/www.facebook.com\/unipersen\/?locale=tr_TR\" \/>\n<meta property=\"article:published_time\" content=\"2025-10-20T06:17:16+00:00\" \/>\n<meta property=\"og:image\" content=\"https:\/\/memurunsesi.net\/wp-content\/uploads\/2025\/10\/AW562172_01.jpg\" \/>\n\t<meta property=\"og:image:width\" content=\"848\" \/>\n\t<meta property=\"og:image:height\" content=\"480\" \/>\n\t<meta property=\"og:image:type\" content=\"image\/jpeg\" \/>\n<meta name=\"author\" content=\"Memurun Sesi Haber Merkezi\" \/>\n<meta name=\"twitter:card\" content=\"summary_large_image\" \/>\n<meta name=\"twitter:creator\" content=\"@unipersen\" \/>\n<meta name=\"twitter:site\" content=\"@unipersen\" \/>\n<meta name=\"twitter:label1\" content=\"Yazan:\" \/>\n\t<meta name=\"twitter:data1\" content=\"Memurun Sesi Haber Merkezi\" \/>\n\t<meta name=\"twitter:label2\" content=\"Tahmini okuma s\u00fcresi\" \/>\n\t<meta name=\"twitter:data2\" content=\"1 dakika\" \/>\n<script type=\"application\/ld+json\" class=\"yoast-schema-graph\">{\"@context\":\"https:\\\/\\\/schema.org\",\"@graph\":[{\"@type\":\"Article\",\"@id\":\"https:\\\/\\\/memurunsesi.net\\\/index.php\\\/2025\\\/10\\\/20\\\/adilcevaz-semalarinda-yamac-parasutu-heyecani\\\/#article\",\"isPartOf\":{\"@id\":\"https:\\\/\\\/memurunsesi.net\\\/index.php\\\/2025\\\/10\\\/20\\\/adilcevaz-semalarinda-yamac-parasutu-heyecani\\\/\"},\"author\":{\"name\":\"Memurun Sesi Haber Merkezi\",\"@id\":\"https:\\\/\\\/memurunsesi.net\\\/#\\\/schema\\\/person\\\/f21c2d73b89f6ee1d80b0a1803e38587\"},\"headline\":\"Adilcevaz semalar\u0131nda yama\u00e7 para\u015f\u00fct\u00fc heyecan\u0131\",\"datePublished\":\"2025-10-20T06:17:16+00:00\",\"mainEntityOfPage\":{\"@id\":\"https:\\\/\\\/memurunsesi.net\\\/index.php\\\/2025\\\/10\\\/20\\\/adilcevaz-semalarinda-yamac-parasutu-heyecani\\\/\"},\"wordCount\":293,\"commentCount\":0,\"publisher\":{\"@id\":\"https:\\\/\\\/memurunsesi.net\\\/#organization\"},\"image\":{\"@id\":\"https:\\\/\\\/memurunsesi.net\\\/index.php\\\/2025\\\/10\\\/20\\\/adilcevaz-semalarinda-yamac-parasutu-heyecani\\\/#primaryimage\"},\"thumbnailUrl\":\"https:\\\/\\\/memurunsesi.net\\\/wp-content\\\/uploads\\\/2025\\\/10\\\/AW562172_01.jpg\",\"articleSection\":[\"G\u00fcndem\"],\"inLanguage\":\"tr\",\"potentialAction\":[{\"@type\":\"CommentAction\",\"name\":\"Comment\",\"target\":[\"https:\\\/\\\/memurunsesi.net\\\/index.php\\\/2025\\\/10\\\/20\\\/adilcevaz-semalarinda-yamac-parasutu-heyecani\\\/#respond\"]}]},{\"@type\":\"WebPage\",\"@id\":\"https:\\\/\\\/memurunsesi.net\\\/index.php\\\/2025\\\/10\\\/20\\\/adilcevaz-semalarinda-yamac-parasutu-heyecani\\\/\",\"url\":\"https:\\\/\\\/memurunsesi.net\\\/index.php\\\/2025\\\/10\\\/20\\\/adilcevaz-semalarinda-yamac-parasutu-heyecani\\\/\",\"name\":\"Adilcevaz semalar\u0131nda yama\u00e7 para\u015f\u00fct\u00fc heyecan\u0131 - Memurun Sesi\",\"isPartOf\":{\"@id\":\"https:\\\/\\\/memurunsesi.net\\\/#website\"},\"primaryImageOfPage\":{\"@id\":\"https:\\\/\\\/memurunsesi.net\\\/index.php\\\/2025\\\/10\\\/20\\\/adilcevaz-semalarinda-yamac-parasutu-heyecani\\\/#primaryimage\"},\"image\":{\"@id\":\"https:\\\/\\\/memurunsesi.net\\\/index.php\\\/2025\\\/10\\\/20\\\/adilcevaz-semalarinda-yamac-parasutu-heyecani\\\/#primaryimage\"},\"thumbnailUrl\":\"https:\\\/\\\/memurunsesi.net\\\/wp-content\\\/uploads\\\/2025\\\/10\\\/AW562172_01.jpg\",\"datePublished\":\"2025-10-20T06:17:16+00:00\",\"breadcrumb\":{\"@id\":\"https:\\\/\\\/memurunsesi.net\\\/index.php\\\/2025\\\/10\\\/20\\\/adilcevaz-semalarinda-yamac-parasutu-heyecani\\\/#breadcrumb\"},\"inLanguage\":\"tr\",\"potentialAction\":[{\"@type\":\"ReadAction\",\"target\":[\"https:\\\/\\\/memurunsesi.net\\\/index.php\\\/2025\\\/10\\\/20\\\/adilcevaz-semalarinda-yamac-parasutu-heyecani\\\/\"]}]},{\"@type\":\"ImageObject\",\"inLanguage\":\"tr\",\"@id\":\"https:\\\/\\\/memurunsesi.net\\\/index.php\\\/2025\\\/10\\\/20\\\/adilcevaz-semalarinda-yamac-parasutu-heyecani\\\/#primaryimage\",\"url\":\"https:\\\/\\\/memurunsesi.net\\\/wp-content\\\/uploads\\\/2025\\\/10\\\/AW562172_01.jpg\",\"contentUrl\":\"https:\\\/\\\/memurunsesi.net\\\/wp-content\\\/uploads\\\/2025\\\/10\\\/AW562172_01.jpg\",\"width\":848,\"height\":480,\"caption\":\"B\u0130TL\u0130S'\u0130N AD\u0130LCEVAZ \u0130L\u00c7ES\u0130NDE YAMA\u00c7 PARA\u015e\u00dcT\u00dc E\u011e\u0130TMEN\u0130 MEHMET SADIK G\u00dcLER TARAFINDAN YAPILAN U\u00c7U\u015e G\u00d6RSEL \u015e\u00d6LEN OLU\u015eTURULDU. (ORHAN EMEN\\\/B\u0130TL\u0130S-\u0130HA) Bitlis'in Adilcevaz il\u00e7esinde yama\u00e7 para\u015f\u00fct\u00fc e\u011fitmeni Mehmet Sad\u0131k G\u00fcler taraf\u0131ndan yap\u0131lan u\u00e7u\u015f g\u00f6rsel \u015f\u00f6len olu\u015fturuldu.\"},{\"@type\":\"BreadcrumbList\",\"@id\":\"https:\\\/\\\/memurunsesi.net\\\/index.php\\\/2025\\\/10\\\/20\\\/adilcevaz-semalarinda-yamac-parasutu-heyecani\\\/#breadcrumb\",\"itemListElement\":[{\"@type\":\"ListItem\",\"position\":1,\"name\":\"Anasayfa\",\"item\":\"https:\\\/\\\/memurunsesi.net\\\/\"},{\"@type\":\"ListItem\",\"position\":2,\"name\":\"Adilcevaz semalar\u0131nda yama\u00e7 para\u015f\u00fct\u00fc heyecan\u0131\"}]},{\"@type\":\"WebSite\",\"@id\":\"https:\\\/\\\/memurunsesi.net\\\/#website\",\"url\":\"https:\\\/\\\/memurunsesi.net\\\/\",\"name\":\"Memurun Sesi\",\"description\":\"G\u00fcncel ve Do\u011fru Haber\",\"publisher\":{\"@id\":\"https:\\\/\\\/memurunsesi.net\\\/#organization\"},\"potentialAction\":[{\"@type\":\"SearchAction\",\"target\":{\"@type\":\"EntryPoint\",\"urlTemplate\":\"https:\\\/\\\/memurunsesi.net\\\/?s={search_term_string}\"},\"query-input\":{\"@type\":\"PropertyValueSpecification\",\"valueRequired\":true,\"valueName\":\"search_term_string\"}}],\"inLanguage\":\"tr\"},{\"@type\":\"Organization\",\"@id\":\"https:\\\/\\\/memurunsesi.net\\\/#organization\",\"name\":\"Memurun Sesi\",\"url\":\"https:\\\/\\\/memurunsesi.net\\\/\",\"logo\":{\"@type\":\"ImageObject\",\"inLanguage\":\"tr\",\"@id\":\"https:\\\/\\\/memurunsesi.net\\\/#\\\/schema\\\/logo\\\/image\\\/\",\"url\":\"https:\\\/\\\/memurunsesi.net\\\/wp-content\\\/uploads\\\/2025\\\/11\\\/cropped-MEMURUN-SESI.png\",\"contentUrl\":\"https:\\\/\\\/memurunsesi.net\\\/wp-content\\\/uploads\\\/2025\\\/11\\\/cropped-MEMURUN-SESI.png\",\"width\":238,\"height\":57,\"caption\":\"Memurun Sesi\"},\"image\":{\"@id\":\"https:\\\/\\\/memurunsesi.net\\\/#\\\/schema\\\/logo\\\/image\\\/\"},\"sameAs\":[\"https:\\\/\\\/www.facebook.com\\\/unipersen\\\/?locale=tr_TR\",\"https:\\\/\\\/x.com\\\/unipersen\"]},{\"@type\":\"Person\",\"@id\":\"https:\\\/\\\/memurunsesi.net\\\/#\\\/schema\\\/person\\\/f21c2d73b89f6ee1d80b0a1803e38587\",\"name\":\"Memurun Sesi Haber Merkezi\",\"image\":{\"@type\":\"ImageObject\",\"inLanguage\":\"tr\",\"@id\":\"https:\\\/\\\/secure.gravatar.com\\\/avatar\\\/6cf0505f452ee753f485014986fab09a434671d2b919ee76fc541025c5876a70?s=96&d=mm&r=g\",\"url\":\"https:\\\/\\\/secure.gravatar.com\\\/avatar\\\/6cf0505f452ee753f485014986fab09a434671d2b919ee76fc541025c5876a70?s=96&d=mm&r=g\",\"contentUrl\":\"https:\\\/\\\/secure.gravatar.com\\\/avatar\\\/6cf0505f452ee753f485014986fab09a434671d2b919ee76fc541025c5876a70?s=96&d=mm&r=g\",\"caption\":\"Memurun Sesi Haber Merkezi\"},\"sameAs\":[\"https:\\\/\\\/memurunsesi.net\"],\"url\":\"https:\\\/\\\/memurunsesi.net\\\/index.php\\\/author\\\/uniper\\\/\"}]}<\/script>\n<!-- \/ Yoast SEO plugin. -->","yoast_head_json":{"title":"Adilcevaz semalar\u0131nda yama\u00e7 para\u015f\u00fct\u00fc heyecan\u0131 - Memurun Sesi","robots":{"index":"index","follow":"follow","max-snippet":"max-snippet:-1","max-image-preview":"max-image-preview:large","max-video-preview":"max-video-preview:-1"},"canonical":"https:\/\/memurunsesi.net\/index.php\/2025\/10\/20\/adilcevaz-semalarinda-yamac-parasutu-heyecani\/","og_locale":"tr_TR","og_type":"article","og_title":"Adilcevaz semalar\u0131nda yama\u00e7 para\u015f\u00fct\u00fc heyecan\u0131 - Memurun Sesi","og_description":"Bitlis&#8217;in Adilcevaz il\u00e7esinde yama\u00e7 para\u015f\u00fct\u00fc e\u011fitmeni Mehmet Sad\u0131k G\u00fcler taraf\u0131ndan yap\u0131lan u\u00e7u\u015f g\u00f6rsel \u015f\u00f6len olu\u015fturuldu. Adilcevaz il\u00e7esi, hafta sonu renkli ve heyecan dolu anlara sahne oldu. Yama\u00e7 para\u015f\u00fct\u00fc e\u011fitmeni Mehmet Sad\u0131k G\u00fcler, Seydi Baba Tepesi&#8217;nden ger\u00e7ekle\u015ftirdi\u011fi u\u00e7u\u015flarla adeta g\u00f6rsel bir \u015f\u00f6len sundu. G\u00f6ky\u00fcz\u00fcnde s\u00fcz\u00fclen para\u015f\u00fct\u00e7\u00fcn\u00fcn olu\u015fturdu\u011fu manzara, hem il\u00e7e halk\u0131n\u0131n hem de izleyenlerin b\u00fcy\u00fck ilgisini [&hellip;]","og_url":"https:\/\/memurunsesi.net\/index.php\/2025\/10\/20\/adilcevaz-semalarinda-yamac-parasutu-heyecani\/","og_site_name":"Memurun Sesi","article_publisher":"https:\/\/www.facebook.com\/unipersen\/?locale=tr_TR","article_published_time":"2025-10-20T06:17:16+00:00","og_image":[{"width":848,"height":480,"url":"https:\/\/memurunsesi.net\/wp-content\/uploads\/2025\/10\/AW562172_01.jpg","type":"image\/jpeg"}],"author":"Memurun Sesi Haber Merkezi","twitter_card":"summary_large_image","twitter_creator":"@unipersen","twitter_site":"@unipersen","twitter_misc":{"Yazan:":"Memurun Sesi Haber Merkezi","Tahmini okuma s\u00fcresi":"1 dakika"},"schema":{"@context":"https:\/\/schema.org","@graph":[{"@type":"Article","@id":"https:\/\/memurunsesi.net\/index.php\/2025\/10\/20\/adilcevaz-semalarinda-yamac-parasutu-heyecani\/#article","isPartOf":{"@id":"https:\/\/memurunsesi.net\/index.php\/2025\/10\/20\/adilcevaz-semalarinda-yamac-parasutu-heyecani\/"},"author":{"name":"Memurun Sesi Haber Merkezi","@id":"https:\/\/memurunsesi.net\/#\/schema\/person\/f21c2d73b89f6ee1d80b0a1803e38587"},"headline":"Adilcevaz semalar\u0131nda yama\u00e7 para\u015f\u00fct\u00fc heyecan\u0131","datePublished":"2025-10-20T06:17:16+00:00","mainEntityOfPage":{"@id":"https:\/\/memurunsesi.net\/index.php\/2025\/10\/20\/adilcevaz-semalarinda-yamac-parasutu-heyecani\/"},"wordCount":293,"commentCount":0,"publisher":{"@id":"https:\/\/memurunsesi.net\/#organization"},"image":{"@id":"https:\/\/memurunsesi.net\/index.php\/2025\/10\/20\/adilcevaz-semalarinda-yamac-parasutu-heyecani\/#primaryimage"},"thumbnailUrl":"https:\/\/memurunsesi.net\/wp-content\/uploads\/2025\/10\/AW562172_01.jpg","articleSection":["G\u00fcndem"],"inLanguage":"tr","potentialAction":[{"@type":"CommentAction","name":"Comment","target":["https:\/\/memurunsesi.net\/index.php\/2025\/10\/20\/adilcevaz-semalarinda-yamac-parasutu-heyecani\/#respond"]}]},{"@type":"WebPage","@id":"https:\/\/memurunsesi.net\/index.php\/2025\/10\/20\/adilcevaz-semalarinda-yamac-parasutu-heyecani\/","url":"https:\/\/memurunsesi.net\/index.php\/2025\/10\/20\/adilcevaz-semalarinda-yamac-parasutu-heyecani\/","name":"Adilcevaz semalar\u0131nda yama\u00e7 para\u015f\u00fct\u00fc heyecan\u0131 - Memurun Sesi","isPartOf":{"@id":"https:\/\/memurunsesi.net\/#website"},"primaryImageOfPage":{"@id":"https:\/\/memurunsesi.net\/index.php\/2025\/10\/20\/adilcevaz-semalarinda-yamac-parasutu-heyecani\/#primaryimage"},"image":{"@id":"https:\/\/memurunsesi.net\/index.php\/2025\/10\/20\/adilcevaz-semalarinda-yamac-parasutu-heyecani\/#primaryimage"},"thumbnailUrl":"https:\/\/memurunsesi.net\/wp-content\/uploads\/2025\/10\/AW562172_01.jpg","datePublished":"2025-10-20T06:17:16+00:00","breadcrumb":{"@id":"https:\/\/memurunsesi.net\/index.php\/2025\/10\/20\/adilcevaz-semalarinda-yamac-parasutu-heyecani\/#breadcrumb"},"inLanguage":"tr","potentialAction":[{"@type":"ReadAction","target":["https:\/\/memurunsesi.net\/index.php\/2025\/10\/20\/adilcevaz-semalarinda-yamac-parasutu-heyecani\/"]}]},{"@type":"ImageObject","inLanguage":"tr","@id":"https:\/\/memurunsesi.net\/index.php\/2025\/10\/20\/adilcevaz-semalarinda-yamac-parasutu-heyecani\/#primaryimage","url":"https:\/\/memurunsesi.net\/wp-content\/uploads\/2025\/10\/AW562172_01.jpg","contentUrl":"https:\/\/memurunsesi.net\/wp-content\/uploads\/2025\/10\/AW562172_01.jpg","width":848,"height":480,"caption":"B\u0130TL\u0130S'\u0130N AD\u0130LCEVAZ \u0130L\u00c7ES\u0130NDE YAMA\u00c7 PARA\u015e\u00dcT\u00dc E\u011e\u0130TMEN\u0130 MEHMET SADIK G\u00dcLER TARAFINDAN YAPILAN U\u00c7U\u015e G\u00d6RSEL \u015e\u00d6LEN OLU\u015eTURULDU. (ORHAN EMEN\/B\u0130TL\u0130S-\u0130HA) Bitlis'in Adilcevaz il\u00e7esinde yama\u00e7 para\u015f\u00fct\u00fc e\u011fitmeni Mehmet Sad\u0131k G\u00fcler taraf\u0131ndan yap\u0131lan u\u00e7u\u015f g\u00f6rsel \u015f\u00f6len olu\u015fturuldu."},{"@type":"BreadcrumbList","@id":"https:\/\/memurunsesi.net\/index.php\/2025\/10\/20\/adilcevaz-semalarinda-yamac-parasutu-heyecani\/#breadcrumb","itemListElement":[{"@type":"ListItem","position":1,"name":"Anasayfa","item":"https:\/\/memurunsesi.net\/"},{"@type":"ListItem","position":2,"name":"Adilcevaz semalar\u0131nda yama\u00e7 para\u015f\u00fct\u00fc heyecan\u0131"}]},{"@type":"WebSite","@id":"https:\/\/memurunsesi.net\/#website","url":"https:\/\/memurunsesi.net\/","name":"Memurun Sesi","description":"G\u00fcncel ve Do\u011fru Haber","publisher":{"@id":"https:\/\/memurunsesi.net\/#organization"},"potentialAction":[{"@type":"SearchAction","target":{"@type":"EntryPoint","urlTemplate":"https:\/\/memurunsesi.net\/?s={search_term_string}"},"query-input":{"@type":"PropertyValueSpecification","valueRequired":true,"valueName":"search_term_string"}}],"inLanguage":"tr"},{"@type":"Organization","@id":"https:\/\/memurunsesi.net\/#organization","name":"Memurun Sesi","url":"https:\/\/memurunsesi.net\/","logo":{"@type":"ImageObject","inLanguage":"tr","@id":"https:\/\/memurunsesi.net\/#\/schema\/logo\/image\/","url":"https:\/\/memurunsesi.net\/wp-content\/uploads\/2025\/11\/cropped-MEMURUN-SESI.png","contentUrl":"https:\/\/memurunsesi.net\/wp-content\/uploads\/2025\/11\/cropped-MEMURUN-SESI.png","width":238,"height":57,"caption":"Memurun Sesi"},"image":{"@id":"https:\/\/memurunsesi.net\/#\/schema\/logo\/image\/"},"sameAs":["https:\/\/www.facebook.com\/unipersen\/?locale=tr_TR","https:\/\/x.com\/unipersen"]},{"@type":"Person","@id":"https:\/\/memurunsesi.net\/#\/schema\/person\/f21c2d73b89f6ee1d80b0a1803e38587","name":"Memurun Sesi Haber Merkezi","image":{"@type":"ImageObject","inLanguage":"tr","@id":"https:\/\/secure.gravatar.com\/avatar\/6cf0505f452ee753f485014986fab09a434671d2b919ee76fc541025c5876a70?s=96&d=mm&r=g","url":"https:\/\/secure.gravatar.com\/avatar\/6cf0505f452ee753f485014986fab09a434671d2b919ee76fc541025c5876a70?s=96&d=mm&r=g","contentUrl":"https:\/\/secure.gravatar.com\/avatar\/6cf0505f452ee753f485014986fab09a434671d2b919ee76fc541025c5876a70?s=96&d=mm&r=g","caption":"Memurun Sesi Haber Merkezi"},"sameAs":["https:\/\/memurunsesi.net"],"url":"https:\/\/memurunsesi.net\/index.php\/author\/uniper\/"}]}},"_links":{"self":[{"href":"https:\/\/memurunsesi.net\/index.php\/wp-json\/wp\/v2\/posts\/13124","targetHints":{"allow":["GET"]}}],"collection":[{"href":"https:\/\/memurunsesi.net\/index.php\/wp-json\/wp\/v2\/posts"}],"about":[{"href":"https:\/\/memurunsesi.net\/index.php\/wp-json\/wp\/v2\/types\/post"}],"author":[{"embeddable":true,"href":"https:\/\/memurunsesi.net\/index.php\/wp-json\/wp\/v2\/users\/1"}],"replies":[{"embeddable":true,"href":"https:\/\/memurunsesi.net\/index.php\/wp-json\/wp\/v2\/comments?post=13124"}],"version-history":[{"count":1,"href":"https:\/\/memurunsesi.net\/index.php\/wp-json\/wp\/v2\/posts\/13124\/revisions"}],"predecessor-version":[{"id":13126,"href":"https:\/\/memurunsesi.net\/index.php\/wp-json\/wp\/v2\/posts\/13124\/revisions\/13126"}],"wp:featuredmedia":[{"embeddable":true,"href":"https:\/\/memurunsesi.net\/index.php\/wp-json\/wp\/v2\/media\/13125"}],"wp:attachment":[{"href":"https:\/\/memurunsesi.net\/index.php\/wp-json\/wp\/v2\/media?parent=13124"}],"wp:term":[{"taxonomy":"category","embeddable":true,"href":"https:\/\/memurunsesi.net\/index.php\/wp-json\/wp\/v2\/categories?post=13124"},{"taxonomy":"post_tag","embeddable":true,"href":"https:\/\/memurunsesi.net\/index.php\/wp-json\/wp\/v2\/tags?post=13124"}],"curies":[{"name":"wp","href":"https:\/\/api.w.org\/{rel}","templated":true}]}}