{"id":13268,"date":"2025-10-24T09:55:07","date_gmt":"2025-10-24T06:55:07","guid":{"rendered":"https:\/\/memurunsesi.net\/?p=13268"},"modified":"2025-10-24T09:55:07","modified_gmt":"2025-10-24T06:55:07","slug":"iddianameye-gore-ceyhan-belediye-baskani-kadir-aydar-300-bin-dolar-rusvet-aldi-ailesinin-otel-parasini-bile-odetti","status":"publish","type":"post","link":"https:\/\/memurunsesi.net\/index.php\/2025\/10\/24\/iddianameye-gore-ceyhan-belediye-baskani-kadir-aydar-300-bin-dolar-rusvet-aldi-ailesinin-otel-parasini-bile-odetti\/","title":{"rendered":"\u0130ddianameye g\u00f6re Ceyhan Belediye Ba\u015fkan\u0131 Kadir Aydar 300 bin dolar r\u00fc\u015fvet ald\u0131, ailesinin otel paras\u0131n\u0131 bile \u00f6detti"},"content":{"rendered":"<p>  Tutukland\u0131ktan sonra g\u00f6revden uzakla\u015ft\u0131r\u0131lan Adana&#8217;n\u0131n Ceyhan Belediye Ba\u015fkan\u0131 Kadir Aydar&#8217;la ilgili haz\u0131rlanan iddianamede Aziz \u0130hsan Akta\u015f&#8217;tan Ankara&#8217;da 300 bin dolar r\u00fc\u015fvet ald\u0131\u011f\u0131, t\u00fcm ailesinin otel masraflar\u0131n\u0131 da yine ona \u00f6detti\u011fi \u00f6ne s\u00fcr\u00fcld\u00fc.<br \/>\n  \u0130stanbul Cumhuriyet Ba\u015fsavc\u0131l\u0131\u011f\u0131 taraf\u0131ndan y\u00fcr\u00fct\u00fclen ve kamuoyunda &#8220;Aziz \u0130hsan Akta\u015f Su\u00e7 \u00d6rg\u00fct\u00fc&#8221; olarak bilinen soru\u015fturma kapsam\u0131nda 40&#8217;\u0131 tutuklu olmak \u00fczere toplam 200 \u015f\u00fcpheli hakk\u0131nda 20 Ekim 2025 tarihinde iddianame d\u00fczenlendi. \u0130ddianamede g\u00f6revden uzakla\u015ft\u0131r\u0131lan Ceyhan Belediye Ba\u015fkan\u0131 Aydar&#8217;a y\u00f6nelik olarak r\u00fc\u015fvet su\u00e7lar\u0131ndan 12 y\u0131la kadar hapis cezas\u0131 talep edildi.<br \/>\n  Su\u00e7 \u00f6rg\u00fct\u00fc lideri Aziz \u0130hsan Akta\u015f&#8217;\u0131n etkin pi\u015fmanl\u0131k kapsam\u0131nda 11 May\u0131s 2025 tarihinde Kadir Aydar hakk\u0131nda verdi\u011fi ifadede, &#8220;\u00d6nceki ba\u015fkan H\u00fclya d\u00f6neminde belediye Barka ile \u00e7al\u0131\u015f\u0131yordu. Sonraki d\u00f6nemde Kadir Aydar belediye ba\u015fkan\u0131 oldu. Kadir Aydar 21-22.07.2024 tarihinde \u0130stanbul&#8217;a geldi Le Meridien Otel&#8217;de konaklad\u0131. Babas\u0131 Mustafa Aydar ise 25-26.07.2024 tarihinde \u0130stanbul&#8217;a geldi. Le Meridien Otel&#8217;e yerle\u015ftirdik. 26.07.2024 g\u00fcn\u00fc Ko\u015fuyolu&#8217;nda bulunan \u015firket merkezine geldi. Akrabalar\u0131m\u0131n \u00f6nceki d\u00f6neme ait alacaklar\u0131n\u0131n \u00f6demesi i\u00e7in Yumurtal\u0131k&#8217;ta aile \u015firketleri \u00d6zta\u015f M\u00fct. Ta\u015f. Ltd. \u015eti ad\u0131na kay\u0131tl\u0131 2 dairenin 20 milyon TL&#8217;ye al\u0131nmas\u0131n\u0131 istedi. 09.08.2024 tarihinde iki dairenin tapusu ipotekli olarak ye\u011fenim U\u011fur Akta\u015f&#8217;a devredildi. 14.08.2024 tarihinde dairelerin birine rayi\u00e7 bedel 2 milyon lira olmak \u00fczere toplamda 4 milyon lira \u00f6dendi. 06.11.2024 tarihinde bankadan \u00e7ekilen 300 bin dolar\u0131 Ankara&#8217;da Kadir Aydar&#8217;a bizzat kendim teslim ettim. Kadir Aydar ile ortak HTS kay\u0131tlar\u0131ma bak\u0131ld\u0131\u011f\u0131nda nerede teslim etti\u011fim g\u00f6r\u00fclecektir. 16.10.2024 tarihinde Mustafa Aydar&#8217;\u0131n ye\u011feni Zafer Yaman ile Hakan Toprak olarak hat\u0131rlad\u0131\u011f\u0131m isimli ki\u015filer \u0130stanbul&#8217;a geldi. 17.10.2024 tarihinde Zafer Yaman&#8217;a Elif LPG&#8217;nin merkezi Ko\u015fuyolu&#8217;nda 6 milyon TL teslim edildi. Bu ki\u015filerin Conrad Otel&#8217;de 16-17.10.2024 konaklad\u0131klar\u0131n\u0131 hat\u0131rl\u0131yorum. Ba\u015fka otelde de konaklatm\u0131\u015f olabilirim. Otele kay\u0131tlar\u0131 temin edilebilir. Otel masraflar\u0131 da bizler taraf\u0131ndan kar\u015f\u0131land\u0131. Tapular \u00fczerinde halen ipotek vard\u0131r&#8221; dedi. <\/p>\n<p>  &#8220;\u0130fadeler, HTS ve baz kay\u0131tlar\u0131 su\u00e7 i\u015flediklerini g\u00f6steriyor&#8221;<br \/>\n  Savc\u0131l\u0131k; al\u0131nan ifadeler, HTS ve baz kay\u0131tlar\u0131, banka dekontlar\u0131 \u00fczerinden yapt\u0131\u011f\u0131 de\u011ferlendirmede \u015funlara yer verdi:<br \/>\n  &#8220;\u015e\u00fcpheli Mustafa Aydar ve Can Zafer Yaman sat\u0131lan ara\u00e7 bedeli olarak 6 milyon ald\u0131klar\u0131n\u0131 belirtmi\u015fseler de arac\u0131n sat\u0131ld\u0131\u011f\u0131 tarih 02.01.2025 olmas\u0131na ra\u011fmen Can Zafer Yaman&#8217;\u0131n \u0130stanbul&#8217;a gelip, paray\u0131 ald\u0131\u011f\u0131 tarih 17.10.2024 olmas\u0131, bir ilan sitesinde, bahsedilen dairelerin bulundu\u011fu Alara My World isimli sitede bulunan dairelerin fiyatlar\u0131n\u0131n 13.10.2025 tarihi itibar\u0131yla 3 milyon &#8211; 7 milyon 500 bin lira aras\u0131nda oldu\u011fu, \u015f\u00fcpheli Kadir&#8217;in, ba\u015fkan\u0131 oldu\u011fu belediyeden alacakl\u0131 olan ve kendi d\u00f6neminde belediyeden ald\u0131\u011f\u0131 ihale olmayan Aziz \u0130hsan Akta\u015f&#8217;la Ankara ve \u0130stanbul&#8217;da g\u00f6r\u00fc\u015fmesi, kendisinin, babas\u0131n\u0131n ve kuzeninin konaklama \u00fccretlerini Aziz \u0130hsan Akta\u015f taraf\u0131ndan \u00f6denmesi dikkate al\u0131nd\u0131\u011f\u0131nda \u015f\u00fcpheliler Mustafa Aydar ve Kadir Aydar&#8217;\u0131n beyanlar\u0131na itibar edilmemi\u015f, \u015f\u00fcpheli Aziz \u0130hsan Akta\u015f&#8217;\u0131n belediyedeki alacaklar\u0131na kar\u015f\u0131l\u0131k, r\u00fc\u015fvet olarak \u015f\u00fcpheli Kadir Aydar&#8217;\u0131n aile \u015firketine ait iki ta\u015f\u0131nmaza de\u011ferinin \u00e7ok \u00fczerinde 20 milyon liraya sat\u0131n ald\u0131\u011f\u0131, 4 milyon liray\u0131 14.08.2024 tarihinde verdi\u011fi, paran\u0131n tamam\u0131n\u0131 vermedi\u011fi i\u00e7in \u015f\u00fcphelilerin ta\u015f\u0131nmazlara ipotek koydu\u011fu, 6.000.000 liray\u0131 16-17.10.2024 tarihinde \u015f\u00fcpheli Can Zafer Yaman&#8217;a \u0130stanbul&#8217;da elden teslim etti\u011fi, kalan\u0131 ise 06. 11.2024 tarihinde 300.000 dolar olarak \u015f\u00fcpheli Kadir Aydar&#8217;a Ankara&#8217;da elden teslim etti\u011fi, \u015f\u00fcpheliler Kadir Aydar, Mustafa Aydar ve Can Zafer Yaman&#8217;\u0131n i\u015ftirak halinde r\u00fc\u015fvet almak su\u00e7unu i\u015fledikleri anla\u015f\u0131lm\u0131\u015ft\u0131r.&#8221; <\/p>\n<p>24.10.2025                              <\/p>\n","protected":false},"excerpt":{"rendered":"<p>Tutukland\u0131ktan sonra g\u00f6revden uzakla\u015ft\u0131r\u0131lan Adana&#8217;n\u0131n Ceyhan Belediye Ba\u015fkan\u0131 Kadir Aydar&#8217;la ilgili haz\u0131rlanan iddianamede Aziz \u0130hsan Akta\u015f&#8217;tan Ankara&#8217;da 300 bin dolar r\u00fc\u015fvet ald\u0131\u011f\u0131, t\u00fcm ailesinin otel masraflar\u0131n\u0131 da yine ona \u00f6detti\u011fi \u00f6ne s\u00fcr\u00fcld\u00fc. \u0130stanbul Cumhuriyet Ba\u015fsavc\u0131l\u0131\u011f\u0131 taraf\u0131ndan y\u00fcr\u00fct\u00fclen ve kamuoyunda &#8220;Aziz \u0130hsan Akta\u015f Su\u00e7 \u00d6rg\u00fct\u00fc&#8221; olarak bilinen soru\u015fturma kapsam\u0131nda 40&#8217;\u0131 tutuklu olmak \u00fczere toplam 200 \u015f\u00fcpheli [&hellip;]<\/p>\n","protected":false},"author":1,"featured_media":13269,"comment_status":"open","ping_status":"open","sticky":false,"template":"","format":"standard","meta":{"footnotes":""},"categories":[50],"tags":[],"class_list":["post-13268","post","type-post","status-publish","format-standard","has-post-thumbnail","hentry","category-tum-haberler"],"yoast_head":"<!-- This site is optimized with the Yoast SEO plugin v27.4 - https:\/\/yoast.com\/product\/yoast-seo-wordpress\/ -->\n<title>\u0130ddianameye g\u00f6re Ceyhan Belediye Ba\u015fkan\u0131 Kadir Aydar 300 bin dolar r\u00fc\u015fvet ald\u0131, ailesinin otel paras\u0131n\u0131 bile \u00f6detti - Memurun Sesi<\/title>\n<meta name=\"robots\" content=\"index, follow, max-snippet:-1, max-image-preview:large, max-video-preview:-1\" \/>\n<link rel=\"canonical\" href=\"https:\/\/memurunsesi.net\/index.php\/2025\/10\/24\/iddianameye-gore-ceyhan-belediye-baskani-kadir-aydar-300-bin-dolar-rusvet-aldi-ailesinin-otel-parasini-bile-odetti\/\" \/>\n<meta property=\"og:locale\" content=\"tr_TR\" \/>\n<meta property=\"og:type\" content=\"article\" \/>\n<meta property=\"og:title\" content=\"\u0130ddianameye g\u00f6re Ceyhan Belediye Ba\u015fkan\u0131 Kadir Aydar 300 bin dolar r\u00fc\u015fvet ald\u0131, ailesinin otel paras\u0131n\u0131 bile \u00f6detti - Memurun Sesi\" \/>\n<meta property=\"og:description\" content=\"Tutukland\u0131ktan sonra g\u00f6revden uzakla\u015ft\u0131r\u0131lan Adana&#8217;n\u0131n Ceyhan Belediye Ba\u015fkan\u0131 Kadir Aydar&#8217;la ilgili haz\u0131rlanan iddianamede Aziz \u0130hsan Akta\u015f&#8217;tan Ankara&#8217;da 300 bin dolar r\u00fc\u015fvet ald\u0131\u011f\u0131, t\u00fcm ailesinin otel masraflar\u0131n\u0131 da yine ona \u00f6detti\u011fi \u00f6ne s\u00fcr\u00fcld\u00fc. \u0130stanbul Cumhuriyet Ba\u015fsavc\u0131l\u0131\u011f\u0131 taraf\u0131ndan y\u00fcr\u00fct\u00fclen ve kamuoyunda &#8220;Aziz \u0130hsan Akta\u015f Su\u00e7 \u00d6rg\u00fct\u00fc&#8221; olarak bilinen soru\u015fturma kapsam\u0131nda 40&#8217;\u0131 tutuklu olmak \u00fczere toplam 200 \u015f\u00fcpheli [&hellip;]\" \/>\n<meta property=\"og:url\" content=\"https:\/\/memurunsesi.net\/index.php\/2025\/10\/24\/iddianameye-gore-ceyhan-belediye-baskani-kadir-aydar-300-bin-dolar-rusvet-aldi-ailesinin-otel-parasini-bile-odetti\/\" \/>\n<meta property=\"og:site_name\" content=\"Memurun Sesi\" \/>\n<meta property=\"article:publisher\" content=\"https:\/\/www.facebook.com\/unipersen\/?locale=tr_TR\" \/>\n<meta property=\"article:published_time\" content=\"2025-10-24T06:55:07+00:00\" \/>\n<meta property=\"og:image\" content=\"https:\/\/memurunsesi.net\/wp-content\/uploads\/2025\/10\/AW565299_01-scaled.jpg\" \/>\n\t<meta property=\"og:image:width\" content=\"2560\" \/>\n\t<meta property=\"og:image:height\" content=\"2256\" \/>\n\t<meta property=\"og:image:type\" content=\"image\/jpeg\" \/>\n<meta name=\"author\" content=\"Memurun Sesi Haber Merkezi\" \/>\n<meta name=\"twitter:card\" content=\"summary_large_image\" \/>\n<meta name=\"twitter:creator\" content=\"@unipersen\" \/>\n<meta name=\"twitter:site\" content=\"@unipersen\" \/>\n<meta name=\"twitter:label1\" content=\"Yazan:\" \/>\n\t<meta name=\"twitter:data1\" content=\"Memurun Sesi Haber Merkezi\" \/>\n\t<meta name=\"twitter:label2\" content=\"Tahmini okuma s\u00fcresi\" \/>\n\t<meta name=\"twitter:data2\" content=\"1 dakika\" \/>\n<script type=\"application\/ld+json\" class=\"yoast-schema-graph\">{\"@context\":\"https:\\\/\\\/schema.org\",\"@graph\":[{\"@type\":\"Article\",\"@id\":\"https:\\\/\\\/memurunsesi.net\\\/index.php\\\/2025\\\/10\\\/24\\\/iddianameye-gore-ceyhan-belediye-baskani-kadir-aydar-300-bin-dolar-rusvet-aldi-ailesinin-otel-parasini-bile-odetti\\\/#article\",\"isPartOf\":{\"@id\":\"https:\\\/\\\/memurunsesi.net\\\/index.php\\\/2025\\\/10\\\/24\\\/iddianameye-gore-ceyhan-belediye-baskani-kadir-aydar-300-bin-dolar-rusvet-aldi-ailesinin-otel-parasini-bile-odetti\\\/\"},\"author\":{\"name\":\"Memurun Sesi Haber Merkezi\",\"@id\":\"https:\\\/\\\/memurunsesi.net\\\/#\\\/schema\\\/person\\\/f21c2d73b89f6ee1d80b0a1803e38587\"},\"headline\":\"\u0130ddianameye g\u00f6re Ceyhan Belediye Ba\u015fkan\u0131 Kadir Aydar 300 bin dolar r\u00fc\u015fvet ald\u0131, ailesinin otel paras\u0131n\u0131 bile \u00f6detti\",\"datePublished\":\"2025-10-24T06:55:07+00:00\",\"mainEntityOfPage\":{\"@id\":\"https:\\\/\\\/memurunsesi.net\\\/index.php\\\/2025\\\/10\\\/24\\\/iddianameye-gore-ceyhan-belediye-baskani-kadir-aydar-300-bin-dolar-rusvet-aldi-ailesinin-otel-parasini-bile-odetti\\\/\"},\"wordCount\":646,\"commentCount\":0,\"publisher\":{\"@id\":\"https:\\\/\\\/memurunsesi.net\\\/#organization\"},\"image\":{\"@id\":\"https:\\\/\\\/memurunsesi.net\\\/index.php\\\/2025\\\/10\\\/24\\\/iddianameye-gore-ceyhan-belediye-baskani-kadir-aydar-300-bin-dolar-rusvet-aldi-ailesinin-otel-parasini-bile-odetti\\\/#primaryimage\"},\"thumbnailUrl\":\"https:\\\/\\\/memurunsesi.net\\\/wp-content\\\/uploads\\\/2025\\\/10\\\/AW565299_01-scaled.jpg\",\"articleSection\":[\"T\u00fcm Haberler\"],\"inLanguage\":\"tr\",\"potentialAction\":[{\"@type\":\"CommentAction\",\"name\":\"Comment\",\"target\":[\"https:\\\/\\\/memurunsesi.net\\\/index.php\\\/2025\\\/10\\\/24\\\/iddianameye-gore-ceyhan-belediye-baskani-kadir-aydar-300-bin-dolar-rusvet-aldi-ailesinin-otel-parasini-bile-odetti\\\/#respond\"]}]},{\"@type\":\"WebPage\",\"@id\":\"https:\\\/\\\/memurunsesi.net\\\/index.php\\\/2025\\\/10\\\/24\\\/iddianameye-gore-ceyhan-belediye-baskani-kadir-aydar-300-bin-dolar-rusvet-aldi-ailesinin-otel-parasini-bile-odetti\\\/\",\"url\":\"https:\\\/\\\/memurunsesi.net\\\/index.php\\\/2025\\\/10\\\/24\\\/iddianameye-gore-ceyhan-belediye-baskani-kadir-aydar-300-bin-dolar-rusvet-aldi-ailesinin-otel-parasini-bile-odetti\\\/\",\"name\":\"\u0130ddianameye g\u00f6re Ceyhan Belediye Ba\u015fkan\u0131 Kadir Aydar 300 bin dolar r\u00fc\u015fvet ald\u0131, ailesinin otel paras\u0131n\u0131 bile \u00f6detti - Memurun Sesi\",\"isPartOf\":{\"@id\":\"https:\\\/\\\/memurunsesi.net\\\/#website\"},\"primaryImageOfPage\":{\"@id\":\"https:\\\/\\\/memurunsesi.net\\\/index.php\\\/2025\\\/10\\\/24\\\/iddianameye-gore-ceyhan-belediye-baskani-kadir-aydar-300-bin-dolar-rusvet-aldi-ailesinin-otel-parasini-bile-odetti\\\/#primaryimage\"},\"image\":{\"@id\":\"https:\\\/\\\/memurunsesi.net\\\/index.php\\\/2025\\\/10\\\/24\\\/iddianameye-gore-ceyhan-belediye-baskani-kadir-aydar-300-bin-dolar-rusvet-aldi-ailesinin-otel-parasini-bile-odetti\\\/#primaryimage\"},\"thumbnailUrl\":\"https:\\\/\\\/memurunsesi.net\\\/wp-content\\\/uploads\\\/2025\\\/10\\\/AW565299_01-scaled.jpg\",\"datePublished\":\"2025-10-24T06:55:07+00:00\",\"breadcrumb\":{\"@id\":\"https:\\\/\\\/memurunsesi.net\\\/index.php\\\/2025\\\/10\\\/24\\\/iddianameye-gore-ceyhan-belediye-baskani-kadir-aydar-300-bin-dolar-rusvet-aldi-ailesinin-otel-parasini-bile-odetti\\\/#breadcrumb\"},\"inLanguage\":\"tr\",\"potentialAction\":[{\"@type\":\"ReadAction\",\"target\":[\"https:\\\/\\\/memurunsesi.net\\\/index.php\\\/2025\\\/10\\\/24\\\/iddianameye-gore-ceyhan-belediye-baskani-kadir-aydar-300-bin-dolar-rusvet-aldi-ailesinin-otel-parasini-bile-odetti\\\/\"]}]},{\"@type\":\"ImageObject\",\"inLanguage\":\"tr\",\"@id\":\"https:\\\/\\\/memurunsesi.net\\\/index.php\\\/2025\\\/10\\\/24\\\/iddianameye-gore-ceyhan-belediye-baskani-kadir-aydar-300-bin-dolar-rusvet-aldi-ailesinin-otel-parasini-bile-odetti\\\/#primaryimage\",\"url\":\"https:\\\/\\\/memurunsesi.net\\\/wp-content\\\/uploads\\\/2025\\\/10\\\/AW565299_01-scaled.jpg\",\"contentUrl\":\"https:\\\/\\\/memurunsesi.net\\\/wp-content\\\/uploads\\\/2025\\\/10\\\/AW565299_01-scaled.jpg\",\"width\":1920,\"height\":1692,\"caption\":\"KAMUOYUNDA \\\"AZ\u0130Z \u0130HSAN AKTA\u015e SU\u00c7 \u00d6RG\u00dcT\u00dc\\\" OLARAK B\u0130L\u0130NEN SORU\u015eTURMADA HAZIRLANAN \u0130DD\u0130ANAMEDE G\u00d6REVDEN UZAKLA\u015eTIRILAN CEYHAN BELED\u0130YE BA\u015eKANI KAD\u0130R AYDAR'IN AZ\u0130Z \u0130HSAN AKTA\u015e'TAN ANKARA'DA 300 B\u0130N DOLAR R\u00dc\u015eVET ALDI\u011eI T\u00dcM A\u0130LES\u0130N\u0130N OTEL MASRAFLARINI DA AKTA\u015e'A \u00d6DETT\u0130\u011e\u0130 \u00d6NE S\u00dcR\u00dcLD\u00dc (\u0130HA\\\/ADANA-\u0130HA) Tutukland\u0131ktan sonra g\u00f6revden uzakla\u015ft\u0131r\u0131lan Adana'n\u0131n Ceyhan Belediye Ba\u015fkan\u0131 Kadir Aydar'la ilgili haz\u0131rlanan iddianamede Aziz \u0130hsan Akta\u015f'tan Ankara'da 300 bin dolar r\u00fc\u015fvet ald\u0131\u011f\u0131, t\u00fcm ailesinin otel masraflar\u0131n\u0131 da yine ona \u00f6detti\u011fi \u00f6ne s\u00fcr\u00fcld\u00fc.\"},{\"@type\":\"BreadcrumbList\",\"@id\":\"https:\\\/\\\/memurunsesi.net\\\/index.php\\\/2025\\\/10\\\/24\\\/iddianameye-gore-ceyhan-belediye-baskani-kadir-aydar-300-bin-dolar-rusvet-aldi-ailesinin-otel-parasini-bile-odetti\\\/#breadcrumb\",\"itemListElement\":[{\"@type\":\"ListItem\",\"position\":1,\"name\":\"Anasayfa\",\"item\":\"https:\\\/\\\/memurunsesi.net\\\/\"},{\"@type\":\"ListItem\",\"position\":2,\"name\":\"\u0130ddianameye g\u00f6re Ceyhan Belediye Ba\u015fkan\u0131 Kadir Aydar 300 bin dolar r\u00fc\u015fvet ald\u0131, ailesinin otel paras\u0131n\u0131 bile \u00f6detti\"}]},{\"@type\":\"WebSite\",\"@id\":\"https:\\\/\\\/memurunsesi.net\\\/#website\",\"url\":\"https:\\\/\\\/memurunsesi.net\\\/\",\"name\":\"Memurun Sesi\",\"description\":\"G\u00fcncel ve Do\u011fru Haber\",\"publisher\":{\"@id\":\"https:\\\/\\\/memurunsesi.net\\\/#organization\"},\"potentialAction\":[{\"@type\":\"SearchAction\",\"target\":{\"@type\":\"EntryPoint\",\"urlTemplate\":\"https:\\\/\\\/memurunsesi.net\\\/?s={search_term_string}\"},\"query-input\":{\"@type\":\"PropertyValueSpecification\",\"valueRequired\":true,\"valueName\":\"search_term_string\"}}],\"inLanguage\":\"tr\"},{\"@type\":\"Organization\",\"@id\":\"https:\\\/\\\/memurunsesi.net\\\/#organization\",\"name\":\"Memurun Sesi\",\"url\":\"https:\\\/\\\/memurunsesi.net\\\/\",\"logo\":{\"@type\":\"ImageObject\",\"inLanguage\":\"tr\",\"@id\":\"https:\\\/\\\/memurunsesi.net\\\/#\\\/schema\\\/logo\\\/image\\\/\",\"url\":\"https:\\\/\\\/memurunsesi.net\\\/wp-content\\\/uploads\\\/2025\\\/11\\\/cropped-MEMURUN-SESI.png\",\"contentUrl\":\"https:\\\/\\\/memurunsesi.net\\\/wp-content\\\/uploads\\\/2025\\\/11\\\/cropped-MEMURUN-SESI.png\",\"width\":238,\"height\":57,\"caption\":\"Memurun Sesi\"},\"image\":{\"@id\":\"https:\\\/\\\/memurunsesi.net\\\/#\\\/schema\\\/logo\\\/image\\\/\"},\"sameAs\":[\"https:\\\/\\\/www.facebook.com\\\/unipersen\\\/?locale=tr_TR\",\"https:\\\/\\\/x.com\\\/unipersen\"]},{\"@type\":\"Person\",\"@id\":\"https:\\\/\\\/memurunsesi.net\\\/#\\\/schema\\\/person\\\/f21c2d73b89f6ee1d80b0a1803e38587\",\"name\":\"Memurun Sesi Haber Merkezi\",\"image\":{\"@type\":\"ImageObject\",\"inLanguage\":\"tr\",\"@id\":\"https:\\\/\\\/secure.gravatar.com\\\/avatar\\\/6cf0505f452ee753f485014986fab09a434671d2b919ee76fc541025c5876a70?s=96&d=mm&r=g\",\"url\":\"https:\\\/\\\/secure.gravatar.com\\\/avatar\\\/6cf0505f452ee753f485014986fab09a434671d2b919ee76fc541025c5876a70?s=96&d=mm&r=g\",\"contentUrl\":\"https:\\\/\\\/secure.gravatar.com\\\/avatar\\\/6cf0505f452ee753f485014986fab09a434671d2b919ee76fc541025c5876a70?s=96&d=mm&r=g\",\"caption\":\"Memurun Sesi Haber Merkezi\"},\"sameAs\":[\"https:\\\/\\\/memurunsesi.net\"],\"url\":\"https:\\\/\\\/memurunsesi.net\\\/index.php\\\/author\\\/uniper\\\/\"}]}<\/script>\n<!-- \/ Yoast SEO plugin. -->","yoast_head_json":{"title":"\u0130ddianameye g\u00f6re Ceyhan Belediye Ba\u015fkan\u0131 Kadir Aydar 300 bin dolar r\u00fc\u015fvet ald\u0131, ailesinin otel paras\u0131n\u0131 bile \u00f6detti - Memurun Sesi","robots":{"index":"index","follow":"follow","max-snippet":"max-snippet:-1","max-image-preview":"max-image-preview:large","max-video-preview":"max-video-preview:-1"},"canonical":"https:\/\/memurunsesi.net\/index.php\/2025\/10\/24\/iddianameye-gore-ceyhan-belediye-baskani-kadir-aydar-300-bin-dolar-rusvet-aldi-ailesinin-otel-parasini-bile-odetti\/","og_locale":"tr_TR","og_type":"article","og_title":"\u0130ddianameye g\u00f6re Ceyhan Belediye Ba\u015fkan\u0131 Kadir Aydar 300 bin dolar r\u00fc\u015fvet ald\u0131, ailesinin otel paras\u0131n\u0131 bile \u00f6detti - Memurun Sesi","og_description":"Tutukland\u0131ktan sonra g\u00f6revden uzakla\u015ft\u0131r\u0131lan Adana&#8217;n\u0131n Ceyhan Belediye Ba\u015fkan\u0131 Kadir Aydar&#8217;la ilgili haz\u0131rlanan iddianamede Aziz \u0130hsan Akta\u015f&#8217;tan Ankara&#8217;da 300 bin dolar r\u00fc\u015fvet ald\u0131\u011f\u0131, t\u00fcm ailesinin otel masraflar\u0131n\u0131 da yine ona \u00f6detti\u011fi \u00f6ne s\u00fcr\u00fcld\u00fc. \u0130stanbul Cumhuriyet Ba\u015fsavc\u0131l\u0131\u011f\u0131 taraf\u0131ndan y\u00fcr\u00fct\u00fclen ve kamuoyunda &#8220;Aziz \u0130hsan Akta\u015f Su\u00e7 \u00d6rg\u00fct\u00fc&#8221; olarak bilinen soru\u015fturma kapsam\u0131nda 40&#8217;\u0131 tutuklu olmak \u00fczere toplam 200 \u015f\u00fcpheli [&hellip;]","og_url":"https:\/\/memurunsesi.net\/index.php\/2025\/10\/24\/iddianameye-gore-ceyhan-belediye-baskani-kadir-aydar-300-bin-dolar-rusvet-aldi-ailesinin-otel-parasini-bile-odetti\/","og_site_name":"Memurun Sesi","article_publisher":"https:\/\/www.facebook.com\/unipersen\/?locale=tr_TR","article_published_time":"2025-10-24T06:55:07+00:00","og_image":[{"width":2560,"height":2256,"url":"https:\/\/memurunsesi.net\/wp-content\/uploads\/2025\/10\/AW565299_01-scaled.jpg","type":"image\/jpeg"}],"author":"Memurun Sesi Haber Merkezi","twitter_card":"summary_large_image","twitter_creator":"@unipersen","twitter_site":"@unipersen","twitter_misc":{"Yazan:":"Memurun Sesi Haber Merkezi","Tahmini okuma s\u00fcresi":"1 dakika"},"schema":{"@context":"https:\/\/schema.org","@graph":[{"@type":"Article","@id":"https:\/\/memurunsesi.net\/index.php\/2025\/10\/24\/iddianameye-gore-ceyhan-belediye-baskani-kadir-aydar-300-bin-dolar-rusvet-aldi-ailesinin-otel-parasini-bile-odetti\/#article","isPartOf":{"@id":"https:\/\/memurunsesi.net\/index.php\/2025\/10\/24\/iddianameye-gore-ceyhan-belediye-baskani-kadir-aydar-300-bin-dolar-rusvet-aldi-ailesinin-otel-parasini-bile-odetti\/"},"author":{"name":"Memurun Sesi Haber Merkezi","@id":"https:\/\/memurunsesi.net\/#\/schema\/person\/f21c2d73b89f6ee1d80b0a1803e38587"},"headline":"\u0130ddianameye g\u00f6re Ceyhan Belediye Ba\u015fkan\u0131 Kadir Aydar 300 bin dolar r\u00fc\u015fvet ald\u0131, ailesinin otel paras\u0131n\u0131 bile \u00f6detti","datePublished":"2025-10-24T06:55:07+00:00","mainEntityOfPage":{"@id":"https:\/\/memurunsesi.net\/index.php\/2025\/10\/24\/iddianameye-gore-ceyhan-belediye-baskani-kadir-aydar-300-bin-dolar-rusvet-aldi-ailesinin-otel-parasini-bile-odetti\/"},"wordCount":646,"commentCount":0,"publisher":{"@id":"https:\/\/memurunsesi.net\/#organization"},"image":{"@id":"https:\/\/memurunsesi.net\/index.php\/2025\/10\/24\/iddianameye-gore-ceyhan-belediye-baskani-kadir-aydar-300-bin-dolar-rusvet-aldi-ailesinin-otel-parasini-bile-odetti\/#primaryimage"},"thumbnailUrl":"https:\/\/memurunsesi.net\/wp-content\/uploads\/2025\/10\/AW565299_01-scaled.jpg","articleSection":["T\u00fcm Haberler"],"inLanguage":"tr","potentialAction":[{"@type":"CommentAction","name":"Comment","target":["https:\/\/memurunsesi.net\/index.php\/2025\/10\/24\/iddianameye-gore-ceyhan-belediye-baskani-kadir-aydar-300-bin-dolar-rusvet-aldi-ailesinin-otel-parasini-bile-odetti\/#respond"]}]},{"@type":"WebPage","@id":"https:\/\/memurunsesi.net\/index.php\/2025\/10\/24\/iddianameye-gore-ceyhan-belediye-baskani-kadir-aydar-300-bin-dolar-rusvet-aldi-ailesinin-otel-parasini-bile-odetti\/","url":"https:\/\/memurunsesi.net\/index.php\/2025\/10\/24\/iddianameye-gore-ceyhan-belediye-baskani-kadir-aydar-300-bin-dolar-rusvet-aldi-ailesinin-otel-parasini-bile-odetti\/","name":"\u0130ddianameye g\u00f6re Ceyhan Belediye Ba\u015fkan\u0131 Kadir Aydar 300 bin dolar r\u00fc\u015fvet ald\u0131, ailesinin otel paras\u0131n\u0131 bile \u00f6detti - Memurun Sesi","isPartOf":{"@id":"https:\/\/memurunsesi.net\/#website"},"primaryImageOfPage":{"@id":"https:\/\/memurunsesi.net\/index.php\/2025\/10\/24\/iddianameye-gore-ceyhan-belediye-baskani-kadir-aydar-300-bin-dolar-rusvet-aldi-ailesinin-otel-parasini-bile-odetti\/#primaryimage"},"image":{"@id":"https:\/\/memurunsesi.net\/index.php\/2025\/10\/24\/iddianameye-gore-ceyhan-belediye-baskani-kadir-aydar-300-bin-dolar-rusvet-aldi-ailesinin-otel-parasini-bile-odetti\/#primaryimage"},"thumbnailUrl":"https:\/\/memurunsesi.net\/wp-content\/uploads\/2025\/10\/AW565299_01-scaled.jpg","datePublished":"2025-10-24T06:55:07+00:00","breadcrumb":{"@id":"https:\/\/memurunsesi.net\/index.php\/2025\/10\/24\/iddianameye-gore-ceyhan-belediye-baskani-kadir-aydar-300-bin-dolar-rusvet-aldi-ailesinin-otel-parasini-bile-odetti\/#breadcrumb"},"inLanguage":"tr","potentialAction":[{"@type":"ReadAction","target":["https:\/\/memurunsesi.net\/index.php\/2025\/10\/24\/iddianameye-gore-ceyhan-belediye-baskani-kadir-aydar-300-bin-dolar-rusvet-aldi-ailesinin-otel-parasini-bile-odetti\/"]}]},{"@type":"ImageObject","inLanguage":"tr","@id":"https:\/\/memurunsesi.net\/index.php\/2025\/10\/24\/iddianameye-gore-ceyhan-belediye-baskani-kadir-aydar-300-bin-dolar-rusvet-aldi-ailesinin-otel-parasini-bile-odetti\/#primaryimage","url":"https:\/\/memurunsesi.net\/wp-content\/uploads\/2025\/10\/AW565299_01-scaled.jpg","contentUrl":"https:\/\/memurunsesi.net\/wp-content\/uploads\/2025\/10\/AW565299_01-scaled.jpg","width":1920,"height":1692,"caption":"KAMUOYUNDA \"AZ\u0130Z \u0130HSAN AKTA\u015e SU\u00c7 \u00d6RG\u00dcT\u00dc\" OLARAK B\u0130L\u0130NEN SORU\u015eTURMADA HAZIRLANAN \u0130DD\u0130ANAMEDE G\u00d6REVDEN UZAKLA\u015eTIRILAN CEYHAN BELED\u0130YE BA\u015eKANI KAD\u0130R AYDAR'IN AZ\u0130Z \u0130HSAN AKTA\u015e'TAN ANKARA'DA 300 B\u0130N DOLAR R\u00dc\u015eVET ALDI\u011eI T\u00dcM A\u0130LES\u0130N\u0130N OTEL MASRAFLARINI DA AKTA\u015e'A \u00d6DETT\u0130\u011e\u0130 \u00d6NE S\u00dcR\u00dcLD\u00dc (\u0130HA\/ADANA-\u0130HA) Tutukland\u0131ktan sonra g\u00f6revden uzakla\u015ft\u0131r\u0131lan Adana'n\u0131n Ceyhan Belediye Ba\u015fkan\u0131 Kadir Aydar'la ilgili haz\u0131rlanan iddianamede Aziz \u0130hsan Akta\u015f'tan Ankara'da 300 bin dolar r\u00fc\u015fvet ald\u0131\u011f\u0131, t\u00fcm ailesinin otel masraflar\u0131n\u0131 da yine ona \u00f6detti\u011fi \u00f6ne s\u00fcr\u00fcld\u00fc."},{"@type":"BreadcrumbList","@id":"https:\/\/memurunsesi.net\/index.php\/2025\/10\/24\/iddianameye-gore-ceyhan-belediye-baskani-kadir-aydar-300-bin-dolar-rusvet-aldi-ailesinin-otel-parasini-bile-odetti\/#breadcrumb","itemListElement":[{"@type":"ListItem","position":1,"name":"Anasayfa","item":"https:\/\/memurunsesi.net\/"},{"@type":"ListItem","position":2,"name":"\u0130ddianameye g\u00f6re Ceyhan Belediye Ba\u015fkan\u0131 Kadir Aydar 300 bin dolar r\u00fc\u015fvet ald\u0131, ailesinin otel paras\u0131n\u0131 bile \u00f6detti"}]},{"@type":"WebSite","@id":"https:\/\/memurunsesi.net\/#website","url":"https:\/\/memurunsesi.net\/","name":"Memurun Sesi","description":"G\u00fcncel ve Do\u011fru Haber","publisher":{"@id":"https:\/\/memurunsesi.net\/#organization"},"potentialAction":[{"@type":"SearchAction","target":{"@type":"EntryPoint","urlTemplate":"https:\/\/memurunsesi.net\/?s={search_term_string}"},"query-input":{"@type":"PropertyValueSpecification","valueRequired":true,"valueName":"search_term_string"}}],"inLanguage":"tr"},{"@type":"Organization","@id":"https:\/\/memurunsesi.net\/#organization","name":"Memurun Sesi","url":"https:\/\/memurunsesi.net\/","logo":{"@type":"ImageObject","inLanguage":"tr","@id":"https:\/\/memurunsesi.net\/#\/schema\/logo\/image\/","url":"https:\/\/memurunsesi.net\/wp-content\/uploads\/2025\/11\/cropped-MEMURUN-SESI.png","contentUrl":"https:\/\/memurunsesi.net\/wp-content\/uploads\/2025\/11\/cropped-MEMURUN-SESI.png","width":238,"height":57,"caption":"Memurun Sesi"},"image":{"@id":"https:\/\/memurunsesi.net\/#\/schema\/logo\/image\/"},"sameAs":["https:\/\/www.facebook.com\/unipersen\/?locale=tr_TR","https:\/\/x.com\/unipersen"]},{"@type":"Person","@id":"https:\/\/memurunsesi.net\/#\/schema\/person\/f21c2d73b89f6ee1d80b0a1803e38587","name":"Memurun Sesi Haber Merkezi","image":{"@type":"ImageObject","inLanguage":"tr","@id":"https:\/\/secure.gravatar.com\/avatar\/6cf0505f452ee753f485014986fab09a434671d2b919ee76fc541025c5876a70?s=96&d=mm&r=g","url":"https:\/\/secure.gravatar.com\/avatar\/6cf0505f452ee753f485014986fab09a434671d2b919ee76fc541025c5876a70?s=96&d=mm&r=g","contentUrl":"https:\/\/secure.gravatar.com\/avatar\/6cf0505f452ee753f485014986fab09a434671d2b919ee76fc541025c5876a70?s=96&d=mm&r=g","caption":"Memurun Sesi Haber Merkezi"},"sameAs":["https:\/\/memurunsesi.net"],"url":"https:\/\/memurunsesi.net\/index.php\/author\/uniper\/"}]}},"_links":{"self":[{"href":"https:\/\/memurunsesi.net\/index.php\/wp-json\/wp\/v2\/posts\/13268","targetHints":{"allow":["GET"]}}],"collection":[{"href":"https:\/\/memurunsesi.net\/index.php\/wp-json\/wp\/v2\/posts"}],"about":[{"href":"https:\/\/memurunsesi.net\/index.php\/wp-json\/wp\/v2\/types\/post"}],"author":[{"embeddable":true,"href":"https:\/\/memurunsesi.net\/index.php\/wp-json\/wp\/v2\/users\/1"}],"replies":[{"embeddable":true,"href":"https:\/\/memurunsesi.net\/index.php\/wp-json\/wp\/v2\/comments?post=13268"}],"version-history":[{"count":1,"href":"https:\/\/memurunsesi.net\/index.php\/wp-json\/wp\/v2\/posts\/13268\/revisions"}],"predecessor-version":[{"id":13270,"href":"https:\/\/memurunsesi.net\/index.php\/wp-json\/wp\/v2\/posts\/13268\/revisions\/13270"}],"wp:featuredmedia":[{"embeddable":true,"href":"https:\/\/memurunsesi.net\/index.php\/wp-json\/wp\/v2\/media\/13269"}],"wp:attachment":[{"href":"https:\/\/memurunsesi.net\/index.php\/wp-json\/wp\/v2\/media?parent=13268"}],"wp:term":[{"taxonomy":"category","embeddable":true,"href":"https:\/\/memurunsesi.net\/index.php\/wp-json\/wp\/v2\/categories?post=13268"},{"taxonomy":"post_tag","embeddable":true,"href":"https:\/\/memurunsesi.net\/index.php\/wp-json\/wp\/v2\/tags?post=13268"}],"curies":[{"name":"wp","href":"https:\/\/api.w.org\/{rel}","templated":true}]}}