{"id":13271,"date":"2025-10-24T09:56:17","date_gmt":"2025-10-24T06:56:17","guid":{"rendered":"https:\/\/memurunsesi.net\/?p=13271"},"modified":"2025-10-24T09:56:17","modified_gmt":"2025-10-24T06:56:17","slug":"kocaelispor-ile-corendon-alanyaspor-ilk-randevuda","status":"publish","type":"post","link":"https:\/\/memurunsesi.net\/index.php\/2025\/10\/24\/kocaelispor-ile-corendon-alanyaspor-ilk-randevuda\/","title":{"rendered":"Kocaelispor ile Corendon Alanyaspor ilk randevuda"},"content":{"rendered":"<p>  &#8211; K\u00f6rfez ekibi galibiyet serisini s\u00fcrd\u00fcrmek istiyor<br \/>\n  &#8211; Mehmet T\u00fcrkmen y\u00f6netecek <\/p>\n<p>   Trendyol S\u00fcper Lig&#8217;in 10. haftas\u0131nda Kocaelispor, sahas\u0131nda kar\u015f\u0131la\u015faca\u011f\u0131 Corendon Alanyaspor ile ligde ilk kez rakip olacak. K\u00f6rfez ekibi, taraftar\u0131 \u00f6n\u00fcnde Akdeniz ekibine kar\u015f\u0131 galibiyet arayacak.<br \/>\n  Trendyol S\u00fcper Lig&#8217;in 10. haftas\u0131nda Kocaelispor ile Corendon Alanyaspor, yar\u0131n saat 17.00&#8217;de Kocaeli Stadyumu&#8217;nda kar\u015f\u0131 kar\u015f\u0131ya gelecek. Ligde ye\u015fil-siyahl\u0131lar 2 galibiyet, 2 beraberlik ve 5 ma\u011flubiyetle ald\u0131\u011f\u0131 8 puanla 15. s\u0131rada bulunuyor. Turuncu-ye\u015filliler ise 3 galibiyet, 4 beraberlik ve 2 ma\u011flubiyet sonucu toplad\u0131\u011f\u0131 13 puanla 8. s\u0131rada yer al\u0131yor.  <\/p>\n<p>  T\u00fcrkiye Kupas\u0131&#8217;nda 2 kez rakip oldular<br \/>\n  Kocaelispor ile Corendon Alanyaspor, hepsi T\u00fcrkiye Kupas\u0131&#8217;nda olmak \u00fczere 2 ma\u00e7ta kar\u015f\u0131 kar\u015f\u0131ya geldiler. S\u00f6z konusu m\u00fcsabakalarda taraflar 1&#8217;er galibiyet ya\u015fad\u0131. \u0130ki tak\u0131m, ligde ise ilk kez rakip olacak.   <\/p>\n<p>  K\u00f6rfez ekibi galibiyet serisini s\u00fcrd\u00fcrmek istiyor<br \/>\n  Ligdeki galibiyetlerini son 2 ma\u00e7ta elde eden Kocaelispor, Akdeniz temsilcisi kar\u015f\u0131s\u0131nda kazanarak galibiyet serisini 3 ma\u00e7a \u00e7\u0131karmak istiyor. K\u00f6rfez ekibi, bu sezon i\u00e7 sahada oynad\u0131\u011f\u0131 4 m\u00fcsabakada 1 galibiyet, 2 beraberlik ve 1 ma\u011flubiyet ya\u015fad\u0131. S\u00f6z konusu kar\u015f\u0131la\u015fmalarda ye\u015fil-siyahl\u0131lar 3 kez rakip fileleri sarsarken, kalesinde de 3 gol g\u00f6rd\u00fc.  <\/p>\n<p>  Mehmet T\u00fcrkmen y\u00f6netecek<br \/>\n  Zorlu m\u00fccadeleyi hakem Mehmet T\u00fcrkmen y\u00f6netecek. T\u00fcrkmen&#8217;in yard\u0131mc\u0131l\u0131klar\u0131n\u0131 Abdullah Bora \u00d6zkara ile Salih Burak Demirel yapacak. Kar\u015f\u0131la\u015fman\u0131n 4. hakemi ise Melih Kurt olacak.  <\/p>\n<p>24.10.2025                                 <\/p>\n","protected":false},"excerpt":{"rendered":"<p>&#8211; K\u00f6rfez ekibi galibiyet serisini s\u00fcrd\u00fcrmek istiyor &#8211; Mehmet T\u00fcrkmen y\u00f6netecek Trendyol S\u00fcper Lig&#8217;in 10. haftas\u0131nda Kocaelispor, sahas\u0131nda kar\u015f\u0131la\u015faca\u011f\u0131 Corendon Alanyaspor ile ligde ilk kez rakip olacak. K\u00f6rfez ekibi, taraftar\u0131 \u00f6n\u00fcnde Akdeniz ekibine kar\u015f\u0131 galibiyet arayacak. Trendyol S\u00fcper Lig&#8217;in 10. haftas\u0131nda Kocaelispor ile Corendon Alanyaspor, yar\u0131n saat 17.00&#8217;de Kocaeli Stadyumu&#8217;nda kar\u015f\u0131 kar\u015f\u0131ya gelecek. Ligde ye\u015fil-siyahl\u0131lar [&hellip;]<\/p>\n","protected":false},"author":1,"featured_media":13272,"comment_status":"open","ping_status":"open","sticky":false,"template":"","format":"standard","meta":{"footnotes":""},"categories":[57],"tags":[],"class_list":["post-13271","post","type-post","status-publish","format-standard","has-post-thumbnail","hentry","category-spor"],"yoast_head":"<!-- This site is optimized with the Yoast SEO plugin v27.4 - https:\/\/yoast.com\/product\/yoast-seo-wordpress\/ -->\n<title>Kocaelispor ile Corendon Alanyaspor ilk randevuda - Memurun Sesi<\/title>\n<meta name=\"robots\" content=\"index, follow, max-snippet:-1, max-image-preview:large, max-video-preview:-1\" \/>\n<link rel=\"canonical\" href=\"https:\/\/memurunsesi.net\/index.php\/2025\/10\/24\/kocaelispor-ile-corendon-alanyaspor-ilk-randevuda\/\" \/>\n<meta property=\"og:locale\" content=\"tr_TR\" \/>\n<meta property=\"og:type\" content=\"article\" \/>\n<meta property=\"og:title\" content=\"Kocaelispor ile Corendon Alanyaspor ilk randevuda - Memurun Sesi\" \/>\n<meta property=\"og:description\" content=\"&#8211; K\u00f6rfez ekibi galibiyet serisini s\u00fcrd\u00fcrmek istiyor &#8211; Mehmet T\u00fcrkmen y\u00f6netecek Trendyol S\u00fcper Lig&#8217;in 10. haftas\u0131nda Kocaelispor, sahas\u0131nda kar\u015f\u0131la\u015faca\u011f\u0131 Corendon Alanyaspor ile ligde ilk kez rakip olacak. K\u00f6rfez ekibi, taraftar\u0131 \u00f6n\u00fcnde Akdeniz ekibine kar\u015f\u0131 galibiyet arayacak. Trendyol S\u00fcper Lig&#8217;in 10. haftas\u0131nda Kocaelispor ile Corendon Alanyaspor, yar\u0131n saat 17.00&#8217;de Kocaeli Stadyumu&#8217;nda kar\u015f\u0131 kar\u015f\u0131ya gelecek. Ligde ye\u015fil-siyahl\u0131lar [&hellip;]\" \/>\n<meta property=\"og:url\" content=\"https:\/\/memurunsesi.net\/index.php\/2025\/10\/24\/kocaelispor-ile-corendon-alanyaspor-ilk-randevuda\/\" \/>\n<meta property=\"og:site_name\" content=\"Memurun Sesi\" \/>\n<meta property=\"article:publisher\" content=\"https:\/\/www.facebook.com\/unipersen\/?locale=tr_TR\" \/>\n<meta property=\"article:published_time\" content=\"2025-10-24T06:56:17+00:00\" \/>\n<meta property=\"og:image\" content=\"https:\/\/memurunsesi.net\/wp-content\/uploads\/2025\/10\/AW565298_01-1.jpg\" \/>\n\t<meta property=\"og:image:width\" content=\"1038\" \/>\n\t<meta property=\"og:image:height\" content=\"740\" \/>\n\t<meta property=\"og:image:type\" content=\"image\/jpeg\" \/>\n<meta name=\"author\" content=\"Memurun Sesi Haber Merkezi\" \/>\n<meta name=\"twitter:card\" content=\"summary_large_image\" \/>\n<meta name=\"twitter:creator\" content=\"@unipersen\" \/>\n<meta name=\"twitter:site\" content=\"@unipersen\" \/>\n<meta name=\"twitter:label1\" content=\"Yazan:\" \/>\n\t<meta name=\"twitter:data1\" content=\"Memurun Sesi Haber Merkezi\" \/>\n\t<meta name=\"twitter:label2\" content=\"Tahmini okuma s\u00fcresi\" \/>\n\t<meta name=\"twitter:data2\" content=\"1 dakika\" \/>\n<script type=\"application\/ld+json\" class=\"yoast-schema-graph\">{\"@context\":\"https:\\\/\\\/schema.org\",\"@graph\":[{\"@type\":\"Article\",\"@id\":\"https:\\\/\\\/memurunsesi.net\\\/index.php\\\/2025\\\/10\\\/24\\\/kocaelispor-ile-corendon-alanyaspor-ilk-randevuda\\\/#article\",\"isPartOf\":{\"@id\":\"https:\\\/\\\/memurunsesi.net\\\/index.php\\\/2025\\\/10\\\/24\\\/kocaelispor-ile-corendon-alanyaspor-ilk-randevuda\\\/\"},\"author\":{\"name\":\"Memurun Sesi Haber Merkezi\",\"@id\":\"https:\\\/\\\/memurunsesi.net\\\/#\\\/schema\\\/person\\\/f21c2d73b89f6ee1d80b0a1803e38587\"},\"headline\":\"Kocaelispor ile Corendon Alanyaspor ilk randevuda\",\"datePublished\":\"2025-10-24T06:56:17+00:00\",\"mainEntityOfPage\":{\"@id\":\"https:\\\/\\\/memurunsesi.net\\\/index.php\\\/2025\\\/10\\\/24\\\/kocaelispor-ile-corendon-alanyaspor-ilk-randevuda\\\/\"},\"wordCount\":252,\"commentCount\":0,\"publisher\":{\"@id\":\"https:\\\/\\\/memurunsesi.net\\\/#organization\"},\"image\":{\"@id\":\"https:\\\/\\\/memurunsesi.net\\\/index.php\\\/2025\\\/10\\\/24\\\/kocaelispor-ile-corendon-alanyaspor-ilk-randevuda\\\/#primaryimage\"},\"thumbnailUrl\":\"https:\\\/\\\/memurunsesi.net\\\/wp-content\\\/uploads\\\/2025\\\/10\\\/AW565298_01-1.jpg\",\"articleSection\":[\"Spor\"],\"inLanguage\":\"tr\",\"potentialAction\":[{\"@type\":\"CommentAction\",\"name\":\"Comment\",\"target\":[\"https:\\\/\\\/memurunsesi.net\\\/index.php\\\/2025\\\/10\\\/24\\\/kocaelispor-ile-corendon-alanyaspor-ilk-randevuda\\\/#respond\"]}]},{\"@type\":\"WebPage\",\"@id\":\"https:\\\/\\\/memurunsesi.net\\\/index.php\\\/2025\\\/10\\\/24\\\/kocaelispor-ile-corendon-alanyaspor-ilk-randevuda\\\/\",\"url\":\"https:\\\/\\\/memurunsesi.net\\\/index.php\\\/2025\\\/10\\\/24\\\/kocaelispor-ile-corendon-alanyaspor-ilk-randevuda\\\/\",\"name\":\"Kocaelispor ile Corendon Alanyaspor ilk randevuda - Memurun Sesi\",\"isPartOf\":{\"@id\":\"https:\\\/\\\/memurunsesi.net\\\/#website\"},\"primaryImageOfPage\":{\"@id\":\"https:\\\/\\\/memurunsesi.net\\\/index.php\\\/2025\\\/10\\\/24\\\/kocaelispor-ile-corendon-alanyaspor-ilk-randevuda\\\/#primaryimage\"},\"image\":{\"@id\":\"https:\\\/\\\/memurunsesi.net\\\/index.php\\\/2025\\\/10\\\/24\\\/kocaelispor-ile-corendon-alanyaspor-ilk-randevuda\\\/#primaryimage\"},\"thumbnailUrl\":\"https:\\\/\\\/memurunsesi.net\\\/wp-content\\\/uploads\\\/2025\\\/10\\\/AW565298_01-1.jpg\",\"datePublished\":\"2025-10-24T06:56:17+00:00\",\"breadcrumb\":{\"@id\":\"https:\\\/\\\/memurunsesi.net\\\/index.php\\\/2025\\\/10\\\/24\\\/kocaelispor-ile-corendon-alanyaspor-ilk-randevuda\\\/#breadcrumb\"},\"inLanguage\":\"tr\",\"potentialAction\":[{\"@type\":\"ReadAction\",\"target\":[\"https:\\\/\\\/memurunsesi.net\\\/index.php\\\/2025\\\/10\\\/24\\\/kocaelispor-ile-corendon-alanyaspor-ilk-randevuda\\\/\"]}]},{\"@type\":\"ImageObject\",\"inLanguage\":\"tr\",\"@id\":\"https:\\\/\\\/memurunsesi.net\\\/index.php\\\/2025\\\/10\\\/24\\\/kocaelispor-ile-corendon-alanyaspor-ilk-randevuda\\\/#primaryimage\",\"url\":\"https:\\\/\\\/memurunsesi.net\\\/wp-content\\\/uploads\\\/2025\\\/10\\\/AW565298_01-1.jpg\",\"contentUrl\":\"https:\\\/\\\/memurunsesi.net\\\/wp-content\\\/uploads\\\/2025\\\/10\\\/AW565298_01-1.jpg\",\"width\":1038,\"height\":740,\"caption\":\"TRENDYOL S\u00dcPER L\u0130G TAR\u0130H\u0130NDE KOCAEL\u0130SPOR \u0130LK KEZ ALANYASPOR \u0130LE KAR\u015eILA\u015eACAK. \u0130K\u0130 KEZ KUPA MA\u00c7INDA ALANYASPOR \u0130LE OYNAYAN KOCAEL\u0130SPOR YARIN KEND\u0130 EV\u0130NDE AKDEN\u0130Z EK\u0130B\u0130 KAR\u015eISINDA GAL\u0130B\u0130YET ARAYACAK. (G\u00d6N\u00dcL EFE\\\/KOCAEL\u0130-\u0130HA) Trendyol S\u00fcper Lig'in 10. haftas\u0131nda Kocaelispor, sahas\u0131nda kar\u015f\u0131la\u015faca\u011f\u0131 Corendon Alanyaspor ile ligde ilk kez rakip olacak. K\u00f6rfez ekibi, taraftar\u0131 \u00f6n\u00fcnde Akdeniz ekibine kar\u015f\u0131 galibiyet arayacak.\"},{\"@type\":\"BreadcrumbList\",\"@id\":\"https:\\\/\\\/memurunsesi.net\\\/index.php\\\/2025\\\/10\\\/24\\\/kocaelispor-ile-corendon-alanyaspor-ilk-randevuda\\\/#breadcrumb\",\"itemListElement\":[{\"@type\":\"ListItem\",\"position\":1,\"name\":\"Anasayfa\",\"item\":\"https:\\\/\\\/memurunsesi.net\\\/\"},{\"@type\":\"ListItem\",\"position\":2,\"name\":\"Kocaelispor ile Corendon Alanyaspor ilk randevuda\"}]},{\"@type\":\"WebSite\",\"@id\":\"https:\\\/\\\/memurunsesi.net\\\/#website\",\"url\":\"https:\\\/\\\/memurunsesi.net\\\/\",\"name\":\"Memurun Sesi\",\"description\":\"G\u00fcncel ve Do\u011fru Haber\",\"publisher\":{\"@id\":\"https:\\\/\\\/memurunsesi.net\\\/#organization\"},\"potentialAction\":[{\"@type\":\"SearchAction\",\"target\":{\"@type\":\"EntryPoint\",\"urlTemplate\":\"https:\\\/\\\/memurunsesi.net\\\/?s={search_term_string}\"},\"query-input\":{\"@type\":\"PropertyValueSpecification\",\"valueRequired\":true,\"valueName\":\"search_term_string\"}}],\"inLanguage\":\"tr\"},{\"@type\":\"Organization\",\"@id\":\"https:\\\/\\\/memurunsesi.net\\\/#organization\",\"name\":\"Memurun Sesi\",\"url\":\"https:\\\/\\\/memurunsesi.net\\\/\",\"logo\":{\"@type\":\"ImageObject\",\"inLanguage\":\"tr\",\"@id\":\"https:\\\/\\\/memurunsesi.net\\\/#\\\/schema\\\/logo\\\/image\\\/\",\"url\":\"https:\\\/\\\/memurunsesi.net\\\/wp-content\\\/uploads\\\/2025\\\/11\\\/cropped-MEMURUN-SESI.png\",\"contentUrl\":\"https:\\\/\\\/memurunsesi.net\\\/wp-content\\\/uploads\\\/2025\\\/11\\\/cropped-MEMURUN-SESI.png\",\"width\":238,\"height\":57,\"caption\":\"Memurun Sesi\"},\"image\":{\"@id\":\"https:\\\/\\\/memurunsesi.net\\\/#\\\/schema\\\/logo\\\/image\\\/\"},\"sameAs\":[\"https:\\\/\\\/www.facebook.com\\\/unipersen\\\/?locale=tr_TR\",\"https:\\\/\\\/x.com\\\/unipersen\"]},{\"@type\":\"Person\",\"@id\":\"https:\\\/\\\/memurunsesi.net\\\/#\\\/schema\\\/person\\\/f21c2d73b89f6ee1d80b0a1803e38587\",\"name\":\"Memurun Sesi Haber Merkezi\",\"image\":{\"@type\":\"ImageObject\",\"inLanguage\":\"tr\",\"@id\":\"https:\\\/\\\/secure.gravatar.com\\\/avatar\\\/6cf0505f452ee753f485014986fab09a434671d2b919ee76fc541025c5876a70?s=96&d=mm&r=g\",\"url\":\"https:\\\/\\\/secure.gravatar.com\\\/avatar\\\/6cf0505f452ee753f485014986fab09a434671d2b919ee76fc541025c5876a70?s=96&d=mm&r=g\",\"contentUrl\":\"https:\\\/\\\/secure.gravatar.com\\\/avatar\\\/6cf0505f452ee753f485014986fab09a434671d2b919ee76fc541025c5876a70?s=96&d=mm&r=g\",\"caption\":\"Memurun Sesi Haber Merkezi\"},\"sameAs\":[\"https:\\\/\\\/memurunsesi.net\"],\"url\":\"https:\\\/\\\/memurunsesi.net\\\/index.php\\\/author\\\/uniper\\\/\"}]}<\/script>\n<!-- \/ Yoast SEO plugin. -->","yoast_head_json":{"title":"Kocaelispor ile Corendon Alanyaspor ilk randevuda - Memurun Sesi","robots":{"index":"index","follow":"follow","max-snippet":"max-snippet:-1","max-image-preview":"max-image-preview:large","max-video-preview":"max-video-preview:-1"},"canonical":"https:\/\/memurunsesi.net\/index.php\/2025\/10\/24\/kocaelispor-ile-corendon-alanyaspor-ilk-randevuda\/","og_locale":"tr_TR","og_type":"article","og_title":"Kocaelispor ile Corendon Alanyaspor ilk randevuda - Memurun Sesi","og_description":"&#8211; K\u00f6rfez ekibi galibiyet serisini s\u00fcrd\u00fcrmek istiyor &#8211; Mehmet T\u00fcrkmen y\u00f6netecek Trendyol S\u00fcper Lig&#8217;in 10. haftas\u0131nda Kocaelispor, sahas\u0131nda kar\u015f\u0131la\u015faca\u011f\u0131 Corendon Alanyaspor ile ligde ilk kez rakip olacak. K\u00f6rfez ekibi, taraftar\u0131 \u00f6n\u00fcnde Akdeniz ekibine kar\u015f\u0131 galibiyet arayacak. Trendyol S\u00fcper Lig&#8217;in 10. haftas\u0131nda Kocaelispor ile Corendon Alanyaspor, yar\u0131n saat 17.00&#8217;de Kocaeli Stadyumu&#8217;nda kar\u015f\u0131 kar\u015f\u0131ya gelecek. Ligde ye\u015fil-siyahl\u0131lar [&hellip;]","og_url":"https:\/\/memurunsesi.net\/index.php\/2025\/10\/24\/kocaelispor-ile-corendon-alanyaspor-ilk-randevuda\/","og_site_name":"Memurun Sesi","article_publisher":"https:\/\/www.facebook.com\/unipersen\/?locale=tr_TR","article_published_time":"2025-10-24T06:56:17+00:00","og_image":[{"width":1038,"height":740,"url":"https:\/\/memurunsesi.net\/wp-content\/uploads\/2025\/10\/AW565298_01-1.jpg","type":"image\/jpeg"}],"author":"Memurun Sesi Haber Merkezi","twitter_card":"summary_large_image","twitter_creator":"@unipersen","twitter_site":"@unipersen","twitter_misc":{"Yazan:":"Memurun Sesi Haber Merkezi","Tahmini okuma s\u00fcresi":"1 dakika"},"schema":{"@context":"https:\/\/schema.org","@graph":[{"@type":"Article","@id":"https:\/\/memurunsesi.net\/index.php\/2025\/10\/24\/kocaelispor-ile-corendon-alanyaspor-ilk-randevuda\/#article","isPartOf":{"@id":"https:\/\/memurunsesi.net\/index.php\/2025\/10\/24\/kocaelispor-ile-corendon-alanyaspor-ilk-randevuda\/"},"author":{"name":"Memurun Sesi Haber Merkezi","@id":"https:\/\/memurunsesi.net\/#\/schema\/person\/f21c2d73b89f6ee1d80b0a1803e38587"},"headline":"Kocaelispor ile Corendon Alanyaspor ilk randevuda","datePublished":"2025-10-24T06:56:17+00:00","mainEntityOfPage":{"@id":"https:\/\/memurunsesi.net\/index.php\/2025\/10\/24\/kocaelispor-ile-corendon-alanyaspor-ilk-randevuda\/"},"wordCount":252,"commentCount":0,"publisher":{"@id":"https:\/\/memurunsesi.net\/#organization"},"image":{"@id":"https:\/\/memurunsesi.net\/index.php\/2025\/10\/24\/kocaelispor-ile-corendon-alanyaspor-ilk-randevuda\/#primaryimage"},"thumbnailUrl":"https:\/\/memurunsesi.net\/wp-content\/uploads\/2025\/10\/AW565298_01-1.jpg","articleSection":["Spor"],"inLanguage":"tr","potentialAction":[{"@type":"CommentAction","name":"Comment","target":["https:\/\/memurunsesi.net\/index.php\/2025\/10\/24\/kocaelispor-ile-corendon-alanyaspor-ilk-randevuda\/#respond"]}]},{"@type":"WebPage","@id":"https:\/\/memurunsesi.net\/index.php\/2025\/10\/24\/kocaelispor-ile-corendon-alanyaspor-ilk-randevuda\/","url":"https:\/\/memurunsesi.net\/index.php\/2025\/10\/24\/kocaelispor-ile-corendon-alanyaspor-ilk-randevuda\/","name":"Kocaelispor ile Corendon Alanyaspor ilk randevuda - Memurun Sesi","isPartOf":{"@id":"https:\/\/memurunsesi.net\/#website"},"primaryImageOfPage":{"@id":"https:\/\/memurunsesi.net\/index.php\/2025\/10\/24\/kocaelispor-ile-corendon-alanyaspor-ilk-randevuda\/#primaryimage"},"image":{"@id":"https:\/\/memurunsesi.net\/index.php\/2025\/10\/24\/kocaelispor-ile-corendon-alanyaspor-ilk-randevuda\/#primaryimage"},"thumbnailUrl":"https:\/\/memurunsesi.net\/wp-content\/uploads\/2025\/10\/AW565298_01-1.jpg","datePublished":"2025-10-24T06:56:17+00:00","breadcrumb":{"@id":"https:\/\/memurunsesi.net\/index.php\/2025\/10\/24\/kocaelispor-ile-corendon-alanyaspor-ilk-randevuda\/#breadcrumb"},"inLanguage":"tr","potentialAction":[{"@type":"ReadAction","target":["https:\/\/memurunsesi.net\/index.php\/2025\/10\/24\/kocaelispor-ile-corendon-alanyaspor-ilk-randevuda\/"]}]},{"@type":"ImageObject","inLanguage":"tr","@id":"https:\/\/memurunsesi.net\/index.php\/2025\/10\/24\/kocaelispor-ile-corendon-alanyaspor-ilk-randevuda\/#primaryimage","url":"https:\/\/memurunsesi.net\/wp-content\/uploads\/2025\/10\/AW565298_01-1.jpg","contentUrl":"https:\/\/memurunsesi.net\/wp-content\/uploads\/2025\/10\/AW565298_01-1.jpg","width":1038,"height":740,"caption":"TRENDYOL S\u00dcPER L\u0130G TAR\u0130H\u0130NDE KOCAEL\u0130SPOR \u0130LK KEZ ALANYASPOR \u0130LE KAR\u015eILA\u015eACAK. \u0130K\u0130 KEZ KUPA MA\u00c7INDA ALANYASPOR \u0130LE OYNAYAN KOCAEL\u0130SPOR YARIN KEND\u0130 EV\u0130NDE AKDEN\u0130Z EK\u0130B\u0130 KAR\u015eISINDA GAL\u0130B\u0130YET ARAYACAK. (G\u00d6N\u00dcL EFE\/KOCAEL\u0130-\u0130HA) Trendyol S\u00fcper Lig'in 10. haftas\u0131nda Kocaelispor, sahas\u0131nda kar\u015f\u0131la\u015faca\u011f\u0131 Corendon Alanyaspor ile ligde ilk kez rakip olacak. K\u00f6rfez ekibi, taraftar\u0131 \u00f6n\u00fcnde Akdeniz ekibine kar\u015f\u0131 galibiyet arayacak."},{"@type":"BreadcrumbList","@id":"https:\/\/memurunsesi.net\/index.php\/2025\/10\/24\/kocaelispor-ile-corendon-alanyaspor-ilk-randevuda\/#breadcrumb","itemListElement":[{"@type":"ListItem","position":1,"name":"Anasayfa","item":"https:\/\/memurunsesi.net\/"},{"@type":"ListItem","position":2,"name":"Kocaelispor ile Corendon Alanyaspor ilk randevuda"}]},{"@type":"WebSite","@id":"https:\/\/memurunsesi.net\/#website","url":"https:\/\/memurunsesi.net\/","name":"Memurun Sesi","description":"G\u00fcncel ve Do\u011fru Haber","publisher":{"@id":"https:\/\/memurunsesi.net\/#organization"},"potentialAction":[{"@type":"SearchAction","target":{"@type":"EntryPoint","urlTemplate":"https:\/\/memurunsesi.net\/?s={search_term_string}"},"query-input":{"@type":"PropertyValueSpecification","valueRequired":true,"valueName":"search_term_string"}}],"inLanguage":"tr"},{"@type":"Organization","@id":"https:\/\/memurunsesi.net\/#organization","name":"Memurun Sesi","url":"https:\/\/memurunsesi.net\/","logo":{"@type":"ImageObject","inLanguage":"tr","@id":"https:\/\/memurunsesi.net\/#\/schema\/logo\/image\/","url":"https:\/\/memurunsesi.net\/wp-content\/uploads\/2025\/11\/cropped-MEMURUN-SESI.png","contentUrl":"https:\/\/memurunsesi.net\/wp-content\/uploads\/2025\/11\/cropped-MEMURUN-SESI.png","width":238,"height":57,"caption":"Memurun Sesi"},"image":{"@id":"https:\/\/memurunsesi.net\/#\/schema\/logo\/image\/"},"sameAs":["https:\/\/www.facebook.com\/unipersen\/?locale=tr_TR","https:\/\/x.com\/unipersen"]},{"@type":"Person","@id":"https:\/\/memurunsesi.net\/#\/schema\/person\/f21c2d73b89f6ee1d80b0a1803e38587","name":"Memurun Sesi Haber Merkezi","image":{"@type":"ImageObject","inLanguage":"tr","@id":"https:\/\/secure.gravatar.com\/avatar\/6cf0505f452ee753f485014986fab09a434671d2b919ee76fc541025c5876a70?s=96&d=mm&r=g","url":"https:\/\/secure.gravatar.com\/avatar\/6cf0505f452ee753f485014986fab09a434671d2b919ee76fc541025c5876a70?s=96&d=mm&r=g","contentUrl":"https:\/\/secure.gravatar.com\/avatar\/6cf0505f452ee753f485014986fab09a434671d2b919ee76fc541025c5876a70?s=96&d=mm&r=g","caption":"Memurun Sesi Haber Merkezi"},"sameAs":["https:\/\/memurunsesi.net"],"url":"https:\/\/memurunsesi.net\/index.php\/author\/uniper\/"}]}},"_links":{"self":[{"href":"https:\/\/memurunsesi.net\/index.php\/wp-json\/wp\/v2\/posts\/13271","targetHints":{"allow":["GET"]}}],"collection":[{"href":"https:\/\/memurunsesi.net\/index.php\/wp-json\/wp\/v2\/posts"}],"about":[{"href":"https:\/\/memurunsesi.net\/index.php\/wp-json\/wp\/v2\/types\/post"}],"author":[{"embeddable":true,"href":"https:\/\/memurunsesi.net\/index.php\/wp-json\/wp\/v2\/users\/1"}],"replies":[{"embeddable":true,"href":"https:\/\/memurunsesi.net\/index.php\/wp-json\/wp\/v2\/comments?post=13271"}],"version-history":[{"count":1,"href":"https:\/\/memurunsesi.net\/index.php\/wp-json\/wp\/v2\/posts\/13271\/revisions"}],"predecessor-version":[{"id":13273,"href":"https:\/\/memurunsesi.net\/index.php\/wp-json\/wp\/v2\/posts\/13271\/revisions\/13273"}],"wp:featuredmedia":[{"embeddable":true,"href":"https:\/\/memurunsesi.net\/index.php\/wp-json\/wp\/v2\/media\/13272"}],"wp:attachment":[{"href":"https:\/\/memurunsesi.net\/index.php\/wp-json\/wp\/v2\/media?parent=13271"}],"wp:term":[{"taxonomy":"category","embeddable":true,"href":"https:\/\/memurunsesi.net\/index.php\/wp-json\/wp\/v2\/categories?post=13271"},{"taxonomy":"post_tag","embeddable":true,"href":"https:\/\/memurunsesi.net\/index.php\/wp-json\/wp\/v2\/tags?post=13271"}],"curies":[{"name":"wp","href":"https:\/\/api.w.org\/{rel}","templated":true}]}}