{"id":13351,"date":"2025-10-26T09:36:15","date_gmt":"2025-10-26T06:36:15","guid":{"rendered":"https:\/\/memurunsesi.net\/?p=13351"},"modified":"2025-10-26T09:36:15","modified_gmt":"2025-10-26T06:36:15","slug":"inegolde-zincirleme-kaza-1i-cocuk-5-yarali","status":"publish","type":"post","link":"https:\/\/memurunsesi.net\/index.php\/2025\/10\/26\/inegolde-zincirleme-kaza-1i-cocuk-5-yarali\/","title":{"rendered":"\u0130neg\u00f6l&#8217;de zincirleme kaza : 1&#8217;i \u00e7ocuk 5 yaral\u0131"},"content":{"rendered":"<p>   Bursa&#8217;n\u0131n \u0130neg\u00f6l il\u00e7esinde meydana gelen zincirleme kazada 3 ara\u00e7 \u00e7arp\u0131\u015ft\u0131; 1&#8217;i \u00e7ocuk 5 ki\u015fi yaraland\u0131.<br \/>\nKaza saat 23.00 s\u0131ralar\u0131nda Bursa-Ankara karayolu \u00fczeri \u0130neg\u00f6l giri\u015finde meydana geldi. \u0130neg\u00f6l&#8217;den Bursa&#8217;ya seyir halinde olan Mevl\u00fct M.(70) y\u00f6netimindeki 16 BCL 700 plakal\u0131 otomobil, k\u0131rm\u0131z\u0131 \u0131\u015f\u0131kta bekleyen Meral P. (42) y\u00f6netimindeki 16 SZB 17 plakal\u0131 otomobile arkadan \u00e7arpt\u0131. \u00c7arpman\u0131n etkisiyle h\u0131zlanan 16 SZB 17 plakal\u0131 otomobil de \u00f6n\u00fcnde bekleyen D\u00f6nd\u00fc M. (52) y\u00f6netimindeki 16 BKB 485 plakal\u0131 otomobile arkadan \u00e7arparak durabildi. Kaza sonucu 16 BCL 700 plakal\u0131 otomobilin s\u00fcr\u00fcc\u00fcs\u00fc ile yan\u0131ndaki yolcu Sultan M.(46) ile 16 SZB 17 plakal\u0131 otomobildeki yolcular Nilsu P.(15), Melisa D.(9) ve T\u00fcrkan \u015e.(65) yaraland\u0131. Yaral\u0131lar kaza yerine sevk edilen Ambulanslarla \u0130neg\u00f6l Devlet Hastanesine kald\u0131r\u0131ld\u0131lar.<br \/>\n  B\u00f6lge Trafik ekipleri yolu kontroll\u00fc \u015fekilde ula\u015f\u0131ma a\u00e7arken Polis ekipleri kazayla ilgili soru\u015fturma ba\u015flatt\u0131. <\/p>\n<p>26.10.2025                                <\/p>\n","protected":false},"excerpt":{"rendered":"<p>Bursa&#8217;n\u0131n \u0130neg\u00f6l il\u00e7esinde meydana gelen zincirleme kazada 3 ara\u00e7 \u00e7arp\u0131\u015ft\u0131; 1&#8217;i \u00e7ocuk 5 ki\u015fi yaraland\u0131. Kaza saat 23.00 s\u0131ralar\u0131nda Bursa-Ankara karayolu \u00fczeri \u0130neg\u00f6l giri\u015finde meydana geldi. \u0130neg\u00f6l&#8217;den Bursa&#8217;ya seyir halinde olan Mevl\u00fct M.(70) y\u00f6netimindeki 16 BCL 700 plakal\u0131 otomobil, k\u0131rm\u0131z\u0131 \u0131\u015f\u0131kta bekleyen Meral P. (42) y\u00f6netimindeki 16 SZB 17 plakal\u0131 otomobile arkadan \u00e7arpt\u0131. \u00c7arpman\u0131n etkisiyle [&hellip;]<\/p>\n","protected":false},"author":1,"featured_media":13352,"comment_status":"open","ping_status":"open","sticky":false,"template":"","format":"standard","meta":{"footnotes":""},"categories":[1],"tags":[70,71,85],"class_list":["post-13351","post","type-post","status-publish","format-standard","has-post-thumbnail","hentry","category-genel","tag-kaza","tag-yarali","tag-zincirleme"],"yoast_head":"<!-- This site is optimized with the Yoast SEO plugin v27.4 - https:\/\/yoast.com\/product\/yoast-seo-wordpress\/ -->\n<title>\u0130neg\u00f6l&#039;de zincirleme kaza : 1&#039;i \u00e7ocuk 5 yaral\u0131 - Memurun Sesi<\/title>\n<meta name=\"description\" content=\"\u0130neg\u00f6l&#039;de zincirleme kaza\" \/>\n<meta name=\"robots\" content=\"index, follow, max-snippet:-1, max-image-preview:large, max-video-preview:-1\" \/>\n<link rel=\"canonical\" href=\"https:\/\/memurunsesi.net\/index.php\/2025\/10\/26\/inegolde-zincirleme-kaza-1i-cocuk-5-yarali\/\" \/>\n<meta property=\"og:locale\" content=\"tr_TR\" \/>\n<meta property=\"og:type\" content=\"article\" \/>\n<meta property=\"og:title\" content=\"\u0130neg\u00f6l&#039;de zincirleme kaza : 1&#039;i \u00e7ocuk 5 yaral\u0131 - Memurun Sesi\" \/>\n<meta property=\"og:description\" content=\"\u0130neg\u00f6l&#039;de zincirleme kaza\" \/>\n<meta property=\"og:url\" content=\"https:\/\/memurunsesi.net\/index.php\/2025\/10\/26\/inegolde-zincirleme-kaza-1i-cocuk-5-yarali\/\" \/>\n<meta property=\"og:site_name\" content=\"Memurun Sesi\" \/>\n<meta property=\"article:publisher\" content=\"https:\/\/www.facebook.com\/unipersen\/?locale=tr_TR\" \/>\n<meta property=\"article:published_time\" content=\"2025-10-26T06:36:15+00:00\" \/>\n<meta property=\"og:image\" content=\"https:\/\/memurunsesi.net\/wp-content\/uploads\/2025\/10\/kaza-1.jpg\" \/>\n\t<meta property=\"og:image:width\" content=\"1920\" \/>\n\t<meta property=\"og:image:height\" content=\"1080\" \/>\n\t<meta property=\"og:image:type\" content=\"image\/jpeg\" \/>\n<meta name=\"author\" content=\"Memurun Sesi Haber Merkezi\" \/>\n<meta name=\"twitter:card\" content=\"summary_large_image\" \/>\n<meta name=\"twitter:creator\" content=\"@unipersen\" \/>\n<meta name=\"twitter:site\" content=\"@unipersen\" \/>\n<meta name=\"twitter:label1\" content=\"Yazan:\" \/>\n\t<meta name=\"twitter:data1\" content=\"Memurun Sesi Haber Merkezi\" \/>\n\t<meta name=\"twitter:label2\" content=\"Tahmini okuma s\u00fcresi\" \/>\n\t<meta name=\"twitter:data2\" content=\"1 dakika\" \/>\n<script type=\"application\/ld+json\" class=\"yoast-schema-graph\">{\"@context\":\"https:\\\/\\\/schema.org\",\"@graph\":[{\"@type\":\"Article\",\"@id\":\"https:\\\/\\\/memurunsesi.net\\\/index.php\\\/2025\\\/10\\\/26\\\/inegolde-zincirleme-kaza-1i-cocuk-5-yarali\\\/#article\",\"isPartOf\":{\"@id\":\"https:\\\/\\\/memurunsesi.net\\\/index.php\\\/2025\\\/10\\\/26\\\/inegolde-zincirleme-kaza-1i-cocuk-5-yarali\\\/\"},\"author\":{\"name\":\"Memurun Sesi Haber Merkezi\",\"@id\":\"https:\\\/\\\/memurunsesi.net\\\/#\\\/schema\\\/person\\\/f21c2d73b89f6ee1d80b0a1803e38587\"},\"headline\":\"\u0130neg\u00f6l&#8217;de zincirleme kaza : 1&#8217;i \u00e7ocuk 5 yaral\u0131\",\"datePublished\":\"2025-10-26T06:36:15+00:00\",\"mainEntityOfPage\":{\"@id\":\"https:\\\/\\\/memurunsesi.net\\\/index.php\\\/2025\\\/10\\\/26\\\/inegolde-zincirleme-kaza-1i-cocuk-5-yarali\\\/\"},\"wordCount\":156,\"commentCount\":0,\"publisher\":{\"@id\":\"https:\\\/\\\/memurunsesi.net\\\/#organization\"},\"image\":{\"@id\":\"https:\\\/\\\/memurunsesi.net\\\/index.php\\\/2025\\\/10\\\/26\\\/inegolde-zincirleme-kaza-1i-cocuk-5-yarali\\\/#primaryimage\"},\"thumbnailUrl\":\"https:\\\/\\\/memurunsesi.net\\\/wp-content\\\/uploads\\\/2025\\\/10\\\/kaza-1.jpg\",\"keywords\":[\"kaza\",\"yaral\u0131\",\"zincirleme\"],\"inLanguage\":\"tr\",\"potentialAction\":[{\"@type\":\"CommentAction\",\"name\":\"Comment\",\"target\":[\"https:\\\/\\\/memurunsesi.net\\\/index.php\\\/2025\\\/10\\\/26\\\/inegolde-zincirleme-kaza-1i-cocuk-5-yarali\\\/#respond\"]}]},{\"@type\":\"WebPage\",\"@id\":\"https:\\\/\\\/memurunsesi.net\\\/index.php\\\/2025\\\/10\\\/26\\\/inegolde-zincirleme-kaza-1i-cocuk-5-yarali\\\/\",\"url\":\"https:\\\/\\\/memurunsesi.net\\\/index.php\\\/2025\\\/10\\\/26\\\/inegolde-zincirleme-kaza-1i-cocuk-5-yarali\\\/\",\"name\":\"\u0130neg\u00f6l'de zincirleme kaza : 1'i \u00e7ocuk 5 yaral\u0131 - Memurun Sesi\",\"isPartOf\":{\"@id\":\"https:\\\/\\\/memurunsesi.net\\\/#website\"},\"primaryImageOfPage\":{\"@id\":\"https:\\\/\\\/memurunsesi.net\\\/index.php\\\/2025\\\/10\\\/26\\\/inegolde-zincirleme-kaza-1i-cocuk-5-yarali\\\/#primaryimage\"},\"image\":{\"@id\":\"https:\\\/\\\/memurunsesi.net\\\/index.php\\\/2025\\\/10\\\/26\\\/inegolde-zincirleme-kaza-1i-cocuk-5-yarali\\\/#primaryimage\"},\"thumbnailUrl\":\"https:\\\/\\\/memurunsesi.net\\\/wp-content\\\/uploads\\\/2025\\\/10\\\/kaza-1.jpg\",\"datePublished\":\"2025-10-26T06:36:15+00:00\",\"description\":\"\u0130neg\u00f6l'de zincirleme kaza\",\"breadcrumb\":{\"@id\":\"https:\\\/\\\/memurunsesi.net\\\/index.php\\\/2025\\\/10\\\/26\\\/inegolde-zincirleme-kaza-1i-cocuk-5-yarali\\\/#breadcrumb\"},\"inLanguage\":\"tr\",\"potentialAction\":[{\"@type\":\"ReadAction\",\"target\":[\"https:\\\/\\\/memurunsesi.net\\\/index.php\\\/2025\\\/10\\\/26\\\/inegolde-zincirleme-kaza-1i-cocuk-5-yarali\\\/\"]}]},{\"@type\":\"ImageObject\",\"inLanguage\":\"tr\",\"@id\":\"https:\\\/\\\/memurunsesi.net\\\/index.php\\\/2025\\\/10\\\/26\\\/inegolde-zincirleme-kaza-1i-cocuk-5-yarali\\\/#primaryimage\",\"url\":\"https:\\\/\\\/memurunsesi.net\\\/wp-content\\\/uploads\\\/2025\\\/10\\\/kaza-1.jpg\",\"contentUrl\":\"https:\\\/\\\/memurunsesi.net\\\/wp-content\\\/uploads\\\/2025\\\/10\\\/kaza-1.jpg\",\"width\":1920,\"height\":1080,\"caption\":\"\u0130NEG\u00d6L'DE Z\u0130NC\u0130RLEME KAZA : 1'\u0130 \u00c7OCUK 5 YARALI (SAL\u0130H B\u0130LAL ASLAN\\\/BURSA-\u0130HA) Bursa'n\u0131n \u0130neg\u00f6l il\u00e7esinde meydana gelen zincirleme kazada 3 ara\u00e7 \u00e7arp\u0131\u015ft\u0131; 1'i \u00e7ocuk 5 ki\u015fi yaraland\u0131.\"},{\"@type\":\"BreadcrumbList\",\"@id\":\"https:\\\/\\\/memurunsesi.net\\\/index.php\\\/2025\\\/10\\\/26\\\/inegolde-zincirleme-kaza-1i-cocuk-5-yarali\\\/#breadcrumb\",\"itemListElement\":[{\"@type\":\"ListItem\",\"position\":1,\"name\":\"Anasayfa\",\"item\":\"https:\\\/\\\/memurunsesi.net\\\/\"},{\"@type\":\"ListItem\",\"position\":2,\"name\":\"\u0130neg\u00f6l&#8217;de zincirleme kaza : 1&#8217;i \u00e7ocuk 5 yaral\u0131\"}]},{\"@type\":\"WebSite\",\"@id\":\"https:\\\/\\\/memurunsesi.net\\\/#website\",\"url\":\"https:\\\/\\\/memurunsesi.net\\\/\",\"name\":\"Memurun Sesi\",\"description\":\"G\u00fcncel ve Do\u011fru Haber\",\"publisher\":{\"@id\":\"https:\\\/\\\/memurunsesi.net\\\/#organization\"},\"potentialAction\":[{\"@type\":\"SearchAction\",\"target\":{\"@type\":\"EntryPoint\",\"urlTemplate\":\"https:\\\/\\\/memurunsesi.net\\\/?s={search_term_string}\"},\"query-input\":{\"@type\":\"PropertyValueSpecification\",\"valueRequired\":true,\"valueName\":\"search_term_string\"}}],\"inLanguage\":\"tr\"},{\"@type\":\"Organization\",\"@id\":\"https:\\\/\\\/memurunsesi.net\\\/#organization\",\"name\":\"Memurun Sesi\",\"url\":\"https:\\\/\\\/memurunsesi.net\\\/\",\"logo\":{\"@type\":\"ImageObject\",\"inLanguage\":\"tr\",\"@id\":\"https:\\\/\\\/memurunsesi.net\\\/#\\\/schema\\\/logo\\\/image\\\/\",\"url\":\"https:\\\/\\\/memurunsesi.net\\\/wp-content\\\/uploads\\\/2025\\\/11\\\/cropped-MEMURUN-SESI.png\",\"contentUrl\":\"https:\\\/\\\/memurunsesi.net\\\/wp-content\\\/uploads\\\/2025\\\/11\\\/cropped-MEMURUN-SESI.png\",\"width\":238,\"height\":57,\"caption\":\"Memurun Sesi\"},\"image\":{\"@id\":\"https:\\\/\\\/memurunsesi.net\\\/#\\\/schema\\\/logo\\\/image\\\/\"},\"sameAs\":[\"https:\\\/\\\/www.facebook.com\\\/unipersen\\\/?locale=tr_TR\",\"https:\\\/\\\/x.com\\\/unipersen\"]},{\"@type\":\"Person\",\"@id\":\"https:\\\/\\\/memurunsesi.net\\\/#\\\/schema\\\/person\\\/f21c2d73b89f6ee1d80b0a1803e38587\",\"name\":\"Memurun Sesi Haber Merkezi\",\"image\":{\"@type\":\"ImageObject\",\"inLanguage\":\"tr\",\"@id\":\"https:\\\/\\\/secure.gravatar.com\\\/avatar\\\/6cf0505f452ee753f485014986fab09a434671d2b919ee76fc541025c5876a70?s=96&d=mm&r=g\",\"url\":\"https:\\\/\\\/secure.gravatar.com\\\/avatar\\\/6cf0505f452ee753f485014986fab09a434671d2b919ee76fc541025c5876a70?s=96&d=mm&r=g\",\"contentUrl\":\"https:\\\/\\\/secure.gravatar.com\\\/avatar\\\/6cf0505f452ee753f485014986fab09a434671d2b919ee76fc541025c5876a70?s=96&d=mm&r=g\",\"caption\":\"Memurun Sesi Haber Merkezi\"},\"sameAs\":[\"https:\\\/\\\/memurunsesi.net\"],\"url\":\"https:\\\/\\\/memurunsesi.net\\\/index.php\\\/author\\\/uniper\\\/\"}]}<\/script>\n<!-- \/ Yoast SEO plugin. -->","yoast_head_json":{"title":"\u0130neg\u00f6l'de zincirleme kaza : 1'i \u00e7ocuk 5 yaral\u0131 - Memurun Sesi","description":"\u0130neg\u00f6l'de zincirleme kaza","robots":{"index":"index","follow":"follow","max-snippet":"max-snippet:-1","max-image-preview":"max-image-preview:large","max-video-preview":"max-video-preview:-1"},"canonical":"https:\/\/memurunsesi.net\/index.php\/2025\/10\/26\/inegolde-zincirleme-kaza-1i-cocuk-5-yarali\/","og_locale":"tr_TR","og_type":"article","og_title":"\u0130neg\u00f6l'de zincirleme kaza : 1'i \u00e7ocuk 5 yaral\u0131 - Memurun Sesi","og_description":"\u0130neg\u00f6l'de zincirleme kaza","og_url":"https:\/\/memurunsesi.net\/index.php\/2025\/10\/26\/inegolde-zincirleme-kaza-1i-cocuk-5-yarali\/","og_site_name":"Memurun Sesi","article_publisher":"https:\/\/www.facebook.com\/unipersen\/?locale=tr_TR","article_published_time":"2025-10-26T06:36:15+00:00","og_image":[{"width":1920,"height":1080,"url":"https:\/\/memurunsesi.net\/wp-content\/uploads\/2025\/10\/kaza-1.jpg","type":"image\/jpeg"}],"author":"Memurun Sesi Haber Merkezi","twitter_card":"summary_large_image","twitter_creator":"@unipersen","twitter_site":"@unipersen","twitter_misc":{"Yazan:":"Memurun Sesi Haber Merkezi","Tahmini okuma s\u00fcresi":"1 dakika"},"schema":{"@context":"https:\/\/schema.org","@graph":[{"@type":"Article","@id":"https:\/\/memurunsesi.net\/index.php\/2025\/10\/26\/inegolde-zincirleme-kaza-1i-cocuk-5-yarali\/#article","isPartOf":{"@id":"https:\/\/memurunsesi.net\/index.php\/2025\/10\/26\/inegolde-zincirleme-kaza-1i-cocuk-5-yarali\/"},"author":{"name":"Memurun Sesi Haber Merkezi","@id":"https:\/\/memurunsesi.net\/#\/schema\/person\/f21c2d73b89f6ee1d80b0a1803e38587"},"headline":"\u0130neg\u00f6l&#8217;de zincirleme kaza : 1&#8217;i \u00e7ocuk 5 yaral\u0131","datePublished":"2025-10-26T06:36:15+00:00","mainEntityOfPage":{"@id":"https:\/\/memurunsesi.net\/index.php\/2025\/10\/26\/inegolde-zincirleme-kaza-1i-cocuk-5-yarali\/"},"wordCount":156,"commentCount":0,"publisher":{"@id":"https:\/\/memurunsesi.net\/#organization"},"image":{"@id":"https:\/\/memurunsesi.net\/index.php\/2025\/10\/26\/inegolde-zincirleme-kaza-1i-cocuk-5-yarali\/#primaryimage"},"thumbnailUrl":"https:\/\/memurunsesi.net\/wp-content\/uploads\/2025\/10\/kaza-1.jpg","keywords":["kaza","yaral\u0131","zincirleme"],"inLanguage":"tr","potentialAction":[{"@type":"CommentAction","name":"Comment","target":["https:\/\/memurunsesi.net\/index.php\/2025\/10\/26\/inegolde-zincirleme-kaza-1i-cocuk-5-yarali\/#respond"]}]},{"@type":"WebPage","@id":"https:\/\/memurunsesi.net\/index.php\/2025\/10\/26\/inegolde-zincirleme-kaza-1i-cocuk-5-yarali\/","url":"https:\/\/memurunsesi.net\/index.php\/2025\/10\/26\/inegolde-zincirleme-kaza-1i-cocuk-5-yarali\/","name":"\u0130neg\u00f6l'de zincirleme kaza : 1'i \u00e7ocuk 5 yaral\u0131 - Memurun Sesi","isPartOf":{"@id":"https:\/\/memurunsesi.net\/#website"},"primaryImageOfPage":{"@id":"https:\/\/memurunsesi.net\/index.php\/2025\/10\/26\/inegolde-zincirleme-kaza-1i-cocuk-5-yarali\/#primaryimage"},"image":{"@id":"https:\/\/memurunsesi.net\/index.php\/2025\/10\/26\/inegolde-zincirleme-kaza-1i-cocuk-5-yarali\/#primaryimage"},"thumbnailUrl":"https:\/\/memurunsesi.net\/wp-content\/uploads\/2025\/10\/kaza-1.jpg","datePublished":"2025-10-26T06:36:15+00:00","description":"\u0130neg\u00f6l'de zincirleme kaza","breadcrumb":{"@id":"https:\/\/memurunsesi.net\/index.php\/2025\/10\/26\/inegolde-zincirleme-kaza-1i-cocuk-5-yarali\/#breadcrumb"},"inLanguage":"tr","potentialAction":[{"@type":"ReadAction","target":["https:\/\/memurunsesi.net\/index.php\/2025\/10\/26\/inegolde-zincirleme-kaza-1i-cocuk-5-yarali\/"]}]},{"@type":"ImageObject","inLanguage":"tr","@id":"https:\/\/memurunsesi.net\/index.php\/2025\/10\/26\/inegolde-zincirleme-kaza-1i-cocuk-5-yarali\/#primaryimage","url":"https:\/\/memurunsesi.net\/wp-content\/uploads\/2025\/10\/kaza-1.jpg","contentUrl":"https:\/\/memurunsesi.net\/wp-content\/uploads\/2025\/10\/kaza-1.jpg","width":1920,"height":1080,"caption":"\u0130NEG\u00d6L'DE Z\u0130NC\u0130RLEME KAZA : 1'\u0130 \u00c7OCUK 5 YARALI (SAL\u0130H B\u0130LAL ASLAN\/BURSA-\u0130HA) Bursa'n\u0131n \u0130neg\u00f6l il\u00e7esinde meydana gelen zincirleme kazada 3 ara\u00e7 \u00e7arp\u0131\u015ft\u0131; 1'i \u00e7ocuk 5 ki\u015fi yaraland\u0131."},{"@type":"BreadcrumbList","@id":"https:\/\/memurunsesi.net\/index.php\/2025\/10\/26\/inegolde-zincirleme-kaza-1i-cocuk-5-yarali\/#breadcrumb","itemListElement":[{"@type":"ListItem","position":1,"name":"Anasayfa","item":"https:\/\/memurunsesi.net\/"},{"@type":"ListItem","position":2,"name":"\u0130neg\u00f6l&#8217;de zincirleme kaza : 1&#8217;i \u00e7ocuk 5 yaral\u0131"}]},{"@type":"WebSite","@id":"https:\/\/memurunsesi.net\/#website","url":"https:\/\/memurunsesi.net\/","name":"Memurun Sesi","description":"G\u00fcncel ve Do\u011fru Haber","publisher":{"@id":"https:\/\/memurunsesi.net\/#organization"},"potentialAction":[{"@type":"SearchAction","target":{"@type":"EntryPoint","urlTemplate":"https:\/\/memurunsesi.net\/?s={search_term_string}"},"query-input":{"@type":"PropertyValueSpecification","valueRequired":true,"valueName":"search_term_string"}}],"inLanguage":"tr"},{"@type":"Organization","@id":"https:\/\/memurunsesi.net\/#organization","name":"Memurun Sesi","url":"https:\/\/memurunsesi.net\/","logo":{"@type":"ImageObject","inLanguage":"tr","@id":"https:\/\/memurunsesi.net\/#\/schema\/logo\/image\/","url":"https:\/\/memurunsesi.net\/wp-content\/uploads\/2025\/11\/cropped-MEMURUN-SESI.png","contentUrl":"https:\/\/memurunsesi.net\/wp-content\/uploads\/2025\/11\/cropped-MEMURUN-SESI.png","width":238,"height":57,"caption":"Memurun Sesi"},"image":{"@id":"https:\/\/memurunsesi.net\/#\/schema\/logo\/image\/"},"sameAs":["https:\/\/www.facebook.com\/unipersen\/?locale=tr_TR","https:\/\/x.com\/unipersen"]},{"@type":"Person","@id":"https:\/\/memurunsesi.net\/#\/schema\/person\/f21c2d73b89f6ee1d80b0a1803e38587","name":"Memurun Sesi Haber Merkezi","image":{"@type":"ImageObject","inLanguage":"tr","@id":"https:\/\/secure.gravatar.com\/avatar\/6cf0505f452ee753f485014986fab09a434671d2b919ee76fc541025c5876a70?s=96&d=mm&r=g","url":"https:\/\/secure.gravatar.com\/avatar\/6cf0505f452ee753f485014986fab09a434671d2b919ee76fc541025c5876a70?s=96&d=mm&r=g","contentUrl":"https:\/\/secure.gravatar.com\/avatar\/6cf0505f452ee753f485014986fab09a434671d2b919ee76fc541025c5876a70?s=96&d=mm&r=g","caption":"Memurun Sesi Haber Merkezi"},"sameAs":["https:\/\/memurunsesi.net"],"url":"https:\/\/memurunsesi.net\/index.php\/author\/uniper\/"}]}},"_links":{"self":[{"href":"https:\/\/memurunsesi.net\/index.php\/wp-json\/wp\/v2\/posts\/13351","targetHints":{"allow":["GET"]}}],"collection":[{"href":"https:\/\/memurunsesi.net\/index.php\/wp-json\/wp\/v2\/posts"}],"about":[{"href":"https:\/\/memurunsesi.net\/index.php\/wp-json\/wp\/v2\/types\/post"}],"author":[{"embeddable":true,"href":"https:\/\/memurunsesi.net\/index.php\/wp-json\/wp\/v2\/users\/1"}],"replies":[{"embeddable":true,"href":"https:\/\/memurunsesi.net\/index.php\/wp-json\/wp\/v2\/comments?post=13351"}],"version-history":[{"count":1,"href":"https:\/\/memurunsesi.net\/index.php\/wp-json\/wp\/v2\/posts\/13351\/revisions"}],"predecessor-version":[{"id":13353,"href":"https:\/\/memurunsesi.net\/index.php\/wp-json\/wp\/v2\/posts\/13351\/revisions\/13353"}],"wp:featuredmedia":[{"embeddable":true,"href":"https:\/\/memurunsesi.net\/index.php\/wp-json\/wp\/v2\/media\/13352"}],"wp:attachment":[{"href":"https:\/\/memurunsesi.net\/index.php\/wp-json\/wp\/v2\/media?parent=13351"}],"wp:term":[{"taxonomy":"category","embeddable":true,"href":"https:\/\/memurunsesi.net\/index.php\/wp-json\/wp\/v2\/categories?post=13351"},{"taxonomy":"post_tag","embeddable":true,"href":"https:\/\/memurunsesi.net\/index.php\/wp-json\/wp\/v2\/tags?post=13351"}],"curies":[{"name":"wp","href":"https:\/\/api.w.org\/{rel}","templated":true}]}}