{"id":13423,"date":"2025-10-28T08:05:57","date_gmt":"2025-10-28T05:05:57","guid":{"rendered":"https:\/\/memurunsesi.net\/?p=13423"},"modified":"2025-10-28T08:05:57","modified_gmt":"2025-10-28T05:05:57","slug":"sindirgi-depreminde-coken-binalar-sabahin-ilk-isiklariyla-boyle-goruntulendi","status":"publish","type":"post","link":"https:\/\/memurunsesi.net\/index.php\/2025\/10\/28\/sindirgi-depreminde-coken-binalar-sabahin-ilk-isiklariyla-boyle-goruntulendi\/","title":{"rendered":"S\u0131nd\u0131rg\u0131 depreminde \u00e7\u00f6ken binalar sabah\u0131n ilk \u0131\u015f\u0131klar\u0131yla b\u00f6yle g\u00f6r\u00fcnt\u00fclendi"},"content":{"rendered":"<p>  Bal\u0131kesir S\u0131nd\u0131rg\u0131 il\u00e7esine meydana gelen 6.1 b\u00fcy\u00fckl\u00fc\u011f\u00fcndeki deprem y\u0131k\u0131ma neden oldu. Y\u0131k\u0131lan binalar sabah\u0131n ilk \u0131\u015f\u0131klar\u0131yla dron ile g\u00f6r\u00fcnt\u00fclendi.<br \/>\nBal\u0131kesir&#8217;in S\u0131nd\u0131rg\u0131 il\u00e7esinde gece saat 22.48&#8217;de meydana gelen 6.1 b\u00fcy\u00fckl\u00fc\u011f\u00fcndeki deprem b\u00fcy\u00fck y\u0131k\u0131ma neden oldu. AFAD verilerine g\u00f6re yerin yakla\u015f\u0131k 5,9 kilometre derinli\u011finde ger\u00e7ekle\u015fen deprem \u00e7evre illerde de hissedildi. Sabah\u0131n ilk \u0131\u015f\u0131klar\u0131yla birlikte, depremin etkisi g\u00f6zler \u00f6n\u00fcne serildi. \u0130l\u00e7e merkezine ve \u00e7evre illerde hissedilen depremde 3 bina tamamen y\u0131k\u0131l\u0131rken, bir\u00e7ok bina da a\u011f\u0131r hasar ald\u0131. <\/p>\n<p>28.10.2025                               <\/p>\n","protected":false},"excerpt":{"rendered":"<p>Bal\u0131kesir S\u0131nd\u0131rg\u0131 il\u00e7esine meydana gelen 6.1 b\u00fcy\u00fckl\u00fc\u011f\u00fcndeki deprem y\u0131k\u0131ma neden oldu. Y\u0131k\u0131lan binalar sabah\u0131n ilk \u0131\u015f\u0131klar\u0131yla dron ile g\u00f6r\u00fcnt\u00fclendi. Bal\u0131kesir&#8217;in S\u0131nd\u0131rg\u0131 il\u00e7esinde gece saat 22.48&#8217;de meydana gelen 6.1 b\u00fcy\u00fckl\u00fc\u011f\u00fcndeki deprem b\u00fcy\u00fck y\u0131k\u0131ma neden oldu. AFAD verilerine g\u00f6re yerin yakla\u015f\u0131k 5,9 kilometre derinli\u011finde ger\u00e7ekle\u015fen deprem \u00e7evre illerde de hissedildi. Sabah\u0131n ilk \u0131\u015f\u0131klar\u0131yla birlikte, depremin etkisi g\u00f6zler [&hellip;]<\/p>\n","protected":false},"author":1,"featured_media":13424,"comment_status":"open","ping_status":"open","sticky":false,"template":"","format":"standard","meta":{"footnotes":""},"categories":[1],"tags":[138,137,136,135],"class_list":["post-13423","post","type-post","status-publish","format-standard","has-post-thumbnail","hentry","category-genel","tag-6-1","tag-bina","tag-cokuntu","tag-deprem"],"yoast_head":"<!-- This site is optimized with the Yoast SEO plugin v27.4 - https:\/\/yoast.com\/product\/yoast-seo-wordpress\/ -->\n<title>S\u0131nd\u0131rg\u0131 depreminde \u00e7\u00f6ken binalar sabah\u0131n ilk \u0131\u015f\u0131klar\u0131yla b\u00f6yle g\u00f6r\u00fcnt\u00fclendi - Memurun Sesi<\/title>\n<meta name=\"description\" content=\"S\u0131nd\u0131rg\u0131 depreminde \u00e7\u00f6ken binalar sabah\u0131n ilk \u0131\u015f\u0131klar\u0131yla b\u00f6yle g\u00f6r\u00fcnt\u00fclendi\" \/>\n<meta name=\"robots\" content=\"index, follow, max-snippet:-1, max-image-preview:large, max-video-preview:-1\" \/>\n<link rel=\"canonical\" href=\"https:\/\/memurunsesi.net\/index.php\/2025\/10\/28\/sindirgi-depreminde-coken-binalar-sabahin-ilk-isiklariyla-boyle-goruntulendi\/\" \/>\n<meta property=\"og:locale\" content=\"tr_TR\" \/>\n<meta property=\"og:type\" content=\"article\" \/>\n<meta property=\"og:title\" content=\"S\u0131nd\u0131rg\u0131 depreminde \u00e7\u00f6ken binalar sabah\u0131n ilk \u0131\u015f\u0131klar\u0131yla b\u00f6yle g\u00f6r\u00fcnt\u00fclendi - Memurun Sesi\" \/>\n<meta property=\"og:description\" content=\"S\u0131nd\u0131rg\u0131 depreminde \u00e7\u00f6ken binalar sabah\u0131n ilk \u0131\u015f\u0131klar\u0131yla b\u00f6yle g\u00f6r\u00fcnt\u00fclendi\" \/>\n<meta property=\"og:url\" content=\"https:\/\/memurunsesi.net\/index.php\/2025\/10\/28\/sindirgi-depreminde-coken-binalar-sabahin-ilk-isiklariyla-boyle-goruntulendi\/\" \/>\n<meta property=\"og:site_name\" content=\"Memurun Sesi\" \/>\n<meta property=\"article:publisher\" content=\"https:\/\/www.facebook.com\/unipersen\/?locale=tr_TR\" \/>\n<meta property=\"article:published_time\" content=\"2025-10-28T05:05:57+00:00\" \/>\n<meta property=\"og:image\" content=\"https:\/\/memurunsesi.net\/wp-content\/uploads\/2025\/10\/deprem-scaled.jpg\" \/>\n\t<meta property=\"og:image:width\" content=\"2560\" \/>\n\t<meta property=\"og:image:height\" content=\"1440\" \/>\n\t<meta property=\"og:image:type\" content=\"image\/jpeg\" \/>\n<meta name=\"author\" content=\"Memurun Sesi Haber Merkezi\" \/>\n<meta name=\"twitter:card\" content=\"summary_large_image\" \/>\n<meta name=\"twitter:creator\" content=\"@unipersen\" \/>\n<meta name=\"twitter:site\" content=\"@unipersen\" \/>\n<meta name=\"twitter:label1\" content=\"Yazan:\" \/>\n\t<meta name=\"twitter:data1\" content=\"Memurun Sesi Haber Merkezi\" \/>\n\t<meta name=\"twitter:label2\" content=\"Tahmini okuma s\u00fcresi\" \/>\n\t<meta name=\"twitter:data2\" content=\"1 dakika\" \/>\n<script type=\"application\/ld+json\" class=\"yoast-schema-graph\">{\"@context\":\"https:\\\/\\\/schema.org\",\"@graph\":[{\"@type\":\"Article\",\"@id\":\"https:\\\/\\\/memurunsesi.net\\\/index.php\\\/2025\\\/10\\\/28\\\/sindirgi-depreminde-coken-binalar-sabahin-ilk-isiklariyla-boyle-goruntulendi\\\/#article\",\"isPartOf\":{\"@id\":\"https:\\\/\\\/memurunsesi.net\\\/index.php\\\/2025\\\/10\\\/28\\\/sindirgi-depreminde-coken-binalar-sabahin-ilk-isiklariyla-boyle-goruntulendi\\\/\"},\"author\":{\"name\":\"Memurun Sesi Haber Merkezi\",\"@id\":\"https:\\\/\\\/memurunsesi.net\\\/#\\\/schema\\\/person\\\/f21c2d73b89f6ee1d80b0a1803e38587\"},\"headline\":\"S\u0131nd\u0131rg\u0131 depreminde \u00e7\u00f6ken binalar sabah\u0131n ilk \u0131\u015f\u0131klar\u0131yla b\u00f6yle g\u00f6r\u00fcnt\u00fclendi\",\"datePublished\":\"2025-10-28T05:05:57+00:00\",\"mainEntityOfPage\":{\"@id\":\"https:\\\/\\\/memurunsesi.net\\\/index.php\\\/2025\\\/10\\\/28\\\/sindirgi-depreminde-coken-binalar-sabahin-ilk-isiklariyla-boyle-goruntulendi\\\/\"},\"wordCount\":130,\"commentCount\":0,\"publisher\":{\"@id\":\"https:\\\/\\\/memurunsesi.net\\\/#organization\"},\"image\":{\"@id\":\"https:\\\/\\\/memurunsesi.net\\\/index.php\\\/2025\\\/10\\\/28\\\/sindirgi-depreminde-coken-binalar-sabahin-ilk-isiklariyla-boyle-goruntulendi\\\/#primaryimage\"},\"thumbnailUrl\":\"https:\\\/\\\/memurunsesi.net\\\/wp-content\\\/uploads\\\/2025\\\/10\\\/deprem-scaled.jpg\",\"keywords\":[\"6.1\",\"bina\",\"\u00e7\u00f6k\u00fcnt\u00fc\",\"deprem\"],\"inLanguage\":\"tr\",\"potentialAction\":[{\"@type\":\"CommentAction\",\"name\":\"Comment\",\"target\":[\"https:\\\/\\\/memurunsesi.net\\\/index.php\\\/2025\\\/10\\\/28\\\/sindirgi-depreminde-coken-binalar-sabahin-ilk-isiklariyla-boyle-goruntulendi\\\/#respond\"]}]},{\"@type\":\"WebPage\",\"@id\":\"https:\\\/\\\/memurunsesi.net\\\/index.php\\\/2025\\\/10\\\/28\\\/sindirgi-depreminde-coken-binalar-sabahin-ilk-isiklariyla-boyle-goruntulendi\\\/\",\"url\":\"https:\\\/\\\/memurunsesi.net\\\/index.php\\\/2025\\\/10\\\/28\\\/sindirgi-depreminde-coken-binalar-sabahin-ilk-isiklariyla-boyle-goruntulendi\\\/\",\"name\":\"S\u0131nd\u0131rg\u0131 depreminde \u00e7\u00f6ken binalar sabah\u0131n ilk \u0131\u015f\u0131klar\u0131yla b\u00f6yle g\u00f6r\u00fcnt\u00fclendi - Memurun Sesi\",\"isPartOf\":{\"@id\":\"https:\\\/\\\/memurunsesi.net\\\/#website\"},\"primaryImageOfPage\":{\"@id\":\"https:\\\/\\\/memurunsesi.net\\\/index.php\\\/2025\\\/10\\\/28\\\/sindirgi-depreminde-coken-binalar-sabahin-ilk-isiklariyla-boyle-goruntulendi\\\/#primaryimage\"},\"image\":{\"@id\":\"https:\\\/\\\/memurunsesi.net\\\/index.php\\\/2025\\\/10\\\/28\\\/sindirgi-depreminde-coken-binalar-sabahin-ilk-isiklariyla-boyle-goruntulendi\\\/#primaryimage\"},\"thumbnailUrl\":\"https:\\\/\\\/memurunsesi.net\\\/wp-content\\\/uploads\\\/2025\\\/10\\\/deprem-scaled.jpg\",\"datePublished\":\"2025-10-28T05:05:57+00:00\",\"description\":\"S\u0131nd\u0131rg\u0131 depreminde \u00e7\u00f6ken binalar sabah\u0131n ilk \u0131\u015f\u0131klar\u0131yla b\u00f6yle g\u00f6r\u00fcnt\u00fclendi\",\"breadcrumb\":{\"@id\":\"https:\\\/\\\/memurunsesi.net\\\/index.php\\\/2025\\\/10\\\/28\\\/sindirgi-depreminde-coken-binalar-sabahin-ilk-isiklariyla-boyle-goruntulendi\\\/#breadcrumb\"},\"inLanguage\":\"tr\",\"potentialAction\":[{\"@type\":\"ReadAction\",\"target\":[\"https:\\\/\\\/memurunsesi.net\\\/index.php\\\/2025\\\/10\\\/28\\\/sindirgi-depreminde-coken-binalar-sabahin-ilk-isiklariyla-boyle-goruntulendi\\\/\"]}]},{\"@type\":\"ImageObject\",\"inLanguage\":\"tr\",\"@id\":\"https:\\\/\\\/memurunsesi.net\\\/index.php\\\/2025\\\/10\\\/28\\\/sindirgi-depreminde-coken-binalar-sabahin-ilk-isiklariyla-boyle-goruntulendi\\\/#primaryimage\",\"url\":\"https:\\\/\\\/memurunsesi.net\\\/wp-content\\\/uploads\\\/2025\\\/10\\\/deprem-scaled.jpg\",\"contentUrl\":\"https:\\\/\\\/memurunsesi.net\\\/wp-content\\\/uploads\\\/2025\\\/10\\\/deprem-scaled.jpg\",\"width\":1920,\"height\":1080,\"caption\":\"BALIKES\u0130R SINDIRGI \u0130L\u00c7ES\u0130NE MEYDANA GELEN 6.1 \u015e\u0130DDET\u0130NDEK\u0130 DEPREM YIKIMA NEDEN OLDU. YIKILAN B\u0130NALAR SABAHIN \u0130LK I\u015eIKLARIYLA HAVADAN G\u00d6R\u00dcNT\u00dcLEND\u0130. (ABDULLAH BOZKURT - EMRE \u015eENY\u00dcREKL\u0130\\\/BALIKES\u0130R-\u0130HA) Bal\u0131kesir S\u0131nd\u0131rg\u0131 il\u00e7esine meydana gelen 6.1 b\u00fcy\u00fckl\u00fc\u011f\u00fcndeki deprem y\u0131k\u0131ma neden oldu. Y\u0131k\u0131lan binalar sabah\u0131n ilk \u0131\u015f\u0131klar\u0131yla dron ile g\u00f6r\u00fcnt\u00fclendi.\"},{\"@type\":\"BreadcrumbList\",\"@id\":\"https:\\\/\\\/memurunsesi.net\\\/index.php\\\/2025\\\/10\\\/28\\\/sindirgi-depreminde-coken-binalar-sabahin-ilk-isiklariyla-boyle-goruntulendi\\\/#breadcrumb\",\"itemListElement\":[{\"@type\":\"ListItem\",\"position\":1,\"name\":\"Anasayfa\",\"item\":\"https:\\\/\\\/memurunsesi.net\\\/\"},{\"@type\":\"ListItem\",\"position\":2,\"name\":\"S\u0131nd\u0131rg\u0131 depreminde \u00e7\u00f6ken binalar sabah\u0131n ilk \u0131\u015f\u0131klar\u0131yla b\u00f6yle g\u00f6r\u00fcnt\u00fclendi\"}]},{\"@type\":\"WebSite\",\"@id\":\"https:\\\/\\\/memurunsesi.net\\\/#website\",\"url\":\"https:\\\/\\\/memurunsesi.net\\\/\",\"name\":\"Memurun Sesi\",\"description\":\"G\u00fcncel ve Do\u011fru Haber\",\"publisher\":{\"@id\":\"https:\\\/\\\/memurunsesi.net\\\/#organization\"},\"potentialAction\":[{\"@type\":\"SearchAction\",\"target\":{\"@type\":\"EntryPoint\",\"urlTemplate\":\"https:\\\/\\\/memurunsesi.net\\\/?s={search_term_string}\"},\"query-input\":{\"@type\":\"PropertyValueSpecification\",\"valueRequired\":true,\"valueName\":\"search_term_string\"}}],\"inLanguage\":\"tr\"},{\"@type\":\"Organization\",\"@id\":\"https:\\\/\\\/memurunsesi.net\\\/#organization\",\"name\":\"Memurun Sesi\",\"url\":\"https:\\\/\\\/memurunsesi.net\\\/\",\"logo\":{\"@type\":\"ImageObject\",\"inLanguage\":\"tr\",\"@id\":\"https:\\\/\\\/memurunsesi.net\\\/#\\\/schema\\\/logo\\\/image\\\/\",\"url\":\"https:\\\/\\\/memurunsesi.net\\\/wp-content\\\/uploads\\\/2025\\\/11\\\/cropped-MEMURUN-SESI.png\",\"contentUrl\":\"https:\\\/\\\/memurunsesi.net\\\/wp-content\\\/uploads\\\/2025\\\/11\\\/cropped-MEMURUN-SESI.png\",\"width\":238,\"height\":57,\"caption\":\"Memurun Sesi\"},\"image\":{\"@id\":\"https:\\\/\\\/memurunsesi.net\\\/#\\\/schema\\\/logo\\\/image\\\/\"},\"sameAs\":[\"https:\\\/\\\/www.facebook.com\\\/unipersen\\\/?locale=tr_TR\",\"https:\\\/\\\/x.com\\\/unipersen\"]},{\"@type\":\"Person\",\"@id\":\"https:\\\/\\\/memurunsesi.net\\\/#\\\/schema\\\/person\\\/f21c2d73b89f6ee1d80b0a1803e38587\",\"name\":\"Memurun Sesi Haber Merkezi\",\"image\":{\"@type\":\"ImageObject\",\"inLanguage\":\"tr\",\"@id\":\"https:\\\/\\\/secure.gravatar.com\\\/avatar\\\/6cf0505f452ee753f485014986fab09a434671d2b919ee76fc541025c5876a70?s=96&d=mm&r=g\",\"url\":\"https:\\\/\\\/secure.gravatar.com\\\/avatar\\\/6cf0505f452ee753f485014986fab09a434671d2b919ee76fc541025c5876a70?s=96&d=mm&r=g\",\"contentUrl\":\"https:\\\/\\\/secure.gravatar.com\\\/avatar\\\/6cf0505f452ee753f485014986fab09a434671d2b919ee76fc541025c5876a70?s=96&d=mm&r=g\",\"caption\":\"Memurun Sesi Haber Merkezi\"},\"sameAs\":[\"https:\\\/\\\/memurunsesi.net\"],\"url\":\"https:\\\/\\\/memurunsesi.net\\\/index.php\\\/author\\\/uniper\\\/\"}]}<\/script>\n<!-- \/ Yoast SEO plugin. -->","yoast_head_json":{"title":"S\u0131nd\u0131rg\u0131 depreminde \u00e7\u00f6ken binalar sabah\u0131n ilk \u0131\u015f\u0131klar\u0131yla b\u00f6yle g\u00f6r\u00fcnt\u00fclendi - Memurun Sesi","description":"S\u0131nd\u0131rg\u0131 depreminde \u00e7\u00f6ken binalar sabah\u0131n ilk \u0131\u015f\u0131klar\u0131yla b\u00f6yle g\u00f6r\u00fcnt\u00fclendi","robots":{"index":"index","follow":"follow","max-snippet":"max-snippet:-1","max-image-preview":"max-image-preview:large","max-video-preview":"max-video-preview:-1"},"canonical":"https:\/\/memurunsesi.net\/index.php\/2025\/10\/28\/sindirgi-depreminde-coken-binalar-sabahin-ilk-isiklariyla-boyle-goruntulendi\/","og_locale":"tr_TR","og_type":"article","og_title":"S\u0131nd\u0131rg\u0131 depreminde \u00e7\u00f6ken binalar sabah\u0131n ilk \u0131\u015f\u0131klar\u0131yla b\u00f6yle g\u00f6r\u00fcnt\u00fclendi - Memurun Sesi","og_description":"S\u0131nd\u0131rg\u0131 depreminde \u00e7\u00f6ken binalar sabah\u0131n ilk \u0131\u015f\u0131klar\u0131yla b\u00f6yle g\u00f6r\u00fcnt\u00fclendi","og_url":"https:\/\/memurunsesi.net\/index.php\/2025\/10\/28\/sindirgi-depreminde-coken-binalar-sabahin-ilk-isiklariyla-boyle-goruntulendi\/","og_site_name":"Memurun Sesi","article_publisher":"https:\/\/www.facebook.com\/unipersen\/?locale=tr_TR","article_published_time":"2025-10-28T05:05:57+00:00","og_image":[{"width":2560,"height":1440,"url":"https:\/\/memurunsesi.net\/wp-content\/uploads\/2025\/10\/deprem-scaled.jpg","type":"image\/jpeg"}],"author":"Memurun Sesi Haber Merkezi","twitter_card":"summary_large_image","twitter_creator":"@unipersen","twitter_site":"@unipersen","twitter_misc":{"Yazan:":"Memurun Sesi Haber Merkezi","Tahmini okuma s\u00fcresi":"1 dakika"},"schema":{"@context":"https:\/\/schema.org","@graph":[{"@type":"Article","@id":"https:\/\/memurunsesi.net\/index.php\/2025\/10\/28\/sindirgi-depreminde-coken-binalar-sabahin-ilk-isiklariyla-boyle-goruntulendi\/#article","isPartOf":{"@id":"https:\/\/memurunsesi.net\/index.php\/2025\/10\/28\/sindirgi-depreminde-coken-binalar-sabahin-ilk-isiklariyla-boyle-goruntulendi\/"},"author":{"name":"Memurun Sesi Haber Merkezi","@id":"https:\/\/memurunsesi.net\/#\/schema\/person\/f21c2d73b89f6ee1d80b0a1803e38587"},"headline":"S\u0131nd\u0131rg\u0131 depreminde \u00e7\u00f6ken binalar sabah\u0131n ilk \u0131\u015f\u0131klar\u0131yla b\u00f6yle g\u00f6r\u00fcnt\u00fclendi","datePublished":"2025-10-28T05:05:57+00:00","mainEntityOfPage":{"@id":"https:\/\/memurunsesi.net\/index.php\/2025\/10\/28\/sindirgi-depreminde-coken-binalar-sabahin-ilk-isiklariyla-boyle-goruntulendi\/"},"wordCount":130,"commentCount":0,"publisher":{"@id":"https:\/\/memurunsesi.net\/#organization"},"image":{"@id":"https:\/\/memurunsesi.net\/index.php\/2025\/10\/28\/sindirgi-depreminde-coken-binalar-sabahin-ilk-isiklariyla-boyle-goruntulendi\/#primaryimage"},"thumbnailUrl":"https:\/\/memurunsesi.net\/wp-content\/uploads\/2025\/10\/deprem-scaled.jpg","keywords":["6.1","bina","\u00e7\u00f6k\u00fcnt\u00fc","deprem"],"inLanguage":"tr","potentialAction":[{"@type":"CommentAction","name":"Comment","target":["https:\/\/memurunsesi.net\/index.php\/2025\/10\/28\/sindirgi-depreminde-coken-binalar-sabahin-ilk-isiklariyla-boyle-goruntulendi\/#respond"]}]},{"@type":"WebPage","@id":"https:\/\/memurunsesi.net\/index.php\/2025\/10\/28\/sindirgi-depreminde-coken-binalar-sabahin-ilk-isiklariyla-boyle-goruntulendi\/","url":"https:\/\/memurunsesi.net\/index.php\/2025\/10\/28\/sindirgi-depreminde-coken-binalar-sabahin-ilk-isiklariyla-boyle-goruntulendi\/","name":"S\u0131nd\u0131rg\u0131 depreminde \u00e7\u00f6ken binalar sabah\u0131n ilk \u0131\u015f\u0131klar\u0131yla b\u00f6yle g\u00f6r\u00fcnt\u00fclendi - Memurun Sesi","isPartOf":{"@id":"https:\/\/memurunsesi.net\/#website"},"primaryImageOfPage":{"@id":"https:\/\/memurunsesi.net\/index.php\/2025\/10\/28\/sindirgi-depreminde-coken-binalar-sabahin-ilk-isiklariyla-boyle-goruntulendi\/#primaryimage"},"image":{"@id":"https:\/\/memurunsesi.net\/index.php\/2025\/10\/28\/sindirgi-depreminde-coken-binalar-sabahin-ilk-isiklariyla-boyle-goruntulendi\/#primaryimage"},"thumbnailUrl":"https:\/\/memurunsesi.net\/wp-content\/uploads\/2025\/10\/deprem-scaled.jpg","datePublished":"2025-10-28T05:05:57+00:00","description":"S\u0131nd\u0131rg\u0131 depreminde \u00e7\u00f6ken binalar sabah\u0131n ilk \u0131\u015f\u0131klar\u0131yla b\u00f6yle g\u00f6r\u00fcnt\u00fclendi","breadcrumb":{"@id":"https:\/\/memurunsesi.net\/index.php\/2025\/10\/28\/sindirgi-depreminde-coken-binalar-sabahin-ilk-isiklariyla-boyle-goruntulendi\/#breadcrumb"},"inLanguage":"tr","potentialAction":[{"@type":"ReadAction","target":["https:\/\/memurunsesi.net\/index.php\/2025\/10\/28\/sindirgi-depreminde-coken-binalar-sabahin-ilk-isiklariyla-boyle-goruntulendi\/"]}]},{"@type":"ImageObject","inLanguage":"tr","@id":"https:\/\/memurunsesi.net\/index.php\/2025\/10\/28\/sindirgi-depreminde-coken-binalar-sabahin-ilk-isiklariyla-boyle-goruntulendi\/#primaryimage","url":"https:\/\/memurunsesi.net\/wp-content\/uploads\/2025\/10\/deprem-scaled.jpg","contentUrl":"https:\/\/memurunsesi.net\/wp-content\/uploads\/2025\/10\/deprem-scaled.jpg","width":1920,"height":1080,"caption":"BALIKES\u0130R SINDIRGI \u0130L\u00c7ES\u0130NE MEYDANA GELEN 6.1 \u015e\u0130DDET\u0130NDEK\u0130 DEPREM YIKIMA NEDEN OLDU. YIKILAN B\u0130NALAR SABAHIN \u0130LK I\u015eIKLARIYLA HAVADAN G\u00d6R\u00dcNT\u00dcLEND\u0130. (ABDULLAH BOZKURT - EMRE \u015eENY\u00dcREKL\u0130\/BALIKES\u0130R-\u0130HA) Bal\u0131kesir S\u0131nd\u0131rg\u0131 il\u00e7esine meydana gelen 6.1 b\u00fcy\u00fckl\u00fc\u011f\u00fcndeki deprem y\u0131k\u0131ma neden oldu. Y\u0131k\u0131lan binalar sabah\u0131n ilk \u0131\u015f\u0131klar\u0131yla dron ile g\u00f6r\u00fcnt\u00fclendi."},{"@type":"BreadcrumbList","@id":"https:\/\/memurunsesi.net\/index.php\/2025\/10\/28\/sindirgi-depreminde-coken-binalar-sabahin-ilk-isiklariyla-boyle-goruntulendi\/#breadcrumb","itemListElement":[{"@type":"ListItem","position":1,"name":"Anasayfa","item":"https:\/\/memurunsesi.net\/"},{"@type":"ListItem","position":2,"name":"S\u0131nd\u0131rg\u0131 depreminde \u00e7\u00f6ken binalar sabah\u0131n ilk \u0131\u015f\u0131klar\u0131yla b\u00f6yle g\u00f6r\u00fcnt\u00fclendi"}]},{"@type":"WebSite","@id":"https:\/\/memurunsesi.net\/#website","url":"https:\/\/memurunsesi.net\/","name":"Memurun Sesi","description":"G\u00fcncel ve Do\u011fru Haber","publisher":{"@id":"https:\/\/memurunsesi.net\/#organization"},"potentialAction":[{"@type":"SearchAction","target":{"@type":"EntryPoint","urlTemplate":"https:\/\/memurunsesi.net\/?s={search_term_string}"},"query-input":{"@type":"PropertyValueSpecification","valueRequired":true,"valueName":"search_term_string"}}],"inLanguage":"tr"},{"@type":"Organization","@id":"https:\/\/memurunsesi.net\/#organization","name":"Memurun Sesi","url":"https:\/\/memurunsesi.net\/","logo":{"@type":"ImageObject","inLanguage":"tr","@id":"https:\/\/memurunsesi.net\/#\/schema\/logo\/image\/","url":"https:\/\/memurunsesi.net\/wp-content\/uploads\/2025\/11\/cropped-MEMURUN-SESI.png","contentUrl":"https:\/\/memurunsesi.net\/wp-content\/uploads\/2025\/11\/cropped-MEMURUN-SESI.png","width":238,"height":57,"caption":"Memurun Sesi"},"image":{"@id":"https:\/\/memurunsesi.net\/#\/schema\/logo\/image\/"},"sameAs":["https:\/\/www.facebook.com\/unipersen\/?locale=tr_TR","https:\/\/x.com\/unipersen"]},{"@type":"Person","@id":"https:\/\/memurunsesi.net\/#\/schema\/person\/f21c2d73b89f6ee1d80b0a1803e38587","name":"Memurun Sesi Haber Merkezi","image":{"@type":"ImageObject","inLanguage":"tr","@id":"https:\/\/secure.gravatar.com\/avatar\/6cf0505f452ee753f485014986fab09a434671d2b919ee76fc541025c5876a70?s=96&d=mm&r=g","url":"https:\/\/secure.gravatar.com\/avatar\/6cf0505f452ee753f485014986fab09a434671d2b919ee76fc541025c5876a70?s=96&d=mm&r=g","contentUrl":"https:\/\/secure.gravatar.com\/avatar\/6cf0505f452ee753f485014986fab09a434671d2b919ee76fc541025c5876a70?s=96&d=mm&r=g","caption":"Memurun Sesi Haber Merkezi"},"sameAs":["https:\/\/memurunsesi.net"],"url":"https:\/\/memurunsesi.net\/index.php\/author\/uniper\/"}]}},"_links":{"self":[{"href":"https:\/\/memurunsesi.net\/index.php\/wp-json\/wp\/v2\/posts\/13423","targetHints":{"allow":["GET"]}}],"collection":[{"href":"https:\/\/memurunsesi.net\/index.php\/wp-json\/wp\/v2\/posts"}],"about":[{"href":"https:\/\/memurunsesi.net\/index.php\/wp-json\/wp\/v2\/types\/post"}],"author":[{"embeddable":true,"href":"https:\/\/memurunsesi.net\/index.php\/wp-json\/wp\/v2\/users\/1"}],"replies":[{"embeddable":true,"href":"https:\/\/memurunsesi.net\/index.php\/wp-json\/wp\/v2\/comments?post=13423"}],"version-history":[{"count":1,"href":"https:\/\/memurunsesi.net\/index.php\/wp-json\/wp\/v2\/posts\/13423\/revisions"}],"predecessor-version":[{"id":13425,"href":"https:\/\/memurunsesi.net\/index.php\/wp-json\/wp\/v2\/posts\/13423\/revisions\/13425"}],"wp:featuredmedia":[{"embeddable":true,"href":"https:\/\/memurunsesi.net\/index.php\/wp-json\/wp\/v2\/media\/13424"}],"wp:attachment":[{"href":"https:\/\/memurunsesi.net\/index.php\/wp-json\/wp\/v2\/media?parent=13423"}],"wp:term":[{"taxonomy":"category","embeddable":true,"href":"https:\/\/memurunsesi.net\/index.php\/wp-json\/wp\/v2\/categories?post=13423"},{"taxonomy":"post_tag","embeddable":true,"href":"https:\/\/memurunsesi.net\/index.php\/wp-json\/wp\/v2\/tags?post=13423"}],"curies":[{"name":"wp","href":"https:\/\/api.w.org\/{rel}","templated":true}]}}