{"id":13426,"date":"2025-10-28T08:07:43","date_gmt":"2025-10-28T05:07:43","guid":{"rendered":"https:\/\/memurunsesi.net\/?p=13426"},"modified":"2025-10-28T08:07:43","modified_gmt":"2025-10-28T05:07:43","slug":"bakan-yerlikaya-yikilan-3-bina-ve-1-is-yerinde-incelemelerde-bulunduk","status":"publish","type":"post","link":"https:\/\/memurunsesi.net\/index.php\/2025\/10\/28\/bakan-yerlikaya-yikilan-3-bina-ve-1-is-yerinde-incelemelerde-bulunduk\/","title":{"rendered":"Bakan Yerlikaya: &#8220;Y\u0131k\u0131lan 3 bina ve 1 i\u015f yerinde incelemelerde bulunduk&#8221;"},"content":{"rendered":"<p>  \u0130\u00e7i\u015fleri Bakan\u0131 Ali Yerlikaya depremi meydana geldi\u011fi Bal\u0131kesir&#8217;in S\u0131nd\u0131rg\u0131 il\u00e7esini ziyaret etti.<br \/>\n\u0130\u00e7i\u015fleri Bakan\u0131 Ali Yerlikaya sosyal medya hesab\u0131ndan yapt\u0131\u011f\u0131 payla\u015f\u0131mda \u015fu ifadelere yer verdi; &#8220;Bal\u0131kesir&#8217;in S\u0131nd\u0131rg\u0131 il\u00e7esinde meydana gelen 6.1 b\u00fcy\u00fckl\u00fc\u011f\u00fcndeki depremin ard\u0131ndan y\u0131k\u0131lan 3 bina ve 1 i\u015f yerinde incelemelerde bulunduk. Vatanda\u015flar\u0131m\u0131z\u0131 ve \u00e7al\u0131\u015fma ekiplerimizi ziyaret ettik.&#8221; <\/p>\n<p>28.10.2025                                <\/p>\n","protected":false},"excerpt":{"rendered":"<p>\u0130\u00e7i\u015fleri Bakan\u0131 Ali Yerlikaya depremi meydana geldi\u011fi Bal\u0131kesir&#8217;in S\u0131nd\u0131rg\u0131 il\u00e7esini ziyaret etti. \u0130\u00e7i\u015fleri Bakan\u0131 Ali Yerlikaya sosyal medya hesab\u0131ndan yapt\u0131\u011f\u0131 payla\u015f\u0131mda \u015fu ifadelere yer verdi; &#8220;Bal\u0131kesir&#8217;in S\u0131nd\u0131rg\u0131 il\u00e7esinde meydana gelen 6.1 b\u00fcy\u00fckl\u00fc\u011f\u00fcndeki depremin ard\u0131ndan y\u0131k\u0131lan 3 bina ve 1 i\u015f yerinde incelemelerde bulunduk. Vatanda\u015flar\u0131m\u0131z\u0131 ve \u00e7al\u0131\u015fma ekiplerimizi ziyaret ettik.&#8221; 28.10.2025<\/p>\n","protected":false},"author":1,"featured_media":13427,"comment_status":"open","ping_status":"open","sticky":false,"template":"","format":"standard","meta":{"footnotes":""},"categories":[50],"tags":[139,140,141],"class_list":["post-13426","post","type-post","status-publish","format-standard","has-post-thumbnail","hentry","category-tum-haberler","tag-bakan","tag-inceleme","tag-yikilan-bina"],"yoast_head":"<!-- This site is optimized with the Yoast SEO plugin v27.4 - https:\/\/yoast.com\/product\/yoast-seo-wordpress\/ -->\n<title>Bakan Yerlikaya: &quot;Y\u0131k\u0131lan 3 bina ve 1 i\u015f yerinde incelemelerde bulunduk&quot; - Memurun Sesi<\/title>\n<meta name=\"description\" content=\"Bakan Yerlikaya: &quot;Y\u0131k\u0131lan 3 bina ve 1 i\u015f yerinde incelemelerde bulunduk&quot;\" \/>\n<meta name=\"robots\" content=\"index, follow, max-snippet:-1, max-image-preview:large, max-video-preview:-1\" \/>\n<link rel=\"canonical\" href=\"https:\/\/memurunsesi.net\/index.php\/2025\/10\/28\/bakan-yerlikaya-yikilan-3-bina-ve-1-is-yerinde-incelemelerde-bulunduk\/\" \/>\n<meta property=\"og:locale\" content=\"tr_TR\" \/>\n<meta property=\"og:type\" content=\"article\" \/>\n<meta property=\"og:title\" content=\"Bakan Yerlikaya: &quot;Y\u0131k\u0131lan 3 bina ve 1 i\u015f yerinde incelemelerde bulunduk&quot; - Memurun Sesi\" \/>\n<meta property=\"og:description\" content=\"Bakan Yerlikaya: &quot;Y\u0131k\u0131lan 3 bina ve 1 i\u015f yerinde incelemelerde bulunduk&quot;\" \/>\n<meta property=\"og:url\" content=\"https:\/\/memurunsesi.net\/index.php\/2025\/10\/28\/bakan-yerlikaya-yikilan-3-bina-ve-1-is-yerinde-incelemelerde-bulunduk\/\" \/>\n<meta property=\"og:site_name\" content=\"Memurun Sesi\" \/>\n<meta property=\"article:publisher\" content=\"https:\/\/www.facebook.com\/unipersen\/?locale=tr_TR\" \/>\n<meta property=\"article:published_time\" content=\"2025-10-28T05:07:43+00:00\" \/>\n<meta property=\"og:image\" content=\"https:\/\/memurunsesi.net\/wp-content\/uploads\/2025\/10\/deprem-inceleme.jpg\" \/>\n\t<meta property=\"og:image:width\" content=\"2048\" \/>\n\t<meta property=\"og:image:height\" content=\"1366\" \/>\n\t<meta property=\"og:image:type\" content=\"image\/jpeg\" \/>\n<meta name=\"author\" content=\"Memurun Sesi Haber Merkezi\" \/>\n<meta name=\"twitter:card\" content=\"summary_large_image\" \/>\n<meta name=\"twitter:creator\" content=\"@unipersen\" \/>\n<meta name=\"twitter:site\" content=\"@unipersen\" \/>\n<meta name=\"twitter:label1\" content=\"Yazan:\" \/>\n\t<meta name=\"twitter:data1\" content=\"Memurun Sesi Haber Merkezi\" \/>\n\t<meta name=\"twitter:label2\" content=\"Tahmini okuma s\u00fcresi\" \/>\n\t<meta name=\"twitter:data2\" content=\"1 dakika\" \/>\n<script type=\"application\/ld+json\" class=\"yoast-schema-graph\">{\"@context\":\"https:\\\/\\\/schema.org\",\"@graph\":[{\"@type\":\"Article\",\"@id\":\"https:\\\/\\\/memurunsesi.net\\\/index.php\\\/2025\\\/10\\\/28\\\/bakan-yerlikaya-yikilan-3-bina-ve-1-is-yerinde-incelemelerde-bulunduk\\\/#article\",\"isPartOf\":{\"@id\":\"https:\\\/\\\/memurunsesi.net\\\/index.php\\\/2025\\\/10\\\/28\\\/bakan-yerlikaya-yikilan-3-bina-ve-1-is-yerinde-incelemelerde-bulunduk\\\/\"},\"author\":{\"name\":\"Memurun Sesi Haber Merkezi\",\"@id\":\"https:\\\/\\\/memurunsesi.net\\\/#\\\/schema\\\/person\\\/f21c2d73b89f6ee1d80b0a1803e38587\"},\"headline\":\"Bakan Yerlikaya: &#8220;Y\u0131k\u0131lan 3 bina ve 1 i\u015f yerinde incelemelerde bulunduk&#8221;\",\"datePublished\":\"2025-10-28T05:07:43+00:00\",\"mainEntityOfPage\":{\"@id\":\"https:\\\/\\\/memurunsesi.net\\\/index.php\\\/2025\\\/10\\\/28\\\/bakan-yerlikaya-yikilan-3-bina-ve-1-is-yerinde-incelemelerde-bulunduk\\\/\"},\"wordCount\":82,\"commentCount\":0,\"publisher\":{\"@id\":\"https:\\\/\\\/memurunsesi.net\\\/#organization\"},\"image\":{\"@id\":\"https:\\\/\\\/memurunsesi.net\\\/index.php\\\/2025\\\/10\\\/28\\\/bakan-yerlikaya-yikilan-3-bina-ve-1-is-yerinde-incelemelerde-bulunduk\\\/#primaryimage\"},\"thumbnailUrl\":\"https:\\\/\\\/memurunsesi.net\\\/wp-content\\\/uploads\\\/2025\\\/10\\\/deprem-inceleme.jpg\",\"keywords\":[\"bakan\",\"inceleme\",\"y\u0131k\u0131lan bina\"],\"articleSection\":[\"T\u00fcm Haberler\"],\"inLanguage\":\"tr\",\"potentialAction\":[{\"@type\":\"CommentAction\",\"name\":\"Comment\",\"target\":[\"https:\\\/\\\/memurunsesi.net\\\/index.php\\\/2025\\\/10\\\/28\\\/bakan-yerlikaya-yikilan-3-bina-ve-1-is-yerinde-incelemelerde-bulunduk\\\/#respond\"]}]},{\"@type\":\"WebPage\",\"@id\":\"https:\\\/\\\/memurunsesi.net\\\/index.php\\\/2025\\\/10\\\/28\\\/bakan-yerlikaya-yikilan-3-bina-ve-1-is-yerinde-incelemelerde-bulunduk\\\/\",\"url\":\"https:\\\/\\\/memurunsesi.net\\\/index.php\\\/2025\\\/10\\\/28\\\/bakan-yerlikaya-yikilan-3-bina-ve-1-is-yerinde-incelemelerde-bulunduk\\\/\",\"name\":\"Bakan Yerlikaya: \\\"Y\u0131k\u0131lan 3 bina ve 1 i\u015f yerinde incelemelerde bulunduk\\\" - Memurun Sesi\",\"isPartOf\":{\"@id\":\"https:\\\/\\\/memurunsesi.net\\\/#website\"},\"primaryImageOfPage\":{\"@id\":\"https:\\\/\\\/memurunsesi.net\\\/index.php\\\/2025\\\/10\\\/28\\\/bakan-yerlikaya-yikilan-3-bina-ve-1-is-yerinde-incelemelerde-bulunduk\\\/#primaryimage\"},\"image\":{\"@id\":\"https:\\\/\\\/memurunsesi.net\\\/index.php\\\/2025\\\/10\\\/28\\\/bakan-yerlikaya-yikilan-3-bina-ve-1-is-yerinde-incelemelerde-bulunduk\\\/#primaryimage\"},\"thumbnailUrl\":\"https:\\\/\\\/memurunsesi.net\\\/wp-content\\\/uploads\\\/2025\\\/10\\\/deprem-inceleme.jpg\",\"datePublished\":\"2025-10-28T05:07:43+00:00\",\"description\":\"Bakan Yerlikaya: \\\"Y\u0131k\u0131lan 3 bina ve 1 i\u015f yerinde incelemelerde bulunduk\\\"\",\"breadcrumb\":{\"@id\":\"https:\\\/\\\/memurunsesi.net\\\/index.php\\\/2025\\\/10\\\/28\\\/bakan-yerlikaya-yikilan-3-bina-ve-1-is-yerinde-incelemelerde-bulunduk\\\/#breadcrumb\"},\"inLanguage\":\"tr\",\"potentialAction\":[{\"@type\":\"ReadAction\",\"target\":[\"https:\\\/\\\/memurunsesi.net\\\/index.php\\\/2025\\\/10\\\/28\\\/bakan-yerlikaya-yikilan-3-bina-ve-1-is-yerinde-incelemelerde-bulunduk\\\/\"]}]},{\"@type\":\"ImageObject\",\"inLanguage\":\"tr\",\"@id\":\"https:\\\/\\\/memurunsesi.net\\\/index.php\\\/2025\\\/10\\\/28\\\/bakan-yerlikaya-yikilan-3-bina-ve-1-is-yerinde-incelemelerde-bulunduk\\\/#primaryimage\",\"url\":\"https:\\\/\\\/memurunsesi.net\\\/wp-content\\\/uploads\\\/2025\\\/10\\\/deprem-inceleme.jpg\",\"contentUrl\":\"https:\\\/\\\/memurunsesi.net\\\/wp-content\\\/uploads\\\/2025\\\/10\\\/deprem-inceleme.jpg\",\"width\":1920,\"height\":1281,\"caption\":\"\u0130\u00c7\u0130\u015eLER\u0130 BAKANI AL\u0130 YERL\u0130KAYA DEPREM\u0130 MEYDANA GELD\u0130\u011e\u0130 BALIKES\u0130R'\u0130N SINDIRGI \u0130L\u00c7ES\u0130N\u0130 Z\u0130YARET ETT\u0130. (\u0130HA\\\/ANKARA-\u0130HA) \u0130\u00e7i\u015fleri Bakan\u0131 Ali Yerlikaya depremi meydana geldi\u011fi Bal\u0131kesir'in S\u0131nd\u0131rg\u0131 il\u00e7esini ziyaret etti.\"},{\"@type\":\"BreadcrumbList\",\"@id\":\"https:\\\/\\\/memurunsesi.net\\\/index.php\\\/2025\\\/10\\\/28\\\/bakan-yerlikaya-yikilan-3-bina-ve-1-is-yerinde-incelemelerde-bulunduk\\\/#breadcrumb\",\"itemListElement\":[{\"@type\":\"ListItem\",\"position\":1,\"name\":\"Anasayfa\",\"item\":\"https:\\\/\\\/memurunsesi.net\\\/\"},{\"@type\":\"ListItem\",\"position\":2,\"name\":\"Bakan Yerlikaya: &#8220;Y\u0131k\u0131lan 3 bina ve 1 i\u015f yerinde incelemelerde bulunduk&#8221;\"}]},{\"@type\":\"WebSite\",\"@id\":\"https:\\\/\\\/memurunsesi.net\\\/#website\",\"url\":\"https:\\\/\\\/memurunsesi.net\\\/\",\"name\":\"Memurun Sesi\",\"description\":\"G\u00fcncel ve Do\u011fru Haber\",\"publisher\":{\"@id\":\"https:\\\/\\\/memurunsesi.net\\\/#organization\"},\"potentialAction\":[{\"@type\":\"SearchAction\",\"target\":{\"@type\":\"EntryPoint\",\"urlTemplate\":\"https:\\\/\\\/memurunsesi.net\\\/?s={search_term_string}\"},\"query-input\":{\"@type\":\"PropertyValueSpecification\",\"valueRequired\":true,\"valueName\":\"search_term_string\"}}],\"inLanguage\":\"tr\"},{\"@type\":\"Organization\",\"@id\":\"https:\\\/\\\/memurunsesi.net\\\/#organization\",\"name\":\"Memurun Sesi\",\"url\":\"https:\\\/\\\/memurunsesi.net\\\/\",\"logo\":{\"@type\":\"ImageObject\",\"inLanguage\":\"tr\",\"@id\":\"https:\\\/\\\/memurunsesi.net\\\/#\\\/schema\\\/logo\\\/image\\\/\",\"url\":\"https:\\\/\\\/memurunsesi.net\\\/wp-content\\\/uploads\\\/2025\\\/11\\\/cropped-MEMURUN-SESI.png\",\"contentUrl\":\"https:\\\/\\\/memurunsesi.net\\\/wp-content\\\/uploads\\\/2025\\\/11\\\/cropped-MEMURUN-SESI.png\",\"width\":238,\"height\":57,\"caption\":\"Memurun Sesi\"},\"image\":{\"@id\":\"https:\\\/\\\/memurunsesi.net\\\/#\\\/schema\\\/logo\\\/image\\\/\"},\"sameAs\":[\"https:\\\/\\\/www.facebook.com\\\/unipersen\\\/?locale=tr_TR\",\"https:\\\/\\\/x.com\\\/unipersen\"]},{\"@type\":\"Person\",\"@id\":\"https:\\\/\\\/memurunsesi.net\\\/#\\\/schema\\\/person\\\/f21c2d73b89f6ee1d80b0a1803e38587\",\"name\":\"Memurun Sesi Haber Merkezi\",\"image\":{\"@type\":\"ImageObject\",\"inLanguage\":\"tr\",\"@id\":\"https:\\\/\\\/secure.gravatar.com\\\/avatar\\\/6cf0505f452ee753f485014986fab09a434671d2b919ee76fc541025c5876a70?s=96&d=mm&r=g\",\"url\":\"https:\\\/\\\/secure.gravatar.com\\\/avatar\\\/6cf0505f452ee753f485014986fab09a434671d2b919ee76fc541025c5876a70?s=96&d=mm&r=g\",\"contentUrl\":\"https:\\\/\\\/secure.gravatar.com\\\/avatar\\\/6cf0505f452ee753f485014986fab09a434671d2b919ee76fc541025c5876a70?s=96&d=mm&r=g\",\"caption\":\"Memurun Sesi Haber Merkezi\"},\"sameAs\":[\"https:\\\/\\\/memurunsesi.net\"],\"url\":\"https:\\\/\\\/memurunsesi.net\\\/index.php\\\/author\\\/uniper\\\/\"}]}<\/script>\n<!-- \/ Yoast SEO plugin. -->","yoast_head_json":{"title":"Bakan Yerlikaya: \"Y\u0131k\u0131lan 3 bina ve 1 i\u015f yerinde incelemelerde bulunduk\" - Memurun Sesi","description":"Bakan Yerlikaya: \"Y\u0131k\u0131lan 3 bina ve 1 i\u015f yerinde incelemelerde bulunduk\"","robots":{"index":"index","follow":"follow","max-snippet":"max-snippet:-1","max-image-preview":"max-image-preview:large","max-video-preview":"max-video-preview:-1"},"canonical":"https:\/\/memurunsesi.net\/index.php\/2025\/10\/28\/bakan-yerlikaya-yikilan-3-bina-ve-1-is-yerinde-incelemelerde-bulunduk\/","og_locale":"tr_TR","og_type":"article","og_title":"Bakan Yerlikaya: \"Y\u0131k\u0131lan 3 bina ve 1 i\u015f yerinde incelemelerde bulunduk\" - Memurun Sesi","og_description":"Bakan Yerlikaya: \"Y\u0131k\u0131lan 3 bina ve 1 i\u015f yerinde incelemelerde bulunduk\"","og_url":"https:\/\/memurunsesi.net\/index.php\/2025\/10\/28\/bakan-yerlikaya-yikilan-3-bina-ve-1-is-yerinde-incelemelerde-bulunduk\/","og_site_name":"Memurun Sesi","article_publisher":"https:\/\/www.facebook.com\/unipersen\/?locale=tr_TR","article_published_time":"2025-10-28T05:07:43+00:00","og_image":[{"width":2048,"height":1366,"url":"https:\/\/memurunsesi.net\/wp-content\/uploads\/2025\/10\/deprem-inceleme.jpg","type":"image\/jpeg"}],"author":"Memurun Sesi Haber Merkezi","twitter_card":"summary_large_image","twitter_creator":"@unipersen","twitter_site":"@unipersen","twitter_misc":{"Yazan:":"Memurun Sesi Haber Merkezi","Tahmini okuma s\u00fcresi":"1 dakika"},"schema":{"@context":"https:\/\/schema.org","@graph":[{"@type":"Article","@id":"https:\/\/memurunsesi.net\/index.php\/2025\/10\/28\/bakan-yerlikaya-yikilan-3-bina-ve-1-is-yerinde-incelemelerde-bulunduk\/#article","isPartOf":{"@id":"https:\/\/memurunsesi.net\/index.php\/2025\/10\/28\/bakan-yerlikaya-yikilan-3-bina-ve-1-is-yerinde-incelemelerde-bulunduk\/"},"author":{"name":"Memurun Sesi Haber Merkezi","@id":"https:\/\/memurunsesi.net\/#\/schema\/person\/f21c2d73b89f6ee1d80b0a1803e38587"},"headline":"Bakan Yerlikaya: &#8220;Y\u0131k\u0131lan 3 bina ve 1 i\u015f yerinde incelemelerde bulunduk&#8221;","datePublished":"2025-10-28T05:07:43+00:00","mainEntityOfPage":{"@id":"https:\/\/memurunsesi.net\/index.php\/2025\/10\/28\/bakan-yerlikaya-yikilan-3-bina-ve-1-is-yerinde-incelemelerde-bulunduk\/"},"wordCount":82,"commentCount":0,"publisher":{"@id":"https:\/\/memurunsesi.net\/#organization"},"image":{"@id":"https:\/\/memurunsesi.net\/index.php\/2025\/10\/28\/bakan-yerlikaya-yikilan-3-bina-ve-1-is-yerinde-incelemelerde-bulunduk\/#primaryimage"},"thumbnailUrl":"https:\/\/memurunsesi.net\/wp-content\/uploads\/2025\/10\/deprem-inceleme.jpg","keywords":["bakan","inceleme","y\u0131k\u0131lan bina"],"articleSection":["T\u00fcm Haberler"],"inLanguage":"tr","potentialAction":[{"@type":"CommentAction","name":"Comment","target":["https:\/\/memurunsesi.net\/index.php\/2025\/10\/28\/bakan-yerlikaya-yikilan-3-bina-ve-1-is-yerinde-incelemelerde-bulunduk\/#respond"]}]},{"@type":"WebPage","@id":"https:\/\/memurunsesi.net\/index.php\/2025\/10\/28\/bakan-yerlikaya-yikilan-3-bina-ve-1-is-yerinde-incelemelerde-bulunduk\/","url":"https:\/\/memurunsesi.net\/index.php\/2025\/10\/28\/bakan-yerlikaya-yikilan-3-bina-ve-1-is-yerinde-incelemelerde-bulunduk\/","name":"Bakan Yerlikaya: \"Y\u0131k\u0131lan 3 bina ve 1 i\u015f yerinde incelemelerde bulunduk\" - Memurun Sesi","isPartOf":{"@id":"https:\/\/memurunsesi.net\/#website"},"primaryImageOfPage":{"@id":"https:\/\/memurunsesi.net\/index.php\/2025\/10\/28\/bakan-yerlikaya-yikilan-3-bina-ve-1-is-yerinde-incelemelerde-bulunduk\/#primaryimage"},"image":{"@id":"https:\/\/memurunsesi.net\/index.php\/2025\/10\/28\/bakan-yerlikaya-yikilan-3-bina-ve-1-is-yerinde-incelemelerde-bulunduk\/#primaryimage"},"thumbnailUrl":"https:\/\/memurunsesi.net\/wp-content\/uploads\/2025\/10\/deprem-inceleme.jpg","datePublished":"2025-10-28T05:07:43+00:00","description":"Bakan Yerlikaya: \"Y\u0131k\u0131lan 3 bina ve 1 i\u015f yerinde incelemelerde bulunduk\"","breadcrumb":{"@id":"https:\/\/memurunsesi.net\/index.php\/2025\/10\/28\/bakan-yerlikaya-yikilan-3-bina-ve-1-is-yerinde-incelemelerde-bulunduk\/#breadcrumb"},"inLanguage":"tr","potentialAction":[{"@type":"ReadAction","target":["https:\/\/memurunsesi.net\/index.php\/2025\/10\/28\/bakan-yerlikaya-yikilan-3-bina-ve-1-is-yerinde-incelemelerde-bulunduk\/"]}]},{"@type":"ImageObject","inLanguage":"tr","@id":"https:\/\/memurunsesi.net\/index.php\/2025\/10\/28\/bakan-yerlikaya-yikilan-3-bina-ve-1-is-yerinde-incelemelerde-bulunduk\/#primaryimage","url":"https:\/\/memurunsesi.net\/wp-content\/uploads\/2025\/10\/deprem-inceleme.jpg","contentUrl":"https:\/\/memurunsesi.net\/wp-content\/uploads\/2025\/10\/deprem-inceleme.jpg","width":1920,"height":1281,"caption":"\u0130\u00c7\u0130\u015eLER\u0130 BAKANI AL\u0130 YERL\u0130KAYA DEPREM\u0130 MEYDANA GELD\u0130\u011e\u0130 BALIKES\u0130R'\u0130N SINDIRGI \u0130L\u00c7ES\u0130N\u0130 Z\u0130YARET ETT\u0130. (\u0130HA\/ANKARA-\u0130HA) \u0130\u00e7i\u015fleri Bakan\u0131 Ali Yerlikaya depremi meydana geldi\u011fi Bal\u0131kesir'in S\u0131nd\u0131rg\u0131 il\u00e7esini ziyaret etti."},{"@type":"BreadcrumbList","@id":"https:\/\/memurunsesi.net\/index.php\/2025\/10\/28\/bakan-yerlikaya-yikilan-3-bina-ve-1-is-yerinde-incelemelerde-bulunduk\/#breadcrumb","itemListElement":[{"@type":"ListItem","position":1,"name":"Anasayfa","item":"https:\/\/memurunsesi.net\/"},{"@type":"ListItem","position":2,"name":"Bakan Yerlikaya: &#8220;Y\u0131k\u0131lan 3 bina ve 1 i\u015f yerinde incelemelerde bulunduk&#8221;"}]},{"@type":"WebSite","@id":"https:\/\/memurunsesi.net\/#website","url":"https:\/\/memurunsesi.net\/","name":"Memurun Sesi","description":"G\u00fcncel ve Do\u011fru Haber","publisher":{"@id":"https:\/\/memurunsesi.net\/#organization"},"potentialAction":[{"@type":"SearchAction","target":{"@type":"EntryPoint","urlTemplate":"https:\/\/memurunsesi.net\/?s={search_term_string}"},"query-input":{"@type":"PropertyValueSpecification","valueRequired":true,"valueName":"search_term_string"}}],"inLanguage":"tr"},{"@type":"Organization","@id":"https:\/\/memurunsesi.net\/#organization","name":"Memurun Sesi","url":"https:\/\/memurunsesi.net\/","logo":{"@type":"ImageObject","inLanguage":"tr","@id":"https:\/\/memurunsesi.net\/#\/schema\/logo\/image\/","url":"https:\/\/memurunsesi.net\/wp-content\/uploads\/2025\/11\/cropped-MEMURUN-SESI.png","contentUrl":"https:\/\/memurunsesi.net\/wp-content\/uploads\/2025\/11\/cropped-MEMURUN-SESI.png","width":238,"height":57,"caption":"Memurun Sesi"},"image":{"@id":"https:\/\/memurunsesi.net\/#\/schema\/logo\/image\/"},"sameAs":["https:\/\/www.facebook.com\/unipersen\/?locale=tr_TR","https:\/\/x.com\/unipersen"]},{"@type":"Person","@id":"https:\/\/memurunsesi.net\/#\/schema\/person\/f21c2d73b89f6ee1d80b0a1803e38587","name":"Memurun Sesi Haber Merkezi","image":{"@type":"ImageObject","inLanguage":"tr","@id":"https:\/\/secure.gravatar.com\/avatar\/6cf0505f452ee753f485014986fab09a434671d2b919ee76fc541025c5876a70?s=96&d=mm&r=g","url":"https:\/\/secure.gravatar.com\/avatar\/6cf0505f452ee753f485014986fab09a434671d2b919ee76fc541025c5876a70?s=96&d=mm&r=g","contentUrl":"https:\/\/secure.gravatar.com\/avatar\/6cf0505f452ee753f485014986fab09a434671d2b919ee76fc541025c5876a70?s=96&d=mm&r=g","caption":"Memurun Sesi Haber Merkezi"},"sameAs":["https:\/\/memurunsesi.net"],"url":"https:\/\/memurunsesi.net\/index.php\/author\/uniper\/"}]}},"_links":{"self":[{"href":"https:\/\/memurunsesi.net\/index.php\/wp-json\/wp\/v2\/posts\/13426","targetHints":{"allow":["GET"]}}],"collection":[{"href":"https:\/\/memurunsesi.net\/index.php\/wp-json\/wp\/v2\/posts"}],"about":[{"href":"https:\/\/memurunsesi.net\/index.php\/wp-json\/wp\/v2\/types\/post"}],"author":[{"embeddable":true,"href":"https:\/\/memurunsesi.net\/index.php\/wp-json\/wp\/v2\/users\/1"}],"replies":[{"embeddable":true,"href":"https:\/\/memurunsesi.net\/index.php\/wp-json\/wp\/v2\/comments?post=13426"}],"version-history":[{"count":1,"href":"https:\/\/memurunsesi.net\/index.php\/wp-json\/wp\/v2\/posts\/13426\/revisions"}],"predecessor-version":[{"id":13428,"href":"https:\/\/memurunsesi.net\/index.php\/wp-json\/wp\/v2\/posts\/13426\/revisions\/13428"}],"wp:featuredmedia":[{"embeddable":true,"href":"https:\/\/memurunsesi.net\/index.php\/wp-json\/wp\/v2\/media\/13427"}],"wp:attachment":[{"href":"https:\/\/memurunsesi.net\/index.php\/wp-json\/wp\/v2\/media?parent=13426"}],"wp:term":[{"taxonomy":"category","embeddable":true,"href":"https:\/\/memurunsesi.net\/index.php\/wp-json\/wp\/v2\/categories?post=13426"},{"taxonomy":"post_tag","embeddable":true,"href":"https:\/\/memurunsesi.net\/index.php\/wp-json\/wp\/v2\/tags?post=13426"}],"curies":[{"name":"wp","href":"https:\/\/api.w.org\/{rel}","templated":true}]}}