{"id":13432,"date":"2025-10-28T08:10:56","date_gmt":"2025-10-28T05:10:56","guid":{"rendered":"https:\/\/memurunsesi.net\/?p=13432"},"modified":"2025-10-28T08:10:56","modified_gmt":"2025-10-28T05:10:56","slug":"afad-acil-yonetim-merkezinde-calismalara-devam-ediyor","status":"publish","type":"post","link":"https:\/\/memurunsesi.net\/index.php\/2025\/10\/28\/afad-acil-yonetim-merkezinde-calismalara-devam-ediyor\/","title":{"rendered":"AFAD, Acil Y\u00f6netim Merkezi&#8217;nde \u00e7al\u0131\u015fmalara devam ediyor"},"content":{"rendered":"<p>    Afet ve Acil Durum Y\u00f6netimi Ba\u015fkanl\u0131\u011f\u0131 (AFAD) Afet Y\u00f6netim Merkezi&#8217;nde depremin ard\u0131ndan \u00e7al\u0131\u015fmalar\u0131na devam ediyor.<br \/>\nAFAD Afet Y\u00f6netim Merkezinde bulunan g\u00f6revliler \u00e7al\u0131\u015fmalar\u0131na devam ediyor. B\u00f6lgeye giden ekiplerin ve yard\u0131m faaliyetlerinin takibi afet y\u00f6netim merkezinde s\u00fcr\u00fcyor. Ayr\u0131ca, \u0130\u00e7i\u015fleri Bakan\u0131 Ali Yerlikaya ve AFAD Ba\u015fkan\u0131 Ali Hamza Pehlivan\u2019\u0131n ise Bal\u0131kesir\u2019in S\u0131nd\u0131rg\u0131 il\u00e7esine hareket halinde oldu\u011fu belirtildi. <\/p>\n<p>28.10.2025                                  <\/p>\n","protected":false},"excerpt":{"rendered":"<p>Afet ve Acil Durum Y\u00f6netimi Ba\u015fkanl\u0131\u011f\u0131 (AFAD) Afet Y\u00f6netim Merkezi&#8217;nde depremin ard\u0131ndan \u00e7al\u0131\u015fmalar\u0131na devam ediyor. AFAD Afet Y\u00f6netim Merkezinde bulunan g\u00f6revliler \u00e7al\u0131\u015fmalar\u0131na devam ediyor. B\u00f6lgeye giden ekiplerin ve yard\u0131m faaliyetlerinin takibi afet y\u00f6netim merkezinde s\u00fcr\u00fcyor. Ayr\u0131ca, \u0130\u00e7i\u015fleri Bakan\u0131 Ali Yerlikaya ve AFAD Ba\u015fkan\u0131 Ali Hamza Pehlivan\u2019\u0131n ise Bal\u0131kesir\u2019in S\u0131nd\u0131rg\u0131 il\u00e7esine hareket halinde oldu\u011fu belirtildi. 28.10.2025<\/p>\n","protected":false},"author":1,"featured_media":13433,"comment_status":"open","ping_status":"open","sticky":false,"template":"","format":"standard","meta":{"footnotes":""},"categories":[50],"tags":[144,145],"class_list":["post-13432","post","type-post","status-publish","format-standard","has-post-thumbnail","hentry","category-tum-haberler","tag-afad","tag-yardim"],"yoast_head":"<!-- This site is optimized with the Yoast SEO plugin v27.5 - https:\/\/yoast.com\/product\/yoast-seo-wordpress\/ -->\n<title>AFAD, Acil Y\u00f6netim Merkezi&#039;nde \u00e7al\u0131\u015fmalara devam ediyor - Memurun Sesi<\/title>\n<meta name=\"description\" content=\"AFAD, Acil Y\u00f6netim Merkezi&#039;nde \u00e7al\u0131\u015fmalara devam ediyor\" \/>\n<meta name=\"robots\" content=\"index, follow, max-snippet:-1, max-image-preview:large, max-video-preview:-1\" \/>\n<link rel=\"canonical\" href=\"https:\/\/memurunsesi.net\/index.php\/2025\/10\/28\/afad-acil-yonetim-merkezinde-calismalara-devam-ediyor\/\" \/>\n<meta property=\"og:locale\" content=\"tr_TR\" \/>\n<meta property=\"og:type\" content=\"article\" \/>\n<meta property=\"og:title\" content=\"AFAD, Acil Y\u00f6netim Merkezi&#039;nde \u00e7al\u0131\u015fmalara devam ediyor - Memurun Sesi\" \/>\n<meta property=\"og:description\" content=\"AFAD, Acil Y\u00f6netim Merkezi&#039;nde \u00e7al\u0131\u015fmalara devam ediyor\" \/>\n<meta property=\"og:url\" content=\"https:\/\/memurunsesi.net\/index.php\/2025\/10\/28\/afad-acil-yonetim-merkezinde-calismalara-devam-ediyor\/\" \/>\n<meta property=\"og:site_name\" content=\"Memurun Sesi\" \/>\n<meta property=\"article:publisher\" content=\"https:\/\/www.facebook.com\/unipersen\/?locale=tr_TR\" \/>\n<meta property=\"article:published_time\" content=\"2025-10-28T05:10:56+00:00\" \/>\n<meta property=\"og:image\" content=\"https:\/\/memurunsesi.net\/wp-content\/uploads\/2025\/10\/afad.jpg\" \/>\n\t<meta property=\"og:image:width\" content=\"1600\" \/>\n\t<meta property=\"og:image:height\" content=\"1200\" \/>\n\t<meta property=\"og:image:type\" content=\"image\/jpeg\" \/>\n<meta name=\"author\" content=\"Memurun Sesi Haber Merkezi\" \/>\n<meta name=\"twitter:card\" content=\"summary_large_image\" \/>\n<meta name=\"twitter:creator\" content=\"@unipersen\" \/>\n<meta name=\"twitter:site\" content=\"@unipersen\" \/>\n<meta name=\"twitter:label1\" content=\"Yazan:\" \/>\n\t<meta name=\"twitter:data1\" content=\"Memurun Sesi Haber Merkezi\" \/>\n\t<meta name=\"twitter:label2\" content=\"Tahmini okuma s\u00fcresi\" \/>\n\t<meta name=\"twitter:data2\" content=\"1 dakika\" \/>\n<script type=\"application\/ld+json\" class=\"yoast-schema-graph\">{\"@context\":\"https:\\\/\\\/schema.org\",\"@graph\":[{\"@type\":\"Article\",\"@id\":\"https:\\\/\\\/memurunsesi.net\\\/index.php\\\/2025\\\/10\\\/28\\\/afad-acil-yonetim-merkezinde-calismalara-devam-ediyor\\\/#article\",\"isPartOf\":{\"@id\":\"https:\\\/\\\/memurunsesi.net\\\/index.php\\\/2025\\\/10\\\/28\\\/afad-acil-yonetim-merkezinde-calismalara-devam-ediyor\\\/\"},\"author\":{\"name\":\"Memurun Sesi Haber Merkezi\",\"@id\":\"https:\\\/\\\/memurunsesi.net\\\/#\\\/schema\\\/person\\\/f21c2d73b89f6ee1d80b0a1803e38587\"},\"headline\":\"AFAD, Acil Y\u00f6netim Merkezi&#8217;nde \u00e7al\u0131\u015fmalara devam ediyor\",\"datePublished\":\"2025-10-28T05:10:56+00:00\",\"mainEntityOfPage\":{\"@id\":\"https:\\\/\\\/memurunsesi.net\\\/index.php\\\/2025\\\/10\\\/28\\\/afad-acil-yonetim-merkezinde-calismalara-devam-ediyor\\\/\"},\"wordCount\":90,\"commentCount\":0,\"publisher\":{\"@id\":\"https:\\\/\\\/memurunsesi.net\\\/#organization\"},\"image\":{\"@id\":\"https:\\\/\\\/memurunsesi.net\\\/index.php\\\/2025\\\/10\\\/28\\\/afad-acil-yonetim-merkezinde-calismalara-devam-ediyor\\\/#primaryimage\"},\"thumbnailUrl\":\"https:\\\/\\\/memurunsesi.net\\\/wp-content\\\/uploads\\\/2025\\\/10\\\/afad.jpg\",\"keywords\":[\"afad\",\"yard\u0131m\"],\"articleSection\":[\"T\u00fcm Haberler\"],\"inLanguage\":\"tr\",\"potentialAction\":[{\"@type\":\"CommentAction\",\"name\":\"Comment\",\"target\":[\"https:\\\/\\\/memurunsesi.net\\\/index.php\\\/2025\\\/10\\\/28\\\/afad-acil-yonetim-merkezinde-calismalara-devam-ediyor\\\/#respond\"]}]},{\"@type\":\"WebPage\",\"@id\":\"https:\\\/\\\/memurunsesi.net\\\/index.php\\\/2025\\\/10\\\/28\\\/afad-acil-yonetim-merkezinde-calismalara-devam-ediyor\\\/\",\"url\":\"https:\\\/\\\/memurunsesi.net\\\/index.php\\\/2025\\\/10\\\/28\\\/afad-acil-yonetim-merkezinde-calismalara-devam-ediyor\\\/\",\"name\":\"AFAD, Acil Y\u00f6netim Merkezi'nde \u00e7al\u0131\u015fmalara devam ediyor - Memurun Sesi\",\"isPartOf\":{\"@id\":\"https:\\\/\\\/memurunsesi.net\\\/#website\"},\"primaryImageOfPage\":{\"@id\":\"https:\\\/\\\/memurunsesi.net\\\/index.php\\\/2025\\\/10\\\/28\\\/afad-acil-yonetim-merkezinde-calismalara-devam-ediyor\\\/#primaryimage\"},\"image\":{\"@id\":\"https:\\\/\\\/memurunsesi.net\\\/index.php\\\/2025\\\/10\\\/28\\\/afad-acil-yonetim-merkezinde-calismalara-devam-ediyor\\\/#primaryimage\"},\"thumbnailUrl\":\"https:\\\/\\\/memurunsesi.net\\\/wp-content\\\/uploads\\\/2025\\\/10\\\/afad.jpg\",\"datePublished\":\"2025-10-28T05:10:56+00:00\",\"description\":\"AFAD, Acil Y\u00f6netim Merkezi'nde \u00e7al\u0131\u015fmalara devam ediyor\",\"breadcrumb\":{\"@id\":\"https:\\\/\\\/memurunsesi.net\\\/index.php\\\/2025\\\/10\\\/28\\\/afad-acil-yonetim-merkezinde-calismalara-devam-ediyor\\\/#breadcrumb\"},\"inLanguage\":\"tr\",\"potentialAction\":[{\"@type\":\"ReadAction\",\"target\":[\"https:\\\/\\\/memurunsesi.net\\\/index.php\\\/2025\\\/10\\\/28\\\/afad-acil-yonetim-merkezinde-calismalara-devam-ediyor\\\/\"]}]},{\"@type\":\"ImageObject\",\"inLanguage\":\"tr\",\"@id\":\"https:\\\/\\\/memurunsesi.net\\\/index.php\\\/2025\\\/10\\\/28\\\/afad-acil-yonetim-merkezinde-calismalara-devam-ediyor\\\/#primaryimage\",\"url\":\"https:\\\/\\\/memurunsesi.net\\\/wp-content\\\/uploads\\\/2025\\\/10\\\/afad.jpg\",\"contentUrl\":\"https:\\\/\\\/memurunsesi.net\\\/wp-content\\\/uploads\\\/2025\\\/10\\\/afad.jpg\",\"width\":1600,\"height\":1200,\"caption\":\"AFET VE AC\u0130L DURUM Y\u00d6NET\u0130M\u0130 BA\u015eKANLI\u011eI (AFAD) AFET Y\u00d6NET\u0130M MERKEZ\u0130NDE DEPREM\u0130N ARDINDAN \u00c7ALI\u015eMALAR DEVAM ED\u0130YOR. (FAZLI \u00c7OLAK\\\/ANKARA-\u0130HA) Afet ve Acil Durum Y\u00f6netimi Ba\u015fkanl\u0131\u011f\u0131 (AFAD) Afet Y\u00f6netim Merkezi'nde depremin ard\u0131ndan \u00e7al\u0131\u015fmalar\u0131na devam ediyor.\"},{\"@type\":\"BreadcrumbList\",\"@id\":\"https:\\\/\\\/memurunsesi.net\\\/index.php\\\/2025\\\/10\\\/28\\\/afad-acil-yonetim-merkezinde-calismalara-devam-ediyor\\\/#breadcrumb\",\"itemListElement\":[{\"@type\":\"ListItem\",\"position\":1,\"name\":\"Anasayfa\",\"item\":\"https:\\\/\\\/memurunsesi.net\\\/\"},{\"@type\":\"ListItem\",\"position\":2,\"name\":\"AFAD, Acil Y\u00f6netim Merkezi&#8217;nde \u00e7al\u0131\u015fmalara devam ediyor\"}]},{\"@type\":\"WebSite\",\"@id\":\"https:\\\/\\\/memurunsesi.net\\\/#website\",\"url\":\"https:\\\/\\\/memurunsesi.net\\\/\",\"name\":\"Memurun Sesi\",\"description\":\"G\u00fcncel ve Do\u011fru Haber\",\"publisher\":{\"@id\":\"https:\\\/\\\/memurunsesi.net\\\/#organization\"},\"potentialAction\":[{\"@type\":\"SearchAction\",\"target\":{\"@type\":\"EntryPoint\",\"urlTemplate\":\"https:\\\/\\\/memurunsesi.net\\\/?s={search_term_string}\"},\"query-input\":{\"@type\":\"PropertyValueSpecification\",\"valueRequired\":true,\"valueName\":\"search_term_string\"}}],\"inLanguage\":\"tr\"},{\"@type\":\"Organization\",\"@id\":\"https:\\\/\\\/memurunsesi.net\\\/#organization\",\"name\":\"Memurun Sesi\",\"url\":\"https:\\\/\\\/memurunsesi.net\\\/\",\"logo\":{\"@type\":\"ImageObject\",\"inLanguage\":\"tr\",\"@id\":\"https:\\\/\\\/memurunsesi.net\\\/#\\\/schema\\\/logo\\\/image\\\/\",\"url\":\"https:\\\/\\\/memurunsesi.net\\\/wp-content\\\/uploads\\\/2025\\\/11\\\/cropped-MEMURUN-SESI.png\",\"contentUrl\":\"https:\\\/\\\/memurunsesi.net\\\/wp-content\\\/uploads\\\/2025\\\/11\\\/cropped-MEMURUN-SESI.png\",\"width\":238,\"height\":57,\"caption\":\"Memurun Sesi\"},\"image\":{\"@id\":\"https:\\\/\\\/memurunsesi.net\\\/#\\\/schema\\\/logo\\\/image\\\/\"},\"sameAs\":[\"https:\\\/\\\/www.facebook.com\\\/unipersen\\\/?locale=tr_TR\",\"https:\\\/\\\/x.com\\\/unipersen\"]},{\"@type\":\"Person\",\"@id\":\"https:\\\/\\\/memurunsesi.net\\\/#\\\/schema\\\/person\\\/f21c2d73b89f6ee1d80b0a1803e38587\",\"name\":\"Memurun Sesi Haber Merkezi\",\"image\":{\"@type\":\"ImageObject\",\"inLanguage\":\"tr\",\"@id\":\"https:\\\/\\\/secure.gravatar.com\\\/avatar\\\/6cf0505f452ee753f485014986fab09a434671d2b919ee76fc541025c5876a70?s=96&d=mm&r=g\",\"url\":\"https:\\\/\\\/secure.gravatar.com\\\/avatar\\\/6cf0505f452ee753f485014986fab09a434671d2b919ee76fc541025c5876a70?s=96&d=mm&r=g\",\"contentUrl\":\"https:\\\/\\\/secure.gravatar.com\\\/avatar\\\/6cf0505f452ee753f485014986fab09a434671d2b919ee76fc541025c5876a70?s=96&d=mm&r=g\",\"caption\":\"Memurun Sesi Haber Merkezi\"},\"sameAs\":[\"https:\\\/\\\/memurunsesi.net\"],\"url\":\"https:\\\/\\\/memurunsesi.net\\\/index.php\\\/author\\\/uniper\\\/\"}]}<\/script>\n<!-- \/ Yoast SEO plugin. -->","yoast_head_json":{"title":"AFAD, Acil Y\u00f6netim Merkezi'nde \u00e7al\u0131\u015fmalara devam ediyor - Memurun Sesi","description":"AFAD, Acil Y\u00f6netim Merkezi'nde \u00e7al\u0131\u015fmalara devam ediyor","robots":{"index":"index","follow":"follow","max-snippet":"max-snippet:-1","max-image-preview":"max-image-preview:large","max-video-preview":"max-video-preview:-1"},"canonical":"https:\/\/memurunsesi.net\/index.php\/2025\/10\/28\/afad-acil-yonetim-merkezinde-calismalara-devam-ediyor\/","og_locale":"tr_TR","og_type":"article","og_title":"AFAD, Acil Y\u00f6netim Merkezi'nde \u00e7al\u0131\u015fmalara devam ediyor - Memurun Sesi","og_description":"AFAD, Acil Y\u00f6netim Merkezi'nde \u00e7al\u0131\u015fmalara devam ediyor","og_url":"https:\/\/memurunsesi.net\/index.php\/2025\/10\/28\/afad-acil-yonetim-merkezinde-calismalara-devam-ediyor\/","og_site_name":"Memurun Sesi","article_publisher":"https:\/\/www.facebook.com\/unipersen\/?locale=tr_TR","article_published_time":"2025-10-28T05:10:56+00:00","og_image":[{"width":1600,"height":1200,"url":"https:\/\/memurunsesi.net\/wp-content\/uploads\/2025\/10\/afad.jpg","type":"image\/jpeg"}],"author":"Memurun Sesi Haber Merkezi","twitter_card":"summary_large_image","twitter_creator":"@unipersen","twitter_site":"@unipersen","twitter_misc":{"Yazan:":"Memurun Sesi Haber Merkezi","Tahmini okuma s\u00fcresi":"1 dakika"},"schema":{"@context":"https:\/\/schema.org","@graph":[{"@type":"Article","@id":"https:\/\/memurunsesi.net\/index.php\/2025\/10\/28\/afad-acil-yonetim-merkezinde-calismalara-devam-ediyor\/#article","isPartOf":{"@id":"https:\/\/memurunsesi.net\/index.php\/2025\/10\/28\/afad-acil-yonetim-merkezinde-calismalara-devam-ediyor\/"},"author":{"name":"Memurun Sesi Haber Merkezi","@id":"https:\/\/memurunsesi.net\/#\/schema\/person\/f21c2d73b89f6ee1d80b0a1803e38587"},"headline":"AFAD, Acil Y\u00f6netim Merkezi&#8217;nde \u00e7al\u0131\u015fmalara devam ediyor","datePublished":"2025-10-28T05:10:56+00:00","mainEntityOfPage":{"@id":"https:\/\/memurunsesi.net\/index.php\/2025\/10\/28\/afad-acil-yonetim-merkezinde-calismalara-devam-ediyor\/"},"wordCount":90,"commentCount":0,"publisher":{"@id":"https:\/\/memurunsesi.net\/#organization"},"image":{"@id":"https:\/\/memurunsesi.net\/index.php\/2025\/10\/28\/afad-acil-yonetim-merkezinde-calismalara-devam-ediyor\/#primaryimage"},"thumbnailUrl":"https:\/\/memurunsesi.net\/wp-content\/uploads\/2025\/10\/afad.jpg","keywords":["afad","yard\u0131m"],"articleSection":["T\u00fcm Haberler"],"inLanguage":"tr","potentialAction":[{"@type":"CommentAction","name":"Comment","target":["https:\/\/memurunsesi.net\/index.php\/2025\/10\/28\/afad-acil-yonetim-merkezinde-calismalara-devam-ediyor\/#respond"]}]},{"@type":"WebPage","@id":"https:\/\/memurunsesi.net\/index.php\/2025\/10\/28\/afad-acil-yonetim-merkezinde-calismalara-devam-ediyor\/","url":"https:\/\/memurunsesi.net\/index.php\/2025\/10\/28\/afad-acil-yonetim-merkezinde-calismalara-devam-ediyor\/","name":"AFAD, Acil Y\u00f6netim Merkezi'nde \u00e7al\u0131\u015fmalara devam ediyor - Memurun Sesi","isPartOf":{"@id":"https:\/\/memurunsesi.net\/#website"},"primaryImageOfPage":{"@id":"https:\/\/memurunsesi.net\/index.php\/2025\/10\/28\/afad-acil-yonetim-merkezinde-calismalara-devam-ediyor\/#primaryimage"},"image":{"@id":"https:\/\/memurunsesi.net\/index.php\/2025\/10\/28\/afad-acil-yonetim-merkezinde-calismalara-devam-ediyor\/#primaryimage"},"thumbnailUrl":"https:\/\/memurunsesi.net\/wp-content\/uploads\/2025\/10\/afad.jpg","datePublished":"2025-10-28T05:10:56+00:00","description":"AFAD, Acil Y\u00f6netim Merkezi'nde \u00e7al\u0131\u015fmalara devam ediyor","breadcrumb":{"@id":"https:\/\/memurunsesi.net\/index.php\/2025\/10\/28\/afad-acil-yonetim-merkezinde-calismalara-devam-ediyor\/#breadcrumb"},"inLanguage":"tr","potentialAction":[{"@type":"ReadAction","target":["https:\/\/memurunsesi.net\/index.php\/2025\/10\/28\/afad-acil-yonetim-merkezinde-calismalara-devam-ediyor\/"]}]},{"@type":"ImageObject","inLanguage":"tr","@id":"https:\/\/memurunsesi.net\/index.php\/2025\/10\/28\/afad-acil-yonetim-merkezinde-calismalara-devam-ediyor\/#primaryimage","url":"https:\/\/memurunsesi.net\/wp-content\/uploads\/2025\/10\/afad.jpg","contentUrl":"https:\/\/memurunsesi.net\/wp-content\/uploads\/2025\/10\/afad.jpg","width":1600,"height":1200,"caption":"AFET VE AC\u0130L DURUM Y\u00d6NET\u0130M\u0130 BA\u015eKANLI\u011eI (AFAD) AFET Y\u00d6NET\u0130M MERKEZ\u0130NDE DEPREM\u0130N ARDINDAN \u00c7ALI\u015eMALAR DEVAM ED\u0130YOR. (FAZLI \u00c7OLAK\/ANKARA-\u0130HA) Afet ve Acil Durum Y\u00f6netimi Ba\u015fkanl\u0131\u011f\u0131 (AFAD) Afet Y\u00f6netim Merkezi'nde depremin ard\u0131ndan \u00e7al\u0131\u015fmalar\u0131na devam ediyor."},{"@type":"BreadcrumbList","@id":"https:\/\/memurunsesi.net\/index.php\/2025\/10\/28\/afad-acil-yonetim-merkezinde-calismalara-devam-ediyor\/#breadcrumb","itemListElement":[{"@type":"ListItem","position":1,"name":"Anasayfa","item":"https:\/\/memurunsesi.net\/"},{"@type":"ListItem","position":2,"name":"AFAD, Acil Y\u00f6netim Merkezi&#8217;nde \u00e7al\u0131\u015fmalara devam ediyor"}]},{"@type":"WebSite","@id":"https:\/\/memurunsesi.net\/#website","url":"https:\/\/memurunsesi.net\/","name":"Memurun Sesi","description":"G\u00fcncel ve Do\u011fru Haber","publisher":{"@id":"https:\/\/memurunsesi.net\/#organization"},"potentialAction":[{"@type":"SearchAction","target":{"@type":"EntryPoint","urlTemplate":"https:\/\/memurunsesi.net\/?s={search_term_string}"},"query-input":{"@type":"PropertyValueSpecification","valueRequired":true,"valueName":"search_term_string"}}],"inLanguage":"tr"},{"@type":"Organization","@id":"https:\/\/memurunsesi.net\/#organization","name":"Memurun Sesi","url":"https:\/\/memurunsesi.net\/","logo":{"@type":"ImageObject","inLanguage":"tr","@id":"https:\/\/memurunsesi.net\/#\/schema\/logo\/image\/","url":"https:\/\/memurunsesi.net\/wp-content\/uploads\/2025\/11\/cropped-MEMURUN-SESI.png","contentUrl":"https:\/\/memurunsesi.net\/wp-content\/uploads\/2025\/11\/cropped-MEMURUN-SESI.png","width":238,"height":57,"caption":"Memurun Sesi"},"image":{"@id":"https:\/\/memurunsesi.net\/#\/schema\/logo\/image\/"},"sameAs":["https:\/\/www.facebook.com\/unipersen\/?locale=tr_TR","https:\/\/x.com\/unipersen"]},{"@type":"Person","@id":"https:\/\/memurunsesi.net\/#\/schema\/person\/f21c2d73b89f6ee1d80b0a1803e38587","name":"Memurun Sesi Haber Merkezi","image":{"@type":"ImageObject","inLanguage":"tr","@id":"https:\/\/secure.gravatar.com\/avatar\/6cf0505f452ee753f485014986fab09a434671d2b919ee76fc541025c5876a70?s=96&d=mm&r=g","url":"https:\/\/secure.gravatar.com\/avatar\/6cf0505f452ee753f485014986fab09a434671d2b919ee76fc541025c5876a70?s=96&d=mm&r=g","contentUrl":"https:\/\/secure.gravatar.com\/avatar\/6cf0505f452ee753f485014986fab09a434671d2b919ee76fc541025c5876a70?s=96&d=mm&r=g","caption":"Memurun Sesi Haber Merkezi"},"sameAs":["https:\/\/memurunsesi.net"],"url":"https:\/\/memurunsesi.net\/index.php\/author\/uniper\/"}]}},"_links":{"self":[{"href":"https:\/\/memurunsesi.net\/index.php\/wp-json\/wp\/v2\/posts\/13432","targetHints":{"allow":["GET"]}}],"collection":[{"href":"https:\/\/memurunsesi.net\/index.php\/wp-json\/wp\/v2\/posts"}],"about":[{"href":"https:\/\/memurunsesi.net\/index.php\/wp-json\/wp\/v2\/types\/post"}],"author":[{"embeddable":true,"href":"https:\/\/memurunsesi.net\/index.php\/wp-json\/wp\/v2\/users\/1"}],"replies":[{"embeddable":true,"href":"https:\/\/memurunsesi.net\/index.php\/wp-json\/wp\/v2\/comments?post=13432"}],"version-history":[{"count":1,"href":"https:\/\/memurunsesi.net\/index.php\/wp-json\/wp\/v2\/posts\/13432\/revisions"}],"predecessor-version":[{"id":13434,"href":"https:\/\/memurunsesi.net\/index.php\/wp-json\/wp\/v2\/posts\/13432\/revisions\/13434"}],"wp:featuredmedia":[{"embeddable":true,"href":"https:\/\/memurunsesi.net\/index.php\/wp-json\/wp\/v2\/media\/13433"}],"wp:attachment":[{"href":"https:\/\/memurunsesi.net\/index.php\/wp-json\/wp\/v2\/media?parent=13432"}],"wp:term":[{"taxonomy":"category","embeddable":true,"href":"https:\/\/memurunsesi.net\/index.php\/wp-json\/wp\/v2\/categories?post=13432"},{"taxonomy":"post_tag","embeddable":true,"href":"https:\/\/memurunsesi.net\/index.php\/wp-json\/wp\/v2\/tags?post=13432"}],"curies":[{"name":"wp","href":"https:\/\/api.w.org\/{rel}","templated":true}]}}