{"id":13435,"date":"2025-10-28T08:12:57","date_gmt":"2025-10-28T05:12:57","guid":{"rendered":"https:\/\/memurunsesi.net\/?p=13435"},"modified":"2025-10-28T08:12:57","modified_gmt":"2025-10-28T05:12:57","slug":"malatyada-elinden-silahla-vurulan-1-kisi-yaralandi","status":"publish","type":"post","link":"https:\/\/memurunsesi.net\/index.php\/2025\/10\/28\/malatyada-elinden-silahla-vurulan-1-kisi-yaralandi\/","title":{"rendered":"Malatya&#8217;da elinden silahla vurulan 1 ki\u015fi yaraland\u0131"},"content":{"rendered":"<p>      Malatya&#8217;n\u0131n Battalgazi il\u00e7esinde meydana gelen silahl\u0131 yaralanma olay\u0131nda 31 ya\u015f\u0131ndaki bir ki\u015fi hastaneye kald\u0131r\u0131ld\u0131.<br \/>\nOlay, saat 23.15 s\u0131ralar\u0131nda Battalgazi il\u00e7esine ba\u011fl\u0131 \u00c7amurlu Mahallesi Venk Yolu mevkiinde meydana geldi. \u0130ddiaya g\u00f6re, E.A. (31) tabanca ile a\u00e7\u0131lan ate\u015f sonucu sol elinden yaraland\u0131. Yaral\u0131 \u015fah\u0131s kendi imkanlar\u0131yla Battalgazi Devlet Hastanesi&#8217;ne giderek tedavi alt\u0131na al\u0131nd\u0131. E.A.&#8217;n\u0131n ifadesinde \u00e7eli\u015fkili beyanlarda bulundu\u011fu \u00f6\u011frenilirken \u015fahs\u0131n kendisini mi vurdu\u011fu yoksa olay\u0131n bir ba\u015fkas\u0131 taraf\u0131ndan m\u0131 ger\u00e7ekle\u015ftirildi\u011finin belirlenmesi i\u00e7in \u00e7al\u0131\u015fma ba\u015flat\u0131ld\u0131.<br \/>\n  Olayla ilgili ba\u015flat\u0131lan inceleme s\u00fcr\u00fcyor. <\/p>\n<p>28.10.2025                                 <\/p>\n","protected":false},"excerpt":{"rendered":"<p>Malatya&#8217;n\u0131n Battalgazi il\u00e7esinde meydana gelen silahl\u0131 yaralanma olay\u0131nda 31 ya\u015f\u0131ndaki bir ki\u015fi hastaneye kald\u0131r\u0131ld\u0131. Olay, saat 23.15 s\u0131ralar\u0131nda Battalgazi il\u00e7esine ba\u011fl\u0131 \u00c7amurlu Mahallesi Venk Yolu mevkiinde meydana geldi. \u0130ddiaya g\u00f6re, E.A. (31) tabanca ile a\u00e7\u0131lan ate\u015f sonucu sol elinden yaraland\u0131. Yaral\u0131 \u015fah\u0131s kendi imkanlar\u0131yla Battalgazi Devlet Hastanesi&#8217;ne giderek tedavi alt\u0131na al\u0131nd\u0131. E.A.&#8217;n\u0131n ifadesinde \u00e7eli\u015fkili beyanlarda [&hellip;]<\/p>\n","protected":false},"author":1,"featured_media":13436,"comment_status":"open","ping_status":"open","sticky":false,"template":"","format":"standard","meta":{"footnotes":""},"categories":[45],"tags":[123,146],"class_list":["post-13435","post","type-post","status-publish","format-standard","has-post-thumbnail","hentry","category-gundem","tag-silah","tag-yaralanma"],"yoast_head":"<!-- This site is optimized with the Yoast SEO plugin v27.5 - https:\/\/yoast.com\/product\/yoast-seo-wordpress\/ -->\n<title>Malatya&#039;da elinden silahla vurulan 1 ki\u015fi yaraland\u0131 - Memurun Sesi<\/title>\n<meta name=\"description\" content=\"Malatya&#039;da elinden silahla vurulan 1 ki\u015fi yaraland\u0131\" \/>\n<meta name=\"robots\" content=\"index, follow, max-snippet:-1, max-image-preview:large, max-video-preview:-1\" \/>\n<link rel=\"canonical\" href=\"https:\/\/memurunsesi.net\/index.php\/2025\/10\/28\/malatyada-elinden-silahla-vurulan-1-kisi-yaralandi\/\" \/>\n<meta property=\"og:locale\" content=\"tr_TR\" \/>\n<meta property=\"og:type\" content=\"article\" \/>\n<meta property=\"og:title\" content=\"Malatya&#039;da elinden silahla vurulan 1 ki\u015fi yaraland\u0131 - Memurun Sesi\" \/>\n<meta property=\"og:description\" content=\"Malatya&#039;da elinden silahla vurulan 1 ki\u015fi yaraland\u0131\" \/>\n<meta property=\"og:url\" content=\"https:\/\/memurunsesi.net\/index.php\/2025\/10\/28\/malatyada-elinden-silahla-vurulan-1-kisi-yaralandi\/\" \/>\n<meta property=\"og:site_name\" content=\"Memurun Sesi\" \/>\n<meta property=\"article:publisher\" content=\"https:\/\/www.facebook.com\/unipersen\/?locale=tr_TR\" \/>\n<meta property=\"article:published_time\" content=\"2025-10-28T05:12:57+00:00\" \/>\n<meta property=\"og:image\" content=\"https:\/\/memurunsesi.net\/wp-content\/uploads\/2025\/10\/silah-3-scaled.jpg\" \/>\n\t<meta property=\"og:image:width\" content=\"2560\" \/>\n\t<meta property=\"og:image:height\" content=\"1440\" \/>\n\t<meta property=\"og:image:type\" content=\"image\/jpeg\" \/>\n<meta name=\"author\" content=\"Memurun Sesi Haber Merkezi\" \/>\n<meta name=\"twitter:card\" content=\"summary_large_image\" \/>\n<meta name=\"twitter:creator\" content=\"@unipersen\" \/>\n<meta name=\"twitter:site\" content=\"@unipersen\" \/>\n<meta name=\"twitter:label1\" content=\"Yazan:\" \/>\n\t<meta name=\"twitter:data1\" content=\"Memurun Sesi Haber Merkezi\" \/>\n\t<meta name=\"twitter:label2\" content=\"Tahmini okuma s\u00fcresi\" \/>\n\t<meta name=\"twitter:data2\" content=\"1 dakika\" \/>\n<script type=\"application\/ld+json\" class=\"yoast-schema-graph\">{\"@context\":\"https:\\\/\\\/schema.org\",\"@graph\":[{\"@type\":\"Article\",\"@id\":\"https:\\\/\\\/memurunsesi.net\\\/index.php\\\/2025\\\/10\\\/28\\\/malatyada-elinden-silahla-vurulan-1-kisi-yaralandi\\\/#article\",\"isPartOf\":{\"@id\":\"https:\\\/\\\/memurunsesi.net\\\/index.php\\\/2025\\\/10\\\/28\\\/malatyada-elinden-silahla-vurulan-1-kisi-yaralandi\\\/\"},\"author\":{\"name\":\"Memurun Sesi Haber Merkezi\",\"@id\":\"https:\\\/\\\/memurunsesi.net\\\/#\\\/schema\\\/person\\\/f21c2d73b89f6ee1d80b0a1803e38587\"},\"headline\":\"Malatya&#8217;da elinden silahla vurulan 1 ki\u015fi yaraland\u0131\",\"datePublished\":\"2025-10-28T05:12:57+00:00\",\"mainEntityOfPage\":{\"@id\":\"https:\\\/\\\/memurunsesi.net\\\/index.php\\\/2025\\\/10\\\/28\\\/malatyada-elinden-silahla-vurulan-1-kisi-yaralandi\\\/\"},\"wordCount\":123,\"commentCount\":0,\"publisher\":{\"@id\":\"https:\\\/\\\/memurunsesi.net\\\/#organization\"},\"image\":{\"@id\":\"https:\\\/\\\/memurunsesi.net\\\/index.php\\\/2025\\\/10\\\/28\\\/malatyada-elinden-silahla-vurulan-1-kisi-yaralandi\\\/#primaryimage\"},\"thumbnailUrl\":\"https:\\\/\\\/memurunsesi.net\\\/wp-content\\\/uploads\\\/2025\\\/10\\\/silah-3-scaled.jpg\",\"keywords\":[\"silah\",\"yaralanma\"],\"articleSection\":[\"G\u00fcndem\"],\"inLanguage\":\"tr\",\"potentialAction\":[{\"@type\":\"CommentAction\",\"name\":\"Comment\",\"target\":[\"https:\\\/\\\/memurunsesi.net\\\/index.php\\\/2025\\\/10\\\/28\\\/malatyada-elinden-silahla-vurulan-1-kisi-yaralandi\\\/#respond\"]}]},{\"@type\":\"WebPage\",\"@id\":\"https:\\\/\\\/memurunsesi.net\\\/index.php\\\/2025\\\/10\\\/28\\\/malatyada-elinden-silahla-vurulan-1-kisi-yaralandi\\\/\",\"url\":\"https:\\\/\\\/memurunsesi.net\\\/index.php\\\/2025\\\/10\\\/28\\\/malatyada-elinden-silahla-vurulan-1-kisi-yaralandi\\\/\",\"name\":\"Malatya'da elinden silahla vurulan 1 ki\u015fi yaraland\u0131 - Memurun Sesi\",\"isPartOf\":{\"@id\":\"https:\\\/\\\/memurunsesi.net\\\/#website\"},\"primaryImageOfPage\":{\"@id\":\"https:\\\/\\\/memurunsesi.net\\\/index.php\\\/2025\\\/10\\\/28\\\/malatyada-elinden-silahla-vurulan-1-kisi-yaralandi\\\/#primaryimage\"},\"image\":{\"@id\":\"https:\\\/\\\/memurunsesi.net\\\/index.php\\\/2025\\\/10\\\/28\\\/malatyada-elinden-silahla-vurulan-1-kisi-yaralandi\\\/#primaryimage\"},\"thumbnailUrl\":\"https:\\\/\\\/memurunsesi.net\\\/wp-content\\\/uploads\\\/2025\\\/10\\\/silah-3-scaled.jpg\",\"datePublished\":\"2025-10-28T05:12:57+00:00\",\"description\":\"Malatya'da elinden silahla vurulan 1 ki\u015fi yaraland\u0131\",\"breadcrumb\":{\"@id\":\"https:\\\/\\\/memurunsesi.net\\\/index.php\\\/2025\\\/10\\\/28\\\/malatyada-elinden-silahla-vurulan-1-kisi-yaralandi\\\/#breadcrumb\"},\"inLanguage\":\"tr\",\"potentialAction\":[{\"@type\":\"ReadAction\",\"target\":[\"https:\\\/\\\/memurunsesi.net\\\/index.php\\\/2025\\\/10\\\/28\\\/malatyada-elinden-silahla-vurulan-1-kisi-yaralandi\\\/\"]}]},{\"@type\":\"ImageObject\",\"inLanguage\":\"tr\",\"@id\":\"https:\\\/\\\/memurunsesi.net\\\/index.php\\\/2025\\\/10\\\/28\\\/malatyada-elinden-silahla-vurulan-1-kisi-yaralandi\\\/#primaryimage\",\"url\":\"https:\\\/\\\/memurunsesi.net\\\/wp-content\\\/uploads\\\/2025\\\/10\\\/silah-3-scaled.jpg\",\"contentUrl\":\"https:\\\/\\\/memurunsesi.net\\\/wp-content\\\/uploads\\\/2025\\\/10\\\/silah-3-scaled.jpg\",\"width\":1920,\"height\":1080,\"caption\":\"MALATYA'DA S\u0130LAHLI EL\u0130NDE VURULAN 1 K\u0130\u015e\u0130 HASTANEYE KALDIRILDI (HASAN ERYILMAZ\\\/MALATYA-\u0130HA) Malatya'n\u0131n Battalgazi il\u00e7esinde meydana gelen silahl\u0131 yaralanma olay\u0131nda 31 ya\u015f\u0131ndaki bir ki\u015fi hastaneye kald\u0131r\u0131ld\u0131.\"},{\"@type\":\"BreadcrumbList\",\"@id\":\"https:\\\/\\\/memurunsesi.net\\\/index.php\\\/2025\\\/10\\\/28\\\/malatyada-elinden-silahla-vurulan-1-kisi-yaralandi\\\/#breadcrumb\",\"itemListElement\":[{\"@type\":\"ListItem\",\"position\":1,\"name\":\"Anasayfa\",\"item\":\"https:\\\/\\\/memurunsesi.net\\\/\"},{\"@type\":\"ListItem\",\"position\":2,\"name\":\"Malatya&#8217;da elinden silahla vurulan 1 ki\u015fi yaraland\u0131\"}]},{\"@type\":\"WebSite\",\"@id\":\"https:\\\/\\\/memurunsesi.net\\\/#website\",\"url\":\"https:\\\/\\\/memurunsesi.net\\\/\",\"name\":\"Memurun Sesi\",\"description\":\"G\u00fcncel ve Do\u011fru Haber\",\"publisher\":{\"@id\":\"https:\\\/\\\/memurunsesi.net\\\/#organization\"},\"potentialAction\":[{\"@type\":\"SearchAction\",\"target\":{\"@type\":\"EntryPoint\",\"urlTemplate\":\"https:\\\/\\\/memurunsesi.net\\\/?s={search_term_string}\"},\"query-input\":{\"@type\":\"PropertyValueSpecification\",\"valueRequired\":true,\"valueName\":\"search_term_string\"}}],\"inLanguage\":\"tr\"},{\"@type\":\"Organization\",\"@id\":\"https:\\\/\\\/memurunsesi.net\\\/#organization\",\"name\":\"Memurun Sesi\",\"url\":\"https:\\\/\\\/memurunsesi.net\\\/\",\"logo\":{\"@type\":\"ImageObject\",\"inLanguage\":\"tr\",\"@id\":\"https:\\\/\\\/memurunsesi.net\\\/#\\\/schema\\\/logo\\\/image\\\/\",\"url\":\"https:\\\/\\\/memurunsesi.net\\\/wp-content\\\/uploads\\\/2025\\\/11\\\/cropped-MEMURUN-SESI.png\",\"contentUrl\":\"https:\\\/\\\/memurunsesi.net\\\/wp-content\\\/uploads\\\/2025\\\/11\\\/cropped-MEMURUN-SESI.png\",\"width\":238,\"height\":57,\"caption\":\"Memurun Sesi\"},\"image\":{\"@id\":\"https:\\\/\\\/memurunsesi.net\\\/#\\\/schema\\\/logo\\\/image\\\/\"},\"sameAs\":[\"https:\\\/\\\/www.facebook.com\\\/unipersen\\\/?locale=tr_TR\",\"https:\\\/\\\/x.com\\\/unipersen\"]},{\"@type\":\"Person\",\"@id\":\"https:\\\/\\\/memurunsesi.net\\\/#\\\/schema\\\/person\\\/f21c2d73b89f6ee1d80b0a1803e38587\",\"name\":\"Memurun Sesi Haber Merkezi\",\"image\":{\"@type\":\"ImageObject\",\"inLanguage\":\"tr\",\"@id\":\"https:\\\/\\\/secure.gravatar.com\\\/avatar\\\/6cf0505f452ee753f485014986fab09a434671d2b919ee76fc541025c5876a70?s=96&d=mm&r=g\",\"url\":\"https:\\\/\\\/secure.gravatar.com\\\/avatar\\\/6cf0505f452ee753f485014986fab09a434671d2b919ee76fc541025c5876a70?s=96&d=mm&r=g\",\"contentUrl\":\"https:\\\/\\\/secure.gravatar.com\\\/avatar\\\/6cf0505f452ee753f485014986fab09a434671d2b919ee76fc541025c5876a70?s=96&d=mm&r=g\",\"caption\":\"Memurun Sesi Haber Merkezi\"},\"sameAs\":[\"https:\\\/\\\/memurunsesi.net\"],\"url\":\"https:\\\/\\\/memurunsesi.net\\\/index.php\\\/author\\\/uniper\\\/\"}]}<\/script>\n<!-- \/ Yoast SEO plugin. -->","yoast_head_json":{"title":"Malatya'da elinden silahla vurulan 1 ki\u015fi yaraland\u0131 - Memurun Sesi","description":"Malatya'da elinden silahla vurulan 1 ki\u015fi yaraland\u0131","robots":{"index":"index","follow":"follow","max-snippet":"max-snippet:-1","max-image-preview":"max-image-preview:large","max-video-preview":"max-video-preview:-1"},"canonical":"https:\/\/memurunsesi.net\/index.php\/2025\/10\/28\/malatyada-elinden-silahla-vurulan-1-kisi-yaralandi\/","og_locale":"tr_TR","og_type":"article","og_title":"Malatya'da elinden silahla vurulan 1 ki\u015fi yaraland\u0131 - Memurun Sesi","og_description":"Malatya'da elinden silahla vurulan 1 ki\u015fi yaraland\u0131","og_url":"https:\/\/memurunsesi.net\/index.php\/2025\/10\/28\/malatyada-elinden-silahla-vurulan-1-kisi-yaralandi\/","og_site_name":"Memurun Sesi","article_publisher":"https:\/\/www.facebook.com\/unipersen\/?locale=tr_TR","article_published_time":"2025-10-28T05:12:57+00:00","og_image":[{"width":2560,"height":1440,"url":"https:\/\/memurunsesi.net\/wp-content\/uploads\/2025\/10\/silah-3-scaled.jpg","type":"image\/jpeg"}],"author":"Memurun Sesi Haber Merkezi","twitter_card":"summary_large_image","twitter_creator":"@unipersen","twitter_site":"@unipersen","twitter_misc":{"Yazan:":"Memurun Sesi Haber Merkezi","Tahmini okuma s\u00fcresi":"1 dakika"},"schema":{"@context":"https:\/\/schema.org","@graph":[{"@type":"Article","@id":"https:\/\/memurunsesi.net\/index.php\/2025\/10\/28\/malatyada-elinden-silahla-vurulan-1-kisi-yaralandi\/#article","isPartOf":{"@id":"https:\/\/memurunsesi.net\/index.php\/2025\/10\/28\/malatyada-elinden-silahla-vurulan-1-kisi-yaralandi\/"},"author":{"name":"Memurun Sesi Haber Merkezi","@id":"https:\/\/memurunsesi.net\/#\/schema\/person\/f21c2d73b89f6ee1d80b0a1803e38587"},"headline":"Malatya&#8217;da elinden silahla vurulan 1 ki\u015fi yaraland\u0131","datePublished":"2025-10-28T05:12:57+00:00","mainEntityOfPage":{"@id":"https:\/\/memurunsesi.net\/index.php\/2025\/10\/28\/malatyada-elinden-silahla-vurulan-1-kisi-yaralandi\/"},"wordCount":123,"commentCount":0,"publisher":{"@id":"https:\/\/memurunsesi.net\/#organization"},"image":{"@id":"https:\/\/memurunsesi.net\/index.php\/2025\/10\/28\/malatyada-elinden-silahla-vurulan-1-kisi-yaralandi\/#primaryimage"},"thumbnailUrl":"https:\/\/memurunsesi.net\/wp-content\/uploads\/2025\/10\/silah-3-scaled.jpg","keywords":["silah","yaralanma"],"articleSection":["G\u00fcndem"],"inLanguage":"tr","potentialAction":[{"@type":"CommentAction","name":"Comment","target":["https:\/\/memurunsesi.net\/index.php\/2025\/10\/28\/malatyada-elinden-silahla-vurulan-1-kisi-yaralandi\/#respond"]}]},{"@type":"WebPage","@id":"https:\/\/memurunsesi.net\/index.php\/2025\/10\/28\/malatyada-elinden-silahla-vurulan-1-kisi-yaralandi\/","url":"https:\/\/memurunsesi.net\/index.php\/2025\/10\/28\/malatyada-elinden-silahla-vurulan-1-kisi-yaralandi\/","name":"Malatya'da elinden silahla vurulan 1 ki\u015fi yaraland\u0131 - Memurun Sesi","isPartOf":{"@id":"https:\/\/memurunsesi.net\/#website"},"primaryImageOfPage":{"@id":"https:\/\/memurunsesi.net\/index.php\/2025\/10\/28\/malatyada-elinden-silahla-vurulan-1-kisi-yaralandi\/#primaryimage"},"image":{"@id":"https:\/\/memurunsesi.net\/index.php\/2025\/10\/28\/malatyada-elinden-silahla-vurulan-1-kisi-yaralandi\/#primaryimage"},"thumbnailUrl":"https:\/\/memurunsesi.net\/wp-content\/uploads\/2025\/10\/silah-3-scaled.jpg","datePublished":"2025-10-28T05:12:57+00:00","description":"Malatya'da elinden silahla vurulan 1 ki\u015fi yaraland\u0131","breadcrumb":{"@id":"https:\/\/memurunsesi.net\/index.php\/2025\/10\/28\/malatyada-elinden-silahla-vurulan-1-kisi-yaralandi\/#breadcrumb"},"inLanguage":"tr","potentialAction":[{"@type":"ReadAction","target":["https:\/\/memurunsesi.net\/index.php\/2025\/10\/28\/malatyada-elinden-silahla-vurulan-1-kisi-yaralandi\/"]}]},{"@type":"ImageObject","inLanguage":"tr","@id":"https:\/\/memurunsesi.net\/index.php\/2025\/10\/28\/malatyada-elinden-silahla-vurulan-1-kisi-yaralandi\/#primaryimage","url":"https:\/\/memurunsesi.net\/wp-content\/uploads\/2025\/10\/silah-3-scaled.jpg","contentUrl":"https:\/\/memurunsesi.net\/wp-content\/uploads\/2025\/10\/silah-3-scaled.jpg","width":1920,"height":1080,"caption":"MALATYA'DA S\u0130LAHLI EL\u0130NDE VURULAN 1 K\u0130\u015e\u0130 HASTANEYE KALDIRILDI (HASAN ERYILMAZ\/MALATYA-\u0130HA) Malatya'n\u0131n Battalgazi il\u00e7esinde meydana gelen silahl\u0131 yaralanma olay\u0131nda 31 ya\u015f\u0131ndaki bir ki\u015fi hastaneye kald\u0131r\u0131ld\u0131."},{"@type":"BreadcrumbList","@id":"https:\/\/memurunsesi.net\/index.php\/2025\/10\/28\/malatyada-elinden-silahla-vurulan-1-kisi-yaralandi\/#breadcrumb","itemListElement":[{"@type":"ListItem","position":1,"name":"Anasayfa","item":"https:\/\/memurunsesi.net\/"},{"@type":"ListItem","position":2,"name":"Malatya&#8217;da elinden silahla vurulan 1 ki\u015fi yaraland\u0131"}]},{"@type":"WebSite","@id":"https:\/\/memurunsesi.net\/#website","url":"https:\/\/memurunsesi.net\/","name":"Memurun Sesi","description":"G\u00fcncel ve Do\u011fru Haber","publisher":{"@id":"https:\/\/memurunsesi.net\/#organization"},"potentialAction":[{"@type":"SearchAction","target":{"@type":"EntryPoint","urlTemplate":"https:\/\/memurunsesi.net\/?s={search_term_string}"},"query-input":{"@type":"PropertyValueSpecification","valueRequired":true,"valueName":"search_term_string"}}],"inLanguage":"tr"},{"@type":"Organization","@id":"https:\/\/memurunsesi.net\/#organization","name":"Memurun Sesi","url":"https:\/\/memurunsesi.net\/","logo":{"@type":"ImageObject","inLanguage":"tr","@id":"https:\/\/memurunsesi.net\/#\/schema\/logo\/image\/","url":"https:\/\/memurunsesi.net\/wp-content\/uploads\/2025\/11\/cropped-MEMURUN-SESI.png","contentUrl":"https:\/\/memurunsesi.net\/wp-content\/uploads\/2025\/11\/cropped-MEMURUN-SESI.png","width":238,"height":57,"caption":"Memurun Sesi"},"image":{"@id":"https:\/\/memurunsesi.net\/#\/schema\/logo\/image\/"},"sameAs":["https:\/\/www.facebook.com\/unipersen\/?locale=tr_TR","https:\/\/x.com\/unipersen"]},{"@type":"Person","@id":"https:\/\/memurunsesi.net\/#\/schema\/person\/f21c2d73b89f6ee1d80b0a1803e38587","name":"Memurun Sesi Haber Merkezi","image":{"@type":"ImageObject","inLanguage":"tr","@id":"https:\/\/secure.gravatar.com\/avatar\/6cf0505f452ee753f485014986fab09a434671d2b919ee76fc541025c5876a70?s=96&d=mm&r=g","url":"https:\/\/secure.gravatar.com\/avatar\/6cf0505f452ee753f485014986fab09a434671d2b919ee76fc541025c5876a70?s=96&d=mm&r=g","contentUrl":"https:\/\/secure.gravatar.com\/avatar\/6cf0505f452ee753f485014986fab09a434671d2b919ee76fc541025c5876a70?s=96&d=mm&r=g","caption":"Memurun Sesi Haber Merkezi"},"sameAs":["https:\/\/memurunsesi.net"],"url":"https:\/\/memurunsesi.net\/index.php\/author\/uniper\/"}]}},"_links":{"self":[{"href":"https:\/\/memurunsesi.net\/index.php\/wp-json\/wp\/v2\/posts\/13435","targetHints":{"allow":["GET"]}}],"collection":[{"href":"https:\/\/memurunsesi.net\/index.php\/wp-json\/wp\/v2\/posts"}],"about":[{"href":"https:\/\/memurunsesi.net\/index.php\/wp-json\/wp\/v2\/types\/post"}],"author":[{"embeddable":true,"href":"https:\/\/memurunsesi.net\/index.php\/wp-json\/wp\/v2\/users\/1"}],"replies":[{"embeddable":true,"href":"https:\/\/memurunsesi.net\/index.php\/wp-json\/wp\/v2\/comments?post=13435"}],"version-history":[{"count":1,"href":"https:\/\/memurunsesi.net\/index.php\/wp-json\/wp\/v2\/posts\/13435\/revisions"}],"predecessor-version":[{"id":13437,"href":"https:\/\/memurunsesi.net\/index.php\/wp-json\/wp\/v2\/posts\/13435\/revisions\/13437"}],"wp:featuredmedia":[{"embeddable":true,"href":"https:\/\/memurunsesi.net\/index.php\/wp-json\/wp\/v2\/media\/13436"}],"wp:attachment":[{"href":"https:\/\/memurunsesi.net\/index.php\/wp-json\/wp\/v2\/media?parent=13435"}],"wp:term":[{"taxonomy":"category","embeddable":true,"href":"https:\/\/memurunsesi.net\/index.php\/wp-json\/wp\/v2\/categories?post=13435"},{"taxonomy":"post_tag","embeddable":true,"href":"https:\/\/memurunsesi.net\/index.php\/wp-json\/wp\/v2\/tags?post=13435"}],"curies":[{"name":"wp","href":"https:\/\/api.w.org\/{rel}","templated":true}]}}