{"id":13477,"date":"2025-10-29T09:33:26","date_gmt":"2025-10-29T06:33:26","guid":{"rendered":"https:\/\/memurunsesi.net\/?p=13477"},"modified":"2025-10-29T09:33:26","modified_gmt":"2025-10-29T06:33:26","slug":"down-sendromlu-melekin-gelinlik-hayali-gercek-oldu","status":"publish","type":"post","link":"https:\/\/memurunsesi.net\/index.php\/2025\/10\/29\/down-sendromlu-melekin-gelinlik-hayali-gercek-oldu\/","title":{"rendered":"Down sendromlu Melek&#8217;in gelinlik hayali ger\u00e7ek oldu"},"content":{"rendered":"<p>  Kahramanmara\u015f&#8217;ta do\u011fu\u015ftan down sendromlu 33 ya\u015f\u0131ndaki Melek Demircik&#8217;in en b\u00fcy\u00fck hayali olan gelinlik giyme iste\u011fi, ger\u00e7ekle\u015ftirilen d\u00fc\u011f\u00fcn organizasyonla ger\u00e7e\u011fe d\u00f6n\u00fc\u015ft\u00fc.<br \/>\n  Dulkadiro\u011flu il\u00e7esi Erkenez Mahallesi&#8217;nde ya\u015fayan Hacer ve Sayit Demircik \u00e7iftinin 33 ya\u015f\u0131ndaki k\u0131z\u0131 Melek i\u00e7in, Kahramanmara\u015f B\u00fcy\u00fck\u015fehir Belediye Ba\u015fkan\u0131 F\u0131rat G\u00f6rgel&#8217;in talimatlar\u0131yla unutulmaz bir d\u00fc\u011f\u00fcn organizasyonu d\u00fczenlendi. Ailenin evinin bah\u00e7esinde yap\u0131lan etkinlikte m\u00fczikler \u00e7al\u0131nd\u0131, oyunlar oynand\u0131, k\u0131na yak\u0131ld\u0131 ve Melek&#8217;in mutlulu\u011fu y\u00fcz\u00fcne yans\u0131d\u0131. D\u00fc\u011f\u00fcne mahalle sakinleri ve yak\u0131n akrabalar da kat\u0131larak Melek&#8217;in sevincine ortak oldu. Belediye Sa\u011fl\u0131k ve Sosyal Hizmetler Daire Ba\u015fkanl\u0131\u011f\u0131 Engelliler \u015eube M\u00fcd\u00fcrl\u00fc\u011f\u00fc koordinesinde ger\u00e7ekle\u015ftirilen organizasyona, birimin \u00e7at\u0131s\u0131 alt\u0131nda faaliyet g\u00f6steren g\u00f6n\u00fcll\u00fc gen\u00e7lik hareketi \u00fcyeleri de destek verdi. Gen\u00e7lerin katk\u0131s\u0131yla s\u00fcslenen alan ve haz\u0131rlanan etkinliklerle Melek&#8217;in hayali adeta bayram havas\u0131nda kutland\u0131.<br \/>\n  Anne Hacer Demircik, k\u0131z\u0131n\u0131n en b\u00fcy\u00fck hayalini ger\u00e7ekle\u015ftiren Kahramanmara\u015f B\u00fcy\u00fck\u015fehir Belediyesi&#8217;ne ve eme\u011fi ge\u00e7en t\u00fcm g\u00f6n\u00fcll\u00fclere te\u015fekk\u00fcr ederek, &#8220;K\u0131z\u0131m\u0131n mutlulu\u011fu tarif edilemez. Bug\u00fcn bizim i\u00e7in \u00e7ok \u00f6zel bir g\u00fcn&#8221; dedi.<br \/>\n  Baba Seyit Demircik ise, eme\u011fi ge\u00e7en herkese te\u015fekk\u00fcr etti.  <\/p>\n<p>29.10.2025                                 <\/p>\n","protected":false},"excerpt":{"rendered":"<p>Kahramanmara\u015f&#8217;ta do\u011fu\u015ftan down sendromlu 33 ya\u015f\u0131ndaki Melek Demircik&#8217;in en b\u00fcy\u00fck hayali olan gelinlik giyme iste\u011fi, ger\u00e7ekle\u015ftirilen d\u00fc\u011f\u00fcn organizasyonla ger\u00e7e\u011fe d\u00f6n\u00fc\u015ft\u00fc. Dulkadiro\u011flu il\u00e7esi Erkenez Mahallesi&#8217;nde ya\u015fayan Hacer ve Sayit Demircik \u00e7iftinin 33 ya\u015f\u0131ndaki k\u0131z\u0131 Melek i\u00e7in, Kahramanmara\u015f B\u00fcy\u00fck\u015fehir Belediye Ba\u015fkan\u0131 F\u0131rat G\u00f6rgel&#8217;in talimatlar\u0131yla unutulmaz bir d\u00fc\u011f\u00fcn organizasyonu d\u00fczenlendi. Ailenin evinin bah\u00e7esinde yap\u0131lan etkinlikte m\u00fczikler \u00e7al\u0131nd\u0131, oyunlar [&hellip;]<\/p>\n","protected":false},"author":1,"featured_media":13478,"comment_status":"open","ping_status":"open","sticky":false,"template":"","format":"standard","meta":{"footnotes":""},"categories":[50],"tags":[161,162],"class_list":["post-13477","post","type-post","status-publish","format-standard","has-post-thumbnail","hentry","category-tum-haberler","tag-down","tag-hayal"],"yoast_head":"<!-- This site is optimized with the Yoast SEO plugin v27.4 - https:\/\/yoast.com\/product\/yoast-seo-wordpress\/ -->\n<title>Down sendromlu Melek&#039;in gelinlik hayali ger\u00e7ek oldu - Memurun Sesi<\/title>\n<meta name=\"description\" content=\"Down sendromlu Melek&#039;in gelinlik hayali ger\u00e7ek oldu\" \/>\n<meta name=\"robots\" content=\"index, follow, max-snippet:-1, max-image-preview:large, max-video-preview:-1\" \/>\n<link rel=\"canonical\" href=\"https:\/\/memurunsesi.net\/index.php\/2025\/10\/29\/down-sendromlu-melekin-gelinlik-hayali-gercek-oldu\/\" \/>\n<meta property=\"og:locale\" content=\"tr_TR\" \/>\n<meta property=\"og:type\" content=\"article\" \/>\n<meta property=\"og:title\" content=\"Down sendromlu Melek&#039;in gelinlik hayali ger\u00e7ek oldu - Memurun Sesi\" \/>\n<meta property=\"og:description\" content=\"Down sendromlu Melek&#039;in gelinlik hayali ger\u00e7ek oldu\" \/>\n<meta property=\"og:url\" content=\"https:\/\/memurunsesi.net\/index.php\/2025\/10\/29\/down-sendromlu-melekin-gelinlik-hayali-gercek-oldu\/\" \/>\n<meta property=\"og:site_name\" content=\"Memurun Sesi\" \/>\n<meta property=\"article:publisher\" content=\"https:\/\/www.facebook.com\/unipersen\/?locale=tr_TR\" \/>\n<meta property=\"article:published_time\" content=\"2025-10-29T06:33:26+00:00\" \/>\n<meta property=\"og:image\" content=\"https:\/\/memurunsesi.net\/wp-content\/uploads\/2025\/10\/down-scaled.jpg\" \/>\n\t<meta property=\"og:image:width\" content=\"2560\" \/>\n\t<meta property=\"og:image:height\" content=\"1707\" \/>\n\t<meta property=\"og:image:type\" content=\"image\/jpeg\" \/>\n<meta name=\"author\" content=\"Memurun Sesi Haber Merkezi\" \/>\n<meta name=\"twitter:card\" content=\"summary_large_image\" \/>\n<meta name=\"twitter:creator\" content=\"@unipersen\" \/>\n<meta name=\"twitter:site\" content=\"@unipersen\" \/>\n<meta name=\"twitter:label1\" content=\"Yazan:\" \/>\n\t<meta name=\"twitter:data1\" content=\"Memurun Sesi Haber Merkezi\" \/>\n\t<meta name=\"twitter:label2\" content=\"Tahmini okuma s\u00fcresi\" \/>\n\t<meta name=\"twitter:data2\" content=\"1 dakika\" \/>\n<script type=\"application\/ld+json\" class=\"yoast-schema-graph\">{\"@context\":\"https:\\\/\\\/schema.org\",\"@graph\":[{\"@type\":\"Article\",\"@id\":\"https:\\\/\\\/memurunsesi.net\\\/index.php\\\/2025\\\/10\\\/29\\\/down-sendromlu-melekin-gelinlik-hayali-gercek-oldu\\\/#article\",\"isPartOf\":{\"@id\":\"https:\\\/\\\/memurunsesi.net\\\/index.php\\\/2025\\\/10\\\/29\\\/down-sendromlu-melekin-gelinlik-hayali-gercek-oldu\\\/\"},\"author\":{\"name\":\"Memurun Sesi Haber Merkezi\",\"@id\":\"https:\\\/\\\/memurunsesi.net\\\/#\\\/schema\\\/person\\\/f21c2d73b89f6ee1d80b0a1803e38587\"},\"headline\":\"Down sendromlu Melek&#8217;in gelinlik hayali ger\u00e7ek oldu\",\"datePublished\":\"2025-10-29T06:33:26+00:00\",\"mainEntityOfPage\":{\"@id\":\"https:\\\/\\\/memurunsesi.net\\\/index.php\\\/2025\\\/10\\\/29\\\/down-sendromlu-melekin-gelinlik-hayali-gercek-oldu\\\/\"},\"wordCount\":256,\"commentCount\":0,\"publisher\":{\"@id\":\"https:\\\/\\\/memurunsesi.net\\\/#organization\"},\"image\":{\"@id\":\"https:\\\/\\\/memurunsesi.net\\\/index.php\\\/2025\\\/10\\\/29\\\/down-sendromlu-melekin-gelinlik-hayali-gercek-oldu\\\/#primaryimage\"},\"thumbnailUrl\":\"https:\\\/\\\/memurunsesi.net\\\/wp-content\\\/uploads\\\/2025\\\/10\\\/down-scaled.jpg\",\"keywords\":[\"down\",\"hayal\"],\"articleSection\":[\"T\u00fcm Haberler\"],\"inLanguage\":\"tr\",\"potentialAction\":[{\"@type\":\"CommentAction\",\"name\":\"Comment\",\"target\":[\"https:\\\/\\\/memurunsesi.net\\\/index.php\\\/2025\\\/10\\\/29\\\/down-sendromlu-melekin-gelinlik-hayali-gercek-oldu\\\/#respond\"]}]},{\"@type\":\"WebPage\",\"@id\":\"https:\\\/\\\/memurunsesi.net\\\/index.php\\\/2025\\\/10\\\/29\\\/down-sendromlu-melekin-gelinlik-hayali-gercek-oldu\\\/\",\"url\":\"https:\\\/\\\/memurunsesi.net\\\/index.php\\\/2025\\\/10\\\/29\\\/down-sendromlu-melekin-gelinlik-hayali-gercek-oldu\\\/\",\"name\":\"Down sendromlu Melek'in gelinlik hayali ger\u00e7ek oldu - Memurun Sesi\",\"isPartOf\":{\"@id\":\"https:\\\/\\\/memurunsesi.net\\\/#website\"},\"primaryImageOfPage\":{\"@id\":\"https:\\\/\\\/memurunsesi.net\\\/index.php\\\/2025\\\/10\\\/29\\\/down-sendromlu-melekin-gelinlik-hayali-gercek-oldu\\\/#primaryimage\"},\"image\":{\"@id\":\"https:\\\/\\\/memurunsesi.net\\\/index.php\\\/2025\\\/10\\\/29\\\/down-sendromlu-melekin-gelinlik-hayali-gercek-oldu\\\/#primaryimage\"},\"thumbnailUrl\":\"https:\\\/\\\/memurunsesi.net\\\/wp-content\\\/uploads\\\/2025\\\/10\\\/down-scaled.jpg\",\"datePublished\":\"2025-10-29T06:33:26+00:00\",\"description\":\"Down sendromlu Melek'in gelinlik hayali ger\u00e7ek oldu\",\"breadcrumb\":{\"@id\":\"https:\\\/\\\/memurunsesi.net\\\/index.php\\\/2025\\\/10\\\/29\\\/down-sendromlu-melekin-gelinlik-hayali-gercek-oldu\\\/#breadcrumb\"},\"inLanguage\":\"tr\",\"potentialAction\":[{\"@type\":\"ReadAction\",\"target\":[\"https:\\\/\\\/memurunsesi.net\\\/index.php\\\/2025\\\/10\\\/29\\\/down-sendromlu-melekin-gelinlik-hayali-gercek-oldu\\\/\"]}]},{\"@type\":\"ImageObject\",\"inLanguage\":\"tr\",\"@id\":\"https:\\\/\\\/memurunsesi.net\\\/index.php\\\/2025\\\/10\\\/29\\\/down-sendromlu-melekin-gelinlik-hayali-gercek-oldu\\\/#primaryimage\",\"url\":\"https:\\\/\\\/memurunsesi.net\\\/wp-content\\\/uploads\\\/2025\\\/10\\\/down-scaled.jpg\",\"contentUrl\":\"https:\\\/\\\/memurunsesi.net\\\/wp-content\\\/uploads\\\/2025\\\/10\\\/down-scaled.jpg\",\"width\":1920,\"height\":1280},{\"@type\":\"BreadcrumbList\",\"@id\":\"https:\\\/\\\/memurunsesi.net\\\/index.php\\\/2025\\\/10\\\/29\\\/down-sendromlu-melekin-gelinlik-hayali-gercek-oldu\\\/#breadcrumb\",\"itemListElement\":[{\"@type\":\"ListItem\",\"position\":1,\"name\":\"Anasayfa\",\"item\":\"https:\\\/\\\/memurunsesi.net\\\/\"},{\"@type\":\"ListItem\",\"position\":2,\"name\":\"Down sendromlu Melek&#8217;in gelinlik hayali ger\u00e7ek oldu\"}]},{\"@type\":\"WebSite\",\"@id\":\"https:\\\/\\\/memurunsesi.net\\\/#website\",\"url\":\"https:\\\/\\\/memurunsesi.net\\\/\",\"name\":\"Memurun Sesi\",\"description\":\"G\u00fcncel ve Do\u011fru Haber\",\"publisher\":{\"@id\":\"https:\\\/\\\/memurunsesi.net\\\/#organization\"},\"potentialAction\":[{\"@type\":\"SearchAction\",\"target\":{\"@type\":\"EntryPoint\",\"urlTemplate\":\"https:\\\/\\\/memurunsesi.net\\\/?s={search_term_string}\"},\"query-input\":{\"@type\":\"PropertyValueSpecification\",\"valueRequired\":true,\"valueName\":\"search_term_string\"}}],\"inLanguage\":\"tr\"},{\"@type\":\"Organization\",\"@id\":\"https:\\\/\\\/memurunsesi.net\\\/#organization\",\"name\":\"Memurun Sesi\",\"url\":\"https:\\\/\\\/memurunsesi.net\\\/\",\"logo\":{\"@type\":\"ImageObject\",\"inLanguage\":\"tr\",\"@id\":\"https:\\\/\\\/memurunsesi.net\\\/#\\\/schema\\\/logo\\\/image\\\/\",\"url\":\"https:\\\/\\\/memurunsesi.net\\\/wp-content\\\/uploads\\\/2025\\\/11\\\/cropped-MEMURUN-SESI.png\",\"contentUrl\":\"https:\\\/\\\/memurunsesi.net\\\/wp-content\\\/uploads\\\/2025\\\/11\\\/cropped-MEMURUN-SESI.png\",\"width\":238,\"height\":57,\"caption\":\"Memurun Sesi\"},\"image\":{\"@id\":\"https:\\\/\\\/memurunsesi.net\\\/#\\\/schema\\\/logo\\\/image\\\/\"},\"sameAs\":[\"https:\\\/\\\/www.facebook.com\\\/unipersen\\\/?locale=tr_TR\",\"https:\\\/\\\/x.com\\\/unipersen\"]},{\"@type\":\"Person\",\"@id\":\"https:\\\/\\\/memurunsesi.net\\\/#\\\/schema\\\/person\\\/f21c2d73b89f6ee1d80b0a1803e38587\",\"name\":\"Memurun Sesi Haber Merkezi\",\"image\":{\"@type\":\"ImageObject\",\"inLanguage\":\"tr\",\"@id\":\"https:\\\/\\\/secure.gravatar.com\\\/avatar\\\/6cf0505f452ee753f485014986fab09a434671d2b919ee76fc541025c5876a70?s=96&d=mm&r=g\",\"url\":\"https:\\\/\\\/secure.gravatar.com\\\/avatar\\\/6cf0505f452ee753f485014986fab09a434671d2b919ee76fc541025c5876a70?s=96&d=mm&r=g\",\"contentUrl\":\"https:\\\/\\\/secure.gravatar.com\\\/avatar\\\/6cf0505f452ee753f485014986fab09a434671d2b919ee76fc541025c5876a70?s=96&d=mm&r=g\",\"caption\":\"Memurun Sesi Haber Merkezi\"},\"sameAs\":[\"https:\\\/\\\/memurunsesi.net\"],\"url\":\"https:\\\/\\\/memurunsesi.net\\\/index.php\\\/author\\\/uniper\\\/\"}]}<\/script>\n<!-- \/ Yoast SEO plugin. -->","yoast_head_json":{"title":"Down sendromlu Melek'in gelinlik hayali ger\u00e7ek oldu - Memurun Sesi","description":"Down sendromlu Melek'in gelinlik hayali ger\u00e7ek oldu","robots":{"index":"index","follow":"follow","max-snippet":"max-snippet:-1","max-image-preview":"max-image-preview:large","max-video-preview":"max-video-preview:-1"},"canonical":"https:\/\/memurunsesi.net\/index.php\/2025\/10\/29\/down-sendromlu-melekin-gelinlik-hayali-gercek-oldu\/","og_locale":"tr_TR","og_type":"article","og_title":"Down sendromlu Melek'in gelinlik hayali ger\u00e7ek oldu - Memurun Sesi","og_description":"Down sendromlu Melek'in gelinlik hayali ger\u00e7ek oldu","og_url":"https:\/\/memurunsesi.net\/index.php\/2025\/10\/29\/down-sendromlu-melekin-gelinlik-hayali-gercek-oldu\/","og_site_name":"Memurun Sesi","article_publisher":"https:\/\/www.facebook.com\/unipersen\/?locale=tr_TR","article_published_time":"2025-10-29T06:33:26+00:00","og_image":[{"width":2560,"height":1707,"url":"https:\/\/memurunsesi.net\/wp-content\/uploads\/2025\/10\/down-scaled.jpg","type":"image\/jpeg"}],"author":"Memurun Sesi Haber Merkezi","twitter_card":"summary_large_image","twitter_creator":"@unipersen","twitter_site":"@unipersen","twitter_misc":{"Yazan:":"Memurun Sesi Haber Merkezi","Tahmini okuma s\u00fcresi":"1 dakika"},"schema":{"@context":"https:\/\/schema.org","@graph":[{"@type":"Article","@id":"https:\/\/memurunsesi.net\/index.php\/2025\/10\/29\/down-sendromlu-melekin-gelinlik-hayali-gercek-oldu\/#article","isPartOf":{"@id":"https:\/\/memurunsesi.net\/index.php\/2025\/10\/29\/down-sendromlu-melekin-gelinlik-hayali-gercek-oldu\/"},"author":{"name":"Memurun Sesi Haber Merkezi","@id":"https:\/\/memurunsesi.net\/#\/schema\/person\/f21c2d73b89f6ee1d80b0a1803e38587"},"headline":"Down sendromlu Melek&#8217;in gelinlik hayali ger\u00e7ek oldu","datePublished":"2025-10-29T06:33:26+00:00","mainEntityOfPage":{"@id":"https:\/\/memurunsesi.net\/index.php\/2025\/10\/29\/down-sendromlu-melekin-gelinlik-hayali-gercek-oldu\/"},"wordCount":256,"commentCount":0,"publisher":{"@id":"https:\/\/memurunsesi.net\/#organization"},"image":{"@id":"https:\/\/memurunsesi.net\/index.php\/2025\/10\/29\/down-sendromlu-melekin-gelinlik-hayali-gercek-oldu\/#primaryimage"},"thumbnailUrl":"https:\/\/memurunsesi.net\/wp-content\/uploads\/2025\/10\/down-scaled.jpg","keywords":["down","hayal"],"articleSection":["T\u00fcm Haberler"],"inLanguage":"tr","potentialAction":[{"@type":"CommentAction","name":"Comment","target":["https:\/\/memurunsesi.net\/index.php\/2025\/10\/29\/down-sendromlu-melekin-gelinlik-hayali-gercek-oldu\/#respond"]}]},{"@type":"WebPage","@id":"https:\/\/memurunsesi.net\/index.php\/2025\/10\/29\/down-sendromlu-melekin-gelinlik-hayali-gercek-oldu\/","url":"https:\/\/memurunsesi.net\/index.php\/2025\/10\/29\/down-sendromlu-melekin-gelinlik-hayali-gercek-oldu\/","name":"Down sendromlu Melek'in gelinlik hayali ger\u00e7ek oldu - Memurun Sesi","isPartOf":{"@id":"https:\/\/memurunsesi.net\/#website"},"primaryImageOfPage":{"@id":"https:\/\/memurunsesi.net\/index.php\/2025\/10\/29\/down-sendromlu-melekin-gelinlik-hayali-gercek-oldu\/#primaryimage"},"image":{"@id":"https:\/\/memurunsesi.net\/index.php\/2025\/10\/29\/down-sendromlu-melekin-gelinlik-hayali-gercek-oldu\/#primaryimage"},"thumbnailUrl":"https:\/\/memurunsesi.net\/wp-content\/uploads\/2025\/10\/down-scaled.jpg","datePublished":"2025-10-29T06:33:26+00:00","description":"Down sendromlu Melek'in gelinlik hayali ger\u00e7ek oldu","breadcrumb":{"@id":"https:\/\/memurunsesi.net\/index.php\/2025\/10\/29\/down-sendromlu-melekin-gelinlik-hayali-gercek-oldu\/#breadcrumb"},"inLanguage":"tr","potentialAction":[{"@type":"ReadAction","target":["https:\/\/memurunsesi.net\/index.php\/2025\/10\/29\/down-sendromlu-melekin-gelinlik-hayali-gercek-oldu\/"]}]},{"@type":"ImageObject","inLanguage":"tr","@id":"https:\/\/memurunsesi.net\/index.php\/2025\/10\/29\/down-sendromlu-melekin-gelinlik-hayali-gercek-oldu\/#primaryimage","url":"https:\/\/memurunsesi.net\/wp-content\/uploads\/2025\/10\/down-scaled.jpg","contentUrl":"https:\/\/memurunsesi.net\/wp-content\/uploads\/2025\/10\/down-scaled.jpg","width":1920,"height":1280},{"@type":"BreadcrumbList","@id":"https:\/\/memurunsesi.net\/index.php\/2025\/10\/29\/down-sendromlu-melekin-gelinlik-hayali-gercek-oldu\/#breadcrumb","itemListElement":[{"@type":"ListItem","position":1,"name":"Anasayfa","item":"https:\/\/memurunsesi.net\/"},{"@type":"ListItem","position":2,"name":"Down sendromlu Melek&#8217;in gelinlik hayali ger\u00e7ek oldu"}]},{"@type":"WebSite","@id":"https:\/\/memurunsesi.net\/#website","url":"https:\/\/memurunsesi.net\/","name":"Memurun Sesi","description":"G\u00fcncel ve Do\u011fru Haber","publisher":{"@id":"https:\/\/memurunsesi.net\/#organization"},"potentialAction":[{"@type":"SearchAction","target":{"@type":"EntryPoint","urlTemplate":"https:\/\/memurunsesi.net\/?s={search_term_string}"},"query-input":{"@type":"PropertyValueSpecification","valueRequired":true,"valueName":"search_term_string"}}],"inLanguage":"tr"},{"@type":"Organization","@id":"https:\/\/memurunsesi.net\/#organization","name":"Memurun Sesi","url":"https:\/\/memurunsesi.net\/","logo":{"@type":"ImageObject","inLanguage":"tr","@id":"https:\/\/memurunsesi.net\/#\/schema\/logo\/image\/","url":"https:\/\/memurunsesi.net\/wp-content\/uploads\/2025\/11\/cropped-MEMURUN-SESI.png","contentUrl":"https:\/\/memurunsesi.net\/wp-content\/uploads\/2025\/11\/cropped-MEMURUN-SESI.png","width":238,"height":57,"caption":"Memurun Sesi"},"image":{"@id":"https:\/\/memurunsesi.net\/#\/schema\/logo\/image\/"},"sameAs":["https:\/\/www.facebook.com\/unipersen\/?locale=tr_TR","https:\/\/x.com\/unipersen"]},{"@type":"Person","@id":"https:\/\/memurunsesi.net\/#\/schema\/person\/f21c2d73b89f6ee1d80b0a1803e38587","name":"Memurun Sesi Haber Merkezi","image":{"@type":"ImageObject","inLanguage":"tr","@id":"https:\/\/secure.gravatar.com\/avatar\/6cf0505f452ee753f485014986fab09a434671d2b919ee76fc541025c5876a70?s=96&d=mm&r=g","url":"https:\/\/secure.gravatar.com\/avatar\/6cf0505f452ee753f485014986fab09a434671d2b919ee76fc541025c5876a70?s=96&d=mm&r=g","contentUrl":"https:\/\/secure.gravatar.com\/avatar\/6cf0505f452ee753f485014986fab09a434671d2b919ee76fc541025c5876a70?s=96&d=mm&r=g","caption":"Memurun Sesi Haber Merkezi"},"sameAs":["https:\/\/memurunsesi.net"],"url":"https:\/\/memurunsesi.net\/index.php\/author\/uniper\/"}]}},"_links":{"self":[{"href":"https:\/\/memurunsesi.net\/index.php\/wp-json\/wp\/v2\/posts\/13477","targetHints":{"allow":["GET"]}}],"collection":[{"href":"https:\/\/memurunsesi.net\/index.php\/wp-json\/wp\/v2\/posts"}],"about":[{"href":"https:\/\/memurunsesi.net\/index.php\/wp-json\/wp\/v2\/types\/post"}],"author":[{"embeddable":true,"href":"https:\/\/memurunsesi.net\/index.php\/wp-json\/wp\/v2\/users\/1"}],"replies":[{"embeddable":true,"href":"https:\/\/memurunsesi.net\/index.php\/wp-json\/wp\/v2\/comments?post=13477"}],"version-history":[{"count":1,"href":"https:\/\/memurunsesi.net\/index.php\/wp-json\/wp\/v2\/posts\/13477\/revisions"}],"predecessor-version":[{"id":13479,"href":"https:\/\/memurunsesi.net\/index.php\/wp-json\/wp\/v2\/posts\/13477\/revisions\/13479"}],"wp:featuredmedia":[{"embeddable":true,"href":"https:\/\/memurunsesi.net\/index.php\/wp-json\/wp\/v2\/media\/13478"}],"wp:attachment":[{"href":"https:\/\/memurunsesi.net\/index.php\/wp-json\/wp\/v2\/media?parent=13477"}],"wp:term":[{"taxonomy":"category","embeddable":true,"href":"https:\/\/memurunsesi.net\/index.php\/wp-json\/wp\/v2\/categories?post=13477"},{"taxonomy":"post_tag","embeddable":true,"href":"https:\/\/memurunsesi.net\/index.php\/wp-json\/wp\/v2\/tags?post=13477"}],"curies":[{"name":"wp","href":"https:\/\/api.w.org\/{rel}","templated":true}]}}