{"id":13508,"date":"2025-10-29T10:25:35","date_gmt":"2025-10-29T07:25:35","guid":{"rendered":"https:\/\/memurunsesi.net\/?p=13508"},"modified":"2025-10-29T10:25:35","modified_gmt":"2025-10-29T07:25:35","slug":"is-yeri-kursunlama-olayinin-suphelisi-tutuklandi","status":"publish","type":"post","link":"https:\/\/memurunsesi.net\/index.php\/2025\/10\/29\/is-yeri-kursunlama-olayinin-suphelisi-tutuklandi\/","title":{"rendered":"\u0130\u015f yeri kur\u015funlama olay\u0131n\u0131n \u015f\u00fcphelisi tutukland\u0131"},"content":{"rendered":"<p>   Bursa\u2019n\u0131n Mustafakemalpa\u015fa il\u00e7esinde i\u015f yeri kur\u015funlama olay\u0131yla ilgili olarak &#8220;kasten \u00f6ld\u00fcrmeye te\u015febb\u00fcs&#8221;, &#8220;genel g\u00fcvenli\u011fi tehlikeye sokma&#8221; ve &#8220;mala zarar verme&#8221; su\u00e7lar\u0131ndan aranan \u015f\u00fcpheli O.\u00d6., polis ekiplerince yakaland\u0131.<br \/>\n  Edinilen bilgiye g\u00f6re, Mustafakemalpa\u015fa il\u00e7esinde bir i\u015f yerinin kur\u015funlanmas\u0131 olay\u0131 \u00fczerine \u0130l\u00e7e Emniyet M\u00fcd\u00fcrl\u00fc\u011f\u00fc ekipleri geni\u015f \u00e7apl\u0131 \u00e7al\u0131\u015fma ba\u015flatt\u0131. Yap\u0131lan ara\u015ft\u0131rmalar sonucunda olay\u0131n \u015f\u00fcphelisi oldu\u011fu belirlenen O.\u00d6., 28 Ekim 2025 g\u00fcn\u00fc d\u00fczenlenen operasyonla yakaland\u0131.<br \/>\n  Emniyetteki i\u015flemlerinin ard\u0131ndan adliyeye sevk edilen O.\u00d6., \u00e7\u0131kar\u0131ld\u0131\u011f\u0131 mahkemece tutuklanarak cezaevine g\u00f6nderildi.<br \/>\n  Olayla ilgili soru\u015fturma s\u00fcr\u00fcyor. <\/p>\n<p>29.10.2025                              <\/p>\n","protected":false},"excerpt":{"rendered":"<p>Bursa\u2019n\u0131n Mustafakemalpa\u015fa il\u00e7esinde i\u015f yeri kur\u015funlama olay\u0131yla ilgili olarak &#8220;kasten \u00f6ld\u00fcrmeye te\u015febb\u00fcs&#8221;, &#8220;genel g\u00fcvenli\u011fi tehlikeye sokma&#8221; ve &#8220;mala zarar verme&#8221; su\u00e7lar\u0131ndan aranan \u015f\u00fcpheli O.\u00d6., polis ekiplerince yakaland\u0131. Edinilen bilgiye g\u00f6re, Mustafakemalpa\u015fa il\u00e7esinde bir i\u015f yerinin kur\u015funlanmas\u0131 olay\u0131 \u00fczerine \u0130l\u00e7e Emniyet M\u00fcd\u00fcrl\u00fc\u011f\u00fc ekipleri geni\u015f \u00e7apl\u0131 \u00e7al\u0131\u015fma ba\u015flatt\u0131. Yap\u0131lan ara\u015ft\u0131rmalar sonucunda olay\u0131n \u015f\u00fcphelisi oldu\u011fu belirlenen O.\u00d6., 28 [&hellip;]<\/p>\n","protected":false},"author":1,"featured_media":13509,"comment_status":"open","ping_status":"open","sticky":false,"template":"","format":"standard","meta":{"footnotes":""},"categories":[1],"tags":[176],"class_list":["post-13508","post","type-post","status-publish","format-standard","has-post-thumbnail","hentry","category-genel","tag-is-yeri-kursunlama"],"yoast_head":"<!-- This site is optimized with the Yoast SEO plugin v27.4 - https:\/\/yoast.com\/product\/yoast-seo-wordpress\/ -->\n<title>\u0130\u015f yeri kur\u015funlama olay\u0131n\u0131n \u015f\u00fcphelisi tutukland\u0131 - Memurun Sesi<\/title>\n<meta name=\"description\" content=\"\u0130\u015f yeri kur\u015funlama olay\u0131n\u0131n \u015f\u00fcphelisi tutukland\u0131\" \/>\n<meta name=\"robots\" content=\"index, follow, max-snippet:-1, max-image-preview:large, max-video-preview:-1\" \/>\n<link rel=\"canonical\" href=\"https:\/\/memurunsesi.net\/index.php\/2025\/10\/29\/is-yeri-kursunlama-olayinin-suphelisi-tutuklandi\/\" \/>\n<meta property=\"og:locale\" content=\"tr_TR\" \/>\n<meta property=\"og:type\" content=\"article\" \/>\n<meta property=\"og:title\" content=\"\u0130\u015f yeri kur\u015funlama olay\u0131n\u0131n \u015f\u00fcphelisi tutukland\u0131 - Memurun Sesi\" \/>\n<meta property=\"og:description\" content=\"\u0130\u015f yeri kur\u015funlama olay\u0131n\u0131n \u015f\u00fcphelisi tutukland\u0131\" \/>\n<meta property=\"og:url\" content=\"https:\/\/memurunsesi.net\/index.php\/2025\/10\/29\/is-yeri-kursunlama-olayinin-suphelisi-tutuklandi\/\" \/>\n<meta property=\"og:site_name\" content=\"Memurun Sesi\" \/>\n<meta property=\"article:publisher\" content=\"https:\/\/www.facebook.com\/unipersen\/?locale=tr_TR\" \/>\n<meta property=\"article:published_time\" content=\"2025-10-29T07:25:35+00:00\" \/>\n<meta property=\"og:image\" content=\"https:\/\/memurunsesi.net\/wp-content\/uploads\/2025\/10\/KURSUNLAMA.jpg\" \/>\n\t<meta property=\"og:image:width\" content=\"1200\" \/>\n\t<meta property=\"og:image:height\" content=\"1600\" \/>\n\t<meta property=\"og:image:type\" content=\"image\/jpeg\" \/>\n<meta name=\"author\" content=\"Memurun Sesi Haber Merkezi\" \/>\n<meta name=\"twitter:card\" content=\"summary_large_image\" \/>\n<meta name=\"twitter:creator\" content=\"@unipersen\" \/>\n<meta name=\"twitter:site\" content=\"@unipersen\" \/>\n<meta name=\"twitter:label1\" content=\"Yazan:\" \/>\n\t<meta name=\"twitter:data1\" content=\"Memurun Sesi Haber Merkezi\" \/>\n\t<meta name=\"twitter:label2\" content=\"Tahmini okuma s\u00fcresi\" \/>\n\t<meta name=\"twitter:data2\" content=\"1 dakika\" \/>\n<script type=\"application\/ld+json\" class=\"yoast-schema-graph\">{\"@context\":\"https:\\\/\\\/schema.org\",\"@graph\":[{\"@type\":\"Article\",\"@id\":\"https:\\\/\\\/memurunsesi.net\\\/index.php\\\/2025\\\/10\\\/29\\\/is-yeri-kursunlama-olayinin-suphelisi-tutuklandi\\\/#article\",\"isPartOf\":{\"@id\":\"https:\\\/\\\/memurunsesi.net\\\/index.php\\\/2025\\\/10\\\/29\\\/is-yeri-kursunlama-olayinin-suphelisi-tutuklandi\\\/\"},\"author\":{\"name\":\"Memurun Sesi Haber Merkezi\",\"@id\":\"https:\\\/\\\/memurunsesi.net\\\/#\\\/schema\\\/person\\\/f21c2d73b89f6ee1d80b0a1803e38587\"},\"headline\":\"\u0130\u015f yeri kur\u015funlama olay\u0131n\u0131n \u015f\u00fcphelisi tutukland\u0131\",\"datePublished\":\"2025-10-29T07:25:35+00:00\",\"mainEntityOfPage\":{\"@id\":\"https:\\\/\\\/memurunsesi.net\\\/index.php\\\/2025\\\/10\\\/29\\\/is-yeri-kursunlama-olayinin-suphelisi-tutuklandi\\\/\"},\"wordCount\":119,\"commentCount\":0,\"publisher\":{\"@id\":\"https:\\\/\\\/memurunsesi.net\\\/#organization\"},\"image\":{\"@id\":\"https:\\\/\\\/memurunsesi.net\\\/index.php\\\/2025\\\/10\\\/29\\\/is-yeri-kursunlama-olayinin-suphelisi-tutuklandi\\\/#primaryimage\"},\"thumbnailUrl\":\"https:\\\/\\\/memurunsesi.net\\\/wp-content\\\/uploads\\\/2025\\\/10\\\/KURSUNLAMA.jpg\",\"keywords\":[\"\u0130\u015e YER\u0130 KUR\u015eUNLAMA\"],\"inLanguage\":\"tr\",\"potentialAction\":[{\"@type\":\"CommentAction\",\"name\":\"Comment\",\"target\":[\"https:\\\/\\\/memurunsesi.net\\\/index.php\\\/2025\\\/10\\\/29\\\/is-yeri-kursunlama-olayinin-suphelisi-tutuklandi\\\/#respond\"]}]},{\"@type\":\"WebPage\",\"@id\":\"https:\\\/\\\/memurunsesi.net\\\/index.php\\\/2025\\\/10\\\/29\\\/is-yeri-kursunlama-olayinin-suphelisi-tutuklandi\\\/\",\"url\":\"https:\\\/\\\/memurunsesi.net\\\/index.php\\\/2025\\\/10\\\/29\\\/is-yeri-kursunlama-olayinin-suphelisi-tutuklandi\\\/\",\"name\":\"\u0130\u015f yeri kur\u015funlama olay\u0131n\u0131n \u015f\u00fcphelisi tutukland\u0131 - Memurun Sesi\",\"isPartOf\":{\"@id\":\"https:\\\/\\\/memurunsesi.net\\\/#website\"},\"primaryImageOfPage\":{\"@id\":\"https:\\\/\\\/memurunsesi.net\\\/index.php\\\/2025\\\/10\\\/29\\\/is-yeri-kursunlama-olayinin-suphelisi-tutuklandi\\\/#primaryimage\"},\"image\":{\"@id\":\"https:\\\/\\\/memurunsesi.net\\\/index.php\\\/2025\\\/10\\\/29\\\/is-yeri-kursunlama-olayinin-suphelisi-tutuklandi\\\/#primaryimage\"},\"thumbnailUrl\":\"https:\\\/\\\/memurunsesi.net\\\/wp-content\\\/uploads\\\/2025\\\/10\\\/KURSUNLAMA.jpg\",\"datePublished\":\"2025-10-29T07:25:35+00:00\",\"description\":\"\u0130\u015f yeri kur\u015funlama olay\u0131n\u0131n \u015f\u00fcphelisi tutukland\u0131\",\"breadcrumb\":{\"@id\":\"https:\\\/\\\/memurunsesi.net\\\/index.php\\\/2025\\\/10\\\/29\\\/is-yeri-kursunlama-olayinin-suphelisi-tutuklandi\\\/#breadcrumb\"},\"inLanguage\":\"tr\",\"potentialAction\":[{\"@type\":\"ReadAction\",\"target\":[\"https:\\\/\\\/memurunsesi.net\\\/index.php\\\/2025\\\/10\\\/29\\\/is-yeri-kursunlama-olayinin-suphelisi-tutuklandi\\\/\"]}]},{\"@type\":\"ImageObject\",\"inLanguage\":\"tr\",\"@id\":\"https:\\\/\\\/memurunsesi.net\\\/index.php\\\/2025\\\/10\\\/29\\\/is-yeri-kursunlama-olayinin-suphelisi-tutuklandi\\\/#primaryimage\",\"url\":\"https:\\\/\\\/memurunsesi.net\\\/wp-content\\\/uploads\\\/2025\\\/10\\\/KURSUNLAMA.jpg\",\"contentUrl\":\"https:\\\/\\\/memurunsesi.net\\\/wp-content\\\/uploads\\\/2025\\\/10\\\/KURSUNLAMA.jpg\",\"width\":1200,\"height\":1600,\"caption\":\"EMN\u0130YETTEK\u0130 \u0130\u015eLEMLER\u0130N\u0130N ARDINDAN ADL\u0130YEYE SEVK ED\u0130LEN O.\u00d6., \u00c7IKARILDI\u011eI MAHKEMECE TUTUKLANARAK CEZAEV\u0130NE G\u00d6NDER\u0130LD\u0130. (AHMET BURAK \u00d6ZT\u00dcRK\\\/BURSA-\u0130HA) Bursa'n\u0131n Mustafakemalpa\u015fa il\u00e7esinde i\u015f yeri kur\u015funlama olay\u0131yla ilgili olarak \\\"kasten \u00f6ld\u00fcrmeye te\u015febb\u00fcs\\\", \\\"genel g\u00fcvenli\u011fi tehlikeye sokma\\\" ve \\\"mala zarar verme\\\" su\u00e7lar\u0131ndan aranan \u015f\u00fcpheli O.\u00d6., polis ekiplerince yakaland\u0131.\"},{\"@type\":\"BreadcrumbList\",\"@id\":\"https:\\\/\\\/memurunsesi.net\\\/index.php\\\/2025\\\/10\\\/29\\\/is-yeri-kursunlama-olayinin-suphelisi-tutuklandi\\\/#breadcrumb\",\"itemListElement\":[{\"@type\":\"ListItem\",\"position\":1,\"name\":\"Anasayfa\",\"item\":\"https:\\\/\\\/memurunsesi.net\\\/\"},{\"@type\":\"ListItem\",\"position\":2,\"name\":\"\u0130\u015f yeri kur\u015funlama olay\u0131n\u0131n \u015f\u00fcphelisi tutukland\u0131\"}]},{\"@type\":\"WebSite\",\"@id\":\"https:\\\/\\\/memurunsesi.net\\\/#website\",\"url\":\"https:\\\/\\\/memurunsesi.net\\\/\",\"name\":\"Memurun Sesi\",\"description\":\"G\u00fcncel ve Do\u011fru Haber\",\"publisher\":{\"@id\":\"https:\\\/\\\/memurunsesi.net\\\/#organization\"},\"potentialAction\":[{\"@type\":\"SearchAction\",\"target\":{\"@type\":\"EntryPoint\",\"urlTemplate\":\"https:\\\/\\\/memurunsesi.net\\\/?s={search_term_string}\"},\"query-input\":{\"@type\":\"PropertyValueSpecification\",\"valueRequired\":true,\"valueName\":\"search_term_string\"}}],\"inLanguage\":\"tr\"},{\"@type\":\"Organization\",\"@id\":\"https:\\\/\\\/memurunsesi.net\\\/#organization\",\"name\":\"Memurun Sesi\",\"url\":\"https:\\\/\\\/memurunsesi.net\\\/\",\"logo\":{\"@type\":\"ImageObject\",\"inLanguage\":\"tr\",\"@id\":\"https:\\\/\\\/memurunsesi.net\\\/#\\\/schema\\\/logo\\\/image\\\/\",\"url\":\"https:\\\/\\\/memurunsesi.net\\\/wp-content\\\/uploads\\\/2025\\\/11\\\/cropped-MEMURUN-SESI.png\",\"contentUrl\":\"https:\\\/\\\/memurunsesi.net\\\/wp-content\\\/uploads\\\/2025\\\/11\\\/cropped-MEMURUN-SESI.png\",\"width\":238,\"height\":57,\"caption\":\"Memurun Sesi\"},\"image\":{\"@id\":\"https:\\\/\\\/memurunsesi.net\\\/#\\\/schema\\\/logo\\\/image\\\/\"},\"sameAs\":[\"https:\\\/\\\/www.facebook.com\\\/unipersen\\\/?locale=tr_TR\",\"https:\\\/\\\/x.com\\\/unipersen\"]},{\"@type\":\"Person\",\"@id\":\"https:\\\/\\\/memurunsesi.net\\\/#\\\/schema\\\/person\\\/f21c2d73b89f6ee1d80b0a1803e38587\",\"name\":\"Memurun Sesi Haber Merkezi\",\"image\":{\"@type\":\"ImageObject\",\"inLanguage\":\"tr\",\"@id\":\"https:\\\/\\\/secure.gravatar.com\\\/avatar\\\/6cf0505f452ee753f485014986fab09a434671d2b919ee76fc541025c5876a70?s=96&d=mm&r=g\",\"url\":\"https:\\\/\\\/secure.gravatar.com\\\/avatar\\\/6cf0505f452ee753f485014986fab09a434671d2b919ee76fc541025c5876a70?s=96&d=mm&r=g\",\"contentUrl\":\"https:\\\/\\\/secure.gravatar.com\\\/avatar\\\/6cf0505f452ee753f485014986fab09a434671d2b919ee76fc541025c5876a70?s=96&d=mm&r=g\",\"caption\":\"Memurun Sesi Haber Merkezi\"},\"sameAs\":[\"https:\\\/\\\/memurunsesi.net\"],\"url\":\"https:\\\/\\\/memurunsesi.net\\\/index.php\\\/author\\\/uniper\\\/\"}]}<\/script>\n<!-- \/ Yoast SEO plugin. -->","yoast_head_json":{"title":"\u0130\u015f yeri kur\u015funlama olay\u0131n\u0131n \u015f\u00fcphelisi tutukland\u0131 - Memurun Sesi","description":"\u0130\u015f yeri kur\u015funlama olay\u0131n\u0131n \u015f\u00fcphelisi tutukland\u0131","robots":{"index":"index","follow":"follow","max-snippet":"max-snippet:-1","max-image-preview":"max-image-preview:large","max-video-preview":"max-video-preview:-1"},"canonical":"https:\/\/memurunsesi.net\/index.php\/2025\/10\/29\/is-yeri-kursunlama-olayinin-suphelisi-tutuklandi\/","og_locale":"tr_TR","og_type":"article","og_title":"\u0130\u015f yeri kur\u015funlama olay\u0131n\u0131n \u015f\u00fcphelisi tutukland\u0131 - Memurun Sesi","og_description":"\u0130\u015f yeri kur\u015funlama olay\u0131n\u0131n \u015f\u00fcphelisi tutukland\u0131","og_url":"https:\/\/memurunsesi.net\/index.php\/2025\/10\/29\/is-yeri-kursunlama-olayinin-suphelisi-tutuklandi\/","og_site_name":"Memurun Sesi","article_publisher":"https:\/\/www.facebook.com\/unipersen\/?locale=tr_TR","article_published_time":"2025-10-29T07:25:35+00:00","og_image":[{"width":1200,"height":1600,"url":"https:\/\/memurunsesi.net\/wp-content\/uploads\/2025\/10\/KURSUNLAMA.jpg","type":"image\/jpeg"}],"author":"Memurun Sesi Haber Merkezi","twitter_card":"summary_large_image","twitter_creator":"@unipersen","twitter_site":"@unipersen","twitter_misc":{"Yazan:":"Memurun Sesi Haber Merkezi","Tahmini okuma s\u00fcresi":"1 dakika"},"schema":{"@context":"https:\/\/schema.org","@graph":[{"@type":"Article","@id":"https:\/\/memurunsesi.net\/index.php\/2025\/10\/29\/is-yeri-kursunlama-olayinin-suphelisi-tutuklandi\/#article","isPartOf":{"@id":"https:\/\/memurunsesi.net\/index.php\/2025\/10\/29\/is-yeri-kursunlama-olayinin-suphelisi-tutuklandi\/"},"author":{"name":"Memurun Sesi Haber Merkezi","@id":"https:\/\/memurunsesi.net\/#\/schema\/person\/f21c2d73b89f6ee1d80b0a1803e38587"},"headline":"\u0130\u015f yeri kur\u015funlama olay\u0131n\u0131n \u015f\u00fcphelisi tutukland\u0131","datePublished":"2025-10-29T07:25:35+00:00","mainEntityOfPage":{"@id":"https:\/\/memurunsesi.net\/index.php\/2025\/10\/29\/is-yeri-kursunlama-olayinin-suphelisi-tutuklandi\/"},"wordCount":119,"commentCount":0,"publisher":{"@id":"https:\/\/memurunsesi.net\/#organization"},"image":{"@id":"https:\/\/memurunsesi.net\/index.php\/2025\/10\/29\/is-yeri-kursunlama-olayinin-suphelisi-tutuklandi\/#primaryimage"},"thumbnailUrl":"https:\/\/memurunsesi.net\/wp-content\/uploads\/2025\/10\/KURSUNLAMA.jpg","keywords":["\u0130\u015e YER\u0130 KUR\u015eUNLAMA"],"inLanguage":"tr","potentialAction":[{"@type":"CommentAction","name":"Comment","target":["https:\/\/memurunsesi.net\/index.php\/2025\/10\/29\/is-yeri-kursunlama-olayinin-suphelisi-tutuklandi\/#respond"]}]},{"@type":"WebPage","@id":"https:\/\/memurunsesi.net\/index.php\/2025\/10\/29\/is-yeri-kursunlama-olayinin-suphelisi-tutuklandi\/","url":"https:\/\/memurunsesi.net\/index.php\/2025\/10\/29\/is-yeri-kursunlama-olayinin-suphelisi-tutuklandi\/","name":"\u0130\u015f yeri kur\u015funlama olay\u0131n\u0131n \u015f\u00fcphelisi tutukland\u0131 - Memurun Sesi","isPartOf":{"@id":"https:\/\/memurunsesi.net\/#website"},"primaryImageOfPage":{"@id":"https:\/\/memurunsesi.net\/index.php\/2025\/10\/29\/is-yeri-kursunlama-olayinin-suphelisi-tutuklandi\/#primaryimage"},"image":{"@id":"https:\/\/memurunsesi.net\/index.php\/2025\/10\/29\/is-yeri-kursunlama-olayinin-suphelisi-tutuklandi\/#primaryimage"},"thumbnailUrl":"https:\/\/memurunsesi.net\/wp-content\/uploads\/2025\/10\/KURSUNLAMA.jpg","datePublished":"2025-10-29T07:25:35+00:00","description":"\u0130\u015f yeri kur\u015funlama olay\u0131n\u0131n \u015f\u00fcphelisi tutukland\u0131","breadcrumb":{"@id":"https:\/\/memurunsesi.net\/index.php\/2025\/10\/29\/is-yeri-kursunlama-olayinin-suphelisi-tutuklandi\/#breadcrumb"},"inLanguage":"tr","potentialAction":[{"@type":"ReadAction","target":["https:\/\/memurunsesi.net\/index.php\/2025\/10\/29\/is-yeri-kursunlama-olayinin-suphelisi-tutuklandi\/"]}]},{"@type":"ImageObject","inLanguage":"tr","@id":"https:\/\/memurunsesi.net\/index.php\/2025\/10\/29\/is-yeri-kursunlama-olayinin-suphelisi-tutuklandi\/#primaryimage","url":"https:\/\/memurunsesi.net\/wp-content\/uploads\/2025\/10\/KURSUNLAMA.jpg","contentUrl":"https:\/\/memurunsesi.net\/wp-content\/uploads\/2025\/10\/KURSUNLAMA.jpg","width":1200,"height":1600,"caption":"EMN\u0130YETTEK\u0130 \u0130\u015eLEMLER\u0130N\u0130N ARDINDAN ADL\u0130YEYE SEVK ED\u0130LEN O.\u00d6., \u00c7IKARILDI\u011eI MAHKEMECE TUTUKLANARAK CEZAEV\u0130NE G\u00d6NDER\u0130LD\u0130. (AHMET BURAK \u00d6ZT\u00dcRK\/BURSA-\u0130HA) Bursa'n\u0131n Mustafakemalpa\u015fa il\u00e7esinde i\u015f yeri kur\u015funlama olay\u0131yla ilgili olarak \"kasten \u00f6ld\u00fcrmeye te\u015febb\u00fcs\", \"genel g\u00fcvenli\u011fi tehlikeye sokma\" ve \"mala zarar verme\" su\u00e7lar\u0131ndan aranan \u015f\u00fcpheli O.\u00d6., polis ekiplerince yakaland\u0131."},{"@type":"BreadcrumbList","@id":"https:\/\/memurunsesi.net\/index.php\/2025\/10\/29\/is-yeri-kursunlama-olayinin-suphelisi-tutuklandi\/#breadcrumb","itemListElement":[{"@type":"ListItem","position":1,"name":"Anasayfa","item":"https:\/\/memurunsesi.net\/"},{"@type":"ListItem","position":2,"name":"\u0130\u015f yeri kur\u015funlama olay\u0131n\u0131n \u015f\u00fcphelisi tutukland\u0131"}]},{"@type":"WebSite","@id":"https:\/\/memurunsesi.net\/#website","url":"https:\/\/memurunsesi.net\/","name":"Memurun Sesi","description":"G\u00fcncel ve Do\u011fru Haber","publisher":{"@id":"https:\/\/memurunsesi.net\/#organization"},"potentialAction":[{"@type":"SearchAction","target":{"@type":"EntryPoint","urlTemplate":"https:\/\/memurunsesi.net\/?s={search_term_string}"},"query-input":{"@type":"PropertyValueSpecification","valueRequired":true,"valueName":"search_term_string"}}],"inLanguage":"tr"},{"@type":"Organization","@id":"https:\/\/memurunsesi.net\/#organization","name":"Memurun Sesi","url":"https:\/\/memurunsesi.net\/","logo":{"@type":"ImageObject","inLanguage":"tr","@id":"https:\/\/memurunsesi.net\/#\/schema\/logo\/image\/","url":"https:\/\/memurunsesi.net\/wp-content\/uploads\/2025\/11\/cropped-MEMURUN-SESI.png","contentUrl":"https:\/\/memurunsesi.net\/wp-content\/uploads\/2025\/11\/cropped-MEMURUN-SESI.png","width":238,"height":57,"caption":"Memurun Sesi"},"image":{"@id":"https:\/\/memurunsesi.net\/#\/schema\/logo\/image\/"},"sameAs":["https:\/\/www.facebook.com\/unipersen\/?locale=tr_TR","https:\/\/x.com\/unipersen"]},{"@type":"Person","@id":"https:\/\/memurunsesi.net\/#\/schema\/person\/f21c2d73b89f6ee1d80b0a1803e38587","name":"Memurun Sesi Haber Merkezi","image":{"@type":"ImageObject","inLanguage":"tr","@id":"https:\/\/secure.gravatar.com\/avatar\/6cf0505f452ee753f485014986fab09a434671d2b919ee76fc541025c5876a70?s=96&d=mm&r=g","url":"https:\/\/secure.gravatar.com\/avatar\/6cf0505f452ee753f485014986fab09a434671d2b919ee76fc541025c5876a70?s=96&d=mm&r=g","contentUrl":"https:\/\/secure.gravatar.com\/avatar\/6cf0505f452ee753f485014986fab09a434671d2b919ee76fc541025c5876a70?s=96&d=mm&r=g","caption":"Memurun Sesi Haber Merkezi"},"sameAs":["https:\/\/memurunsesi.net"],"url":"https:\/\/memurunsesi.net\/index.php\/author\/uniper\/"}]}},"_links":{"self":[{"href":"https:\/\/memurunsesi.net\/index.php\/wp-json\/wp\/v2\/posts\/13508","targetHints":{"allow":["GET"]}}],"collection":[{"href":"https:\/\/memurunsesi.net\/index.php\/wp-json\/wp\/v2\/posts"}],"about":[{"href":"https:\/\/memurunsesi.net\/index.php\/wp-json\/wp\/v2\/types\/post"}],"author":[{"embeddable":true,"href":"https:\/\/memurunsesi.net\/index.php\/wp-json\/wp\/v2\/users\/1"}],"replies":[{"embeddable":true,"href":"https:\/\/memurunsesi.net\/index.php\/wp-json\/wp\/v2\/comments?post=13508"}],"version-history":[{"count":1,"href":"https:\/\/memurunsesi.net\/index.php\/wp-json\/wp\/v2\/posts\/13508\/revisions"}],"predecessor-version":[{"id":13510,"href":"https:\/\/memurunsesi.net\/index.php\/wp-json\/wp\/v2\/posts\/13508\/revisions\/13510"}],"wp:featuredmedia":[{"embeddable":true,"href":"https:\/\/memurunsesi.net\/index.php\/wp-json\/wp\/v2\/media\/13509"}],"wp:attachment":[{"href":"https:\/\/memurunsesi.net\/index.php\/wp-json\/wp\/v2\/media?parent=13508"}],"wp:term":[{"taxonomy":"category","embeddable":true,"href":"https:\/\/memurunsesi.net\/index.php\/wp-json\/wp\/v2\/categories?post=13508"},{"taxonomy":"post_tag","embeddable":true,"href":"https:\/\/memurunsesi.net\/index.php\/wp-json\/wp\/v2\/tags?post=13508"}],"curies":[{"name":"wp","href":"https:\/\/api.w.org\/{rel}","templated":true}]}}