{"id":13514,"date":"2025-10-29T10:42:55","date_gmt":"2025-10-29T07:42:55","guid":{"rendered":"https:\/\/memurunsesi.net\/?p=13514"},"modified":"2025-10-29T10:42:55","modified_gmt":"2025-10-29T07:42:55","slug":"amasyada-kazada-yaralanan-baspolisten-aci-haber","status":"publish","type":"post","link":"https:\/\/memurunsesi.net\/index.php\/2025\/10\/29\/amasyada-kazada-yaralanan-baspolisten-aci-haber\/","title":{"rendered":"Amasya\u2019da kazada yaralanan ba\u015fpolisten ac\u0131 haber"},"content":{"rendered":"<p>   Amasya\u2019da d\u00fcn iki sivil arac\u0131n \u00e7arp\u0131\u015ft\u0131\u011f\u0131 kazada yaralanan ba\u015fpolis Ercan Aslan, kald\u0131r\u0131ld\u0131\u011f\u0131 hastanede kurtar\u0131lamayarak hayat\u0131n\u0131 kaybetti.<br \/>\n  Amasya merkez Kap\u0131kaya k\u00f6y\u00fc civar\u0131nda ya\u015fanan kazan\u0131n ard\u0131ndan Amasya \u00dcniversitesi E\u011fitim ve Ara\u015ft\u0131rma Hastanesine kald\u0131r\u0131lan Aslan (52), yap\u0131lan t\u00fcm m\u00fcdahalelere ra\u011fmen kurtar\u0131lamad\u0131. Amasya Valili\u011fi, Amasya Emniyet M\u00fcd\u00fcrl\u00fc\u011f\u00fc \u015eehit Hayrettin \u015ei\u015fman Polis Merkezinde g\u00f6revli ba\u015fpolis Ercan Aslan i\u00e7in ba\u015fsa\u011fl\u0131\u011f\u0131 mesaj\u0131 yay\u0131nlad\u0131.<br \/>\nAslan\u2019\u0131n cenazesinin memleketi Kahramanmara\u015f\u2019\u0131n G\u00f6ksun il\u00e7esinde ikindi vakti d\u00fczenlenecek cenaze t\u00f6reninin ard\u0131ndan defnedilece\u011fi \u00f6\u011frenildi. <\/p>\n<p>29.10.2025                                  <\/p>\n","protected":false},"excerpt":{"rendered":"<p>Amasya\u2019da d\u00fcn iki sivil arac\u0131n \u00e7arp\u0131\u015ft\u0131\u011f\u0131 kazada yaralanan ba\u015fpolis Ercan Aslan, kald\u0131r\u0131ld\u0131\u011f\u0131 hastanede kurtar\u0131lamayarak hayat\u0131n\u0131 kaybetti. Amasya merkez Kap\u0131kaya k\u00f6y\u00fc civar\u0131nda ya\u015fanan kazan\u0131n ard\u0131ndan Amasya \u00dcniversitesi E\u011fitim ve Ara\u015ft\u0131rma Hastanesine kald\u0131r\u0131lan Aslan (52), yap\u0131lan t\u00fcm m\u00fcdahalelere ra\u011fmen kurtar\u0131lamad\u0131. Amasya Valili\u011fi, Amasya Emniyet M\u00fcd\u00fcrl\u00fc\u011f\u00fc \u015eehit Hayrettin \u015ei\u015fman Polis Merkezinde g\u00f6revli ba\u015fpolis Ercan Aslan i\u00e7in ba\u015fsa\u011fl\u0131\u011f\u0131 mesaj\u0131 [&hellip;]<\/p>\n","protected":false},"author":1,"featured_media":13515,"comment_status":"open","ping_status":"open","sticky":false,"template":"","format":"standard","meta":{"footnotes":""},"categories":[1],"tags":[70,95],"class_list":["post-13514","post","type-post","status-publish","format-standard","has-post-thumbnail","hentry","category-genel","tag-kaza","tag-olum"],"yoast_head":"<!-- This site is optimized with the Yoast SEO plugin v27.4 - https:\/\/yoast.com\/product\/yoast-seo-wordpress\/ -->\n<title>Amasya\u2019da kazada yaralanan ba\u015fpolisten ac\u0131 haber - Memurun Sesi<\/title>\n<meta name=\"description\" content=\"Amasya\u2019da kazada yaralanan ba\u015fpolisten ac\u0131 haber\" \/>\n<meta name=\"robots\" content=\"index, follow, max-snippet:-1, max-image-preview:large, max-video-preview:-1\" \/>\n<link rel=\"canonical\" href=\"https:\/\/memurunsesi.net\/index.php\/2025\/10\/29\/amasyada-kazada-yaralanan-baspolisten-aci-haber\/\" \/>\n<meta property=\"og:locale\" content=\"tr_TR\" \/>\n<meta property=\"og:type\" content=\"article\" \/>\n<meta property=\"og:title\" content=\"Amasya\u2019da kazada yaralanan ba\u015fpolisten ac\u0131 haber - Memurun Sesi\" \/>\n<meta property=\"og:description\" content=\"Amasya\u2019da kazada yaralanan ba\u015fpolisten ac\u0131 haber\" \/>\n<meta property=\"og:url\" content=\"https:\/\/memurunsesi.net\/index.php\/2025\/10\/29\/amasyada-kazada-yaralanan-baspolisten-aci-haber\/\" \/>\n<meta property=\"og:site_name\" content=\"Memurun Sesi\" \/>\n<meta property=\"article:publisher\" content=\"https:\/\/www.facebook.com\/unipersen\/?locale=tr_TR\" \/>\n<meta property=\"article:published_time\" content=\"2025-10-29T07:42:55+00:00\" \/>\n<meta property=\"og:image\" content=\"https:\/\/memurunsesi.net\/wp-content\/uploads\/2025\/10\/polis.jpg\" \/>\n\t<meta property=\"og:image:width\" content=\"1440\" \/>\n\t<meta property=\"og:image:height\" content=\"1440\" \/>\n\t<meta property=\"og:image:type\" content=\"image\/jpeg\" \/>\n<meta name=\"author\" content=\"Memurun Sesi Haber Merkezi\" \/>\n<meta name=\"twitter:card\" content=\"summary_large_image\" \/>\n<meta name=\"twitter:creator\" content=\"@unipersen\" \/>\n<meta name=\"twitter:site\" content=\"@unipersen\" \/>\n<meta name=\"twitter:label1\" content=\"Yazan:\" \/>\n\t<meta name=\"twitter:data1\" content=\"Memurun Sesi Haber Merkezi\" \/>\n\t<meta name=\"twitter:label2\" content=\"Tahmini okuma s\u00fcresi\" \/>\n\t<meta name=\"twitter:data2\" content=\"1 dakika\" \/>\n<script type=\"application\/ld+json\" class=\"yoast-schema-graph\">{\"@context\":\"https:\\\/\\\/schema.org\",\"@graph\":[{\"@type\":\"Article\",\"@id\":\"https:\\\/\\\/memurunsesi.net\\\/index.php\\\/2025\\\/10\\\/29\\\/amasyada-kazada-yaralanan-baspolisten-aci-haber\\\/#article\",\"isPartOf\":{\"@id\":\"https:\\\/\\\/memurunsesi.net\\\/index.php\\\/2025\\\/10\\\/29\\\/amasyada-kazada-yaralanan-baspolisten-aci-haber\\\/\"},\"author\":{\"name\":\"Memurun Sesi Haber Merkezi\",\"@id\":\"https:\\\/\\\/memurunsesi.net\\\/#\\\/schema\\\/person\\\/f21c2d73b89f6ee1d80b0a1803e38587\"},\"headline\":\"Amasya\u2019da kazada yaralanan ba\u015fpolisten ac\u0131 haber\",\"datePublished\":\"2025-10-29T07:42:55+00:00\",\"mainEntityOfPage\":{\"@id\":\"https:\\\/\\\/memurunsesi.net\\\/index.php\\\/2025\\\/10\\\/29\\\/amasyada-kazada-yaralanan-baspolisten-aci-haber\\\/\"},\"wordCount\":120,\"commentCount\":0,\"publisher\":{\"@id\":\"https:\\\/\\\/memurunsesi.net\\\/#organization\"},\"image\":{\"@id\":\"https:\\\/\\\/memurunsesi.net\\\/index.php\\\/2025\\\/10\\\/29\\\/amasyada-kazada-yaralanan-baspolisten-aci-haber\\\/#primaryimage\"},\"thumbnailUrl\":\"https:\\\/\\\/memurunsesi.net\\\/wp-content\\\/uploads\\\/2025\\\/10\\\/polis.jpg\",\"keywords\":[\"kaza\",\"\u00f6l\u00fcm\"],\"inLanguage\":\"tr\",\"potentialAction\":[{\"@type\":\"CommentAction\",\"name\":\"Comment\",\"target\":[\"https:\\\/\\\/memurunsesi.net\\\/index.php\\\/2025\\\/10\\\/29\\\/amasyada-kazada-yaralanan-baspolisten-aci-haber\\\/#respond\"]}]},{\"@type\":\"WebPage\",\"@id\":\"https:\\\/\\\/memurunsesi.net\\\/index.php\\\/2025\\\/10\\\/29\\\/amasyada-kazada-yaralanan-baspolisten-aci-haber\\\/\",\"url\":\"https:\\\/\\\/memurunsesi.net\\\/index.php\\\/2025\\\/10\\\/29\\\/amasyada-kazada-yaralanan-baspolisten-aci-haber\\\/\",\"name\":\"Amasya\u2019da kazada yaralanan ba\u015fpolisten ac\u0131 haber - Memurun Sesi\",\"isPartOf\":{\"@id\":\"https:\\\/\\\/memurunsesi.net\\\/#website\"},\"primaryImageOfPage\":{\"@id\":\"https:\\\/\\\/memurunsesi.net\\\/index.php\\\/2025\\\/10\\\/29\\\/amasyada-kazada-yaralanan-baspolisten-aci-haber\\\/#primaryimage\"},\"image\":{\"@id\":\"https:\\\/\\\/memurunsesi.net\\\/index.php\\\/2025\\\/10\\\/29\\\/amasyada-kazada-yaralanan-baspolisten-aci-haber\\\/#primaryimage\"},\"thumbnailUrl\":\"https:\\\/\\\/memurunsesi.net\\\/wp-content\\\/uploads\\\/2025\\\/10\\\/polis.jpg\",\"datePublished\":\"2025-10-29T07:42:55+00:00\",\"description\":\"Amasya\u2019da kazada yaralanan ba\u015fpolisten ac\u0131 haber\",\"breadcrumb\":{\"@id\":\"https:\\\/\\\/memurunsesi.net\\\/index.php\\\/2025\\\/10\\\/29\\\/amasyada-kazada-yaralanan-baspolisten-aci-haber\\\/#breadcrumb\"},\"inLanguage\":\"tr\",\"potentialAction\":[{\"@type\":\"ReadAction\",\"target\":[\"https:\\\/\\\/memurunsesi.net\\\/index.php\\\/2025\\\/10\\\/29\\\/amasyada-kazada-yaralanan-baspolisten-aci-haber\\\/\"]}]},{\"@type\":\"ImageObject\",\"inLanguage\":\"tr\",\"@id\":\"https:\\\/\\\/memurunsesi.net\\\/index.php\\\/2025\\\/10\\\/29\\\/amasyada-kazada-yaralanan-baspolisten-aci-haber\\\/#primaryimage\",\"url\":\"https:\\\/\\\/memurunsesi.net\\\/wp-content\\\/uploads\\\/2025\\\/10\\\/polis.jpg\",\"contentUrl\":\"https:\\\/\\\/memurunsesi.net\\\/wp-content\\\/uploads\\\/2025\\\/10\\\/polis.jpg\",\"width\":1440,\"height\":1440,\"caption\":\"AMASYA'DA D\u00dcN \u0130K\u0130 S\u0130V\u0130L ARACIN \u00c7ARPI\u015eTI\u011eI KAZADA YARALANAN BA\u015ePOL\u0130S ERCAN ASLAN, KALDIRILDI\u011eI HASTANEDE KURTARILAMAYARAK HAYATINI KAYBETT\u0130. (\u0130HA\\\/AMASYA-\u0130HA) Amasya'da d\u00fcn iki sivil arac\u0131n \u00e7arp\u0131\u015ft\u0131\u011f\u0131 kazada yaralanan ba\u015fpolis Ercan Aslan, kald\u0131r\u0131ld\u0131\u011f\u0131 hastanede kurtar\u0131lamayarak hayat\u0131n\u0131 kaybetti.\"},{\"@type\":\"BreadcrumbList\",\"@id\":\"https:\\\/\\\/memurunsesi.net\\\/index.php\\\/2025\\\/10\\\/29\\\/amasyada-kazada-yaralanan-baspolisten-aci-haber\\\/#breadcrumb\",\"itemListElement\":[{\"@type\":\"ListItem\",\"position\":1,\"name\":\"Anasayfa\",\"item\":\"https:\\\/\\\/memurunsesi.net\\\/\"},{\"@type\":\"ListItem\",\"position\":2,\"name\":\"Amasya\u2019da kazada yaralanan ba\u015fpolisten ac\u0131 haber\"}]},{\"@type\":\"WebSite\",\"@id\":\"https:\\\/\\\/memurunsesi.net\\\/#website\",\"url\":\"https:\\\/\\\/memurunsesi.net\\\/\",\"name\":\"Memurun Sesi\",\"description\":\"G\u00fcncel ve Do\u011fru Haber\",\"publisher\":{\"@id\":\"https:\\\/\\\/memurunsesi.net\\\/#organization\"},\"potentialAction\":[{\"@type\":\"SearchAction\",\"target\":{\"@type\":\"EntryPoint\",\"urlTemplate\":\"https:\\\/\\\/memurunsesi.net\\\/?s={search_term_string}\"},\"query-input\":{\"@type\":\"PropertyValueSpecification\",\"valueRequired\":true,\"valueName\":\"search_term_string\"}}],\"inLanguage\":\"tr\"},{\"@type\":\"Organization\",\"@id\":\"https:\\\/\\\/memurunsesi.net\\\/#organization\",\"name\":\"Memurun Sesi\",\"url\":\"https:\\\/\\\/memurunsesi.net\\\/\",\"logo\":{\"@type\":\"ImageObject\",\"inLanguage\":\"tr\",\"@id\":\"https:\\\/\\\/memurunsesi.net\\\/#\\\/schema\\\/logo\\\/image\\\/\",\"url\":\"https:\\\/\\\/memurunsesi.net\\\/wp-content\\\/uploads\\\/2025\\\/11\\\/cropped-MEMURUN-SESI.png\",\"contentUrl\":\"https:\\\/\\\/memurunsesi.net\\\/wp-content\\\/uploads\\\/2025\\\/11\\\/cropped-MEMURUN-SESI.png\",\"width\":238,\"height\":57,\"caption\":\"Memurun Sesi\"},\"image\":{\"@id\":\"https:\\\/\\\/memurunsesi.net\\\/#\\\/schema\\\/logo\\\/image\\\/\"},\"sameAs\":[\"https:\\\/\\\/www.facebook.com\\\/unipersen\\\/?locale=tr_TR\",\"https:\\\/\\\/x.com\\\/unipersen\"]},{\"@type\":\"Person\",\"@id\":\"https:\\\/\\\/memurunsesi.net\\\/#\\\/schema\\\/person\\\/f21c2d73b89f6ee1d80b0a1803e38587\",\"name\":\"Memurun Sesi Haber Merkezi\",\"image\":{\"@type\":\"ImageObject\",\"inLanguage\":\"tr\",\"@id\":\"https:\\\/\\\/secure.gravatar.com\\\/avatar\\\/6cf0505f452ee753f485014986fab09a434671d2b919ee76fc541025c5876a70?s=96&d=mm&r=g\",\"url\":\"https:\\\/\\\/secure.gravatar.com\\\/avatar\\\/6cf0505f452ee753f485014986fab09a434671d2b919ee76fc541025c5876a70?s=96&d=mm&r=g\",\"contentUrl\":\"https:\\\/\\\/secure.gravatar.com\\\/avatar\\\/6cf0505f452ee753f485014986fab09a434671d2b919ee76fc541025c5876a70?s=96&d=mm&r=g\",\"caption\":\"Memurun Sesi Haber Merkezi\"},\"sameAs\":[\"https:\\\/\\\/memurunsesi.net\"],\"url\":\"https:\\\/\\\/memurunsesi.net\\\/index.php\\\/author\\\/uniper\\\/\"}]}<\/script>\n<!-- \/ Yoast SEO plugin. -->","yoast_head_json":{"title":"Amasya\u2019da kazada yaralanan ba\u015fpolisten ac\u0131 haber - Memurun Sesi","description":"Amasya\u2019da kazada yaralanan ba\u015fpolisten ac\u0131 haber","robots":{"index":"index","follow":"follow","max-snippet":"max-snippet:-1","max-image-preview":"max-image-preview:large","max-video-preview":"max-video-preview:-1"},"canonical":"https:\/\/memurunsesi.net\/index.php\/2025\/10\/29\/amasyada-kazada-yaralanan-baspolisten-aci-haber\/","og_locale":"tr_TR","og_type":"article","og_title":"Amasya\u2019da kazada yaralanan ba\u015fpolisten ac\u0131 haber - Memurun Sesi","og_description":"Amasya\u2019da kazada yaralanan ba\u015fpolisten ac\u0131 haber","og_url":"https:\/\/memurunsesi.net\/index.php\/2025\/10\/29\/amasyada-kazada-yaralanan-baspolisten-aci-haber\/","og_site_name":"Memurun Sesi","article_publisher":"https:\/\/www.facebook.com\/unipersen\/?locale=tr_TR","article_published_time":"2025-10-29T07:42:55+00:00","og_image":[{"width":1440,"height":1440,"url":"https:\/\/memurunsesi.net\/wp-content\/uploads\/2025\/10\/polis.jpg","type":"image\/jpeg"}],"author":"Memurun Sesi Haber Merkezi","twitter_card":"summary_large_image","twitter_creator":"@unipersen","twitter_site":"@unipersen","twitter_misc":{"Yazan:":"Memurun Sesi Haber Merkezi","Tahmini okuma s\u00fcresi":"1 dakika"},"schema":{"@context":"https:\/\/schema.org","@graph":[{"@type":"Article","@id":"https:\/\/memurunsesi.net\/index.php\/2025\/10\/29\/amasyada-kazada-yaralanan-baspolisten-aci-haber\/#article","isPartOf":{"@id":"https:\/\/memurunsesi.net\/index.php\/2025\/10\/29\/amasyada-kazada-yaralanan-baspolisten-aci-haber\/"},"author":{"name":"Memurun Sesi Haber Merkezi","@id":"https:\/\/memurunsesi.net\/#\/schema\/person\/f21c2d73b89f6ee1d80b0a1803e38587"},"headline":"Amasya\u2019da kazada yaralanan ba\u015fpolisten ac\u0131 haber","datePublished":"2025-10-29T07:42:55+00:00","mainEntityOfPage":{"@id":"https:\/\/memurunsesi.net\/index.php\/2025\/10\/29\/amasyada-kazada-yaralanan-baspolisten-aci-haber\/"},"wordCount":120,"commentCount":0,"publisher":{"@id":"https:\/\/memurunsesi.net\/#organization"},"image":{"@id":"https:\/\/memurunsesi.net\/index.php\/2025\/10\/29\/amasyada-kazada-yaralanan-baspolisten-aci-haber\/#primaryimage"},"thumbnailUrl":"https:\/\/memurunsesi.net\/wp-content\/uploads\/2025\/10\/polis.jpg","keywords":["kaza","\u00f6l\u00fcm"],"inLanguage":"tr","potentialAction":[{"@type":"CommentAction","name":"Comment","target":["https:\/\/memurunsesi.net\/index.php\/2025\/10\/29\/amasyada-kazada-yaralanan-baspolisten-aci-haber\/#respond"]}]},{"@type":"WebPage","@id":"https:\/\/memurunsesi.net\/index.php\/2025\/10\/29\/amasyada-kazada-yaralanan-baspolisten-aci-haber\/","url":"https:\/\/memurunsesi.net\/index.php\/2025\/10\/29\/amasyada-kazada-yaralanan-baspolisten-aci-haber\/","name":"Amasya\u2019da kazada yaralanan ba\u015fpolisten ac\u0131 haber - Memurun Sesi","isPartOf":{"@id":"https:\/\/memurunsesi.net\/#website"},"primaryImageOfPage":{"@id":"https:\/\/memurunsesi.net\/index.php\/2025\/10\/29\/amasyada-kazada-yaralanan-baspolisten-aci-haber\/#primaryimage"},"image":{"@id":"https:\/\/memurunsesi.net\/index.php\/2025\/10\/29\/amasyada-kazada-yaralanan-baspolisten-aci-haber\/#primaryimage"},"thumbnailUrl":"https:\/\/memurunsesi.net\/wp-content\/uploads\/2025\/10\/polis.jpg","datePublished":"2025-10-29T07:42:55+00:00","description":"Amasya\u2019da kazada yaralanan ba\u015fpolisten ac\u0131 haber","breadcrumb":{"@id":"https:\/\/memurunsesi.net\/index.php\/2025\/10\/29\/amasyada-kazada-yaralanan-baspolisten-aci-haber\/#breadcrumb"},"inLanguage":"tr","potentialAction":[{"@type":"ReadAction","target":["https:\/\/memurunsesi.net\/index.php\/2025\/10\/29\/amasyada-kazada-yaralanan-baspolisten-aci-haber\/"]}]},{"@type":"ImageObject","inLanguage":"tr","@id":"https:\/\/memurunsesi.net\/index.php\/2025\/10\/29\/amasyada-kazada-yaralanan-baspolisten-aci-haber\/#primaryimage","url":"https:\/\/memurunsesi.net\/wp-content\/uploads\/2025\/10\/polis.jpg","contentUrl":"https:\/\/memurunsesi.net\/wp-content\/uploads\/2025\/10\/polis.jpg","width":1440,"height":1440,"caption":"AMASYA'DA D\u00dcN \u0130K\u0130 S\u0130V\u0130L ARACIN \u00c7ARPI\u015eTI\u011eI KAZADA YARALANAN BA\u015ePOL\u0130S ERCAN ASLAN, KALDIRILDI\u011eI HASTANEDE KURTARILAMAYARAK HAYATINI KAYBETT\u0130. (\u0130HA\/AMASYA-\u0130HA) Amasya'da d\u00fcn iki sivil arac\u0131n \u00e7arp\u0131\u015ft\u0131\u011f\u0131 kazada yaralanan ba\u015fpolis Ercan Aslan, kald\u0131r\u0131ld\u0131\u011f\u0131 hastanede kurtar\u0131lamayarak hayat\u0131n\u0131 kaybetti."},{"@type":"BreadcrumbList","@id":"https:\/\/memurunsesi.net\/index.php\/2025\/10\/29\/amasyada-kazada-yaralanan-baspolisten-aci-haber\/#breadcrumb","itemListElement":[{"@type":"ListItem","position":1,"name":"Anasayfa","item":"https:\/\/memurunsesi.net\/"},{"@type":"ListItem","position":2,"name":"Amasya\u2019da kazada yaralanan ba\u015fpolisten ac\u0131 haber"}]},{"@type":"WebSite","@id":"https:\/\/memurunsesi.net\/#website","url":"https:\/\/memurunsesi.net\/","name":"Memurun Sesi","description":"G\u00fcncel ve Do\u011fru Haber","publisher":{"@id":"https:\/\/memurunsesi.net\/#organization"},"potentialAction":[{"@type":"SearchAction","target":{"@type":"EntryPoint","urlTemplate":"https:\/\/memurunsesi.net\/?s={search_term_string}"},"query-input":{"@type":"PropertyValueSpecification","valueRequired":true,"valueName":"search_term_string"}}],"inLanguage":"tr"},{"@type":"Organization","@id":"https:\/\/memurunsesi.net\/#organization","name":"Memurun Sesi","url":"https:\/\/memurunsesi.net\/","logo":{"@type":"ImageObject","inLanguage":"tr","@id":"https:\/\/memurunsesi.net\/#\/schema\/logo\/image\/","url":"https:\/\/memurunsesi.net\/wp-content\/uploads\/2025\/11\/cropped-MEMURUN-SESI.png","contentUrl":"https:\/\/memurunsesi.net\/wp-content\/uploads\/2025\/11\/cropped-MEMURUN-SESI.png","width":238,"height":57,"caption":"Memurun Sesi"},"image":{"@id":"https:\/\/memurunsesi.net\/#\/schema\/logo\/image\/"},"sameAs":["https:\/\/www.facebook.com\/unipersen\/?locale=tr_TR","https:\/\/x.com\/unipersen"]},{"@type":"Person","@id":"https:\/\/memurunsesi.net\/#\/schema\/person\/f21c2d73b89f6ee1d80b0a1803e38587","name":"Memurun Sesi Haber Merkezi","image":{"@type":"ImageObject","inLanguage":"tr","@id":"https:\/\/secure.gravatar.com\/avatar\/6cf0505f452ee753f485014986fab09a434671d2b919ee76fc541025c5876a70?s=96&d=mm&r=g","url":"https:\/\/secure.gravatar.com\/avatar\/6cf0505f452ee753f485014986fab09a434671d2b919ee76fc541025c5876a70?s=96&d=mm&r=g","contentUrl":"https:\/\/secure.gravatar.com\/avatar\/6cf0505f452ee753f485014986fab09a434671d2b919ee76fc541025c5876a70?s=96&d=mm&r=g","caption":"Memurun Sesi Haber Merkezi"},"sameAs":["https:\/\/memurunsesi.net"],"url":"https:\/\/memurunsesi.net\/index.php\/author\/uniper\/"}]}},"_links":{"self":[{"href":"https:\/\/memurunsesi.net\/index.php\/wp-json\/wp\/v2\/posts\/13514","targetHints":{"allow":["GET"]}}],"collection":[{"href":"https:\/\/memurunsesi.net\/index.php\/wp-json\/wp\/v2\/posts"}],"about":[{"href":"https:\/\/memurunsesi.net\/index.php\/wp-json\/wp\/v2\/types\/post"}],"author":[{"embeddable":true,"href":"https:\/\/memurunsesi.net\/index.php\/wp-json\/wp\/v2\/users\/1"}],"replies":[{"embeddable":true,"href":"https:\/\/memurunsesi.net\/index.php\/wp-json\/wp\/v2\/comments?post=13514"}],"version-history":[{"count":1,"href":"https:\/\/memurunsesi.net\/index.php\/wp-json\/wp\/v2\/posts\/13514\/revisions"}],"predecessor-version":[{"id":13516,"href":"https:\/\/memurunsesi.net\/index.php\/wp-json\/wp\/v2\/posts\/13514\/revisions\/13516"}],"wp:featuredmedia":[{"embeddable":true,"href":"https:\/\/memurunsesi.net\/index.php\/wp-json\/wp\/v2\/media\/13515"}],"wp:attachment":[{"href":"https:\/\/memurunsesi.net\/index.php\/wp-json\/wp\/v2\/media?parent=13514"}],"wp:term":[{"taxonomy":"category","embeddable":true,"href":"https:\/\/memurunsesi.net\/index.php\/wp-json\/wp\/v2\/categories?post=13514"},{"taxonomy":"post_tag","embeddable":true,"href":"https:\/\/memurunsesi.net\/index.php\/wp-json\/wp\/v2\/tags?post=13514"}],"curies":[{"name":"wp","href":"https:\/\/api.w.org\/{rel}","templated":true}]}}