{"id":13546,"date":"2025-10-30T21:34:36","date_gmt":"2025-10-30T18:34:36","guid":{"rendered":"https:\/\/memurunsesi.net\/?p=13546"},"modified":"2025-10-30T21:34:36","modified_gmt":"2025-10-30T18:34:36","slug":"arnavutkoyde-kirmizi-isikta-gecip-karsiya-gecen-cocuklari-tehlikeye-atan-surucu-yakalandi","status":"publish","type":"post","link":"https:\/\/memurunsesi.net\/index.php\/2025\/10\/30\/arnavutkoyde-kirmizi-isikta-gecip-karsiya-gecen-cocuklari-tehlikeye-atan-surucu-yakalandi\/","title":{"rendered":"Arnavutk\u00f6y&#8217;de, k\u0131rm\u0131z\u0131 \u0131\u015f\u0131kta ge\u00e7ip kar\u015f\u0131ya ge\u00e7en \u00e7ocuklar\u0131 tehlikeye atan s\u00fcr\u00fcc\u00fc yakaland\u0131"},"content":{"rendered":"<p>  Arnavutk\u00f6y&#8217;de, k\u0131rm\u0131z\u0131 \u0131\u015f\u0131kta ge\u00e7ip yaya yolundan ge\u00e7en \u00e7ocuklar\u0131 tehlikeye atan s\u00fcr\u00fcc\u00fc yakaland\u0131.<br \/>\n\u0130stanbul Arnavutk\u00f6y&#8217;de, bir s\u00fcr\u00fcc\u00fc k\u0131rm\u0131z\u0131 \u0131\u015f\u0131kta ge\u00e7erek, yaya yolundan bisikletle ge\u00e7en \u00e7ocuklar\u0131 tehlikeye att\u0131. G\u00f6r\u00fcnt\u00fclerin sosyal medyada yay\u0131nlanmas\u0131yla birlikte \u0130stanbul Emniyet M\u00fcd\u00fcrl\u00fc\u011f\u00fc Trafik Denetleme \u015eube M\u00fcd\u00fcrl\u00fc\u011f\u00fc s\u00fcr\u00fcc\u00fc ile ilgili \u00e7al\u0131\u015fma ba\u015flatt\u0131.<br \/>\n  Yap\u0131lan \u00e7al\u0131\u015fmada Arnavutk\u00f6y il\u00e7esi Eski Edirne Caddesi Karl\u0131bay\u0131r Mahallesinde k\u0131rm\u0131z\u0131 \u0131\u015f\u0131kta ge\u00e7en s\u00fcr\u00fcc\u00fcn\u00fcn S.C. (32) isimli \u015fah\u0131s oldu\u011fu tespit edildi. Yakalanan s\u00fcr\u00fcc\u00fc hakk\u0131nda &#8220;tehlikeli \u015ferit de\u011fi\u015ftirmek, k\u0131rm\u0131z\u0131 \u0131\u015f\u0131kta ge\u00e7mek, sayg\u0131s\u0131zca ara\u00e7 kullanmak&#8221; maddelerinden para cezas\u0131 kesildi.<br \/>\n  Ayr\u0131ca s\u00fcr\u00fcc\u00fc S.C. hakk\u0131nda, kara, deniz, hava veya demiryolu ula\u015f\u0131m ara\u00e7lar\u0131n\u0131 ki\u015filerin hayat, sa\u011fl\u0131k veya malvarl\u0131\u011f\u0131 a\u00e7\u0131s\u0131ndan tehlikeli olabilecek \u015fekilde sevk ve idare etmek su\u00e7undan adli soru\u015fturma ba\u015flat\u0131ld\u0131. <\/p>\n<p>30.10.2025                                 <\/p>\n","protected":false},"excerpt":{"rendered":"<p>Arnavutk\u00f6y&#8217;de, k\u0131rm\u0131z\u0131 \u0131\u015f\u0131kta ge\u00e7ip yaya yolundan ge\u00e7en \u00e7ocuklar\u0131 tehlikeye atan s\u00fcr\u00fcc\u00fc yakaland\u0131. \u0130stanbul Arnavutk\u00f6y&#8217;de, bir s\u00fcr\u00fcc\u00fc k\u0131rm\u0131z\u0131 \u0131\u015f\u0131kta ge\u00e7erek, yaya yolundan bisikletle ge\u00e7en \u00e7ocuklar\u0131 tehlikeye att\u0131. G\u00f6r\u00fcnt\u00fclerin sosyal medyada yay\u0131nlanmas\u0131yla birlikte \u0130stanbul Emniyet M\u00fcd\u00fcrl\u00fc\u011f\u00fc Trafik Denetleme \u015eube M\u00fcd\u00fcrl\u00fc\u011f\u00fc s\u00fcr\u00fcc\u00fc ile ilgili \u00e7al\u0131\u015fma ba\u015flatt\u0131. Yap\u0131lan \u00e7al\u0131\u015fmada Arnavutk\u00f6y il\u00e7esi Eski Edirne Caddesi Karl\u0131bay\u0131r Mahallesinde k\u0131rm\u0131z\u0131 \u0131\u015f\u0131kta ge\u00e7en [&hellip;]<\/p>\n","protected":false},"author":1,"featured_media":13547,"comment_status":"open","ping_status":"open","sticky":false,"template":"","format":"standard","meta":{"footnotes":""},"categories":[1],"tags":[186,72],"class_list":["post-13546","post","type-post","status-publish","format-standard","has-post-thumbnail","hentry","category-genel","tag-canavari","tag-trafik"],"yoast_head":"<!-- This site is optimized with the Yoast SEO plugin v27.4 - https:\/\/yoast.com\/product\/yoast-seo-wordpress\/ -->\n<title>Arnavutk\u00f6y&#039;de, k\u0131rm\u0131z\u0131 \u0131\u015f\u0131kta ge\u00e7ip kar\u015f\u0131ya ge\u00e7en \u00e7ocuklar\u0131 tehlikeye atan s\u00fcr\u00fcc\u00fc yakaland\u0131 - Memurun Sesi<\/title>\n<meta name=\"description\" content=\"Arnavutk\u00f6y&#039;de, k\u0131rm\u0131z\u0131 \u0131\u015f\u0131kta ge\u00e7ip kar\u015f\u0131ya ge\u00e7en \u00e7ocuklar\u0131 tehlikeye atan s\u00fcr\u00fcc\u00fc yakaland\u0131\" \/>\n<meta name=\"robots\" content=\"index, follow, max-snippet:-1, max-image-preview:large, max-video-preview:-1\" \/>\n<link rel=\"canonical\" href=\"https:\/\/memurunsesi.net\/index.php\/2025\/10\/30\/arnavutkoyde-kirmizi-isikta-gecip-karsiya-gecen-cocuklari-tehlikeye-atan-surucu-yakalandi\/\" \/>\n<meta property=\"og:locale\" content=\"tr_TR\" \/>\n<meta property=\"og:type\" content=\"article\" \/>\n<meta property=\"og:title\" content=\"Arnavutk\u00f6y&#039;de, k\u0131rm\u0131z\u0131 \u0131\u015f\u0131kta ge\u00e7ip kar\u015f\u0131ya ge\u00e7en \u00e7ocuklar\u0131 tehlikeye atan s\u00fcr\u00fcc\u00fc yakaland\u0131 - Memurun Sesi\" \/>\n<meta property=\"og:description\" content=\"Arnavutk\u00f6y&#039;de, k\u0131rm\u0131z\u0131 \u0131\u015f\u0131kta ge\u00e7ip kar\u015f\u0131ya ge\u00e7en \u00e7ocuklar\u0131 tehlikeye atan s\u00fcr\u00fcc\u00fc yakaland\u0131\" \/>\n<meta property=\"og:url\" content=\"https:\/\/memurunsesi.net\/index.php\/2025\/10\/30\/arnavutkoyde-kirmizi-isikta-gecip-karsiya-gecen-cocuklari-tehlikeye-atan-surucu-yakalandi\/\" \/>\n<meta property=\"og:site_name\" content=\"Memurun Sesi\" \/>\n<meta property=\"article:publisher\" content=\"https:\/\/www.facebook.com\/unipersen\/?locale=tr_TR\" \/>\n<meta property=\"article:published_time\" content=\"2025-10-30T18:34:36+00:00\" \/>\n<meta property=\"og:image\" content=\"https:\/\/memurunsesi.net\/wp-content\/uploads\/2025\/10\/trafik-1.jpg\" \/>\n\t<meta property=\"og:image:width\" content=\"1600\" \/>\n\t<meta property=\"og:image:height\" content=\"1200\" \/>\n\t<meta property=\"og:image:type\" content=\"image\/jpeg\" \/>\n<meta name=\"author\" content=\"Memurun Sesi Haber Merkezi\" \/>\n<meta name=\"twitter:card\" content=\"summary_large_image\" \/>\n<meta name=\"twitter:creator\" content=\"@unipersen\" \/>\n<meta name=\"twitter:site\" content=\"@unipersen\" \/>\n<meta name=\"twitter:label1\" content=\"Yazan:\" \/>\n\t<meta name=\"twitter:data1\" content=\"Memurun Sesi Haber Merkezi\" \/>\n\t<meta name=\"twitter:label2\" content=\"Tahmini okuma s\u00fcresi\" \/>\n\t<meta name=\"twitter:data2\" content=\"1 dakika\" \/>\n<script type=\"application\/ld+json\" class=\"yoast-schema-graph\">{\"@context\":\"https:\\\/\\\/schema.org\",\"@graph\":[{\"@type\":\"Article\",\"@id\":\"https:\\\/\\\/memurunsesi.net\\\/index.php\\\/2025\\\/10\\\/30\\\/arnavutkoyde-kirmizi-isikta-gecip-karsiya-gecen-cocuklari-tehlikeye-atan-surucu-yakalandi\\\/#article\",\"isPartOf\":{\"@id\":\"https:\\\/\\\/memurunsesi.net\\\/index.php\\\/2025\\\/10\\\/30\\\/arnavutkoyde-kirmizi-isikta-gecip-karsiya-gecen-cocuklari-tehlikeye-atan-surucu-yakalandi\\\/\"},\"author\":{\"name\":\"Memurun Sesi Haber Merkezi\",\"@id\":\"https:\\\/\\\/memurunsesi.net\\\/#\\\/schema\\\/person\\\/f21c2d73b89f6ee1d80b0a1803e38587\"},\"headline\":\"Arnavutk\u00f6y&#8217;de, k\u0131rm\u0131z\u0131 \u0131\u015f\u0131kta ge\u00e7ip kar\u015f\u0131ya ge\u00e7en \u00e7ocuklar\u0131 tehlikeye atan s\u00fcr\u00fcc\u00fc yakaland\u0131\",\"datePublished\":\"2025-10-30T18:34:36+00:00\",\"mainEntityOfPage\":{\"@id\":\"https:\\\/\\\/memurunsesi.net\\\/index.php\\\/2025\\\/10\\\/30\\\/arnavutkoyde-kirmizi-isikta-gecip-karsiya-gecen-cocuklari-tehlikeye-atan-surucu-yakalandi\\\/\"},\"wordCount\":198,\"commentCount\":0,\"publisher\":{\"@id\":\"https:\\\/\\\/memurunsesi.net\\\/#organization\"},\"image\":{\"@id\":\"https:\\\/\\\/memurunsesi.net\\\/index.php\\\/2025\\\/10\\\/30\\\/arnavutkoyde-kirmizi-isikta-gecip-karsiya-gecen-cocuklari-tehlikeye-atan-surucu-yakalandi\\\/#primaryimage\"},\"thumbnailUrl\":\"https:\\\/\\\/memurunsesi.net\\\/wp-content\\\/uploads\\\/2025\\\/10\\\/trafik-1.jpg\",\"keywords\":[\"canavar\u0131\",\"trafik\"],\"inLanguage\":\"tr\",\"potentialAction\":[{\"@type\":\"CommentAction\",\"name\":\"Comment\",\"target\":[\"https:\\\/\\\/memurunsesi.net\\\/index.php\\\/2025\\\/10\\\/30\\\/arnavutkoyde-kirmizi-isikta-gecip-karsiya-gecen-cocuklari-tehlikeye-atan-surucu-yakalandi\\\/#respond\"]}]},{\"@type\":\"WebPage\",\"@id\":\"https:\\\/\\\/memurunsesi.net\\\/index.php\\\/2025\\\/10\\\/30\\\/arnavutkoyde-kirmizi-isikta-gecip-karsiya-gecen-cocuklari-tehlikeye-atan-surucu-yakalandi\\\/\",\"url\":\"https:\\\/\\\/memurunsesi.net\\\/index.php\\\/2025\\\/10\\\/30\\\/arnavutkoyde-kirmizi-isikta-gecip-karsiya-gecen-cocuklari-tehlikeye-atan-surucu-yakalandi\\\/\",\"name\":\"Arnavutk\u00f6y'de, k\u0131rm\u0131z\u0131 \u0131\u015f\u0131kta ge\u00e7ip kar\u015f\u0131ya ge\u00e7en \u00e7ocuklar\u0131 tehlikeye atan s\u00fcr\u00fcc\u00fc yakaland\u0131 - Memurun Sesi\",\"isPartOf\":{\"@id\":\"https:\\\/\\\/memurunsesi.net\\\/#website\"},\"primaryImageOfPage\":{\"@id\":\"https:\\\/\\\/memurunsesi.net\\\/index.php\\\/2025\\\/10\\\/30\\\/arnavutkoyde-kirmizi-isikta-gecip-karsiya-gecen-cocuklari-tehlikeye-atan-surucu-yakalandi\\\/#primaryimage\"},\"image\":{\"@id\":\"https:\\\/\\\/memurunsesi.net\\\/index.php\\\/2025\\\/10\\\/30\\\/arnavutkoyde-kirmizi-isikta-gecip-karsiya-gecen-cocuklari-tehlikeye-atan-surucu-yakalandi\\\/#primaryimage\"},\"thumbnailUrl\":\"https:\\\/\\\/memurunsesi.net\\\/wp-content\\\/uploads\\\/2025\\\/10\\\/trafik-1.jpg\",\"datePublished\":\"2025-10-30T18:34:36+00:00\",\"description\":\"Arnavutk\u00f6y'de, k\u0131rm\u0131z\u0131 \u0131\u015f\u0131kta ge\u00e7ip kar\u015f\u0131ya ge\u00e7en \u00e7ocuklar\u0131 tehlikeye atan s\u00fcr\u00fcc\u00fc yakaland\u0131\",\"breadcrumb\":{\"@id\":\"https:\\\/\\\/memurunsesi.net\\\/index.php\\\/2025\\\/10\\\/30\\\/arnavutkoyde-kirmizi-isikta-gecip-karsiya-gecen-cocuklari-tehlikeye-atan-surucu-yakalandi\\\/#breadcrumb\"},\"inLanguage\":\"tr\",\"potentialAction\":[{\"@type\":\"ReadAction\",\"target\":[\"https:\\\/\\\/memurunsesi.net\\\/index.php\\\/2025\\\/10\\\/30\\\/arnavutkoyde-kirmizi-isikta-gecip-karsiya-gecen-cocuklari-tehlikeye-atan-surucu-yakalandi\\\/\"]}]},{\"@type\":\"ImageObject\",\"inLanguage\":\"tr\",\"@id\":\"https:\\\/\\\/memurunsesi.net\\\/index.php\\\/2025\\\/10\\\/30\\\/arnavutkoyde-kirmizi-isikta-gecip-karsiya-gecen-cocuklari-tehlikeye-atan-surucu-yakalandi\\\/#primaryimage\",\"url\":\"https:\\\/\\\/memurunsesi.net\\\/wp-content\\\/uploads\\\/2025\\\/10\\\/trafik-1.jpg\",\"contentUrl\":\"https:\\\/\\\/memurunsesi.net\\\/wp-content\\\/uploads\\\/2025\\\/10\\\/trafik-1.jpg\",\"width\":1600,\"height\":1200,\"caption\":\"ARNAVUTK\u00d6Y'DE, KIRMIZI I\u015eIKTA GE\u00c7\u0130P, YAYA YOLUNDAN GE\u00c7EN \u00c7OCUKLARI TEHL\u0130KEYE ATAN S\u00dcR\u00dcC\u00dc YAKALANDI. (\u0130HA\\\/\u0130STANBUL-\u0130HA) Arnavutk\u00f6y'de, k\u0131rm\u0131z\u0131 \u0131\u015f\u0131kta ge\u00e7ip yaya yolundan ge\u00e7en \u00e7ocuklar\u0131 tehlikeye atan s\u00fcr\u00fcc\u00fc yakaland\u0131.\"},{\"@type\":\"BreadcrumbList\",\"@id\":\"https:\\\/\\\/memurunsesi.net\\\/index.php\\\/2025\\\/10\\\/30\\\/arnavutkoyde-kirmizi-isikta-gecip-karsiya-gecen-cocuklari-tehlikeye-atan-surucu-yakalandi\\\/#breadcrumb\",\"itemListElement\":[{\"@type\":\"ListItem\",\"position\":1,\"name\":\"Anasayfa\",\"item\":\"https:\\\/\\\/memurunsesi.net\\\/\"},{\"@type\":\"ListItem\",\"position\":2,\"name\":\"Arnavutk\u00f6y&#8217;de, k\u0131rm\u0131z\u0131 \u0131\u015f\u0131kta ge\u00e7ip kar\u015f\u0131ya ge\u00e7en \u00e7ocuklar\u0131 tehlikeye atan s\u00fcr\u00fcc\u00fc yakaland\u0131\"}]},{\"@type\":\"WebSite\",\"@id\":\"https:\\\/\\\/memurunsesi.net\\\/#website\",\"url\":\"https:\\\/\\\/memurunsesi.net\\\/\",\"name\":\"Memurun Sesi\",\"description\":\"G\u00fcncel ve Do\u011fru Haber\",\"publisher\":{\"@id\":\"https:\\\/\\\/memurunsesi.net\\\/#organization\"},\"potentialAction\":[{\"@type\":\"SearchAction\",\"target\":{\"@type\":\"EntryPoint\",\"urlTemplate\":\"https:\\\/\\\/memurunsesi.net\\\/?s={search_term_string}\"},\"query-input\":{\"@type\":\"PropertyValueSpecification\",\"valueRequired\":true,\"valueName\":\"search_term_string\"}}],\"inLanguage\":\"tr\"},{\"@type\":\"Organization\",\"@id\":\"https:\\\/\\\/memurunsesi.net\\\/#organization\",\"name\":\"Memurun Sesi\",\"url\":\"https:\\\/\\\/memurunsesi.net\\\/\",\"logo\":{\"@type\":\"ImageObject\",\"inLanguage\":\"tr\",\"@id\":\"https:\\\/\\\/memurunsesi.net\\\/#\\\/schema\\\/logo\\\/image\\\/\",\"url\":\"https:\\\/\\\/memurunsesi.net\\\/wp-content\\\/uploads\\\/2025\\\/11\\\/cropped-MEMURUN-SESI.png\",\"contentUrl\":\"https:\\\/\\\/memurunsesi.net\\\/wp-content\\\/uploads\\\/2025\\\/11\\\/cropped-MEMURUN-SESI.png\",\"width\":238,\"height\":57,\"caption\":\"Memurun Sesi\"},\"image\":{\"@id\":\"https:\\\/\\\/memurunsesi.net\\\/#\\\/schema\\\/logo\\\/image\\\/\"},\"sameAs\":[\"https:\\\/\\\/www.facebook.com\\\/unipersen\\\/?locale=tr_TR\",\"https:\\\/\\\/x.com\\\/unipersen\"]},{\"@type\":\"Person\",\"@id\":\"https:\\\/\\\/memurunsesi.net\\\/#\\\/schema\\\/person\\\/f21c2d73b89f6ee1d80b0a1803e38587\",\"name\":\"Memurun Sesi Haber Merkezi\",\"image\":{\"@type\":\"ImageObject\",\"inLanguage\":\"tr\",\"@id\":\"https:\\\/\\\/secure.gravatar.com\\\/avatar\\\/6cf0505f452ee753f485014986fab09a434671d2b919ee76fc541025c5876a70?s=96&d=mm&r=g\",\"url\":\"https:\\\/\\\/secure.gravatar.com\\\/avatar\\\/6cf0505f452ee753f485014986fab09a434671d2b919ee76fc541025c5876a70?s=96&d=mm&r=g\",\"contentUrl\":\"https:\\\/\\\/secure.gravatar.com\\\/avatar\\\/6cf0505f452ee753f485014986fab09a434671d2b919ee76fc541025c5876a70?s=96&d=mm&r=g\",\"caption\":\"Memurun Sesi Haber Merkezi\"},\"sameAs\":[\"https:\\\/\\\/memurunsesi.net\"],\"url\":\"https:\\\/\\\/memurunsesi.net\\\/index.php\\\/author\\\/uniper\\\/\"}]}<\/script>\n<!-- \/ Yoast SEO plugin. -->","yoast_head_json":{"title":"Arnavutk\u00f6y'de, k\u0131rm\u0131z\u0131 \u0131\u015f\u0131kta ge\u00e7ip kar\u015f\u0131ya ge\u00e7en \u00e7ocuklar\u0131 tehlikeye atan s\u00fcr\u00fcc\u00fc yakaland\u0131 - Memurun Sesi","description":"Arnavutk\u00f6y'de, k\u0131rm\u0131z\u0131 \u0131\u015f\u0131kta ge\u00e7ip kar\u015f\u0131ya ge\u00e7en \u00e7ocuklar\u0131 tehlikeye atan s\u00fcr\u00fcc\u00fc yakaland\u0131","robots":{"index":"index","follow":"follow","max-snippet":"max-snippet:-1","max-image-preview":"max-image-preview:large","max-video-preview":"max-video-preview:-1"},"canonical":"https:\/\/memurunsesi.net\/index.php\/2025\/10\/30\/arnavutkoyde-kirmizi-isikta-gecip-karsiya-gecen-cocuklari-tehlikeye-atan-surucu-yakalandi\/","og_locale":"tr_TR","og_type":"article","og_title":"Arnavutk\u00f6y'de, k\u0131rm\u0131z\u0131 \u0131\u015f\u0131kta ge\u00e7ip kar\u015f\u0131ya ge\u00e7en \u00e7ocuklar\u0131 tehlikeye atan s\u00fcr\u00fcc\u00fc yakaland\u0131 - Memurun Sesi","og_description":"Arnavutk\u00f6y'de, k\u0131rm\u0131z\u0131 \u0131\u015f\u0131kta ge\u00e7ip kar\u015f\u0131ya ge\u00e7en \u00e7ocuklar\u0131 tehlikeye atan s\u00fcr\u00fcc\u00fc yakaland\u0131","og_url":"https:\/\/memurunsesi.net\/index.php\/2025\/10\/30\/arnavutkoyde-kirmizi-isikta-gecip-karsiya-gecen-cocuklari-tehlikeye-atan-surucu-yakalandi\/","og_site_name":"Memurun Sesi","article_publisher":"https:\/\/www.facebook.com\/unipersen\/?locale=tr_TR","article_published_time":"2025-10-30T18:34:36+00:00","og_image":[{"width":1600,"height":1200,"url":"https:\/\/memurunsesi.net\/wp-content\/uploads\/2025\/10\/trafik-1.jpg","type":"image\/jpeg"}],"author":"Memurun Sesi Haber Merkezi","twitter_card":"summary_large_image","twitter_creator":"@unipersen","twitter_site":"@unipersen","twitter_misc":{"Yazan:":"Memurun Sesi Haber Merkezi","Tahmini okuma s\u00fcresi":"1 dakika"},"schema":{"@context":"https:\/\/schema.org","@graph":[{"@type":"Article","@id":"https:\/\/memurunsesi.net\/index.php\/2025\/10\/30\/arnavutkoyde-kirmizi-isikta-gecip-karsiya-gecen-cocuklari-tehlikeye-atan-surucu-yakalandi\/#article","isPartOf":{"@id":"https:\/\/memurunsesi.net\/index.php\/2025\/10\/30\/arnavutkoyde-kirmizi-isikta-gecip-karsiya-gecen-cocuklari-tehlikeye-atan-surucu-yakalandi\/"},"author":{"name":"Memurun Sesi Haber Merkezi","@id":"https:\/\/memurunsesi.net\/#\/schema\/person\/f21c2d73b89f6ee1d80b0a1803e38587"},"headline":"Arnavutk\u00f6y&#8217;de, k\u0131rm\u0131z\u0131 \u0131\u015f\u0131kta ge\u00e7ip kar\u015f\u0131ya ge\u00e7en \u00e7ocuklar\u0131 tehlikeye atan s\u00fcr\u00fcc\u00fc yakaland\u0131","datePublished":"2025-10-30T18:34:36+00:00","mainEntityOfPage":{"@id":"https:\/\/memurunsesi.net\/index.php\/2025\/10\/30\/arnavutkoyde-kirmizi-isikta-gecip-karsiya-gecen-cocuklari-tehlikeye-atan-surucu-yakalandi\/"},"wordCount":198,"commentCount":0,"publisher":{"@id":"https:\/\/memurunsesi.net\/#organization"},"image":{"@id":"https:\/\/memurunsesi.net\/index.php\/2025\/10\/30\/arnavutkoyde-kirmizi-isikta-gecip-karsiya-gecen-cocuklari-tehlikeye-atan-surucu-yakalandi\/#primaryimage"},"thumbnailUrl":"https:\/\/memurunsesi.net\/wp-content\/uploads\/2025\/10\/trafik-1.jpg","keywords":["canavar\u0131","trafik"],"inLanguage":"tr","potentialAction":[{"@type":"CommentAction","name":"Comment","target":["https:\/\/memurunsesi.net\/index.php\/2025\/10\/30\/arnavutkoyde-kirmizi-isikta-gecip-karsiya-gecen-cocuklari-tehlikeye-atan-surucu-yakalandi\/#respond"]}]},{"@type":"WebPage","@id":"https:\/\/memurunsesi.net\/index.php\/2025\/10\/30\/arnavutkoyde-kirmizi-isikta-gecip-karsiya-gecen-cocuklari-tehlikeye-atan-surucu-yakalandi\/","url":"https:\/\/memurunsesi.net\/index.php\/2025\/10\/30\/arnavutkoyde-kirmizi-isikta-gecip-karsiya-gecen-cocuklari-tehlikeye-atan-surucu-yakalandi\/","name":"Arnavutk\u00f6y'de, k\u0131rm\u0131z\u0131 \u0131\u015f\u0131kta ge\u00e7ip kar\u015f\u0131ya ge\u00e7en \u00e7ocuklar\u0131 tehlikeye atan s\u00fcr\u00fcc\u00fc yakaland\u0131 - Memurun Sesi","isPartOf":{"@id":"https:\/\/memurunsesi.net\/#website"},"primaryImageOfPage":{"@id":"https:\/\/memurunsesi.net\/index.php\/2025\/10\/30\/arnavutkoyde-kirmizi-isikta-gecip-karsiya-gecen-cocuklari-tehlikeye-atan-surucu-yakalandi\/#primaryimage"},"image":{"@id":"https:\/\/memurunsesi.net\/index.php\/2025\/10\/30\/arnavutkoyde-kirmizi-isikta-gecip-karsiya-gecen-cocuklari-tehlikeye-atan-surucu-yakalandi\/#primaryimage"},"thumbnailUrl":"https:\/\/memurunsesi.net\/wp-content\/uploads\/2025\/10\/trafik-1.jpg","datePublished":"2025-10-30T18:34:36+00:00","description":"Arnavutk\u00f6y'de, k\u0131rm\u0131z\u0131 \u0131\u015f\u0131kta ge\u00e7ip kar\u015f\u0131ya ge\u00e7en \u00e7ocuklar\u0131 tehlikeye atan s\u00fcr\u00fcc\u00fc yakaland\u0131","breadcrumb":{"@id":"https:\/\/memurunsesi.net\/index.php\/2025\/10\/30\/arnavutkoyde-kirmizi-isikta-gecip-karsiya-gecen-cocuklari-tehlikeye-atan-surucu-yakalandi\/#breadcrumb"},"inLanguage":"tr","potentialAction":[{"@type":"ReadAction","target":["https:\/\/memurunsesi.net\/index.php\/2025\/10\/30\/arnavutkoyde-kirmizi-isikta-gecip-karsiya-gecen-cocuklari-tehlikeye-atan-surucu-yakalandi\/"]}]},{"@type":"ImageObject","inLanguage":"tr","@id":"https:\/\/memurunsesi.net\/index.php\/2025\/10\/30\/arnavutkoyde-kirmizi-isikta-gecip-karsiya-gecen-cocuklari-tehlikeye-atan-surucu-yakalandi\/#primaryimage","url":"https:\/\/memurunsesi.net\/wp-content\/uploads\/2025\/10\/trafik-1.jpg","contentUrl":"https:\/\/memurunsesi.net\/wp-content\/uploads\/2025\/10\/trafik-1.jpg","width":1600,"height":1200,"caption":"ARNAVUTK\u00d6Y'DE, KIRMIZI I\u015eIKTA GE\u00c7\u0130P, YAYA YOLUNDAN GE\u00c7EN \u00c7OCUKLARI TEHL\u0130KEYE ATAN S\u00dcR\u00dcC\u00dc YAKALANDI. (\u0130HA\/\u0130STANBUL-\u0130HA) Arnavutk\u00f6y'de, k\u0131rm\u0131z\u0131 \u0131\u015f\u0131kta ge\u00e7ip yaya yolundan ge\u00e7en \u00e7ocuklar\u0131 tehlikeye atan s\u00fcr\u00fcc\u00fc yakaland\u0131."},{"@type":"BreadcrumbList","@id":"https:\/\/memurunsesi.net\/index.php\/2025\/10\/30\/arnavutkoyde-kirmizi-isikta-gecip-karsiya-gecen-cocuklari-tehlikeye-atan-surucu-yakalandi\/#breadcrumb","itemListElement":[{"@type":"ListItem","position":1,"name":"Anasayfa","item":"https:\/\/memurunsesi.net\/"},{"@type":"ListItem","position":2,"name":"Arnavutk\u00f6y&#8217;de, k\u0131rm\u0131z\u0131 \u0131\u015f\u0131kta ge\u00e7ip kar\u015f\u0131ya ge\u00e7en \u00e7ocuklar\u0131 tehlikeye atan s\u00fcr\u00fcc\u00fc yakaland\u0131"}]},{"@type":"WebSite","@id":"https:\/\/memurunsesi.net\/#website","url":"https:\/\/memurunsesi.net\/","name":"Memurun Sesi","description":"G\u00fcncel ve Do\u011fru Haber","publisher":{"@id":"https:\/\/memurunsesi.net\/#organization"},"potentialAction":[{"@type":"SearchAction","target":{"@type":"EntryPoint","urlTemplate":"https:\/\/memurunsesi.net\/?s={search_term_string}"},"query-input":{"@type":"PropertyValueSpecification","valueRequired":true,"valueName":"search_term_string"}}],"inLanguage":"tr"},{"@type":"Organization","@id":"https:\/\/memurunsesi.net\/#organization","name":"Memurun Sesi","url":"https:\/\/memurunsesi.net\/","logo":{"@type":"ImageObject","inLanguage":"tr","@id":"https:\/\/memurunsesi.net\/#\/schema\/logo\/image\/","url":"https:\/\/memurunsesi.net\/wp-content\/uploads\/2025\/11\/cropped-MEMURUN-SESI.png","contentUrl":"https:\/\/memurunsesi.net\/wp-content\/uploads\/2025\/11\/cropped-MEMURUN-SESI.png","width":238,"height":57,"caption":"Memurun Sesi"},"image":{"@id":"https:\/\/memurunsesi.net\/#\/schema\/logo\/image\/"},"sameAs":["https:\/\/www.facebook.com\/unipersen\/?locale=tr_TR","https:\/\/x.com\/unipersen"]},{"@type":"Person","@id":"https:\/\/memurunsesi.net\/#\/schema\/person\/f21c2d73b89f6ee1d80b0a1803e38587","name":"Memurun Sesi Haber Merkezi","image":{"@type":"ImageObject","inLanguage":"tr","@id":"https:\/\/secure.gravatar.com\/avatar\/6cf0505f452ee753f485014986fab09a434671d2b919ee76fc541025c5876a70?s=96&d=mm&r=g","url":"https:\/\/secure.gravatar.com\/avatar\/6cf0505f452ee753f485014986fab09a434671d2b919ee76fc541025c5876a70?s=96&d=mm&r=g","contentUrl":"https:\/\/secure.gravatar.com\/avatar\/6cf0505f452ee753f485014986fab09a434671d2b919ee76fc541025c5876a70?s=96&d=mm&r=g","caption":"Memurun Sesi Haber Merkezi"},"sameAs":["https:\/\/memurunsesi.net"],"url":"https:\/\/memurunsesi.net\/index.php\/author\/uniper\/"}]}},"_links":{"self":[{"href":"https:\/\/memurunsesi.net\/index.php\/wp-json\/wp\/v2\/posts\/13546","targetHints":{"allow":["GET"]}}],"collection":[{"href":"https:\/\/memurunsesi.net\/index.php\/wp-json\/wp\/v2\/posts"}],"about":[{"href":"https:\/\/memurunsesi.net\/index.php\/wp-json\/wp\/v2\/types\/post"}],"author":[{"embeddable":true,"href":"https:\/\/memurunsesi.net\/index.php\/wp-json\/wp\/v2\/users\/1"}],"replies":[{"embeddable":true,"href":"https:\/\/memurunsesi.net\/index.php\/wp-json\/wp\/v2\/comments?post=13546"}],"version-history":[{"count":1,"href":"https:\/\/memurunsesi.net\/index.php\/wp-json\/wp\/v2\/posts\/13546\/revisions"}],"predecessor-version":[{"id":13548,"href":"https:\/\/memurunsesi.net\/index.php\/wp-json\/wp\/v2\/posts\/13546\/revisions\/13548"}],"wp:featuredmedia":[{"embeddable":true,"href":"https:\/\/memurunsesi.net\/index.php\/wp-json\/wp\/v2\/media\/13547"}],"wp:attachment":[{"href":"https:\/\/memurunsesi.net\/index.php\/wp-json\/wp\/v2\/media?parent=13546"}],"wp:term":[{"taxonomy":"category","embeddable":true,"href":"https:\/\/memurunsesi.net\/index.php\/wp-json\/wp\/v2\/categories?post=13546"},{"taxonomy":"post_tag","embeddable":true,"href":"https:\/\/memurunsesi.net\/index.php\/wp-json\/wp\/v2\/tags?post=13546"}],"curies":[{"name":"wp","href":"https:\/\/api.w.org\/{rel}","templated":true}]}}