{"id":13552,"date":"2025-10-30T21:42:44","date_gmt":"2025-10-30T18:42:44","guid":{"rendered":"https:\/\/memurunsesi.net\/?p=13552"},"modified":"2025-10-30T21:43:33","modified_gmt":"2025-10-30T18:43:33","slug":"grand-kartal-faciasi-davasinda-otelin-yonetim-kurulu-uyeleri-savunmalarini-verdi","status":"publish","type":"post","link":"https:\/\/memurunsesi.net\/index.php\/2025\/10\/30\/grand-kartal-faciasi-davasinda-otelin-yonetim-kurulu-uyeleri-savunmalarini-verdi\/","title":{"rendered":"Grand Kartal facias\u0131 davas\u0131nda otelin y\u00f6netim kurulu \u00fcyeleri savunmalar\u0131n\u0131 verdi"},"content":{"rendered":"<p>    Bolu&#8217;da 78 ki\u015finin hayat\u0131n\u0131 kaybetti\u011fi Grand Kartal Otel facias\u0131n\u0131n 3. duru\u015fmas\u0131nda Grand Kartal A.\u015e. y\u00f6netim kurulu \u00fcyelerinin esasa ili\u015fkin beyanlar\u0131 al\u0131nd\u0131.<br \/>\nBolu&#8217;daki Kartalkaya Kayak Merkezi&#8217;nde 78 ki\u015finin hayat\u0131n\u0131 kaybetmesi, 137 ki\u015finin yaralanmas\u0131na ili\u015fkin 20&#8217;si tutuklu 32 san\u0131\u011f\u0131n yarg\u0131land\u0131\u011f\u0131 Grand Kartal Otel yang\u0131n\u0131na ili\u015fkin davan\u0131n 3&#8217;\u00fcnc\u00fc duru\u015fmas\u0131, 3&#8217;\u00fcnc\u00fc g\u00fcn\u00fcnde san\u0131klar\u0131n esasa ili\u015fkin beyanlar\u0131yla devam ediyor. Grand Kartal A.\u015e. y\u00f6netim kurulu \u00fcyelerinin esasa ili\u015fkin beyanlar\u0131 al\u0131nd\u0131.<br \/>\n  Grand Kartal Otel M\u00fcd\u00fcr\u00fc tutuklu san\u0131k Zeki Y\u0131lmaz, &#8220;M\u00fc\u015ftekileri incitmemek ad\u0131na s\u00f6zl\u00fc savunma yapmaktan vazge\u00e7iyorum. Yaz\u0131l\u0131 savunmay\u0131 mahkemeye sunuyorum.Okuman\u0131z\u0131 rica ediyorum&#8221; dedi.<br \/>\n  Grand Kartal Otel Genel M\u00fcd\u00fcr\u00fc tutuklu san\u0131k Emir Aras, &#8220;Ben denetim yap\u0131lmas\u0131n demedim. Yanl\u0131\u015f bir \u015fekilde yap\u0131ld\u0131\u011f\u0131n\u0131 ve ge\u00e7erli yang\u0131n uygunluk belgesinin oldu\u011fu s\u00f6ylendi. Kadir \u00d6zdemir&#8217;in \u00e7\u00f6z\u00fcm \u00f6nerisini geri \u00e7ekilme konusunu kay\u0131npederime s\u00f6yledim. Biz zaten bakanl\u0131k denetimindeydik. Bize bir eksiklik bildirmediler. Sonras\u0131nda bana eksiklik ile ilgili LPG ile ilgili de bir eksiklik bildirilmedi. FQC firmas\u0131 denetledi bir eksiklik bulamad\u0131lar, Aygaz bakt\u0131 ve eksiklik g\u00f6remedi, sigorta \u015firketi de bakt\u0131. Her katta yang\u0131n hortumlar\u0131 vard\u0131. Mutfakta 4 yang\u0131n t\u00fcp\u00fc var. LPG fakt\u00f6r\u00fc olmasayd\u0131 kendi kendine s\u00f6nebilecek bir yang\u0131nd\u0131. Yang\u0131n gecesi montumuzu bile almadan \u00e7\u0131kt\u0131k. Bunlarda kameralarda g\u00f6z\u00fckmektedir. Biz odadan \u00e7\u0131kt\u0131ktan sonra duman\u0131n geldi\u011fi y\u00f6ne do\u011fru gittik. Biz \u00e7\u0131kt\u0131\u011f\u0131m\u0131zda zaten duman geliyordu. Bir iki dakika sonra zaten duman bas\u0131yordu. Bunlar kamera kay\u0131tlar\u0131nda mevcut. G\u00f6z g\u00f6z\u00fc g\u00f6rmeyen duman iki dakika \u00f6nce gelse bizde \u00e7\u0131kamazd\u0131k. Bizde duman\u0131n geldi\u011fi y\u00f6ne do\u011fru gittik. Odadayken Zeki Y\u0131lmaz&#8217;a \u2018Alarmlar\u0131 \u00f6tt\u00fcr\u00fcn&#8217; dedim. D\u0131\u015far\u0131 \u00e7\u0131kt\u0131m i\u00e7eri girmek istedim ama \u00e7ok duman vard\u0131. D\u0131\u015far\u0131 \u00e7\u0131k\u0131nca merdivenlerle insanlara yard\u0131m etmeye \u00e7al\u0131\u015ft\u0131m. Bir s\u00fcr\u00fc kurum bu kadar eksikli\u011fi g\u00f6rememi\u015f. Ke\u015fke bu tehlikeyi g\u00f6rseydim. Bilerek isteyerek b\u00f6yle bir \u015fey yapmad\u0131m \u00e7ok \u00fczg\u00fcn\u00fcm&#8221; diye konu\u015ftu.<br \/>\n Grand Kartal A.\u015e. Y\u00f6netim Kurulu \u00fcyesi tutuklu san\u0131k Ceyda Hac\u0131bekiro\u011flu, &#8220;O gece ben de oradayd\u0131m. Herkes nas\u0131l seferber olduysa ben de elimden geleni yapt\u0131m. Hi\u00e7bir sorumlulu\u011fum yok. Herhangi bir g\u00f6revim olmad\u0131\u011f\u0131n\u0131 sadece otele tatil ama\u00e7l\u0131 geldi\u011fimi gelen pek \u00e7ok tan\u0131ktan da duydunuz. Su\u00e7suz oldu\u011fuma inan\u0131yorum. Beraatimi ve tahliyemi talep ediyorum&#8221; dedi.  <\/p>\n<p>  &#8220;Otele yaln\u0131zca tatillerde gidiyorum&#8221;<br \/>\n  Grand Kartal A.\u015e. y\u00f6netim kurulu \u00fcyesi tutuklu san\u0131k Elif Aras, &#8220;\u015eirkette g\u00f6rev ve yetkim yok. \u0130mza yetkim yok. Otele yaln\u0131zca tatillerde gidiyorum. Beraatimi ve tahliyemi talep ediyorum&#8221; diye konu\u015ftu.<br \/>\n  Grand Kartal A.\u015e. Y\u00f6netim Kurulu \u00fcyesi tutuklu san\u0131k Emine Murtezao\u011flu Erg\u00fcl, &#8220;O gece otelden hasbelkader \u00e7\u0131kt\u0131m. Benim k\u0131zlar\u0131m ve benim y\u00f6netim kurulu \u00fcyesi olmam d\u0131\u015f\u0131nda bir g\u00f6revim yoktur. Benim eksikleri bilecek durumum yok. Ben \u00e7ocuklar\u0131m\u0131 b\u00fcy\u00fctt\u00fcm, onlar\u0131n e\u011fitimleri ile ilgilendim. Anne ve babam\u0131n bak\u0131mlar\u0131 i\u00e7in u\u011fra\u015ft\u0131m&#8221; dedi.<br \/>\n  Grand Kartal A.\u015e. Y\u00f6netim Kurulu Ba\u015fkan\u0131 tutuklu san\u0131k Halit Erg\u00fcl, &#8220;Y\u00fcce mahkemenin takdiri neyse ona karar verin&#8221; diye konu\u015ftu.  <\/p>\n<p>30.10.2025                               <\/p>\n","protected":false},"excerpt":{"rendered":"<p>Bolu&#8217;da 78 ki\u015finin hayat\u0131n\u0131 kaybetti\u011fi Grand Kartal Otel facias\u0131n\u0131n 3. duru\u015fmas\u0131nda Grand Kartal A.\u015e. y\u00f6netim kurulu \u00fcyelerinin esasa ili\u015fkin beyanlar\u0131 al\u0131nd\u0131. Bolu&#8217;daki Kartalkaya Kayak Merkezi&#8217;nde 78 ki\u015finin hayat\u0131n\u0131 kaybetmesi, 137 ki\u015finin yaralanmas\u0131na ili\u015fkin 20&#8217;si tutuklu 32 san\u0131\u011f\u0131n yarg\u0131land\u0131\u011f\u0131 Grand Kartal Otel yang\u0131n\u0131na ili\u015fkin davan\u0131n 3&#8217;\u00fcnc\u00fc duru\u015fmas\u0131, 3&#8217;\u00fcnc\u00fc g\u00fcn\u00fcnde san\u0131klar\u0131n esasa ili\u015fkin beyanlar\u0131yla devam ediyor. Grand [&hellip;]<\/p>\n","protected":false},"author":1,"featured_media":0,"comment_status":"open","ping_status":"open","sticky":false,"template":"","format":"standard","meta":{"footnotes":""},"categories":[1],"tags":[189,188,108],"class_list":["post-13552","post","type-post","status-publish","format-standard","hentry","category-genel","tag-can-kaybi","tag-otel","tag-yangin"],"yoast_head":"<!-- This site is optimized with the Yoast SEO plugin v27.4 - https:\/\/yoast.com\/product\/yoast-seo-wordpress\/ -->\n<title>Grand Kartal facias\u0131 davas\u0131nda otelin y\u00f6netim kurulu \u00fcyeleri savunmalar\u0131n\u0131 verdi - Memurun Sesi<\/title>\n<meta name=\"description\" content=\"Grand Kartal facias\u0131 davas\u0131nda otelin y\u00f6netim kurulu \u00fcyeleri savunmalar\u0131n\u0131 verdi\" \/>\n<meta name=\"robots\" content=\"index, follow, max-snippet:-1, max-image-preview:large, max-video-preview:-1\" \/>\n<link rel=\"canonical\" href=\"https:\/\/memurunsesi.net\/index.php\/2025\/10\/30\/grand-kartal-faciasi-davasinda-otelin-yonetim-kurulu-uyeleri-savunmalarini-verdi\/\" \/>\n<meta property=\"og:locale\" content=\"tr_TR\" \/>\n<meta property=\"og:type\" content=\"article\" \/>\n<meta property=\"og:title\" content=\"Grand Kartal facias\u0131 davas\u0131nda otelin y\u00f6netim kurulu \u00fcyeleri savunmalar\u0131n\u0131 verdi - Memurun Sesi\" \/>\n<meta property=\"og:description\" content=\"Grand Kartal facias\u0131 davas\u0131nda otelin y\u00f6netim kurulu \u00fcyeleri savunmalar\u0131n\u0131 verdi\" \/>\n<meta property=\"og:url\" content=\"https:\/\/memurunsesi.net\/index.php\/2025\/10\/30\/grand-kartal-faciasi-davasinda-otelin-yonetim-kurulu-uyeleri-savunmalarini-verdi\/\" \/>\n<meta property=\"og:site_name\" content=\"Memurun Sesi\" \/>\n<meta property=\"article:publisher\" content=\"https:\/\/www.facebook.com\/unipersen\/?locale=tr_TR\" \/>\n<meta property=\"article:published_time\" content=\"2025-10-30T18:42:44+00:00\" \/>\n<meta property=\"article:modified_time\" content=\"2025-10-30T18:43:33+00:00\" \/>\n<meta name=\"author\" content=\"Memurun Sesi Haber Merkezi\" \/>\n<meta name=\"twitter:card\" content=\"summary_large_image\" \/>\n<meta name=\"twitter:creator\" content=\"@unipersen\" \/>\n<meta name=\"twitter:site\" content=\"@unipersen\" \/>\n<meta name=\"twitter:label1\" content=\"Yazan:\" \/>\n\t<meta name=\"twitter:data1\" content=\"Memurun Sesi Haber Merkezi\" \/>\n\t<meta name=\"twitter:label2\" content=\"Tahmini okuma s\u00fcresi\" \/>\n\t<meta name=\"twitter:data2\" content=\"3 dakika\" \/>\n<script type=\"application\/ld+json\" class=\"yoast-schema-graph\">{\"@context\":\"https:\\\/\\\/schema.org\",\"@graph\":[{\"@type\":\"Article\",\"@id\":\"https:\\\/\\\/memurunsesi.net\\\/index.php\\\/2025\\\/10\\\/30\\\/grand-kartal-faciasi-davasinda-otelin-yonetim-kurulu-uyeleri-savunmalarini-verdi\\\/#article\",\"isPartOf\":{\"@id\":\"https:\\\/\\\/memurunsesi.net\\\/index.php\\\/2025\\\/10\\\/30\\\/grand-kartal-faciasi-davasinda-otelin-yonetim-kurulu-uyeleri-savunmalarini-verdi\\\/\"},\"author\":{\"name\":\"Memurun Sesi Haber Merkezi\",\"@id\":\"https:\\\/\\\/memurunsesi.net\\\/#\\\/schema\\\/person\\\/f21c2d73b89f6ee1d80b0a1803e38587\"},\"headline\":\"Grand Kartal facias\u0131 davas\u0131nda otelin y\u00f6netim kurulu \u00fcyeleri savunmalar\u0131n\u0131 verdi\",\"datePublished\":\"2025-10-30T18:42:44+00:00\",\"dateModified\":\"2025-10-30T18:43:33+00:00\",\"mainEntityOfPage\":{\"@id\":\"https:\\\/\\\/memurunsesi.net\\\/index.php\\\/2025\\\/10\\\/30\\\/grand-kartal-faciasi-davasinda-otelin-yonetim-kurulu-uyeleri-savunmalarini-verdi\\\/\"},\"wordCount\":587,\"commentCount\":0,\"publisher\":{\"@id\":\"https:\\\/\\\/memurunsesi.net\\\/#organization\"},\"keywords\":[\"can kayb\u0131\",\"otel\",\"yang\u0131n\"],\"inLanguage\":\"tr\",\"potentialAction\":[{\"@type\":\"CommentAction\",\"name\":\"Comment\",\"target\":[\"https:\\\/\\\/memurunsesi.net\\\/index.php\\\/2025\\\/10\\\/30\\\/grand-kartal-faciasi-davasinda-otelin-yonetim-kurulu-uyeleri-savunmalarini-verdi\\\/#respond\"]}]},{\"@type\":\"WebPage\",\"@id\":\"https:\\\/\\\/memurunsesi.net\\\/index.php\\\/2025\\\/10\\\/30\\\/grand-kartal-faciasi-davasinda-otelin-yonetim-kurulu-uyeleri-savunmalarini-verdi\\\/\",\"url\":\"https:\\\/\\\/memurunsesi.net\\\/index.php\\\/2025\\\/10\\\/30\\\/grand-kartal-faciasi-davasinda-otelin-yonetim-kurulu-uyeleri-savunmalarini-verdi\\\/\",\"name\":\"Grand Kartal facias\u0131 davas\u0131nda otelin y\u00f6netim kurulu \u00fcyeleri savunmalar\u0131n\u0131 verdi - Memurun Sesi\",\"isPartOf\":{\"@id\":\"https:\\\/\\\/memurunsesi.net\\\/#website\"},\"datePublished\":\"2025-10-30T18:42:44+00:00\",\"dateModified\":\"2025-10-30T18:43:33+00:00\",\"description\":\"Grand Kartal facias\u0131 davas\u0131nda otelin y\u00f6netim kurulu \u00fcyeleri savunmalar\u0131n\u0131 verdi\",\"breadcrumb\":{\"@id\":\"https:\\\/\\\/memurunsesi.net\\\/index.php\\\/2025\\\/10\\\/30\\\/grand-kartal-faciasi-davasinda-otelin-yonetim-kurulu-uyeleri-savunmalarini-verdi\\\/#breadcrumb\"},\"inLanguage\":\"tr\",\"potentialAction\":[{\"@type\":\"ReadAction\",\"target\":[\"https:\\\/\\\/memurunsesi.net\\\/index.php\\\/2025\\\/10\\\/30\\\/grand-kartal-faciasi-davasinda-otelin-yonetim-kurulu-uyeleri-savunmalarini-verdi\\\/\"]}]},{\"@type\":\"BreadcrumbList\",\"@id\":\"https:\\\/\\\/memurunsesi.net\\\/index.php\\\/2025\\\/10\\\/30\\\/grand-kartal-faciasi-davasinda-otelin-yonetim-kurulu-uyeleri-savunmalarini-verdi\\\/#breadcrumb\",\"itemListElement\":[{\"@type\":\"ListItem\",\"position\":1,\"name\":\"Anasayfa\",\"item\":\"https:\\\/\\\/memurunsesi.net\\\/\"},{\"@type\":\"ListItem\",\"position\":2,\"name\":\"Grand Kartal facias\u0131 davas\u0131nda otelin y\u00f6netim kurulu \u00fcyeleri savunmalar\u0131n\u0131 verdi\"}]},{\"@type\":\"WebSite\",\"@id\":\"https:\\\/\\\/memurunsesi.net\\\/#website\",\"url\":\"https:\\\/\\\/memurunsesi.net\\\/\",\"name\":\"Memurun Sesi\",\"description\":\"G\u00fcncel ve Do\u011fru Haber\",\"publisher\":{\"@id\":\"https:\\\/\\\/memurunsesi.net\\\/#organization\"},\"potentialAction\":[{\"@type\":\"SearchAction\",\"target\":{\"@type\":\"EntryPoint\",\"urlTemplate\":\"https:\\\/\\\/memurunsesi.net\\\/?s={search_term_string}\"},\"query-input\":{\"@type\":\"PropertyValueSpecification\",\"valueRequired\":true,\"valueName\":\"search_term_string\"}}],\"inLanguage\":\"tr\"},{\"@type\":\"Organization\",\"@id\":\"https:\\\/\\\/memurunsesi.net\\\/#organization\",\"name\":\"Memurun Sesi\",\"url\":\"https:\\\/\\\/memurunsesi.net\\\/\",\"logo\":{\"@type\":\"ImageObject\",\"inLanguage\":\"tr\",\"@id\":\"https:\\\/\\\/memurunsesi.net\\\/#\\\/schema\\\/logo\\\/image\\\/\",\"url\":\"https:\\\/\\\/memurunsesi.net\\\/wp-content\\\/uploads\\\/2025\\\/11\\\/cropped-MEMURUN-SESI.png\",\"contentUrl\":\"https:\\\/\\\/memurunsesi.net\\\/wp-content\\\/uploads\\\/2025\\\/11\\\/cropped-MEMURUN-SESI.png\",\"width\":238,\"height\":57,\"caption\":\"Memurun Sesi\"},\"image\":{\"@id\":\"https:\\\/\\\/memurunsesi.net\\\/#\\\/schema\\\/logo\\\/image\\\/\"},\"sameAs\":[\"https:\\\/\\\/www.facebook.com\\\/unipersen\\\/?locale=tr_TR\",\"https:\\\/\\\/x.com\\\/unipersen\"]},{\"@type\":\"Person\",\"@id\":\"https:\\\/\\\/memurunsesi.net\\\/#\\\/schema\\\/person\\\/f21c2d73b89f6ee1d80b0a1803e38587\",\"name\":\"Memurun Sesi Haber Merkezi\",\"image\":{\"@type\":\"ImageObject\",\"inLanguage\":\"tr\",\"@id\":\"https:\\\/\\\/secure.gravatar.com\\\/avatar\\\/6cf0505f452ee753f485014986fab09a434671d2b919ee76fc541025c5876a70?s=96&d=mm&r=g\",\"url\":\"https:\\\/\\\/secure.gravatar.com\\\/avatar\\\/6cf0505f452ee753f485014986fab09a434671d2b919ee76fc541025c5876a70?s=96&d=mm&r=g\",\"contentUrl\":\"https:\\\/\\\/secure.gravatar.com\\\/avatar\\\/6cf0505f452ee753f485014986fab09a434671d2b919ee76fc541025c5876a70?s=96&d=mm&r=g\",\"caption\":\"Memurun Sesi Haber Merkezi\"},\"sameAs\":[\"https:\\\/\\\/memurunsesi.net\"],\"url\":\"https:\\\/\\\/memurunsesi.net\\\/index.php\\\/author\\\/uniper\\\/\"}]}<\/script>\n<!-- \/ Yoast SEO plugin. -->","yoast_head_json":{"title":"Grand Kartal facias\u0131 davas\u0131nda otelin y\u00f6netim kurulu \u00fcyeleri savunmalar\u0131n\u0131 verdi - Memurun Sesi","description":"Grand Kartal facias\u0131 davas\u0131nda otelin y\u00f6netim kurulu \u00fcyeleri savunmalar\u0131n\u0131 verdi","robots":{"index":"index","follow":"follow","max-snippet":"max-snippet:-1","max-image-preview":"max-image-preview:large","max-video-preview":"max-video-preview:-1"},"canonical":"https:\/\/memurunsesi.net\/index.php\/2025\/10\/30\/grand-kartal-faciasi-davasinda-otelin-yonetim-kurulu-uyeleri-savunmalarini-verdi\/","og_locale":"tr_TR","og_type":"article","og_title":"Grand Kartal facias\u0131 davas\u0131nda otelin y\u00f6netim kurulu \u00fcyeleri savunmalar\u0131n\u0131 verdi - Memurun Sesi","og_description":"Grand Kartal facias\u0131 davas\u0131nda otelin y\u00f6netim kurulu \u00fcyeleri savunmalar\u0131n\u0131 verdi","og_url":"https:\/\/memurunsesi.net\/index.php\/2025\/10\/30\/grand-kartal-faciasi-davasinda-otelin-yonetim-kurulu-uyeleri-savunmalarini-verdi\/","og_site_name":"Memurun Sesi","article_publisher":"https:\/\/www.facebook.com\/unipersen\/?locale=tr_TR","article_published_time":"2025-10-30T18:42:44+00:00","article_modified_time":"2025-10-30T18:43:33+00:00","author":"Memurun Sesi Haber Merkezi","twitter_card":"summary_large_image","twitter_creator":"@unipersen","twitter_site":"@unipersen","twitter_misc":{"Yazan:":"Memurun Sesi Haber Merkezi","Tahmini okuma s\u00fcresi":"3 dakika"},"schema":{"@context":"https:\/\/schema.org","@graph":[{"@type":"Article","@id":"https:\/\/memurunsesi.net\/index.php\/2025\/10\/30\/grand-kartal-faciasi-davasinda-otelin-yonetim-kurulu-uyeleri-savunmalarini-verdi\/#article","isPartOf":{"@id":"https:\/\/memurunsesi.net\/index.php\/2025\/10\/30\/grand-kartal-faciasi-davasinda-otelin-yonetim-kurulu-uyeleri-savunmalarini-verdi\/"},"author":{"name":"Memurun Sesi Haber Merkezi","@id":"https:\/\/memurunsesi.net\/#\/schema\/person\/f21c2d73b89f6ee1d80b0a1803e38587"},"headline":"Grand Kartal facias\u0131 davas\u0131nda otelin y\u00f6netim kurulu \u00fcyeleri savunmalar\u0131n\u0131 verdi","datePublished":"2025-10-30T18:42:44+00:00","dateModified":"2025-10-30T18:43:33+00:00","mainEntityOfPage":{"@id":"https:\/\/memurunsesi.net\/index.php\/2025\/10\/30\/grand-kartal-faciasi-davasinda-otelin-yonetim-kurulu-uyeleri-savunmalarini-verdi\/"},"wordCount":587,"commentCount":0,"publisher":{"@id":"https:\/\/memurunsesi.net\/#organization"},"keywords":["can kayb\u0131","otel","yang\u0131n"],"inLanguage":"tr","potentialAction":[{"@type":"CommentAction","name":"Comment","target":["https:\/\/memurunsesi.net\/index.php\/2025\/10\/30\/grand-kartal-faciasi-davasinda-otelin-yonetim-kurulu-uyeleri-savunmalarini-verdi\/#respond"]}]},{"@type":"WebPage","@id":"https:\/\/memurunsesi.net\/index.php\/2025\/10\/30\/grand-kartal-faciasi-davasinda-otelin-yonetim-kurulu-uyeleri-savunmalarini-verdi\/","url":"https:\/\/memurunsesi.net\/index.php\/2025\/10\/30\/grand-kartal-faciasi-davasinda-otelin-yonetim-kurulu-uyeleri-savunmalarini-verdi\/","name":"Grand Kartal facias\u0131 davas\u0131nda otelin y\u00f6netim kurulu \u00fcyeleri savunmalar\u0131n\u0131 verdi - Memurun Sesi","isPartOf":{"@id":"https:\/\/memurunsesi.net\/#website"},"datePublished":"2025-10-30T18:42:44+00:00","dateModified":"2025-10-30T18:43:33+00:00","description":"Grand Kartal facias\u0131 davas\u0131nda otelin y\u00f6netim kurulu \u00fcyeleri savunmalar\u0131n\u0131 verdi","breadcrumb":{"@id":"https:\/\/memurunsesi.net\/index.php\/2025\/10\/30\/grand-kartal-faciasi-davasinda-otelin-yonetim-kurulu-uyeleri-savunmalarini-verdi\/#breadcrumb"},"inLanguage":"tr","potentialAction":[{"@type":"ReadAction","target":["https:\/\/memurunsesi.net\/index.php\/2025\/10\/30\/grand-kartal-faciasi-davasinda-otelin-yonetim-kurulu-uyeleri-savunmalarini-verdi\/"]}]},{"@type":"BreadcrumbList","@id":"https:\/\/memurunsesi.net\/index.php\/2025\/10\/30\/grand-kartal-faciasi-davasinda-otelin-yonetim-kurulu-uyeleri-savunmalarini-verdi\/#breadcrumb","itemListElement":[{"@type":"ListItem","position":1,"name":"Anasayfa","item":"https:\/\/memurunsesi.net\/"},{"@type":"ListItem","position":2,"name":"Grand Kartal facias\u0131 davas\u0131nda otelin y\u00f6netim kurulu \u00fcyeleri savunmalar\u0131n\u0131 verdi"}]},{"@type":"WebSite","@id":"https:\/\/memurunsesi.net\/#website","url":"https:\/\/memurunsesi.net\/","name":"Memurun Sesi","description":"G\u00fcncel ve Do\u011fru Haber","publisher":{"@id":"https:\/\/memurunsesi.net\/#organization"},"potentialAction":[{"@type":"SearchAction","target":{"@type":"EntryPoint","urlTemplate":"https:\/\/memurunsesi.net\/?s={search_term_string}"},"query-input":{"@type":"PropertyValueSpecification","valueRequired":true,"valueName":"search_term_string"}}],"inLanguage":"tr"},{"@type":"Organization","@id":"https:\/\/memurunsesi.net\/#organization","name":"Memurun Sesi","url":"https:\/\/memurunsesi.net\/","logo":{"@type":"ImageObject","inLanguage":"tr","@id":"https:\/\/memurunsesi.net\/#\/schema\/logo\/image\/","url":"https:\/\/memurunsesi.net\/wp-content\/uploads\/2025\/11\/cropped-MEMURUN-SESI.png","contentUrl":"https:\/\/memurunsesi.net\/wp-content\/uploads\/2025\/11\/cropped-MEMURUN-SESI.png","width":238,"height":57,"caption":"Memurun Sesi"},"image":{"@id":"https:\/\/memurunsesi.net\/#\/schema\/logo\/image\/"},"sameAs":["https:\/\/www.facebook.com\/unipersen\/?locale=tr_TR","https:\/\/x.com\/unipersen"]},{"@type":"Person","@id":"https:\/\/memurunsesi.net\/#\/schema\/person\/f21c2d73b89f6ee1d80b0a1803e38587","name":"Memurun Sesi Haber Merkezi","image":{"@type":"ImageObject","inLanguage":"tr","@id":"https:\/\/secure.gravatar.com\/avatar\/6cf0505f452ee753f485014986fab09a434671d2b919ee76fc541025c5876a70?s=96&d=mm&r=g","url":"https:\/\/secure.gravatar.com\/avatar\/6cf0505f452ee753f485014986fab09a434671d2b919ee76fc541025c5876a70?s=96&d=mm&r=g","contentUrl":"https:\/\/secure.gravatar.com\/avatar\/6cf0505f452ee753f485014986fab09a434671d2b919ee76fc541025c5876a70?s=96&d=mm&r=g","caption":"Memurun Sesi Haber Merkezi"},"sameAs":["https:\/\/memurunsesi.net"],"url":"https:\/\/memurunsesi.net\/index.php\/author\/uniper\/"}]}},"_links":{"self":[{"href":"https:\/\/memurunsesi.net\/index.php\/wp-json\/wp\/v2\/posts\/13552","targetHints":{"allow":["GET"]}}],"collection":[{"href":"https:\/\/memurunsesi.net\/index.php\/wp-json\/wp\/v2\/posts"}],"about":[{"href":"https:\/\/memurunsesi.net\/index.php\/wp-json\/wp\/v2\/types\/post"}],"author":[{"embeddable":true,"href":"https:\/\/memurunsesi.net\/index.php\/wp-json\/wp\/v2\/users\/1"}],"replies":[{"embeddable":true,"href":"https:\/\/memurunsesi.net\/index.php\/wp-json\/wp\/v2\/comments?post=13552"}],"version-history":[{"count":1,"href":"https:\/\/memurunsesi.net\/index.php\/wp-json\/wp\/v2\/posts\/13552\/revisions"}],"predecessor-version":[{"id":13553,"href":"https:\/\/memurunsesi.net\/index.php\/wp-json\/wp\/v2\/posts\/13552\/revisions\/13553"}],"wp:attachment":[{"href":"https:\/\/memurunsesi.net\/index.php\/wp-json\/wp\/v2\/media?parent=13552"}],"wp:term":[{"taxonomy":"category","embeddable":true,"href":"https:\/\/memurunsesi.net\/index.php\/wp-json\/wp\/v2\/categories?post=13552"},{"taxonomy":"post_tag","embeddable":true,"href":"https:\/\/memurunsesi.net\/index.php\/wp-json\/wp\/v2\/tags?post=13552"}],"curies":[{"name":"wp","href":"https:\/\/api.w.org\/{rel}","templated":true}]}}