{"id":13559,"date":"2025-10-30T21:46:54","date_gmt":"2025-10-30T18:46:54","guid":{"rendered":"https:\/\/memurunsesi.net\/?p=13559"},"modified":"2025-10-30T21:46:54","modified_gmt":"2025-10-30T18:46:54","slug":"lastigi-patlayan-otomobil-tarlaya-uctu-1-olu-2-yarali","status":"publish","type":"post","link":"https:\/\/memurunsesi.net\/index.php\/2025\/10\/30\/lastigi-patlayan-otomobil-tarlaya-uctu-1-olu-2-yarali\/","title":{"rendered":"Lasti\u011fi patlayan otomobil tarlaya u\u00e7tu: 1 \u00f6l\u00fc, 2 yaral\u0131"},"content":{"rendered":"<p>     Hatay&#8217;da lasti\u011finin patlamas\u0131yla tarlaya u\u00e7an otomobilde bulunan 1 ki\u015fi \u00f6ld\u00fc, 2 ki\u015fi yaraland\u0131.<br \/>\nKaza, Antakya-Reyhanl\u0131 yolu Konuk Mahallesi mevkiinde ya\u015fand\u0131. M.\u00d6. idaresindeki 31 AUS 899 plakal\u0131 otomobil, s\u00fcr\u00fcc\u00fcs\u00fcn\u00fcn direksiyon hakimiyetini kaybetmesiyle tarlaya u\u00e7tu. Kazada ara\u00e7 i\u00e7erisinde s\u0131k\u0131\u015fan 3 \u015fah\u0131s itfaiye ekipleri taraf\u0131ndan kurtar\u0131ld\u0131. Sa\u011fl\u0131k ekiplerinin olay yerindeki kontrollerinde M.U. isimli kad\u0131n \u015fahs\u0131n hayat\u0131n\u0131 kaybetti\u011fi belirlendi. Ara\u00e7 s\u00fcr\u00fcc\u00fcs\u00fc ve ara\u00e7ta bulunan H.\u00d6. yaral\u0131 olarak hastaneye kald\u0131r\u0131ld\u0131. Kazada \u00f6len kad\u0131n\u0131n cans\u0131z bedeniyse cenaze arac\u0131yla morga kald\u0131r\u0131ld\u0131. \u0130lk belirlemelere g\u00f6re kazan\u0131n otomobilin tekerinin patlamas\u0131yla ger\u00e7ekle\u015fti\u011fi \u00f6\u011frenildi.<br \/>\n  Polis ekipleri kazayla ilgili inceleme ba\u015flatt\u0131. <\/p>\n<p>30.10.2025                                <\/p>\n","protected":false},"excerpt":{"rendered":"<p>Hatay&#8217;da lasti\u011finin patlamas\u0131yla tarlaya u\u00e7an otomobilde bulunan 1 ki\u015fi \u00f6ld\u00fc, 2 ki\u015fi yaraland\u0131. Kaza, Antakya-Reyhanl\u0131 yolu Konuk Mahallesi mevkiinde ya\u015fand\u0131. M.\u00d6. idaresindeki 31 AUS 899 plakal\u0131 otomobil, s\u00fcr\u00fcc\u00fcs\u00fcn\u00fcn direksiyon hakimiyetini kaybetmesiyle tarlaya u\u00e7tu. Kazada ara\u00e7 i\u00e7erisinde s\u0131k\u0131\u015fan 3 \u015fah\u0131s itfaiye ekipleri taraf\u0131ndan kurtar\u0131ld\u0131. Sa\u011fl\u0131k ekiplerinin olay yerindeki kontrollerinde M.U. isimli kad\u0131n \u015fahs\u0131n hayat\u0131n\u0131 kaybetti\u011fi belirlendi. [&hellip;]<\/p>\n","protected":false},"author":1,"featured_media":13560,"comment_status":"open","ping_status":"open","sticky":false,"template":"","format":"standard","meta":{"footnotes":""},"categories":[1],"tags":[70],"class_list":["post-13559","post","type-post","status-publish","format-standard","has-post-thumbnail","hentry","category-genel","tag-kaza"],"yoast_head":"<!-- This site is optimized with the Yoast SEO plugin v27.4 - https:\/\/yoast.com\/product\/yoast-seo-wordpress\/ -->\n<title>Lasti\u011fi patlayan otomobil tarlaya u\u00e7tu: 1 \u00f6l\u00fc, 2 yaral\u0131 - Memurun Sesi<\/title>\n<meta name=\"description\" content=\"Lasti\u011fi patlayan otomobil tarlaya u\u00e7tu: 1 \u00f6l\u00fc, 2 yaral\u0131\" \/>\n<meta name=\"robots\" content=\"index, follow, max-snippet:-1, max-image-preview:large, max-video-preview:-1\" \/>\n<link rel=\"canonical\" href=\"https:\/\/memurunsesi.net\/index.php\/2025\/10\/30\/lastigi-patlayan-otomobil-tarlaya-uctu-1-olu-2-yarali\/\" \/>\n<meta property=\"og:locale\" content=\"tr_TR\" \/>\n<meta property=\"og:type\" content=\"article\" \/>\n<meta property=\"og:title\" content=\"Lasti\u011fi patlayan otomobil tarlaya u\u00e7tu: 1 \u00f6l\u00fc, 2 yaral\u0131 - Memurun Sesi\" \/>\n<meta property=\"og:description\" content=\"Lasti\u011fi patlayan otomobil tarlaya u\u00e7tu: 1 \u00f6l\u00fc, 2 yaral\u0131\" \/>\n<meta property=\"og:url\" content=\"https:\/\/memurunsesi.net\/index.php\/2025\/10\/30\/lastigi-patlayan-otomobil-tarlaya-uctu-1-olu-2-yarali\/\" \/>\n<meta property=\"og:site_name\" content=\"Memurun Sesi\" \/>\n<meta property=\"article:publisher\" content=\"https:\/\/www.facebook.com\/unipersen\/?locale=tr_TR\" \/>\n<meta property=\"article:published_time\" content=\"2025-10-30T18:46:54+00:00\" \/>\n<meta property=\"og:image\" content=\"https:\/\/memurunsesi.net\/wp-content\/uploads\/2025\/10\/kaza-3.jpg\" \/>\n\t<meta property=\"og:image:width\" content=\"1920\" \/>\n\t<meta property=\"og:image:height\" content=\"1080\" \/>\n\t<meta property=\"og:image:type\" content=\"image\/jpeg\" \/>\n<meta name=\"author\" content=\"Memurun Sesi Haber Merkezi\" \/>\n<meta name=\"twitter:card\" content=\"summary_large_image\" \/>\n<meta name=\"twitter:creator\" content=\"@unipersen\" \/>\n<meta name=\"twitter:site\" content=\"@unipersen\" \/>\n<meta name=\"twitter:label1\" content=\"Yazan:\" \/>\n\t<meta name=\"twitter:data1\" content=\"Memurun Sesi Haber Merkezi\" \/>\n\t<meta name=\"twitter:label2\" content=\"Tahmini okuma s\u00fcresi\" \/>\n\t<meta name=\"twitter:data2\" content=\"1 dakika\" \/>\n<script type=\"application\/ld+json\" class=\"yoast-schema-graph\">{\"@context\":\"https:\\\/\\\/schema.org\",\"@graph\":[{\"@type\":\"Article\",\"@id\":\"https:\\\/\\\/memurunsesi.net\\\/index.php\\\/2025\\\/10\\\/30\\\/lastigi-patlayan-otomobil-tarlaya-uctu-1-olu-2-yarali\\\/#article\",\"isPartOf\":{\"@id\":\"https:\\\/\\\/memurunsesi.net\\\/index.php\\\/2025\\\/10\\\/30\\\/lastigi-patlayan-otomobil-tarlaya-uctu-1-olu-2-yarali\\\/\"},\"author\":{\"name\":\"Memurun Sesi Haber Merkezi\",\"@id\":\"https:\\\/\\\/memurunsesi.net\\\/#\\\/schema\\\/person\\\/f21c2d73b89f6ee1d80b0a1803e38587\"},\"headline\":\"Lasti\u011fi patlayan otomobil tarlaya u\u00e7tu: 1 \u00f6l\u00fc, 2 yaral\u0131\",\"datePublished\":\"2025-10-30T18:46:54+00:00\",\"mainEntityOfPage\":{\"@id\":\"https:\\\/\\\/memurunsesi.net\\\/index.php\\\/2025\\\/10\\\/30\\\/lastigi-patlayan-otomobil-tarlaya-uctu-1-olu-2-yarali\\\/\"},\"wordCount\":138,\"commentCount\":0,\"publisher\":{\"@id\":\"https:\\\/\\\/memurunsesi.net\\\/#organization\"},\"image\":{\"@id\":\"https:\\\/\\\/memurunsesi.net\\\/index.php\\\/2025\\\/10\\\/30\\\/lastigi-patlayan-otomobil-tarlaya-uctu-1-olu-2-yarali\\\/#primaryimage\"},\"thumbnailUrl\":\"https:\\\/\\\/memurunsesi.net\\\/wp-content\\\/uploads\\\/2025\\\/10\\\/kaza-3.jpg\",\"keywords\":[\"kaza\"],\"inLanguage\":\"tr\",\"potentialAction\":[{\"@type\":\"CommentAction\",\"name\":\"Comment\",\"target\":[\"https:\\\/\\\/memurunsesi.net\\\/index.php\\\/2025\\\/10\\\/30\\\/lastigi-patlayan-otomobil-tarlaya-uctu-1-olu-2-yarali\\\/#respond\"]}]},{\"@type\":\"WebPage\",\"@id\":\"https:\\\/\\\/memurunsesi.net\\\/index.php\\\/2025\\\/10\\\/30\\\/lastigi-patlayan-otomobil-tarlaya-uctu-1-olu-2-yarali\\\/\",\"url\":\"https:\\\/\\\/memurunsesi.net\\\/index.php\\\/2025\\\/10\\\/30\\\/lastigi-patlayan-otomobil-tarlaya-uctu-1-olu-2-yarali\\\/\",\"name\":\"Lasti\u011fi patlayan otomobil tarlaya u\u00e7tu: 1 \u00f6l\u00fc, 2 yaral\u0131 - Memurun Sesi\",\"isPartOf\":{\"@id\":\"https:\\\/\\\/memurunsesi.net\\\/#website\"},\"primaryImageOfPage\":{\"@id\":\"https:\\\/\\\/memurunsesi.net\\\/index.php\\\/2025\\\/10\\\/30\\\/lastigi-patlayan-otomobil-tarlaya-uctu-1-olu-2-yarali\\\/#primaryimage\"},\"image\":{\"@id\":\"https:\\\/\\\/memurunsesi.net\\\/index.php\\\/2025\\\/10\\\/30\\\/lastigi-patlayan-otomobil-tarlaya-uctu-1-olu-2-yarali\\\/#primaryimage\"},\"thumbnailUrl\":\"https:\\\/\\\/memurunsesi.net\\\/wp-content\\\/uploads\\\/2025\\\/10\\\/kaza-3.jpg\",\"datePublished\":\"2025-10-30T18:46:54+00:00\",\"description\":\"Lasti\u011fi patlayan otomobil tarlaya u\u00e7tu: 1 \u00f6l\u00fc, 2 yaral\u0131\",\"breadcrumb\":{\"@id\":\"https:\\\/\\\/memurunsesi.net\\\/index.php\\\/2025\\\/10\\\/30\\\/lastigi-patlayan-otomobil-tarlaya-uctu-1-olu-2-yarali\\\/#breadcrumb\"},\"inLanguage\":\"tr\",\"potentialAction\":[{\"@type\":\"ReadAction\",\"target\":[\"https:\\\/\\\/memurunsesi.net\\\/index.php\\\/2025\\\/10\\\/30\\\/lastigi-patlayan-otomobil-tarlaya-uctu-1-olu-2-yarali\\\/\"]}]},{\"@type\":\"ImageObject\",\"inLanguage\":\"tr\",\"@id\":\"https:\\\/\\\/memurunsesi.net\\\/index.php\\\/2025\\\/10\\\/30\\\/lastigi-patlayan-otomobil-tarlaya-uctu-1-olu-2-yarali\\\/#primaryimage\",\"url\":\"https:\\\/\\\/memurunsesi.net\\\/wp-content\\\/uploads\\\/2025\\\/10\\\/kaza-3.jpg\",\"contentUrl\":\"https:\\\/\\\/memurunsesi.net\\\/wp-content\\\/uploads\\\/2025\\\/10\\\/kaza-3.jpg\",\"width\":1920,\"height\":1080,\"caption\":\"HATAY'DA TEKER\u0130N\u0130N PATLAMASIYLA TARLAYA U\u00c7AN OTOMOB\u0130LDE BULUNAN 1 K\u0130\u015e\u0130 \u00d6LD\u00dc, 2 K\u0130\u015e\u0130 YARALANDI. (AHMET ARSLAN\\\/HATAY-\u0130HA) Hatay'da lasti\u011finin patlamas\u0131yla tarlaya u\u00e7an otomobilde bulunan 1 ki\u015fi \u00f6ld\u00fc, 2 ki\u015fi yaraland\u0131.\"},{\"@type\":\"BreadcrumbList\",\"@id\":\"https:\\\/\\\/memurunsesi.net\\\/index.php\\\/2025\\\/10\\\/30\\\/lastigi-patlayan-otomobil-tarlaya-uctu-1-olu-2-yarali\\\/#breadcrumb\",\"itemListElement\":[{\"@type\":\"ListItem\",\"position\":1,\"name\":\"Anasayfa\",\"item\":\"https:\\\/\\\/memurunsesi.net\\\/\"},{\"@type\":\"ListItem\",\"position\":2,\"name\":\"Lasti\u011fi patlayan otomobil tarlaya u\u00e7tu: 1 \u00f6l\u00fc, 2 yaral\u0131\"}]},{\"@type\":\"WebSite\",\"@id\":\"https:\\\/\\\/memurunsesi.net\\\/#website\",\"url\":\"https:\\\/\\\/memurunsesi.net\\\/\",\"name\":\"Memurun Sesi\",\"description\":\"G\u00fcncel ve Do\u011fru Haber\",\"publisher\":{\"@id\":\"https:\\\/\\\/memurunsesi.net\\\/#organization\"},\"potentialAction\":[{\"@type\":\"SearchAction\",\"target\":{\"@type\":\"EntryPoint\",\"urlTemplate\":\"https:\\\/\\\/memurunsesi.net\\\/?s={search_term_string}\"},\"query-input\":{\"@type\":\"PropertyValueSpecification\",\"valueRequired\":true,\"valueName\":\"search_term_string\"}}],\"inLanguage\":\"tr\"},{\"@type\":\"Organization\",\"@id\":\"https:\\\/\\\/memurunsesi.net\\\/#organization\",\"name\":\"Memurun Sesi\",\"url\":\"https:\\\/\\\/memurunsesi.net\\\/\",\"logo\":{\"@type\":\"ImageObject\",\"inLanguage\":\"tr\",\"@id\":\"https:\\\/\\\/memurunsesi.net\\\/#\\\/schema\\\/logo\\\/image\\\/\",\"url\":\"https:\\\/\\\/memurunsesi.net\\\/wp-content\\\/uploads\\\/2025\\\/11\\\/cropped-MEMURUN-SESI.png\",\"contentUrl\":\"https:\\\/\\\/memurunsesi.net\\\/wp-content\\\/uploads\\\/2025\\\/11\\\/cropped-MEMURUN-SESI.png\",\"width\":238,\"height\":57,\"caption\":\"Memurun Sesi\"},\"image\":{\"@id\":\"https:\\\/\\\/memurunsesi.net\\\/#\\\/schema\\\/logo\\\/image\\\/\"},\"sameAs\":[\"https:\\\/\\\/www.facebook.com\\\/unipersen\\\/?locale=tr_TR\",\"https:\\\/\\\/x.com\\\/unipersen\"]},{\"@type\":\"Person\",\"@id\":\"https:\\\/\\\/memurunsesi.net\\\/#\\\/schema\\\/person\\\/f21c2d73b89f6ee1d80b0a1803e38587\",\"name\":\"Memurun Sesi Haber Merkezi\",\"image\":{\"@type\":\"ImageObject\",\"inLanguage\":\"tr\",\"@id\":\"https:\\\/\\\/secure.gravatar.com\\\/avatar\\\/6cf0505f452ee753f485014986fab09a434671d2b919ee76fc541025c5876a70?s=96&d=mm&r=g\",\"url\":\"https:\\\/\\\/secure.gravatar.com\\\/avatar\\\/6cf0505f452ee753f485014986fab09a434671d2b919ee76fc541025c5876a70?s=96&d=mm&r=g\",\"contentUrl\":\"https:\\\/\\\/secure.gravatar.com\\\/avatar\\\/6cf0505f452ee753f485014986fab09a434671d2b919ee76fc541025c5876a70?s=96&d=mm&r=g\",\"caption\":\"Memurun Sesi Haber Merkezi\"},\"sameAs\":[\"https:\\\/\\\/memurunsesi.net\"],\"url\":\"https:\\\/\\\/memurunsesi.net\\\/index.php\\\/author\\\/uniper\\\/\"}]}<\/script>\n<!-- \/ Yoast SEO plugin. -->","yoast_head_json":{"title":"Lasti\u011fi patlayan otomobil tarlaya u\u00e7tu: 1 \u00f6l\u00fc, 2 yaral\u0131 - Memurun Sesi","description":"Lasti\u011fi patlayan otomobil tarlaya u\u00e7tu: 1 \u00f6l\u00fc, 2 yaral\u0131","robots":{"index":"index","follow":"follow","max-snippet":"max-snippet:-1","max-image-preview":"max-image-preview:large","max-video-preview":"max-video-preview:-1"},"canonical":"https:\/\/memurunsesi.net\/index.php\/2025\/10\/30\/lastigi-patlayan-otomobil-tarlaya-uctu-1-olu-2-yarali\/","og_locale":"tr_TR","og_type":"article","og_title":"Lasti\u011fi patlayan otomobil tarlaya u\u00e7tu: 1 \u00f6l\u00fc, 2 yaral\u0131 - Memurun Sesi","og_description":"Lasti\u011fi patlayan otomobil tarlaya u\u00e7tu: 1 \u00f6l\u00fc, 2 yaral\u0131","og_url":"https:\/\/memurunsesi.net\/index.php\/2025\/10\/30\/lastigi-patlayan-otomobil-tarlaya-uctu-1-olu-2-yarali\/","og_site_name":"Memurun Sesi","article_publisher":"https:\/\/www.facebook.com\/unipersen\/?locale=tr_TR","article_published_time":"2025-10-30T18:46:54+00:00","og_image":[{"width":1920,"height":1080,"url":"https:\/\/memurunsesi.net\/wp-content\/uploads\/2025\/10\/kaza-3.jpg","type":"image\/jpeg"}],"author":"Memurun Sesi Haber Merkezi","twitter_card":"summary_large_image","twitter_creator":"@unipersen","twitter_site":"@unipersen","twitter_misc":{"Yazan:":"Memurun Sesi Haber Merkezi","Tahmini okuma s\u00fcresi":"1 dakika"},"schema":{"@context":"https:\/\/schema.org","@graph":[{"@type":"Article","@id":"https:\/\/memurunsesi.net\/index.php\/2025\/10\/30\/lastigi-patlayan-otomobil-tarlaya-uctu-1-olu-2-yarali\/#article","isPartOf":{"@id":"https:\/\/memurunsesi.net\/index.php\/2025\/10\/30\/lastigi-patlayan-otomobil-tarlaya-uctu-1-olu-2-yarali\/"},"author":{"name":"Memurun Sesi Haber Merkezi","@id":"https:\/\/memurunsesi.net\/#\/schema\/person\/f21c2d73b89f6ee1d80b0a1803e38587"},"headline":"Lasti\u011fi patlayan otomobil tarlaya u\u00e7tu: 1 \u00f6l\u00fc, 2 yaral\u0131","datePublished":"2025-10-30T18:46:54+00:00","mainEntityOfPage":{"@id":"https:\/\/memurunsesi.net\/index.php\/2025\/10\/30\/lastigi-patlayan-otomobil-tarlaya-uctu-1-olu-2-yarali\/"},"wordCount":138,"commentCount":0,"publisher":{"@id":"https:\/\/memurunsesi.net\/#organization"},"image":{"@id":"https:\/\/memurunsesi.net\/index.php\/2025\/10\/30\/lastigi-patlayan-otomobil-tarlaya-uctu-1-olu-2-yarali\/#primaryimage"},"thumbnailUrl":"https:\/\/memurunsesi.net\/wp-content\/uploads\/2025\/10\/kaza-3.jpg","keywords":["kaza"],"inLanguage":"tr","potentialAction":[{"@type":"CommentAction","name":"Comment","target":["https:\/\/memurunsesi.net\/index.php\/2025\/10\/30\/lastigi-patlayan-otomobil-tarlaya-uctu-1-olu-2-yarali\/#respond"]}]},{"@type":"WebPage","@id":"https:\/\/memurunsesi.net\/index.php\/2025\/10\/30\/lastigi-patlayan-otomobil-tarlaya-uctu-1-olu-2-yarali\/","url":"https:\/\/memurunsesi.net\/index.php\/2025\/10\/30\/lastigi-patlayan-otomobil-tarlaya-uctu-1-olu-2-yarali\/","name":"Lasti\u011fi patlayan otomobil tarlaya u\u00e7tu: 1 \u00f6l\u00fc, 2 yaral\u0131 - Memurun Sesi","isPartOf":{"@id":"https:\/\/memurunsesi.net\/#website"},"primaryImageOfPage":{"@id":"https:\/\/memurunsesi.net\/index.php\/2025\/10\/30\/lastigi-patlayan-otomobil-tarlaya-uctu-1-olu-2-yarali\/#primaryimage"},"image":{"@id":"https:\/\/memurunsesi.net\/index.php\/2025\/10\/30\/lastigi-patlayan-otomobil-tarlaya-uctu-1-olu-2-yarali\/#primaryimage"},"thumbnailUrl":"https:\/\/memurunsesi.net\/wp-content\/uploads\/2025\/10\/kaza-3.jpg","datePublished":"2025-10-30T18:46:54+00:00","description":"Lasti\u011fi patlayan otomobil tarlaya u\u00e7tu: 1 \u00f6l\u00fc, 2 yaral\u0131","breadcrumb":{"@id":"https:\/\/memurunsesi.net\/index.php\/2025\/10\/30\/lastigi-patlayan-otomobil-tarlaya-uctu-1-olu-2-yarali\/#breadcrumb"},"inLanguage":"tr","potentialAction":[{"@type":"ReadAction","target":["https:\/\/memurunsesi.net\/index.php\/2025\/10\/30\/lastigi-patlayan-otomobil-tarlaya-uctu-1-olu-2-yarali\/"]}]},{"@type":"ImageObject","inLanguage":"tr","@id":"https:\/\/memurunsesi.net\/index.php\/2025\/10\/30\/lastigi-patlayan-otomobil-tarlaya-uctu-1-olu-2-yarali\/#primaryimage","url":"https:\/\/memurunsesi.net\/wp-content\/uploads\/2025\/10\/kaza-3.jpg","contentUrl":"https:\/\/memurunsesi.net\/wp-content\/uploads\/2025\/10\/kaza-3.jpg","width":1920,"height":1080,"caption":"HATAY'DA TEKER\u0130N\u0130N PATLAMASIYLA TARLAYA U\u00c7AN OTOMOB\u0130LDE BULUNAN 1 K\u0130\u015e\u0130 \u00d6LD\u00dc, 2 K\u0130\u015e\u0130 YARALANDI. (AHMET ARSLAN\/HATAY-\u0130HA) Hatay'da lasti\u011finin patlamas\u0131yla tarlaya u\u00e7an otomobilde bulunan 1 ki\u015fi \u00f6ld\u00fc, 2 ki\u015fi yaraland\u0131."},{"@type":"BreadcrumbList","@id":"https:\/\/memurunsesi.net\/index.php\/2025\/10\/30\/lastigi-patlayan-otomobil-tarlaya-uctu-1-olu-2-yarali\/#breadcrumb","itemListElement":[{"@type":"ListItem","position":1,"name":"Anasayfa","item":"https:\/\/memurunsesi.net\/"},{"@type":"ListItem","position":2,"name":"Lasti\u011fi patlayan otomobil tarlaya u\u00e7tu: 1 \u00f6l\u00fc, 2 yaral\u0131"}]},{"@type":"WebSite","@id":"https:\/\/memurunsesi.net\/#website","url":"https:\/\/memurunsesi.net\/","name":"Memurun Sesi","description":"G\u00fcncel ve Do\u011fru Haber","publisher":{"@id":"https:\/\/memurunsesi.net\/#organization"},"potentialAction":[{"@type":"SearchAction","target":{"@type":"EntryPoint","urlTemplate":"https:\/\/memurunsesi.net\/?s={search_term_string}"},"query-input":{"@type":"PropertyValueSpecification","valueRequired":true,"valueName":"search_term_string"}}],"inLanguage":"tr"},{"@type":"Organization","@id":"https:\/\/memurunsesi.net\/#organization","name":"Memurun Sesi","url":"https:\/\/memurunsesi.net\/","logo":{"@type":"ImageObject","inLanguage":"tr","@id":"https:\/\/memurunsesi.net\/#\/schema\/logo\/image\/","url":"https:\/\/memurunsesi.net\/wp-content\/uploads\/2025\/11\/cropped-MEMURUN-SESI.png","contentUrl":"https:\/\/memurunsesi.net\/wp-content\/uploads\/2025\/11\/cropped-MEMURUN-SESI.png","width":238,"height":57,"caption":"Memurun Sesi"},"image":{"@id":"https:\/\/memurunsesi.net\/#\/schema\/logo\/image\/"},"sameAs":["https:\/\/www.facebook.com\/unipersen\/?locale=tr_TR","https:\/\/x.com\/unipersen"]},{"@type":"Person","@id":"https:\/\/memurunsesi.net\/#\/schema\/person\/f21c2d73b89f6ee1d80b0a1803e38587","name":"Memurun Sesi Haber Merkezi","image":{"@type":"ImageObject","inLanguage":"tr","@id":"https:\/\/secure.gravatar.com\/avatar\/6cf0505f452ee753f485014986fab09a434671d2b919ee76fc541025c5876a70?s=96&d=mm&r=g","url":"https:\/\/secure.gravatar.com\/avatar\/6cf0505f452ee753f485014986fab09a434671d2b919ee76fc541025c5876a70?s=96&d=mm&r=g","contentUrl":"https:\/\/secure.gravatar.com\/avatar\/6cf0505f452ee753f485014986fab09a434671d2b919ee76fc541025c5876a70?s=96&d=mm&r=g","caption":"Memurun Sesi Haber Merkezi"},"sameAs":["https:\/\/memurunsesi.net"],"url":"https:\/\/memurunsesi.net\/index.php\/author\/uniper\/"}]}},"_links":{"self":[{"href":"https:\/\/memurunsesi.net\/index.php\/wp-json\/wp\/v2\/posts\/13559","targetHints":{"allow":["GET"]}}],"collection":[{"href":"https:\/\/memurunsesi.net\/index.php\/wp-json\/wp\/v2\/posts"}],"about":[{"href":"https:\/\/memurunsesi.net\/index.php\/wp-json\/wp\/v2\/types\/post"}],"author":[{"embeddable":true,"href":"https:\/\/memurunsesi.net\/index.php\/wp-json\/wp\/v2\/users\/1"}],"replies":[{"embeddable":true,"href":"https:\/\/memurunsesi.net\/index.php\/wp-json\/wp\/v2\/comments?post=13559"}],"version-history":[{"count":1,"href":"https:\/\/memurunsesi.net\/index.php\/wp-json\/wp\/v2\/posts\/13559\/revisions"}],"predecessor-version":[{"id":13561,"href":"https:\/\/memurunsesi.net\/index.php\/wp-json\/wp\/v2\/posts\/13559\/revisions\/13561"}],"wp:featuredmedia":[{"embeddable":true,"href":"https:\/\/memurunsesi.net\/index.php\/wp-json\/wp\/v2\/media\/13560"}],"wp:attachment":[{"href":"https:\/\/memurunsesi.net\/index.php\/wp-json\/wp\/v2\/media?parent=13559"}],"wp:term":[{"taxonomy":"category","embeddable":true,"href":"https:\/\/memurunsesi.net\/index.php\/wp-json\/wp\/v2\/categories?post=13559"},{"taxonomy":"post_tag","embeddable":true,"href":"https:\/\/memurunsesi.net\/index.php\/wp-json\/wp\/v2\/tags?post=13559"}],"curies":[{"name":"wp","href":"https:\/\/api.w.org\/{rel}","templated":true}]}}