{"id":13562,"date":"2025-10-30T21:49:31","date_gmt":"2025-10-30T18:49:31","guid":{"rendered":"https:\/\/memurunsesi.net\/?p=13562"},"modified":"2025-10-30T21:49:31","modified_gmt":"2025-10-30T18:49:31","slug":"siverekte-mezarlikta-bebek-cesedi-bulundu","status":"publish","type":"post","link":"https:\/\/memurunsesi.net\/index.php\/2025\/10\/30\/siverekte-mezarlikta-bebek-cesedi-bulundu\/","title":{"rendered":"Siverek\u2019te mezarl\u0131kta bebek cesedi bulundu"},"content":{"rendered":"<p>  \u015eanl\u0131urfa\u2019n\u0131n Siverek il\u00e7esinde bulunan mezarl\u0131kta bebek cesedi bulundu. Olayla ilgili polis ekipleri geni\u015f \u00e7apl\u0131 soru\u015fturma ba\u015flatt\u0131.<br \/>\nEdinilen bilgilere g\u00f6re, e\u015finin kabrini ziyaret etmek \u00fczere mezarl\u0131\u011fa giden K.S., yerde ceninden b\u00fcy\u00fck bir bebek cesedi g\u00f6rd\u00fc. K.S., cesedin sokak k\u00f6pekleri taraf\u0131ndan par\u00e7alanmamas\u0131 i\u00e7in mezar kaz\u0131p topra\u011fa g\u00f6md\u00fc ve ard\u0131ndan durumu polis ekiplerine bildirdi.<br \/>\n  \u0130hbar \u00fczerine olay yerine polis ve sa\u011fl\u0131k ekipleri sevk edildi. Savc\u0131n\u0131n olay yerinde yapt\u0131\u011f\u0131 incelemenin ard\u0131ndan, bebek cesedi otopsi yap\u0131lmak \u00fczere Siverek Devlet Hastanesi morguna kald\u0131r\u0131ld\u0131.<br \/>\n  Olayla ilgili geni\u015f \u00e7apl\u0131 soru\u015fturma s\u00fcrd\u00fcr\u00fcl\u00fcyor. <\/p>\n<p>30.10.2025                                <\/p>\n","protected":false},"excerpt":{"rendered":"<p>\u015eanl\u0131urfa\u2019n\u0131n Siverek il\u00e7esinde bulunan mezarl\u0131kta bebek cesedi bulundu. Olayla ilgili polis ekipleri geni\u015f \u00e7apl\u0131 soru\u015fturma ba\u015flatt\u0131. Edinilen bilgilere g\u00f6re, e\u015finin kabrini ziyaret etmek \u00fczere mezarl\u0131\u011fa giden K.S., yerde ceninden b\u00fcy\u00fck bir bebek cesedi g\u00f6rd\u00fc. K.S., cesedin sokak k\u00f6pekleri taraf\u0131ndan par\u00e7alanmamas\u0131 i\u00e7in mezar kaz\u0131p topra\u011fa g\u00f6md\u00fc ve ard\u0131ndan durumu polis ekiplerine bildirdi. \u0130hbar \u00fczerine olay yerine [&hellip;]<\/p>\n","protected":false},"author":1,"featured_media":13563,"comment_status":"open","ping_status":"open","sticky":false,"template":"","format":"standard","meta":{"footnotes":""},"categories":[1],"tags":[191,190],"class_list":["post-13562","post","type-post","status-publish","format-standard","has-post-thumbnail","hentry","category-genel","tag-bebek-cesedi","tag-mezarlik"],"yoast_head":"<!-- This site is optimized with the Yoast SEO plugin v27.4 - https:\/\/yoast.com\/product\/yoast-seo-wordpress\/ -->\n<title>Siverek\u2019te mezarl\u0131kta bebek cesedi bulundu - Memurun Sesi<\/title>\n<meta name=\"description\" content=\"Siverek\u2019te mezarl\u0131kta bebek cesedi bulundu\" \/>\n<meta name=\"robots\" content=\"index, follow, max-snippet:-1, max-image-preview:large, max-video-preview:-1\" \/>\n<link rel=\"canonical\" href=\"https:\/\/memurunsesi.net\/index.php\/2025\/10\/30\/siverekte-mezarlikta-bebek-cesedi-bulundu\/\" \/>\n<meta property=\"og:locale\" content=\"tr_TR\" \/>\n<meta property=\"og:type\" content=\"article\" \/>\n<meta property=\"og:title\" content=\"Siverek\u2019te mezarl\u0131kta bebek cesedi bulundu - Memurun Sesi\" \/>\n<meta property=\"og:description\" content=\"Siverek\u2019te mezarl\u0131kta bebek cesedi bulundu\" \/>\n<meta property=\"og:url\" content=\"https:\/\/memurunsesi.net\/index.php\/2025\/10\/30\/siverekte-mezarlikta-bebek-cesedi-bulundu\/\" \/>\n<meta property=\"og:site_name\" content=\"Memurun Sesi\" \/>\n<meta property=\"article:publisher\" content=\"https:\/\/www.facebook.com\/unipersen\/?locale=tr_TR\" \/>\n<meta property=\"article:published_time\" content=\"2025-10-30T18:49:31+00:00\" \/>\n<meta property=\"og:image\" content=\"https:\/\/memurunsesi.net\/wp-content\/uploads\/2025\/10\/bebek.jpg\" \/>\n\t<meta property=\"og:image:width\" content=\"1600\" \/>\n\t<meta property=\"og:image:height\" content=\"900\" \/>\n\t<meta property=\"og:image:type\" content=\"image\/jpeg\" \/>\n<meta name=\"author\" content=\"Memurun Sesi Haber Merkezi\" \/>\n<meta name=\"twitter:card\" content=\"summary_large_image\" \/>\n<meta name=\"twitter:creator\" content=\"@unipersen\" \/>\n<meta name=\"twitter:site\" content=\"@unipersen\" \/>\n<meta name=\"twitter:label1\" content=\"Yazan:\" \/>\n\t<meta name=\"twitter:data1\" content=\"Memurun Sesi Haber Merkezi\" \/>\n\t<meta name=\"twitter:label2\" content=\"Tahmini okuma s\u00fcresi\" \/>\n\t<meta name=\"twitter:data2\" content=\"1 dakika\" \/>\n<script type=\"application\/ld+json\" class=\"yoast-schema-graph\">{\"@context\":\"https:\\\/\\\/schema.org\",\"@graph\":[{\"@type\":\"Article\",\"@id\":\"https:\\\/\\\/memurunsesi.net\\\/index.php\\\/2025\\\/10\\\/30\\\/siverekte-mezarlikta-bebek-cesedi-bulundu\\\/#article\",\"isPartOf\":{\"@id\":\"https:\\\/\\\/memurunsesi.net\\\/index.php\\\/2025\\\/10\\\/30\\\/siverekte-mezarlikta-bebek-cesedi-bulundu\\\/\"},\"author\":{\"name\":\"Memurun Sesi Haber Merkezi\",\"@id\":\"https:\\\/\\\/memurunsesi.net\\\/#\\\/schema\\\/person\\\/f21c2d73b89f6ee1d80b0a1803e38587\"},\"headline\":\"Siverek\u2019te mezarl\u0131kta bebek cesedi bulundu\",\"datePublished\":\"2025-10-30T18:49:31+00:00\",\"mainEntityOfPage\":{\"@id\":\"https:\\\/\\\/memurunsesi.net\\\/index.php\\\/2025\\\/10\\\/30\\\/siverekte-mezarlikta-bebek-cesedi-bulundu\\\/\"},\"wordCount\":126,\"commentCount\":0,\"publisher\":{\"@id\":\"https:\\\/\\\/memurunsesi.net\\\/#organization\"},\"image\":{\"@id\":\"https:\\\/\\\/memurunsesi.net\\\/index.php\\\/2025\\\/10\\\/30\\\/siverekte-mezarlikta-bebek-cesedi-bulundu\\\/#primaryimage\"},\"thumbnailUrl\":\"https:\\\/\\\/memurunsesi.net\\\/wp-content\\\/uploads\\\/2025\\\/10\\\/bebek.jpg\",\"keywords\":[\"bebek cesedi\",\"mezarl\u0131k\"],\"inLanguage\":\"tr\",\"potentialAction\":[{\"@type\":\"CommentAction\",\"name\":\"Comment\",\"target\":[\"https:\\\/\\\/memurunsesi.net\\\/index.php\\\/2025\\\/10\\\/30\\\/siverekte-mezarlikta-bebek-cesedi-bulundu\\\/#respond\"]}]},{\"@type\":\"WebPage\",\"@id\":\"https:\\\/\\\/memurunsesi.net\\\/index.php\\\/2025\\\/10\\\/30\\\/siverekte-mezarlikta-bebek-cesedi-bulundu\\\/\",\"url\":\"https:\\\/\\\/memurunsesi.net\\\/index.php\\\/2025\\\/10\\\/30\\\/siverekte-mezarlikta-bebek-cesedi-bulundu\\\/\",\"name\":\"Siverek\u2019te mezarl\u0131kta bebek cesedi bulundu - Memurun Sesi\",\"isPartOf\":{\"@id\":\"https:\\\/\\\/memurunsesi.net\\\/#website\"},\"primaryImageOfPage\":{\"@id\":\"https:\\\/\\\/memurunsesi.net\\\/index.php\\\/2025\\\/10\\\/30\\\/siverekte-mezarlikta-bebek-cesedi-bulundu\\\/#primaryimage\"},\"image\":{\"@id\":\"https:\\\/\\\/memurunsesi.net\\\/index.php\\\/2025\\\/10\\\/30\\\/siverekte-mezarlikta-bebek-cesedi-bulundu\\\/#primaryimage\"},\"thumbnailUrl\":\"https:\\\/\\\/memurunsesi.net\\\/wp-content\\\/uploads\\\/2025\\\/10\\\/bebek.jpg\",\"datePublished\":\"2025-10-30T18:49:31+00:00\",\"description\":\"Siverek\u2019te mezarl\u0131kta bebek cesedi bulundu\",\"breadcrumb\":{\"@id\":\"https:\\\/\\\/memurunsesi.net\\\/index.php\\\/2025\\\/10\\\/30\\\/siverekte-mezarlikta-bebek-cesedi-bulundu\\\/#breadcrumb\"},\"inLanguage\":\"tr\",\"potentialAction\":[{\"@type\":\"ReadAction\",\"target\":[\"https:\\\/\\\/memurunsesi.net\\\/index.php\\\/2025\\\/10\\\/30\\\/siverekte-mezarlikta-bebek-cesedi-bulundu\\\/\"]}]},{\"@type\":\"ImageObject\",\"inLanguage\":\"tr\",\"@id\":\"https:\\\/\\\/memurunsesi.net\\\/index.php\\\/2025\\\/10\\\/30\\\/siverekte-mezarlikta-bebek-cesedi-bulundu\\\/#primaryimage\",\"url\":\"https:\\\/\\\/memurunsesi.net\\\/wp-content\\\/uploads\\\/2025\\\/10\\\/bebek.jpg\",\"contentUrl\":\"https:\\\/\\\/memurunsesi.net\\\/wp-content\\\/uploads\\\/2025\\\/10\\\/bebek.jpg\",\"width\":1600,\"height\":900,\"caption\":\"\u015eANLIURFA'NIN S\u0130VEREK \u0130L\u00c7ES\u0130NDE BULUNAN MEZARLIKTA BEBEK CESED\u0130 BULUNDU. OLAYLA \u0130LG\u0130L\u0130 POL\u0130S EK\u0130PLER\u0130 GEN\u0130\u015e \u00c7APLI SORU\u015eTURMA BA\u015eLATTI. (MEVL\u00dcT BAYRAKTAR\\\/\u015eANLIURFA-\u0130HA) \u015eanl\u0131urfa'n\u0131n Siverek il\u00e7esinde bulunan mezarl\u0131kta bebek cesedi bulundu. Olayla ilgili polis ekipleri geni\u015f \u00e7apl\u0131 soru\u015fturma ba\u015flatt\u0131.\"},{\"@type\":\"BreadcrumbList\",\"@id\":\"https:\\\/\\\/memurunsesi.net\\\/index.php\\\/2025\\\/10\\\/30\\\/siverekte-mezarlikta-bebek-cesedi-bulundu\\\/#breadcrumb\",\"itemListElement\":[{\"@type\":\"ListItem\",\"position\":1,\"name\":\"Anasayfa\",\"item\":\"https:\\\/\\\/memurunsesi.net\\\/\"},{\"@type\":\"ListItem\",\"position\":2,\"name\":\"Siverek\u2019te mezarl\u0131kta bebek cesedi bulundu\"}]},{\"@type\":\"WebSite\",\"@id\":\"https:\\\/\\\/memurunsesi.net\\\/#website\",\"url\":\"https:\\\/\\\/memurunsesi.net\\\/\",\"name\":\"Memurun Sesi\",\"description\":\"G\u00fcncel ve Do\u011fru Haber\",\"publisher\":{\"@id\":\"https:\\\/\\\/memurunsesi.net\\\/#organization\"},\"potentialAction\":[{\"@type\":\"SearchAction\",\"target\":{\"@type\":\"EntryPoint\",\"urlTemplate\":\"https:\\\/\\\/memurunsesi.net\\\/?s={search_term_string}\"},\"query-input\":{\"@type\":\"PropertyValueSpecification\",\"valueRequired\":true,\"valueName\":\"search_term_string\"}}],\"inLanguage\":\"tr\"},{\"@type\":\"Organization\",\"@id\":\"https:\\\/\\\/memurunsesi.net\\\/#organization\",\"name\":\"Memurun Sesi\",\"url\":\"https:\\\/\\\/memurunsesi.net\\\/\",\"logo\":{\"@type\":\"ImageObject\",\"inLanguage\":\"tr\",\"@id\":\"https:\\\/\\\/memurunsesi.net\\\/#\\\/schema\\\/logo\\\/image\\\/\",\"url\":\"https:\\\/\\\/memurunsesi.net\\\/wp-content\\\/uploads\\\/2025\\\/11\\\/cropped-MEMURUN-SESI.png\",\"contentUrl\":\"https:\\\/\\\/memurunsesi.net\\\/wp-content\\\/uploads\\\/2025\\\/11\\\/cropped-MEMURUN-SESI.png\",\"width\":238,\"height\":57,\"caption\":\"Memurun Sesi\"},\"image\":{\"@id\":\"https:\\\/\\\/memurunsesi.net\\\/#\\\/schema\\\/logo\\\/image\\\/\"},\"sameAs\":[\"https:\\\/\\\/www.facebook.com\\\/unipersen\\\/?locale=tr_TR\",\"https:\\\/\\\/x.com\\\/unipersen\"]},{\"@type\":\"Person\",\"@id\":\"https:\\\/\\\/memurunsesi.net\\\/#\\\/schema\\\/person\\\/f21c2d73b89f6ee1d80b0a1803e38587\",\"name\":\"Memurun Sesi Haber Merkezi\",\"image\":{\"@type\":\"ImageObject\",\"inLanguage\":\"tr\",\"@id\":\"https:\\\/\\\/secure.gravatar.com\\\/avatar\\\/6cf0505f452ee753f485014986fab09a434671d2b919ee76fc541025c5876a70?s=96&d=mm&r=g\",\"url\":\"https:\\\/\\\/secure.gravatar.com\\\/avatar\\\/6cf0505f452ee753f485014986fab09a434671d2b919ee76fc541025c5876a70?s=96&d=mm&r=g\",\"contentUrl\":\"https:\\\/\\\/secure.gravatar.com\\\/avatar\\\/6cf0505f452ee753f485014986fab09a434671d2b919ee76fc541025c5876a70?s=96&d=mm&r=g\",\"caption\":\"Memurun Sesi Haber Merkezi\"},\"sameAs\":[\"https:\\\/\\\/memurunsesi.net\"],\"url\":\"https:\\\/\\\/memurunsesi.net\\\/index.php\\\/author\\\/uniper\\\/\"}]}<\/script>\n<!-- \/ Yoast SEO plugin. -->","yoast_head_json":{"title":"Siverek\u2019te mezarl\u0131kta bebek cesedi bulundu - Memurun Sesi","description":"Siverek\u2019te mezarl\u0131kta bebek cesedi bulundu","robots":{"index":"index","follow":"follow","max-snippet":"max-snippet:-1","max-image-preview":"max-image-preview:large","max-video-preview":"max-video-preview:-1"},"canonical":"https:\/\/memurunsesi.net\/index.php\/2025\/10\/30\/siverekte-mezarlikta-bebek-cesedi-bulundu\/","og_locale":"tr_TR","og_type":"article","og_title":"Siverek\u2019te mezarl\u0131kta bebek cesedi bulundu - Memurun Sesi","og_description":"Siverek\u2019te mezarl\u0131kta bebek cesedi bulundu","og_url":"https:\/\/memurunsesi.net\/index.php\/2025\/10\/30\/siverekte-mezarlikta-bebek-cesedi-bulundu\/","og_site_name":"Memurun Sesi","article_publisher":"https:\/\/www.facebook.com\/unipersen\/?locale=tr_TR","article_published_time":"2025-10-30T18:49:31+00:00","og_image":[{"width":1600,"height":900,"url":"https:\/\/memurunsesi.net\/wp-content\/uploads\/2025\/10\/bebek.jpg","type":"image\/jpeg"}],"author":"Memurun Sesi Haber Merkezi","twitter_card":"summary_large_image","twitter_creator":"@unipersen","twitter_site":"@unipersen","twitter_misc":{"Yazan:":"Memurun Sesi Haber Merkezi","Tahmini okuma s\u00fcresi":"1 dakika"},"schema":{"@context":"https:\/\/schema.org","@graph":[{"@type":"Article","@id":"https:\/\/memurunsesi.net\/index.php\/2025\/10\/30\/siverekte-mezarlikta-bebek-cesedi-bulundu\/#article","isPartOf":{"@id":"https:\/\/memurunsesi.net\/index.php\/2025\/10\/30\/siverekte-mezarlikta-bebek-cesedi-bulundu\/"},"author":{"name":"Memurun Sesi Haber Merkezi","@id":"https:\/\/memurunsesi.net\/#\/schema\/person\/f21c2d73b89f6ee1d80b0a1803e38587"},"headline":"Siverek\u2019te mezarl\u0131kta bebek cesedi bulundu","datePublished":"2025-10-30T18:49:31+00:00","mainEntityOfPage":{"@id":"https:\/\/memurunsesi.net\/index.php\/2025\/10\/30\/siverekte-mezarlikta-bebek-cesedi-bulundu\/"},"wordCount":126,"commentCount":0,"publisher":{"@id":"https:\/\/memurunsesi.net\/#organization"},"image":{"@id":"https:\/\/memurunsesi.net\/index.php\/2025\/10\/30\/siverekte-mezarlikta-bebek-cesedi-bulundu\/#primaryimage"},"thumbnailUrl":"https:\/\/memurunsesi.net\/wp-content\/uploads\/2025\/10\/bebek.jpg","keywords":["bebek cesedi","mezarl\u0131k"],"inLanguage":"tr","potentialAction":[{"@type":"CommentAction","name":"Comment","target":["https:\/\/memurunsesi.net\/index.php\/2025\/10\/30\/siverekte-mezarlikta-bebek-cesedi-bulundu\/#respond"]}]},{"@type":"WebPage","@id":"https:\/\/memurunsesi.net\/index.php\/2025\/10\/30\/siverekte-mezarlikta-bebek-cesedi-bulundu\/","url":"https:\/\/memurunsesi.net\/index.php\/2025\/10\/30\/siverekte-mezarlikta-bebek-cesedi-bulundu\/","name":"Siverek\u2019te mezarl\u0131kta bebek cesedi bulundu - Memurun Sesi","isPartOf":{"@id":"https:\/\/memurunsesi.net\/#website"},"primaryImageOfPage":{"@id":"https:\/\/memurunsesi.net\/index.php\/2025\/10\/30\/siverekte-mezarlikta-bebek-cesedi-bulundu\/#primaryimage"},"image":{"@id":"https:\/\/memurunsesi.net\/index.php\/2025\/10\/30\/siverekte-mezarlikta-bebek-cesedi-bulundu\/#primaryimage"},"thumbnailUrl":"https:\/\/memurunsesi.net\/wp-content\/uploads\/2025\/10\/bebek.jpg","datePublished":"2025-10-30T18:49:31+00:00","description":"Siverek\u2019te mezarl\u0131kta bebek cesedi bulundu","breadcrumb":{"@id":"https:\/\/memurunsesi.net\/index.php\/2025\/10\/30\/siverekte-mezarlikta-bebek-cesedi-bulundu\/#breadcrumb"},"inLanguage":"tr","potentialAction":[{"@type":"ReadAction","target":["https:\/\/memurunsesi.net\/index.php\/2025\/10\/30\/siverekte-mezarlikta-bebek-cesedi-bulundu\/"]}]},{"@type":"ImageObject","inLanguage":"tr","@id":"https:\/\/memurunsesi.net\/index.php\/2025\/10\/30\/siverekte-mezarlikta-bebek-cesedi-bulundu\/#primaryimage","url":"https:\/\/memurunsesi.net\/wp-content\/uploads\/2025\/10\/bebek.jpg","contentUrl":"https:\/\/memurunsesi.net\/wp-content\/uploads\/2025\/10\/bebek.jpg","width":1600,"height":900,"caption":"\u015eANLIURFA'NIN S\u0130VEREK \u0130L\u00c7ES\u0130NDE BULUNAN MEZARLIKTA BEBEK CESED\u0130 BULUNDU. OLAYLA \u0130LG\u0130L\u0130 POL\u0130S EK\u0130PLER\u0130 GEN\u0130\u015e \u00c7APLI SORU\u015eTURMA BA\u015eLATTI. (MEVL\u00dcT BAYRAKTAR\/\u015eANLIURFA-\u0130HA) \u015eanl\u0131urfa'n\u0131n Siverek il\u00e7esinde bulunan mezarl\u0131kta bebek cesedi bulundu. Olayla ilgili polis ekipleri geni\u015f \u00e7apl\u0131 soru\u015fturma ba\u015flatt\u0131."},{"@type":"BreadcrumbList","@id":"https:\/\/memurunsesi.net\/index.php\/2025\/10\/30\/siverekte-mezarlikta-bebek-cesedi-bulundu\/#breadcrumb","itemListElement":[{"@type":"ListItem","position":1,"name":"Anasayfa","item":"https:\/\/memurunsesi.net\/"},{"@type":"ListItem","position":2,"name":"Siverek\u2019te mezarl\u0131kta bebek cesedi bulundu"}]},{"@type":"WebSite","@id":"https:\/\/memurunsesi.net\/#website","url":"https:\/\/memurunsesi.net\/","name":"Memurun Sesi","description":"G\u00fcncel ve Do\u011fru Haber","publisher":{"@id":"https:\/\/memurunsesi.net\/#organization"},"potentialAction":[{"@type":"SearchAction","target":{"@type":"EntryPoint","urlTemplate":"https:\/\/memurunsesi.net\/?s={search_term_string}"},"query-input":{"@type":"PropertyValueSpecification","valueRequired":true,"valueName":"search_term_string"}}],"inLanguage":"tr"},{"@type":"Organization","@id":"https:\/\/memurunsesi.net\/#organization","name":"Memurun Sesi","url":"https:\/\/memurunsesi.net\/","logo":{"@type":"ImageObject","inLanguage":"tr","@id":"https:\/\/memurunsesi.net\/#\/schema\/logo\/image\/","url":"https:\/\/memurunsesi.net\/wp-content\/uploads\/2025\/11\/cropped-MEMURUN-SESI.png","contentUrl":"https:\/\/memurunsesi.net\/wp-content\/uploads\/2025\/11\/cropped-MEMURUN-SESI.png","width":238,"height":57,"caption":"Memurun Sesi"},"image":{"@id":"https:\/\/memurunsesi.net\/#\/schema\/logo\/image\/"},"sameAs":["https:\/\/www.facebook.com\/unipersen\/?locale=tr_TR","https:\/\/x.com\/unipersen"]},{"@type":"Person","@id":"https:\/\/memurunsesi.net\/#\/schema\/person\/f21c2d73b89f6ee1d80b0a1803e38587","name":"Memurun Sesi Haber Merkezi","image":{"@type":"ImageObject","inLanguage":"tr","@id":"https:\/\/secure.gravatar.com\/avatar\/6cf0505f452ee753f485014986fab09a434671d2b919ee76fc541025c5876a70?s=96&d=mm&r=g","url":"https:\/\/secure.gravatar.com\/avatar\/6cf0505f452ee753f485014986fab09a434671d2b919ee76fc541025c5876a70?s=96&d=mm&r=g","contentUrl":"https:\/\/secure.gravatar.com\/avatar\/6cf0505f452ee753f485014986fab09a434671d2b919ee76fc541025c5876a70?s=96&d=mm&r=g","caption":"Memurun Sesi Haber Merkezi"},"sameAs":["https:\/\/memurunsesi.net"],"url":"https:\/\/memurunsesi.net\/index.php\/author\/uniper\/"}]}},"_links":{"self":[{"href":"https:\/\/memurunsesi.net\/index.php\/wp-json\/wp\/v2\/posts\/13562","targetHints":{"allow":["GET"]}}],"collection":[{"href":"https:\/\/memurunsesi.net\/index.php\/wp-json\/wp\/v2\/posts"}],"about":[{"href":"https:\/\/memurunsesi.net\/index.php\/wp-json\/wp\/v2\/types\/post"}],"author":[{"embeddable":true,"href":"https:\/\/memurunsesi.net\/index.php\/wp-json\/wp\/v2\/users\/1"}],"replies":[{"embeddable":true,"href":"https:\/\/memurunsesi.net\/index.php\/wp-json\/wp\/v2\/comments?post=13562"}],"version-history":[{"count":1,"href":"https:\/\/memurunsesi.net\/index.php\/wp-json\/wp\/v2\/posts\/13562\/revisions"}],"predecessor-version":[{"id":13564,"href":"https:\/\/memurunsesi.net\/index.php\/wp-json\/wp\/v2\/posts\/13562\/revisions\/13564"}],"wp:featuredmedia":[{"embeddable":true,"href":"https:\/\/memurunsesi.net\/index.php\/wp-json\/wp\/v2\/media\/13563"}],"wp:attachment":[{"href":"https:\/\/memurunsesi.net\/index.php\/wp-json\/wp\/v2\/media?parent=13562"}],"wp:term":[{"taxonomy":"category","embeddable":true,"href":"https:\/\/memurunsesi.net\/index.php\/wp-json\/wp\/v2\/categories?post=13562"},{"taxonomy":"post_tag","embeddable":true,"href":"https:\/\/memurunsesi.net\/index.php\/wp-json\/wp\/v2\/tags?post=13562"}],"curies":[{"name":"wp","href":"https:\/\/api.w.org\/{rel}","templated":true}]}}