{"id":13610,"date":"2025-11-01T23:38:46","date_gmt":"2025-11-01T20:38:46","guid":{"rendered":"https:\/\/memurunsesi.net\/?p=13610"},"modified":"2025-11-01T23:38:46","modified_gmt":"2025-11-01T20:38:46","slug":"deprem-arastirmacisi-ahmet-yakut-sindirgida-36-saat-gecirdi-depremlerin-karakteristigini-anlatti","status":"publish","type":"post","link":"https:\/\/memurunsesi.net\/index.php\/2025\/11\/01\/deprem-arastirmacisi-ahmet-yakut-sindirgida-36-saat-gecirdi-depremlerin-karakteristigini-anlatti\/","title":{"rendered":"Deprem Ara\u015ft\u0131rmac\u0131s\u0131 Ahmet Yakut, S\u0131nd\u0131rg\u0131&#8217;da 36 saat ge\u00e7irdi, depremlerin karakteristi\u011fini anlatt\u0131"},"content":{"rendered":"<p>  &#8211; &#8220;\u015eap\u00e7\u0131 Osmanlar, Devletlibaba ve devam\u0131nda Simav Fay zonu dedi\u011fimiz b\u00f6lgenin son depremle beraber y\u00fcklendi\u011fini g\u00f6rmekteyiz&#8221;   <\/p>\n<p>   Deprem Ara\u015ft\u0131rmac\u0131s\u0131 Ahmet Yakut, ya\u015fanan depremlerin ard\u0131ndan Bal\u0131kesir&#8217;in S\u0131nd\u0131rg\u0131 il\u00e7esine gelerek 36 saatini S\u0131nd\u0131rg\u0131&#8217;da ge\u00e7irdi. Yakut, elde etti\u011fi verileri ara\u015ft\u0131rma sonunda Bal\u0131kesir \u0130tfaiye Daire Ba\u015fkan\u0131 Naz\u0131m Ergelen ile payla\u015ft\u0131.<br \/>\n  Deprem Ara\u015ft\u0131rmalar\u0131nda bulunan Ahmet Yakut, Bal\u0131kesir&#8217;in S\u0131nd\u0131rg\u0131 il\u00e7esine gelerek 36 saatini b\u00f6lgede ge\u00e7irdi. S\u0131nd\u0131rg\u0131 il\u00e7e merkezinden ba\u015flayan incelemelerin ard\u0131ndan k\u0131rsal b\u00f6lgelerle devam Yakut, s\u0131cak suyun \u00e7\u0131k\u0131\u015f noktas\u0131 olan Hisaralan, Emenere gibi noktalarda \u00f6l\u00e7\u00fcmler yapt\u0131. Ard\u0131ndan Simav Fay zonunun bulundu\u011fu b\u00f6lgeye giden Yakut, ara\u015ft\u0131rmalar\u0131n\u0131 tamamlad\u0131. \u0130HA&#8217;ya konu\u015fan Yakut, &#8220;Ya\u015fanan depremlerin ard\u0131ndan S\u0131nd\u0131rg\u0131&#8217;ya geldim, yerdeki jeomanyetik ve elektromanyatik verileri \u00e7\u00f6z\u00fcmleyerek b\u00f6lge i\u00e7inden veri toplamak istedim. En son 6.1 ya\u015fanan depremden bir g\u00fcn \u00f6ncede b\u00f6lgede 6.2&#8217;lere varabilecek yeni bir deprem olabilece\u011fini ifade etmi\u015ftim. Ertesi g\u00fcn de bu deprem meydana geldi&#8221; dedi. <\/p>\n<p>  &#8220;Aktifle\u015fmemi\u015f faylar aktifle\u015fiyor&#8221;<br \/>\n  Yakut, a\u00e7\u0131klamalar\u0131n\u0131 \u015f\u00f6yle s\u00fcrd\u00fcrd\u00fc:<br \/>\n  &#8220;Hem Bayrakl\u0131 k\u00f6y\u00fcnde hem I\u015f\u0131klar k\u00f6y\u00fcnde, Yukar\u0131 Da\u011fdere k\u00f6y\u00fcnde inceleme f\u0131rsat\u0131m oldu. Olay b\u00f6lgenin g\u00fcneydo\u011fusuna kay\u0131yor. Bu kayma devam ederse Bayrakl\u0131, Emendere yine bir k\u0131r\u0131lma ya\u015fayabilir. \u0130kinci deprem de bu \u015fekilde geldi. Elimdeki veriler g\u00f6steriyor ki, \u015eap\u00e7\u0131 Osmanlar, Devletlibaba ve devam\u0131nda Simav Fay zonu dedi\u011fimiz b\u00f6lgenin son depremle beraber y\u00fcklendi\u011fini g\u00f6rmekteyiz. Bu art\u00e7\u0131lar kendini sonland\u0131rm\u0131yor ve geni\u015f bir alanda da\u011f\u0131larak devam ediyor. Ya\u015fanan 2 tane 6.1&#8217;lik deprem sonras\u0131 orada k\u0131r\u0131lmayan 15-20 kilometrelik bir hat var. 6.3&#8217;e kadar bir deprem \u00fcretebilir. S\u0131nd\u0131rg\u0131 olsun, K\u00fctahya Simav olsun, Manisa G\u00f6rdes olsun bu b\u00f6lgelerin dikkatlice daha detayl\u0131 incelenmesi gerekti\u011fini d\u00fc\u015f\u00fcn\u00fcyorum. Kas\u0131m ay\u0131n\u0131n bu b\u00f6lgede daha dikkatli ve tedbirli ge\u00e7irilmesi laz\u0131m. \u00d6zellikle d\u00fcn Bayrakl\u0131 b\u00f6lgesine gitti\u011fimde (B\u00f6lge Simav Fay zonu ile etkile\u015fime girdi\u011fi i\u00e7in graben dedi\u011fimiz sistemler var) burada da\u011flar y\u00fckseldik\u00e7e ovalar a\u00e7\u0131l\u0131yor. Burada yeni faylanma hareketleri oldu\u011funa bizzat \u015fahit olduk. Yeni faylar demeyelim de daha \u00f6nce olmu\u015f ama aktifle\u015fmemi\u015f faylar \u015fimdi aktifle\u015fmi\u015f gibi g\u00f6z\u00fck\u00fcyor. Bu y\u00fczden dikkat edilmesi laz\u0131m&#8221; dedi. <\/p>\n<p>1.11.2025                                 <\/p>\n","protected":false},"excerpt":{"rendered":"<p>&#8211; &#8220;\u015eap\u00e7\u0131 Osmanlar, Devletlibaba ve devam\u0131nda Simav Fay zonu dedi\u011fimiz b\u00f6lgenin son depremle beraber y\u00fcklendi\u011fini g\u00f6rmekteyiz&#8221; Deprem Ara\u015ft\u0131rmac\u0131s\u0131 Ahmet Yakut, ya\u015fanan depremlerin ard\u0131ndan Bal\u0131kesir&#8217;in S\u0131nd\u0131rg\u0131 il\u00e7esine gelerek 36 saatini S\u0131nd\u0131rg\u0131&#8217;da ge\u00e7irdi. Yakut, elde etti\u011fi verileri ara\u015ft\u0131rma sonunda Bal\u0131kesir \u0130tfaiye Daire Ba\u015fkan\u0131 Naz\u0131m Ergelen ile payla\u015ft\u0131. Deprem Ara\u015ft\u0131rmalar\u0131nda bulunan Ahmet Yakut, Bal\u0131kesir&#8217;in S\u0131nd\u0131rg\u0131 il\u00e7esine gelerek 36 [&hellip;]<\/p>\n","protected":false},"author":1,"featured_media":13611,"comment_status":"open","ping_status":"open","sticky":false,"template":"","format":"standard","meta":{"footnotes":""},"categories":[45],"tags":[135],"class_list":["post-13610","post","type-post","status-publish","format-standard","has-post-thumbnail","hentry","category-gundem","tag-deprem"],"yoast_head":"<!-- This site is optimized with the Yoast SEO plugin v27.4 - https:\/\/yoast.com\/product\/yoast-seo-wordpress\/ -->\n<title>Deprem Ara\u015ft\u0131rmac\u0131s\u0131 Ahmet Yakut, S\u0131nd\u0131rg\u0131&#039;da 36 saat ge\u00e7irdi, depremlerin karakteristi\u011fini anlatt\u0131 - Memurun Sesi<\/title>\n<meta name=\"description\" content=\"Deprem Ara\u015ft\u0131rmac\u0131s\u0131 Ahmet Yakut, S\u0131nd\u0131rg\u0131&#039;da 36 saat ge\u00e7irdi, depremlerin karakteristi\u011fini anlatt\u0131\" \/>\n<meta name=\"robots\" content=\"index, follow, max-snippet:-1, max-image-preview:large, max-video-preview:-1\" \/>\n<link rel=\"canonical\" href=\"https:\/\/memurunsesi.net\/index.php\/2025\/11\/01\/deprem-arastirmacisi-ahmet-yakut-sindirgida-36-saat-gecirdi-depremlerin-karakteristigini-anlatti\/\" \/>\n<meta property=\"og:locale\" content=\"tr_TR\" \/>\n<meta property=\"og:type\" content=\"article\" \/>\n<meta property=\"og:title\" content=\"Deprem Ara\u015ft\u0131rmac\u0131s\u0131 Ahmet Yakut, S\u0131nd\u0131rg\u0131&#039;da 36 saat ge\u00e7irdi, depremlerin karakteristi\u011fini anlatt\u0131 - Memurun Sesi\" \/>\n<meta property=\"og:description\" content=\"Deprem Ara\u015ft\u0131rmac\u0131s\u0131 Ahmet Yakut, S\u0131nd\u0131rg\u0131&#039;da 36 saat ge\u00e7irdi, depremlerin karakteristi\u011fini anlatt\u0131\" \/>\n<meta property=\"og:url\" content=\"https:\/\/memurunsesi.net\/index.php\/2025\/11\/01\/deprem-arastirmacisi-ahmet-yakut-sindirgida-36-saat-gecirdi-depremlerin-karakteristigini-anlatti\/\" \/>\n<meta property=\"og:site_name\" content=\"Memurun Sesi\" \/>\n<meta property=\"article:publisher\" content=\"https:\/\/www.facebook.com\/unipersen\/?locale=tr_TR\" \/>\n<meta property=\"article:published_time\" content=\"2025-11-01T20:38:46+00:00\" \/>\n<meta property=\"og:image\" content=\"https:\/\/memurunsesi.net\/wp-content\/uploads\/2025\/11\/deprem-2.jpg\" \/>\n\t<meta property=\"og:image:width\" content=\"1600\" \/>\n\t<meta property=\"og:image:height\" content=\"900\" \/>\n\t<meta property=\"og:image:type\" content=\"image\/jpeg\" \/>\n<meta name=\"author\" content=\"Memurun Sesi Haber Merkezi\" \/>\n<meta name=\"twitter:card\" content=\"summary_large_image\" \/>\n<meta name=\"twitter:creator\" content=\"@unipersen\" \/>\n<meta name=\"twitter:site\" content=\"@unipersen\" \/>\n<meta name=\"twitter:label1\" content=\"Yazan:\" \/>\n\t<meta name=\"twitter:data1\" content=\"Memurun Sesi Haber Merkezi\" \/>\n\t<meta name=\"twitter:label2\" content=\"Tahmini okuma s\u00fcresi\" \/>\n\t<meta name=\"twitter:data2\" content=\"1 dakika\" \/>\n<script type=\"application\/ld+json\" class=\"yoast-schema-graph\">{\"@context\":\"https:\\\/\\\/schema.org\",\"@graph\":[{\"@type\":\"Article\",\"@id\":\"https:\\\/\\\/memurunsesi.net\\\/index.php\\\/2025\\\/11\\\/01\\\/deprem-arastirmacisi-ahmet-yakut-sindirgida-36-saat-gecirdi-depremlerin-karakteristigini-anlatti\\\/#article\",\"isPartOf\":{\"@id\":\"https:\\\/\\\/memurunsesi.net\\\/index.php\\\/2025\\\/11\\\/01\\\/deprem-arastirmacisi-ahmet-yakut-sindirgida-36-saat-gecirdi-depremlerin-karakteristigini-anlatti\\\/\"},\"author\":{\"name\":\"Memurun Sesi Haber Merkezi\",\"@id\":\"https:\\\/\\\/memurunsesi.net\\\/#\\\/schema\\\/person\\\/f21c2d73b89f6ee1d80b0a1803e38587\"},\"headline\":\"Deprem Ara\u015ft\u0131rmac\u0131s\u0131 Ahmet Yakut, S\u0131nd\u0131rg\u0131&#8217;da 36 saat ge\u00e7irdi, depremlerin karakteristi\u011fini anlatt\u0131\",\"datePublished\":\"2025-11-01T20:38:46+00:00\",\"mainEntityOfPage\":{\"@id\":\"https:\\\/\\\/memurunsesi.net\\\/index.php\\\/2025\\\/11\\\/01\\\/deprem-arastirmacisi-ahmet-yakut-sindirgida-36-saat-gecirdi-depremlerin-karakteristigini-anlatti\\\/\"},\"wordCount\":450,\"commentCount\":0,\"publisher\":{\"@id\":\"https:\\\/\\\/memurunsesi.net\\\/#organization\"},\"image\":{\"@id\":\"https:\\\/\\\/memurunsesi.net\\\/index.php\\\/2025\\\/11\\\/01\\\/deprem-arastirmacisi-ahmet-yakut-sindirgida-36-saat-gecirdi-depremlerin-karakteristigini-anlatti\\\/#primaryimage\"},\"thumbnailUrl\":\"https:\\\/\\\/memurunsesi.net\\\/wp-content\\\/uploads\\\/2025\\\/11\\\/deprem-2.jpg\",\"keywords\":[\"deprem\"],\"articleSection\":[\"G\u00fcndem\"],\"inLanguage\":\"tr\",\"potentialAction\":[{\"@type\":\"CommentAction\",\"name\":\"Comment\",\"target\":[\"https:\\\/\\\/memurunsesi.net\\\/index.php\\\/2025\\\/11\\\/01\\\/deprem-arastirmacisi-ahmet-yakut-sindirgida-36-saat-gecirdi-depremlerin-karakteristigini-anlatti\\\/#respond\"]}]},{\"@type\":\"WebPage\",\"@id\":\"https:\\\/\\\/memurunsesi.net\\\/index.php\\\/2025\\\/11\\\/01\\\/deprem-arastirmacisi-ahmet-yakut-sindirgida-36-saat-gecirdi-depremlerin-karakteristigini-anlatti\\\/\",\"url\":\"https:\\\/\\\/memurunsesi.net\\\/index.php\\\/2025\\\/11\\\/01\\\/deprem-arastirmacisi-ahmet-yakut-sindirgida-36-saat-gecirdi-depremlerin-karakteristigini-anlatti\\\/\",\"name\":\"Deprem Ara\u015ft\u0131rmac\u0131s\u0131 Ahmet Yakut, S\u0131nd\u0131rg\u0131'da 36 saat ge\u00e7irdi, depremlerin karakteristi\u011fini anlatt\u0131 - Memurun Sesi\",\"isPartOf\":{\"@id\":\"https:\\\/\\\/memurunsesi.net\\\/#website\"},\"primaryImageOfPage\":{\"@id\":\"https:\\\/\\\/memurunsesi.net\\\/index.php\\\/2025\\\/11\\\/01\\\/deprem-arastirmacisi-ahmet-yakut-sindirgida-36-saat-gecirdi-depremlerin-karakteristigini-anlatti\\\/#primaryimage\"},\"image\":{\"@id\":\"https:\\\/\\\/memurunsesi.net\\\/index.php\\\/2025\\\/11\\\/01\\\/deprem-arastirmacisi-ahmet-yakut-sindirgida-36-saat-gecirdi-depremlerin-karakteristigini-anlatti\\\/#primaryimage\"},\"thumbnailUrl\":\"https:\\\/\\\/memurunsesi.net\\\/wp-content\\\/uploads\\\/2025\\\/11\\\/deprem-2.jpg\",\"datePublished\":\"2025-11-01T20:38:46+00:00\",\"description\":\"Deprem Ara\u015ft\u0131rmac\u0131s\u0131 Ahmet Yakut, S\u0131nd\u0131rg\u0131'da 36 saat ge\u00e7irdi, depremlerin karakteristi\u011fini anlatt\u0131\",\"breadcrumb\":{\"@id\":\"https:\\\/\\\/memurunsesi.net\\\/index.php\\\/2025\\\/11\\\/01\\\/deprem-arastirmacisi-ahmet-yakut-sindirgida-36-saat-gecirdi-depremlerin-karakteristigini-anlatti\\\/#breadcrumb\"},\"inLanguage\":\"tr\",\"potentialAction\":[{\"@type\":\"ReadAction\",\"target\":[\"https:\\\/\\\/memurunsesi.net\\\/index.php\\\/2025\\\/11\\\/01\\\/deprem-arastirmacisi-ahmet-yakut-sindirgida-36-saat-gecirdi-depremlerin-karakteristigini-anlatti\\\/\"]}]},{\"@type\":\"ImageObject\",\"inLanguage\":\"tr\",\"@id\":\"https:\\\/\\\/memurunsesi.net\\\/index.php\\\/2025\\\/11\\\/01\\\/deprem-arastirmacisi-ahmet-yakut-sindirgida-36-saat-gecirdi-depremlerin-karakteristigini-anlatti\\\/#primaryimage\",\"url\":\"https:\\\/\\\/memurunsesi.net\\\/wp-content\\\/uploads\\\/2025\\\/11\\\/deprem-2.jpg\",\"contentUrl\":\"https:\\\/\\\/memurunsesi.net\\\/wp-content\\\/uploads\\\/2025\\\/11\\\/deprem-2.jpg\",\"width\":1600,\"height\":900,\"caption\":\"DEPREM ARA\u015eTIRMACISI AHMET YAKUT, YA\u015eANAN DEPREMLER\u0130N ARDINDAN BALIKES\u0130R'\u0130N SINDIRGI \u0130L\u00c7ES\u0130NE GELEREK 36 SAAT\u0130N\u0130 SINDIRGI'DA GE\u00c7\u0130RD\u0130. FAY HATLARININ GE\u00c7T\u0130\u011e\u0130 B\u00d6LGELERDE \u0130NCELEMELERDE BULUNAN YAKUT, YAKLA\u015eAN YEN\u0130 DEPREM\u0130N S\u0130NYAL\u0130N\u0130 VERD\u0130 (BAHADIR DEM\u0130R\u00c7EV\u0130REN - MURAT SEYMAN\\\/BALIKES\u0130R-\u0130HA) Deprem Ara\u015ft\u0131rmac\u0131s\u0131 Ahmet Yakut, ya\u015fanan depremlerin ard\u0131ndan Bal\u0131kesir'in S\u0131nd\u0131rg\u0131 il\u00e7esine gelerek 36 saatini S\u0131nd\u0131rg\u0131'da ge\u00e7irdi. Yakut, elde etti\u011fi verileri ara\u015ft\u0131rma sonunda Bal\u0131kesir \u0130tfaiye Daire Ba\u015fkan\u0131 Naz\u0131m Ergelen ile payla\u015ft\u0131.\"},{\"@type\":\"BreadcrumbList\",\"@id\":\"https:\\\/\\\/memurunsesi.net\\\/index.php\\\/2025\\\/11\\\/01\\\/deprem-arastirmacisi-ahmet-yakut-sindirgida-36-saat-gecirdi-depremlerin-karakteristigini-anlatti\\\/#breadcrumb\",\"itemListElement\":[{\"@type\":\"ListItem\",\"position\":1,\"name\":\"Anasayfa\",\"item\":\"https:\\\/\\\/memurunsesi.net\\\/\"},{\"@type\":\"ListItem\",\"position\":2,\"name\":\"Deprem Ara\u015ft\u0131rmac\u0131s\u0131 Ahmet Yakut, S\u0131nd\u0131rg\u0131&#8217;da 36 saat ge\u00e7irdi, depremlerin karakteristi\u011fini anlatt\u0131\"}]},{\"@type\":\"WebSite\",\"@id\":\"https:\\\/\\\/memurunsesi.net\\\/#website\",\"url\":\"https:\\\/\\\/memurunsesi.net\\\/\",\"name\":\"Memurun Sesi\",\"description\":\"G\u00fcncel ve Do\u011fru Haber\",\"publisher\":{\"@id\":\"https:\\\/\\\/memurunsesi.net\\\/#organization\"},\"potentialAction\":[{\"@type\":\"SearchAction\",\"target\":{\"@type\":\"EntryPoint\",\"urlTemplate\":\"https:\\\/\\\/memurunsesi.net\\\/?s={search_term_string}\"},\"query-input\":{\"@type\":\"PropertyValueSpecification\",\"valueRequired\":true,\"valueName\":\"search_term_string\"}}],\"inLanguage\":\"tr\"},{\"@type\":\"Organization\",\"@id\":\"https:\\\/\\\/memurunsesi.net\\\/#organization\",\"name\":\"Memurun Sesi\",\"url\":\"https:\\\/\\\/memurunsesi.net\\\/\",\"logo\":{\"@type\":\"ImageObject\",\"inLanguage\":\"tr\",\"@id\":\"https:\\\/\\\/memurunsesi.net\\\/#\\\/schema\\\/logo\\\/image\\\/\",\"url\":\"https:\\\/\\\/memurunsesi.net\\\/wp-content\\\/uploads\\\/2025\\\/11\\\/cropped-MEMURUN-SESI.png\",\"contentUrl\":\"https:\\\/\\\/memurunsesi.net\\\/wp-content\\\/uploads\\\/2025\\\/11\\\/cropped-MEMURUN-SESI.png\",\"width\":238,\"height\":57,\"caption\":\"Memurun Sesi\"},\"image\":{\"@id\":\"https:\\\/\\\/memurunsesi.net\\\/#\\\/schema\\\/logo\\\/image\\\/\"},\"sameAs\":[\"https:\\\/\\\/www.facebook.com\\\/unipersen\\\/?locale=tr_TR\",\"https:\\\/\\\/x.com\\\/unipersen\"]},{\"@type\":\"Person\",\"@id\":\"https:\\\/\\\/memurunsesi.net\\\/#\\\/schema\\\/person\\\/f21c2d73b89f6ee1d80b0a1803e38587\",\"name\":\"Memurun Sesi Haber Merkezi\",\"image\":{\"@type\":\"ImageObject\",\"inLanguage\":\"tr\",\"@id\":\"https:\\\/\\\/secure.gravatar.com\\\/avatar\\\/6cf0505f452ee753f485014986fab09a434671d2b919ee76fc541025c5876a70?s=96&d=mm&r=g\",\"url\":\"https:\\\/\\\/secure.gravatar.com\\\/avatar\\\/6cf0505f452ee753f485014986fab09a434671d2b919ee76fc541025c5876a70?s=96&d=mm&r=g\",\"contentUrl\":\"https:\\\/\\\/secure.gravatar.com\\\/avatar\\\/6cf0505f452ee753f485014986fab09a434671d2b919ee76fc541025c5876a70?s=96&d=mm&r=g\",\"caption\":\"Memurun Sesi Haber Merkezi\"},\"sameAs\":[\"https:\\\/\\\/memurunsesi.net\"],\"url\":\"https:\\\/\\\/memurunsesi.net\\\/index.php\\\/author\\\/uniper\\\/\"}]}<\/script>\n<!-- \/ Yoast SEO plugin. -->","yoast_head_json":{"title":"Deprem Ara\u015ft\u0131rmac\u0131s\u0131 Ahmet Yakut, S\u0131nd\u0131rg\u0131'da 36 saat ge\u00e7irdi, depremlerin karakteristi\u011fini anlatt\u0131 - Memurun Sesi","description":"Deprem Ara\u015ft\u0131rmac\u0131s\u0131 Ahmet Yakut, S\u0131nd\u0131rg\u0131'da 36 saat ge\u00e7irdi, depremlerin karakteristi\u011fini anlatt\u0131","robots":{"index":"index","follow":"follow","max-snippet":"max-snippet:-1","max-image-preview":"max-image-preview:large","max-video-preview":"max-video-preview:-1"},"canonical":"https:\/\/memurunsesi.net\/index.php\/2025\/11\/01\/deprem-arastirmacisi-ahmet-yakut-sindirgida-36-saat-gecirdi-depremlerin-karakteristigini-anlatti\/","og_locale":"tr_TR","og_type":"article","og_title":"Deprem Ara\u015ft\u0131rmac\u0131s\u0131 Ahmet Yakut, S\u0131nd\u0131rg\u0131'da 36 saat ge\u00e7irdi, depremlerin karakteristi\u011fini anlatt\u0131 - Memurun Sesi","og_description":"Deprem Ara\u015ft\u0131rmac\u0131s\u0131 Ahmet Yakut, S\u0131nd\u0131rg\u0131'da 36 saat ge\u00e7irdi, depremlerin karakteristi\u011fini anlatt\u0131","og_url":"https:\/\/memurunsesi.net\/index.php\/2025\/11\/01\/deprem-arastirmacisi-ahmet-yakut-sindirgida-36-saat-gecirdi-depremlerin-karakteristigini-anlatti\/","og_site_name":"Memurun Sesi","article_publisher":"https:\/\/www.facebook.com\/unipersen\/?locale=tr_TR","article_published_time":"2025-11-01T20:38:46+00:00","og_image":[{"width":1600,"height":900,"url":"https:\/\/memurunsesi.net\/wp-content\/uploads\/2025\/11\/deprem-2.jpg","type":"image\/jpeg"}],"author":"Memurun Sesi Haber Merkezi","twitter_card":"summary_large_image","twitter_creator":"@unipersen","twitter_site":"@unipersen","twitter_misc":{"Yazan:":"Memurun Sesi Haber Merkezi","Tahmini okuma s\u00fcresi":"1 dakika"},"schema":{"@context":"https:\/\/schema.org","@graph":[{"@type":"Article","@id":"https:\/\/memurunsesi.net\/index.php\/2025\/11\/01\/deprem-arastirmacisi-ahmet-yakut-sindirgida-36-saat-gecirdi-depremlerin-karakteristigini-anlatti\/#article","isPartOf":{"@id":"https:\/\/memurunsesi.net\/index.php\/2025\/11\/01\/deprem-arastirmacisi-ahmet-yakut-sindirgida-36-saat-gecirdi-depremlerin-karakteristigini-anlatti\/"},"author":{"name":"Memurun Sesi Haber Merkezi","@id":"https:\/\/memurunsesi.net\/#\/schema\/person\/f21c2d73b89f6ee1d80b0a1803e38587"},"headline":"Deprem Ara\u015ft\u0131rmac\u0131s\u0131 Ahmet Yakut, S\u0131nd\u0131rg\u0131&#8217;da 36 saat ge\u00e7irdi, depremlerin karakteristi\u011fini anlatt\u0131","datePublished":"2025-11-01T20:38:46+00:00","mainEntityOfPage":{"@id":"https:\/\/memurunsesi.net\/index.php\/2025\/11\/01\/deprem-arastirmacisi-ahmet-yakut-sindirgida-36-saat-gecirdi-depremlerin-karakteristigini-anlatti\/"},"wordCount":450,"commentCount":0,"publisher":{"@id":"https:\/\/memurunsesi.net\/#organization"},"image":{"@id":"https:\/\/memurunsesi.net\/index.php\/2025\/11\/01\/deprem-arastirmacisi-ahmet-yakut-sindirgida-36-saat-gecirdi-depremlerin-karakteristigini-anlatti\/#primaryimage"},"thumbnailUrl":"https:\/\/memurunsesi.net\/wp-content\/uploads\/2025\/11\/deprem-2.jpg","keywords":["deprem"],"articleSection":["G\u00fcndem"],"inLanguage":"tr","potentialAction":[{"@type":"CommentAction","name":"Comment","target":["https:\/\/memurunsesi.net\/index.php\/2025\/11\/01\/deprem-arastirmacisi-ahmet-yakut-sindirgida-36-saat-gecirdi-depremlerin-karakteristigini-anlatti\/#respond"]}]},{"@type":"WebPage","@id":"https:\/\/memurunsesi.net\/index.php\/2025\/11\/01\/deprem-arastirmacisi-ahmet-yakut-sindirgida-36-saat-gecirdi-depremlerin-karakteristigini-anlatti\/","url":"https:\/\/memurunsesi.net\/index.php\/2025\/11\/01\/deprem-arastirmacisi-ahmet-yakut-sindirgida-36-saat-gecirdi-depremlerin-karakteristigini-anlatti\/","name":"Deprem Ara\u015ft\u0131rmac\u0131s\u0131 Ahmet Yakut, S\u0131nd\u0131rg\u0131'da 36 saat ge\u00e7irdi, depremlerin karakteristi\u011fini anlatt\u0131 - Memurun Sesi","isPartOf":{"@id":"https:\/\/memurunsesi.net\/#website"},"primaryImageOfPage":{"@id":"https:\/\/memurunsesi.net\/index.php\/2025\/11\/01\/deprem-arastirmacisi-ahmet-yakut-sindirgida-36-saat-gecirdi-depremlerin-karakteristigini-anlatti\/#primaryimage"},"image":{"@id":"https:\/\/memurunsesi.net\/index.php\/2025\/11\/01\/deprem-arastirmacisi-ahmet-yakut-sindirgida-36-saat-gecirdi-depremlerin-karakteristigini-anlatti\/#primaryimage"},"thumbnailUrl":"https:\/\/memurunsesi.net\/wp-content\/uploads\/2025\/11\/deprem-2.jpg","datePublished":"2025-11-01T20:38:46+00:00","description":"Deprem Ara\u015ft\u0131rmac\u0131s\u0131 Ahmet Yakut, S\u0131nd\u0131rg\u0131'da 36 saat ge\u00e7irdi, depremlerin karakteristi\u011fini anlatt\u0131","breadcrumb":{"@id":"https:\/\/memurunsesi.net\/index.php\/2025\/11\/01\/deprem-arastirmacisi-ahmet-yakut-sindirgida-36-saat-gecirdi-depremlerin-karakteristigini-anlatti\/#breadcrumb"},"inLanguage":"tr","potentialAction":[{"@type":"ReadAction","target":["https:\/\/memurunsesi.net\/index.php\/2025\/11\/01\/deprem-arastirmacisi-ahmet-yakut-sindirgida-36-saat-gecirdi-depremlerin-karakteristigini-anlatti\/"]}]},{"@type":"ImageObject","inLanguage":"tr","@id":"https:\/\/memurunsesi.net\/index.php\/2025\/11\/01\/deprem-arastirmacisi-ahmet-yakut-sindirgida-36-saat-gecirdi-depremlerin-karakteristigini-anlatti\/#primaryimage","url":"https:\/\/memurunsesi.net\/wp-content\/uploads\/2025\/11\/deprem-2.jpg","contentUrl":"https:\/\/memurunsesi.net\/wp-content\/uploads\/2025\/11\/deprem-2.jpg","width":1600,"height":900,"caption":"DEPREM ARA\u015eTIRMACISI AHMET YAKUT, YA\u015eANAN DEPREMLER\u0130N ARDINDAN BALIKES\u0130R'\u0130N SINDIRGI \u0130L\u00c7ES\u0130NE GELEREK 36 SAAT\u0130N\u0130 SINDIRGI'DA GE\u00c7\u0130RD\u0130. FAY HATLARININ GE\u00c7T\u0130\u011e\u0130 B\u00d6LGELERDE \u0130NCELEMELERDE BULUNAN YAKUT, YAKLA\u015eAN YEN\u0130 DEPREM\u0130N S\u0130NYAL\u0130N\u0130 VERD\u0130 (BAHADIR DEM\u0130R\u00c7EV\u0130REN - MURAT SEYMAN\/BALIKES\u0130R-\u0130HA) Deprem Ara\u015ft\u0131rmac\u0131s\u0131 Ahmet Yakut, ya\u015fanan depremlerin ard\u0131ndan Bal\u0131kesir'in S\u0131nd\u0131rg\u0131 il\u00e7esine gelerek 36 saatini S\u0131nd\u0131rg\u0131'da ge\u00e7irdi. Yakut, elde etti\u011fi verileri ara\u015ft\u0131rma sonunda Bal\u0131kesir \u0130tfaiye Daire Ba\u015fkan\u0131 Naz\u0131m Ergelen ile payla\u015ft\u0131."},{"@type":"BreadcrumbList","@id":"https:\/\/memurunsesi.net\/index.php\/2025\/11\/01\/deprem-arastirmacisi-ahmet-yakut-sindirgida-36-saat-gecirdi-depremlerin-karakteristigini-anlatti\/#breadcrumb","itemListElement":[{"@type":"ListItem","position":1,"name":"Anasayfa","item":"https:\/\/memurunsesi.net\/"},{"@type":"ListItem","position":2,"name":"Deprem Ara\u015ft\u0131rmac\u0131s\u0131 Ahmet Yakut, S\u0131nd\u0131rg\u0131&#8217;da 36 saat ge\u00e7irdi, depremlerin karakteristi\u011fini anlatt\u0131"}]},{"@type":"WebSite","@id":"https:\/\/memurunsesi.net\/#website","url":"https:\/\/memurunsesi.net\/","name":"Memurun Sesi","description":"G\u00fcncel ve Do\u011fru Haber","publisher":{"@id":"https:\/\/memurunsesi.net\/#organization"},"potentialAction":[{"@type":"SearchAction","target":{"@type":"EntryPoint","urlTemplate":"https:\/\/memurunsesi.net\/?s={search_term_string}"},"query-input":{"@type":"PropertyValueSpecification","valueRequired":true,"valueName":"search_term_string"}}],"inLanguage":"tr"},{"@type":"Organization","@id":"https:\/\/memurunsesi.net\/#organization","name":"Memurun Sesi","url":"https:\/\/memurunsesi.net\/","logo":{"@type":"ImageObject","inLanguage":"tr","@id":"https:\/\/memurunsesi.net\/#\/schema\/logo\/image\/","url":"https:\/\/memurunsesi.net\/wp-content\/uploads\/2025\/11\/cropped-MEMURUN-SESI.png","contentUrl":"https:\/\/memurunsesi.net\/wp-content\/uploads\/2025\/11\/cropped-MEMURUN-SESI.png","width":238,"height":57,"caption":"Memurun Sesi"},"image":{"@id":"https:\/\/memurunsesi.net\/#\/schema\/logo\/image\/"},"sameAs":["https:\/\/www.facebook.com\/unipersen\/?locale=tr_TR","https:\/\/x.com\/unipersen"]},{"@type":"Person","@id":"https:\/\/memurunsesi.net\/#\/schema\/person\/f21c2d73b89f6ee1d80b0a1803e38587","name":"Memurun Sesi Haber Merkezi","image":{"@type":"ImageObject","inLanguage":"tr","@id":"https:\/\/secure.gravatar.com\/avatar\/6cf0505f452ee753f485014986fab09a434671d2b919ee76fc541025c5876a70?s=96&d=mm&r=g","url":"https:\/\/secure.gravatar.com\/avatar\/6cf0505f452ee753f485014986fab09a434671d2b919ee76fc541025c5876a70?s=96&d=mm&r=g","contentUrl":"https:\/\/secure.gravatar.com\/avatar\/6cf0505f452ee753f485014986fab09a434671d2b919ee76fc541025c5876a70?s=96&d=mm&r=g","caption":"Memurun Sesi Haber Merkezi"},"sameAs":["https:\/\/memurunsesi.net"],"url":"https:\/\/memurunsesi.net\/index.php\/author\/uniper\/"}]}},"_links":{"self":[{"href":"https:\/\/memurunsesi.net\/index.php\/wp-json\/wp\/v2\/posts\/13610","targetHints":{"allow":["GET"]}}],"collection":[{"href":"https:\/\/memurunsesi.net\/index.php\/wp-json\/wp\/v2\/posts"}],"about":[{"href":"https:\/\/memurunsesi.net\/index.php\/wp-json\/wp\/v2\/types\/post"}],"author":[{"embeddable":true,"href":"https:\/\/memurunsesi.net\/index.php\/wp-json\/wp\/v2\/users\/1"}],"replies":[{"embeddable":true,"href":"https:\/\/memurunsesi.net\/index.php\/wp-json\/wp\/v2\/comments?post=13610"}],"version-history":[{"count":1,"href":"https:\/\/memurunsesi.net\/index.php\/wp-json\/wp\/v2\/posts\/13610\/revisions"}],"predecessor-version":[{"id":13612,"href":"https:\/\/memurunsesi.net\/index.php\/wp-json\/wp\/v2\/posts\/13610\/revisions\/13612"}],"wp:featuredmedia":[{"embeddable":true,"href":"https:\/\/memurunsesi.net\/index.php\/wp-json\/wp\/v2\/media\/13611"}],"wp:attachment":[{"href":"https:\/\/memurunsesi.net\/index.php\/wp-json\/wp\/v2\/media?parent=13610"}],"wp:term":[{"taxonomy":"category","embeddable":true,"href":"https:\/\/memurunsesi.net\/index.php\/wp-json\/wp\/v2\/categories?post=13610"},{"taxonomy":"post_tag","embeddable":true,"href":"https:\/\/memurunsesi.net\/index.php\/wp-json\/wp\/v2\/tags?post=13610"}],"curies":[{"name":"wp","href":"https:\/\/api.w.org\/{rel}","templated":true}]}}