{"id":13619,"date":"2025-11-01T23:48:40","date_gmt":"2025-11-01T20:48:40","guid":{"rendered":"https:\/\/memurunsesi.net\/?p=13619"},"modified":"2025-11-01T23:48:40","modified_gmt":"2025-11-01T20:48:40","slug":"muratpasa-kaymakami-trafik-kazasinda-yaralandi","status":"publish","type":"post","link":"https:\/\/memurunsesi.net\/index.php\/2025\/11\/01\/muratpasa-kaymakami-trafik-kazasinda-yaralandi\/","title":{"rendered":"Muratpa\u015fa Kaymakam\u0131 trafik kazas\u0131nda yaraland\u0131"},"content":{"rendered":"<p>  &#8211; Bir arac\u0131n \u00e7arpt\u0131\u011f\u0131 makam arac\u0131 savrulup \u00f6n\u00fcndeki araca \u00e7arpt\u0131 <\/p>\n<p>  Antalya\u2019da Muratpa\u015fa Kaymakam\u0131 \u0130hsan Kara, makam arac\u0131yla ge\u00e7irdi\u011fi trafik kazas\u0131nda yaraland\u0131.<br \/>\nKaza, Tongu\u00e7 Caddesi ile \u015earampol Caddesi kesi\u015fiminde meydana geldi. Erkan S. idaresindeki 07 AIR 470 plakal\u0131 Peugeot marka hafif ticari ara\u00e7, Ahmet \u00c7.\u2019nin kulland\u0131\u011f\u0131 Muratpa\u015fa Kaymakam\u0131 \u0130hsan Kara\u2019n\u0131n da i\u00e7erisinde bulundu\u011fu 07 AA 119 plakam\u0131 makam arac\u0131na \u00e7arpt\u0131. \u00c7arpman\u0131n etkisiyle savrulan ve kald\u0131r\u0131ma \u00e7\u0131karak kontrol\u00fcn\u00fc kaybeden makam arac\u0131 \u00f6n\u00fcnde ilerlemekte olan Asl\u0131 \u00dc. idaresindeki 07 BLF 901 plakal\u0131 otomobile arkadan \u00e7arpt\u0131. Kazay\u0131 g\u00f6ren \u00e7evredeki vatanda\u015flar ara\u00e7ta bulunanlar\u0131n yard\u0131m\u0131na ko\u015ftu. <\/p>\n<p>  Kaymakam hastaneye kald\u0131r\u0131ld\u0131<br \/>\n  Vatanda\u015flar\u0131n durumu 112 Acil \u00c7a\u011fr\u0131 Merkezi\u2019ne bildirmesinin ard\u0131ndan olay yerine polis ve sa\u011fl\u0131k ekipleri sevk edildi. Kaza nedeniyle sars\u0131nt\u0131 ge\u00e7iren Muratpa\u015fa Kaymakam\u0131 \u0130hsan Kara, olay yerindeki ilk m\u00fcdahalesinin ard\u0131ndan kontrol amac\u0131yla Antalya E\u011fitim ve Ara\u015ft\u0131rma Hastanesi\u2019ne kald\u0131r\u0131ld\u0131. Kazaya kar\u0131\u015fan di\u011fer ara\u00e7larda bulunan s\u00fcr\u00fcc\u00fc ve yolcular\u0131n sa\u011fl\u0131k durumlar\u0131n\u0131n iyi oldu\u011fu \u00f6\u011frenilirken, polis ekiplerinin kaza yerindeki incelemesinin ard\u0131ndan makam arac\u0131 \u00e7ekici yard\u0131m\u0131yla bulundu\u011fu yerden kald\u0131r\u0131ld\u0131. V\u00fccudunun \u00e7e\u015fitli yerlerinde a\u011fr\u0131lar\u0131 oldu\u011fu \u00f6\u011frenilen Kara, yap\u0131lan tahlil ve tetkiklerin ard\u0131ndan taburcu edildi. <\/p>\n<p>1.11.2025                                   <\/p>\n","protected":false},"excerpt":{"rendered":"<p>&#8211; Bir arac\u0131n \u00e7arpt\u0131\u011f\u0131 makam arac\u0131 savrulup \u00f6n\u00fcndeki araca \u00e7arpt\u0131 Antalya\u2019da Muratpa\u015fa Kaymakam\u0131 \u0130hsan Kara, makam arac\u0131yla ge\u00e7irdi\u011fi trafik kazas\u0131nda yaraland\u0131. Kaza, Tongu\u00e7 Caddesi ile \u015earampol Caddesi kesi\u015fiminde meydana geldi. Erkan S. idaresindeki 07 AIR 470 plakal\u0131 Peugeot marka hafif ticari ara\u00e7, Ahmet \u00c7.\u2019nin kulland\u0131\u011f\u0131 Muratpa\u015fa Kaymakam\u0131 \u0130hsan Kara\u2019n\u0131n da i\u00e7erisinde bulundu\u011fu 07 AA 119 [&hellip;]<\/p>\n","protected":false},"author":1,"featured_media":13620,"comment_status":"open","ping_status":"open","sticky":false,"template":"","format":"standard","meta":{"footnotes":""},"categories":[1],"tags":[70,72],"class_list":["post-13619","post","type-post","status-publish","format-standard","has-post-thumbnail","hentry","category-genel","tag-kaza","tag-trafik"],"yoast_head":"<!-- This site is optimized with the Yoast SEO plugin v27.4 - https:\/\/yoast.com\/product\/yoast-seo-wordpress\/ -->\n<title>Muratpa\u015fa Kaymakam\u0131 trafik kazas\u0131nda yaraland\u0131 - Memurun Sesi<\/title>\n<meta name=\"description\" content=\"Muratpa\u015fa Kaymakam\u0131 trafik kazas\u0131nda yaraland\u0131\" \/>\n<meta name=\"robots\" content=\"index, follow, max-snippet:-1, max-image-preview:large, max-video-preview:-1\" \/>\n<link rel=\"canonical\" href=\"https:\/\/memurunsesi.net\/index.php\/2025\/11\/01\/muratpasa-kaymakami-trafik-kazasinda-yaralandi\/\" \/>\n<meta property=\"og:locale\" content=\"tr_TR\" \/>\n<meta property=\"og:type\" content=\"article\" \/>\n<meta property=\"og:title\" content=\"Muratpa\u015fa Kaymakam\u0131 trafik kazas\u0131nda yaraland\u0131 - Memurun Sesi\" \/>\n<meta property=\"og:description\" content=\"Muratpa\u015fa Kaymakam\u0131 trafik kazas\u0131nda yaraland\u0131\" \/>\n<meta property=\"og:url\" content=\"https:\/\/memurunsesi.net\/index.php\/2025\/11\/01\/muratpasa-kaymakami-trafik-kazasinda-yaralandi\/\" \/>\n<meta property=\"og:site_name\" content=\"Memurun Sesi\" \/>\n<meta property=\"article:publisher\" content=\"https:\/\/www.facebook.com\/unipersen\/?locale=tr_TR\" \/>\n<meta property=\"article:published_time\" content=\"2025-11-01T20:48:40+00:00\" \/>\n<meta property=\"og:image\" content=\"https:\/\/memurunsesi.net\/wp-content\/uploads\/2025\/11\/fotograf-scaled.jpg\" \/>\n\t<meta property=\"og:image:width\" content=\"2560\" \/>\n\t<meta property=\"og:image:height\" content=\"1440\" \/>\n\t<meta property=\"og:image:type\" content=\"image\/jpeg\" \/>\n<meta name=\"author\" content=\"Memurun Sesi Haber Merkezi\" \/>\n<meta name=\"twitter:card\" content=\"summary_large_image\" \/>\n<meta name=\"twitter:creator\" content=\"@unipersen\" \/>\n<meta name=\"twitter:site\" content=\"@unipersen\" \/>\n<meta name=\"twitter:label1\" content=\"Yazan:\" \/>\n\t<meta name=\"twitter:data1\" content=\"Memurun Sesi Haber Merkezi\" \/>\n\t<meta name=\"twitter:label2\" content=\"Tahmini okuma s\u00fcresi\" \/>\n\t<meta name=\"twitter:data2\" content=\"1 dakika\" \/>\n<script type=\"application\/ld+json\" class=\"yoast-schema-graph\">{\"@context\":\"https:\\\/\\\/schema.org\",\"@graph\":[{\"@type\":\"Article\",\"@id\":\"https:\\\/\\\/memurunsesi.net\\\/index.php\\\/2025\\\/11\\\/01\\\/muratpasa-kaymakami-trafik-kazasinda-yaralandi\\\/#article\",\"isPartOf\":{\"@id\":\"https:\\\/\\\/memurunsesi.net\\\/index.php\\\/2025\\\/11\\\/01\\\/muratpasa-kaymakami-trafik-kazasinda-yaralandi\\\/\"},\"author\":{\"name\":\"Memurun Sesi Haber Merkezi\",\"@id\":\"https:\\\/\\\/memurunsesi.net\\\/#\\\/schema\\\/person\\\/f21c2d73b89f6ee1d80b0a1803e38587\"},\"headline\":\"Muratpa\u015fa Kaymakam\u0131 trafik kazas\u0131nda yaraland\u0131\",\"datePublished\":\"2025-11-01T20:48:40+00:00\",\"mainEntityOfPage\":{\"@id\":\"https:\\\/\\\/memurunsesi.net\\\/index.php\\\/2025\\\/11\\\/01\\\/muratpasa-kaymakami-trafik-kazasinda-yaralandi\\\/\"},\"wordCount\":241,\"commentCount\":0,\"publisher\":{\"@id\":\"https:\\\/\\\/memurunsesi.net\\\/#organization\"},\"image\":{\"@id\":\"https:\\\/\\\/memurunsesi.net\\\/index.php\\\/2025\\\/11\\\/01\\\/muratpasa-kaymakami-trafik-kazasinda-yaralandi\\\/#primaryimage\"},\"thumbnailUrl\":\"https:\\\/\\\/memurunsesi.net\\\/wp-content\\\/uploads\\\/2025\\\/11\\\/fotograf-scaled.jpg\",\"keywords\":[\"kaza\",\"trafik\"],\"inLanguage\":\"tr\",\"potentialAction\":[{\"@type\":\"CommentAction\",\"name\":\"Comment\",\"target\":[\"https:\\\/\\\/memurunsesi.net\\\/index.php\\\/2025\\\/11\\\/01\\\/muratpasa-kaymakami-trafik-kazasinda-yaralandi\\\/#respond\"]}]},{\"@type\":\"WebPage\",\"@id\":\"https:\\\/\\\/memurunsesi.net\\\/index.php\\\/2025\\\/11\\\/01\\\/muratpasa-kaymakami-trafik-kazasinda-yaralandi\\\/\",\"url\":\"https:\\\/\\\/memurunsesi.net\\\/index.php\\\/2025\\\/11\\\/01\\\/muratpasa-kaymakami-trafik-kazasinda-yaralandi\\\/\",\"name\":\"Muratpa\u015fa Kaymakam\u0131 trafik kazas\u0131nda yaraland\u0131 - Memurun Sesi\",\"isPartOf\":{\"@id\":\"https:\\\/\\\/memurunsesi.net\\\/#website\"},\"primaryImageOfPage\":{\"@id\":\"https:\\\/\\\/memurunsesi.net\\\/index.php\\\/2025\\\/11\\\/01\\\/muratpasa-kaymakami-trafik-kazasinda-yaralandi\\\/#primaryimage\"},\"image\":{\"@id\":\"https:\\\/\\\/memurunsesi.net\\\/index.php\\\/2025\\\/11\\\/01\\\/muratpasa-kaymakami-trafik-kazasinda-yaralandi\\\/#primaryimage\"},\"thumbnailUrl\":\"https:\\\/\\\/memurunsesi.net\\\/wp-content\\\/uploads\\\/2025\\\/11\\\/fotograf-scaled.jpg\",\"datePublished\":\"2025-11-01T20:48:40+00:00\",\"description\":\"Muratpa\u015fa Kaymakam\u0131 trafik kazas\u0131nda yaraland\u0131\",\"breadcrumb\":{\"@id\":\"https:\\\/\\\/memurunsesi.net\\\/index.php\\\/2025\\\/11\\\/01\\\/muratpasa-kaymakami-trafik-kazasinda-yaralandi\\\/#breadcrumb\"},\"inLanguage\":\"tr\",\"potentialAction\":[{\"@type\":\"ReadAction\",\"target\":[\"https:\\\/\\\/memurunsesi.net\\\/index.php\\\/2025\\\/11\\\/01\\\/muratpasa-kaymakami-trafik-kazasinda-yaralandi\\\/\"]}]},{\"@type\":\"ImageObject\",\"inLanguage\":\"tr\",\"@id\":\"https:\\\/\\\/memurunsesi.net\\\/index.php\\\/2025\\\/11\\\/01\\\/muratpasa-kaymakami-trafik-kazasinda-yaralandi\\\/#primaryimage\",\"url\":\"https:\\\/\\\/memurunsesi.net\\\/wp-content\\\/uploads\\\/2025\\\/11\\\/fotograf-scaled.jpg\",\"contentUrl\":\"https:\\\/\\\/memurunsesi.net\\\/wp-content\\\/uploads\\\/2025\\\/11\\\/fotograf-scaled.jpg\",\"width\":1920,\"height\":1080,\"caption\":\"ANTALYA'DA MURATPA\u015eA KAYMAKAMI \u0130HSAN KARA MAKAM ARACIYLA GE\u00c7\u0130RD\u0130\u011e\u0130 TRAF\u0130K KAZASINDA YARALANDI. (RAMAZAN BOZCA\\\/ANTALYA-\u0130HA) Antalya'da Muratpa\u015fa Kaymakam\u0131 \u0130hsan Kara, makam arac\u0131yla ge\u00e7irdi\u011fi trafik kazas\u0131nda yaraland\u0131.\"},{\"@type\":\"BreadcrumbList\",\"@id\":\"https:\\\/\\\/memurunsesi.net\\\/index.php\\\/2025\\\/11\\\/01\\\/muratpasa-kaymakami-trafik-kazasinda-yaralandi\\\/#breadcrumb\",\"itemListElement\":[{\"@type\":\"ListItem\",\"position\":1,\"name\":\"Anasayfa\",\"item\":\"https:\\\/\\\/memurunsesi.net\\\/\"},{\"@type\":\"ListItem\",\"position\":2,\"name\":\"Muratpa\u015fa Kaymakam\u0131 trafik kazas\u0131nda yaraland\u0131\"}]},{\"@type\":\"WebSite\",\"@id\":\"https:\\\/\\\/memurunsesi.net\\\/#website\",\"url\":\"https:\\\/\\\/memurunsesi.net\\\/\",\"name\":\"Memurun Sesi\",\"description\":\"G\u00fcncel ve Do\u011fru Haber\",\"publisher\":{\"@id\":\"https:\\\/\\\/memurunsesi.net\\\/#organization\"},\"potentialAction\":[{\"@type\":\"SearchAction\",\"target\":{\"@type\":\"EntryPoint\",\"urlTemplate\":\"https:\\\/\\\/memurunsesi.net\\\/?s={search_term_string}\"},\"query-input\":{\"@type\":\"PropertyValueSpecification\",\"valueRequired\":true,\"valueName\":\"search_term_string\"}}],\"inLanguage\":\"tr\"},{\"@type\":\"Organization\",\"@id\":\"https:\\\/\\\/memurunsesi.net\\\/#organization\",\"name\":\"Memurun Sesi\",\"url\":\"https:\\\/\\\/memurunsesi.net\\\/\",\"logo\":{\"@type\":\"ImageObject\",\"inLanguage\":\"tr\",\"@id\":\"https:\\\/\\\/memurunsesi.net\\\/#\\\/schema\\\/logo\\\/image\\\/\",\"url\":\"https:\\\/\\\/memurunsesi.net\\\/wp-content\\\/uploads\\\/2025\\\/11\\\/cropped-MEMURUN-SESI.png\",\"contentUrl\":\"https:\\\/\\\/memurunsesi.net\\\/wp-content\\\/uploads\\\/2025\\\/11\\\/cropped-MEMURUN-SESI.png\",\"width\":238,\"height\":57,\"caption\":\"Memurun Sesi\"},\"image\":{\"@id\":\"https:\\\/\\\/memurunsesi.net\\\/#\\\/schema\\\/logo\\\/image\\\/\"},\"sameAs\":[\"https:\\\/\\\/www.facebook.com\\\/unipersen\\\/?locale=tr_TR\",\"https:\\\/\\\/x.com\\\/unipersen\"]},{\"@type\":\"Person\",\"@id\":\"https:\\\/\\\/memurunsesi.net\\\/#\\\/schema\\\/person\\\/f21c2d73b89f6ee1d80b0a1803e38587\",\"name\":\"Memurun Sesi Haber Merkezi\",\"image\":{\"@type\":\"ImageObject\",\"inLanguage\":\"tr\",\"@id\":\"https:\\\/\\\/secure.gravatar.com\\\/avatar\\\/6cf0505f452ee753f485014986fab09a434671d2b919ee76fc541025c5876a70?s=96&d=mm&r=g\",\"url\":\"https:\\\/\\\/secure.gravatar.com\\\/avatar\\\/6cf0505f452ee753f485014986fab09a434671d2b919ee76fc541025c5876a70?s=96&d=mm&r=g\",\"contentUrl\":\"https:\\\/\\\/secure.gravatar.com\\\/avatar\\\/6cf0505f452ee753f485014986fab09a434671d2b919ee76fc541025c5876a70?s=96&d=mm&r=g\",\"caption\":\"Memurun Sesi Haber Merkezi\"},\"sameAs\":[\"https:\\\/\\\/memurunsesi.net\"],\"url\":\"https:\\\/\\\/memurunsesi.net\\\/index.php\\\/author\\\/uniper\\\/\"}]}<\/script>\n<!-- \/ Yoast SEO plugin. -->","yoast_head_json":{"title":"Muratpa\u015fa Kaymakam\u0131 trafik kazas\u0131nda yaraland\u0131 - Memurun Sesi","description":"Muratpa\u015fa Kaymakam\u0131 trafik kazas\u0131nda yaraland\u0131","robots":{"index":"index","follow":"follow","max-snippet":"max-snippet:-1","max-image-preview":"max-image-preview:large","max-video-preview":"max-video-preview:-1"},"canonical":"https:\/\/memurunsesi.net\/index.php\/2025\/11\/01\/muratpasa-kaymakami-trafik-kazasinda-yaralandi\/","og_locale":"tr_TR","og_type":"article","og_title":"Muratpa\u015fa Kaymakam\u0131 trafik kazas\u0131nda yaraland\u0131 - Memurun Sesi","og_description":"Muratpa\u015fa Kaymakam\u0131 trafik kazas\u0131nda yaraland\u0131","og_url":"https:\/\/memurunsesi.net\/index.php\/2025\/11\/01\/muratpasa-kaymakami-trafik-kazasinda-yaralandi\/","og_site_name":"Memurun Sesi","article_publisher":"https:\/\/www.facebook.com\/unipersen\/?locale=tr_TR","article_published_time":"2025-11-01T20:48:40+00:00","og_image":[{"width":2560,"height":1440,"url":"https:\/\/memurunsesi.net\/wp-content\/uploads\/2025\/11\/fotograf-scaled.jpg","type":"image\/jpeg"}],"author":"Memurun Sesi Haber Merkezi","twitter_card":"summary_large_image","twitter_creator":"@unipersen","twitter_site":"@unipersen","twitter_misc":{"Yazan:":"Memurun Sesi Haber Merkezi","Tahmini okuma s\u00fcresi":"1 dakika"},"schema":{"@context":"https:\/\/schema.org","@graph":[{"@type":"Article","@id":"https:\/\/memurunsesi.net\/index.php\/2025\/11\/01\/muratpasa-kaymakami-trafik-kazasinda-yaralandi\/#article","isPartOf":{"@id":"https:\/\/memurunsesi.net\/index.php\/2025\/11\/01\/muratpasa-kaymakami-trafik-kazasinda-yaralandi\/"},"author":{"name":"Memurun Sesi Haber Merkezi","@id":"https:\/\/memurunsesi.net\/#\/schema\/person\/f21c2d73b89f6ee1d80b0a1803e38587"},"headline":"Muratpa\u015fa Kaymakam\u0131 trafik kazas\u0131nda yaraland\u0131","datePublished":"2025-11-01T20:48:40+00:00","mainEntityOfPage":{"@id":"https:\/\/memurunsesi.net\/index.php\/2025\/11\/01\/muratpasa-kaymakami-trafik-kazasinda-yaralandi\/"},"wordCount":241,"commentCount":0,"publisher":{"@id":"https:\/\/memurunsesi.net\/#organization"},"image":{"@id":"https:\/\/memurunsesi.net\/index.php\/2025\/11\/01\/muratpasa-kaymakami-trafik-kazasinda-yaralandi\/#primaryimage"},"thumbnailUrl":"https:\/\/memurunsesi.net\/wp-content\/uploads\/2025\/11\/fotograf-scaled.jpg","keywords":["kaza","trafik"],"inLanguage":"tr","potentialAction":[{"@type":"CommentAction","name":"Comment","target":["https:\/\/memurunsesi.net\/index.php\/2025\/11\/01\/muratpasa-kaymakami-trafik-kazasinda-yaralandi\/#respond"]}]},{"@type":"WebPage","@id":"https:\/\/memurunsesi.net\/index.php\/2025\/11\/01\/muratpasa-kaymakami-trafik-kazasinda-yaralandi\/","url":"https:\/\/memurunsesi.net\/index.php\/2025\/11\/01\/muratpasa-kaymakami-trafik-kazasinda-yaralandi\/","name":"Muratpa\u015fa Kaymakam\u0131 trafik kazas\u0131nda yaraland\u0131 - Memurun Sesi","isPartOf":{"@id":"https:\/\/memurunsesi.net\/#website"},"primaryImageOfPage":{"@id":"https:\/\/memurunsesi.net\/index.php\/2025\/11\/01\/muratpasa-kaymakami-trafik-kazasinda-yaralandi\/#primaryimage"},"image":{"@id":"https:\/\/memurunsesi.net\/index.php\/2025\/11\/01\/muratpasa-kaymakami-trafik-kazasinda-yaralandi\/#primaryimage"},"thumbnailUrl":"https:\/\/memurunsesi.net\/wp-content\/uploads\/2025\/11\/fotograf-scaled.jpg","datePublished":"2025-11-01T20:48:40+00:00","description":"Muratpa\u015fa Kaymakam\u0131 trafik kazas\u0131nda yaraland\u0131","breadcrumb":{"@id":"https:\/\/memurunsesi.net\/index.php\/2025\/11\/01\/muratpasa-kaymakami-trafik-kazasinda-yaralandi\/#breadcrumb"},"inLanguage":"tr","potentialAction":[{"@type":"ReadAction","target":["https:\/\/memurunsesi.net\/index.php\/2025\/11\/01\/muratpasa-kaymakami-trafik-kazasinda-yaralandi\/"]}]},{"@type":"ImageObject","inLanguage":"tr","@id":"https:\/\/memurunsesi.net\/index.php\/2025\/11\/01\/muratpasa-kaymakami-trafik-kazasinda-yaralandi\/#primaryimage","url":"https:\/\/memurunsesi.net\/wp-content\/uploads\/2025\/11\/fotograf-scaled.jpg","contentUrl":"https:\/\/memurunsesi.net\/wp-content\/uploads\/2025\/11\/fotograf-scaled.jpg","width":1920,"height":1080,"caption":"ANTALYA'DA MURATPA\u015eA KAYMAKAMI \u0130HSAN KARA MAKAM ARACIYLA GE\u00c7\u0130RD\u0130\u011e\u0130 TRAF\u0130K KAZASINDA YARALANDI. (RAMAZAN BOZCA\/ANTALYA-\u0130HA) Antalya'da Muratpa\u015fa Kaymakam\u0131 \u0130hsan Kara, makam arac\u0131yla ge\u00e7irdi\u011fi trafik kazas\u0131nda yaraland\u0131."},{"@type":"BreadcrumbList","@id":"https:\/\/memurunsesi.net\/index.php\/2025\/11\/01\/muratpasa-kaymakami-trafik-kazasinda-yaralandi\/#breadcrumb","itemListElement":[{"@type":"ListItem","position":1,"name":"Anasayfa","item":"https:\/\/memurunsesi.net\/"},{"@type":"ListItem","position":2,"name":"Muratpa\u015fa Kaymakam\u0131 trafik kazas\u0131nda yaraland\u0131"}]},{"@type":"WebSite","@id":"https:\/\/memurunsesi.net\/#website","url":"https:\/\/memurunsesi.net\/","name":"Memurun Sesi","description":"G\u00fcncel ve Do\u011fru Haber","publisher":{"@id":"https:\/\/memurunsesi.net\/#organization"},"potentialAction":[{"@type":"SearchAction","target":{"@type":"EntryPoint","urlTemplate":"https:\/\/memurunsesi.net\/?s={search_term_string}"},"query-input":{"@type":"PropertyValueSpecification","valueRequired":true,"valueName":"search_term_string"}}],"inLanguage":"tr"},{"@type":"Organization","@id":"https:\/\/memurunsesi.net\/#organization","name":"Memurun Sesi","url":"https:\/\/memurunsesi.net\/","logo":{"@type":"ImageObject","inLanguage":"tr","@id":"https:\/\/memurunsesi.net\/#\/schema\/logo\/image\/","url":"https:\/\/memurunsesi.net\/wp-content\/uploads\/2025\/11\/cropped-MEMURUN-SESI.png","contentUrl":"https:\/\/memurunsesi.net\/wp-content\/uploads\/2025\/11\/cropped-MEMURUN-SESI.png","width":238,"height":57,"caption":"Memurun Sesi"},"image":{"@id":"https:\/\/memurunsesi.net\/#\/schema\/logo\/image\/"},"sameAs":["https:\/\/www.facebook.com\/unipersen\/?locale=tr_TR","https:\/\/x.com\/unipersen"]},{"@type":"Person","@id":"https:\/\/memurunsesi.net\/#\/schema\/person\/f21c2d73b89f6ee1d80b0a1803e38587","name":"Memurun Sesi Haber Merkezi","image":{"@type":"ImageObject","inLanguage":"tr","@id":"https:\/\/secure.gravatar.com\/avatar\/6cf0505f452ee753f485014986fab09a434671d2b919ee76fc541025c5876a70?s=96&d=mm&r=g","url":"https:\/\/secure.gravatar.com\/avatar\/6cf0505f452ee753f485014986fab09a434671d2b919ee76fc541025c5876a70?s=96&d=mm&r=g","contentUrl":"https:\/\/secure.gravatar.com\/avatar\/6cf0505f452ee753f485014986fab09a434671d2b919ee76fc541025c5876a70?s=96&d=mm&r=g","caption":"Memurun Sesi Haber Merkezi"},"sameAs":["https:\/\/memurunsesi.net"],"url":"https:\/\/memurunsesi.net\/index.php\/author\/uniper\/"}]}},"_links":{"self":[{"href":"https:\/\/memurunsesi.net\/index.php\/wp-json\/wp\/v2\/posts\/13619","targetHints":{"allow":["GET"]}}],"collection":[{"href":"https:\/\/memurunsesi.net\/index.php\/wp-json\/wp\/v2\/posts"}],"about":[{"href":"https:\/\/memurunsesi.net\/index.php\/wp-json\/wp\/v2\/types\/post"}],"author":[{"embeddable":true,"href":"https:\/\/memurunsesi.net\/index.php\/wp-json\/wp\/v2\/users\/1"}],"replies":[{"embeddable":true,"href":"https:\/\/memurunsesi.net\/index.php\/wp-json\/wp\/v2\/comments?post=13619"}],"version-history":[{"count":1,"href":"https:\/\/memurunsesi.net\/index.php\/wp-json\/wp\/v2\/posts\/13619\/revisions"}],"predecessor-version":[{"id":13621,"href":"https:\/\/memurunsesi.net\/index.php\/wp-json\/wp\/v2\/posts\/13619\/revisions\/13621"}],"wp:featuredmedia":[{"embeddable":true,"href":"https:\/\/memurunsesi.net\/index.php\/wp-json\/wp\/v2\/media\/13620"}],"wp:attachment":[{"href":"https:\/\/memurunsesi.net\/index.php\/wp-json\/wp\/v2\/media?parent=13619"}],"wp:term":[{"taxonomy":"category","embeddable":true,"href":"https:\/\/memurunsesi.net\/index.php\/wp-json\/wp\/v2\/categories?post=13619"},{"taxonomy":"post_tag","embeddable":true,"href":"https:\/\/memurunsesi.net\/index.php\/wp-json\/wp\/v2\/tags?post=13619"}],"curies":[{"name":"wp","href":"https:\/\/api.w.org\/{rel}","templated":true}]}}