{"id":13683,"date":"2025-11-02T19:38:32","date_gmt":"2025-11-02T16:38:32","guid":{"rendered":"https:\/\/memurunsesi.net\/?p=13683"},"modified":"2025-11-02T19:38:32","modified_gmt":"2025-11-02T16:38:32","slug":"ordu-universitesi-rektorlugunden","status":"publish","type":"post","link":"https:\/\/memurunsesi.net\/index.php\/2025\/11\/02\/ordu-universitesi-rektorlugunden\/","title":{"rendered":"Ordu \u00dcniversitesi Rekt\u00f6rl\u00fc\u011f\u00fcnden"},"content":{"rendered":"<p>   \u00dcniversitemize, 2547 say\u0131l\u0131 Kanun ve \u201c\u00d6\u011fretim \u00dcyesi D\u0131\u015f\u0131ndaki \u00d6\u011fretim Eleman\u0131 Kadrolar\u0131na Yap\u0131lacak Atamalarda Uygulanacak Merkezi S\u0131nav ile Giri\u015f S\u0131navlar\u0131na \u0130li\u015fkin Usul ve Esaslar Hakk\u0131nda Y\u00f6netmelik\u201d h\u00fck\u00fcmlerine g\u00f6re \u00f6\u011fretim eleman\u0131 al\u0131nacakt\u0131r.<br \/>\nGENEL VE \u00d6ZEL \u015eARTLAR:<br \/>\n-657 say\u0131l\u0131 Devlet Memurlar\u0131 Kanunu\u2019nun 48 inci maddesinde belirtilen \u015fartlar\u0131 ta\u015f\u0131mak,<br \/>\n-ALES\u2019ten en az 70, Y\u00fcksek\u00f6\u011fretim Kurulu taraf\u0131ndan kabul edilen merkezi yabanc\u0131 dil s\u0131nav\u0131ndan en az 50 puan veya e\u015fde\u011ferli\u011fi kabul edilen bir s\u0131navdan bu puan muadili bir puan alm\u0131\u015f olmak gerekir. Merkezi s\u0131nav muafiyetinden yararlanmay\u0131 talep edenlerin \u00f6n de\u011ferlendirme ve nihai de\u011ferlendirme a\u015famalar\u0131nda ALES puan\u0131 70 olarak kabul edilir.<br \/>\n-\u00d6n de\u011ferlendirme ve nihai de\u011ferlendirme a\u015famalar\u0131nda lisans mezuniyeti notunun hesaplanmas\u0131nda kullan\u0131lacak 4\u2019l\u00fck ve 5\u2019lik not sistemlerinin 100\u2019l\u00fck not sistemine e\u015fde\u011ferli\u011fi Y\u00fcksek\u00f6\u011fretim Kurulu karar\u0131yla belirlenir.<br \/>\n-Adaylarda, yabanc\u0131 dille e\u011fitim ve \u00f6\u011fretim yap\u0131lan programlardaki \u00f6\u011fretim g\u00f6revlisi kadrolar\u0131na yap\u0131lacak atamalarda atama yap\u0131lacak program\u0131n e\u011fitim dilinde; bilim alan\u0131 yabanc\u0131 dille ilgili kadrolara yap\u0131lacak \u00f6\u011fretim g\u00f6revlisi atamalar\u0131 ile 4\/11\/1981 tarihli ve 2547 say\u0131l\u0131 Y\u00fcksek\u00f6\u011fretim Kanununun 5 inci maddesinin birinci f\u0131kras\u0131n\u0131n (\u0131) bendi uyar\u0131nca zorunlu yabanc\u0131 dil dersini vermek \u00fczere \u00f6\u011fretim g\u00f6revlisi kadrolar\u0131na yap\u0131lacak atamalarda ilgili<br \/>\ndilde; y\u00fcksek\u00f6\u011fretim kurumlar\u0131n\u0131n uluslararas\u0131 ili\u015fkiler ile yabanc\u0131 dille ilgili uygulamal\u0131 birimlerinde istihdam edilecek \u00f6\u011fretim g\u00f6revlisi atamalar\u0131nda, en az bir dilde Y\u00fcksek\u00f6\u011fretim Kurulu taraf\u0131ndan kabul edilen merkezi yabanc\u0131 dil s\u0131nav\u0131ndan en az 85 puan veya e\u015fde\u011ferli\u011fi kabul edilen bir s\u0131navdan bu puan muadili bir puana sahip olma \u015fart\u0131 aran\u0131r.<br \/>\n-\u00d6\u011fretim g\u00f6revlisi kadrosuna ba\u015fvuracak adaylarda en az tezli y\u00fcksek lisans derecesine sahip olmak veya lisans ve y\u00fcksek lisans derecesini birlikte veren programlardan mezun olmak \u015fart\u0131 aran\u0131r.<br \/>\n-Meslek y\u00fcksekokullar\u0131n\u0131n Y\u00fcksek\u00f6\u011fretim Kurulu taraf\u0131ndan belirlenen uzmanl\u0131k alanlar\u0131ndaki \u00f6\u011fretim g\u00f6revlisi kadrolar\u0131na ba\u015fvuracak adaylarda en az tezli y\u00fcksek lisans derecesine sahip olmak ya da lisans mezunu olup belgelendirmek kayd\u0131yla alan\u0131nda en az iki y\u0131l tecr\u00fcbe sahibi olmak \u015fart\u0131 aran\u0131r.<br \/>\n-Meslek y\u00fcksekokullar\u0131n\u0131n, \u00f6\u011fretim g\u00f6revlisi kadrolar\u0131na yap\u0131lacak ba\u015fvurularda yabanc\u0131 dil \u015fart\u0131 aranmaz.<br \/>\n-Devlet y\u00fcksek\u00f6\u011fretim kurumlar\u0131n\u0131n ara\u015ft\u0131rma g\u00f6revlisi kadrolar\u0131na ba\u015fvurularda tezli y\u00fcksek lisans, doktora veya sanatta yeterlik e\u011fitimi \u00f6\u011frencisi olmak \u015fart\u0131 aran\u0131r.<br \/>\n-Ara\u015ft\u0131rma g\u00f6revlisi kadrosuna ba\u015fvurabilmek i\u00e7in s\u0131nav\u0131n yap\u0131ld\u0131\u011f\u0131 y\u0131l\u0131n ocak ay\u0131n\u0131n birinci g\u00fcn\u00fc itibar\u0131yla otuz be\u015f ya\u015f\u0131n\u0131 doldurmam\u0131\u015f olmak gerekir.<br \/>\n-Ara\u015ft\u0131rma G\u00f6revlisi kadrolar\u0131na atamalar 2547 say\u0131l\u0131 Kanunun 50\/d maddesi uyar\u0131nca yap\u0131lacakt\u0131r.<br \/>\nMUAF\u0130YET:<br \/>\n-Doktora veya t\u0131pta, di\u015f hekimli\u011finde, eczac\u0131l\u0131kta ve veteriner hekimlikte uzmanl\u0131k ya da sanatta yeterlik e\u011fitimini tamamlam\u0131\u015f olanlarda, meslek y\u00fcksekokullar\u0131n\u0131n Y\u00fcksek\u00f6\u011fretim Kurulu taraf\u0131ndan belirlenen uzmanl\u0131k alanlar\u0131na atanacak olanlarda, y\u00fcksek\u00f6\u011fretim kurumlar\u0131nda \u00f6\u011fretim eleman\u0131 kadrolar\u0131nda \u00e7al\u0131\u015fm\u0131\u015f veya \u00e7al\u0131\u015fmakta olanlarda merkezi s\u0131nav \u015fart\u0131 aranmaz.<br \/>\n-Meslek y\u00fcksekokullar\u0131n\u0131n, bu Y\u00f6netmeli\u011fin 6 nc\u0131 maddesinin d\u00f6rd\u00fcnc\u00fc f\u0131kras\u0131 kapsam\u0131ndaki \u00f6\u011fretim g\u00f6revlisi kadrolar\u0131 haricindeki \u00f6\u011fretim<br \/>\neleman\u0131 kadrolar\u0131na yap\u0131lacak ba\u015fvurularda yabanc\u0131 dil \u015fart\u0131 aranmaz.<br \/>\nBA\u015eVURUDA \u0130STEN\u0130LEN BELGELER:<br \/>\n-Ba\u015fvuru formu (\u00dcniversitemizin http:\/\/www.odu.edu.tr adresinden temin edilebilir)<br \/>\n-\u00d6zge\u00e7mi\u015f<br \/>\n-ALES belgesi (Sonu\u00e7 Belgesi Kontrol Kodu olan internet \u00e7\u0131kt\u0131s\u0131 )<br \/>\n-Yabanc\u0131 Dil S\u0131nav Sonu\u00e7 belgesi (Meslek Y\u00fcksekokullar\u0131na ba\u015fvurularda yabanc\u0131 dil \u015fart\u0131 aranmaz)<br \/>\n-Diploma belgeleri (Ba\u015fvuruda belgenin noter veya bir kamu kurumundan onayl\u0131 sureti veya karekodlu e-Devlet \u00e7\u0131kt\u0131s\u0131)<br \/>\n-Lisans Mezuniyet Transkripti (Ba\u015fvuruda belgenin noter onayl\u0131 veya bir kamu kurumundan onayl\u0131 sureti veya karekodlu e-Devlet \u00e7\u0131kt\u0131s\u0131)<br \/>\n-N\u00fcfus c\u00fczdan fotokopisi<br \/>\n-Askerlik belgesi (Asl\u0131 veya karekodlu e-Devlet \u00e7\u0131kt\u0131s\u0131)<br \/>\n-\u0130ki adet vesikal\u0131k foto\u011fraf<br \/>\n-Adli sicil kayd\u0131 (Asl\u0131 veya karekodlu e-Devlet \u00e7\u0131kt\u0131s\u0131)<br \/>\n-\u0130lan \u00f6zel \u015fart\u0131na ba\u011fl\u0131 olarak tecr\u00fcbe belgesi (\u00c7al\u0131\u015f\u0131lan i\u015fyerinden al\u0131nan, \u00e7al\u0131\u015f\u0131lan alan\u0131 ve tarihleri g\u00f6sterir belgeye Sosyal G\u00fcvenlik Kurumlar\u0131ndan<br \/>\nal\u0131nacak belgenin de eklenmesi gerekmektedir.)<br \/>\n-\u0130lan \u00f6zel \u015fart\u0131na ba\u011fl\u0131 olarak Y\u00fcksek Lisans veya Doktora yapt\u0131\u011f\u0131na ili\u015fkin \u00f6\u011frenci belgesi (e-Devletten al\u0131nan karekodlu \u00f6\u011frenci belgeleri<br \/>\nde\u011ferlendirme a\u015famas\u0131nda kabul edilir. e-Devlet harici \u00f6\u011frenci belgelerinin mutlaka asl\u0131 veya \u0131slak imzal\u0131\/m\u00fch\u00fcrl\u00fc onayl\u0131 olmal\u0131d\u0131r.)<\/p>\n<p>A\u00c7IKLAMALAR: Adaylar yukar\u0131da istenen belgeler ile ilgili birime \u015fahsen veya posta yoluyla ba\u015fvurmalar\u0131 gerekmektedir. (Postadaki<br \/>\ngecikmelerden kurumumuz sorumlu de\u011fildir.) (Herhangi bir kamu kurumunda \u00e7al\u0131\u015fanlar\u0131n (daha \u00f6nce \u00e7al\u0131\u015f\u0131p ayr\u0131lsalar dahi), \u00e7al\u0131\u015ft\u0131klar\u0131 kurumlar\u0131ndan<br \/>\nalacaklar\u0131 onayl\u0131 \u201cHizmet Belgesini\u201d veya e-Devletten karekodlu Hitap Hizmet D\u00f6k\u00fcm\u00fcn\u00fc dosyalar\u0131na eklemeleri gerekmektedir.) Yurtd\u0131\u015f\u0131ndan al\u0131nan<br \/>\ndiplomalar\u0131n Y\u00fcksek\u00f6\u011fretim Kurulu Ba\u015fkanl\u0131\u011f\u0131nca denkli\u011finin onaylanm\u0131\u015f olmas\u0131 gerekmektedir. Adaylar birden \u00e7ok programa ba\u015fvuramazlar. Birden<br \/>\nfazlas\u0131na m\u00fcracaat eden adaylar\u0131n t\u00fcm ba\u015fvurular\u0131 ge\u00e7ersiz say\u0131lacakt\u0131r. Eksik ve imzas\u0131z-onays\u0131z belgelerle yap\u0131lacak ba\u015fvurular ile s\u00fcresi i\u00e7inde<br \/>\nyap\u0131lmayanlar de\u011ferlendirmeye al\u0131nmayacakt\u0131r. \u00dcniversite web sayfas\u0131ndan yap\u0131lan t\u00fcm duyurular tebligat mahiyetindedir. Ki\u015filere ayr\u0131ca yaz\u0131l\u0131 tebligat<br \/>\nyap\u0131lmaz. \u0130dare uygun g\u00f6rd\u00fc\u011f\u00fc takdirde ilan\u0131n her a\u015famas\u0131 iptal edilebilir.<br \/>\nM\u00dcRACAAT YER\u0130: Adaylar\u0131n ilgili birimlere; \u015eAHSEN veya POSTA yoluyla ba\u015fvurmalar\u0131 gerekmektedir. (Postadaki gecikmelerden<br \/>\nkurumumuz sorumlu de\u011fildir.)<\/p>\n<p>\u0130lan No\tBirimi\tB\u00f6l\u00fcm\tAnabilim Dal\u0131\/ Anasanat Dal\u0131\t\u00dcnvan\tAdet\tDerece\tALES<br \/>\nPuan T\u00fcr\u00fc\t\u00d6zel \u015eartlar<br \/>\n2025093\t\u00dcnye \u0130ktisadi ve \u0130dari<br \/>\nBilimler Fak\u00fcltesi\t\u0130\u015fletme\tTicaret Hukuku\tAr\u015f. G\u00f6r.\t1\t4\tEA\tHukuk Fak\u00fcltesi mezunu olmak. \u00d6zel Hukuk alan\u0131nda tezli y\u00fcksek lisans yapm\u0131\u015f olmak. \u00d6zel Hukuk alan\u0131nda doktora<br \/>\nyap\u0131yor olmak.<\/p>\n<p>BA\u015eVURU VE SINAV TAKV\u0130M\u0130<\/p>\n<p>BA\u015eVURU VE SINAV TAKV\u0130M\u0130<br \/>\nBA\u015eVURU BA\u015eLANGI\u00c7 TAR\u0130H\u0130\t30\/10\/2025<br \/>\nSON BA\u015eVURU TAR\u0130H\u0130\t13\/11\/2025<br \/>\n\u00d6N DE\u011eERLEND\u0130RME SONU\u00c7LARININ \u0130LAN TAR\u0130H\u0130\t20\/11\/2025<br \/>\nG\u0130R\u0130\u015e SINAVI TAR\u0130H\u0130\t24\/11\/2025<br \/>\nG\u0130R\u0130\u015e SINAVI SONU\u00c7LARININ<br \/>\nA\u00c7IKLANACA\u011eI TAR\u0130H\t28\/11\/2025\t<\/p>\n<p>Sonu\u00e7lar\u0131n \u0130lan Edilece\u011fi \u0130nternet Adresi: http:\/\/www.odu.edu.tr<\/p>\n","protected":false},"excerpt":{"rendered":"<p>\u00dcniversitemize, 2547 say\u0131l\u0131 Kanun ve \u201c\u00d6\u011fretim \u00dcyesi D\u0131\u015f\u0131ndaki \u00d6\u011fretim Eleman\u0131 Kadrolar\u0131na Yap\u0131lacak Atamalarda Uygulanacak Merkezi S\u0131nav ile Giri\u015f S\u0131navlar\u0131na \u0130li\u015fkin Usul ve Esaslar Hakk\u0131nda Y\u00f6netmelik\u201d h\u00fck\u00fcmlerine g\u00f6re \u00f6\u011fretim eleman\u0131 al\u0131nacakt\u0131r. GENEL VE \u00d6ZEL \u015eARTLAR: -657 say\u0131l\u0131 Devlet Memurlar\u0131 Kanunu\u2019nun 48 inci maddesinde belirtilen \u015fartlar\u0131 ta\u015f\u0131mak, -ALES\u2019ten en az 70, Y\u00fcksek\u00f6\u011fretim Kurulu taraf\u0131ndan kabul edilen merkezi [&hellip;]<\/p>\n","protected":false},"author":1,"featured_media":13684,"comment_status":"open","ping_status":"open","sticky":false,"template":"","format":"standard","meta":{"footnotes":""},"categories":[55],"tags":[114],"class_list":["post-13683","post","type-post","status-publish","format-standard","has-post-thumbnail","hentry","category-is-ilanlari","tag-is-ilani"],"yoast_head":"<!-- This site is optimized with the Yoast SEO plugin v27.4 - https:\/\/yoast.com\/product\/yoast-seo-wordpress\/ -->\n<title>Ordu \u00dcniversitesi Rekt\u00f6rl\u00fc\u011f\u00fcnden - Memurun Sesi<\/title>\n<meta name=\"description\" content=\"Ordu \u00dcniversitesi Rekt\u00f6rl\u00fc\u011f\u00fcnden:\" \/>\n<meta name=\"robots\" content=\"index, follow, max-snippet:-1, max-image-preview:large, max-video-preview:-1\" \/>\n<link rel=\"canonical\" href=\"https:\/\/memurunsesi.net\/index.php\/2025\/11\/02\/ordu-universitesi-rektorlugunden\/\" \/>\n<meta property=\"og:locale\" content=\"tr_TR\" \/>\n<meta property=\"og:type\" content=\"article\" \/>\n<meta property=\"og:title\" content=\"Ordu \u00dcniversitesi Rekt\u00f6rl\u00fc\u011f\u00fcnden - Memurun Sesi\" \/>\n<meta property=\"og:description\" content=\"Ordu \u00dcniversitesi Rekt\u00f6rl\u00fc\u011f\u00fcnden:\" \/>\n<meta property=\"og:url\" content=\"https:\/\/memurunsesi.net\/index.php\/2025\/11\/02\/ordu-universitesi-rektorlugunden\/\" \/>\n<meta property=\"og:site_name\" content=\"Memurun Sesi\" \/>\n<meta property=\"article:publisher\" content=\"https:\/\/www.facebook.com\/unipersen\/?locale=tr_TR\" \/>\n<meta property=\"article:published_time\" content=\"2025-11-02T16:38:32+00:00\" \/>\n<meta property=\"og:image\" content=\"https:\/\/memurunsesi.net\/wp-content\/uploads\/2025\/11\/c92-1.webp\" \/>\n\t<meta property=\"og:image:width\" content=\"203\" \/>\n\t<meta property=\"og:image:height\" content=\"203\" \/>\n\t<meta property=\"og:image:type\" content=\"image\/webp\" \/>\n<meta name=\"author\" content=\"Memurun Sesi Haber Merkezi\" \/>\n<meta name=\"twitter:card\" content=\"summary_large_image\" \/>\n<meta name=\"twitter:creator\" content=\"@unipersen\" \/>\n<meta name=\"twitter:site\" content=\"@unipersen\" \/>\n<meta name=\"twitter:label1\" content=\"Yazan:\" \/>\n\t<meta name=\"twitter:data1\" content=\"Memurun Sesi Haber Merkezi\" \/>\n\t<meta name=\"twitter:label2\" content=\"Tahmini okuma s\u00fcresi\" \/>\n\t<meta name=\"twitter:data2\" content=\"1 dakika\" \/>\n<script type=\"application\/ld+json\" class=\"yoast-schema-graph\">{\"@context\":\"https:\\\/\\\/schema.org\",\"@graph\":[{\"@type\":\"Article\",\"@id\":\"https:\\\/\\\/memurunsesi.net\\\/index.php\\\/2025\\\/11\\\/02\\\/ordu-universitesi-rektorlugunden\\\/#article\",\"isPartOf\":{\"@id\":\"https:\\\/\\\/memurunsesi.net\\\/index.php\\\/2025\\\/11\\\/02\\\/ordu-universitesi-rektorlugunden\\\/\"},\"author\":{\"name\":\"Memurun Sesi Haber Merkezi\",\"@id\":\"https:\\\/\\\/memurunsesi.net\\\/#\\\/schema\\\/person\\\/f21c2d73b89f6ee1d80b0a1803e38587\"},\"headline\":\"Ordu \u00dcniversitesi Rekt\u00f6rl\u00fc\u011f\u00fcnden\",\"datePublished\":\"2025-11-02T16:38:32+00:00\",\"mainEntityOfPage\":{\"@id\":\"https:\\\/\\\/memurunsesi.net\\\/index.php\\\/2025\\\/11\\\/02\\\/ordu-universitesi-rektorlugunden\\\/\"},\"wordCount\":1073,\"commentCount\":0,\"publisher\":{\"@id\":\"https:\\\/\\\/memurunsesi.net\\\/#organization\"},\"image\":{\"@id\":\"https:\\\/\\\/memurunsesi.net\\\/index.php\\\/2025\\\/11\\\/02\\\/ordu-universitesi-rektorlugunden\\\/#primaryimage\"},\"thumbnailUrl\":\"https:\\\/\\\/memurunsesi.net\\\/wp-content\\\/uploads\\\/2025\\\/11\\\/c92-1.webp\",\"keywords\":[\"i\u015f ilan\u0131\"],\"articleSection\":[\"\u0130\u015f \u0130lanlar\u0131\"],\"inLanguage\":\"tr\",\"potentialAction\":[{\"@type\":\"CommentAction\",\"name\":\"Comment\",\"target\":[\"https:\\\/\\\/memurunsesi.net\\\/index.php\\\/2025\\\/11\\\/02\\\/ordu-universitesi-rektorlugunden\\\/#respond\"]}]},{\"@type\":\"WebPage\",\"@id\":\"https:\\\/\\\/memurunsesi.net\\\/index.php\\\/2025\\\/11\\\/02\\\/ordu-universitesi-rektorlugunden\\\/\",\"url\":\"https:\\\/\\\/memurunsesi.net\\\/index.php\\\/2025\\\/11\\\/02\\\/ordu-universitesi-rektorlugunden\\\/\",\"name\":\"Ordu \u00dcniversitesi Rekt\u00f6rl\u00fc\u011f\u00fcnden - Memurun Sesi\",\"isPartOf\":{\"@id\":\"https:\\\/\\\/memurunsesi.net\\\/#website\"},\"primaryImageOfPage\":{\"@id\":\"https:\\\/\\\/memurunsesi.net\\\/index.php\\\/2025\\\/11\\\/02\\\/ordu-universitesi-rektorlugunden\\\/#primaryimage\"},\"image\":{\"@id\":\"https:\\\/\\\/memurunsesi.net\\\/index.php\\\/2025\\\/11\\\/02\\\/ordu-universitesi-rektorlugunden\\\/#primaryimage\"},\"thumbnailUrl\":\"https:\\\/\\\/memurunsesi.net\\\/wp-content\\\/uploads\\\/2025\\\/11\\\/c92-1.webp\",\"datePublished\":\"2025-11-02T16:38:32+00:00\",\"description\":\"Ordu \u00dcniversitesi Rekt\u00f6rl\u00fc\u011f\u00fcnden:\",\"breadcrumb\":{\"@id\":\"https:\\\/\\\/memurunsesi.net\\\/index.php\\\/2025\\\/11\\\/02\\\/ordu-universitesi-rektorlugunden\\\/#breadcrumb\"},\"inLanguage\":\"tr\",\"potentialAction\":[{\"@type\":\"ReadAction\",\"target\":[\"https:\\\/\\\/memurunsesi.net\\\/index.php\\\/2025\\\/11\\\/02\\\/ordu-universitesi-rektorlugunden\\\/\"]}]},{\"@type\":\"ImageObject\",\"inLanguage\":\"tr\",\"@id\":\"https:\\\/\\\/memurunsesi.net\\\/index.php\\\/2025\\\/11\\\/02\\\/ordu-universitesi-rektorlugunden\\\/#primaryimage\",\"url\":\"https:\\\/\\\/memurunsesi.net\\\/wp-content\\\/uploads\\\/2025\\\/11\\\/c92-1.webp\",\"contentUrl\":\"https:\\\/\\\/memurunsesi.net\\\/wp-content\\\/uploads\\\/2025\\\/11\\\/c92-1.webp\",\"width\":203,\"height\":203},{\"@type\":\"BreadcrumbList\",\"@id\":\"https:\\\/\\\/memurunsesi.net\\\/index.php\\\/2025\\\/11\\\/02\\\/ordu-universitesi-rektorlugunden\\\/#breadcrumb\",\"itemListElement\":[{\"@type\":\"ListItem\",\"position\":1,\"name\":\"Anasayfa\",\"item\":\"https:\\\/\\\/memurunsesi.net\\\/\"},{\"@type\":\"ListItem\",\"position\":2,\"name\":\"Ordu \u00dcniversitesi Rekt\u00f6rl\u00fc\u011f\u00fcnden\"}]},{\"@type\":\"WebSite\",\"@id\":\"https:\\\/\\\/memurunsesi.net\\\/#website\",\"url\":\"https:\\\/\\\/memurunsesi.net\\\/\",\"name\":\"Memurun Sesi\",\"description\":\"G\u00fcncel ve Do\u011fru Haber\",\"publisher\":{\"@id\":\"https:\\\/\\\/memurunsesi.net\\\/#organization\"},\"potentialAction\":[{\"@type\":\"SearchAction\",\"target\":{\"@type\":\"EntryPoint\",\"urlTemplate\":\"https:\\\/\\\/memurunsesi.net\\\/?s={search_term_string}\"},\"query-input\":{\"@type\":\"PropertyValueSpecification\",\"valueRequired\":true,\"valueName\":\"search_term_string\"}}],\"inLanguage\":\"tr\"},{\"@type\":\"Organization\",\"@id\":\"https:\\\/\\\/memurunsesi.net\\\/#organization\",\"name\":\"Memurun Sesi\",\"url\":\"https:\\\/\\\/memurunsesi.net\\\/\",\"logo\":{\"@type\":\"ImageObject\",\"inLanguage\":\"tr\",\"@id\":\"https:\\\/\\\/memurunsesi.net\\\/#\\\/schema\\\/logo\\\/image\\\/\",\"url\":\"https:\\\/\\\/memurunsesi.net\\\/wp-content\\\/uploads\\\/2025\\\/11\\\/cropped-MEMURUN-SESI.png\",\"contentUrl\":\"https:\\\/\\\/memurunsesi.net\\\/wp-content\\\/uploads\\\/2025\\\/11\\\/cropped-MEMURUN-SESI.png\",\"width\":238,\"height\":57,\"caption\":\"Memurun Sesi\"},\"image\":{\"@id\":\"https:\\\/\\\/memurunsesi.net\\\/#\\\/schema\\\/logo\\\/image\\\/\"},\"sameAs\":[\"https:\\\/\\\/www.facebook.com\\\/unipersen\\\/?locale=tr_TR\",\"https:\\\/\\\/x.com\\\/unipersen\"]},{\"@type\":\"Person\",\"@id\":\"https:\\\/\\\/memurunsesi.net\\\/#\\\/schema\\\/person\\\/f21c2d73b89f6ee1d80b0a1803e38587\",\"name\":\"Memurun Sesi Haber Merkezi\",\"image\":{\"@type\":\"ImageObject\",\"inLanguage\":\"tr\",\"@id\":\"https:\\\/\\\/secure.gravatar.com\\\/avatar\\\/6cf0505f452ee753f485014986fab09a434671d2b919ee76fc541025c5876a70?s=96&d=mm&r=g\",\"url\":\"https:\\\/\\\/secure.gravatar.com\\\/avatar\\\/6cf0505f452ee753f485014986fab09a434671d2b919ee76fc541025c5876a70?s=96&d=mm&r=g\",\"contentUrl\":\"https:\\\/\\\/secure.gravatar.com\\\/avatar\\\/6cf0505f452ee753f485014986fab09a434671d2b919ee76fc541025c5876a70?s=96&d=mm&r=g\",\"caption\":\"Memurun Sesi Haber Merkezi\"},\"sameAs\":[\"https:\\\/\\\/memurunsesi.net\"],\"url\":\"https:\\\/\\\/memurunsesi.net\\\/index.php\\\/author\\\/uniper\\\/\"}]}<\/script>\n<!-- \/ Yoast SEO plugin. -->","yoast_head_json":{"title":"Ordu \u00dcniversitesi Rekt\u00f6rl\u00fc\u011f\u00fcnden - Memurun Sesi","description":"Ordu \u00dcniversitesi Rekt\u00f6rl\u00fc\u011f\u00fcnden:","robots":{"index":"index","follow":"follow","max-snippet":"max-snippet:-1","max-image-preview":"max-image-preview:large","max-video-preview":"max-video-preview:-1"},"canonical":"https:\/\/memurunsesi.net\/index.php\/2025\/11\/02\/ordu-universitesi-rektorlugunden\/","og_locale":"tr_TR","og_type":"article","og_title":"Ordu \u00dcniversitesi Rekt\u00f6rl\u00fc\u011f\u00fcnden - Memurun Sesi","og_description":"Ordu \u00dcniversitesi Rekt\u00f6rl\u00fc\u011f\u00fcnden:","og_url":"https:\/\/memurunsesi.net\/index.php\/2025\/11\/02\/ordu-universitesi-rektorlugunden\/","og_site_name":"Memurun Sesi","article_publisher":"https:\/\/www.facebook.com\/unipersen\/?locale=tr_TR","article_published_time":"2025-11-02T16:38:32+00:00","og_image":[{"width":203,"height":203,"url":"https:\/\/memurunsesi.net\/wp-content\/uploads\/2025\/11\/c92-1.webp","type":"image\/webp"}],"author":"Memurun Sesi Haber Merkezi","twitter_card":"summary_large_image","twitter_creator":"@unipersen","twitter_site":"@unipersen","twitter_misc":{"Yazan:":"Memurun Sesi Haber Merkezi","Tahmini okuma s\u00fcresi":"1 dakika"},"schema":{"@context":"https:\/\/schema.org","@graph":[{"@type":"Article","@id":"https:\/\/memurunsesi.net\/index.php\/2025\/11\/02\/ordu-universitesi-rektorlugunden\/#article","isPartOf":{"@id":"https:\/\/memurunsesi.net\/index.php\/2025\/11\/02\/ordu-universitesi-rektorlugunden\/"},"author":{"name":"Memurun Sesi Haber Merkezi","@id":"https:\/\/memurunsesi.net\/#\/schema\/person\/f21c2d73b89f6ee1d80b0a1803e38587"},"headline":"Ordu \u00dcniversitesi Rekt\u00f6rl\u00fc\u011f\u00fcnden","datePublished":"2025-11-02T16:38:32+00:00","mainEntityOfPage":{"@id":"https:\/\/memurunsesi.net\/index.php\/2025\/11\/02\/ordu-universitesi-rektorlugunden\/"},"wordCount":1073,"commentCount":0,"publisher":{"@id":"https:\/\/memurunsesi.net\/#organization"},"image":{"@id":"https:\/\/memurunsesi.net\/index.php\/2025\/11\/02\/ordu-universitesi-rektorlugunden\/#primaryimage"},"thumbnailUrl":"https:\/\/memurunsesi.net\/wp-content\/uploads\/2025\/11\/c92-1.webp","keywords":["i\u015f ilan\u0131"],"articleSection":["\u0130\u015f \u0130lanlar\u0131"],"inLanguage":"tr","potentialAction":[{"@type":"CommentAction","name":"Comment","target":["https:\/\/memurunsesi.net\/index.php\/2025\/11\/02\/ordu-universitesi-rektorlugunden\/#respond"]}]},{"@type":"WebPage","@id":"https:\/\/memurunsesi.net\/index.php\/2025\/11\/02\/ordu-universitesi-rektorlugunden\/","url":"https:\/\/memurunsesi.net\/index.php\/2025\/11\/02\/ordu-universitesi-rektorlugunden\/","name":"Ordu \u00dcniversitesi Rekt\u00f6rl\u00fc\u011f\u00fcnden - Memurun Sesi","isPartOf":{"@id":"https:\/\/memurunsesi.net\/#website"},"primaryImageOfPage":{"@id":"https:\/\/memurunsesi.net\/index.php\/2025\/11\/02\/ordu-universitesi-rektorlugunden\/#primaryimage"},"image":{"@id":"https:\/\/memurunsesi.net\/index.php\/2025\/11\/02\/ordu-universitesi-rektorlugunden\/#primaryimage"},"thumbnailUrl":"https:\/\/memurunsesi.net\/wp-content\/uploads\/2025\/11\/c92-1.webp","datePublished":"2025-11-02T16:38:32+00:00","description":"Ordu \u00dcniversitesi Rekt\u00f6rl\u00fc\u011f\u00fcnden:","breadcrumb":{"@id":"https:\/\/memurunsesi.net\/index.php\/2025\/11\/02\/ordu-universitesi-rektorlugunden\/#breadcrumb"},"inLanguage":"tr","potentialAction":[{"@type":"ReadAction","target":["https:\/\/memurunsesi.net\/index.php\/2025\/11\/02\/ordu-universitesi-rektorlugunden\/"]}]},{"@type":"ImageObject","inLanguage":"tr","@id":"https:\/\/memurunsesi.net\/index.php\/2025\/11\/02\/ordu-universitesi-rektorlugunden\/#primaryimage","url":"https:\/\/memurunsesi.net\/wp-content\/uploads\/2025\/11\/c92-1.webp","contentUrl":"https:\/\/memurunsesi.net\/wp-content\/uploads\/2025\/11\/c92-1.webp","width":203,"height":203},{"@type":"BreadcrumbList","@id":"https:\/\/memurunsesi.net\/index.php\/2025\/11\/02\/ordu-universitesi-rektorlugunden\/#breadcrumb","itemListElement":[{"@type":"ListItem","position":1,"name":"Anasayfa","item":"https:\/\/memurunsesi.net\/"},{"@type":"ListItem","position":2,"name":"Ordu \u00dcniversitesi Rekt\u00f6rl\u00fc\u011f\u00fcnden"}]},{"@type":"WebSite","@id":"https:\/\/memurunsesi.net\/#website","url":"https:\/\/memurunsesi.net\/","name":"Memurun Sesi","description":"G\u00fcncel ve Do\u011fru Haber","publisher":{"@id":"https:\/\/memurunsesi.net\/#organization"},"potentialAction":[{"@type":"SearchAction","target":{"@type":"EntryPoint","urlTemplate":"https:\/\/memurunsesi.net\/?s={search_term_string}"},"query-input":{"@type":"PropertyValueSpecification","valueRequired":true,"valueName":"search_term_string"}}],"inLanguage":"tr"},{"@type":"Organization","@id":"https:\/\/memurunsesi.net\/#organization","name":"Memurun Sesi","url":"https:\/\/memurunsesi.net\/","logo":{"@type":"ImageObject","inLanguage":"tr","@id":"https:\/\/memurunsesi.net\/#\/schema\/logo\/image\/","url":"https:\/\/memurunsesi.net\/wp-content\/uploads\/2025\/11\/cropped-MEMURUN-SESI.png","contentUrl":"https:\/\/memurunsesi.net\/wp-content\/uploads\/2025\/11\/cropped-MEMURUN-SESI.png","width":238,"height":57,"caption":"Memurun Sesi"},"image":{"@id":"https:\/\/memurunsesi.net\/#\/schema\/logo\/image\/"},"sameAs":["https:\/\/www.facebook.com\/unipersen\/?locale=tr_TR","https:\/\/x.com\/unipersen"]},{"@type":"Person","@id":"https:\/\/memurunsesi.net\/#\/schema\/person\/f21c2d73b89f6ee1d80b0a1803e38587","name":"Memurun Sesi Haber Merkezi","image":{"@type":"ImageObject","inLanguage":"tr","@id":"https:\/\/secure.gravatar.com\/avatar\/6cf0505f452ee753f485014986fab09a434671d2b919ee76fc541025c5876a70?s=96&d=mm&r=g","url":"https:\/\/secure.gravatar.com\/avatar\/6cf0505f452ee753f485014986fab09a434671d2b919ee76fc541025c5876a70?s=96&d=mm&r=g","contentUrl":"https:\/\/secure.gravatar.com\/avatar\/6cf0505f452ee753f485014986fab09a434671d2b919ee76fc541025c5876a70?s=96&d=mm&r=g","caption":"Memurun Sesi Haber Merkezi"},"sameAs":["https:\/\/memurunsesi.net"],"url":"https:\/\/memurunsesi.net\/index.php\/author\/uniper\/"}]}},"_links":{"self":[{"href":"https:\/\/memurunsesi.net\/index.php\/wp-json\/wp\/v2\/posts\/13683","targetHints":{"allow":["GET"]}}],"collection":[{"href":"https:\/\/memurunsesi.net\/index.php\/wp-json\/wp\/v2\/posts"}],"about":[{"href":"https:\/\/memurunsesi.net\/index.php\/wp-json\/wp\/v2\/types\/post"}],"author":[{"embeddable":true,"href":"https:\/\/memurunsesi.net\/index.php\/wp-json\/wp\/v2\/users\/1"}],"replies":[{"embeddable":true,"href":"https:\/\/memurunsesi.net\/index.php\/wp-json\/wp\/v2\/comments?post=13683"}],"version-history":[{"count":1,"href":"https:\/\/memurunsesi.net\/index.php\/wp-json\/wp\/v2\/posts\/13683\/revisions"}],"predecessor-version":[{"id":13685,"href":"https:\/\/memurunsesi.net\/index.php\/wp-json\/wp\/v2\/posts\/13683\/revisions\/13685"}],"wp:featuredmedia":[{"embeddable":true,"href":"https:\/\/memurunsesi.net\/index.php\/wp-json\/wp\/v2\/media\/13684"}],"wp:attachment":[{"href":"https:\/\/memurunsesi.net\/index.php\/wp-json\/wp\/v2\/media?parent=13683"}],"wp:term":[{"taxonomy":"category","embeddable":true,"href":"https:\/\/memurunsesi.net\/index.php\/wp-json\/wp\/v2\/categories?post=13683"},{"taxonomy":"post_tag","embeddable":true,"href":"https:\/\/memurunsesi.net\/index.php\/wp-json\/wp\/v2\/tags?post=13683"}],"curies":[{"name":"wp","href":"https:\/\/api.w.org\/{rel}","templated":true}]}}