{"id":13686,"date":"2025-11-02T19:40:01","date_gmt":"2025-11-02T16:40:01","guid":{"rendered":"https:\/\/memurunsesi.net\/?p=13686"},"modified":"2025-11-02T19:40:01","modified_gmt":"2025-11-02T16:40:01","slug":"ankara-sosyal-bilimler-universitesi-rektorlugunden-2","status":"publish","type":"post","link":"https:\/\/memurunsesi.net\/index.php\/2025\/11\/02\/ankara-sosyal-bilimler-universitesi-rektorlugunden-2\/","title":{"rendered":"Ankara Sosyal Bilimler \u00dcniversitesi Rekt\u00f6rl\u00fc\u011f\u00fcnden"},"content":{"rendered":"<p>   \u00dcniversitemizin a\u015fa\u011f\u0131da belirtilen Birimlerine, 10 say\u0131l\u0131 Resmi Gazete Hakk\u0131nda Cumhurba\u015fkanl\u0131\u011f\u0131 Kararnamesi\u2019nin 5 inci maddesinin ikinci f\u0131kras\u0131, Genel Kadro ve Usul\u00fc Hakk\u0131nda 2 say\u0131l\u0131 Cumhurba\u015fkanl\u0131\u011f\u0131 Kararnamesi, 2547 Say\u0131l\u0131 Kanun\u2019un ilgili maddeleri ile \u201c\u00d6\u011fretim \u00dcyesi D\u0131\u015f\u0131ndaki \u00d6\u011fretim Eleman\u0131 Kadrolar\u0131na Yap\u0131lacak Atamalarda Uygulanacak Merkezi S\u0131nav ile Giri\u015f S\u0131navlar\u0131na \u0130li\u015fkin Usul ve Esaslar Hakk\u0131nda Y\u00f6netmelik\u2019in ilgili maddelerine g\u00f6re Ara\u015ft\u0131rma G\u00f6revlisi al\u0131nacakt\u0131r.<br \/>\nBa\u015fvurular, ilan\u0131n Resm\u00ee Gazetede yay\u0131mland\u0131\u011f\u0131 tarihten itibaren 15 g\u00fcn i\u00e7erisinde elektronik ortamda Ankara Sosyal Bilimler \u00dcniversitesi https:\/\/basvuru.asbu.edu.tr adresi \u00fczerinden yap\u0131labilecek olup adaylar\u0131n kamu hizmetine girmede aranan genel \u015fartlara sahip olmas\u0131 ve ilan \u015fart\u0131n\u0131 ta\u015f\u0131malar\u0131 gerekmektedir.<br \/>\n\u015eahsen veya posta ile yap\u0131lan m\u00fcracaatlar kabul edilmeyecektir.<br \/>\nBa\u015fvuru i\u00e7in gerekli belgeler:<br \/>\n1. Dilek\u00e7e (Ba\u015fvuru dilek\u00e7elerinde ba\u015fvurulan kadronun ilan numaras\u0131, birimi, ana bilim dal\u0131, \u00fcnvan\u0131, derecesi ve aday\u0131n ikametg\u00e2h adresi, telefon numaras\u0131, e-mail adresi vs. a\u00e7\u0131k\u00e7a belirtilir.)<br \/>\n2. \u00d6zge\u00e7mi\u015f<br \/>\n3. Lisans diplomas\u0131 veya ge\u00e7ici mezuniyet belgesi (Onayl\u0131, yurtd\u0131\u015f\u0131ndan al\u0131nm\u0131\u015f ise denkli\u011finin Y\u00d6K\/\u00dcniversiteleraras\u0131 Kurul taraf\u0131ndan onayland\u0131\u011f\u0131n\u0131 g\u00f6sterir belge)<br \/>\n4. Lisans Transkripti (onayl\u0131 belge)<br \/>\n5. Y\u00fcksek Lisans \u00f6\u011frenci belgesi<br \/>\n6. ALES belgesi<br \/>\n7. Yabanc\u0131 dil belgesi<br \/>\n8. Foto\u011fraf (son alt\u0131 ay i\u00e7inde \u00e7ekilmi\u015f olmal\u0131)<br \/>\n9. N\u00fcfus c\u00fczdan\u0131 fotokopisi<br \/>\n10. Adli sicil kayd\u0131<br \/>\n11. Erkek adaylar i\u00e7in askerlik belgesi<br \/>\n12. Sosyal G\u00fcvenlik Kurumu (SGK) Hizmet Takip Program\u0131ndan (H\u0130TAP) al\u0131nan Hizmet Belgesi (Halen bir Kamu Kurumunda \u00e7al\u0131\u015fmakta olanlar ile ayr\u0131lm\u0131\u015f olanlar i\u00e7in)<br \/>\nNot: Ba\u015fvurularda e-devlet sistemi \u00fczerinden al\u0131nan karekodlu belgeler kabul edilmektedir.<br \/>\n\u00d6NEML\u0130 NOTLAR:<br \/>\n1. Adaylar\u0131n 657 say\u0131l\u0131 Kanunun 48\u2019inci maddesinin t\u00fcm \u015fartlar\u0131n\u0131 ta\u015f\u0131yor olmalar\u0131 gerekmektedir.<br \/>\n2. Adaylar\u0131n Devlet Mecburi Hizmet Y\u00fck\u00fcml\u00fcl\u00fc\u011f\u00fc bulunmamas\u0131 gerekmektedir.<br \/>\n3. Ba\u015fvurular https:\/\/basvuru.asbu.edu.tr adresi \u00fczerinden yap\u0131lacakt\u0131r. Sonu\u00e7lar\u0131n ba\u015fvuru yap\u0131lan birimin internet adresinden takip edilmesi gerekmektedir.<br \/>\n4. Onayl\u0131 istenilen belgelerin, Noterden veya Resmi Kurumlarca \u201cAsl\u0131 Gibidir\u201d yap\u0131larak onaylanmas\u0131 gerekmektedir.<br \/>\n5. Adaylar\u0131n tek bir kadro ilan\u0131na m\u00fcracaat etmeleri gerekmektedir. Birden fazla kadroya ba\u015fvuran adaylar\u0131n her iki ba\u015fvurusu da de\u011ferlendirmeye al\u0131nmayacakt\u0131r.<br \/>\n6. \u0130stenilen belgelerde ger\u00e7e\u011fe ayk\u0131r\u0131 beyanda bulundu\u011fu tespit edilenlerin s\u0131nav\u0131 ge\u00e7ersiz say\u0131lacak ve atamalar\u0131 yap\u0131lmayacakt\u0131r. Bunlar\u0131n atamalar\u0131 yap\u0131lm\u0131\u015f olsa dahi iptal edilir.<br \/>\n7. Adaylar\u0131n \u201c\u00d6\u011fretim \u00dcyesi D\u0131\u015f\u0131ndaki \u00d6\u011fretim Eleman\u0131 Kadrolar\u0131na Yap\u0131lacak Atamalarda Uygulanacak Merkezi S\u0131nav ile Giri\u015f S\u0131navlar\u0131na \u0130li\u015fkin Usul ve Esaslar Hakk\u0131nda Y\u00f6netmelik\u201dteki ba\u015fvurulan kadroya ait atanma ile ilgili \u015fartlar\u0131 sa\u011flamas\u0131 gerekmektedir.<br \/>\n8. Ara\u015ft\u0131rma G\u00f6revlisi kadrolar\u0131na 2547 say\u0131l\u0131 Kanun\u2019un 50\/d maddesi uyar\u0131nca atama yap\u0131lacakt\u0131r.<br \/>\n9. \u0130lan\u0131m\u0131za http:\/\/www.asbu.edu.tr adresinden ula\u015f\u0131labilir.<\/p>\n<p>SINAV TAKV\u0130M\u0130:<br \/>\nAdaylar\u0131n ilan\u0131n Resmi Gazetede yay\u0131mland\u0131\u011f\u0131 tarihten itibaren 15 (on be\u015f) g\u00fcn i\u00e7erisinde ba\u015fvuru yapmalar\u0131 gerekmektedir.<\/p>\n<p>Son Ba\u015fvuru Tarihi\t14.11.2025<br \/>\n\u00d6n De\u011ferlendirme Tarihi\t24.11.2025<br \/>\nS\u0131nav Giri\u015f Tarihi\t01.12.2025<br \/>\nSonu\u00e7 A\u00e7\u0131klama Tarihi\t08.12.2025<\/p>\n<p>\u0130LAN<br \/>\nNO\tB\u0130R\u0130M\u0130\tB\u00d6L\u00dcM\u00dc\tANA B\u0130L\u0130M<br \/>\nDALI\tADET\tDERECE\t\u00dcNVAN\tYABANCI D\u0130L PUANI\tALES PUANI VE PUAN T\u00dcR\u00dc\tA\u00c7IKLAMA\tSONU\u00c7LARIN A\u00c7IKLANACA\u011eI<br \/>\n\u0130NTERNET ADRES\u0130<br \/>\n2025- AG1\tHukuk<br \/>\nFak\u00fcltesi\t\u00d6zel Hukuk\tMedeni Hukuk\t1\t5\tAra\u015ft\u0131rma G\u00f6revlisi\t85\t80 (EA)\tHukuk Fak\u00fcltesi mezunu olmak. \u00d6zel Hukuk alan\u0131nda tezli y\u00fcksek lisans yap\u0131yor<br \/>\nolmak.\thttps:\/\/hf.asbu.edu.tr<br \/>\n2025- AG2\t\u0130lahiyat Fak\u00fcltesi\t\u0130slam Tarihi ve Sanatlar\u0131\tT\u00fcrk Din<br \/>\nMusikisi\t1\t5\tAra\u015ft\u0131rma G\u00f6revlisi\t65\t70<br \/>\n(S\u00d6Z)\t\u0130lahiyat Fak\u00fcltesi veya T\u00fcrk Din Musikisi lisans program\u0131ndan mezun olmak. \u0130slam Tarihi ve Sanatlar\u0131 veya T\u00fcrk Din Musikisi alan\u0131nda tezli y\u00fcksek lisans yap\u0131yor olmak.\thttps:\/\/if.asbu.edu.tr<br \/>\n2025- AG3\t\u0130lahiyat Fak\u00fcltesi\tTemel \u0130slam<br \/>\nBilimleri\tKelam\t1\t5\tAra\u015ft\u0131rma G\u00f6revlisi\t70\t70<br \/>\n(S\u00d6Z)\tKelam alan\u0131nda tezli y\u00fcksek lisans yap\u0131yor<br \/>\nolmak.\thttps:\/\/if.asbu.edu.tr<\/p>\n","protected":false},"excerpt":{"rendered":"<p>\u00dcniversitemizin a\u015fa\u011f\u0131da belirtilen Birimlerine, 10 say\u0131l\u0131 Resmi Gazete Hakk\u0131nda Cumhurba\u015fkanl\u0131\u011f\u0131 Kararnamesi\u2019nin 5 inci maddesinin ikinci f\u0131kras\u0131, Genel Kadro ve Usul\u00fc Hakk\u0131nda 2 say\u0131l\u0131 Cumhurba\u015fkanl\u0131\u011f\u0131 Kararnamesi, 2547 Say\u0131l\u0131 Kanun\u2019un ilgili maddeleri ile \u201c\u00d6\u011fretim \u00dcyesi D\u0131\u015f\u0131ndaki \u00d6\u011fretim Eleman\u0131 Kadrolar\u0131na Yap\u0131lacak Atamalarda Uygulanacak Merkezi S\u0131nav ile Giri\u015f S\u0131navlar\u0131na \u0130li\u015fkin Usul ve Esaslar Hakk\u0131nda Y\u00f6netmelik\u2019in ilgili maddelerine g\u00f6re Ara\u015ft\u0131rma [&hellip;]<\/p>\n","protected":false},"author":1,"featured_media":13687,"comment_status":"open","ping_status":"open","sticky":false,"template":"","format":"standard","meta":{"footnotes":""},"categories":[55],"tags":[114],"class_list":["post-13686","post","type-post","status-publish","format-standard","has-post-thumbnail","hentry","category-is-ilanlari","tag-is-ilani"],"yoast_head":"<!-- This site is optimized with the Yoast SEO plugin v27.4 - https:\/\/yoast.com\/product\/yoast-seo-wordpress\/ -->\n<title>Ankara Sosyal Bilimler \u00dcniversitesi Rekt\u00f6rl\u00fc\u011f\u00fcnden - Memurun Sesi<\/title>\n<meta name=\"robots\" content=\"index, follow, max-snippet:-1, max-image-preview:large, max-video-preview:-1\" \/>\n<link rel=\"canonical\" href=\"https:\/\/memurunsesi.net\/index.php\/2025\/11\/02\/ankara-sosyal-bilimler-universitesi-rektorlugunden-2\/\" \/>\n<meta property=\"og:locale\" content=\"tr_TR\" \/>\n<meta property=\"og:type\" content=\"article\" \/>\n<meta property=\"og:title\" content=\"Ankara Sosyal Bilimler \u00dcniversitesi Rekt\u00f6rl\u00fc\u011f\u00fcnden - Memurun Sesi\" \/>\n<meta property=\"og:description\" content=\"\u00dcniversitemizin a\u015fa\u011f\u0131da belirtilen Birimlerine, 10 say\u0131l\u0131 Resmi Gazete Hakk\u0131nda Cumhurba\u015fkanl\u0131\u011f\u0131 Kararnamesi\u2019nin 5 inci maddesinin ikinci f\u0131kras\u0131, Genel Kadro ve Usul\u00fc Hakk\u0131nda 2 say\u0131l\u0131 Cumhurba\u015fkanl\u0131\u011f\u0131 Kararnamesi, 2547 Say\u0131l\u0131 Kanun\u2019un ilgili maddeleri ile \u201c\u00d6\u011fretim \u00dcyesi D\u0131\u015f\u0131ndaki \u00d6\u011fretim Eleman\u0131 Kadrolar\u0131na Yap\u0131lacak Atamalarda Uygulanacak Merkezi S\u0131nav ile Giri\u015f S\u0131navlar\u0131na \u0130li\u015fkin Usul ve Esaslar Hakk\u0131nda Y\u00f6netmelik\u2019in ilgili maddelerine g\u00f6re Ara\u015ft\u0131rma [&hellip;]\" \/>\n<meta property=\"og:url\" content=\"https:\/\/memurunsesi.net\/index.php\/2025\/11\/02\/ankara-sosyal-bilimler-universitesi-rektorlugunden-2\/\" \/>\n<meta property=\"og:site_name\" content=\"Memurun Sesi\" \/>\n<meta property=\"article:publisher\" content=\"https:\/\/www.facebook.com\/unipersen\/?locale=tr_TR\" \/>\n<meta property=\"article:published_time\" content=\"2025-11-02T16:40:01+00:00\" \/>\n<meta property=\"og:image\" content=\"https:\/\/memurunsesi.net\/wp-content\/uploads\/2025\/11\/a4aac032.webp\" \/>\n\t<meta property=\"og:image:width\" content=\"124\" \/>\n\t<meta property=\"og:image:height\" content=\"124\" \/>\n\t<meta property=\"og:image:type\" content=\"image\/webp\" \/>\n<meta name=\"author\" content=\"Memurun Sesi Haber Merkezi\" \/>\n<meta name=\"twitter:card\" content=\"summary_large_image\" \/>\n<meta name=\"twitter:creator\" content=\"@unipersen\" \/>\n<meta name=\"twitter:site\" content=\"@unipersen\" \/>\n<meta name=\"twitter:label1\" content=\"Yazan:\" \/>\n\t<meta name=\"twitter:data1\" content=\"Memurun Sesi Haber Merkezi\" \/>\n\t<meta name=\"twitter:label2\" content=\"Tahmini okuma s\u00fcresi\" \/>\n\t<meta name=\"twitter:data2\" content=\"1 dakika\" \/>\n<script type=\"application\/ld+json\" class=\"yoast-schema-graph\">{\"@context\":\"https:\\\/\\\/schema.org\",\"@graph\":[{\"@type\":\"Article\",\"@id\":\"https:\\\/\\\/memurunsesi.net\\\/index.php\\\/2025\\\/11\\\/02\\\/ankara-sosyal-bilimler-universitesi-rektorlugunden-2\\\/#article\",\"isPartOf\":{\"@id\":\"https:\\\/\\\/memurunsesi.net\\\/index.php\\\/2025\\\/11\\\/02\\\/ankara-sosyal-bilimler-universitesi-rektorlugunden-2\\\/\"},\"author\":{\"name\":\"Memurun Sesi Haber Merkezi\",\"@id\":\"https:\\\/\\\/memurunsesi.net\\\/#\\\/schema\\\/person\\\/f21c2d73b89f6ee1d80b0a1803e38587\"},\"headline\":\"Ankara Sosyal Bilimler \u00dcniversitesi Rekt\u00f6rl\u00fc\u011f\u00fcnden\",\"datePublished\":\"2025-11-02T16:40:01+00:00\",\"mainEntityOfPage\":{\"@id\":\"https:\\\/\\\/memurunsesi.net\\\/index.php\\\/2025\\\/11\\\/02\\\/ankara-sosyal-bilimler-universitesi-rektorlugunden-2\\\/\"},\"wordCount\":684,\"commentCount\":0,\"publisher\":{\"@id\":\"https:\\\/\\\/memurunsesi.net\\\/#organization\"},\"image\":{\"@id\":\"https:\\\/\\\/memurunsesi.net\\\/index.php\\\/2025\\\/11\\\/02\\\/ankara-sosyal-bilimler-universitesi-rektorlugunden-2\\\/#primaryimage\"},\"thumbnailUrl\":\"https:\\\/\\\/memurunsesi.net\\\/wp-content\\\/uploads\\\/2025\\\/11\\\/a4aac032.webp\",\"keywords\":[\"i\u015f ilan\u0131\"],\"articleSection\":[\"\u0130\u015f \u0130lanlar\u0131\"],\"inLanguage\":\"tr\",\"potentialAction\":[{\"@type\":\"CommentAction\",\"name\":\"Comment\",\"target\":[\"https:\\\/\\\/memurunsesi.net\\\/index.php\\\/2025\\\/11\\\/02\\\/ankara-sosyal-bilimler-universitesi-rektorlugunden-2\\\/#respond\"]}]},{\"@type\":\"WebPage\",\"@id\":\"https:\\\/\\\/memurunsesi.net\\\/index.php\\\/2025\\\/11\\\/02\\\/ankara-sosyal-bilimler-universitesi-rektorlugunden-2\\\/\",\"url\":\"https:\\\/\\\/memurunsesi.net\\\/index.php\\\/2025\\\/11\\\/02\\\/ankara-sosyal-bilimler-universitesi-rektorlugunden-2\\\/\",\"name\":\"Ankara Sosyal Bilimler \u00dcniversitesi Rekt\u00f6rl\u00fc\u011f\u00fcnden - Memurun Sesi\",\"isPartOf\":{\"@id\":\"https:\\\/\\\/memurunsesi.net\\\/#website\"},\"primaryImageOfPage\":{\"@id\":\"https:\\\/\\\/memurunsesi.net\\\/index.php\\\/2025\\\/11\\\/02\\\/ankara-sosyal-bilimler-universitesi-rektorlugunden-2\\\/#primaryimage\"},\"image\":{\"@id\":\"https:\\\/\\\/memurunsesi.net\\\/index.php\\\/2025\\\/11\\\/02\\\/ankara-sosyal-bilimler-universitesi-rektorlugunden-2\\\/#primaryimage\"},\"thumbnailUrl\":\"https:\\\/\\\/memurunsesi.net\\\/wp-content\\\/uploads\\\/2025\\\/11\\\/a4aac032.webp\",\"datePublished\":\"2025-11-02T16:40:01+00:00\",\"breadcrumb\":{\"@id\":\"https:\\\/\\\/memurunsesi.net\\\/index.php\\\/2025\\\/11\\\/02\\\/ankara-sosyal-bilimler-universitesi-rektorlugunden-2\\\/#breadcrumb\"},\"inLanguage\":\"tr\",\"potentialAction\":[{\"@type\":\"ReadAction\",\"target\":[\"https:\\\/\\\/memurunsesi.net\\\/index.php\\\/2025\\\/11\\\/02\\\/ankara-sosyal-bilimler-universitesi-rektorlugunden-2\\\/\"]}]},{\"@type\":\"ImageObject\",\"inLanguage\":\"tr\",\"@id\":\"https:\\\/\\\/memurunsesi.net\\\/index.php\\\/2025\\\/11\\\/02\\\/ankara-sosyal-bilimler-universitesi-rektorlugunden-2\\\/#primaryimage\",\"url\":\"https:\\\/\\\/memurunsesi.net\\\/wp-content\\\/uploads\\\/2025\\\/11\\\/a4aac032.webp\",\"contentUrl\":\"https:\\\/\\\/memurunsesi.net\\\/wp-content\\\/uploads\\\/2025\\\/11\\\/a4aac032.webp\",\"width\":124,\"height\":124},{\"@type\":\"BreadcrumbList\",\"@id\":\"https:\\\/\\\/memurunsesi.net\\\/index.php\\\/2025\\\/11\\\/02\\\/ankara-sosyal-bilimler-universitesi-rektorlugunden-2\\\/#breadcrumb\",\"itemListElement\":[{\"@type\":\"ListItem\",\"position\":1,\"name\":\"Anasayfa\",\"item\":\"https:\\\/\\\/memurunsesi.net\\\/\"},{\"@type\":\"ListItem\",\"position\":2,\"name\":\"Ankara Sosyal Bilimler \u00dcniversitesi Rekt\u00f6rl\u00fc\u011f\u00fcnden\"}]},{\"@type\":\"WebSite\",\"@id\":\"https:\\\/\\\/memurunsesi.net\\\/#website\",\"url\":\"https:\\\/\\\/memurunsesi.net\\\/\",\"name\":\"Memurun Sesi\",\"description\":\"G\u00fcncel ve Do\u011fru Haber\",\"publisher\":{\"@id\":\"https:\\\/\\\/memurunsesi.net\\\/#organization\"},\"potentialAction\":[{\"@type\":\"SearchAction\",\"target\":{\"@type\":\"EntryPoint\",\"urlTemplate\":\"https:\\\/\\\/memurunsesi.net\\\/?s={search_term_string}\"},\"query-input\":{\"@type\":\"PropertyValueSpecification\",\"valueRequired\":true,\"valueName\":\"search_term_string\"}}],\"inLanguage\":\"tr\"},{\"@type\":\"Organization\",\"@id\":\"https:\\\/\\\/memurunsesi.net\\\/#organization\",\"name\":\"Memurun Sesi\",\"url\":\"https:\\\/\\\/memurunsesi.net\\\/\",\"logo\":{\"@type\":\"ImageObject\",\"inLanguage\":\"tr\",\"@id\":\"https:\\\/\\\/memurunsesi.net\\\/#\\\/schema\\\/logo\\\/image\\\/\",\"url\":\"https:\\\/\\\/memurunsesi.net\\\/wp-content\\\/uploads\\\/2025\\\/11\\\/cropped-MEMURUN-SESI.png\",\"contentUrl\":\"https:\\\/\\\/memurunsesi.net\\\/wp-content\\\/uploads\\\/2025\\\/11\\\/cropped-MEMURUN-SESI.png\",\"width\":238,\"height\":57,\"caption\":\"Memurun Sesi\"},\"image\":{\"@id\":\"https:\\\/\\\/memurunsesi.net\\\/#\\\/schema\\\/logo\\\/image\\\/\"},\"sameAs\":[\"https:\\\/\\\/www.facebook.com\\\/unipersen\\\/?locale=tr_TR\",\"https:\\\/\\\/x.com\\\/unipersen\"]},{\"@type\":\"Person\",\"@id\":\"https:\\\/\\\/memurunsesi.net\\\/#\\\/schema\\\/person\\\/f21c2d73b89f6ee1d80b0a1803e38587\",\"name\":\"Memurun Sesi Haber Merkezi\",\"image\":{\"@type\":\"ImageObject\",\"inLanguage\":\"tr\",\"@id\":\"https:\\\/\\\/secure.gravatar.com\\\/avatar\\\/6cf0505f452ee753f485014986fab09a434671d2b919ee76fc541025c5876a70?s=96&d=mm&r=g\",\"url\":\"https:\\\/\\\/secure.gravatar.com\\\/avatar\\\/6cf0505f452ee753f485014986fab09a434671d2b919ee76fc541025c5876a70?s=96&d=mm&r=g\",\"contentUrl\":\"https:\\\/\\\/secure.gravatar.com\\\/avatar\\\/6cf0505f452ee753f485014986fab09a434671d2b919ee76fc541025c5876a70?s=96&d=mm&r=g\",\"caption\":\"Memurun Sesi Haber Merkezi\"},\"sameAs\":[\"https:\\\/\\\/memurunsesi.net\"],\"url\":\"https:\\\/\\\/memurunsesi.net\\\/index.php\\\/author\\\/uniper\\\/\"}]}<\/script>\n<!-- \/ Yoast SEO plugin. -->","yoast_head_json":{"title":"Ankara Sosyal Bilimler \u00dcniversitesi Rekt\u00f6rl\u00fc\u011f\u00fcnden - Memurun Sesi","robots":{"index":"index","follow":"follow","max-snippet":"max-snippet:-1","max-image-preview":"max-image-preview:large","max-video-preview":"max-video-preview:-1"},"canonical":"https:\/\/memurunsesi.net\/index.php\/2025\/11\/02\/ankara-sosyal-bilimler-universitesi-rektorlugunden-2\/","og_locale":"tr_TR","og_type":"article","og_title":"Ankara Sosyal Bilimler \u00dcniversitesi Rekt\u00f6rl\u00fc\u011f\u00fcnden - Memurun Sesi","og_description":"\u00dcniversitemizin a\u015fa\u011f\u0131da belirtilen Birimlerine, 10 say\u0131l\u0131 Resmi Gazete Hakk\u0131nda Cumhurba\u015fkanl\u0131\u011f\u0131 Kararnamesi\u2019nin 5 inci maddesinin ikinci f\u0131kras\u0131, Genel Kadro ve Usul\u00fc Hakk\u0131nda 2 say\u0131l\u0131 Cumhurba\u015fkanl\u0131\u011f\u0131 Kararnamesi, 2547 Say\u0131l\u0131 Kanun\u2019un ilgili maddeleri ile \u201c\u00d6\u011fretim \u00dcyesi D\u0131\u015f\u0131ndaki \u00d6\u011fretim Eleman\u0131 Kadrolar\u0131na Yap\u0131lacak Atamalarda Uygulanacak Merkezi S\u0131nav ile Giri\u015f S\u0131navlar\u0131na \u0130li\u015fkin Usul ve Esaslar Hakk\u0131nda Y\u00f6netmelik\u2019in ilgili maddelerine g\u00f6re Ara\u015ft\u0131rma [&hellip;]","og_url":"https:\/\/memurunsesi.net\/index.php\/2025\/11\/02\/ankara-sosyal-bilimler-universitesi-rektorlugunden-2\/","og_site_name":"Memurun Sesi","article_publisher":"https:\/\/www.facebook.com\/unipersen\/?locale=tr_TR","article_published_time":"2025-11-02T16:40:01+00:00","og_image":[{"width":124,"height":124,"url":"https:\/\/memurunsesi.net\/wp-content\/uploads\/2025\/11\/a4aac032.webp","type":"image\/webp"}],"author":"Memurun Sesi Haber Merkezi","twitter_card":"summary_large_image","twitter_creator":"@unipersen","twitter_site":"@unipersen","twitter_misc":{"Yazan:":"Memurun Sesi Haber Merkezi","Tahmini okuma s\u00fcresi":"1 dakika"},"schema":{"@context":"https:\/\/schema.org","@graph":[{"@type":"Article","@id":"https:\/\/memurunsesi.net\/index.php\/2025\/11\/02\/ankara-sosyal-bilimler-universitesi-rektorlugunden-2\/#article","isPartOf":{"@id":"https:\/\/memurunsesi.net\/index.php\/2025\/11\/02\/ankara-sosyal-bilimler-universitesi-rektorlugunden-2\/"},"author":{"name":"Memurun Sesi Haber Merkezi","@id":"https:\/\/memurunsesi.net\/#\/schema\/person\/f21c2d73b89f6ee1d80b0a1803e38587"},"headline":"Ankara Sosyal Bilimler \u00dcniversitesi Rekt\u00f6rl\u00fc\u011f\u00fcnden","datePublished":"2025-11-02T16:40:01+00:00","mainEntityOfPage":{"@id":"https:\/\/memurunsesi.net\/index.php\/2025\/11\/02\/ankara-sosyal-bilimler-universitesi-rektorlugunden-2\/"},"wordCount":684,"commentCount":0,"publisher":{"@id":"https:\/\/memurunsesi.net\/#organization"},"image":{"@id":"https:\/\/memurunsesi.net\/index.php\/2025\/11\/02\/ankara-sosyal-bilimler-universitesi-rektorlugunden-2\/#primaryimage"},"thumbnailUrl":"https:\/\/memurunsesi.net\/wp-content\/uploads\/2025\/11\/a4aac032.webp","keywords":["i\u015f ilan\u0131"],"articleSection":["\u0130\u015f \u0130lanlar\u0131"],"inLanguage":"tr","potentialAction":[{"@type":"CommentAction","name":"Comment","target":["https:\/\/memurunsesi.net\/index.php\/2025\/11\/02\/ankara-sosyal-bilimler-universitesi-rektorlugunden-2\/#respond"]}]},{"@type":"WebPage","@id":"https:\/\/memurunsesi.net\/index.php\/2025\/11\/02\/ankara-sosyal-bilimler-universitesi-rektorlugunden-2\/","url":"https:\/\/memurunsesi.net\/index.php\/2025\/11\/02\/ankara-sosyal-bilimler-universitesi-rektorlugunden-2\/","name":"Ankara Sosyal Bilimler \u00dcniversitesi Rekt\u00f6rl\u00fc\u011f\u00fcnden - Memurun Sesi","isPartOf":{"@id":"https:\/\/memurunsesi.net\/#website"},"primaryImageOfPage":{"@id":"https:\/\/memurunsesi.net\/index.php\/2025\/11\/02\/ankara-sosyal-bilimler-universitesi-rektorlugunden-2\/#primaryimage"},"image":{"@id":"https:\/\/memurunsesi.net\/index.php\/2025\/11\/02\/ankara-sosyal-bilimler-universitesi-rektorlugunden-2\/#primaryimage"},"thumbnailUrl":"https:\/\/memurunsesi.net\/wp-content\/uploads\/2025\/11\/a4aac032.webp","datePublished":"2025-11-02T16:40:01+00:00","breadcrumb":{"@id":"https:\/\/memurunsesi.net\/index.php\/2025\/11\/02\/ankara-sosyal-bilimler-universitesi-rektorlugunden-2\/#breadcrumb"},"inLanguage":"tr","potentialAction":[{"@type":"ReadAction","target":["https:\/\/memurunsesi.net\/index.php\/2025\/11\/02\/ankara-sosyal-bilimler-universitesi-rektorlugunden-2\/"]}]},{"@type":"ImageObject","inLanguage":"tr","@id":"https:\/\/memurunsesi.net\/index.php\/2025\/11\/02\/ankara-sosyal-bilimler-universitesi-rektorlugunden-2\/#primaryimage","url":"https:\/\/memurunsesi.net\/wp-content\/uploads\/2025\/11\/a4aac032.webp","contentUrl":"https:\/\/memurunsesi.net\/wp-content\/uploads\/2025\/11\/a4aac032.webp","width":124,"height":124},{"@type":"BreadcrumbList","@id":"https:\/\/memurunsesi.net\/index.php\/2025\/11\/02\/ankara-sosyal-bilimler-universitesi-rektorlugunden-2\/#breadcrumb","itemListElement":[{"@type":"ListItem","position":1,"name":"Anasayfa","item":"https:\/\/memurunsesi.net\/"},{"@type":"ListItem","position":2,"name":"Ankara Sosyal Bilimler \u00dcniversitesi Rekt\u00f6rl\u00fc\u011f\u00fcnden"}]},{"@type":"WebSite","@id":"https:\/\/memurunsesi.net\/#website","url":"https:\/\/memurunsesi.net\/","name":"Memurun Sesi","description":"G\u00fcncel ve Do\u011fru Haber","publisher":{"@id":"https:\/\/memurunsesi.net\/#organization"},"potentialAction":[{"@type":"SearchAction","target":{"@type":"EntryPoint","urlTemplate":"https:\/\/memurunsesi.net\/?s={search_term_string}"},"query-input":{"@type":"PropertyValueSpecification","valueRequired":true,"valueName":"search_term_string"}}],"inLanguage":"tr"},{"@type":"Organization","@id":"https:\/\/memurunsesi.net\/#organization","name":"Memurun Sesi","url":"https:\/\/memurunsesi.net\/","logo":{"@type":"ImageObject","inLanguage":"tr","@id":"https:\/\/memurunsesi.net\/#\/schema\/logo\/image\/","url":"https:\/\/memurunsesi.net\/wp-content\/uploads\/2025\/11\/cropped-MEMURUN-SESI.png","contentUrl":"https:\/\/memurunsesi.net\/wp-content\/uploads\/2025\/11\/cropped-MEMURUN-SESI.png","width":238,"height":57,"caption":"Memurun Sesi"},"image":{"@id":"https:\/\/memurunsesi.net\/#\/schema\/logo\/image\/"},"sameAs":["https:\/\/www.facebook.com\/unipersen\/?locale=tr_TR","https:\/\/x.com\/unipersen"]},{"@type":"Person","@id":"https:\/\/memurunsesi.net\/#\/schema\/person\/f21c2d73b89f6ee1d80b0a1803e38587","name":"Memurun Sesi Haber Merkezi","image":{"@type":"ImageObject","inLanguage":"tr","@id":"https:\/\/secure.gravatar.com\/avatar\/6cf0505f452ee753f485014986fab09a434671d2b919ee76fc541025c5876a70?s=96&d=mm&r=g","url":"https:\/\/secure.gravatar.com\/avatar\/6cf0505f452ee753f485014986fab09a434671d2b919ee76fc541025c5876a70?s=96&d=mm&r=g","contentUrl":"https:\/\/secure.gravatar.com\/avatar\/6cf0505f452ee753f485014986fab09a434671d2b919ee76fc541025c5876a70?s=96&d=mm&r=g","caption":"Memurun Sesi Haber Merkezi"},"sameAs":["https:\/\/memurunsesi.net"],"url":"https:\/\/memurunsesi.net\/index.php\/author\/uniper\/"}]}},"_links":{"self":[{"href":"https:\/\/memurunsesi.net\/index.php\/wp-json\/wp\/v2\/posts\/13686","targetHints":{"allow":["GET"]}}],"collection":[{"href":"https:\/\/memurunsesi.net\/index.php\/wp-json\/wp\/v2\/posts"}],"about":[{"href":"https:\/\/memurunsesi.net\/index.php\/wp-json\/wp\/v2\/types\/post"}],"author":[{"embeddable":true,"href":"https:\/\/memurunsesi.net\/index.php\/wp-json\/wp\/v2\/users\/1"}],"replies":[{"embeddable":true,"href":"https:\/\/memurunsesi.net\/index.php\/wp-json\/wp\/v2\/comments?post=13686"}],"version-history":[{"count":1,"href":"https:\/\/memurunsesi.net\/index.php\/wp-json\/wp\/v2\/posts\/13686\/revisions"}],"predecessor-version":[{"id":13688,"href":"https:\/\/memurunsesi.net\/index.php\/wp-json\/wp\/v2\/posts\/13686\/revisions\/13688"}],"wp:featuredmedia":[{"embeddable":true,"href":"https:\/\/memurunsesi.net\/index.php\/wp-json\/wp\/v2\/media\/13687"}],"wp:attachment":[{"href":"https:\/\/memurunsesi.net\/index.php\/wp-json\/wp\/v2\/media?parent=13686"}],"wp:term":[{"taxonomy":"category","embeddable":true,"href":"https:\/\/memurunsesi.net\/index.php\/wp-json\/wp\/v2\/categories?post=13686"},{"taxonomy":"post_tag","embeddable":true,"href":"https:\/\/memurunsesi.net\/index.php\/wp-json\/wp\/v2\/tags?post=13686"}],"curies":[{"name":"wp","href":"https:\/\/api.w.org\/{rel}","templated":true}]}}