{"id":13689,"date":"2025-11-03T09:15:54","date_gmt":"2025-11-03T06:15:54","guid":{"rendered":"https:\/\/memurunsesi.net\/?p=13689"},"modified":"2025-11-03T09:15:54","modified_gmt":"2025-11-03T06:15:54","slug":"cocuklarda-halsizlik-istahsizlik-ve-morluklar-loseminin-ilk-sinyali-olabilir","status":"publish","type":"post","link":"https:\/\/memurunsesi.net\/index.php\/2025\/11\/03\/cocuklarda-halsizlik-istahsizlik-ve-morluklar-loseminin-ilk-sinyali-olabilir\/","title":{"rendered":"\u00c7ocuklarda halsizlik, i\u015ftahs\u0131zl\u0131k ve morluklar l\u00f6seminin ilk sinyali olabilir"},"content":{"rendered":"<p>  \u00c7ocuk Hematolojisi ve Onkolojisi Uzman\u0131 Dr. \u00d6mer Do\u011fru, \u00e7ocukluk \u00e7a\u011f\u0131 l\u00f6semisinde erken belirtilerin dikkatle g\u00f6zlenmesinin erken tan\u0131 ve ba\u015far\u0131l\u0131 tedavi i\u00e7in b\u00fcy\u00fck \u00f6nem ta\u015f\u0131d\u0131\u011f\u0131 konusunda ailelere uyar\u0131larda bulundu.<br \/>\n  Biruni \u00dcniversitesi T\u0131p Fak\u00fcltesi Hastanesi \u00c7ocuk Hematolojisi ve Onkolojisi Uzman\u0131 Dr. \u00d6mer Do\u011fru, 2-8 Kas\u0131m L\u00f6semili \u00c7ocuklar Haftas\u0131 dolay\u0131s\u0131yla a\u00e7\u0131klamalarda bulundu. Hastal\u0131\u011f\u0131n belirtileri ve tedavi s\u00fcreci hakk\u0131nda merak edilenleri yan\u0131tlayan Dr. Do\u011fru, uzun s\u00fcren belirtilerin ihmal edilmemesi gerekti\u011fini hat\u0131rlatt\u0131. <\/p>\n<p>  &#8220;Belirtiler uzun s\u00fcr\u00fcyorsa doktora ba\u015fvurulmal\u0131&#8221;<br \/>\n  \u00c7ocuklar\u0131n zaman zaman yorgun ya da isteksiz olabilece\u011fini ifade eden Dr. Do\u011fru,  &#8220;Baz\u0131 belirtiler uzun s\u00fcre devam ediyorsa, bunlar\u0131 g\u00f6z ard\u0131 etmemek gerekiyor. \u00c7ocukluk \u00e7a\u011f\u0131 l\u00f6semisinde en s\u0131k g\u00f6r\u00fclen erken belirtiler aras\u0131nda halsizlik, oyun oynamaya isteksizlik, i\u015ftahs\u0131zl\u0131k, solukluk, v\u00fccutta kolay morarma, di\u015f eti kanamalar\u0131 ve tekrarlayan enfeksiyonlar yer al\u0131yor&#8221; dedi. <\/p>\n<p>  &#8220;Basit bir kan testiyle anla\u015f\u0131labilir&#8221;<br \/>\n  L\u00f6semi belirtilerinin \u00e7o\u011fu zaman s\u0131radan hastal\u0131klarla kar\u0131\u015ft\u0131r\u0131labildi\u011fini s\u00f6yleyen Dr. Do\u011fru, &#8220;Ancak bu \u015fikayetler uzun s\u00fcrd\u00fc\u011f\u00fcnde ya da \u00e7ocu\u011fun g\u00fcnl\u00fck hayat\u0131n\u0131 etkilemeye ba\u015flad\u0131\u011f\u0131nda mutlaka bir doktora ba\u015fvurulmal\u0131. Basit bir kan testiyle l\u00f6semi \u015f\u00fcphesi ortaya konabilir ve gerekli y\u00f6nlendirmeler yap\u0131labilir&#8221; diye konu\u015ftu. <\/p>\n<p>  &#8220;Tedavide y\u00fcz g\u00fcld\u00fcren geli\u015fmeler var&#8221;<br \/>\n  L\u00f6semi tedavisinde y\u00fcz g\u00fcld\u00fcren geli\u015fmeler ya\u015fand\u0131\u011f\u0131n\u0131 aktaran Dr. Do\u011fru, &#8220;Bug\u00fcn \u00e7ocukluk \u00e7a\u011f\u0131 l\u00f6semisi, ge\u00e7mi\u015fe g\u00f6re \u00e7ok daha y\u00fcksek oranda tedavi edilebiliyor. Modern kemoterapi protokollerine ek olarak hedefe y\u00f6nelik imm\u00fcnoterapiler, ak\u0131ll\u0131 ila\u00e7lar ve gerekti\u011finde k\u00f6k h\u00fccre nakli sayesinde l\u00f6semi hastalar\u0131n\u0131n b\u00fcy\u00fck \u00e7o\u011funlu\u011fu tamamen sa\u011fl\u0131\u011f\u0131na kavu\u015fabiliyor&#8221; \u015feklinde konu\u015ftu.<br \/>\n  Dr. Do\u011fru, l\u00f6semide erken tan\u0131 ve d\u00fczenli tedavi ile \u00e7ocuklar\u0131n hayatlar\u0131na sa\u011fl\u0131kl\u0131 bir \u015fekilde devam edebilece\u011fini s\u00f6zlerine ekledi. <\/p>\n<p>  &#8220;Ailelerin dikkati hayat kurtarabilir&#8221;<br \/>\n  Ailelerin rol\u00fcne de\u011finen Dr. Do\u011fru, &#8220;Ebeveynlerin \u00e7ocu\u011fundaki k\u00fc\u00e7\u00fck de\u011fi\u015fiklikleri \u00f6nemsemesi, s\u00fcrecin erken yakalanmas\u0131nda kritik rol oynuyor. Uzun s\u00fcren halsizlik, oyun iste\u011finde belirgin azalma, tekrarlayan enfeksiyonlar ya da v\u00fccutta a\u00e7\u0131klanamayan morluklar gibi belirtiler g\u00f6zlemlendi\u011finde bir sa\u011fl\u0131k kurulu\u015funa ba\u015fvurulmas\u0131, erken te\u015fhis ve tedavide hayat kurtar\u0131c\u0131 olabiliyor. Unutmay\u0131n, \u00e7ocukluk \u00e7a\u011f\u0131 l\u00f6semisi erken fark edildi\u011finde ve uygun tedaviyle \u00e7o\u011fu zaman tamamen iyile\u015ftirilebilir bir hastal\u0131kt\u0131r&#8221; dedi. <\/p>\n<p>3.11.2025                                 <\/p>\n","protected":false},"excerpt":{"rendered":"<p>\u00c7ocuk Hematolojisi ve Onkolojisi Uzman\u0131 Dr. \u00d6mer Do\u011fru, \u00e7ocukluk \u00e7a\u011f\u0131 l\u00f6semisinde erken belirtilerin dikkatle g\u00f6zlenmesinin erken tan\u0131 ve ba\u015far\u0131l\u0131 tedavi i\u00e7in b\u00fcy\u00fck \u00f6nem ta\u015f\u0131d\u0131\u011f\u0131 konusunda ailelere uyar\u0131larda bulundu. Biruni \u00dcniversitesi T\u0131p Fak\u00fcltesi Hastanesi \u00c7ocuk Hematolojisi ve Onkolojisi Uzman\u0131 Dr. \u00d6mer Do\u011fru, 2-8 Kas\u0131m L\u00f6semili \u00c7ocuklar Haftas\u0131 dolay\u0131s\u0131yla a\u00e7\u0131klamalarda bulundu. Hastal\u0131\u011f\u0131n belirtileri ve tedavi s\u00fcreci hakk\u0131nda [&hellip;]<\/p>\n","protected":false},"author":1,"featured_media":13690,"comment_status":"open","ping_status":"open","sticky":false,"template":"","format":"standard","meta":{"footnotes":""},"categories":[49],"tags":[],"class_list":["post-13689","post","type-post","status-publish","format-standard","has-post-thumbnail","hentry","category-kose-yazilari"],"yoast_head":"<!-- This site is optimized with the Yoast SEO plugin v27.4 - https:\/\/yoast.com\/product\/yoast-seo-wordpress\/ -->\n<title>\u00c7ocuklarda halsizlik, i\u015ftahs\u0131zl\u0131k ve morluklar l\u00f6seminin ilk sinyali olabilir - Memurun Sesi<\/title>\n<meta name=\"description\" content=\"\u00c7ocuklarda halsizlik, i\u015ftahs\u0131zl\u0131k ve morluklar l\u00f6seminin ilk sinyali olabilir\" \/>\n<meta name=\"robots\" content=\"index, follow, max-snippet:-1, max-image-preview:large, max-video-preview:-1\" \/>\n<link rel=\"canonical\" href=\"https:\/\/memurunsesi.net\/index.php\/2025\/11\/03\/cocuklarda-halsizlik-istahsizlik-ve-morluklar-loseminin-ilk-sinyali-olabilir\/\" \/>\n<meta property=\"og:locale\" content=\"tr_TR\" \/>\n<meta property=\"og:type\" content=\"article\" \/>\n<meta property=\"og:title\" content=\"\u00c7ocuklarda halsizlik, i\u015ftahs\u0131zl\u0131k ve morluklar l\u00f6seminin ilk sinyali olabilir - Memurun Sesi\" \/>\n<meta property=\"og:description\" content=\"\u00c7ocuklarda halsizlik, i\u015ftahs\u0131zl\u0131k ve morluklar l\u00f6seminin ilk sinyali olabilir\" \/>\n<meta property=\"og:url\" content=\"https:\/\/memurunsesi.net\/index.php\/2025\/11\/03\/cocuklarda-halsizlik-istahsizlik-ve-morluklar-loseminin-ilk-sinyali-olabilir\/\" \/>\n<meta property=\"og:site_name\" content=\"Memurun Sesi\" \/>\n<meta property=\"article:publisher\" content=\"https:\/\/www.facebook.com\/unipersen\/?locale=tr_TR\" \/>\n<meta property=\"article:published_time\" content=\"2025-11-03T06:15:54+00:00\" \/>\n<meta property=\"og:image\" content=\"https:\/\/memurunsesi.net\/wp-content\/uploads\/2025\/11\/COCUK.jpg\" \/>\n\t<meta property=\"og:image:width\" content=\"1888\" \/>\n\t<meta property=\"og:image:height\" content=\"2448\" \/>\n\t<meta property=\"og:image:type\" content=\"image\/jpeg\" \/>\n<meta name=\"author\" content=\"Memurun Sesi Haber Merkezi\" \/>\n<meta name=\"twitter:card\" content=\"summary_large_image\" \/>\n<meta name=\"twitter:creator\" content=\"@unipersen\" \/>\n<meta name=\"twitter:site\" content=\"@unipersen\" \/>\n<meta name=\"twitter:label1\" content=\"Yazan:\" \/>\n\t<meta name=\"twitter:data1\" content=\"Memurun Sesi Haber Merkezi\" \/>\n\t<meta name=\"twitter:label2\" content=\"Tahmini okuma s\u00fcresi\" \/>\n\t<meta name=\"twitter:data2\" content=\"1 dakika\" \/>\n<script type=\"application\/ld+json\" class=\"yoast-schema-graph\">{\"@context\":\"https:\\\/\\\/schema.org\",\"@graph\":[{\"@type\":\"Article\",\"@id\":\"https:\\\/\\\/memurunsesi.net\\\/index.php\\\/2025\\\/11\\\/03\\\/cocuklarda-halsizlik-istahsizlik-ve-morluklar-loseminin-ilk-sinyali-olabilir\\\/#article\",\"isPartOf\":{\"@id\":\"https:\\\/\\\/memurunsesi.net\\\/index.php\\\/2025\\\/11\\\/03\\\/cocuklarda-halsizlik-istahsizlik-ve-morluklar-loseminin-ilk-sinyali-olabilir\\\/\"},\"author\":{\"name\":\"Memurun Sesi Haber Merkezi\",\"@id\":\"https:\\\/\\\/memurunsesi.net\\\/#\\\/schema\\\/person\\\/f21c2d73b89f6ee1d80b0a1803e38587\"},\"headline\":\"\u00c7ocuklarda halsizlik, i\u015ftahs\u0131zl\u0131k ve morluklar l\u00f6seminin ilk sinyali olabilir\",\"datePublished\":\"2025-11-03T06:15:54+00:00\",\"mainEntityOfPage\":{\"@id\":\"https:\\\/\\\/memurunsesi.net\\\/index.php\\\/2025\\\/11\\\/03\\\/cocuklarda-halsizlik-istahsizlik-ve-morluklar-loseminin-ilk-sinyali-olabilir\\\/\"},\"wordCount\":455,\"commentCount\":0,\"publisher\":{\"@id\":\"https:\\\/\\\/memurunsesi.net\\\/#organization\"},\"image\":{\"@id\":\"https:\\\/\\\/memurunsesi.net\\\/index.php\\\/2025\\\/11\\\/03\\\/cocuklarda-halsizlik-istahsizlik-ve-morluklar-loseminin-ilk-sinyali-olabilir\\\/#primaryimage\"},\"thumbnailUrl\":\"https:\\\/\\\/memurunsesi.net\\\/wp-content\\\/uploads\\\/2025\\\/11\\\/COCUK.jpg\",\"articleSection\":[\"K\u00f6\u015fe Yaz\u0131lar\u0131\"],\"inLanguage\":\"tr\",\"potentialAction\":[{\"@type\":\"CommentAction\",\"name\":\"Comment\",\"target\":[\"https:\\\/\\\/memurunsesi.net\\\/index.php\\\/2025\\\/11\\\/03\\\/cocuklarda-halsizlik-istahsizlik-ve-morluklar-loseminin-ilk-sinyali-olabilir\\\/#respond\"]}]},{\"@type\":\"WebPage\",\"@id\":\"https:\\\/\\\/memurunsesi.net\\\/index.php\\\/2025\\\/11\\\/03\\\/cocuklarda-halsizlik-istahsizlik-ve-morluklar-loseminin-ilk-sinyali-olabilir\\\/\",\"url\":\"https:\\\/\\\/memurunsesi.net\\\/index.php\\\/2025\\\/11\\\/03\\\/cocuklarda-halsizlik-istahsizlik-ve-morluklar-loseminin-ilk-sinyali-olabilir\\\/\",\"name\":\"\u00c7ocuklarda halsizlik, i\u015ftahs\u0131zl\u0131k ve morluklar l\u00f6seminin ilk sinyali olabilir - Memurun Sesi\",\"isPartOf\":{\"@id\":\"https:\\\/\\\/memurunsesi.net\\\/#website\"},\"primaryImageOfPage\":{\"@id\":\"https:\\\/\\\/memurunsesi.net\\\/index.php\\\/2025\\\/11\\\/03\\\/cocuklarda-halsizlik-istahsizlik-ve-morluklar-loseminin-ilk-sinyali-olabilir\\\/#primaryimage\"},\"image\":{\"@id\":\"https:\\\/\\\/memurunsesi.net\\\/index.php\\\/2025\\\/11\\\/03\\\/cocuklarda-halsizlik-istahsizlik-ve-morluklar-loseminin-ilk-sinyali-olabilir\\\/#primaryimage\"},\"thumbnailUrl\":\"https:\\\/\\\/memurunsesi.net\\\/wp-content\\\/uploads\\\/2025\\\/11\\\/COCUK.jpg\",\"datePublished\":\"2025-11-03T06:15:54+00:00\",\"description\":\"\u00c7ocuklarda halsizlik, i\u015ftahs\u0131zl\u0131k ve morluklar l\u00f6seminin ilk sinyali olabilir\",\"breadcrumb\":{\"@id\":\"https:\\\/\\\/memurunsesi.net\\\/index.php\\\/2025\\\/11\\\/03\\\/cocuklarda-halsizlik-istahsizlik-ve-morluklar-loseminin-ilk-sinyali-olabilir\\\/#breadcrumb\"},\"inLanguage\":\"tr\",\"potentialAction\":[{\"@type\":\"ReadAction\",\"target\":[\"https:\\\/\\\/memurunsesi.net\\\/index.php\\\/2025\\\/11\\\/03\\\/cocuklarda-halsizlik-istahsizlik-ve-morluklar-loseminin-ilk-sinyali-olabilir\\\/\"]}]},{\"@type\":\"ImageObject\",\"inLanguage\":\"tr\",\"@id\":\"https:\\\/\\\/memurunsesi.net\\\/index.php\\\/2025\\\/11\\\/03\\\/cocuklarda-halsizlik-istahsizlik-ve-morluklar-loseminin-ilk-sinyali-olabilir\\\/#primaryimage\",\"url\":\"https:\\\/\\\/memurunsesi.net\\\/wp-content\\\/uploads\\\/2025\\\/11\\\/COCUK.jpg\",\"contentUrl\":\"https:\\\/\\\/memurunsesi.net\\\/wp-content\\\/uploads\\\/2025\\\/11\\\/COCUK.jpg\",\"width\":1481,\"height\":1920,\"caption\":\"\u00c7OCUK HEMATOLOJ\u0130S\u0130 VE ONKOLOJ\u0130S\u0130 UZMANI DR. \u00d6MER DO\u011eRU (\u0130HA\\\/\u0130STANBUL-\u0130HA) \u00c7ocuk Hematolojisi ve Onkolojisi Uzman\u0131 Dr. \u00d6mer Do\u011fru, \u00e7ocukluk \u00e7a\u011f\u0131 l\u00f6semisinde erken belirtilerin dikkatle g\u00f6zlenmesinin erken tan\u0131 ve ba\u015far\u0131l\u0131 tedavi i\u00e7in b\u00fcy\u00fck \u00f6nem ta\u015f\u0131d\u0131\u011f\u0131 konusunda ailelere uyar\u0131larda bulundu.\"},{\"@type\":\"BreadcrumbList\",\"@id\":\"https:\\\/\\\/memurunsesi.net\\\/index.php\\\/2025\\\/11\\\/03\\\/cocuklarda-halsizlik-istahsizlik-ve-morluklar-loseminin-ilk-sinyali-olabilir\\\/#breadcrumb\",\"itemListElement\":[{\"@type\":\"ListItem\",\"position\":1,\"name\":\"Anasayfa\",\"item\":\"https:\\\/\\\/memurunsesi.net\\\/\"},{\"@type\":\"ListItem\",\"position\":2,\"name\":\"\u00c7ocuklarda halsizlik, i\u015ftahs\u0131zl\u0131k ve morluklar l\u00f6seminin ilk sinyali olabilir\"}]},{\"@type\":\"WebSite\",\"@id\":\"https:\\\/\\\/memurunsesi.net\\\/#website\",\"url\":\"https:\\\/\\\/memurunsesi.net\\\/\",\"name\":\"Memurun Sesi\",\"description\":\"G\u00fcncel ve Do\u011fru Haber\",\"publisher\":{\"@id\":\"https:\\\/\\\/memurunsesi.net\\\/#organization\"},\"potentialAction\":[{\"@type\":\"SearchAction\",\"target\":{\"@type\":\"EntryPoint\",\"urlTemplate\":\"https:\\\/\\\/memurunsesi.net\\\/?s={search_term_string}\"},\"query-input\":{\"@type\":\"PropertyValueSpecification\",\"valueRequired\":true,\"valueName\":\"search_term_string\"}}],\"inLanguage\":\"tr\"},{\"@type\":\"Organization\",\"@id\":\"https:\\\/\\\/memurunsesi.net\\\/#organization\",\"name\":\"Memurun Sesi\",\"url\":\"https:\\\/\\\/memurunsesi.net\\\/\",\"logo\":{\"@type\":\"ImageObject\",\"inLanguage\":\"tr\",\"@id\":\"https:\\\/\\\/memurunsesi.net\\\/#\\\/schema\\\/logo\\\/image\\\/\",\"url\":\"https:\\\/\\\/memurunsesi.net\\\/wp-content\\\/uploads\\\/2025\\\/11\\\/cropped-MEMURUN-SESI.png\",\"contentUrl\":\"https:\\\/\\\/memurunsesi.net\\\/wp-content\\\/uploads\\\/2025\\\/11\\\/cropped-MEMURUN-SESI.png\",\"width\":238,\"height\":57,\"caption\":\"Memurun Sesi\"},\"image\":{\"@id\":\"https:\\\/\\\/memurunsesi.net\\\/#\\\/schema\\\/logo\\\/image\\\/\"},\"sameAs\":[\"https:\\\/\\\/www.facebook.com\\\/unipersen\\\/?locale=tr_TR\",\"https:\\\/\\\/x.com\\\/unipersen\"]},{\"@type\":\"Person\",\"@id\":\"https:\\\/\\\/memurunsesi.net\\\/#\\\/schema\\\/person\\\/f21c2d73b89f6ee1d80b0a1803e38587\",\"name\":\"Memurun Sesi Haber Merkezi\",\"image\":{\"@type\":\"ImageObject\",\"inLanguage\":\"tr\",\"@id\":\"https:\\\/\\\/secure.gravatar.com\\\/avatar\\\/6cf0505f452ee753f485014986fab09a434671d2b919ee76fc541025c5876a70?s=96&d=mm&r=g\",\"url\":\"https:\\\/\\\/secure.gravatar.com\\\/avatar\\\/6cf0505f452ee753f485014986fab09a434671d2b919ee76fc541025c5876a70?s=96&d=mm&r=g\",\"contentUrl\":\"https:\\\/\\\/secure.gravatar.com\\\/avatar\\\/6cf0505f452ee753f485014986fab09a434671d2b919ee76fc541025c5876a70?s=96&d=mm&r=g\",\"caption\":\"Memurun Sesi Haber Merkezi\"},\"sameAs\":[\"https:\\\/\\\/memurunsesi.net\"],\"url\":\"https:\\\/\\\/memurunsesi.net\\\/index.php\\\/author\\\/uniper\\\/\"}]}<\/script>\n<!-- \/ Yoast SEO plugin. -->","yoast_head_json":{"title":"\u00c7ocuklarda halsizlik, i\u015ftahs\u0131zl\u0131k ve morluklar l\u00f6seminin ilk sinyali olabilir - Memurun Sesi","description":"\u00c7ocuklarda halsizlik, i\u015ftahs\u0131zl\u0131k ve morluklar l\u00f6seminin ilk sinyali olabilir","robots":{"index":"index","follow":"follow","max-snippet":"max-snippet:-1","max-image-preview":"max-image-preview:large","max-video-preview":"max-video-preview:-1"},"canonical":"https:\/\/memurunsesi.net\/index.php\/2025\/11\/03\/cocuklarda-halsizlik-istahsizlik-ve-morluklar-loseminin-ilk-sinyali-olabilir\/","og_locale":"tr_TR","og_type":"article","og_title":"\u00c7ocuklarda halsizlik, i\u015ftahs\u0131zl\u0131k ve morluklar l\u00f6seminin ilk sinyali olabilir - Memurun Sesi","og_description":"\u00c7ocuklarda halsizlik, i\u015ftahs\u0131zl\u0131k ve morluklar l\u00f6seminin ilk sinyali olabilir","og_url":"https:\/\/memurunsesi.net\/index.php\/2025\/11\/03\/cocuklarda-halsizlik-istahsizlik-ve-morluklar-loseminin-ilk-sinyali-olabilir\/","og_site_name":"Memurun Sesi","article_publisher":"https:\/\/www.facebook.com\/unipersen\/?locale=tr_TR","article_published_time":"2025-11-03T06:15:54+00:00","og_image":[{"width":1888,"height":2448,"url":"https:\/\/memurunsesi.net\/wp-content\/uploads\/2025\/11\/COCUK.jpg","type":"image\/jpeg"}],"author":"Memurun Sesi Haber Merkezi","twitter_card":"summary_large_image","twitter_creator":"@unipersen","twitter_site":"@unipersen","twitter_misc":{"Yazan:":"Memurun Sesi Haber Merkezi","Tahmini okuma s\u00fcresi":"1 dakika"},"schema":{"@context":"https:\/\/schema.org","@graph":[{"@type":"Article","@id":"https:\/\/memurunsesi.net\/index.php\/2025\/11\/03\/cocuklarda-halsizlik-istahsizlik-ve-morluklar-loseminin-ilk-sinyali-olabilir\/#article","isPartOf":{"@id":"https:\/\/memurunsesi.net\/index.php\/2025\/11\/03\/cocuklarda-halsizlik-istahsizlik-ve-morluklar-loseminin-ilk-sinyali-olabilir\/"},"author":{"name":"Memurun Sesi Haber Merkezi","@id":"https:\/\/memurunsesi.net\/#\/schema\/person\/f21c2d73b89f6ee1d80b0a1803e38587"},"headline":"\u00c7ocuklarda halsizlik, i\u015ftahs\u0131zl\u0131k ve morluklar l\u00f6seminin ilk sinyali olabilir","datePublished":"2025-11-03T06:15:54+00:00","mainEntityOfPage":{"@id":"https:\/\/memurunsesi.net\/index.php\/2025\/11\/03\/cocuklarda-halsizlik-istahsizlik-ve-morluklar-loseminin-ilk-sinyali-olabilir\/"},"wordCount":455,"commentCount":0,"publisher":{"@id":"https:\/\/memurunsesi.net\/#organization"},"image":{"@id":"https:\/\/memurunsesi.net\/index.php\/2025\/11\/03\/cocuklarda-halsizlik-istahsizlik-ve-morluklar-loseminin-ilk-sinyali-olabilir\/#primaryimage"},"thumbnailUrl":"https:\/\/memurunsesi.net\/wp-content\/uploads\/2025\/11\/COCUK.jpg","articleSection":["K\u00f6\u015fe Yaz\u0131lar\u0131"],"inLanguage":"tr","potentialAction":[{"@type":"CommentAction","name":"Comment","target":["https:\/\/memurunsesi.net\/index.php\/2025\/11\/03\/cocuklarda-halsizlik-istahsizlik-ve-morluklar-loseminin-ilk-sinyali-olabilir\/#respond"]}]},{"@type":"WebPage","@id":"https:\/\/memurunsesi.net\/index.php\/2025\/11\/03\/cocuklarda-halsizlik-istahsizlik-ve-morluklar-loseminin-ilk-sinyali-olabilir\/","url":"https:\/\/memurunsesi.net\/index.php\/2025\/11\/03\/cocuklarda-halsizlik-istahsizlik-ve-morluklar-loseminin-ilk-sinyali-olabilir\/","name":"\u00c7ocuklarda halsizlik, i\u015ftahs\u0131zl\u0131k ve morluklar l\u00f6seminin ilk sinyali olabilir - Memurun Sesi","isPartOf":{"@id":"https:\/\/memurunsesi.net\/#website"},"primaryImageOfPage":{"@id":"https:\/\/memurunsesi.net\/index.php\/2025\/11\/03\/cocuklarda-halsizlik-istahsizlik-ve-morluklar-loseminin-ilk-sinyali-olabilir\/#primaryimage"},"image":{"@id":"https:\/\/memurunsesi.net\/index.php\/2025\/11\/03\/cocuklarda-halsizlik-istahsizlik-ve-morluklar-loseminin-ilk-sinyali-olabilir\/#primaryimage"},"thumbnailUrl":"https:\/\/memurunsesi.net\/wp-content\/uploads\/2025\/11\/COCUK.jpg","datePublished":"2025-11-03T06:15:54+00:00","description":"\u00c7ocuklarda halsizlik, i\u015ftahs\u0131zl\u0131k ve morluklar l\u00f6seminin ilk sinyali olabilir","breadcrumb":{"@id":"https:\/\/memurunsesi.net\/index.php\/2025\/11\/03\/cocuklarda-halsizlik-istahsizlik-ve-morluklar-loseminin-ilk-sinyali-olabilir\/#breadcrumb"},"inLanguage":"tr","potentialAction":[{"@type":"ReadAction","target":["https:\/\/memurunsesi.net\/index.php\/2025\/11\/03\/cocuklarda-halsizlik-istahsizlik-ve-morluklar-loseminin-ilk-sinyali-olabilir\/"]}]},{"@type":"ImageObject","inLanguage":"tr","@id":"https:\/\/memurunsesi.net\/index.php\/2025\/11\/03\/cocuklarda-halsizlik-istahsizlik-ve-morluklar-loseminin-ilk-sinyali-olabilir\/#primaryimage","url":"https:\/\/memurunsesi.net\/wp-content\/uploads\/2025\/11\/COCUK.jpg","contentUrl":"https:\/\/memurunsesi.net\/wp-content\/uploads\/2025\/11\/COCUK.jpg","width":1481,"height":1920,"caption":"\u00c7OCUK HEMATOLOJ\u0130S\u0130 VE ONKOLOJ\u0130S\u0130 UZMANI DR. \u00d6MER DO\u011eRU (\u0130HA\/\u0130STANBUL-\u0130HA) \u00c7ocuk Hematolojisi ve Onkolojisi Uzman\u0131 Dr. \u00d6mer Do\u011fru, \u00e7ocukluk \u00e7a\u011f\u0131 l\u00f6semisinde erken belirtilerin dikkatle g\u00f6zlenmesinin erken tan\u0131 ve ba\u015far\u0131l\u0131 tedavi i\u00e7in b\u00fcy\u00fck \u00f6nem ta\u015f\u0131d\u0131\u011f\u0131 konusunda ailelere uyar\u0131larda bulundu."},{"@type":"BreadcrumbList","@id":"https:\/\/memurunsesi.net\/index.php\/2025\/11\/03\/cocuklarda-halsizlik-istahsizlik-ve-morluklar-loseminin-ilk-sinyali-olabilir\/#breadcrumb","itemListElement":[{"@type":"ListItem","position":1,"name":"Anasayfa","item":"https:\/\/memurunsesi.net\/"},{"@type":"ListItem","position":2,"name":"\u00c7ocuklarda halsizlik, i\u015ftahs\u0131zl\u0131k ve morluklar l\u00f6seminin ilk sinyali olabilir"}]},{"@type":"WebSite","@id":"https:\/\/memurunsesi.net\/#website","url":"https:\/\/memurunsesi.net\/","name":"Memurun Sesi","description":"G\u00fcncel ve Do\u011fru Haber","publisher":{"@id":"https:\/\/memurunsesi.net\/#organization"},"potentialAction":[{"@type":"SearchAction","target":{"@type":"EntryPoint","urlTemplate":"https:\/\/memurunsesi.net\/?s={search_term_string}"},"query-input":{"@type":"PropertyValueSpecification","valueRequired":true,"valueName":"search_term_string"}}],"inLanguage":"tr"},{"@type":"Organization","@id":"https:\/\/memurunsesi.net\/#organization","name":"Memurun Sesi","url":"https:\/\/memurunsesi.net\/","logo":{"@type":"ImageObject","inLanguage":"tr","@id":"https:\/\/memurunsesi.net\/#\/schema\/logo\/image\/","url":"https:\/\/memurunsesi.net\/wp-content\/uploads\/2025\/11\/cropped-MEMURUN-SESI.png","contentUrl":"https:\/\/memurunsesi.net\/wp-content\/uploads\/2025\/11\/cropped-MEMURUN-SESI.png","width":238,"height":57,"caption":"Memurun Sesi"},"image":{"@id":"https:\/\/memurunsesi.net\/#\/schema\/logo\/image\/"},"sameAs":["https:\/\/www.facebook.com\/unipersen\/?locale=tr_TR","https:\/\/x.com\/unipersen"]},{"@type":"Person","@id":"https:\/\/memurunsesi.net\/#\/schema\/person\/f21c2d73b89f6ee1d80b0a1803e38587","name":"Memurun Sesi Haber Merkezi","image":{"@type":"ImageObject","inLanguage":"tr","@id":"https:\/\/secure.gravatar.com\/avatar\/6cf0505f452ee753f485014986fab09a434671d2b919ee76fc541025c5876a70?s=96&d=mm&r=g","url":"https:\/\/secure.gravatar.com\/avatar\/6cf0505f452ee753f485014986fab09a434671d2b919ee76fc541025c5876a70?s=96&d=mm&r=g","contentUrl":"https:\/\/secure.gravatar.com\/avatar\/6cf0505f452ee753f485014986fab09a434671d2b919ee76fc541025c5876a70?s=96&d=mm&r=g","caption":"Memurun Sesi Haber Merkezi"},"sameAs":["https:\/\/memurunsesi.net"],"url":"https:\/\/memurunsesi.net\/index.php\/author\/uniper\/"}]}},"_links":{"self":[{"href":"https:\/\/memurunsesi.net\/index.php\/wp-json\/wp\/v2\/posts\/13689","targetHints":{"allow":["GET"]}}],"collection":[{"href":"https:\/\/memurunsesi.net\/index.php\/wp-json\/wp\/v2\/posts"}],"about":[{"href":"https:\/\/memurunsesi.net\/index.php\/wp-json\/wp\/v2\/types\/post"}],"author":[{"embeddable":true,"href":"https:\/\/memurunsesi.net\/index.php\/wp-json\/wp\/v2\/users\/1"}],"replies":[{"embeddable":true,"href":"https:\/\/memurunsesi.net\/index.php\/wp-json\/wp\/v2\/comments?post=13689"}],"version-history":[{"count":1,"href":"https:\/\/memurunsesi.net\/index.php\/wp-json\/wp\/v2\/posts\/13689\/revisions"}],"predecessor-version":[{"id":13691,"href":"https:\/\/memurunsesi.net\/index.php\/wp-json\/wp\/v2\/posts\/13689\/revisions\/13691"}],"wp:featuredmedia":[{"embeddable":true,"href":"https:\/\/memurunsesi.net\/index.php\/wp-json\/wp\/v2\/media\/13690"}],"wp:attachment":[{"href":"https:\/\/memurunsesi.net\/index.php\/wp-json\/wp\/v2\/media?parent=13689"}],"wp:term":[{"taxonomy":"category","embeddable":true,"href":"https:\/\/memurunsesi.net\/index.php\/wp-json\/wp\/v2\/categories?post=13689"},{"taxonomy":"post_tag","embeddable":true,"href":"https:\/\/memurunsesi.net\/index.php\/wp-json\/wp\/v2\/tags?post=13689"}],"curies":[{"name":"wp","href":"https:\/\/api.w.org\/{rel}","templated":true}]}}