{"id":13695,"date":"2025-11-03T09:20:04","date_gmt":"2025-11-03T06:20:04","guid":{"rendered":"https:\/\/memurunsesi.net\/?p=13695"},"modified":"2025-11-03T09:20:04","modified_gmt":"2025-11-03T06:20:04","slug":"antalyada-paketleme-fabrikasi-alev-alev-yandi","status":"publish","type":"post","link":"https:\/\/memurunsesi.net\/index.php\/2025\/11\/03\/antalyada-paketleme-fabrikasi-alev-alev-yandi\/","title":{"rendered":"Antalya&#8217;da paketleme fabrikas\u0131 alev alev yand\u0131"},"content":{"rendered":"<p>  &#8211; Depo k\u0131sm\u0131nda ba\u015flayan yan\u011f\u0131n fabrikaya s\u0131\u00e7rad\u0131  <\/p>\n<p>  Antalya&#8217;da gece saatlerinde meyve-sebze paketleme fabrikas\u0131nda yang\u0131n \u00e7\u0131kt\u0131. \u0130tfaiye ekiplerinin yakla\u015f\u0131k 3 saatlik \u00e7al\u0131\u015fmas\u0131 ile kontrol alt\u0131na al\u0131nan yang\u0131nda bin 600 metrekarelik alan\u0131n b\u00fcy\u00fck k\u0131sm\u0131 k\u00fcle d\u00f6nd\u00fc.<br \/>\nYang\u0131n, saat 02.00 s\u0131ralar\u0131nda Aksu il\u00e7esi Atat\u00fcrk Mahallesi 6. sokak \u00fczerinde bulunan bir mevye-sebze paketleme fabrikas\u0131nda meydana geldi. Edinilen bilgiye g\u00f6re, fabrikan\u0131n paketlemede kullan\u0131lan ambalajlar\u0131n bulundu\u011fu depo k\u0131sm\u0131nda hen\u00fcz belirlenemeyen bir nedenle yang\u0131n \u00e7\u0131kt\u0131. Dumanlar\u0131 fark eden fabrikada g\u00f6revli bir personel 112 Acil \u00c7a\u011fr\u0131 Merkezi&#8217;ni arayarak durumu bildirirken ihbar \u00fczerine b\u00f6lgeye Antalya B\u00fcy\u00fck\u015fahir Belediyesi \u0130tfaiye Daire Ba\u015fkanl\u0131\u011f\u0131&#8217;na ba\u011fl\u0131 \u00e7ok say\u0131da ekip ve belediyeye ait su tankerleri sevk edildi. <\/p>\n<p>  3 saatte kontrol alt\u0131na al\u0131nd\u0131<br \/>\n  Karton ve plastik malzemelerin bulundu\u011fu depo k\u0131sm\u0131nda ba\u015flayan yang\u0131n k\u0131sa s\u00fcrede b\u00fcy\u00fcrken ekipler alevleri kontrol alt\u0131na almak i\u00e7in m\u00fccadele etti. Yakla\u015f\u0131k bin 600 metrekarelik i\u015fyerini etkileyen yang\u0131nda bir i\u015fyerinin \u00e7at\u0131s\u0131 \u00e7\u00f6kt\u00fc. Ekipler yang\u0131n\u0131n biti\u015fik olarak bulunan di\u011fer i\u015fyerlerine s\u0131\u00e7ramamas\u0131 i\u00e7in yo\u011fun \u00e7aba harcad\u0131. \u0130tfaiye ekiplerinin yakla\u015f\u0131k 3 saatlik m\u00fcdahalesi ile alevler kontrol alt\u0131na al\u0131n\u0131rken, ekiplerin so\u011futma \u00e7al\u0131\u015fmas\u0131 sabah\u0131n ilk \u0131\u015f\u0131klar\u0131na kadar s\u00fcrd\u00fc.  <\/p>\n<p>3.11.2025                              <\/p>\n","protected":false},"excerpt":{"rendered":"<p>&#8211; Depo k\u0131sm\u0131nda ba\u015flayan yan\u011f\u0131n fabrikaya s\u0131\u00e7rad\u0131 Antalya&#8217;da gece saatlerinde meyve-sebze paketleme fabrikas\u0131nda yang\u0131n \u00e7\u0131kt\u0131. \u0130tfaiye ekiplerinin yakla\u015f\u0131k 3 saatlik \u00e7al\u0131\u015fmas\u0131 ile kontrol alt\u0131na al\u0131nan yang\u0131nda bin 600 metrekarelik alan\u0131n b\u00fcy\u00fck k\u0131sm\u0131 k\u00fcle d\u00f6nd\u00fc. Yang\u0131n, saat 02.00 s\u0131ralar\u0131nda Aksu il\u00e7esi Atat\u00fcrk Mahallesi 6. sokak \u00fczerinde bulunan bir mevye-sebze paketleme fabrikas\u0131nda meydana geldi. Edinilen bilgiye g\u00f6re, [&hellip;]<\/p>\n","protected":false},"author":1,"featured_media":13696,"comment_status":"open","ping_status":"open","sticky":false,"template":"","format":"standard","meta":{"footnotes":""},"categories":[50],"tags":[108],"class_list":["post-13695","post","type-post","status-publish","format-standard","has-post-thumbnail","hentry","category-tum-haberler","tag-yangin"],"yoast_head":"<!-- This site is optimized with the Yoast SEO plugin v27.4 - https:\/\/yoast.com\/product\/yoast-seo-wordpress\/ -->\n<title>Antalya&#039;da paketleme fabrikas\u0131 alev alev yand\u0131 - Memurun Sesi<\/title>\n<meta name=\"description\" content=\"Antalya&#039;da paketleme fabrikas\u0131 alev alev yand\u0131\" \/>\n<meta name=\"robots\" content=\"index, follow, max-snippet:-1, max-image-preview:large, max-video-preview:-1\" \/>\n<link rel=\"canonical\" href=\"https:\/\/memurunsesi.net\/index.php\/2025\/11\/03\/antalyada-paketleme-fabrikasi-alev-alev-yandi\/\" \/>\n<meta property=\"og:locale\" content=\"tr_TR\" \/>\n<meta property=\"og:type\" content=\"article\" \/>\n<meta property=\"og:title\" content=\"Antalya&#039;da paketleme fabrikas\u0131 alev alev yand\u0131 - Memurun Sesi\" \/>\n<meta property=\"og:description\" content=\"Antalya&#039;da paketleme fabrikas\u0131 alev alev yand\u0131\" \/>\n<meta property=\"og:url\" content=\"https:\/\/memurunsesi.net\/index.php\/2025\/11\/03\/antalyada-paketleme-fabrikasi-alev-alev-yandi\/\" \/>\n<meta property=\"og:site_name\" content=\"Memurun Sesi\" \/>\n<meta property=\"article:publisher\" content=\"https:\/\/www.facebook.com\/unipersen\/?locale=tr_TR\" \/>\n<meta property=\"article:published_time\" content=\"2025-11-03T06:20:04+00:00\" \/>\n<meta property=\"og:image\" content=\"https:\/\/memurunsesi.net\/wp-content\/uploads\/2025\/11\/yangin.jpg\" \/>\n\t<meta property=\"og:image:width\" content=\"1410\" \/>\n\t<meta property=\"og:image:height\" content=\"847\" \/>\n\t<meta property=\"og:image:type\" content=\"image\/jpeg\" \/>\n<meta name=\"author\" content=\"Memurun Sesi Haber Merkezi\" \/>\n<meta name=\"twitter:card\" content=\"summary_large_image\" \/>\n<meta name=\"twitter:creator\" content=\"@unipersen\" \/>\n<meta name=\"twitter:site\" content=\"@unipersen\" \/>\n<meta name=\"twitter:label1\" content=\"Yazan:\" \/>\n\t<meta name=\"twitter:data1\" content=\"Memurun Sesi Haber Merkezi\" \/>\n\t<meta name=\"twitter:label2\" content=\"Tahmini okuma s\u00fcresi\" \/>\n\t<meta name=\"twitter:data2\" content=\"1 dakika\" \/>\n<script type=\"application\/ld+json\" class=\"yoast-schema-graph\">{\"@context\":\"https:\\\/\\\/schema.org\",\"@graph\":[{\"@type\":\"Article\",\"@id\":\"https:\\\/\\\/memurunsesi.net\\\/index.php\\\/2025\\\/11\\\/03\\\/antalyada-paketleme-fabrikasi-alev-alev-yandi\\\/#article\",\"isPartOf\":{\"@id\":\"https:\\\/\\\/memurunsesi.net\\\/index.php\\\/2025\\\/11\\\/03\\\/antalyada-paketleme-fabrikasi-alev-alev-yandi\\\/\"},\"author\":{\"name\":\"Memurun Sesi Haber Merkezi\",\"@id\":\"https:\\\/\\\/memurunsesi.net\\\/#\\\/schema\\\/person\\\/f21c2d73b89f6ee1d80b0a1803e38587\"},\"headline\":\"Antalya&#8217;da paketleme fabrikas\u0131 alev alev yand\u0131\",\"datePublished\":\"2025-11-03T06:20:04+00:00\",\"mainEntityOfPage\":{\"@id\":\"https:\\\/\\\/memurunsesi.net\\\/index.php\\\/2025\\\/11\\\/03\\\/antalyada-paketleme-fabrikasi-alev-alev-yandi\\\/\"},\"wordCount\":250,\"commentCount\":0,\"publisher\":{\"@id\":\"https:\\\/\\\/memurunsesi.net\\\/#organization\"},\"image\":{\"@id\":\"https:\\\/\\\/memurunsesi.net\\\/index.php\\\/2025\\\/11\\\/03\\\/antalyada-paketleme-fabrikasi-alev-alev-yandi\\\/#primaryimage\"},\"thumbnailUrl\":\"https:\\\/\\\/memurunsesi.net\\\/wp-content\\\/uploads\\\/2025\\\/11\\\/yangin.jpg\",\"keywords\":[\"yang\u0131n\"],\"articleSection\":[\"T\u00fcm Haberler\"],\"inLanguage\":\"tr\",\"potentialAction\":[{\"@type\":\"CommentAction\",\"name\":\"Comment\",\"target\":[\"https:\\\/\\\/memurunsesi.net\\\/index.php\\\/2025\\\/11\\\/03\\\/antalyada-paketleme-fabrikasi-alev-alev-yandi\\\/#respond\"]}]},{\"@type\":\"WebPage\",\"@id\":\"https:\\\/\\\/memurunsesi.net\\\/index.php\\\/2025\\\/11\\\/03\\\/antalyada-paketleme-fabrikasi-alev-alev-yandi\\\/\",\"url\":\"https:\\\/\\\/memurunsesi.net\\\/index.php\\\/2025\\\/11\\\/03\\\/antalyada-paketleme-fabrikasi-alev-alev-yandi\\\/\",\"name\":\"Antalya'da paketleme fabrikas\u0131 alev alev yand\u0131 - Memurun Sesi\",\"isPartOf\":{\"@id\":\"https:\\\/\\\/memurunsesi.net\\\/#website\"},\"primaryImageOfPage\":{\"@id\":\"https:\\\/\\\/memurunsesi.net\\\/index.php\\\/2025\\\/11\\\/03\\\/antalyada-paketleme-fabrikasi-alev-alev-yandi\\\/#primaryimage\"},\"image\":{\"@id\":\"https:\\\/\\\/memurunsesi.net\\\/index.php\\\/2025\\\/11\\\/03\\\/antalyada-paketleme-fabrikasi-alev-alev-yandi\\\/#primaryimage\"},\"thumbnailUrl\":\"https:\\\/\\\/memurunsesi.net\\\/wp-content\\\/uploads\\\/2025\\\/11\\\/yangin.jpg\",\"datePublished\":\"2025-11-03T06:20:04+00:00\",\"description\":\"Antalya'da paketleme fabrikas\u0131 alev alev yand\u0131\",\"breadcrumb\":{\"@id\":\"https:\\\/\\\/memurunsesi.net\\\/index.php\\\/2025\\\/11\\\/03\\\/antalyada-paketleme-fabrikasi-alev-alev-yandi\\\/#breadcrumb\"},\"inLanguage\":\"tr\",\"potentialAction\":[{\"@type\":\"ReadAction\",\"target\":[\"https:\\\/\\\/memurunsesi.net\\\/index.php\\\/2025\\\/11\\\/03\\\/antalyada-paketleme-fabrikasi-alev-alev-yandi\\\/\"]}]},{\"@type\":\"ImageObject\",\"inLanguage\":\"tr\",\"@id\":\"https:\\\/\\\/memurunsesi.net\\\/index.php\\\/2025\\\/11\\\/03\\\/antalyada-paketleme-fabrikasi-alev-alev-yandi\\\/#primaryimage\",\"url\":\"https:\\\/\\\/memurunsesi.net\\\/wp-content\\\/uploads\\\/2025\\\/11\\\/yangin.jpg\",\"contentUrl\":\"https:\\\/\\\/memurunsesi.net\\\/wp-content\\\/uploads\\\/2025\\\/11\\\/yangin.jpg\",\"width\":1410,\"height\":847,\"caption\":\"ANTALYA'DA GECE SAATLER\u0130NDE MEYVE-SEBZE PAKETLEME FABR\u0130KASINDA YANGIN \u00c7IKTI. \u0130TFA\u0130YE EK\u0130PLER\u0130N\u0130N YAKLA\u015eIK 2.5 SAATL\u0130K \u00c7ALI\u015eMASI \u0130LE KONTROL ALTINA ALINAN YANGINDA 1 \u0130\u015eYER\u0130 TAMAMEN YANARKEN, 1 \u0130\u015eYER\u0130NDE \u0130SE B\u00dcY\u00dcK \u00c7APTA HASAR MEYDANA GELD\u0130. (RAMAZAN BOZCA\\\/ANTALYA-\u0130HA) Antalya'da gece saatlerinde meyve-sebze paketleme fabrikas\u0131nda yang\u0131n \u00e7\u0131kt\u0131. \u0130tfaiye ekiplerinin yakla\u015f\u0131k 3 saatlik \u00e7al\u0131\u015fmas\u0131 ile kontrol alt\u0131na al\u0131nan yang\u0131nda bin 600 metrekarelik alan\u0131n b\u00fcy\u00fck k\u0131sm\u0131 k\u00fcle d\u00f6nd\u00fc.\"},{\"@type\":\"BreadcrumbList\",\"@id\":\"https:\\\/\\\/memurunsesi.net\\\/index.php\\\/2025\\\/11\\\/03\\\/antalyada-paketleme-fabrikasi-alev-alev-yandi\\\/#breadcrumb\",\"itemListElement\":[{\"@type\":\"ListItem\",\"position\":1,\"name\":\"Anasayfa\",\"item\":\"https:\\\/\\\/memurunsesi.net\\\/\"},{\"@type\":\"ListItem\",\"position\":2,\"name\":\"Antalya&#8217;da paketleme fabrikas\u0131 alev alev yand\u0131\"}]},{\"@type\":\"WebSite\",\"@id\":\"https:\\\/\\\/memurunsesi.net\\\/#website\",\"url\":\"https:\\\/\\\/memurunsesi.net\\\/\",\"name\":\"Memurun Sesi\",\"description\":\"G\u00fcncel ve Do\u011fru Haber\",\"publisher\":{\"@id\":\"https:\\\/\\\/memurunsesi.net\\\/#organization\"},\"potentialAction\":[{\"@type\":\"SearchAction\",\"target\":{\"@type\":\"EntryPoint\",\"urlTemplate\":\"https:\\\/\\\/memurunsesi.net\\\/?s={search_term_string}\"},\"query-input\":{\"@type\":\"PropertyValueSpecification\",\"valueRequired\":true,\"valueName\":\"search_term_string\"}}],\"inLanguage\":\"tr\"},{\"@type\":\"Organization\",\"@id\":\"https:\\\/\\\/memurunsesi.net\\\/#organization\",\"name\":\"Memurun Sesi\",\"url\":\"https:\\\/\\\/memurunsesi.net\\\/\",\"logo\":{\"@type\":\"ImageObject\",\"inLanguage\":\"tr\",\"@id\":\"https:\\\/\\\/memurunsesi.net\\\/#\\\/schema\\\/logo\\\/image\\\/\",\"url\":\"https:\\\/\\\/memurunsesi.net\\\/wp-content\\\/uploads\\\/2025\\\/11\\\/cropped-MEMURUN-SESI.png\",\"contentUrl\":\"https:\\\/\\\/memurunsesi.net\\\/wp-content\\\/uploads\\\/2025\\\/11\\\/cropped-MEMURUN-SESI.png\",\"width\":238,\"height\":57,\"caption\":\"Memurun Sesi\"},\"image\":{\"@id\":\"https:\\\/\\\/memurunsesi.net\\\/#\\\/schema\\\/logo\\\/image\\\/\"},\"sameAs\":[\"https:\\\/\\\/www.facebook.com\\\/unipersen\\\/?locale=tr_TR\",\"https:\\\/\\\/x.com\\\/unipersen\"]},{\"@type\":\"Person\",\"@id\":\"https:\\\/\\\/memurunsesi.net\\\/#\\\/schema\\\/person\\\/f21c2d73b89f6ee1d80b0a1803e38587\",\"name\":\"Memurun Sesi Haber Merkezi\",\"image\":{\"@type\":\"ImageObject\",\"inLanguage\":\"tr\",\"@id\":\"https:\\\/\\\/secure.gravatar.com\\\/avatar\\\/6cf0505f452ee753f485014986fab09a434671d2b919ee76fc541025c5876a70?s=96&d=mm&r=g\",\"url\":\"https:\\\/\\\/secure.gravatar.com\\\/avatar\\\/6cf0505f452ee753f485014986fab09a434671d2b919ee76fc541025c5876a70?s=96&d=mm&r=g\",\"contentUrl\":\"https:\\\/\\\/secure.gravatar.com\\\/avatar\\\/6cf0505f452ee753f485014986fab09a434671d2b919ee76fc541025c5876a70?s=96&d=mm&r=g\",\"caption\":\"Memurun Sesi Haber Merkezi\"},\"sameAs\":[\"https:\\\/\\\/memurunsesi.net\"],\"url\":\"https:\\\/\\\/memurunsesi.net\\\/index.php\\\/author\\\/uniper\\\/\"}]}<\/script>\n<!-- \/ Yoast SEO plugin. -->","yoast_head_json":{"title":"Antalya'da paketleme fabrikas\u0131 alev alev yand\u0131 - Memurun Sesi","description":"Antalya'da paketleme fabrikas\u0131 alev alev yand\u0131","robots":{"index":"index","follow":"follow","max-snippet":"max-snippet:-1","max-image-preview":"max-image-preview:large","max-video-preview":"max-video-preview:-1"},"canonical":"https:\/\/memurunsesi.net\/index.php\/2025\/11\/03\/antalyada-paketleme-fabrikasi-alev-alev-yandi\/","og_locale":"tr_TR","og_type":"article","og_title":"Antalya'da paketleme fabrikas\u0131 alev alev yand\u0131 - Memurun Sesi","og_description":"Antalya'da paketleme fabrikas\u0131 alev alev yand\u0131","og_url":"https:\/\/memurunsesi.net\/index.php\/2025\/11\/03\/antalyada-paketleme-fabrikasi-alev-alev-yandi\/","og_site_name":"Memurun Sesi","article_publisher":"https:\/\/www.facebook.com\/unipersen\/?locale=tr_TR","article_published_time":"2025-11-03T06:20:04+00:00","og_image":[{"width":1410,"height":847,"url":"https:\/\/memurunsesi.net\/wp-content\/uploads\/2025\/11\/yangin.jpg","type":"image\/jpeg"}],"author":"Memurun Sesi Haber Merkezi","twitter_card":"summary_large_image","twitter_creator":"@unipersen","twitter_site":"@unipersen","twitter_misc":{"Yazan:":"Memurun Sesi Haber Merkezi","Tahmini okuma s\u00fcresi":"1 dakika"},"schema":{"@context":"https:\/\/schema.org","@graph":[{"@type":"Article","@id":"https:\/\/memurunsesi.net\/index.php\/2025\/11\/03\/antalyada-paketleme-fabrikasi-alev-alev-yandi\/#article","isPartOf":{"@id":"https:\/\/memurunsesi.net\/index.php\/2025\/11\/03\/antalyada-paketleme-fabrikasi-alev-alev-yandi\/"},"author":{"name":"Memurun Sesi Haber Merkezi","@id":"https:\/\/memurunsesi.net\/#\/schema\/person\/f21c2d73b89f6ee1d80b0a1803e38587"},"headline":"Antalya&#8217;da paketleme fabrikas\u0131 alev alev yand\u0131","datePublished":"2025-11-03T06:20:04+00:00","mainEntityOfPage":{"@id":"https:\/\/memurunsesi.net\/index.php\/2025\/11\/03\/antalyada-paketleme-fabrikasi-alev-alev-yandi\/"},"wordCount":250,"commentCount":0,"publisher":{"@id":"https:\/\/memurunsesi.net\/#organization"},"image":{"@id":"https:\/\/memurunsesi.net\/index.php\/2025\/11\/03\/antalyada-paketleme-fabrikasi-alev-alev-yandi\/#primaryimage"},"thumbnailUrl":"https:\/\/memurunsesi.net\/wp-content\/uploads\/2025\/11\/yangin.jpg","keywords":["yang\u0131n"],"articleSection":["T\u00fcm Haberler"],"inLanguage":"tr","potentialAction":[{"@type":"CommentAction","name":"Comment","target":["https:\/\/memurunsesi.net\/index.php\/2025\/11\/03\/antalyada-paketleme-fabrikasi-alev-alev-yandi\/#respond"]}]},{"@type":"WebPage","@id":"https:\/\/memurunsesi.net\/index.php\/2025\/11\/03\/antalyada-paketleme-fabrikasi-alev-alev-yandi\/","url":"https:\/\/memurunsesi.net\/index.php\/2025\/11\/03\/antalyada-paketleme-fabrikasi-alev-alev-yandi\/","name":"Antalya'da paketleme fabrikas\u0131 alev alev yand\u0131 - Memurun Sesi","isPartOf":{"@id":"https:\/\/memurunsesi.net\/#website"},"primaryImageOfPage":{"@id":"https:\/\/memurunsesi.net\/index.php\/2025\/11\/03\/antalyada-paketleme-fabrikasi-alev-alev-yandi\/#primaryimage"},"image":{"@id":"https:\/\/memurunsesi.net\/index.php\/2025\/11\/03\/antalyada-paketleme-fabrikasi-alev-alev-yandi\/#primaryimage"},"thumbnailUrl":"https:\/\/memurunsesi.net\/wp-content\/uploads\/2025\/11\/yangin.jpg","datePublished":"2025-11-03T06:20:04+00:00","description":"Antalya'da paketleme fabrikas\u0131 alev alev yand\u0131","breadcrumb":{"@id":"https:\/\/memurunsesi.net\/index.php\/2025\/11\/03\/antalyada-paketleme-fabrikasi-alev-alev-yandi\/#breadcrumb"},"inLanguage":"tr","potentialAction":[{"@type":"ReadAction","target":["https:\/\/memurunsesi.net\/index.php\/2025\/11\/03\/antalyada-paketleme-fabrikasi-alev-alev-yandi\/"]}]},{"@type":"ImageObject","inLanguage":"tr","@id":"https:\/\/memurunsesi.net\/index.php\/2025\/11\/03\/antalyada-paketleme-fabrikasi-alev-alev-yandi\/#primaryimage","url":"https:\/\/memurunsesi.net\/wp-content\/uploads\/2025\/11\/yangin.jpg","contentUrl":"https:\/\/memurunsesi.net\/wp-content\/uploads\/2025\/11\/yangin.jpg","width":1410,"height":847,"caption":"ANTALYA'DA GECE SAATLER\u0130NDE MEYVE-SEBZE PAKETLEME FABR\u0130KASINDA YANGIN \u00c7IKTI. \u0130TFA\u0130YE EK\u0130PLER\u0130N\u0130N YAKLA\u015eIK 2.5 SAATL\u0130K \u00c7ALI\u015eMASI \u0130LE KONTROL ALTINA ALINAN YANGINDA 1 \u0130\u015eYER\u0130 TAMAMEN YANARKEN, 1 \u0130\u015eYER\u0130NDE \u0130SE B\u00dcY\u00dcK \u00c7APTA HASAR MEYDANA GELD\u0130. (RAMAZAN BOZCA\/ANTALYA-\u0130HA) Antalya'da gece saatlerinde meyve-sebze paketleme fabrikas\u0131nda yang\u0131n \u00e7\u0131kt\u0131. \u0130tfaiye ekiplerinin yakla\u015f\u0131k 3 saatlik \u00e7al\u0131\u015fmas\u0131 ile kontrol alt\u0131na al\u0131nan yang\u0131nda bin 600 metrekarelik alan\u0131n b\u00fcy\u00fck k\u0131sm\u0131 k\u00fcle d\u00f6nd\u00fc."},{"@type":"BreadcrumbList","@id":"https:\/\/memurunsesi.net\/index.php\/2025\/11\/03\/antalyada-paketleme-fabrikasi-alev-alev-yandi\/#breadcrumb","itemListElement":[{"@type":"ListItem","position":1,"name":"Anasayfa","item":"https:\/\/memurunsesi.net\/"},{"@type":"ListItem","position":2,"name":"Antalya&#8217;da paketleme fabrikas\u0131 alev alev yand\u0131"}]},{"@type":"WebSite","@id":"https:\/\/memurunsesi.net\/#website","url":"https:\/\/memurunsesi.net\/","name":"Memurun Sesi","description":"G\u00fcncel ve Do\u011fru Haber","publisher":{"@id":"https:\/\/memurunsesi.net\/#organization"},"potentialAction":[{"@type":"SearchAction","target":{"@type":"EntryPoint","urlTemplate":"https:\/\/memurunsesi.net\/?s={search_term_string}"},"query-input":{"@type":"PropertyValueSpecification","valueRequired":true,"valueName":"search_term_string"}}],"inLanguage":"tr"},{"@type":"Organization","@id":"https:\/\/memurunsesi.net\/#organization","name":"Memurun Sesi","url":"https:\/\/memurunsesi.net\/","logo":{"@type":"ImageObject","inLanguage":"tr","@id":"https:\/\/memurunsesi.net\/#\/schema\/logo\/image\/","url":"https:\/\/memurunsesi.net\/wp-content\/uploads\/2025\/11\/cropped-MEMURUN-SESI.png","contentUrl":"https:\/\/memurunsesi.net\/wp-content\/uploads\/2025\/11\/cropped-MEMURUN-SESI.png","width":238,"height":57,"caption":"Memurun Sesi"},"image":{"@id":"https:\/\/memurunsesi.net\/#\/schema\/logo\/image\/"},"sameAs":["https:\/\/www.facebook.com\/unipersen\/?locale=tr_TR","https:\/\/x.com\/unipersen"]},{"@type":"Person","@id":"https:\/\/memurunsesi.net\/#\/schema\/person\/f21c2d73b89f6ee1d80b0a1803e38587","name":"Memurun Sesi Haber Merkezi","image":{"@type":"ImageObject","inLanguage":"tr","@id":"https:\/\/secure.gravatar.com\/avatar\/6cf0505f452ee753f485014986fab09a434671d2b919ee76fc541025c5876a70?s=96&d=mm&r=g","url":"https:\/\/secure.gravatar.com\/avatar\/6cf0505f452ee753f485014986fab09a434671d2b919ee76fc541025c5876a70?s=96&d=mm&r=g","contentUrl":"https:\/\/secure.gravatar.com\/avatar\/6cf0505f452ee753f485014986fab09a434671d2b919ee76fc541025c5876a70?s=96&d=mm&r=g","caption":"Memurun Sesi Haber Merkezi"},"sameAs":["https:\/\/memurunsesi.net"],"url":"https:\/\/memurunsesi.net\/index.php\/author\/uniper\/"}]}},"_links":{"self":[{"href":"https:\/\/memurunsesi.net\/index.php\/wp-json\/wp\/v2\/posts\/13695","targetHints":{"allow":["GET"]}}],"collection":[{"href":"https:\/\/memurunsesi.net\/index.php\/wp-json\/wp\/v2\/posts"}],"about":[{"href":"https:\/\/memurunsesi.net\/index.php\/wp-json\/wp\/v2\/types\/post"}],"author":[{"embeddable":true,"href":"https:\/\/memurunsesi.net\/index.php\/wp-json\/wp\/v2\/users\/1"}],"replies":[{"embeddable":true,"href":"https:\/\/memurunsesi.net\/index.php\/wp-json\/wp\/v2\/comments?post=13695"}],"version-history":[{"count":1,"href":"https:\/\/memurunsesi.net\/index.php\/wp-json\/wp\/v2\/posts\/13695\/revisions"}],"predecessor-version":[{"id":13697,"href":"https:\/\/memurunsesi.net\/index.php\/wp-json\/wp\/v2\/posts\/13695\/revisions\/13697"}],"wp:featuredmedia":[{"embeddable":true,"href":"https:\/\/memurunsesi.net\/index.php\/wp-json\/wp\/v2\/media\/13696"}],"wp:attachment":[{"href":"https:\/\/memurunsesi.net\/index.php\/wp-json\/wp\/v2\/media?parent=13695"}],"wp:term":[{"taxonomy":"category","embeddable":true,"href":"https:\/\/memurunsesi.net\/index.php\/wp-json\/wp\/v2\/categories?post=13695"},{"taxonomy":"post_tag","embeddable":true,"href":"https:\/\/memurunsesi.net\/index.php\/wp-json\/wp\/v2\/tags?post=13695"}],"curies":[{"name":"wp","href":"https:\/\/api.w.org\/{rel}","templated":true}]}}