{"id":13872,"date":"2025-11-10T07:04:59","date_gmt":"2025-11-10T04:04:59","guid":{"rendered":"https:\/\/memurunsesi.net\/?p=13872"},"modified":"2025-11-10T07:04:59","modified_gmt":"2025-11-10T04:04:59","slug":"kontrolden-cikan-otomobil-dereye-uctu-1-olu-1-yarali","status":"publish","type":"post","link":"https:\/\/memurunsesi.net\/index.php\/2025\/11\/10\/kontrolden-cikan-otomobil-dereye-uctu-1-olu-1-yarali\/","title":{"rendered":"Kontrolden \u00e7\u0131kan otomobil dereye u\u00e7tu: 1 \u00f6l\u00fc, 1 yaral\u0131"},"content":{"rendered":"<p>   Karab\u00fck\u2019\u00fcn Eskipazar il\u00e7esinde 1.72 promil alkoll\u00fc s\u00fcr\u00fcc\u00fcn\u00fcn direksiyon h\u00e2kimiyetini kaybetti\u011fi otomobilin k\u00f6pr\u00fcden dereye u\u00e7mas\u0131 sonucu 1 ki\u015fi hayat\u0131n\u0131 kaybetti, 1 ki\u015fi ise yaraland\u0131.<br \/>\n  Edinilen bilgiye g\u00f6re kaza, Eskipazar il\u00e7esi Bah\u00e7ep\u0131nar Mahallesi ile Yenimahalle\u2019yi birbirine ba\u011flayan k\u00f6pr\u00fc \u00fczerinde meydana geldi. Okan D. y\u00f6netimindeki 34 VJ 6190 plakal\u0131 otomobil, a\u015f\u0131r\u0131 h\u0131z ve dikkatsizlik sonucu k\u00f6pr\u00fcden ge\u00e7i\u015f esnas\u0131nda s\u00fcr\u00fcc\u00fcs\u00fcn\u00fcn direksiyon h\u00e2kimiyetini kaybetmesi sonucu yakla\u015f\u0131k 5 metre y\u00fckseklikten dereye u\u00e7tu. Kazada, ara\u00e7ta yolcu olarak bulunan U\u011fur G\u00f6kta\u015f olay yerinde hayat\u0131n\u0131 kaybetti, s\u00fcr\u00fcc\u00fc Okan D. ise yaraland\u0131. \u0130hbar \u00fczerine olay yerine sa\u011fl\u0131k ve polis ekipleri sevk edilirken, yap\u0131lan kontrollerde s\u00fcr\u00fcc\u00fcn\u00fcn 1.72 promil alkoll\u00fc oldu\u011fu tespit edildi. Yaral\u0131 s\u00fcr\u00fcc\u00fc, Karab\u00fck E\u011fitim ve Ara\u015ft\u0131rma Hastanesi\u2019ne kald\u0131r\u0131l\u0131rken, sa\u011fl\u0131k durumunun hayati tehlike ta\u015f\u0131mad\u0131\u011f\u0131 \u00f6\u011frenildi.<br \/>\n  Olayla ilgili inceleme ba\u015flat\u0131ld\u0131. <\/p>\n<p>10.11.2025                              <\/p>\n","protected":false},"excerpt":{"rendered":"<p>Karab\u00fck\u2019\u00fcn Eskipazar il\u00e7esinde 1.72 promil alkoll\u00fc s\u00fcr\u00fcc\u00fcn\u00fcn direksiyon h\u00e2kimiyetini kaybetti\u011fi otomobilin k\u00f6pr\u00fcden dereye u\u00e7mas\u0131 sonucu 1 ki\u015fi hayat\u0131n\u0131 kaybetti, 1 ki\u015fi ise yaraland\u0131. Edinilen bilgiye g\u00f6re kaza, Eskipazar il\u00e7esi Bah\u00e7ep\u0131nar Mahallesi ile Yenimahalle\u2019yi birbirine ba\u011flayan k\u00f6pr\u00fc \u00fczerinde meydana geldi. Okan D. y\u00f6netimindeki 34 VJ 6190 plakal\u0131 otomobil, a\u015f\u0131r\u0131 h\u0131z ve dikkatsizlik sonucu k\u00f6pr\u00fcden ge\u00e7i\u015f esnas\u0131nda [&hellip;]<\/p>\n","protected":false},"author":1,"featured_media":13873,"comment_status":"open","ping_status":"open","sticky":false,"template":"","format":"standard","meta":{"footnotes":""},"categories":[45],"tags":[292],"class_list":["post-13872","post","type-post","status-publish","format-standard","has-post-thumbnail","hentry","category-gundem","tag-dereye-uctu"],"yoast_head":"<!-- This site is optimized with the Yoast SEO plugin v27.4 - https:\/\/yoast.com\/product\/yoast-seo-wordpress\/ -->\n<title>Kontrolden \u00e7\u0131kan otomobil dereye u\u00e7tu: 1 \u00f6l\u00fc, 1 yaral\u0131 - Memurun Sesi<\/title>\n<meta name=\"description\" content=\"Kontrolden \u00e7\u0131kan otomobil dereye u\u00e7tu: 1 \u00f6l\u00fc, 1 yaral\u0131\" \/>\n<meta name=\"robots\" content=\"index, follow, max-snippet:-1, max-image-preview:large, max-video-preview:-1\" \/>\n<link rel=\"canonical\" href=\"https:\/\/memurunsesi.net\/index.php\/2025\/11\/10\/kontrolden-cikan-otomobil-dereye-uctu-1-olu-1-yarali\/\" \/>\n<meta property=\"og:locale\" content=\"tr_TR\" \/>\n<meta property=\"og:type\" content=\"article\" \/>\n<meta property=\"og:title\" content=\"Kontrolden \u00e7\u0131kan otomobil dereye u\u00e7tu: 1 \u00f6l\u00fc, 1 yaral\u0131 - Memurun Sesi\" \/>\n<meta property=\"og:description\" content=\"Kontrolden \u00e7\u0131kan otomobil dereye u\u00e7tu: 1 \u00f6l\u00fc, 1 yaral\u0131\" \/>\n<meta property=\"og:url\" content=\"https:\/\/memurunsesi.net\/index.php\/2025\/11\/10\/kontrolden-cikan-otomobil-dereye-uctu-1-olu-1-yarali\/\" \/>\n<meta property=\"og:site_name\" content=\"Memurun Sesi\" \/>\n<meta property=\"article:publisher\" content=\"https:\/\/www.facebook.com\/unipersen\/?locale=tr_TR\" \/>\n<meta property=\"article:published_time\" content=\"2025-11-10T04:04:59+00:00\" \/>\n<meta property=\"og:image\" content=\"https:\/\/memurunsesi.net\/wp-content\/uploads\/2025\/11\/uctu.jpg\" \/>\n\t<meta property=\"og:image:width\" content=\"2048\" \/>\n\t<meta property=\"og:image:height\" content=\"1152\" \/>\n\t<meta property=\"og:image:type\" content=\"image\/jpeg\" \/>\n<meta name=\"author\" content=\"Memurun Sesi Haber Merkezi\" \/>\n<meta name=\"twitter:card\" content=\"summary_large_image\" \/>\n<meta name=\"twitter:creator\" content=\"@unipersen\" \/>\n<meta name=\"twitter:site\" content=\"@unipersen\" \/>\n<meta name=\"twitter:label1\" content=\"Yazan:\" \/>\n\t<meta name=\"twitter:data1\" content=\"Memurun Sesi Haber Merkezi\" \/>\n\t<meta name=\"twitter:label2\" content=\"Tahmini okuma s\u00fcresi\" \/>\n\t<meta name=\"twitter:data2\" content=\"1 dakika\" \/>\n<script type=\"application\/ld+json\" class=\"yoast-schema-graph\">{\"@context\":\"https:\\\/\\\/schema.org\",\"@graph\":[{\"@type\":\"Article\",\"@id\":\"https:\\\/\\\/memurunsesi.net\\\/index.php\\\/2025\\\/11\\\/10\\\/kontrolden-cikan-otomobil-dereye-uctu-1-olu-1-yarali\\\/#article\",\"isPartOf\":{\"@id\":\"https:\\\/\\\/memurunsesi.net\\\/index.php\\\/2025\\\/11\\\/10\\\/kontrolden-cikan-otomobil-dereye-uctu-1-olu-1-yarali\\\/\"},\"author\":{\"name\":\"Memurun Sesi Haber Merkezi\",\"@id\":\"https:\\\/\\\/memurunsesi.net\\\/#\\\/schema\\\/person\\\/f21c2d73b89f6ee1d80b0a1803e38587\"},\"headline\":\"Kontrolden \u00e7\u0131kan otomobil dereye u\u00e7tu: 1 \u00f6l\u00fc, 1 yaral\u0131\",\"datePublished\":\"2025-11-10T04:04:59+00:00\",\"mainEntityOfPage\":{\"@id\":\"https:\\\/\\\/memurunsesi.net\\\/index.php\\\/2025\\\/11\\\/10\\\/kontrolden-cikan-otomobil-dereye-uctu-1-olu-1-yarali\\\/\"},\"wordCount\":187,\"commentCount\":0,\"publisher\":{\"@id\":\"https:\\\/\\\/memurunsesi.net\\\/#organization\"},\"image\":{\"@id\":\"https:\\\/\\\/memurunsesi.net\\\/index.php\\\/2025\\\/11\\\/10\\\/kontrolden-cikan-otomobil-dereye-uctu-1-olu-1-yarali\\\/#primaryimage\"},\"thumbnailUrl\":\"https:\\\/\\\/memurunsesi.net\\\/wp-content\\\/uploads\\\/2025\\\/11\\\/uctu.jpg\",\"keywords\":[\"dereye u\u00e7tu\"],\"articleSection\":[\"G\u00fcndem\"],\"inLanguage\":\"tr\",\"potentialAction\":[{\"@type\":\"CommentAction\",\"name\":\"Comment\",\"target\":[\"https:\\\/\\\/memurunsesi.net\\\/index.php\\\/2025\\\/11\\\/10\\\/kontrolden-cikan-otomobil-dereye-uctu-1-olu-1-yarali\\\/#respond\"]}]},{\"@type\":\"WebPage\",\"@id\":\"https:\\\/\\\/memurunsesi.net\\\/index.php\\\/2025\\\/11\\\/10\\\/kontrolden-cikan-otomobil-dereye-uctu-1-olu-1-yarali\\\/\",\"url\":\"https:\\\/\\\/memurunsesi.net\\\/index.php\\\/2025\\\/11\\\/10\\\/kontrolden-cikan-otomobil-dereye-uctu-1-olu-1-yarali\\\/\",\"name\":\"Kontrolden \u00e7\u0131kan otomobil dereye u\u00e7tu: 1 \u00f6l\u00fc, 1 yaral\u0131 - Memurun Sesi\",\"isPartOf\":{\"@id\":\"https:\\\/\\\/memurunsesi.net\\\/#website\"},\"primaryImageOfPage\":{\"@id\":\"https:\\\/\\\/memurunsesi.net\\\/index.php\\\/2025\\\/11\\\/10\\\/kontrolden-cikan-otomobil-dereye-uctu-1-olu-1-yarali\\\/#primaryimage\"},\"image\":{\"@id\":\"https:\\\/\\\/memurunsesi.net\\\/index.php\\\/2025\\\/11\\\/10\\\/kontrolden-cikan-otomobil-dereye-uctu-1-olu-1-yarali\\\/#primaryimage\"},\"thumbnailUrl\":\"https:\\\/\\\/memurunsesi.net\\\/wp-content\\\/uploads\\\/2025\\\/11\\\/uctu.jpg\",\"datePublished\":\"2025-11-10T04:04:59+00:00\",\"description\":\"Kontrolden \u00e7\u0131kan otomobil dereye u\u00e7tu: 1 \u00f6l\u00fc, 1 yaral\u0131\",\"breadcrumb\":{\"@id\":\"https:\\\/\\\/memurunsesi.net\\\/index.php\\\/2025\\\/11\\\/10\\\/kontrolden-cikan-otomobil-dereye-uctu-1-olu-1-yarali\\\/#breadcrumb\"},\"inLanguage\":\"tr\",\"potentialAction\":[{\"@type\":\"ReadAction\",\"target\":[\"https:\\\/\\\/memurunsesi.net\\\/index.php\\\/2025\\\/11\\\/10\\\/kontrolden-cikan-otomobil-dereye-uctu-1-olu-1-yarali\\\/\"]}]},{\"@type\":\"ImageObject\",\"inLanguage\":\"tr\",\"@id\":\"https:\\\/\\\/memurunsesi.net\\\/index.php\\\/2025\\\/11\\\/10\\\/kontrolden-cikan-otomobil-dereye-uctu-1-olu-1-yarali\\\/#primaryimage\",\"url\":\"https:\\\/\\\/memurunsesi.net\\\/wp-content\\\/uploads\\\/2025\\\/11\\\/uctu.jpg\",\"contentUrl\":\"https:\\\/\\\/memurunsesi.net\\\/wp-content\\\/uploads\\\/2025\\\/11\\\/uctu.jpg\",\"width\":1920,\"height\":1080,\"caption\":\"KARAB\u00dcK'\u00dcN ESK\u0130PAZAR \u0130L\u00c7ES\u0130NDE 1.72 PROM\u0130L ALKOLL\u00dc S\u00dcR\u00dcC\u00dcN\u00dcN D\u0130REKS\u0130YON H\u00c2K\u0130M\u0130YET\u0130N\u0130 KAYBETT\u0130\u011e\u0130 OTOMOB\u0130L\u0130N K\u00d6PR\u00dcDEN DEREYE U\u00c7MASI SONUCU B\u0130R K\u0130\u015e\u0130 HAYATINI KAYBETT\u0130, B\u0130R K\u0130\u015e\u0130 \u0130SE YARALANDI. (YAS\u0130N ERDEM\\\/KARAB\u00dcK-\u0130HA) Karab\u00fck'\u00fcn Eskipazar il\u00e7esinde 1.72 promil alkoll\u00fc s\u00fcr\u00fcc\u00fcn\u00fcn direksiyon h\u00e2kimiyetini kaybetti\u011fi otomobilin k\u00f6pr\u00fcden dereye u\u00e7mas\u0131 sonucu 1 ki\u015fi hayat\u0131n\u0131 kaybetti, 1 ki\u015fi ise yaraland\u0131.\"},{\"@type\":\"BreadcrumbList\",\"@id\":\"https:\\\/\\\/memurunsesi.net\\\/index.php\\\/2025\\\/11\\\/10\\\/kontrolden-cikan-otomobil-dereye-uctu-1-olu-1-yarali\\\/#breadcrumb\",\"itemListElement\":[{\"@type\":\"ListItem\",\"position\":1,\"name\":\"Anasayfa\",\"item\":\"https:\\\/\\\/memurunsesi.net\\\/\"},{\"@type\":\"ListItem\",\"position\":2,\"name\":\"Kontrolden \u00e7\u0131kan otomobil dereye u\u00e7tu: 1 \u00f6l\u00fc, 1 yaral\u0131\"}]},{\"@type\":\"WebSite\",\"@id\":\"https:\\\/\\\/memurunsesi.net\\\/#website\",\"url\":\"https:\\\/\\\/memurunsesi.net\\\/\",\"name\":\"Memurun Sesi\",\"description\":\"G\u00fcncel ve Do\u011fru Haber\",\"publisher\":{\"@id\":\"https:\\\/\\\/memurunsesi.net\\\/#organization\"},\"potentialAction\":[{\"@type\":\"SearchAction\",\"target\":{\"@type\":\"EntryPoint\",\"urlTemplate\":\"https:\\\/\\\/memurunsesi.net\\\/?s={search_term_string}\"},\"query-input\":{\"@type\":\"PropertyValueSpecification\",\"valueRequired\":true,\"valueName\":\"search_term_string\"}}],\"inLanguage\":\"tr\"},{\"@type\":\"Organization\",\"@id\":\"https:\\\/\\\/memurunsesi.net\\\/#organization\",\"name\":\"Memurun Sesi\",\"url\":\"https:\\\/\\\/memurunsesi.net\\\/\",\"logo\":{\"@type\":\"ImageObject\",\"inLanguage\":\"tr\",\"@id\":\"https:\\\/\\\/memurunsesi.net\\\/#\\\/schema\\\/logo\\\/image\\\/\",\"url\":\"https:\\\/\\\/memurunsesi.net\\\/wp-content\\\/uploads\\\/2025\\\/11\\\/cropped-MEMURUN-SESI.png\",\"contentUrl\":\"https:\\\/\\\/memurunsesi.net\\\/wp-content\\\/uploads\\\/2025\\\/11\\\/cropped-MEMURUN-SESI.png\",\"width\":238,\"height\":57,\"caption\":\"Memurun Sesi\"},\"image\":{\"@id\":\"https:\\\/\\\/memurunsesi.net\\\/#\\\/schema\\\/logo\\\/image\\\/\"},\"sameAs\":[\"https:\\\/\\\/www.facebook.com\\\/unipersen\\\/?locale=tr_TR\",\"https:\\\/\\\/x.com\\\/unipersen\"]},{\"@type\":\"Person\",\"@id\":\"https:\\\/\\\/memurunsesi.net\\\/#\\\/schema\\\/person\\\/f21c2d73b89f6ee1d80b0a1803e38587\",\"name\":\"Memurun Sesi Haber Merkezi\",\"image\":{\"@type\":\"ImageObject\",\"inLanguage\":\"tr\",\"@id\":\"https:\\\/\\\/secure.gravatar.com\\\/avatar\\\/6cf0505f452ee753f485014986fab09a434671d2b919ee76fc541025c5876a70?s=96&d=mm&r=g\",\"url\":\"https:\\\/\\\/secure.gravatar.com\\\/avatar\\\/6cf0505f452ee753f485014986fab09a434671d2b919ee76fc541025c5876a70?s=96&d=mm&r=g\",\"contentUrl\":\"https:\\\/\\\/secure.gravatar.com\\\/avatar\\\/6cf0505f452ee753f485014986fab09a434671d2b919ee76fc541025c5876a70?s=96&d=mm&r=g\",\"caption\":\"Memurun Sesi Haber Merkezi\"},\"sameAs\":[\"https:\\\/\\\/memurunsesi.net\"],\"url\":\"https:\\\/\\\/memurunsesi.net\\\/index.php\\\/author\\\/uniper\\\/\"}]}<\/script>\n<!-- \/ Yoast SEO plugin. -->","yoast_head_json":{"title":"Kontrolden \u00e7\u0131kan otomobil dereye u\u00e7tu: 1 \u00f6l\u00fc, 1 yaral\u0131 - Memurun Sesi","description":"Kontrolden \u00e7\u0131kan otomobil dereye u\u00e7tu: 1 \u00f6l\u00fc, 1 yaral\u0131","robots":{"index":"index","follow":"follow","max-snippet":"max-snippet:-1","max-image-preview":"max-image-preview:large","max-video-preview":"max-video-preview:-1"},"canonical":"https:\/\/memurunsesi.net\/index.php\/2025\/11\/10\/kontrolden-cikan-otomobil-dereye-uctu-1-olu-1-yarali\/","og_locale":"tr_TR","og_type":"article","og_title":"Kontrolden \u00e7\u0131kan otomobil dereye u\u00e7tu: 1 \u00f6l\u00fc, 1 yaral\u0131 - Memurun Sesi","og_description":"Kontrolden \u00e7\u0131kan otomobil dereye u\u00e7tu: 1 \u00f6l\u00fc, 1 yaral\u0131","og_url":"https:\/\/memurunsesi.net\/index.php\/2025\/11\/10\/kontrolden-cikan-otomobil-dereye-uctu-1-olu-1-yarali\/","og_site_name":"Memurun Sesi","article_publisher":"https:\/\/www.facebook.com\/unipersen\/?locale=tr_TR","article_published_time":"2025-11-10T04:04:59+00:00","og_image":[{"width":2048,"height":1152,"url":"https:\/\/memurunsesi.net\/wp-content\/uploads\/2025\/11\/uctu.jpg","type":"image\/jpeg"}],"author":"Memurun Sesi Haber Merkezi","twitter_card":"summary_large_image","twitter_creator":"@unipersen","twitter_site":"@unipersen","twitter_misc":{"Yazan:":"Memurun Sesi Haber Merkezi","Tahmini okuma s\u00fcresi":"1 dakika"},"schema":{"@context":"https:\/\/schema.org","@graph":[{"@type":"Article","@id":"https:\/\/memurunsesi.net\/index.php\/2025\/11\/10\/kontrolden-cikan-otomobil-dereye-uctu-1-olu-1-yarali\/#article","isPartOf":{"@id":"https:\/\/memurunsesi.net\/index.php\/2025\/11\/10\/kontrolden-cikan-otomobil-dereye-uctu-1-olu-1-yarali\/"},"author":{"name":"Memurun Sesi Haber Merkezi","@id":"https:\/\/memurunsesi.net\/#\/schema\/person\/f21c2d73b89f6ee1d80b0a1803e38587"},"headline":"Kontrolden \u00e7\u0131kan otomobil dereye u\u00e7tu: 1 \u00f6l\u00fc, 1 yaral\u0131","datePublished":"2025-11-10T04:04:59+00:00","mainEntityOfPage":{"@id":"https:\/\/memurunsesi.net\/index.php\/2025\/11\/10\/kontrolden-cikan-otomobil-dereye-uctu-1-olu-1-yarali\/"},"wordCount":187,"commentCount":0,"publisher":{"@id":"https:\/\/memurunsesi.net\/#organization"},"image":{"@id":"https:\/\/memurunsesi.net\/index.php\/2025\/11\/10\/kontrolden-cikan-otomobil-dereye-uctu-1-olu-1-yarali\/#primaryimage"},"thumbnailUrl":"https:\/\/memurunsesi.net\/wp-content\/uploads\/2025\/11\/uctu.jpg","keywords":["dereye u\u00e7tu"],"articleSection":["G\u00fcndem"],"inLanguage":"tr","potentialAction":[{"@type":"CommentAction","name":"Comment","target":["https:\/\/memurunsesi.net\/index.php\/2025\/11\/10\/kontrolden-cikan-otomobil-dereye-uctu-1-olu-1-yarali\/#respond"]}]},{"@type":"WebPage","@id":"https:\/\/memurunsesi.net\/index.php\/2025\/11\/10\/kontrolden-cikan-otomobil-dereye-uctu-1-olu-1-yarali\/","url":"https:\/\/memurunsesi.net\/index.php\/2025\/11\/10\/kontrolden-cikan-otomobil-dereye-uctu-1-olu-1-yarali\/","name":"Kontrolden \u00e7\u0131kan otomobil dereye u\u00e7tu: 1 \u00f6l\u00fc, 1 yaral\u0131 - Memurun Sesi","isPartOf":{"@id":"https:\/\/memurunsesi.net\/#website"},"primaryImageOfPage":{"@id":"https:\/\/memurunsesi.net\/index.php\/2025\/11\/10\/kontrolden-cikan-otomobil-dereye-uctu-1-olu-1-yarali\/#primaryimage"},"image":{"@id":"https:\/\/memurunsesi.net\/index.php\/2025\/11\/10\/kontrolden-cikan-otomobil-dereye-uctu-1-olu-1-yarali\/#primaryimage"},"thumbnailUrl":"https:\/\/memurunsesi.net\/wp-content\/uploads\/2025\/11\/uctu.jpg","datePublished":"2025-11-10T04:04:59+00:00","description":"Kontrolden \u00e7\u0131kan otomobil dereye u\u00e7tu: 1 \u00f6l\u00fc, 1 yaral\u0131","breadcrumb":{"@id":"https:\/\/memurunsesi.net\/index.php\/2025\/11\/10\/kontrolden-cikan-otomobil-dereye-uctu-1-olu-1-yarali\/#breadcrumb"},"inLanguage":"tr","potentialAction":[{"@type":"ReadAction","target":["https:\/\/memurunsesi.net\/index.php\/2025\/11\/10\/kontrolden-cikan-otomobil-dereye-uctu-1-olu-1-yarali\/"]}]},{"@type":"ImageObject","inLanguage":"tr","@id":"https:\/\/memurunsesi.net\/index.php\/2025\/11\/10\/kontrolden-cikan-otomobil-dereye-uctu-1-olu-1-yarali\/#primaryimage","url":"https:\/\/memurunsesi.net\/wp-content\/uploads\/2025\/11\/uctu.jpg","contentUrl":"https:\/\/memurunsesi.net\/wp-content\/uploads\/2025\/11\/uctu.jpg","width":1920,"height":1080,"caption":"KARAB\u00dcK'\u00dcN ESK\u0130PAZAR \u0130L\u00c7ES\u0130NDE 1.72 PROM\u0130L ALKOLL\u00dc S\u00dcR\u00dcC\u00dcN\u00dcN D\u0130REKS\u0130YON H\u00c2K\u0130M\u0130YET\u0130N\u0130 KAYBETT\u0130\u011e\u0130 OTOMOB\u0130L\u0130N K\u00d6PR\u00dcDEN DEREYE U\u00c7MASI SONUCU B\u0130R K\u0130\u015e\u0130 HAYATINI KAYBETT\u0130, B\u0130R K\u0130\u015e\u0130 \u0130SE YARALANDI. (YAS\u0130N ERDEM\/KARAB\u00dcK-\u0130HA) Karab\u00fck'\u00fcn Eskipazar il\u00e7esinde 1.72 promil alkoll\u00fc s\u00fcr\u00fcc\u00fcn\u00fcn direksiyon h\u00e2kimiyetini kaybetti\u011fi otomobilin k\u00f6pr\u00fcden dereye u\u00e7mas\u0131 sonucu 1 ki\u015fi hayat\u0131n\u0131 kaybetti, 1 ki\u015fi ise yaraland\u0131."},{"@type":"BreadcrumbList","@id":"https:\/\/memurunsesi.net\/index.php\/2025\/11\/10\/kontrolden-cikan-otomobil-dereye-uctu-1-olu-1-yarali\/#breadcrumb","itemListElement":[{"@type":"ListItem","position":1,"name":"Anasayfa","item":"https:\/\/memurunsesi.net\/"},{"@type":"ListItem","position":2,"name":"Kontrolden \u00e7\u0131kan otomobil dereye u\u00e7tu: 1 \u00f6l\u00fc, 1 yaral\u0131"}]},{"@type":"WebSite","@id":"https:\/\/memurunsesi.net\/#website","url":"https:\/\/memurunsesi.net\/","name":"Memurun Sesi","description":"G\u00fcncel ve Do\u011fru Haber","publisher":{"@id":"https:\/\/memurunsesi.net\/#organization"},"potentialAction":[{"@type":"SearchAction","target":{"@type":"EntryPoint","urlTemplate":"https:\/\/memurunsesi.net\/?s={search_term_string}"},"query-input":{"@type":"PropertyValueSpecification","valueRequired":true,"valueName":"search_term_string"}}],"inLanguage":"tr"},{"@type":"Organization","@id":"https:\/\/memurunsesi.net\/#organization","name":"Memurun Sesi","url":"https:\/\/memurunsesi.net\/","logo":{"@type":"ImageObject","inLanguage":"tr","@id":"https:\/\/memurunsesi.net\/#\/schema\/logo\/image\/","url":"https:\/\/memurunsesi.net\/wp-content\/uploads\/2025\/11\/cropped-MEMURUN-SESI.png","contentUrl":"https:\/\/memurunsesi.net\/wp-content\/uploads\/2025\/11\/cropped-MEMURUN-SESI.png","width":238,"height":57,"caption":"Memurun Sesi"},"image":{"@id":"https:\/\/memurunsesi.net\/#\/schema\/logo\/image\/"},"sameAs":["https:\/\/www.facebook.com\/unipersen\/?locale=tr_TR","https:\/\/x.com\/unipersen"]},{"@type":"Person","@id":"https:\/\/memurunsesi.net\/#\/schema\/person\/f21c2d73b89f6ee1d80b0a1803e38587","name":"Memurun Sesi Haber Merkezi","image":{"@type":"ImageObject","inLanguage":"tr","@id":"https:\/\/secure.gravatar.com\/avatar\/6cf0505f452ee753f485014986fab09a434671d2b919ee76fc541025c5876a70?s=96&d=mm&r=g","url":"https:\/\/secure.gravatar.com\/avatar\/6cf0505f452ee753f485014986fab09a434671d2b919ee76fc541025c5876a70?s=96&d=mm&r=g","contentUrl":"https:\/\/secure.gravatar.com\/avatar\/6cf0505f452ee753f485014986fab09a434671d2b919ee76fc541025c5876a70?s=96&d=mm&r=g","caption":"Memurun Sesi Haber Merkezi"},"sameAs":["https:\/\/memurunsesi.net"],"url":"https:\/\/memurunsesi.net\/index.php\/author\/uniper\/"}]}},"_links":{"self":[{"href":"https:\/\/memurunsesi.net\/index.php\/wp-json\/wp\/v2\/posts\/13872","targetHints":{"allow":["GET"]}}],"collection":[{"href":"https:\/\/memurunsesi.net\/index.php\/wp-json\/wp\/v2\/posts"}],"about":[{"href":"https:\/\/memurunsesi.net\/index.php\/wp-json\/wp\/v2\/types\/post"}],"author":[{"embeddable":true,"href":"https:\/\/memurunsesi.net\/index.php\/wp-json\/wp\/v2\/users\/1"}],"replies":[{"embeddable":true,"href":"https:\/\/memurunsesi.net\/index.php\/wp-json\/wp\/v2\/comments?post=13872"}],"version-history":[{"count":1,"href":"https:\/\/memurunsesi.net\/index.php\/wp-json\/wp\/v2\/posts\/13872\/revisions"}],"predecessor-version":[{"id":13874,"href":"https:\/\/memurunsesi.net\/index.php\/wp-json\/wp\/v2\/posts\/13872\/revisions\/13874"}],"wp:featuredmedia":[{"embeddable":true,"href":"https:\/\/memurunsesi.net\/index.php\/wp-json\/wp\/v2\/media\/13873"}],"wp:attachment":[{"href":"https:\/\/memurunsesi.net\/index.php\/wp-json\/wp\/v2\/media?parent=13872"}],"wp:term":[{"taxonomy":"category","embeddable":true,"href":"https:\/\/memurunsesi.net\/index.php\/wp-json\/wp\/v2\/categories?post=13872"},{"taxonomy":"post_tag","embeddable":true,"href":"https:\/\/memurunsesi.net\/index.php\/wp-json\/wp\/v2\/tags?post=13872"}],"curies":[{"name":"wp","href":"https:\/\/api.w.org\/{rel}","templated":true}]}}