{"id":13875,"date":"2025-11-10T07:06:34","date_gmt":"2025-11-10T04:06:34","guid":{"rendered":"https:\/\/memurunsesi.net\/?p=13875"},"modified":"2025-11-10T07:06:34","modified_gmt":"2025-11-10T04:06:34","slug":"otomobil-ile-carpisan-isci-servisi-devrildi-8-yarali","status":"publish","type":"post","link":"https:\/\/memurunsesi.net\/index.php\/2025\/11\/10\/otomobil-ile-carpisan-isci-servisi-devrildi-8-yarali\/","title":{"rendered":"Otomobil ile \u00e7arp\u0131\u015fan i\u015f\u00e7i servisi devrildi: 8 yaral\u0131"},"content":{"rendered":"<p>   Kocaeli&#8217;nin Gebze il\u00e7esinde i\u015f\u00e7ileri ta\u015f\u0131yan midib\u00fcs otomobil ile \u00e7arp\u0131\u015fmas\u0131 sonucu meydana gelen kazada 1&#8217;i a\u011f\u0131r 8 ki\u015fi yaraland\u0131.<br \/>\nKaza, Gebze il\u00e7esi Arap\u00e7e\u015fme Mahallesi Terminal Caddesi&#8217;nde meydana geldi. Edinilen bilgiye g\u00f6re, s\u00fcr\u00fcc\u00fc ismi \u00f6\u011frenilemeyen 41 P 4570 plakal\u0131 i\u015f\u00e7i servisi ile Eren K. idaresindeki 34 GV 7493 plakal\u0131 otomobil ayn\u0131 istikamette seyrederken \u00e7arp\u0131\u015ft\u0131. Meydana gelen kazada fabrika i\u015f\u00e7ilerini ta\u015f\u0131yan midib\u00fcs devrildi. Kazay\u0131 g\u00f6ren vatanda\u015flar 112 Acil \u00c7a\u011fr\u0131 Merkezi&#8217;ne haber verdi. \u0130hbar \u00fczerine olay yerine gelen sa\u011fl\u0131k ekipleri, serviste bulunan biri a\u011f\u0131r toplam 8 yaral\u0131y\u0131 ilk m\u00fcdahalenin ard\u0131ndan hastaneye kald\u0131rd\u0131. Kaza an\u0131 g\u00fcvenlik kameras\u0131na yans\u0131d\u0131.<br \/>\n  Polis kazayla ilgili inceleme ba\u015flatt\u0131. <\/p>\n<p>10.11.2025                                <\/p>\n","protected":false},"excerpt":{"rendered":"<p>Kocaeli&#8217;nin Gebze il\u00e7esinde i\u015f\u00e7ileri ta\u015f\u0131yan midib\u00fcs otomobil ile \u00e7arp\u0131\u015fmas\u0131 sonucu meydana gelen kazada 1&#8217;i a\u011f\u0131r 8 ki\u015fi yaraland\u0131. Kaza, Gebze il\u00e7esi Arap\u00e7e\u015fme Mahallesi Terminal Caddesi&#8217;nde meydana geldi. Edinilen bilgiye g\u00f6re, s\u00fcr\u00fcc\u00fc ismi \u00f6\u011frenilemeyen 41 P 4570 plakal\u0131 i\u015f\u00e7i servisi ile Eren K. idaresindeki 34 GV 7493 plakal\u0131 otomobil ayn\u0131 istikamette seyrederken \u00e7arp\u0131\u015ft\u0131. Meydana gelen kazada [&hellip;]<\/p>\n","protected":false},"author":1,"featured_media":13876,"comment_status":"open","ping_status":"open","sticky":false,"template":"","format":"standard","meta":{"footnotes":""},"categories":[45],"tags":[70,71],"class_list":["post-13875","post","type-post","status-publish","format-standard","has-post-thumbnail","hentry","category-gundem","tag-kaza","tag-yarali"],"yoast_head":"<!-- This site is optimized with the Yoast SEO plugin v27.4 - https:\/\/yoast.com\/product\/yoast-seo-wordpress\/ -->\n<title>Otomobil ile \u00e7arp\u0131\u015fan i\u015f\u00e7i servisi devrildi: 8 yaral\u0131 - Memurun Sesi<\/title>\n<meta name=\"description\" content=\"Otomobil ile \u00e7arp\u0131\u015fan i\u015f\u00e7i servisi devrildi: 8 yaral\u0131\" \/>\n<meta name=\"robots\" content=\"index, follow, max-snippet:-1, max-image-preview:large, max-video-preview:-1\" \/>\n<link rel=\"canonical\" href=\"https:\/\/memurunsesi.net\/index.php\/2025\/11\/10\/otomobil-ile-carpisan-isci-servisi-devrildi-8-yarali\/\" \/>\n<meta property=\"og:locale\" content=\"tr_TR\" \/>\n<meta property=\"og:type\" content=\"article\" \/>\n<meta property=\"og:title\" content=\"Otomobil ile \u00e7arp\u0131\u015fan i\u015f\u00e7i servisi devrildi: 8 yaral\u0131 - Memurun Sesi\" \/>\n<meta property=\"og:description\" content=\"Otomobil ile \u00e7arp\u0131\u015fan i\u015f\u00e7i servisi devrildi: 8 yaral\u0131\" \/>\n<meta property=\"og:url\" content=\"https:\/\/memurunsesi.net\/index.php\/2025\/11\/10\/otomobil-ile-carpisan-isci-servisi-devrildi-8-yarali\/\" \/>\n<meta property=\"og:site_name\" content=\"Memurun Sesi\" \/>\n<meta property=\"article:publisher\" content=\"https:\/\/www.facebook.com\/unipersen\/?locale=tr_TR\" \/>\n<meta property=\"article:published_time\" content=\"2025-11-10T04:06:34+00:00\" \/>\n<meta property=\"og:image\" content=\"https:\/\/memurunsesi.net\/wp-content\/uploads\/2025\/11\/kaza1.jpg\" \/>\n\t<meta property=\"og:image:width\" content=\"1920\" \/>\n\t<meta property=\"og:image:height\" content=\"1080\" \/>\n\t<meta property=\"og:image:type\" content=\"image\/jpeg\" \/>\n<meta name=\"author\" content=\"Memurun Sesi Haber Merkezi\" \/>\n<meta name=\"twitter:card\" content=\"summary_large_image\" \/>\n<meta name=\"twitter:creator\" content=\"@unipersen\" \/>\n<meta name=\"twitter:site\" content=\"@unipersen\" \/>\n<meta name=\"twitter:label1\" content=\"Yazan:\" \/>\n\t<meta name=\"twitter:data1\" content=\"Memurun Sesi Haber Merkezi\" \/>\n\t<meta name=\"twitter:label2\" content=\"Tahmini okuma s\u00fcresi\" \/>\n\t<meta name=\"twitter:data2\" content=\"1 dakika\" \/>\n<script type=\"application\/ld+json\" class=\"yoast-schema-graph\">{\"@context\":\"https:\\\/\\\/schema.org\",\"@graph\":[{\"@type\":\"Article\",\"@id\":\"https:\\\/\\\/memurunsesi.net\\\/index.php\\\/2025\\\/11\\\/10\\\/otomobil-ile-carpisan-isci-servisi-devrildi-8-yarali\\\/#article\",\"isPartOf\":{\"@id\":\"https:\\\/\\\/memurunsesi.net\\\/index.php\\\/2025\\\/11\\\/10\\\/otomobil-ile-carpisan-isci-servisi-devrildi-8-yarali\\\/\"},\"author\":{\"name\":\"Memurun Sesi Haber Merkezi\",\"@id\":\"https:\\\/\\\/memurunsesi.net\\\/#\\\/schema\\\/person\\\/f21c2d73b89f6ee1d80b0a1803e38587\"},\"headline\":\"Otomobil ile \u00e7arp\u0131\u015fan i\u015f\u00e7i servisi devrildi: 8 yaral\u0131\",\"datePublished\":\"2025-11-10T04:06:34+00:00\",\"mainEntityOfPage\":{\"@id\":\"https:\\\/\\\/memurunsesi.net\\\/index.php\\\/2025\\\/11\\\/10\\\/otomobil-ile-carpisan-isci-servisi-devrildi-8-yarali\\\/\"},\"wordCount\":135,\"commentCount\":0,\"publisher\":{\"@id\":\"https:\\\/\\\/memurunsesi.net\\\/#organization\"},\"image\":{\"@id\":\"https:\\\/\\\/memurunsesi.net\\\/index.php\\\/2025\\\/11\\\/10\\\/otomobil-ile-carpisan-isci-servisi-devrildi-8-yarali\\\/#primaryimage\"},\"thumbnailUrl\":\"https:\\\/\\\/memurunsesi.net\\\/wp-content\\\/uploads\\\/2025\\\/11\\\/kaza1.jpg\",\"keywords\":[\"kaza\",\"yaral\u0131\"],\"articleSection\":[\"G\u00fcndem\"],\"inLanguage\":\"tr\",\"potentialAction\":[{\"@type\":\"CommentAction\",\"name\":\"Comment\",\"target\":[\"https:\\\/\\\/memurunsesi.net\\\/index.php\\\/2025\\\/11\\\/10\\\/otomobil-ile-carpisan-isci-servisi-devrildi-8-yarali\\\/#respond\"]}]},{\"@type\":\"WebPage\",\"@id\":\"https:\\\/\\\/memurunsesi.net\\\/index.php\\\/2025\\\/11\\\/10\\\/otomobil-ile-carpisan-isci-servisi-devrildi-8-yarali\\\/\",\"url\":\"https:\\\/\\\/memurunsesi.net\\\/index.php\\\/2025\\\/11\\\/10\\\/otomobil-ile-carpisan-isci-servisi-devrildi-8-yarali\\\/\",\"name\":\"Otomobil ile \u00e7arp\u0131\u015fan i\u015f\u00e7i servisi devrildi: 8 yaral\u0131 - Memurun Sesi\",\"isPartOf\":{\"@id\":\"https:\\\/\\\/memurunsesi.net\\\/#website\"},\"primaryImageOfPage\":{\"@id\":\"https:\\\/\\\/memurunsesi.net\\\/index.php\\\/2025\\\/11\\\/10\\\/otomobil-ile-carpisan-isci-servisi-devrildi-8-yarali\\\/#primaryimage\"},\"image\":{\"@id\":\"https:\\\/\\\/memurunsesi.net\\\/index.php\\\/2025\\\/11\\\/10\\\/otomobil-ile-carpisan-isci-servisi-devrildi-8-yarali\\\/#primaryimage\"},\"thumbnailUrl\":\"https:\\\/\\\/memurunsesi.net\\\/wp-content\\\/uploads\\\/2025\\\/11\\\/kaza1.jpg\",\"datePublished\":\"2025-11-10T04:06:34+00:00\",\"description\":\"Otomobil ile \u00e7arp\u0131\u015fan i\u015f\u00e7i servisi devrildi: 8 yaral\u0131\",\"breadcrumb\":{\"@id\":\"https:\\\/\\\/memurunsesi.net\\\/index.php\\\/2025\\\/11\\\/10\\\/otomobil-ile-carpisan-isci-servisi-devrildi-8-yarali\\\/#breadcrumb\"},\"inLanguage\":\"tr\",\"potentialAction\":[{\"@type\":\"ReadAction\",\"target\":[\"https:\\\/\\\/memurunsesi.net\\\/index.php\\\/2025\\\/11\\\/10\\\/otomobil-ile-carpisan-isci-servisi-devrildi-8-yarali\\\/\"]}]},{\"@type\":\"ImageObject\",\"inLanguage\":\"tr\",\"@id\":\"https:\\\/\\\/memurunsesi.net\\\/index.php\\\/2025\\\/11\\\/10\\\/otomobil-ile-carpisan-isci-servisi-devrildi-8-yarali\\\/#primaryimage\",\"url\":\"https:\\\/\\\/memurunsesi.net\\\/wp-content\\\/uploads\\\/2025\\\/11\\\/kaza1.jpg\",\"contentUrl\":\"https:\\\/\\\/memurunsesi.net\\\/wp-content\\\/uploads\\\/2025\\\/11\\\/kaza1.jpg\",\"width\":1920,\"height\":1080,\"caption\":\"KOCAEL\u0130'N\u0130N GEBZE \u0130L\u00c7ES\u0130NDE \u0130\u015e\u00c7\u0130LER\u0130 TA\u015eIYAN M\u0130D\u0130B\u00dcS, OTOMOB\u0130L \u0130LE \u00c7ARPI\u015eMASI NET\u0130CES\u0130NDE DEVR\u0130LD\u0130. MEYDANA GELEN KAZADA B\u0130R\u0130 A\u011eIR 8 K\u0130\u015e\u0130 YARALANDI. (MERT G\u00dcREN\u00c7\\\/KOCAEL\u0130-\u0130HA) Kocaeli'nin Gebze il\u00e7esinde i\u015f\u00e7ileri ta\u015f\u0131yan midib\u00fcs otomobil ile \u00e7arp\u0131\u015fmas\u0131 sonucu meydana gelen kazada 1'i a\u011f\u0131r 8 ki\u015fi yaraland\u0131.\"},{\"@type\":\"BreadcrumbList\",\"@id\":\"https:\\\/\\\/memurunsesi.net\\\/index.php\\\/2025\\\/11\\\/10\\\/otomobil-ile-carpisan-isci-servisi-devrildi-8-yarali\\\/#breadcrumb\",\"itemListElement\":[{\"@type\":\"ListItem\",\"position\":1,\"name\":\"Anasayfa\",\"item\":\"https:\\\/\\\/memurunsesi.net\\\/\"},{\"@type\":\"ListItem\",\"position\":2,\"name\":\"Otomobil ile \u00e7arp\u0131\u015fan i\u015f\u00e7i servisi devrildi: 8 yaral\u0131\"}]},{\"@type\":\"WebSite\",\"@id\":\"https:\\\/\\\/memurunsesi.net\\\/#website\",\"url\":\"https:\\\/\\\/memurunsesi.net\\\/\",\"name\":\"Memurun Sesi\",\"description\":\"G\u00fcncel ve Do\u011fru Haber\",\"publisher\":{\"@id\":\"https:\\\/\\\/memurunsesi.net\\\/#organization\"},\"potentialAction\":[{\"@type\":\"SearchAction\",\"target\":{\"@type\":\"EntryPoint\",\"urlTemplate\":\"https:\\\/\\\/memurunsesi.net\\\/?s={search_term_string}\"},\"query-input\":{\"@type\":\"PropertyValueSpecification\",\"valueRequired\":true,\"valueName\":\"search_term_string\"}}],\"inLanguage\":\"tr\"},{\"@type\":\"Organization\",\"@id\":\"https:\\\/\\\/memurunsesi.net\\\/#organization\",\"name\":\"Memurun Sesi\",\"url\":\"https:\\\/\\\/memurunsesi.net\\\/\",\"logo\":{\"@type\":\"ImageObject\",\"inLanguage\":\"tr\",\"@id\":\"https:\\\/\\\/memurunsesi.net\\\/#\\\/schema\\\/logo\\\/image\\\/\",\"url\":\"https:\\\/\\\/memurunsesi.net\\\/wp-content\\\/uploads\\\/2025\\\/11\\\/cropped-MEMURUN-SESI.png\",\"contentUrl\":\"https:\\\/\\\/memurunsesi.net\\\/wp-content\\\/uploads\\\/2025\\\/11\\\/cropped-MEMURUN-SESI.png\",\"width\":238,\"height\":57,\"caption\":\"Memurun Sesi\"},\"image\":{\"@id\":\"https:\\\/\\\/memurunsesi.net\\\/#\\\/schema\\\/logo\\\/image\\\/\"},\"sameAs\":[\"https:\\\/\\\/www.facebook.com\\\/unipersen\\\/?locale=tr_TR\",\"https:\\\/\\\/x.com\\\/unipersen\"]},{\"@type\":\"Person\",\"@id\":\"https:\\\/\\\/memurunsesi.net\\\/#\\\/schema\\\/person\\\/f21c2d73b89f6ee1d80b0a1803e38587\",\"name\":\"Memurun Sesi Haber Merkezi\",\"image\":{\"@type\":\"ImageObject\",\"inLanguage\":\"tr\",\"@id\":\"https:\\\/\\\/secure.gravatar.com\\\/avatar\\\/6cf0505f452ee753f485014986fab09a434671d2b919ee76fc541025c5876a70?s=96&d=mm&r=g\",\"url\":\"https:\\\/\\\/secure.gravatar.com\\\/avatar\\\/6cf0505f452ee753f485014986fab09a434671d2b919ee76fc541025c5876a70?s=96&d=mm&r=g\",\"contentUrl\":\"https:\\\/\\\/secure.gravatar.com\\\/avatar\\\/6cf0505f452ee753f485014986fab09a434671d2b919ee76fc541025c5876a70?s=96&d=mm&r=g\",\"caption\":\"Memurun Sesi Haber Merkezi\"},\"sameAs\":[\"https:\\\/\\\/memurunsesi.net\"],\"url\":\"https:\\\/\\\/memurunsesi.net\\\/index.php\\\/author\\\/uniper\\\/\"}]}<\/script>\n<!-- \/ Yoast SEO plugin. -->","yoast_head_json":{"title":"Otomobil ile \u00e7arp\u0131\u015fan i\u015f\u00e7i servisi devrildi: 8 yaral\u0131 - Memurun Sesi","description":"Otomobil ile \u00e7arp\u0131\u015fan i\u015f\u00e7i servisi devrildi: 8 yaral\u0131","robots":{"index":"index","follow":"follow","max-snippet":"max-snippet:-1","max-image-preview":"max-image-preview:large","max-video-preview":"max-video-preview:-1"},"canonical":"https:\/\/memurunsesi.net\/index.php\/2025\/11\/10\/otomobil-ile-carpisan-isci-servisi-devrildi-8-yarali\/","og_locale":"tr_TR","og_type":"article","og_title":"Otomobil ile \u00e7arp\u0131\u015fan i\u015f\u00e7i servisi devrildi: 8 yaral\u0131 - Memurun Sesi","og_description":"Otomobil ile \u00e7arp\u0131\u015fan i\u015f\u00e7i servisi devrildi: 8 yaral\u0131","og_url":"https:\/\/memurunsesi.net\/index.php\/2025\/11\/10\/otomobil-ile-carpisan-isci-servisi-devrildi-8-yarali\/","og_site_name":"Memurun Sesi","article_publisher":"https:\/\/www.facebook.com\/unipersen\/?locale=tr_TR","article_published_time":"2025-11-10T04:06:34+00:00","og_image":[{"width":1920,"height":1080,"url":"https:\/\/memurunsesi.net\/wp-content\/uploads\/2025\/11\/kaza1.jpg","type":"image\/jpeg"}],"author":"Memurun Sesi Haber Merkezi","twitter_card":"summary_large_image","twitter_creator":"@unipersen","twitter_site":"@unipersen","twitter_misc":{"Yazan:":"Memurun Sesi Haber Merkezi","Tahmini okuma s\u00fcresi":"1 dakika"},"schema":{"@context":"https:\/\/schema.org","@graph":[{"@type":"Article","@id":"https:\/\/memurunsesi.net\/index.php\/2025\/11\/10\/otomobil-ile-carpisan-isci-servisi-devrildi-8-yarali\/#article","isPartOf":{"@id":"https:\/\/memurunsesi.net\/index.php\/2025\/11\/10\/otomobil-ile-carpisan-isci-servisi-devrildi-8-yarali\/"},"author":{"name":"Memurun Sesi Haber Merkezi","@id":"https:\/\/memurunsesi.net\/#\/schema\/person\/f21c2d73b89f6ee1d80b0a1803e38587"},"headline":"Otomobil ile \u00e7arp\u0131\u015fan i\u015f\u00e7i servisi devrildi: 8 yaral\u0131","datePublished":"2025-11-10T04:06:34+00:00","mainEntityOfPage":{"@id":"https:\/\/memurunsesi.net\/index.php\/2025\/11\/10\/otomobil-ile-carpisan-isci-servisi-devrildi-8-yarali\/"},"wordCount":135,"commentCount":0,"publisher":{"@id":"https:\/\/memurunsesi.net\/#organization"},"image":{"@id":"https:\/\/memurunsesi.net\/index.php\/2025\/11\/10\/otomobil-ile-carpisan-isci-servisi-devrildi-8-yarali\/#primaryimage"},"thumbnailUrl":"https:\/\/memurunsesi.net\/wp-content\/uploads\/2025\/11\/kaza1.jpg","keywords":["kaza","yaral\u0131"],"articleSection":["G\u00fcndem"],"inLanguage":"tr","potentialAction":[{"@type":"CommentAction","name":"Comment","target":["https:\/\/memurunsesi.net\/index.php\/2025\/11\/10\/otomobil-ile-carpisan-isci-servisi-devrildi-8-yarali\/#respond"]}]},{"@type":"WebPage","@id":"https:\/\/memurunsesi.net\/index.php\/2025\/11\/10\/otomobil-ile-carpisan-isci-servisi-devrildi-8-yarali\/","url":"https:\/\/memurunsesi.net\/index.php\/2025\/11\/10\/otomobil-ile-carpisan-isci-servisi-devrildi-8-yarali\/","name":"Otomobil ile \u00e7arp\u0131\u015fan i\u015f\u00e7i servisi devrildi: 8 yaral\u0131 - Memurun Sesi","isPartOf":{"@id":"https:\/\/memurunsesi.net\/#website"},"primaryImageOfPage":{"@id":"https:\/\/memurunsesi.net\/index.php\/2025\/11\/10\/otomobil-ile-carpisan-isci-servisi-devrildi-8-yarali\/#primaryimage"},"image":{"@id":"https:\/\/memurunsesi.net\/index.php\/2025\/11\/10\/otomobil-ile-carpisan-isci-servisi-devrildi-8-yarali\/#primaryimage"},"thumbnailUrl":"https:\/\/memurunsesi.net\/wp-content\/uploads\/2025\/11\/kaza1.jpg","datePublished":"2025-11-10T04:06:34+00:00","description":"Otomobil ile \u00e7arp\u0131\u015fan i\u015f\u00e7i servisi devrildi: 8 yaral\u0131","breadcrumb":{"@id":"https:\/\/memurunsesi.net\/index.php\/2025\/11\/10\/otomobil-ile-carpisan-isci-servisi-devrildi-8-yarali\/#breadcrumb"},"inLanguage":"tr","potentialAction":[{"@type":"ReadAction","target":["https:\/\/memurunsesi.net\/index.php\/2025\/11\/10\/otomobil-ile-carpisan-isci-servisi-devrildi-8-yarali\/"]}]},{"@type":"ImageObject","inLanguage":"tr","@id":"https:\/\/memurunsesi.net\/index.php\/2025\/11\/10\/otomobil-ile-carpisan-isci-servisi-devrildi-8-yarali\/#primaryimage","url":"https:\/\/memurunsesi.net\/wp-content\/uploads\/2025\/11\/kaza1.jpg","contentUrl":"https:\/\/memurunsesi.net\/wp-content\/uploads\/2025\/11\/kaza1.jpg","width":1920,"height":1080,"caption":"KOCAEL\u0130'N\u0130N GEBZE \u0130L\u00c7ES\u0130NDE \u0130\u015e\u00c7\u0130LER\u0130 TA\u015eIYAN M\u0130D\u0130B\u00dcS, OTOMOB\u0130L \u0130LE \u00c7ARPI\u015eMASI NET\u0130CES\u0130NDE DEVR\u0130LD\u0130. MEYDANA GELEN KAZADA B\u0130R\u0130 A\u011eIR 8 K\u0130\u015e\u0130 YARALANDI. (MERT G\u00dcREN\u00c7\/KOCAEL\u0130-\u0130HA) Kocaeli'nin Gebze il\u00e7esinde i\u015f\u00e7ileri ta\u015f\u0131yan midib\u00fcs otomobil ile \u00e7arp\u0131\u015fmas\u0131 sonucu meydana gelen kazada 1'i a\u011f\u0131r 8 ki\u015fi yaraland\u0131."},{"@type":"BreadcrumbList","@id":"https:\/\/memurunsesi.net\/index.php\/2025\/11\/10\/otomobil-ile-carpisan-isci-servisi-devrildi-8-yarali\/#breadcrumb","itemListElement":[{"@type":"ListItem","position":1,"name":"Anasayfa","item":"https:\/\/memurunsesi.net\/"},{"@type":"ListItem","position":2,"name":"Otomobil ile \u00e7arp\u0131\u015fan i\u015f\u00e7i servisi devrildi: 8 yaral\u0131"}]},{"@type":"WebSite","@id":"https:\/\/memurunsesi.net\/#website","url":"https:\/\/memurunsesi.net\/","name":"Memurun Sesi","description":"G\u00fcncel ve Do\u011fru Haber","publisher":{"@id":"https:\/\/memurunsesi.net\/#organization"},"potentialAction":[{"@type":"SearchAction","target":{"@type":"EntryPoint","urlTemplate":"https:\/\/memurunsesi.net\/?s={search_term_string}"},"query-input":{"@type":"PropertyValueSpecification","valueRequired":true,"valueName":"search_term_string"}}],"inLanguage":"tr"},{"@type":"Organization","@id":"https:\/\/memurunsesi.net\/#organization","name":"Memurun Sesi","url":"https:\/\/memurunsesi.net\/","logo":{"@type":"ImageObject","inLanguage":"tr","@id":"https:\/\/memurunsesi.net\/#\/schema\/logo\/image\/","url":"https:\/\/memurunsesi.net\/wp-content\/uploads\/2025\/11\/cropped-MEMURUN-SESI.png","contentUrl":"https:\/\/memurunsesi.net\/wp-content\/uploads\/2025\/11\/cropped-MEMURUN-SESI.png","width":238,"height":57,"caption":"Memurun Sesi"},"image":{"@id":"https:\/\/memurunsesi.net\/#\/schema\/logo\/image\/"},"sameAs":["https:\/\/www.facebook.com\/unipersen\/?locale=tr_TR","https:\/\/x.com\/unipersen"]},{"@type":"Person","@id":"https:\/\/memurunsesi.net\/#\/schema\/person\/f21c2d73b89f6ee1d80b0a1803e38587","name":"Memurun Sesi Haber Merkezi","image":{"@type":"ImageObject","inLanguage":"tr","@id":"https:\/\/secure.gravatar.com\/avatar\/6cf0505f452ee753f485014986fab09a434671d2b919ee76fc541025c5876a70?s=96&d=mm&r=g","url":"https:\/\/secure.gravatar.com\/avatar\/6cf0505f452ee753f485014986fab09a434671d2b919ee76fc541025c5876a70?s=96&d=mm&r=g","contentUrl":"https:\/\/secure.gravatar.com\/avatar\/6cf0505f452ee753f485014986fab09a434671d2b919ee76fc541025c5876a70?s=96&d=mm&r=g","caption":"Memurun Sesi Haber Merkezi"},"sameAs":["https:\/\/memurunsesi.net"],"url":"https:\/\/memurunsesi.net\/index.php\/author\/uniper\/"}]}},"_links":{"self":[{"href":"https:\/\/memurunsesi.net\/index.php\/wp-json\/wp\/v2\/posts\/13875","targetHints":{"allow":["GET"]}}],"collection":[{"href":"https:\/\/memurunsesi.net\/index.php\/wp-json\/wp\/v2\/posts"}],"about":[{"href":"https:\/\/memurunsesi.net\/index.php\/wp-json\/wp\/v2\/types\/post"}],"author":[{"embeddable":true,"href":"https:\/\/memurunsesi.net\/index.php\/wp-json\/wp\/v2\/users\/1"}],"replies":[{"embeddable":true,"href":"https:\/\/memurunsesi.net\/index.php\/wp-json\/wp\/v2\/comments?post=13875"}],"version-history":[{"count":1,"href":"https:\/\/memurunsesi.net\/index.php\/wp-json\/wp\/v2\/posts\/13875\/revisions"}],"predecessor-version":[{"id":13877,"href":"https:\/\/memurunsesi.net\/index.php\/wp-json\/wp\/v2\/posts\/13875\/revisions\/13877"}],"wp:featuredmedia":[{"embeddable":true,"href":"https:\/\/memurunsesi.net\/index.php\/wp-json\/wp\/v2\/media\/13876"}],"wp:attachment":[{"href":"https:\/\/memurunsesi.net\/index.php\/wp-json\/wp\/v2\/media?parent=13875"}],"wp:term":[{"taxonomy":"category","embeddable":true,"href":"https:\/\/memurunsesi.net\/index.php\/wp-json\/wp\/v2\/categories?post=13875"},{"taxonomy":"post_tag","embeddable":true,"href":"https:\/\/memurunsesi.net\/index.php\/wp-json\/wp\/v2\/tags?post=13875"}],"curies":[{"name":"wp","href":"https:\/\/api.w.org\/{rel}","templated":true}]}}