{"id":13878,"date":"2025-11-10T07:08:05","date_gmt":"2025-11-10T04:08:05","guid":{"rendered":"https:\/\/memurunsesi.net\/?p=13878"},"modified":"2025-11-10T07:08:05","modified_gmt":"2025-11-10T04:08:05","slug":"kadikoyde-dehset-anlarinin-goruntusu-ortaya-cikti-genc-kadinin-yuzunu-boyle-yakti","status":"publish","type":"post","link":"https:\/\/memurunsesi.net\/index.php\/2025\/11\/10\/kadikoyde-dehset-anlarinin-goruntusu-ortaya-cikti-genc-kadinin-yuzunu-boyle-yakti\/","title":{"rendered":"Kad\u0131k\u00f6y\u2019de deh\u015fet anlar\u0131n\u0131n g\u00f6r\u00fcnt\u00fcs\u00fc ortaya \u00e7\u0131kt\u0131&#8230; Gen\u00e7 kad\u0131n\u0131n y\u00fcz\u00fcn\u00fc b\u00f6yle yakt\u0131"},"content":{"rendered":"<p>  \u0130stanbul Kad\u0131k\u00f6y\u2019de bir e\u011flence mekan\u0131n\u0131n \u00f6n\u00fcnde oturan kad\u0131n, ba\u015fka bir kad\u0131n taraf\u0131ndan \u00fczerine yan\u0131c\u0131 madde d\u00f6k\u00fclerek ate\u015fe verildi. A\u011f\u0131r yaralanan kad\u0131n hastanede tedavi alt\u0131na al\u0131n\u0131rken, olay an\u0131na ait g\u00fcvenlik kameras\u0131 g\u00f6r\u00fcnt\u00fcleri ortaya \u00e7\u0131kt\u0131.<br \/>\n  Olay, ge\u00e7ti\u011fimiz g\u00fcnlerde Kad\u0131k\u00f6y Cafera\u011fa Mahallesi\u2019nde bulunan bir e\u011flence mekan\u0131n\u0131n \u00f6n\u00fcnde meydana geldi. Edinilen bilgiye g\u00f6re, G\u00f6zde Y\u0131lmaz (33) arkada\u015flar\u0131yla birlikte d\u0131\u015far\u0131da oturdu\u011fu s\u0131rada cep telefonuyla k\u0131sa bir g\u00f6r\u00fc\u015fme yapt\u0131. G\u00f6r\u00fc\u015fmenin hemen ard\u0131ndan S.G.A. adl\u0131 kad\u0131n, elindeki yan\u0131c\u0131 maddeyi Y\u0131lmaz\u2019\u0131n ba\u015f\u0131na d\u00f6kt\u00fc. Sald\u0131rgan kad\u0131n, ba\u011f\u0131rarak \u00e7akma\u011f\u0131 \u00e7akt\u0131 ve gen\u00e7 kad\u0131n\u0131 ate\u015fe verdi. Bir anda alevler i\u00e7inde kalan Y\u0131lmaz\u2019a arkada\u015flar\u0131 m\u00fcdahale ederken, \u00e7evredekiler panik i\u00e7inde durumu polis ve sa\u011fl\u0131k ekiplerine bildirdi. \u0130hbar \u00fczerine olay yerine gelen sa\u011fl\u0131k ekipleri, v\u00fccudunda \u00fc\u00e7\u00fcnc\u00fc derece yan\u0131klar olu\u015fan Y\u0131lmaz\u2019\u0131 ambulansla Kartal Dr. L\u00fctf\u00fc K\u0131rdar \u015eehir Hastanesi\u2019ne kald\u0131rd\u0131. Y\u0131lmaz\u2019\u0131n yan\u0131k b\u00f6l\u00fcm\u00fcnde tedavisi devam ederken, olay\u0131n ard\u0131ndan ka\u00e7an \u015f\u00fcpheli S.G.A. polis ekiplerince k\u0131sa s\u00fcrede yakaland\u0131. Emniyetteki i\u015flemlerinin ard\u0131ndan adliyeye sevk edilen sald\u0131rgan, \u00e7\u0131kar\u0131ld\u0131\u011f\u0131 mahkemece tutuklanarak cezaevine g\u00f6nderildi.  <\/p>\n<p>  Olay an\u0131n\u0131n g\u00f6r\u00fcnt\u00fcleri ortaya \u00e7\u0131kt\u0131<br \/>\n  Sald\u0131r\u0131 an\u0131na ait g\u00fcvenlik kameras\u0131 g\u00f6r\u00fcnt\u00fcleri ortaya \u00e7\u0131kt\u0131. G\u00f6r\u00fcnt\u00fclerde S.G.A. adl\u0131 kad\u0131n\u0131n biranda olay yerine gelerek arkada\u015flar\u0131yla birlikte oturan Y\u0131lmaz\u2019\u0131n \u00fczerine yan\u0131c\u0131 madde d\u00f6kerek \u00e7akmak ile yakt\u0131\u011f\u0131 g\u00f6r\u00fcld\u00fc. Alevler i\u00e7inde kalan Y\u0131lmaz\u2019a ilk m\u00fcdahaleyi \u00e7evredekiler yapt\u0131. <\/p>\n<p>10.11.2025                                   <\/p>\n","protected":false},"excerpt":{"rendered":"<p>\u0130stanbul Kad\u0131k\u00f6y\u2019de bir e\u011flence mekan\u0131n\u0131n \u00f6n\u00fcnde oturan kad\u0131n, ba\u015fka bir kad\u0131n taraf\u0131ndan \u00fczerine yan\u0131c\u0131 madde d\u00f6k\u00fclerek ate\u015fe verildi. A\u011f\u0131r yaralanan kad\u0131n hastanede tedavi alt\u0131na al\u0131n\u0131rken, olay an\u0131na ait g\u00fcvenlik kameras\u0131 g\u00f6r\u00fcnt\u00fcleri ortaya \u00e7\u0131kt\u0131. Olay, ge\u00e7ti\u011fimiz g\u00fcnlerde Kad\u0131k\u00f6y Cafera\u011fa Mahallesi\u2019nde bulunan bir e\u011flence mekan\u0131n\u0131n \u00f6n\u00fcnde meydana geldi. Edinilen bilgiye g\u00f6re, G\u00f6zde Y\u0131lmaz (33) arkada\u015flar\u0131yla birlikte d\u0131\u015far\u0131da [&hellip;]<\/p>\n","protected":false},"author":1,"featured_media":13879,"comment_status":"open","ping_status":"open","sticky":false,"template":"","format":"standard","meta":{"footnotes":""},"categories":[45],"tags":[293],"class_list":["post-13878","post","type-post","status-publish","format-standard","has-post-thumbnail","hentry","category-gundem","tag-kadinin-suratini-yakti"],"yoast_head":"<!-- This site is optimized with the Yoast SEO plugin v27.4 - https:\/\/yoast.com\/product\/yoast-seo-wordpress\/ -->\n<title>Kad\u0131k\u00f6y\u2019de deh\u015fet anlar\u0131n\u0131n g\u00f6r\u00fcnt\u00fcs\u00fc ortaya \u00e7\u0131kt\u0131... Gen\u00e7 kad\u0131n\u0131n y\u00fcz\u00fcn\u00fc b\u00f6yle yakt\u0131 - Memurun Sesi<\/title>\n<meta name=\"description\" content=\"Kad\u0131k\u00f6y\u2019de deh\u015fet anlar\u0131n\u0131n g\u00f6r\u00fcnt\u00fcs\u00fc ortaya \u00e7\u0131kt\u0131... Gen\u00e7 kad\u0131n\u0131n y\u00fcz\u00fcn\u00fc b\u00f6yle yakt\u0131\" \/>\n<meta name=\"robots\" content=\"index, follow, max-snippet:-1, max-image-preview:large, max-video-preview:-1\" \/>\n<link rel=\"canonical\" href=\"https:\/\/memurunsesi.net\/index.php\/2025\/11\/10\/kadikoyde-dehset-anlarinin-goruntusu-ortaya-cikti-genc-kadinin-yuzunu-boyle-yakti\/\" \/>\n<meta property=\"og:locale\" content=\"tr_TR\" \/>\n<meta property=\"og:type\" content=\"article\" \/>\n<meta property=\"og:title\" content=\"Kad\u0131k\u00f6y\u2019de deh\u015fet anlar\u0131n\u0131n g\u00f6r\u00fcnt\u00fcs\u00fc ortaya \u00e7\u0131kt\u0131... Gen\u00e7 kad\u0131n\u0131n y\u00fcz\u00fcn\u00fc b\u00f6yle yakt\u0131 - Memurun Sesi\" \/>\n<meta property=\"og:description\" content=\"Kad\u0131k\u00f6y\u2019de deh\u015fet anlar\u0131n\u0131n g\u00f6r\u00fcnt\u00fcs\u00fc ortaya \u00e7\u0131kt\u0131... Gen\u00e7 kad\u0131n\u0131n y\u00fcz\u00fcn\u00fc b\u00f6yle yakt\u0131\" \/>\n<meta property=\"og:url\" content=\"https:\/\/memurunsesi.net\/index.php\/2025\/11\/10\/kadikoyde-dehset-anlarinin-goruntusu-ortaya-cikti-genc-kadinin-yuzunu-boyle-yakti\/\" \/>\n<meta property=\"og:site_name\" content=\"Memurun Sesi\" \/>\n<meta property=\"article:publisher\" content=\"https:\/\/www.facebook.com\/unipersen\/?locale=tr_TR\" \/>\n<meta property=\"article:published_time\" content=\"2025-11-10T04:08:05+00:00\" \/>\n<meta property=\"og:image\" content=\"https:\/\/memurunsesi.net\/wp-content\/uploads\/2025\/11\/kadin.jpg\" \/>\n\t<meta property=\"og:image:width\" content=\"1290\" \/>\n\t<meta property=\"og:image:height\" content=\"1461\" \/>\n\t<meta property=\"og:image:type\" content=\"image\/jpeg\" \/>\n<meta name=\"author\" content=\"Memurun Sesi Haber Merkezi\" \/>\n<meta name=\"twitter:card\" content=\"summary_large_image\" \/>\n<meta name=\"twitter:creator\" content=\"@unipersen\" \/>\n<meta name=\"twitter:site\" content=\"@unipersen\" \/>\n<meta name=\"twitter:label1\" content=\"Yazan:\" \/>\n\t<meta name=\"twitter:data1\" content=\"Memurun Sesi Haber Merkezi\" \/>\n\t<meta name=\"twitter:label2\" content=\"Tahmini okuma s\u00fcresi\" \/>\n\t<meta name=\"twitter:data2\" content=\"1 dakika\" \/>\n<script type=\"application\/ld+json\" class=\"yoast-schema-graph\">{\"@context\":\"https:\\\/\\\/schema.org\",\"@graph\":[{\"@type\":\"Article\",\"@id\":\"https:\\\/\\\/memurunsesi.net\\\/index.php\\\/2025\\\/11\\\/10\\\/kadikoyde-dehset-anlarinin-goruntusu-ortaya-cikti-genc-kadinin-yuzunu-boyle-yakti\\\/#article\",\"isPartOf\":{\"@id\":\"https:\\\/\\\/memurunsesi.net\\\/index.php\\\/2025\\\/11\\\/10\\\/kadikoyde-dehset-anlarinin-goruntusu-ortaya-cikti-genc-kadinin-yuzunu-boyle-yakti\\\/\"},\"author\":{\"name\":\"Memurun Sesi Haber Merkezi\",\"@id\":\"https:\\\/\\\/memurunsesi.net\\\/#\\\/schema\\\/person\\\/f21c2d73b89f6ee1d80b0a1803e38587\"},\"headline\":\"Kad\u0131k\u00f6y\u2019de deh\u015fet anlar\u0131n\u0131n g\u00f6r\u00fcnt\u00fcs\u00fc ortaya \u00e7\u0131kt\u0131&#8230; Gen\u00e7 kad\u0131n\u0131n y\u00fcz\u00fcn\u00fc b\u00f6yle yakt\u0131\",\"datePublished\":\"2025-11-10T04:08:05+00:00\",\"mainEntityOfPage\":{\"@id\":\"https:\\\/\\\/memurunsesi.net\\\/index.php\\\/2025\\\/11\\\/10\\\/kadikoyde-dehset-anlarinin-goruntusu-ortaya-cikti-genc-kadinin-yuzunu-boyle-yakti\\\/\"},\"wordCount\":347,\"commentCount\":0,\"publisher\":{\"@id\":\"https:\\\/\\\/memurunsesi.net\\\/#organization\"},\"image\":{\"@id\":\"https:\\\/\\\/memurunsesi.net\\\/index.php\\\/2025\\\/11\\\/10\\\/kadikoyde-dehset-anlarinin-goruntusu-ortaya-cikti-genc-kadinin-yuzunu-boyle-yakti\\\/#primaryimage\"},\"thumbnailUrl\":\"https:\\\/\\\/memurunsesi.net\\\/wp-content\\\/uploads\\\/2025\\\/11\\\/kadin.jpg\",\"keywords\":[\"kad\u0131n\u0131n surat\u0131n\u0131 yakt\u0131\"],\"articleSection\":[\"G\u00fcndem\"],\"inLanguage\":\"tr\",\"potentialAction\":[{\"@type\":\"CommentAction\",\"name\":\"Comment\",\"target\":[\"https:\\\/\\\/memurunsesi.net\\\/index.php\\\/2025\\\/11\\\/10\\\/kadikoyde-dehset-anlarinin-goruntusu-ortaya-cikti-genc-kadinin-yuzunu-boyle-yakti\\\/#respond\"]}]},{\"@type\":\"WebPage\",\"@id\":\"https:\\\/\\\/memurunsesi.net\\\/index.php\\\/2025\\\/11\\\/10\\\/kadikoyde-dehset-anlarinin-goruntusu-ortaya-cikti-genc-kadinin-yuzunu-boyle-yakti\\\/\",\"url\":\"https:\\\/\\\/memurunsesi.net\\\/index.php\\\/2025\\\/11\\\/10\\\/kadikoyde-dehset-anlarinin-goruntusu-ortaya-cikti-genc-kadinin-yuzunu-boyle-yakti\\\/\",\"name\":\"Kad\u0131k\u00f6y\u2019de deh\u015fet anlar\u0131n\u0131n g\u00f6r\u00fcnt\u00fcs\u00fc ortaya \u00e7\u0131kt\u0131... Gen\u00e7 kad\u0131n\u0131n y\u00fcz\u00fcn\u00fc b\u00f6yle yakt\u0131 - Memurun Sesi\",\"isPartOf\":{\"@id\":\"https:\\\/\\\/memurunsesi.net\\\/#website\"},\"primaryImageOfPage\":{\"@id\":\"https:\\\/\\\/memurunsesi.net\\\/index.php\\\/2025\\\/11\\\/10\\\/kadikoyde-dehset-anlarinin-goruntusu-ortaya-cikti-genc-kadinin-yuzunu-boyle-yakti\\\/#primaryimage\"},\"image\":{\"@id\":\"https:\\\/\\\/memurunsesi.net\\\/index.php\\\/2025\\\/11\\\/10\\\/kadikoyde-dehset-anlarinin-goruntusu-ortaya-cikti-genc-kadinin-yuzunu-boyle-yakti\\\/#primaryimage\"},\"thumbnailUrl\":\"https:\\\/\\\/memurunsesi.net\\\/wp-content\\\/uploads\\\/2025\\\/11\\\/kadin.jpg\",\"datePublished\":\"2025-11-10T04:08:05+00:00\",\"description\":\"Kad\u0131k\u00f6y\u2019de deh\u015fet anlar\u0131n\u0131n g\u00f6r\u00fcnt\u00fcs\u00fc ortaya \u00e7\u0131kt\u0131... Gen\u00e7 kad\u0131n\u0131n y\u00fcz\u00fcn\u00fc b\u00f6yle yakt\u0131\",\"breadcrumb\":{\"@id\":\"https:\\\/\\\/memurunsesi.net\\\/index.php\\\/2025\\\/11\\\/10\\\/kadikoyde-dehset-anlarinin-goruntusu-ortaya-cikti-genc-kadinin-yuzunu-boyle-yakti\\\/#breadcrumb\"},\"inLanguage\":\"tr\",\"potentialAction\":[{\"@type\":\"ReadAction\",\"target\":[\"https:\\\/\\\/memurunsesi.net\\\/index.php\\\/2025\\\/11\\\/10\\\/kadikoyde-dehset-anlarinin-goruntusu-ortaya-cikti-genc-kadinin-yuzunu-boyle-yakti\\\/\"]}]},{\"@type\":\"ImageObject\",\"inLanguage\":\"tr\",\"@id\":\"https:\\\/\\\/memurunsesi.net\\\/index.php\\\/2025\\\/11\\\/10\\\/kadikoyde-dehset-anlarinin-goruntusu-ortaya-cikti-genc-kadinin-yuzunu-boyle-yakti\\\/#primaryimage\",\"url\":\"https:\\\/\\\/memurunsesi.net\\\/wp-content\\\/uploads\\\/2025\\\/11\\\/kadin.jpg\",\"contentUrl\":\"https:\\\/\\\/memurunsesi.net\\\/wp-content\\\/uploads\\\/2025\\\/11\\\/kadin.jpg\",\"width\":1290,\"height\":1461,\"caption\":\"\u0130STANBUL KADIK\u00d6Y'DE B\u0130R E\u011eLENCE MEKANININ \u00d6N\u00dcNDE OTURAN KADIN, BA\u015eKA B\u0130R KADIN TARAFINDAN \u00dcZER\u0130NE YANICI MADDE D\u00d6K\u00dcLEREK ATE\u015eE VER\u0130LD\u0130. A\u011eIR YARALANAN KADIN HASTANEDE TEDAV\u0130 ALTINA ALINIRKEN, OLAY ANINA A\u0130T G\u00dcVENL\u0130K KAMERASI G\u00d6R\u00dcNT\u00dcLER\u0130 ORTAYA \u00c7IKTI. (ONUR ERDEN\\\/\u0130STANBUL-\u0130HA) \u0130stanbul Kad\u0131k\u00f6y'de bir e\u011flence mekan\u0131n\u0131n \u00f6n\u00fcnde oturan kad\u0131n, ba\u015fka bir kad\u0131n taraf\u0131ndan \u00fczerine yan\u0131c\u0131 madde d\u00f6k\u00fclerek ate\u015fe verildi. A\u011f\u0131r yaralanan kad\u0131n hastanede tedavi alt\u0131na al\u0131n\u0131rken, olay an\u0131na ait g\u00fcvenlik kameras\u0131 g\u00f6r\u00fcnt\u00fcleri ortaya \u00e7\u0131kt\u0131.\"},{\"@type\":\"BreadcrumbList\",\"@id\":\"https:\\\/\\\/memurunsesi.net\\\/index.php\\\/2025\\\/11\\\/10\\\/kadikoyde-dehset-anlarinin-goruntusu-ortaya-cikti-genc-kadinin-yuzunu-boyle-yakti\\\/#breadcrumb\",\"itemListElement\":[{\"@type\":\"ListItem\",\"position\":1,\"name\":\"Anasayfa\",\"item\":\"https:\\\/\\\/memurunsesi.net\\\/\"},{\"@type\":\"ListItem\",\"position\":2,\"name\":\"Kad\u0131k\u00f6y\u2019de deh\u015fet anlar\u0131n\u0131n g\u00f6r\u00fcnt\u00fcs\u00fc ortaya \u00e7\u0131kt\u0131&#8230; Gen\u00e7 kad\u0131n\u0131n y\u00fcz\u00fcn\u00fc b\u00f6yle yakt\u0131\"}]},{\"@type\":\"WebSite\",\"@id\":\"https:\\\/\\\/memurunsesi.net\\\/#website\",\"url\":\"https:\\\/\\\/memurunsesi.net\\\/\",\"name\":\"Memurun Sesi\",\"description\":\"G\u00fcncel ve Do\u011fru Haber\",\"publisher\":{\"@id\":\"https:\\\/\\\/memurunsesi.net\\\/#organization\"},\"potentialAction\":[{\"@type\":\"SearchAction\",\"target\":{\"@type\":\"EntryPoint\",\"urlTemplate\":\"https:\\\/\\\/memurunsesi.net\\\/?s={search_term_string}\"},\"query-input\":{\"@type\":\"PropertyValueSpecification\",\"valueRequired\":true,\"valueName\":\"search_term_string\"}}],\"inLanguage\":\"tr\"},{\"@type\":\"Organization\",\"@id\":\"https:\\\/\\\/memurunsesi.net\\\/#organization\",\"name\":\"Memurun Sesi\",\"url\":\"https:\\\/\\\/memurunsesi.net\\\/\",\"logo\":{\"@type\":\"ImageObject\",\"inLanguage\":\"tr\",\"@id\":\"https:\\\/\\\/memurunsesi.net\\\/#\\\/schema\\\/logo\\\/image\\\/\",\"url\":\"https:\\\/\\\/memurunsesi.net\\\/wp-content\\\/uploads\\\/2025\\\/11\\\/cropped-MEMURUN-SESI.png\",\"contentUrl\":\"https:\\\/\\\/memurunsesi.net\\\/wp-content\\\/uploads\\\/2025\\\/11\\\/cropped-MEMURUN-SESI.png\",\"width\":238,\"height\":57,\"caption\":\"Memurun Sesi\"},\"image\":{\"@id\":\"https:\\\/\\\/memurunsesi.net\\\/#\\\/schema\\\/logo\\\/image\\\/\"},\"sameAs\":[\"https:\\\/\\\/www.facebook.com\\\/unipersen\\\/?locale=tr_TR\",\"https:\\\/\\\/x.com\\\/unipersen\"]},{\"@type\":\"Person\",\"@id\":\"https:\\\/\\\/memurunsesi.net\\\/#\\\/schema\\\/person\\\/f21c2d73b89f6ee1d80b0a1803e38587\",\"name\":\"Memurun Sesi Haber Merkezi\",\"image\":{\"@type\":\"ImageObject\",\"inLanguage\":\"tr\",\"@id\":\"https:\\\/\\\/secure.gravatar.com\\\/avatar\\\/6cf0505f452ee753f485014986fab09a434671d2b919ee76fc541025c5876a70?s=96&d=mm&r=g\",\"url\":\"https:\\\/\\\/secure.gravatar.com\\\/avatar\\\/6cf0505f452ee753f485014986fab09a434671d2b919ee76fc541025c5876a70?s=96&d=mm&r=g\",\"contentUrl\":\"https:\\\/\\\/secure.gravatar.com\\\/avatar\\\/6cf0505f452ee753f485014986fab09a434671d2b919ee76fc541025c5876a70?s=96&d=mm&r=g\",\"caption\":\"Memurun Sesi Haber Merkezi\"},\"sameAs\":[\"https:\\\/\\\/memurunsesi.net\"],\"url\":\"https:\\\/\\\/memurunsesi.net\\\/index.php\\\/author\\\/uniper\\\/\"}]}<\/script>\n<!-- \/ Yoast SEO plugin. -->","yoast_head_json":{"title":"Kad\u0131k\u00f6y\u2019de deh\u015fet anlar\u0131n\u0131n g\u00f6r\u00fcnt\u00fcs\u00fc ortaya \u00e7\u0131kt\u0131... Gen\u00e7 kad\u0131n\u0131n y\u00fcz\u00fcn\u00fc b\u00f6yle yakt\u0131 - Memurun Sesi","description":"Kad\u0131k\u00f6y\u2019de deh\u015fet anlar\u0131n\u0131n g\u00f6r\u00fcnt\u00fcs\u00fc ortaya \u00e7\u0131kt\u0131... Gen\u00e7 kad\u0131n\u0131n y\u00fcz\u00fcn\u00fc b\u00f6yle yakt\u0131","robots":{"index":"index","follow":"follow","max-snippet":"max-snippet:-1","max-image-preview":"max-image-preview:large","max-video-preview":"max-video-preview:-1"},"canonical":"https:\/\/memurunsesi.net\/index.php\/2025\/11\/10\/kadikoyde-dehset-anlarinin-goruntusu-ortaya-cikti-genc-kadinin-yuzunu-boyle-yakti\/","og_locale":"tr_TR","og_type":"article","og_title":"Kad\u0131k\u00f6y\u2019de deh\u015fet anlar\u0131n\u0131n g\u00f6r\u00fcnt\u00fcs\u00fc ortaya \u00e7\u0131kt\u0131... Gen\u00e7 kad\u0131n\u0131n y\u00fcz\u00fcn\u00fc b\u00f6yle yakt\u0131 - Memurun Sesi","og_description":"Kad\u0131k\u00f6y\u2019de deh\u015fet anlar\u0131n\u0131n g\u00f6r\u00fcnt\u00fcs\u00fc ortaya \u00e7\u0131kt\u0131... Gen\u00e7 kad\u0131n\u0131n y\u00fcz\u00fcn\u00fc b\u00f6yle yakt\u0131","og_url":"https:\/\/memurunsesi.net\/index.php\/2025\/11\/10\/kadikoyde-dehset-anlarinin-goruntusu-ortaya-cikti-genc-kadinin-yuzunu-boyle-yakti\/","og_site_name":"Memurun Sesi","article_publisher":"https:\/\/www.facebook.com\/unipersen\/?locale=tr_TR","article_published_time":"2025-11-10T04:08:05+00:00","og_image":[{"width":1290,"height":1461,"url":"https:\/\/memurunsesi.net\/wp-content\/uploads\/2025\/11\/kadin.jpg","type":"image\/jpeg"}],"author":"Memurun Sesi Haber Merkezi","twitter_card":"summary_large_image","twitter_creator":"@unipersen","twitter_site":"@unipersen","twitter_misc":{"Yazan:":"Memurun Sesi Haber Merkezi","Tahmini okuma s\u00fcresi":"1 dakika"},"schema":{"@context":"https:\/\/schema.org","@graph":[{"@type":"Article","@id":"https:\/\/memurunsesi.net\/index.php\/2025\/11\/10\/kadikoyde-dehset-anlarinin-goruntusu-ortaya-cikti-genc-kadinin-yuzunu-boyle-yakti\/#article","isPartOf":{"@id":"https:\/\/memurunsesi.net\/index.php\/2025\/11\/10\/kadikoyde-dehset-anlarinin-goruntusu-ortaya-cikti-genc-kadinin-yuzunu-boyle-yakti\/"},"author":{"name":"Memurun Sesi Haber Merkezi","@id":"https:\/\/memurunsesi.net\/#\/schema\/person\/f21c2d73b89f6ee1d80b0a1803e38587"},"headline":"Kad\u0131k\u00f6y\u2019de deh\u015fet anlar\u0131n\u0131n g\u00f6r\u00fcnt\u00fcs\u00fc ortaya \u00e7\u0131kt\u0131&#8230; Gen\u00e7 kad\u0131n\u0131n y\u00fcz\u00fcn\u00fc b\u00f6yle yakt\u0131","datePublished":"2025-11-10T04:08:05+00:00","mainEntityOfPage":{"@id":"https:\/\/memurunsesi.net\/index.php\/2025\/11\/10\/kadikoyde-dehset-anlarinin-goruntusu-ortaya-cikti-genc-kadinin-yuzunu-boyle-yakti\/"},"wordCount":347,"commentCount":0,"publisher":{"@id":"https:\/\/memurunsesi.net\/#organization"},"image":{"@id":"https:\/\/memurunsesi.net\/index.php\/2025\/11\/10\/kadikoyde-dehset-anlarinin-goruntusu-ortaya-cikti-genc-kadinin-yuzunu-boyle-yakti\/#primaryimage"},"thumbnailUrl":"https:\/\/memurunsesi.net\/wp-content\/uploads\/2025\/11\/kadin.jpg","keywords":["kad\u0131n\u0131n surat\u0131n\u0131 yakt\u0131"],"articleSection":["G\u00fcndem"],"inLanguage":"tr","potentialAction":[{"@type":"CommentAction","name":"Comment","target":["https:\/\/memurunsesi.net\/index.php\/2025\/11\/10\/kadikoyde-dehset-anlarinin-goruntusu-ortaya-cikti-genc-kadinin-yuzunu-boyle-yakti\/#respond"]}]},{"@type":"WebPage","@id":"https:\/\/memurunsesi.net\/index.php\/2025\/11\/10\/kadikoyde-dehset-anlarinin-goruntusu-ortaya-cikti-genc-kadinin-yuzunu-boyle-yakti\/","url":"https:\/\/memurunsesi.net\/index.php\/2025\/11\/10\/kadikoyde-dehset-anlarinin-goruntusu-ortaya-cikti-genc-kadinin-yuzunu-boyle-yakti\/","name":"Kad\u0131k\u00f6y\u2019de deh\u015fet anlar\u0131n\u0131n g\u00f6r\u00fcnt\u00fcs\u00fc ortaya \u00e7\u0131kt\u0131... Gen\u00e7 kad\u0131n\u0131n y\u00fcz\u00fcn\u00fc b\u00f6yle yakt\u0131 - Memurun Sesi","isPartOf":{"@id":"https:\/\/memurunsesi.net\/#website"},"primaryImageOfPage":{"@id":"https:\/\/memurunsesi.net\/index.php\/2025\/11\/10\/kadikoyde-dehset-anlarinin-goruntusu-ortaya-cikti-genc-kadinin-yuzunu-boyle-yakti\/#primaryimage"},"image":{"@id":"https:\/\/memurunsesi.net\/index.php\/2025\/11\/10\/kadikoyde-dehset-anlarinin-goruntusu-ortaya-cikti-genc-kadinin-yuzunu-boyle-yakti\/#primaryimage"},"thumbnailUrl":"https:\/\/memurunsesi.net\/wp-content\/uploads\/2025\/11\/kadin.jpg","datePublished":"2025-11-10T04:08:05+00:00","description":"Kad\u0131k\u00f6y\u2019de deh\u015fet anlar\u0131n\u0131n g\u00f6r\u00fcnt\u00fcs\u00fc ortaya \u00e7\u0131kt\u0131... Gen\u00e7 kad\u0131n\u0131n y\u00fcz\u00fcn\u00fc b\u00f6yle yakt\u0131","breadcrumb":{"@id":"https:\/\/memurunsesi.net\/index.php\/2025\/11\/10\/kadikoyde-dehset-anlarinin-goruntusu-ortaya-cikti-genc-kadinin-yuzunu-boyle-yakti\/#breadcrumb"},"inLanguage":"tr","potentialAction":[{"@type":"ReadAction","target":["https:\/\/memurunsesi.net\/index.php\/2025\/11\/10\/kadikoyde-dehset-anlarinin-goruntusu-ortaya-cikti-genc-kadinin-yuzunu-boyle-yakti\/"]}]},{"@type":"ImageObject","inLanguage":"tr","@id":"https:\/\/memurunsesi.net\/index.php\/2025\/11\/10\/kadikoyde-dehset-anlarinin-goruntusu-ortaya-cikti-genc-kadinin-yuzunu-boyle-yakti\/#primaryimage","url":"https:\/\/memurunsesi.net\/wp-content\/uploads\/2025\/11\/kadin.jpg","contentUrl":"https:\/\/memurunsesi.net\/wp-content\/uploads\/2025\/11\/kadin.jpg","width":1290,"height":1461,"caption":"\u0130STANBUL KADIK\u00d6Y'DE B\u0130R E\u011eLENCE MEKANININ \u00d6N\u00dcNDE OTURAN KADIN, BA\u015eKA B\u0130R KADIN TARAFINDAN \u00dcZER\u0130NE YANICI MADDE D\u00d6K\u00dcLEREK ATE\u015eE VER\u0130LD\u0130. A\u011eIR YARALANAN KADIN HASTANEDE TEDAV\u0130 ALTINA ALINIRKEN, OLAY ANINA A\u0130T G\u00dcVENL\u0130K KAMERASI G\u00d6R\u00dcNT\u00dcLER\u0130 ORTAYA \u00c7IKTI. (ONUR ERDEN\/\u0130STANBUL-\u0130HA) \u0130stanbul Kad\u0131k\u00f6y'de bir e\u011flence mekan\u0131n\u0131n \u00f6n\u00fcnde oturan kad\u0131n, ba\u015fka bir kad\u0131n taraf\u0131ndan \u00fczerine yan\u0131c\u0131 madde d\u00f6k\u00fclerek ate\u015fe verildi. A\u011f\u0131r yaralanan kad\u0131n hastanede tedavi alt\u0131na al\u0131n\u0131rken, olay an\u0131na ait g\u00fcvenlik kameras\u0131 g\u00f6r\u00fcnt\u00fcleri ortaya \u00e7\u0131kt\u0131."},{"@type":"BreadcrumbList","@id":"https:\/\/memurunsesi.net\/index.php\/2025\/11\/10\/kadikoyde-dehset-anlarinin-goruntusu-ortaya-cikti-genc-kadinin-yuzunu-boyle-yakti\/#breadcrumb","itemListElement":[{"@type":"ListItem","position":1,"name":"Anasayfa","item":"https:\/\/memurunsesi.net\/"},{"@type":"ListItem","position":2,"name":"Kad\u0131k\u00f6y\u2019de deh\u015fet anlar\u0131n\u0131n g\u00f6r\u00fcnt\u00fcs\u00fc ortaya \u00e7\u0131kt\u0131&#8230; Gen\u00e7 kad\u0131n\u0131n y\u00fcz\u00fcn\u00fc b\u00f6yle yakt\u0131"}]},{"@type":"WebSite","@id":"https:\/\/memurunsesi.net\/#website","url":"https:\/\/memurunsesi.net\/","name":"Memurun Sesi","description":"G\u00fcncel ve Do\u011fru Haber","publisher":{"@id":"https:\/\/memurunsesi.net\/#organization"},"potentialAction":[{"@type":"SearchAction","target":{"@type":"EntryPoint","urlTemplate":"https:\/\/memurunsesi.net\/?s={search_term_string}"},"query-input":{"@type":"PropertyValueSpecification","valueRequired":true,"valueName":"search_term_string"}}],"inLanguage":"tr"},{"@type":"Organization","@id":"https:\/\/memurunsesi.net\/#organization","name":"Memurun Sesi","url":"https:\/\/memurunsesi.net\/","logo":{"@type":"ImageObject","inLanguage":"tr","@id":"https:\/\/memurunsesi.net\/#\/schema\/logo\/image\/","url":"https:\/\/memurunsesi.net\/wp-content\/uploads\/2025\/11\/cropped-MEMURUN-SESI.png","contentUrl":"https:\/\/memurunsesi.net\/wp-content\/uploads\/2025\/11\/cropped-MEMURUN-SESI.png","width":238,"height":57,"caption":"Memurun Sesi"},"image":{"@id":"https:\/\/memurunsesi.net\/#\/schema\/logo\/image\/"},"sameAs":["https:\/\/www.facebook.com\/unipersen\/?locale=tr_TR","https:\/\/x.com\/unipersen"]},{"@type":"Person","@id":"https:\/\/memurunsesi.net\/#\/schema\/person\/f21c2d73b89f6ee1d80b0a1803e38587","name":"Memurun Sesi Haber Merkezi","image":{"@type":"ImageObject","inLanguage":"tr","@id":"https:\/\/secure.gravatar.com\/avatar\/6cf0505f452ee753f485014986fab09a434671d2b919ee76fc541025c5876a70?s=96&d=mm&r=g","url":"https:\/\/secure.gravatar.com\/avatar\/6cf0505f452ee753f485014986fab09a434671d2b919ee76fc541025c5876a70?s=96&d=mm&r=g","contentUrl":"https:\/\/secure.gravatar.com\/avatar\/6cf0505f452ee753f485014986fab09a434671d2b919ee76fc541025c5876a70?s=96&d=mm&r=g","caption":"Memurun Sesi Haber Merkezi"},"sameAs":["https:\/\/memurunsesi.net"],"url":"https:\/\/memurunsesi.net\/index.php\/author\/uniper\/"}]}},"_links":{"self":[{"href":"https:\/\/memurunsesi.net\/index.php\/wp-json\/wp\/v2\/posts\/13878","targetHints":{"allow":["GET"]}}],"collection":[{"href":"https:\/\/memurunsesi.net\/index.php\/wp-json\/wp\/v2\/posts"}],"about":[{"href":"https:\/\/memurunsesi.net\/index.php\/wp-json\/wp\/v2\/types\/post"}],"author":[{"embeddable":true,"href":"https:\/\/memurunsesi.net\/index.php\/wp-json\/wp\/v2\/users\/1"}],"replies":[{"embeddable":true,"href":"https:\/\/memurunsesi.net\/index.php\/wp-json\/wp\/v2\/comments?post=13878"}],"version-history":[{"count":1,"href":"https:\/\/memurunsesi.net\/index.php\/wp-json\/wp\/v2\/posts\/13878\/revisions"}],"predecessor-version":[{"id":13880,"href":"https:\/\/memurunsesi.net\/index.php\/wp-json\/wp\/v2\/posts\/13878\/revisions\/13880"}],"wp:featuredmedia":[{"embeddable":true,"href":"https:\/\/memurunsesi.net\/index.php\/wp-json\/wp\/v2\/media\/13879"}],"wp:attachment":[{"href":"https:\/\/memurunsesi.net\/index.php\/wp-json\/wp\/v2\/media?parent=13878"}],"wp:term":[{"taxonomy":"category","embeddable":true,"href":"https:\/\/memurunsesi.net\/index.php\/wp-json\/wp\/v2\/categories?post=13878"},{"taxonomy":"post_tag","embeddable":true,"href":"https:\/\/memurunsesi.net\/index.php\/wp-json\/wp\/v2\/tags?post=13878"}],"curies":[{"name":"wp","href":"https:\/\/api.w.org\/{rel}","templated":true}]}}