{"id":14097,"date":"2025-11-15T09:00:05","date_gmt":"2025-11-15T06:00:05","guid":{"rendered":"https:\/\/memurunsesi.net\/?p=14097"},"modified":"2025-11-15T09:00:05","modified_gmt":"2025-11-15T06:00:05","slug":"yola-dusen-kayalardan-kacan-otomobil-takla-atti-2-yarali","status":"publish","type":"post","link":"https:\/\/memurunsesi.net\/index.php\/2025\/11\/15\/yola-dusen-kayalardan-kacan-otomobil-takla-atti-2-yarali\/","title":{"rendered":"Yola d\u00fc\u015fen kayalardan ka\u00e7an otomobil takla att\u0131: 2 yaral\u0131"},"content":{"rendered":"<p>   G\u00fcm\u00fc\u015fhane-Trabzon kara yolunda d\u00fc\u015fen kayalara \u00e7arpmamak i\u00e7in manevra yapan otomobil kontrolden \u00e7\u0131karak ters d\u00f6nd\u00fc. Kazada 2 ki\u015fi yaraland\u0131.<br \/>\n  Edinilen bilgiye g\u00f6re G\u00fcm\u00fc\u015fhane kent merkezinden Trabzon istikametine ilerleyen Ali \u00c7. y\u00f6netimindeki 61 KS 914 plakal\u0131 otomobil \u00d6zcan Mahallesi K\u00f6pr\u00fcba\u015f\u0131 Mevkiinde yola d\u00fc\u015fen kayalara \u00e7arpmamak i\u00e7in manevra yap\u0131nca kontrolden \u00e7\u0131kt\u0131.<br \/>\n  \u00c7arpman\u0131n etkisiyle yol kenar\u0131ndaki \u015feve \u00e7arparak ters d\u00f6nen otomobil s\u00fcr\u00fcc\u00fcs\u00fc Ali \u00c7. \u0130le ara\u00e7ta yolcu olarak bulunan Hamza B. Yaraland\u0131. G\u00f6rg\u00fc tan\u0131klar\u0131n\u0131n ihbar\u0131 \u00fczerine b\u00f6lgeye 112 Acil Sa\u011fl\u0131k ve polis ekipleri sevk edildi.<br \/>\n  Ara\u00e7tan kendi imkanlar\u0131yla \u00e7\u0131kan yaral\u0131lar olay yerine gelen 112 Acil Sa\u011fl\u0131k ekiplerinin ilk m\u00fcdahalesinin ard\u0131ndan G\u00fcm\u00fc\u015fhane Devlet Hastanesin tedavi alt\u0131na al\u0131nd\u0131. Yaral\u0131lar\u0131n sa\u011fl\u0131k durumlar\u0131n\u0131n iyi oldu\u011fu \u00f6\u011frenildi.<br \/>\n  Kaza nedeniyle G\u00fcm\u00fc\u015fhane-Trabzon karayolu G\u00fcm\u00fc\u015fhane ge\u00e7i\u015finde trafik ak\u0131\u015f\u0131 bir s\u00fcre kontroll\u00fc sa\u011fland\u0131. <\/p>\n<p>15.11.2025                                 <\/p>\n","protected":false},"excerpt":{"rendered":"<p>G\u00fcm\u00fc\u015fhane-Trabzon kara yolunda d\u00fc\u015fen kayalara \u00e7arpmamak i\u00e7in manevra yapan otomobil kontrolden \u00e7\u0131karak ters d\u00f6nd\u00fc. Kazada 2 ki\u015fi yaraland\u0131. Edinilen bilgiye g\u00f6re G\u00fcm\u00fc\u015fhane kent merkezinden Trabzon istikametine ilerleyen Ali \u00c7. y\u00f6netimindeki 61 KS 914 plakal\u0131 otomobil \u00d6zcan Mahallesi K\u00f6pr\u00fcba\u015f\u0131 Mevkiinde yola d\u00fc\u015fen kayalara \u00e7arpmamak i\u00e7in manevra yap\u0131nca kontrolden \u00e7\u0131kt\u0131. \u00c7arpman\u0131n etkisiyle yol kenar\u0131ndaki \u015feve \u00e7arparak ters [&hellip;]<\/p>\n","protected":false},"author":1,"featured_media":14098,"comment_status":"open","ping_status":"open","sticky":false,"template":"","format":"standard","meta":{"footnotes":""},"categories":[1],"tags":[70],"class_list":["post-14097","post","type-post","status-publish","format-standard","has-post-thumbnail","hentry","category-genel","tag-kaza"],"yoast_head":"<!-- This site is optimized with the Yoast SEO plugin v27.4 - https:\/\/yoast.com\/product\/yoast-seo-wordpress\/ -->\n<title>Yola d\u00fc\u015fen kayalardan ka\u00e7an otomobil takla att\u0131: 2 yaral\u0131 - Memurun Sesi<\/title>\n<meta name=\"description\" content=\"Yola d\u00fc\u015fen kayalardan ka\u00e7an otomobil takla att\u0131\" \/>\n<meta name=\"robots\" content=\"index, follow, max-snippet:-1, max-image-preview:large, max-video-preview:-1\" \/>\n<link rel=\"canonical\" href=\"https:\/\/memurunsesi.net\/index.php\/2025\/11\/15\/yola-dusen-kayalardan-kacan-otomobil-takla-atti-2-yarali\/\" \/>\n<meta property=\"og:locale\" content=\"tr_TR\" \/>\n<meta property=\"og:type\" content=\"article\" \/>\n<meta property=\"og:title\" content=\"Yola d\u00fc\u015fen kayalardan ka\u00e7an otomobil takla att\u0131: 2 yaral\u0131 - Memurun Sesi\" \/>\n<meta property=\"og:description\" content=\"Yola d\u00fc\u015fen kayalardan ka\u00e7an otomobil takla att\u0131\" \/>\n<meta property=\"og:url\" content=\"https:\/\/memurunsesi.net\/index.php\/2025\/11\/15\/yola-dusen-kayalardan-kacan-otomobil-takla-atti-2-yarali\/\" \/>\n<meta property=\"og:site_name\" content=\"Memurun Sesi\" \/>\n<meta property=\"article:publisher\" content=\"https:\/\/www.facebook.com\/unipersen\/?locale=tr_TR\" \/>\n<meta property=\"article:published_time\" content=\"2025-11-15T06:00:05+00:00\" \/>\n<meta property=\"og:image\" content=\"https:\/\/memurunsesi.net\/wp-content\/uploads\/2025\/11\/kaza-3.jpg\" \/>\n\t<meta property=\"og:image:width\" content=\"1600\" \/>\n\t<meta property=\"og:image:height\" content=\"1204\" \/>\n\t<meta property=\"og:image:type\" content=\"image\/jpeg\" \/>\n<meta name=\"author\" content=\"Memurun Sesi Haber Merkezi\" \/>\n<meta name=\"twitter:card\" content=\"summary_large_image\" \/>\n<meta name=\"twitter:creator\" content=\"@unipersen\" \/>\n<meta name=\"twitter:site\" content=\"@unipersen\" \/>\n<meta name=\"twitter:label1\" content=\"Yazan:\" \/>\n\t<meta name=\"twitter:data1\" content=\"Memurun Sesi Haber Merkezi\" \/>\n\t<meta name=\"twitter:label2\" content=\"Tahmini okuma s\u00fcresi\" \/>\n\t<meta name=\"twitter:data2\" content=\"1 dakika\" \/>\n<script type=\"application\/ld+json\" class=\"yoast-schema-graph\">{\"@context\":\"https:\\\/\\\/schema.org\",\"@graph\":[{\"@type\":\"Article\",\"@id\":\"https:\\\/\\\/memurunsesi.net\\\/index.php\\\/2025\\\/11\\\/15\\\/yola-dusen-kayalardan-kacan-otomobil-takla-atti-2-yarali\\\/#article\",\"isPartOf\":{\"@id\":\"https:\\\/\\\/memurunsesi.net\\\/index.php\\\/2025\\\/11\\\/15\\\/yola-dusen-kayalardan-kacan-otomobil-takla-atti-2-yarali\\\/\"},\"author\":{\"name\":\"Memurun Sesi Haber Merkezi\",\"@id\":\"https:\\\/\\\/memurunsesi.net\\\/#\\\/schema\\\/person\\\/f21c2d73b89f6ee1d80b0a1803e38587\"},\"headline\":\"Yola d\u00fc\u015fen kayalardan ka\u00e7an otomobil takla att\u0131: 2 yaral\u0131\",\"datePublished\":\"2025-11-15T06:00:05+00:00\",\"mainEntityOfPage\":{\"@id\":\"https:\\\/\\\/memurunsesi.net\\\/index.php\\\/2025\\\/11\\\/15\\\/yola-dusen-kayalardan-kacan-otomobil-takla-atti-2-yarali\\\/\"},\"wordCount\":178,\"commentCount\":0,\"publisher\":{\"@id\":\"https:\\\/\\\/memurunsesi.net\\\/#organization\"},\"image\":{\"@id\":\"https:\\\/\\\/memurunsesi.net\\\/index.php\\\/2025\\\/11\\\/15\\\/yola-dusen-kayalardan-kacan-otomobil-takla-atti-2-yarali\\\/#primaryimage\"},\"thumbnailUrl\":\"https:\\\/\\\/memurunsesi.net\\\/wp-content\\\/uploads\\\/2025\\\/11\\\/kaza-3.jpg\",\"keywords\":[\"kaza\"],\"inLanguage\":\"tr\",\"potentialAction\":[{\"@type\":\"CommentAction\",\"name\":\"Comment\",\"target\":[\"https:\\\/\\\/memurunsesi.net\\\/index.php\\\/2025\\\/11\\\/15\\\/yola-dusen-kayalardan-kacan-otomobil-takla-atti-2-yarali\\\/#respond\"]}]},{\"@type\":\"WebPage\",\"@id\":\"https:\\\/\\\/memurunsesi.net\\\/index.php\\\/2025\\\/11\\\/15\\\/yola-dusen-kayalardan-kacan-otomobil-takla-atti-2-yarali\\\/\",\"url\":\"https:\\\/\\\/memurunsesi.net\\\/index.php\\\/2025\\\/11\\\/15\\\/yola-dusen-kayalardan-kacan-otomobil-takla-atti-2-yarali\\\/\",\"name\":\"Yola d\u00fc\u015fen kayalardan ka\u00e7an otomobil takla att\u0131: 2 yaral\u0131 - Memurun Sesi\",\"isPartOf\":{\"@id\":\"https:\\\/\\\/memurunsesi.net\\\/#website\"},\"primaryImageOfPage\":{\"@id\":\"https:\\\/\\\/memurunsesi.net\\\/index.php\\\/2025\\\/11\\\/15\\\/yola-dusen-kayalardan-kacan-otomobil-takla-atti-2-yarali\\\/#primaryimage\"},\"image\":{\"@id\":\"https:\\\/\\\/memurunsesi.net\\\/index.php\\\/2025\\\/11\\\/15\\\/yola-dusen-kayalardan-kacan-otomobil-takla-atti-2-yarali\\\/#primaryimage\"},\"thumbnailUrl\":\"https:\\\/\\\/memurunsesi.net\\\/wp-content\\\/uploads\\\/2025\\\/11\\\/kaza-3.jpg\",\"datePublished\":\"2025-11-15T06:00:05+00:00\",\"description\":\"Yola d\u00fc\u015fen kayalardan ka\u00e7an otomobil takla att\u0131\",\"breadcrumb\":{\"@id\":\"https:\\\/\\\/memurunsesi.net\\\/index.php\\\/2025\\\/11\\\/15\\\/yola-dusen-kayalardan-kacan-otomobil-takla-atti-2-yarali\\\/#breadcrumb\"},\"inLanguage\":\"tr\",\"potentialAction\":[{\"@type\":\"ReadAction\",\"target\":[\"https:\\\/\\\/memurunsesi.net\\\/index.php\\\/2025\\\/11\\\/15\\\/yola-dusen-kayalardan-kacan-otomobil-takla-atti-2-yarali\\\/\"]}]},{\"@type\":\"ImageObject\",\"inLanguage\":\"tr\",\"@id\":\"https:\\\/\\\/memurunsesi.net\\\/index.php\\\/2025\\\/11\\\/15\\\/yola-dusen-kayalardan-kacan-otomobil-takla-atti-2-yarali\\\/#primaryimage\",\"url\":\"https:\\\/\\\/memurunsesi.net\\\/wp-content\\\/uploads\\\/2025\\\/11\\\/kaza-3.jpg\",\"contentUrl\":\"https:\\\/\\\/memurunsesi.net\\\/wp-content\\\/uploads\\\/2025\\\/11\\\/kaza-3.jpg\",\"width\":1600,\"height\":1204,\"caption\":\"G\u00dcM\u00dc\u015eHANE-TRABZON KARAYOLUNDA YOLA D\u00dc\u015eEN KAYALARA \u00c7ARPMAMAK \u0130\u00c7\u0130N MANEVRA YAPAN OTOMOB\u0130L KONTROLDEN \u00c7IKARAK TERS D\u00d6ND\u00dc. KAZADA 2 K\u0130\u015e\u0130 YARALANDI. (RECEP ERG\u0130N - U\u011eUR AYDIN\\\/G\u00dcM\u00dc\u015eHANE-\u0130HA) G\u00fcm\u00fc\u015fhane-Trabzon kara yolunda d\u00fc\u015fen kayalara \u00e7arpmamak i\u00e7in manevra yapan otomobil kontrolden \u00e7\u0131karak ters d\u00f6nd\u00fc. Kazada 2 ki\u015fi yaraland\u0131.\"},{\"@type\":\"BreadcrumbList\",\"@id\":\"https:\\\/\\\/memurunsesi.net\\\/index.php\\\/2025\\\/11\\\/15\\\/yola-dusen-kayalardan-kacan-otomobil-takla-atti-2-yarali\\\/#breadcrumb\",\"itemListElement\":[{\"@type\":\"ListItem\",\"position\":1,\"name\":\"Anasayfa\",\"item\":\"https:\\\/\\\/memurunsesi.net\\\/\"},{\"@type\":\"ListItem\",\"position\":2,\"name\":\"Yola d\u00fc\u015fen kayalardan ka\u00e7an otomobil takla att\u0131: 2 yaral\u0131\"}]},{\"@type\":\"WebSite\",\"@id\":\"https:\\\/\\\/memurunsesi.net\\\/#website\",\"url\":\"https:\\\/\\\/memurunsesi.net\\\/\",\"name\":\"Memurun Sesi\",\"description\":\"G\u00fcncel ve Do\u011fru Haber\",\"publisher\":{\"@id\":\"https:\\\/\\\/memurunsesi.net\\\/#organization\"},\"potentialAction\":[{\"@type\":\"SearchAction\",\"target\":{\"@type\":\"EntryPoint\",\"urlTemplate\":\"https:\\\/\\\/memurunsesi.net\\\/?s={search_term_string}\"},\"query-input\":{\"@type\":\"PropertyValueSpecification\",\"valueRequired\":true,\"valueName\":\"search_term_string\"}}],\"inLanguage\":\"tr\"},{\"@type\":\"Organization\",\"@id\":\"https:\\\/\\\/memurunsesi.net\\\/#organization\",\"name\":\"Memurun Sesi\",\"url\":\"https:\\\/\\\/memurunsesi.net\\\/\",\"logo\":{\"@type\":\"ImageObject\",\"inLanguage\":\"tr\",\"@id\":\"https:\\\/\\\/memurunsesi.net\\\/#\\\/schema\\\/logo\\\/image\\\/\",\"url\":\"https:\\\/\\\/memurunsesi.net\\\/wp-content\\\/uploads\\\/2025\\\/11\\\/cropped-MEMURUN-SESI.png\",\"contentUrl\":\"https:\\\/\\\/memurunsesi.net\\\/wp-content\\\/uploads\\\/2025\\\/11\\\/cropped-MEMURUN-SESI.png\",\"width\":238,\"height\":57,\"caption\":\"Memurun Sesi\"},\"image\":{\"@id\":\"https:\\\/\\\/memurunsesi.net\\\/#\\\/schema\\\/logo\\\/image\\\/\"},\"sameAs\":[\"https:\\\/\\\/www.facebook.com\\\/unipersen\\\/?locale=tr_TR\",\"https:\\\/\\\/x.com\\\/unipersen\"]},{\"@type\":\"Person\",\"@id\":\"https:\\\/\\\/memurunsesi.net\\\/#\\\/schema\\\/person\\\/f21c2d73b89f6ee1d80b0a1803e38587\",\"name\":\"Memurun Sesi Haber Merkezi\",\"image\":{\"@type\":\"ImageObject\",\"inLanguage\":\"tr\",\"@id\":\"https:\\\/\\\/secure.gravatar.com\\\/avatar\\\/6cf0505f452ee753f485014986fab09a434671d2b919ee76fc541025c5876a70?s=96&d=mm&r=g\",\"url\":\"https:\\\/\\\/secure.gravatar.com\\\/avatar\\\/6cf0505f452ee753f485014986fab09a434671d2b919ee76fc541025c5876a70?s=96&d=mm&r=g\",\"contentUrl\":\"https:\\\/\\\/secure.gravatar.com\\\/avatar\\\/6cf0505f452ee753f485014986fab09a434671d2b919ee76fc541025c5876a70?s=96&d=mm&r=g\",\"caption\":\"Memurun Sesi Haber Merkezi\"},\"sameAs\":[\"https:\\\/\\\/memurunsesi.net\"],\"url\":\"https:\\\/\\\/memurunsesi.net\\\/index.php\\\/author\\\/uniper\\\/\"}]}<\/script>\n<!-- \/ Yoast SEO plugin. -->","yoast_head_json":{"title":"Yola d\u00fc\u015fen kayalardan ka\u00e7an otomobil takla att\u0131: 2 yaral\u0131 - Memurun Sesi","description":"Yola d\u00fc\u015fen kayalardan ka\u00e7an otomobil takla att\u0131","robots":{"index":"index","follow":"follow","max-snippet":"max-snippet:-1","max-image-preview":"max-image-preview:large","max-video-preview":"max-video-preview:-1"},"canonical":"https:\/\/memurunsesi.net\/index.php\/2025\/11\/15\/yola-dusen-kayalardan-kacan-otomobil-takla-atti-2-yarali\/","og_locale":"tr_TR","og_type":"article","og_title":"Yola d\u00fc\u015fen kayalardan ka\u00e7an otomobil takla att\u0131: 2 yaral\u0131 - Memurun Sesi","og_description":"Yola d\u00fc\u015fen kayalardan ka\u00e7an otomobil takla att\u0131","og_url":"https:\/\/memurunsesi.net\/index.php\/2025\/11\/15\/yola-dusen-kayalardan-kacan-otomobil-takla-atti-2-yarali\/","og_site_name":"Memurun Sesi","article_publisher":"https:\/\/www.facebook.com\/unipersen\/?locale=tr_TR","article_published_time":"2025-11-15T06:00:05+00:00","og_image":[{"width":1600,"height":1204,"url":"https:\/\/memurunsesi.net\/wp-content\/uploads\/2025\/11\/kaza-3.jpg","type":"image\/jpeg"}],"author":"Memurun Sesi Haber Merkezi","twitter_card":"summary_large_image","twitter_creator":"@unipersen","twitter_site":"@unipersen","twitter_misc":{"Yazan:":"Memurun Sesi Haber Merkezi","Tahmini okuma s\u00fcresi":"1 dakika"},"schema":{"@context":"https:\/\/schema.org","@graph":[{"@type":"Article","@id":"https:\/\/memurunsesi.net\/index.php\/2025\/11\/15\/yola-dusen-kayalardan-kacan-otomobil-takla-atti-2-yarali\/#article","isPartOf":{"@id":"https:\/\/memurunsesi.net\/index.php\/2025\/11\/15\/yola-dusen-kayalardan-kacan-otomobil-takla-atti-2-yarali\/"},"author":{"name":"Memurun Sesi Haber Merkezi","@id":"https:\/\/memurunsesi.net\/#\/schema\/person\/f21c2d73b89f6ee1d80b0a1803e38587"},"headline":"Yola d\u00fc\u015fen kayalardan ka\u00e7an otomobil takla att\u0131: 2 yaral\u0131","datePublished":"2025-11-15T06:00:05+00:00","mainEntityOfPage":{"@id":"https:\/\/memurunsesi.net\/index.php\/2025\/11\/15\/yola-dusen-kayalardan-kacan-otomobil-takla-atti-2-yarali\/"},"wordCount":178,"commentCount":0,"publisher":{"@id":"https:\/\/memurunsesi.net\/#organization"},"image":{"@id":"https:\/\/memurunsesi.net\/index.php\/2025\/11\/15\/yola-dusen-kayalardan-kacan-otomobil-takla-atti-2-yarali\/#primaryimage"},"thumbnailUrl":"https:\/\/memurunsesi.net\/wp-content\/uploads\/2025\/11\/kaza-3.jpg","keywords":["kaza"],"inLanguage":"tr","potentialAction":[{"@type":"CommentAction","name":"Comment","target":["https:\/\/memurunsesi.net\/index.php\/2025\/11\/15\/yola-dusen-kayalardan-kacan-otomobil-takla-atti-2-yarali\/#respond"]}]},{"@type":"WebPage","@id":"https:\/\/memurunsesi.net\/index.php\/2025\/11\/15\/yola-dusen-kayalardan-kacan-otomobil-takla-atti-2-yarali\/","url":"https:\/\/memurunsesi.net\/index.php\/2025\/11\/15\/yola-dusen-kayalardan-kacan-otomobil-takla-atti-2-yarali\/","name":"Yola d\u00fc\u015fen kayalardan ka\u00e7an otomobil takla att\u0131: 2 yaral\u0131 - Memurun Sesi","isPartOf":{"@id":"https:\/\/memurunsesi.net\/#website"},"primaryImageOfPage":{"@id":"https:\/\/memurunsesi.net\/index.php\/2025\/11\/15\/yola-dusen-kayalardan-kacan-otomobil-takla-atti-2-yarali\/#primaryimage"},"image":{"@id":"https:\/\/memurunsesi.net\/index.php\/2025\/11\/15\/yola-dusen-kayalardan-kacan-otomobil-takla-atti-2-yarali\/#primaryimage"},"thumbnailUrl":"https:\/\/memurunsesi.net\/wp-content\/uploads\/2025\/11\/kaza-3.jpg","datePublished":"2025-11-15T06:00:05+00:00","description":"Yola d\u00fc\u015fen kayalardan ka\u00e7an otomobil takla att\u0131","breadcrumb":{"@id":"https:\/\/memurunsesi.net\/index.php\/2025\/11\/15\/yola-dusen-kayalardan-kacan-otomobil-takla-atti-2-yarali\/#breadcrumb"},"inLanguage":"tr","potentialAction":[{"@type":"ReadAction","target":["https:\/\/memurunsesi.net\/index.php\/2025\/11\/15\/yola-dusen-kayalardan-kacan-otomobil-takla-atti-2-yarali\/"]}]},{"@type":"ImageObject","inLanguage":"tr","@id":"https:\/\/memurunsesi.net\/index.php\/2025\/11\/15\/yola-dusen-kayalardan-kacan-otomobil-takla-atti-2-yarali\/#primaryimage","url":"https:\/\/memurunsesi.net\/wp-content\/uploads\/2025\/11\/kaza-3.jpg","contentUrl":"https:\/\/memurunsesi.net\/wp-content\/uploads\/2025\/11\/kaza-3.jpg","width":1600,"height":1204,"caption":"G\u00dcM\u00dc\u015eHANE-TRABZON KARAYOLUNDA YOLA D\u00dc\u015eEN KAYALARA \u00c7ARPMAMAK \u0130\u00c7\u0130N MANEVRA YAPAN OTOMOB\u0130L KONTROLDEN \u00c7IKARAK TERS D\u00d6ND\u00dc. KAZADA 2 K\u0130\u015e\u0130 YARALANDI. (RECEP ERG\u0130N - U\u011eUR AYDIN\/G\u00dcM\u00dc\u015eHANE-\u0130HA) G\u00fcm\u00fc\u015fhane-Trabzon kara yolunda d\u00fc\u015fen kayalara \u00e7arpmamak i\u00e7in manevra yapan otomobil kontrolden \u00e7\u0131karak ters d\u00f6nd\u00fc. Kazada 2 ki\u015fi yaraland\u0131."},{"@type":"BreadcrumbList","@id":"https:\/\/memurunsesi.net\/index.php\/2025\/11\/15\/yola-dusen-kayalardan-kacan-otomobil-takla-atti-2-yarali\/#breadcrumb","itemListElement":[{"@type":"ListItem","position":1,"name":"Anasayfa","item":"https:\/\/memurunsesi.net\/"},{"@type":"ListItem","position":2,"name":"Yola d\u00fc\u015fen kayalardan ka\u00e7an otomobil takla att\u0131: 2 yaral\u0131"}]},{"@type":"WebSite","@id":"https:\/\/memurunsesi.net\/#website","url":"https:\/\/memurunsesi.net\/","name":"Memurun Sesi","description":"G\u00fcncel ve Do\u011fru Haber","publisher":{"@id":"https:\/\/memurunsesi.net\/#organization"},"potentialAction":[{"@type":"SearchAction","target":{"@type":"EntryPoint","urlTemplate":"https:\/\/memurunsesi.net\/?s={search_term_string}"},"query-input":{"@type":"PropertyValueSpecification","valueRequired":true,"valueName":"search_term_string"}}],"inLanguage":"tr"},{"@type":"Organization","@id":"https:\/\/memurunsesi.net\/#organization","name":"Memurun Sesi","url":"https:\/\/memurunsesi.net\/","logo":{"@type":"ImageObject","inLanguage":"tr","@id":"https:\/\/memurunsesi.net\/#\/schema\/logo\/image\/","url":"https:\/\/memurunsesi.net\/wp-content\/uploads\/2025\/11\/cropped-MEMURUN-SESI.png","contentUrl":"https:\/\/memurunsesi.net\/wp-content\/uploads\/2025\/11\/cropped-MEMURUN-SESI.png","width":238,"height":57,"caption":"Memurun Sesi"},"image":{"@id":"https:\/\/memurunsesi.net\/#\/schema\/logo\/image\/"},"sameAs":["https:\/\/www.facebook.com\/unipersen\/?locale=tr_TR","https:\/\/x.com\/unipersen"]},{"@type":"Person","@id":"https:\/\/memurunsesi.net\/#\/schema\/person\/f21c2d73b89f6ee1d80b0a1803e38587","name":"Memurun Sesi Haber Merkezi","image":{"@type":"ImageObject","inLanguage":"tr","@id":"https:\/\/secure.gravatar.com\/avatar\/6cf0505f452ee753f485014986fab09a434671d2b919ee76fc541025c5876a70?s=96&d=mm&r=g","url":"https:\/\/secure.gravatar.com\/avatar\/6cf0505f452ee753f485014986fab09a434671d2b919ee76fc541025c5876a70?s=96&d=mm&r=g","contentUrl":"https:\/\/secure.gravatar.com\/avatar\/6cf0505f452ee753f485014986fab09a434671d2b919ee76fc541025c5876a70?s=96&d=mm&r=g","caption":"Memurun Sesi Haber Merkezi"},"sameAs":["https:\/\/memurunsesi.net"],"url":"https:\/\/memurunsesi.net\/index.php\/author\/uniper\/"}]}},"_links":{"self":[{"href":"https:\/\/memurunsesi.net\/index.php\/wp-json\/wp\/v2\/posts\/14097","targetHints":{"allow":["GET"]}}],"collection":[{"href":"https:\/\/memurunsesi.net\/index.php\/wp-json\/wp\/v2\/posts"}],"about":[{"href":"https:\/\/memurunsesi.net\/index.php\/wp-json\/wp\/v2\/types\/post"}],"author":[{"embeddable":true,"href":"https:\/\/memurunsesi.net\/index.php\/wp-json\/wp\/v2\/users\/1"}],"replies":[{"embeddable":true,"href":"https:\/\/memurunsesi.net\/index.php\/wp-json\/wp\/v2\/comments?post=14097"}],"version-history":[{"count":1,"href":"https:\/\/memurunsesi.net\/index.php\/wp-json\/wp\/v2\/posts\/14097\/revisions"}],"predecessor-version":[{"id":14099,"href":"https:\/\/memurunsesi.net\/index.php\/wp-json\/wp\/v2\/posts\/14097\/revisions\/14099"}],"wp:featuredmedia":[{"embeddable":true,"href":"https:\/\/memurunsesi.net\/index.php\/wp-json\/wp\/v2\/media\/14098"}],"wp:attachment":[{"href":"https:\/\/memurunsesi.net\/index.php\/wp-json\/wp\/v2\/media?parent=14097"}],"wp:term":[{"taxonomy":"category","embeddable":true,"href":"https:\/\/memurunsesi.net\/index.php\/wp-json\/wp\/v2\/categories?post=14097"},{"taxonomy":"post_tag","embeddable":true,"href":"https:\/\/memurunsesi.net\/index.php\/wp-json\/wp\/v2\/tags?post=14097"}],"curies":[{"name":"wp","href":"https:\/\/api.w.org\/{rel}","templated":true}]}}