{"id":14100,"date":"2025-11-15T09:01:59","date_gmt":"2025-11-15T06:01:59","guid":{"rendered":"https:\/\/memurunsesi.net\/?p=14100"},"modified":"2025-11-15T09:01:59","modified_gmt":"2025-11-15T06:01:59","slug":"kirklarelinde-feto-operasyonu-6-supheli-yurtdisina-kacarken-yakalandi","status":"publish","type":"post","link":"https:\/\/memurunsesi.net\/index.php\/2025\/11\/15\/kirklarelinde-feto-operasyonu-6-supheli-yurtdisina-kacarken-yakalandi\/","title":{"rendered":"K\u0131rklareli\u2019nde FET\u00d6 operasyonu: 6 \u015f\u00fcpheli yurtd\u0131\u015f\u0131na ka\u00e7arken yakaland\u0131"},"content":{"rendered":"<p>   K\u0131rklareli\u2019nde FET\u00d6 ter\u00f6r \u00f6rg\u00fct\u00fcne y\u00f6nelik d\u00fczenlenen operasyonda yurt d\u0131\u015f\u0131na ka\u00e7maya \u00e7al\u0131\u015fan alt\u0131 \u015f\u00fcpheli yakaland\u0131.<br \/>\nK\u0131rklareli \u0130l Jandarma Komutanl\u0131\u011f\u0131 ekipleri, L\u00fcleburgaz Cumhuriyet Ba\u015fsavc\u0131l\u0131\u011f\u0131 ve Jandarma Genel Komutanl\u0131\u011f\u0131 Ter\u00f6rle M\u00fccadele Daire Ba\u015fkanl\u0131\u011f\u0131 koordinesinde FET\u00d6 ter\u00f6r \u00f6rg\u00fct\u00fcne y\u00f6nelik operasyon d\u00fczenledi. FET\u00d6 \u015f\u00fcphelisi olduklar\u0131 de\u011ferlendirilen ve Bulgaristan s\u0131n\u0131r hatt\u0131ndan yasa d\u0131\u015f\u0131 yollarla yurt d\u0131\u015f\u0131na ka\u00e7ma giri\u015fiminde bulunan 6 ki\u015fi yakaland\u0131.<br \/>\n  Yakalanan \u015f\u00fcphelilerden 5&#8217;i sevk edildikleri adli makamlarca tutuklan\u0131rken, bir \u015f\u00fcpheli hakk\u0131nda adli kontrol karar\u0131 verildi. <\/p>\n<p>15.11.2025                                  <\/p>\n","protected":false},"excerpt":{"rendered":"<p>K\u0131rklareli\u2019nde FET\u00d6 ter\u00f6r \u00f6rg\u00fct\u00fcne y\u00f6nelik d\u00fczenlenen operasyonda yurt d\u0131\u015f\u0131na ka\u00e7maya \u00e7al\u0131\u015fan alt\u0131 \u015f\u00fcpheli yakaland\u0131. K\u0131rklareli \u0130l Jandarma Komutanl\u0131\u011f\u0131 ekipleri, L\u00fcleburgaz Cumhuriyet Ba\u015fsavc\u0131l\u0131\u011f\u0131 ve Jandarma Genel Komutanl\u0131\u011f\u0131 Ter\u00f6rle M\u00fccadele Daire Ba\u015fkanl\u0131\u011f\u0131 koordinesinde FET\u00d6 ter\u00f6r \u00f6rg\u00fct\u00fcne y\u00f6nelik operasyon d\u00fczenledi. FET\u00d6 \u015f\u00fcphelisi olduklar\u0131 de\u011ferlendirilen ve Bulgaristan s\u0131n\u0131r hatt\u0131ndan yasa d\u0131\u015f\u0131 yollarla yurt d\u0131\u015f\u0131na ka\u00e7ma giri\u015fiminde bulunan 6 ki\u015fi [&hellip;]<\/p>\n","protected":false},"author":1,"featured_media":14101,"comment_status":"open","ping_status":"open","sticky":false,"template":"","format":"standard","meta":{"footnotes":""},"categories":[1],"tags":[],"class_list":["post-14100","post","type-post","status-publish","format-standard","has-post-thumbnail","hentry","category-genel"],"yoast_head":"<!-- This site is optimized with the Yoast SEO plugin v27.4 - https:\/\/yoast.com\/product\/yoast-seo-wordpress\/ -->\n<title>K\u0131rklareli\u2019nde FET\u00d6 operasyonu: 6 \u015f\u00fcpheli yurtd\u0131\u015f\u0131na ka\u00e7arken yakaland\u0131 - Memurun Sesi<\/title>\n<meta name=\"description\" content=\"K\u0131rklareli\u2019nde FET\u00d6 operasyonu: 6 \u015f\u00fcpheli yurtd\u0131\u015f\u0131na ka\u00e7arken yakaland\u0131\" \/>\n<meta name=\"robots\" content=\"index, follow, max-snippet:-1, max-image-preview:large, max-video-preview:-1\" \/>\n<link rel=\"canonical\" href=\"https:\/\/memurunsesi.net\/index.php\/2025\/11\/15\/kirklarelinde-feto-operasyonu-6-supheli-yurtdisina-kacarken-yakalandi\/\" \/>\n<meta property=\"og:locale\" content=\"tr_TR\" \/>\n<meta property=\"og:type\" content=\"article\" \/>\n<meta property=\"og:title\" content=\"K\u0131rklareli\u2019nde FET\u00d6 operasyonu: 6 \u015f\u00fcpheli yurtd\u0131\u015f\u0131na ka\u00e7arken yakaland\u0131 - Memurun Sesi\" \/>\n<meta property=\"og:description\" content=\"K\u0131rklareli\u2019nde FET\u00d6 operasyonu: 6 \u015f\u00fcpheli yurtd\u0131\u015f\u0131na ka\u00e7arken yakaland\u0131\" \/>\n<meta property=\"og:url\" content=\"https:\/\/memurunsesi.net\/index.php\/2025\/11\/15\/kirklarelinde-feto-operasyonu-6-supheli-yurtdisina-kacarken-yakalandi\/\" \/>\n<meta property=\"og:site_name\" content=\"Memurun Sesi\" \/>\n<meta property=\"article:publisher\" content=\"https:\/\/www.facebook.com\/unipersen\/?locale=tr_TR\" \/>\n<meta property=\"article:published_time\" content=\"2025-11-15T06:01:59+00:00\" \/>\n<meta property=\"og:image\" content=\"https:\/\/memurunsesi.net\/wp-content\/uploads\/2025\/11\/haber-1.jpg\" \/>\n\t<meta property=\"og:image:width\" content=\"1080\" \/>\n\t<meta property=\"og:image:height\" content=\"595\" \/>\n\t<meta property=\"og:image:type\" content=\"image\/jpeg\" \/>\n<meta name=\"author\" content=\"Memurun Sesi Haber Merkezi\" \/>\n<meta name=\"twitter:card\" content=\"summary_large_image\" \/>\n<meta name=\"twitter:creator\" content=\"@unipersen\" \/>\n<meta name=\"twitter:site\" content=\"@unipersen\" \/>\n<meta name=\"twitter:label1\" content=\"Yazan:\" \/>\n\t<meta name=\"twitter:data1\" content=\"Memurun Sesi Haber Merkezi\" \/>\n\t<meta name=\"twitter:label2\" content=\"Tahmini okuma s\u00fcresi\" \/>\n\t<meta name=\"twitter:data2\" content=\"1 dakika\" \/>\n<script type=\"application\/ld+json\" class=\"yoast-schema-graph\">{\"@context\":\"https:\\\/\\\/schema.org\",\"@graph\":[{\"@type\":\"Article\",\"@id\":\"https:\\\/\\\/memurunsesi.net\\\/index.php\\\/2025\\\/11\\\/15\\\/kirklarelinde-feto-operasyonu-6-supheli-yurtdisina-kacarken-yakalandi\\\/#article\",\"isPartOf\":{\"@id\":\"https:\\\/\\\/memurunsesi.net\\\/index.php\\\/2025\\\/11\\\/15\\\/kirklarelinde-feto-operasyonu-6-supheli-yurtdisina-kacarken-yakalandi\\\/\"},\"author\":{\"name\":\"Memurun Sesi Haber Merkezi\",\"@id\":\"https:\\\/\\\/memurunsesi.net\\\/#\\\/schema\\\/person\\\/f21c2d73b89f6ee1d80b0a1803e38587\"},\"headline\":\"K\u0131rklareli\u2019nde FET\u00d6 operasyonu: 6 \u015f\u00fcpheli yurtd\u0131\u015f\u0131na ka\u00e7arken yakaland\u0131\",\"datePublished\":\"2025-11-15T06:01:59+00:00\",\"mainEntityOfPage\":{\"@id\":\"https:\\\/\\\/memurunsesi.net\\\/index.php\\\/2025\\\/11\\\/15\\\/kirklarelinde-feto-operasyonu-6-supheli-yurtdisina-kacarken-yakalandi\\\/\"},\"wordCount\":113,\"commentCount\":0,\"publisher\":{\"@id\":\"https:\\\/\\\/memurunsesi.net\\\/#organization\"},\"image\":{\"@id\":\"https:\\\/\\\/memurunsesi.net\\\/index.php\\\/2025\\\/11\\\/15\\\/kirklarelinde-feto-operasyonu-6-supheli-yurtdisina-kacarken-yakalandi\\\/#primaryimage\"},\"thumbnailUrl\":\"https:\\\/\\\/memurunsesi.net\\\/wp-content\\\/uploads\\\/2025\\\/11\\\/haber-1.jpg\",\"inLanguage\":\"tr\",\"potentialAction\":[{\"@type\":\"CommentAction\",\"name\":\"Comment\",\"target\":[\"https:\\\/\\\/memurunsesi.net\\\/index.php\\\/2025\\\/11\\\/15\\\/kirklarelinde-feto-operasyonu-6-supheli-yurtdisina-kacarken-yakalandi\\\/#respond\"]}]},{\"@type\":\"WebPage\",\"@id\":\"https:\\\/\\\/memurunsesi.net\\\/index.php\\\/2025\\\/11\\\/15\\\/kirklarelinde-feto-operasyonu-6-supheli-yurtdisina-kacarken-yakalandi\\\/\",\"url\":\"https:\\\/\\\/memurunsesi.net\\\/index.php\\\/2025\\\/11\\\/15\\\/kirklarelinde-feto-operasyonu-6-supheli-yurtdisina-kacarken-yakalandi\\\/\",\"name\":\"K\u0131rklareli\u2019nde FET\u00d6 operasyonu: 6 \u015f\u00fcpheli yurtd\u0131\u015f\u0131na ka\u00e7arken yakaland\u0131 - Memurun Sesi\",\"isPartOf\":{\"@id\":\"https:\\\/\\\/memurunsesi.net\\\/#website\"},\"primaryImageOfPage\":{\"@id\":\"https:\\\/\\\/memurunsesi.net\\\/index.php\\\/2025\\\/11\\\/15\\\/kirklarelinde-feto-operasyonu-6-supheli-yurtdisina-kacarken-yakalandi\\\/#primaryimage\"},\"image\":{\"@id\":\"https:\\\/\\\/memurunsesi.net\\\/index.php\\\/2025\\\/11\\\/15\\\/kirklarelinde-feto-operasyonu-6-supheli-yurtdisina-kacarken-yakalandi\\\/#primaryimage\"},\"thumbnailUrl\":\"https:\\\/\\\/memurunsesi.net\\\/wp-content\\\/uploads\\\/2025\\\/11\\\/haber-1.jpg\",\"datePublished\":\"2025-11-15T06:01:59+00:00\",\"description\":\"K\u0131rklareli\u2019nde FET\u00d6 operasyonu: 6 \u015f\u00fcpheli yurtd\u0131\u015f\u0131na ka\u00e7arken yakaland\u0131\",\"breadcrumb\":{\"@id\":\"https:\\\/\\\/memurunsesi.net\\\/index.php\\\/2025\\\/11\\\/15\\\/kirklarelinde-feto-operasyonu-6-supheli-yurtdisina-kacarken-yakalandi\\\/#breadcrumb\"},\"inLanguage\":\"tr\",\"potentialAction\":[{\"@type\":\"ReadAction\",\"target\":[\"https:\\\/\\\/memurunsesi.net\\\/index.php\\\/2025\\\/11\\\/15\\\/kirklarelinde-feto-operasyonu-6-supheli-yurtdisina-kacarken-yakalandi\\\/\"]}]},{\"@type\":\"ImageObject\",\"inLanguage\":\"tr\",\"@id\":\"https:\\\/\\\/memurunsesi.net\\\/index.php\\\/2025\\\/11\\\/15\\\/kirklarelinde-feto-operasyonu-6-supheli-yurtdisina-kacarken-yakalandi\\\/#primaryimage\",\"url\":\"https:\\\/\\\/memurunsesi.net\\\/wp-content\\\/uploads\\\/2025\\\/11\\\/haber-1.jpg\",\"contentUrl\":\"https:\\\/\\\/memurunsesi.net\\\/wp-content\\\/uploads\\\/2025\\\/11\\\/haber-1.jpg\",\"width\":1080,\"height\":595,\"caption\":\"KIRKLAREL\u0130'NDE FET\u00d6 TER\u00d6R \u00d6RG\u00dcT\u00dcNE Y\u00d6NEL\u0130K D\u00dcZENLENEN OPERASYONDA YURT DI\u015eINA KA\u00c7MAYA \u00c7ALI\u015eAN ALTI \u015e\u00dcPHEL\u0130 YAKALANDI. (HAL\u0130L DA\u011e\\\/KIRKLAREL\u0130-\u0130HA) K\u0131rklareli'nde FET\u00d6 ter\u00f6r \u00f6rg\u00fct\u00fcne y\u00f6nelik d\u00fczenlenen operasyonda yurt d\u0131\u015f\u0131na ka\u00e7maya \u00e7al\u0131\u015fan alt\u0131 \u015f\u00fcpheli yakaland\u0131.\"},{\"@type\":\"BreadcrumbList\",\"@id\":\"https:\\\/\\\/memurunsesi.net\\\/index.php\\\/2025\\\/11\\\/15\\\/kirklarelinde-feto-operasyonu-6-supheli-yurtdisina-kacarken-yakalandi\\\/#breadcrumb\",\"itemListElement\":[{\"@type\":\"ListItem\",\"position\":1,\"name\":\"Anasayfa\",\"item\":\"https:\\\/\\\/memurunsesi.net\\\/\"},{\"@type\":\"ListItem\",\"position\":2,\"name\":\"K\u0131rklareli\u2019nde FET\u00d6 operasyonu: 6 \u015f\u00fcpheli yurtd\u0131\u015f\u0131na ka\u00e7arken yakaland\u0131\"}]},{\"@type\":\"WebSite\",\"@id\":\"https:\\\/\\\/memurunsesi.net\\\/#website\",\"url\":\"https:\\\/\\\/memurunsesi.net\\\/\",\"name\":\"Memurun Sesi\",\"description\":\"G\u00fcncel ve Do\u011fru Haber\",\"publisher\":{\"@id\":\"https:\\\/\\\/memurunsesi.net\\\/#organization\"},\"potentialAction\":[{\"@type\":\"SearchAction\",\"target\":{\"@type\":\"EntryPoint\",\"urlTemplate\":\"https:\\\/\\\/memurunsesi.net\\\/?s={search_term_string}\"},\"query-input\":{\"@type\":\"PropertyValueSpecification\",\"valueRequired\":true,\"valueName\":\"search_term_string\"}}],\"inLanguage\":\"tr\"},{\"@type\":\"Organization\",\"@id\":\"https:\\\/\\\/memurunsesi.net\\\/#organization\",\"name\":\"Memurun Sesi\",\"url\":\"https:\\\/\\\/memurunsesi.net\\\/\",\"logo\":{\"@type\":\"ImageObject\",\"inLanguage\":\"tr\",\"@id\":\"https:\\\/\\\/memurunsesi.net\\\/#\\\/schema\\\/logo\\\/image\\\/\",\"url\":\"https:\\\/\\\/memurunsesi.net\\\/wp-content\\\/uploads\\\/2025\\\/11\\\/cropped-MEMURUN-SESI.png\",\"contentUrl\":\"https:\\\/\\\/memurunsesi.net\\\/wp-content\\\/uploads\\\/2025\\\/11\\\/cropped-MEMURUN-SESI.png\",\"width\":238,\"height\":57,\"caption\":\"Memurun Sesi\"},\"image\":{\"@id\":\"https:\\\/\\\/memurunsesi.net\\\/#\\\/schema\\\/logo\\\/image\\\/\"},\"sameAs\":[\"https:\\\/\\\/www.facebook.com\\\/unipersen\\\/?locale=tr_TR\",\"https:\\\/\\\/x.com\\\/unipersen\"]},{\"@type\":\"Person\",\"@id\":\"https:\\\/\\\/memurunsesi.net\\\/#\\\/schema\\\/person\\\/f21c2d73b89f6ee1d80b0a1803e38587\",\"name\":\"Memurun Sesi Haber Merkezi\",\"image\":{\"@type\":\"ImageObject\",\"inLanguage\":\"tr\",\"@id\":\"https:\\\/\\\/secure.gravatar.com\\\/avatar\\\/6cf0505f452ee753f485014986fab09a434671d2b919ee76fc541025c5876a70?s=96&d=mm&r=g\",\"url\":\"https:\\\/\\\/secure.gravatar.com\\\/avatar\\\/6cf0505f452ee753f485014986fab09a434671d2b919ee76fc541025c5876a70?s=96&d=mm&r=g\",\"contentUrl\":\"https:\\\/\\\/secure.gravatar.com\\\/avatar\\\/6cf0505f452ee753f485014986fab09a434671d2b919ee76fc541025c5876a70?s=96&d=mm&r=g\",\"caption\":\"Memurun Sesi Haber Merkezi\"},\"sameAs\":[\"https:\\\/\\\/memurunsesi.net\"],\"url\":\"https:\\\/\\\/memurunsesi.net\\\/index.php\\\/author\\\/uniper\\\/\"}]}<\/script>\n<!-- \/ Yoast SEO plugin. -->","yoast_head_json":{"title":"K\u0131rklareli\u2019nde FET\u00d6 operasyonu: 6 \u015f\u00fcpheli yurtd\u0131\u015f\u0131na ka\u00e7arken yakaland\u0131 - Memurun Sesi","description":"K\u0131rklareli\u2019nde FET\u00d6 operasyonu: 6 \u015f\u00fcpheli yurtd\u0131\u015f\u0131na ka\u00e7arken yakaland\u0131","robots":{"index":"index","follow":"follow","max-snippet":"max-snippet:-1","max-image-preview":"max-image-preview:large","max-video-preview":"max-video-preview:-1"},"canonical":"https:\/\/memurunsesi.net\/index.php\/2025\/11\/15\/kirklarelinde-feto-operasyonu-6-supheli-yurtdisina-kacarken-yakalandi\/","og_locale":"tr_TR","og_type":"article","og_title":"K\u0131rklareli\u2019nde FET\u00d6 operasyonu: 6 \u015f\u00fcpheli yurtd\u0131\u015f\u0131na ka\u00e7arken yakaland\u0131 - Memurun Sesi","og_description":"K\u0131rklareli\u2019nde FET\u00d6 operasyonu: 6 \u015f\u00fcpheli yurtd\u0131\u015f\u0131na ka\u00e7arken yakaland\u0131","og_url":"https:\/\/memurunsesi.net\/index.php\/2025\/11\/15\/kirklarelinde-feto-operasyonu-6-supheli-yurtdisina-kacarken-yakalandi\/","og_site_name":"Memurun Sesi","article_publisher":"https:\/\/www.facebook.com\/unipersen\/?locale=tr_TR","article_published_time":"2025-11-15T06:01:59+00:00","og_image":[{"width":1080,"height":595,"url":"https:\/\/memurunsesi.net\/wp-content\/uploads\/2025\/11\/haber-1.jpg","type":"image\/jpeg"}],"author":"Memurun Sesi Haber Merkezi","twitter_card":"summary_large_image","twitter_creator":"@unipersen","twitter_site":"@unipersen","twitter_misc":{"Yazan:":"Memurun Sesi Haber Merkezi","Tahmini okuma s\u00fcresi":"1 dakika"},"schema":{"@context":"https:\/\/schema.org","@graph":[{"@type":"Article","@id":"https:\/\/memurunsesi.net\/index.php\/2025\/11\/15\/kirklarelinde-feto-operasyonu-6-supheli-yurtdisina-kacarken-yakalandi\/#article","isPartOf":{"@id":"https:\/\/memurunsesi.net\/index.php\/2025\/11\/15\/kirklarelinde-feto-operasyonu-6-supheli-yurtdisina-kacarken-yakalandi\/"},"author":{"name":"Memurun Sesi Haber Merkezi","@id":"https:\/\/memurunsesi.net\/#\/schema\/person\/f21c2d73b89f6ee1d80b0a1803e38587"},"headline":"K\u0131rklareli\u2019nde FET\u00d6 operasyonu: 6 \u015f\u00fcpheli yurtd\u0131\u015f\u0131na ka\u00e7arken yakaland\u0131","datePublished":"2025-11-15T06:01:59+00:00","mainEntityOfPage":{"@id":"https:\/\/memurunsesi.net\/index.php\/2025\/11\/15\/kirklarelinde-feto-operasyonu-6-supheli-yurtdisina-kacarken-yakalandi\/"},"wordCount":113,"commentCount":0,"publisher":{"@id":"https:\/\/memurunsesi.net\/#organization"},"image":{"@id":"https:\/\/memurunsesi.net\/index.php\/2025\/11\/15\/kirklarelinde-feto-operasyonu-6-supheli-yurtdisina-kacarken-yakalandi\/#primaryimage"},"thumbnailUrl":"https:\/\/memurunsesi.net\/wp-content\/uploads\/2025\/11\/haber-1.jpg","inLanguage":"tr","potentialAction":[{"@type":"CommentAction","name":"Comment","target":["https:\/\/memurunsesi.net\/index.php\/2025\/11\/15\/kirklarelinde-feto-operasyonu-6-supheli-yurtdisina-kacarken-yakalandi\/#respond"]}]},{"@type":"WebPage","@id":"https:\/\/memurunsesi.net\/index.php\/2025\/11\/15\/kirklarelinde-feto-operasyonu-6-supheli-yurtdisina-kacarken-yakalandi\/","url":"https:\/\/memurunsesi.net\/index.php\/2025\/11\/15\/kirklarelinde-feto-operasyonu-6-supheli-yurtdisina-kacarken-yakalandi\/","name":"K\u0131rklareli\u2019nde FET\u00d6 operasyonu: 6 \u015f\u00fcpheli yurtd\u0131\u015f\u0131na ka\u00e7arken yakaland\u0131 - Memurun Sesi","isPartOf":{"@id":"https:\/\/memurunsesi.net\/#website"},"primaryImageOfPage":{"@id":"https:\/\/memurunsesi.net\/index.php\/2025\/11\/15\/kirklarelinde-feto-operasyonu-6-supheli-yurtdisina-kacarken-yakalandi\/#primaryimage"},"image":{"@id":"https:\/\/memurunsesi.net\/index.php\/2025\/11\/15\/kirklarelinde-feto-operasyonu-6-supheli-yurtdisina-kacarken-yakalandi\/#primaryimage"},"thumbnailUrl":"https:\/\/memurunsesi.net\/wp-content\/uploads\/2025\/11\/haber-1.jpg","datePublished":"2025-11-15T06:01:59+00:00","description":"K\u0131rklareli\u2019nde FET\u00d6 operasyonu: 6 \u015f\u00fcpheli yurtd\u0131\u015f\u0131na ka\u00e7arken yakaland\u0131","breadcrumb":{"@id":"https:\/\/memurunsesi.net\/index.php\/2025\/11\/15\/kirklarelinde-feto-operasyonu-6-supheli-yurtdisina-kacarken-yakalandi\/#breadcrumb"},"inLanguage":"tr","potentialAction":[{"@type":"ReadAction","target":["https:\/\/memurunsesi.net\/index.php\/2025\/11\/15\/kirklarelinde-feto-operasyonu-6-supheli-yurtdisina-kacarken-yakalandi\/"]}]},{"@type":"ImageObject","inLanguage":"tr","@id":"https:\/\/memurunsesi.net\/index.php\/2025\/11\/15\/kirklarelinde-feto-operasyonu-6-supheli-yurtdisina-kacarken-yakalandi\/#primaryimage","url":"https:\/\/memurunsesi.net\/wp-content\/uploads\/2025\/11\/haber-1.jpg","contentUrl":"https:\/\/memurunsesi.net\/wp-content\/uploads\/2025\/11\/haber-1.jpg","width":1080,"height":595,"caption":"KIRKLAREL\u0130'NDE FET\u00d6 TER\u00d6R \u00d6RG\u00dcT\u00dcNE Y\u00d6NEL\u0130K D\u00dcZENLENEN OPERASYONDA YURT DI\u015eINA KA\u00c7MAYA \u00c7ALI\u015eAN ALTI \u015e\u00dcPHEL\u0130 YAKALANDI. (HAL\u0130L DA\u011e\/KIRKLAREL\u0130-\u0130HA) K\u0131rklareli'nde FET\u00d6 ter\u00f6r \u00f6rg\u00fct\u00fcne y\u00f6nelik d\u00fczenlenen operasyonda yurt d\u0131\u015f\u0131na ka\u00e7maya \u00e7al\u0131\u015fan alt\u0131 \u015f\u00fcpheli yakaland\u0131."},{"@type":"BreadcrumbList","@id":"https:\/\/memurunsesi.net\/index.php\/2025\/11\/15\/kirklarelinde-feto-operasyonu-6-supheli-yurtdisina-kacarken-yakalandi\/#breadcrumb","itemListElement":[{"@type":"ListItem","position":1,"name":"Anasayfa","item":"https:\/\/memurunsesi.net\/"},{"@type":"ListItem","position":2,"name":"K\u0131rklareli\u2019nde FET\u00d6 operasyonu: 6 \u015f\u00fcpheli yurtd\u0131\u015f\u0131na ka\u00e7arken yakaland\u0131"}]},{"@type":"WebSite","@id":"https:\/\/memurunsesi.net\/#website","url":"https:\/\/memurunsesi.net\/","name":"Memurun Sesi","description":"G\u00fcncel ve Do\u011fru Haber","publisher":{"@id":"https:\/\/memurunsesi.net\/#organization"},"potentialAction":[{"@type":"SearchAction","target":{"@type":"EntryPoint","urlTemplate":"https:\/\/memurunsesi.net\/?s={search_term_string}"},"query-input":{"@type":"PropertyValueSpecification","valueRequired":true,"valueName":"search_term_string"}}],"inLanguage":"tr"},{"@type":"Organization","@id":"https:\/\/memurunsesi.net\/#organization","name":"Memurun Sesi","url":"https:\/\/memurunsesi.net\/","logo":{"@type":"ImageObject","inLanguage":"tr","@id":"https:\/\/memurunsesi.net\/#\/schema\/logo\/image\/","url":"https:\/\/memurunsesi.net\/wp-content\/uploads\/2025\/11\/cropped-MEMURUN-SESI.png","contentUrl":"https:\/\/memurunsesi.net\/wp-content\/uploads\/2025\/11\/cropped-MEMURUN-SESI.png","width":238,"height":57,"caption":"Memurun Sesi"},"image":{"@id":"https:\/\/memurunsesi.net\/#\/schema\/logo\/image\/"},"sameAs":["https:\/\/www.facebook.com\/unipersen\/?locale=tr_TR","https:\/\/x.com\/unipersen"]},{"@type":"Person","@id":"https:\/\/memurunsesi.net\/#\/schema\/person\/f21c2d73b89f6ee1d80b0a1803e38587","name":"Memurun Sesi Haber Merkezi","image":{"@type":"ImageObject","inLanguage":"tr","@id":"https:\/\/secure.gravatar.com\/avatar\/6cf0505f452ee753f485014986fab09a434671d2b919ee76fc541025c5876a70?s=96&d=mm&r=g","url":"https:\/\/secure.gravatar.com\/avatar\/6cf0505f452ee753f485014986fab09a434671d2b919ee76fc541025c5876a70?s=96&d=mm&r=g","contentUrl":"https:\/\/secure.gravatar.com\/avatar\/6cf0505f452ee753f485014986fab09a434671d2b919ee76fc541025c5876a70?s=96&d=mm&r=g","caption":"Memurun Sesi Haber Merkezi"},"sameAs":["https:\/\/memurunsesi.net"],"url":"https:\/\/memurunsesi.net\/index.php\/author\/uniper\/"}]}},"_links":{"self":[{"href":"https:\/\/memurunsesi.net\/index.php\/wp-json\/wp\/v2\/posts\/14100","targetHints":{"allow":["GET"]}}],"collection":[{"href":"https:\/\/memurunsesi.net\/index.php\/wp-json\/wp\/v2\/posts"}],"about":[{"href":"https:\/\/memurunsesi.net\/index.php\/wp-json\/wp\/v2\/types\/post"}],"author":[{"embeddable":true,"href":"https:\/\/memurunsesi.net\/index.php\/wp-json\/wp\/v2\/users\/1"}],"replies":[{"embeddable":true,"href":"https:\/\/memurunsesi.net\/index.php\/wp-json\/wp\/v2\/comments?post=14100"}],"version-history":[{"count":1,"href":"https:\/\/memurunsesi.net\/index.php\/wp-json\/wp\/v2\/posts\/14100\/revisions"}],"predecessor-version":[{"id":14102,"href":"https:\/\/memurunsesi.net\/index.php\/wp-json\/wp\/v2\/posts\/14100\/revisions\/14102"}],"wp:featuredmedia":[{"embeddable":true,"href":"https:\/\/memurunsesi.net\/index.php\/wp-json\/wp\/v2\/media\/14101"}],"wp:attachment":[{"href":"https:\/\/memurunsesi.net\/index.php\/wp-json\/wp\/v2\/media?parent=14100"}],"wp:term":[{"taxonomy":"category","embeddable":true,"href":"https:\/\/memurunsesi.net\/index.php\/wp-json\/wp\/v2\/categories?post=14100"},{"taxonomy":"post_tag","embeddable":true,"href":"https:\/\/memurunsesi.net\/index.php\/wp-json\/wp\/v2\/tags?post=14100"}],"curies":[{"name":"wp","href":"https:\/\/api.w.org\/{rel}","templated":true}]}}