{"id":14103,"date":"2025-11-15T09:04:19","date_gmt":"2025-11-15T06:04:19","guid":{"rendered":"https:\/\/memurunsesi.net\/?p=14103"},"modified":"2025-11-15T09:04:19","modified_gmt":"2025-11-15T06:04:19","slug":"ehliyetsiz-surucu-carptigi-bekci-icin-gozyasi-doktu","status":"publish","type":"post","link":"https:\/\/memurunsesi.net\/index.php\/2025\/11\/15\/ehliyetsiz-surucu-carptigi-bekci-icin-gozyasi-doktu\/","title":{"rendered":"Ehliyetsiz s\u00fcr\u00fcc\u00fc \u00e7arpt\u0131\u011f\u0131 bek\u00e7i i\u00e7in g\u00f6zya\u015f\u0131 d\u00f6kt\u00fc"},"content":{"rendered":"<p>  &#8211; Ehliyetsiz ve arac\u0131 plakas\u0131z s\u00fcr\u00fcc\u00fc 34 bin 389 TL&#8217;lik tutana\u011f\u0131 sedyede imzalad\u0131   <\/p>\n<p>  Eski\u015fehir&#8217;de 18 ya\u015f\u0131ndaki ehliyetsiz s\u00fcr\u00fcc\u00fc, plakas\u0131z motosikletiyle \u00e7arpt\u0131\u011f\u0131 bek\u00e7i i\u00e7in g\u00f6zya\u015f\u0131 d\u00f6kt\u00fc. Yaral\u0131 bek\u00e7i hastaneye kald\u0131r\u0131l\u0131rken, ehliyetsiz s\u00fcr\u00fcc\u00fc tedavi i\u00e7in bindirildi\u011fi ambulans\u0131n sedyesinde 34 bin 389 TL idari para cezas\u0131n\u0131n tutana\u011f\u0131n\u0131 imzalad\u0131.<br \/>\n  Kaza, Arifiye Mahallesi Yanda\u015f Sokak \u00fczerinde meydana geldi. Edinilen bilgilere g\u00f6re plakas\u0131z motosiklet ile bahse konu Sokak&#8217;ta ilerleyen Deniz G. isimli ehliyetsiz s\u00fcr\u00fcc\u00fc, bek\u00e7i ekiplerinin \u2018Dur&#8217; ihtar\u0131na uymad\u0131. Motosikleti ile H.K. isimli bek\u00e7iye \u00e7arpan Deniz G., kontrol\u00fcn\u00fc kaybederek yere d\u00fc\u015ft\u00fc. <\/p>\n<p>  \u00c7arpt\u0131\u011f\u0131 bek\u00e7i i\u00e7in g\u00f6zya\u015f\u0131 d\u00f6kt\u00fc<br \/>\n  Yaralanan bek\u00e7i ve s\u00fcr\u00fcc\u00fc i\u00e7in olay yerine Acil Sa\u011fl\u0131k ekibi sevk edildi. Kafas\u0131nda ve v\u00fccudunun farkl\u0131 yerlerinden yaralanan H.K. isimli bek\u00e7i ilk m\u00fcdahalesinin ard\u0131ndan Yunus Emre Devlet Hastanesi&#8217;ne sevk edildi. V\u00fccudunun \u00e7e\u015fitli yerlerinde d\u00fc\u015fmeye ba\u011fl\u0131 yaralanma olan motosiklet s\u00fcr\u00fcc\u00fcs\u00fc, \u00e7arpt\u0131\u011f\u0131 bek\u00e7i i\u00e7in endi\u015felek g\u00f6zya\u015f\u0131 d\u00f6kt\u00fc. Deniz G. plakas\u0131n\u0131n d\u00fc\u015ft\u00fc\u011f\u00fcn\u00fc ve ehliyetini har\u00e7 paras\u0131n\u0131 \u00f6deyemedi\u011fi i\u00e7in alamad\u0131\u011f\u0131n\u0131 iddia etti. Di\u011fer bek\u00e7i ekiplerince teselli edilip kolonya d\u00f6k\u00fclen Deniz G. ilk m\u00fcdahalesinin ard\u0131ndan ambulansa bindirildi.<br \/>\n  34 bin 389 TL para cezas\u0131n\u0131 ambulansta imzalad\u0131<br \/>\n  S\u00fcr\u00fcc\u00fcye ehliyetsiz ve plakas\u0131z ara\u00e7 kullanmaktan toplamda 34 bin 389 TL idari para cezas\u0131 kesildi. Motosiklet s\u00fcr\u00fcc\u00fcs\u00fc ceza tutana\u011f\u0131 ise ambulansta sedye \u00fczerinde yatarken imzalad\u0131. Deniz G. Eski\u015fehir \u015eehir Hastanesi&#8217;ne sevk edildi. Kazayla alakal\u0131 inceleme ba\u015flat\u0131ld\u0131. <\/p>\n<p>15.11.2025                              <\/p>\n","protected":false},"excerpt":{"rendered":"<p>&#8211; Ehliyetsiz ve arac\u0131 plakas\u0131z s\u00fcr\u00fcc\u00fc 34 bin 389 TL&#8217;lik tutana\u011f\u0131 sedyede imzalad\u0131 Eski\u015fehir&#8217;de 18 ya\u015f\u0131ndaki ehliyetsiz s\u00fcr\u00fcc\u00fc, plakas\u0131z motosikletiyle \u00e7arpt\u0131\u011f\u0131 bek\u00e7i i\u00e7in g\u00f6zya\u015f\u0131 d\u00f6kt\u00fc. Yaral\u0131 bek\u00e7i hastaneye kald\u0131r\u0131l\u0131rken, ehliyetsiz s\u00fcr\u00fcc\u00fc tedavi i\u00e7in bindirildi\u011fi ambulans\u0131n sedyesinde 34 bin 389 TL idari para cezas\u0131n\u0131n tutana\u011f\u0131n\u0131 imzalad\u0131. Kaza, Arifiye Mahallesi Yanda\u015f Sokak \u00fczerinde meydana geldi. Edinilen bilgilere [&hellip;]<\/p>\n","protected":false},"author":1,"featured_media":14104,"comment_status":"open","ping_status":"open","sticky":false,"template":"","format":"standard","meta":{"footnotes":""},"categories":[1],"tags":[],"class_list":["post-14103","post","type-post","status-publish","format-standard","has-post-thumbnail","hentry","category-genel"],"yoast_head":"<!-- This site is optimized with the Yoast SEO plugin v27.4 - https:\/\/yoast.com\/product\/yoast-seo-wordpress\/ -->\n<title>Ehliyetsiz s\u00fcr\u00fcc\u00fc \u00e7arpt\u0131\u011f\u0131 bek\u00e7i i\u00e7in g\u00f6zya\u015f\u0131 d\u00f6kt\u00fc - Memurun Sesi<\/title>\n<meta name=\"description\" content=\"Ehliyetsiz s\u00fcr\u00fcc\u00fc \u00e7arpt\u0131\u011f\u0131 bek\u00e7i i\u00e7in g\u00f6zya\u015f\u0131 d\u00f6kt\u00fc\" \/>\n<meta name=\"robots\" content=\"index, follow, max-snippet:-1, max-image-preview:large, max-video-preview:-1\" \/>\n<link rel=\"canonical\" href=\"https:\/\/memurunsesi.net\/index.php\/2025\/11\/15\/ehliyetsiz-surucu-carptigi-bekci-icin-gozyasi-doktu\/\" \/>\n<meta property=\"og:locale\" content=\"tr_TR\" \/>\n<meta property=\"og:type\" content=\"article\" \/>\n<meta property=\"og:title\" content=\"Ehliyetsiz s\u00fcr\u00fcc\u00fc \u00e7arpt\u0131\u011f\u0131 bek\u00e7i i\u00e7in g\u00f6zya\u015f\u0131 d\u00f6kt\u00fc - Memurun Sesi\" \/>\n<meta property=\"og:description\" content=\"Ehliyetsiz s\u00fcr\u00fcc\u00fc \u00e7arpt\u0131\u011f\u0131 bek\u00e7i i\u00e7in g\u00f6zya\u015f\u0131 d\u00f6kt\u00fc\" \/>\n<meta property=\"og:url\" content=\"https:\/\/memurunsesi.net\/index.php\/2025\/11\/15\/ehliyetsiz-surucu-carptigi-bekci-icin-gozyasi-doktu\/\" \/>\n<meta property=\"og:site_name\" content=\"Memurun Sesi\" \/>\n<meta property=\"article:publisher\" content=\"https:\/\/www.facebook.com\/unipersen\/?locale=tr_TR\" \/>\n<meta property=\"article:published_time\" content=\"2025-11-15T06:04:19+00:00\" \/>\n<meta property=\"og:image\" content=\"https:\/\/memurunsesi.net\/wp-content\/uploads\/2025\/11\/haber-2-1-scaled.jpg\" \/>\n\t<meta property=\"og:image:width\" content=\"2560\" \/>\n\t<meta property=\"og:image:height\" content=\"1440\" \/>\n\t<meta property=\"og:image:type\" content=\"image\/jpeg\" \/>\n<meta name=\"author\" content=\"Memurun Sesi Haber Merkezi\" \/>\n<meta name=\"twitter:card\" content=\"summary_large_image\" \/>\n<meta name=\"twitter:creator\" content=\"@unipersen\" \/>\n<meta name=\"twitter:site\" content=\"@unipersen\" \/>\n<meta name=\"twitter:label1\" content=\"Yazan:\" \/>\n\t<meta name=\"twitter:data1\" content=\"Memurun Sesi Haber Merkezi\" \/>\n\t<meta name=\"twitter:label2\" content=\"Tahmini okuma s\u00fcresi\" \/>\n\t<meta name=\"twitter:data2\" content=\"1 dakika\" \/>\n<script type=\"application\/ld+json\" class=\"yoast-schema-graph\">{\"@context\":\"https:\\\/\\\/schema.org\",\"@graph\":[{\"@type\":\"Article\",\"@id\":\"https:\\\/\\\/memurunsesi.net\\\/index.php\\\/2025\\\/11\\\/15\\\/ehliyetsiz-surucu-carptigi-bekci-icin-gozyasi-doktu\\\/#article\",\"isPartOf\":{\"@id\":\"https:\\\/\\\/memurunsesi.net\\\/index.php\\\/2025\\\/11\\\/15\\\/ehliyetsiz-surucu-carptigi-bekci-icin-gozyasi-doktu\\\/\"},\"author\":{\"name\":\"Memurun Sesi Haber Merkezi\",\"@id\":\"https:\\\/\\\/memurunsesi.net\\\/#\\\/schema\\\/person\\\/f21c2d73b89f6ee1d80b0a1803e38587\"},\"headline\":\"Ehliyetsiz s\u00fcr\u00fcc\u00fc \u00e7arpt\u0131\u011f\u0131 bek\u00e7i i\u00e7in g\u00f6zya\u015f\u0131 d\u00f6kt\u00fc\",\"datePublished\":\"2025-11-15T06:04:19+00:00\",\"mainEntityOfPage\":{\"@id\":\"https:\\\/\\\/memurunsesi.net\\\/index.php\\\/2025\\\/11\\\/15\\\/ehliyetsiz-surucu-carptigi-bekci-icin-gozyasi-doktu\\\/\"},\"wordCount\":302,\"commentCount\":0,\"publisher\":{\"@id\":\"https:\\\/\\\/memurunsesi.net\\\/#organization\"},\"image\":{\"@id\":\"https:\\\/\\\/memurunsesi.net\\\/index.php\\\/2025\\\/11\\\/15\\\/ehliyetsiz-surucu-carptigi-bekci-icin-gozyasi-doktu\\\/#primaryimage\"},\"thumbnailUrl\":\"https:\\\/\\\/memurunsesi.net\\\/wp-content\\\/uploads\\\/2025\\\/11\\\/haber-2-1-scaled.jpg\",\"inLanguage\":\"tr\",\"potentialAction\":[{\"@type\":\"CommentAction\",\"name\":\"Comment\",\"target\":[\"https:\\\/\\\/memurunsesi.net\\\/index.php\\\/2025\\\/11\\\/15\\\/ehliyetsiz-surucu-carptigi-bekci-icin-gozyasi-doktu\\\/#respond\"]}]},{\"@type\":\"WebPage\",\"@id\":\"https:\\\/\\\/memurunsesi.net\\\/index.php\\\/2025\\\/11\\\/15\\\/ehliyetsiz-surucu-carptigi-bekci-icin-gozyasi-doktu\\\/\",\"url\":\"https:\\\/\\\/memurunsesi.net\\\/index.php\\\/2025\\\/11\\\/15\\\/ehliyetsiz-surucu-carptigi-bekci-icin-gozyasi-doktu\\\/\",\"name\":\"Ehliyetsiz s\u00fcr\u00fcc\u00fc \u00e7arpt\u0131\u011f\u0131 bek\u00e7i i\u00e7in g\u00f6zya\u015f\u0131 d\u00f6kt\u00fc - Memurun Sesi\",\"isPartOf\":{\"@id\":\"https:\\\/\\\/memurunsesi.net\\\/#website\"},\"primaryImageOfPage\":{\"@id\":\"https:\\\/\\\/memurunsesi.net\\\/index.php\\\/2025\\\/11\\\/15\\\/ehliyetsiz-surucu-carptigi-bekci-icin-gozyasi-doktu\\\/#primaryimage\"},\"image\":{\"@id\":\"https:\\\/\\\/memurunsesi.net\\\/index.php\\\/2025\\\/11\\\/15\\\/ehliyetsiz-surucu-carptigi-bekci-icin-gozyasi-doktu\\\/#primaryimage\"},\"thumbnailUrl\":\"https:\\\/\\\/memurunsesi.net\\\/wp-content\\\/uploads\\\/2025\\\/11\\\/haber-2-1-scaled.jpg\",\"datePublished\":\"2025-11-15T06:04:19+00:00\",\"description\":\"Ehliyetsiz s\u00fcr\u00fcc\u00fc \u00e7arpt\u0131\u011f\u0131 bek\u00e7i i\u00e7in g\u00f6zya\u015f\u0131 d\u00f6kt\u00fc\",\"breadcrumb\":{\"@id\":\"https:\\\/\\\/memurunsesi.net\\\/index.php\\\/2025\\\/11\\\/15\\\/ehliyetsiz-surucu-carptigi-bekci-icin-gozyasi-doktu\\\/#breadcrumb\"},\"inLanguage\":\"tr\",\"potentialAction\":[{\"@type\":\"ReadAction\",\"target\":[\"https:\\\/\\\/memurunsesi.net\\\/index.php\\\/2025\\\/11\\\/15\\\/ehliyetsiz-surucu-carptigi-bekci-icin-gozyasi-doktu\\\/\"]}]},{\"@type\":\"ImageObject\",\"inLanguage\":\"tr\",\"@id\":\"https:\\\/\\\/memurunsesi.net\\\/index.php\\\/2025\\\/11\\\/15\\\/ehliyetsiz-surucu-carptigi-bekci-icin-gozyasi-doktu\\\/#primaryimage\",\"url\":\"https:\\\/\\\/memurunsesi.net\\\/wp-content\\\/uploads\\\/2025\\\/11\\\/haber-2-1-scaled.jpg\",\"contentUrl\":\"https:\\\/\\\/memurunsesi.net\\\/wp-content\\\/uploads\\\/2025\\\/11\\\/haber-2-1-scaled.jpg\",\"width\":1920,\"height\":1080,\"caption\":\"YARALANAN BEK\u00c7\u0130 H.K. (BAHADIR TURGUT\\\/ESK\u0130\u015eEH\u0130R-\u0130HA) Eski\u015fehir'de 18 ya\u015f\u0131ndaki ehliyetsiz s\u00fcr\u00fcc\u00fc, plakas\u0131z motosikletiyle \u00e7arpt\u0131\u011f\u0131 bek\u00e7i i\u00e7in g\u00f6zya\u015f\u0131 d\u00f6kt\u00fc. Yaral\u0131 bek\u00e7i hastaneye kald\u0131r\u0131l\u0131rken, ehliyetsiz s\u00fcr\u00fcc\u00fc tedavi i\u00e7in bindirildi\u011fi ambulans\u0131n sedyesinde 34 bin 389 TL idari para cezas\u0131n\u0131n tutana\u011f\u0131n\u0131 imzalad\u0131.\"},{\"@type\":\"BreadcrumbList\",\"@id\":\"https:\\\/\\\/memurunsesi.net\\\/index.php\\\/2025\\\/11\\\/15\\\/ehliyetsiz-surucu-carptigi-bekci-icin-gozyasi-doktu\\\/#breadcrumb\",\"itemListElement\":[{\"@type\":\"ListItem\",\"position\":1,\"name\":\"Anasayfa\",\"item\":\"https:\\\/\\\/memurunsesi.net\\\/\"},{\"@type\":\"ListItem\",\"position\":2,\"name\":\"Ehliyetsiz s\u00fcr\u00fcc\u00fc \u00e7arpt\u0131\u011f\u0131 bek\u00e7i i\u00e7in g\u00f6zya\u015f\u0131 d\u00f6kt\u00fc\"}]},{\"@type\":\"WebSite\",\"@id\":\"https:\\\/\\\/memurunsesi.net\\\/#website\",\"url\":\"https:\\\/\\\/memurunsesi.net\\\/\",\"name\":\"Memurun Sesi\",\"description\":\"G\u00fcncel ve Do\u011fru Haber\",\"publisher\":{\"@id\":\"https:\\\/\\\/memurunsesi.net\\\/#organization\"},\"potentialAction\":[{\"@type\":\"SearchAction\",\"target\":{\"@type\":\"EntryPoint\",\"urlTemplate\":\"https:\\\/\\\/memurunsesi.net\\\/?s={search_term_string}\"},\"query-input\":{\"@type\":\"PropertyValueSpecification\",\"valueRequired\":true,\"valueName\":\"search_term_string\"}}],\"inLanguage\":\"tr\"},{\"@type\":\"Organization\",\"@id\":\"https:\\\/\\\/memurunsesi.net\\\/#organization\",\"name\":\"Memurun Sesi\",\"url\":\"https:\\\/\\\/memurunsesi.net\\\/\",\"logo\":{\"@type\":\"ImageObject\",\"inLanguage\":\"tr\",\"@id\":\"https:\\\/\\\/memurunsesi.net\\\/#\\\/schema\\\/logo\\\/image\\\/\",\"url\":\"https:\\\/\\\/memurunsesi.net\\\/wp-content\\\/uploads\\\/2025\\\/11\\\/cropped-MEMURUN-SESI.png\",\"contentUrl\":\"https:\\\/\\\/memurunsesi.net\\\/wp-content\\\/uploads\\\/2025\\\/11\\\/cropped-MEMURUN-SESI.png\",\"width\":238,\"height\":57,\"caption\":\"Memurun Sesi\"},\"image\":{\"@id\":\"https:\\\/\\\/memurunsesi.net\\\/#\\\/schema\\\/logo\\\/image\\\/\"},\"sameAs\":[\"https:\\\/\\\/www.facebook.com\\\/unipersen\\\/?locale=tr_TR\",\"https:\\\/\\\/x.com\\\/unipersen\"]},{\"@type\":\"Person\",\"@id\":\"https:\\\/\\\/memurunsesi.net\\\/#\\\/schema\\\/person\\\/f21c2d73b89f6ee1d80b0a1803e38587\",\"name\":\"Memurun Sesi Haber Merkezi\",\"image\":{\"@type\":\"ImageObject\",\"inLanguage\":\"tr\",\"@id\":\"https:\\\/\\\/secure.gravatar.com\\\/avatar\\\/6cf0505f452ee753f485014986fab09a434671d2b919ee76fc541025c5876a70?s=96&d=mm&r=g\",\"url\":\"https:\\\/\\\/secure.gravatar.com\\\/avatar\\\/6cf0505f452ee753f485014986fab09a434671d2b919ee76fc541025c5876a70?s=96&d=mm&r=g\",\"contentUrl\":\"https:\\\/\\\/secure.gravatar.com\\\/avatar\\\/6cf0505f452ee753f485014986fab09a434671d2b919ee76fc541025c5876a70?s=96&d=mm&r=g\",\"caption\":\"Memurun Sesi Haber Merkezi\"},\"sameAs\":[\"https:\\\/\\\/memurunsesi.net\"],\"url\":\"https:\\\/\\\/memurunsesi.net\\\/index.php\\\/author\\\/uniper\\\/\"}]}<\/script>\n<!-- \/ Yoast SEO plugin. -->","yoast_head_json":{"title":"Ehliyetsiz s\u00fcr\u00fcc\u00fc \u00e7arpt\u0131\u011f\u0131 bek\u00e7i i\u00e7in g\u00f6zya\u015f\u0131 d\u00f6kt\u00fc - Memurun Sesi","description":"Ehliyetsiz s\u00fcr\u00fcc\u00fc \u00e7arpt\u0131\u011f\u0131 bek\u00e7i i\u00e7in g\u00f6zya\u015f\u0131 d\u00f6kt\u00fc","robots":{"index":"index","follow":"follow","max-snippet":"max-snippet:-1","max-image-preview":"max-image-preview:large","max-video-preview":"max-video-preview:-1"},"canonical":"https:\/\/memurunsesi.net\/index.php\/2025\/11\/15\/ehliyetsiz-surucu-carptigi-bekci-icin-gozyasi-doktu\/","og_locale":"tr_TR","og_type":"article","og_title":"Ehliyetsiz s\u00fcr\u00fcc\u00fc \u00e7arpt\u0131\u011f\u0131 bek\u00e7i i\u00e7in g\u00f6zya\u015f\u0131 d\u00f6kt\u00fc - Memurun Sesi","og_description":"Ehliyetsiz s\u00fcr\u00fcc\u00fc \u00e7arpt\u0131\u011f\u0131 bek\u00e7i i\u00e7in g\u00f6zya\u015f\u0131 d\u00f6kt\u00fc","og_url":"https:\/\/memurunsesi.net\/index.php\/2025\/11\/15\/ehliyetsiz-surucu-carptigi-bekci-icin-gozyasi-doktu\/","og_site_name":"Memurun Sesi","article_publisher":"https:\/\/www.facebook.com\/unipersen\/?locale=tr_TR","article_published_time":"2025-11-15T06:04:19+00:00","og_image":[{"width":2560,"height":1440,"url":"https:\/\/memurunsesi.net\/wp-content\/uploads\/2025\/11\/haber-2-1-scaled.jpg","type":"image\/jpeg"}],"author":"Memurun Sesi Haber Merkezi","twitter_card":"summary_large_image","twitter_creator":"@unipersen","twitter_site":"@unipersen","twitter_misc":{"Yazan:":"Memurun Sesi Haber Merkezi","Tahmini okuma s\u00fcresi":"1 dakika"},"schema":{"@context":"https:\/\/schema.org","@graph":[{"@type":"Article","@id":"https:\/\/memurunsesi.net\/index.php\/2025\/11\/15\/ehliyetsiz-surucu-carptigi-bekci-icin-gozyasi-doktu\/#article","isPartOf":{"@id":"https:\/\/memurunsesi.net\/index.php\/2025\/11\/15\/ehliyetsiz-surucu-carptigi-bekci-icin-gozyasi-doktu\/"},"author":{"name":"Memurun Sesi Haber Merkezi","@id":"https:\/\/memurunsesi.net\/#\/schema\/person\/f21c2d73b89f6ee1d80b0a1803e38587"},"headline":"Ehliyetsiz s\u00fcr\u00fcc\u00fc \u00e7arpt\u0131\u011f\u0131 bek\u00e7i i\u00e7in g\u00f6zya\u015f\u0131 d\u00f6kt\u00fc","datePublished":"2025-11-15T06:04:19+00:00","mainEntityOfPage":{"@id":"https:\/\/memurunsesi.net\/index.php\/2025\/11\/15\/ehliyetsiz-surucu-carptigi-bekci-icin-gozyasi-doktu\/"},"wordCount":302,"commentCount":0,"publisher":{"@id":"https:\/\/memurunsesi.net\/#organization"},"image":{"@id":"https:\/\/memurunsesi.net\/index.php\/2025\/11\/15\/ehliyetsiz-surucu-carptigi-bekci-icin-gozyasi-doktu\/#primaryimage"},"thumbnailUrl":"https:\/\/memurunsesi.net\/wp-content\/uploads\/2025\/11\/haber-2-1-scaled.jpg","inLanguage":"tr","potentialAction":[{"@type":"CommentAction","name":"Comment","target":["https:\/\/memurunsesi.net\/index.php\/2025\/11\/15\/ehliyetsiz-surucu-carptigi-bekci-icin-gozyasi-doktu\/#respond"]}]},{"@type":"WebPage","@id":"https:\/\/memurunsesi.net\/index.php\/2025\/11\/15\/ehliyetsiz-surucu-carptigi-bekci-icin-gozyasi-doktu\/","url":"https:\/\/memurunsesi.net\/index.php\/2025\/11\/15\/ehliyetsiz-surucu-carptigi-bekci-icin-gozyasi-doktu\/","name":"Ehliyetsiz s\u00fcr\u00fcc\u00fc \u00e7arpt\u0131\u011f\u0131 bek\u00e7i i\u00e7in g\u00f6zya\u015f\u0131 d\u00f6kt\u00fc - Memurun Sesi","isPartOf":{"@id":"https:\/\/memurunsesi.net\/#website"},"primaryImageOfPage":{"@id":"https:\/\/memurunsesi.net\/index.php\/2025\/11\/15\/ehliyetsiz-surucu-carptigi-bekci-icin-gozyasi-doktu\/#primaryimage"},"image":{"@id":"https:\/\/memurunsesi.net\/index.php\/2025\/11\/15\/ehliyetsiz-surucu-carptigi-bekci-icin-gozyasi-doktu\/#primaryimage"},"thumbnailUrl":"https:\/\/memurunsesi.net\/wp-content\/uploads\/2025\/11\/haber-2-1-scaled.jpg","datePublished":"2025-11-15T06:04:19+00:00","description":"Ehliyetsiz s\u00fcr\u00fcc\u00fc \u00e7arpt\u0131\u011f\u0131 bek\u00e7i i\u00e7in g\u00f6zya\u015f\u0131 d\u00f6kt\u00fc","breadcrumb":{"@id":"https:\/\/memurunsesi.net\/index.php\/2025\/11\/15\/ehliyetsiz-surucu-carptigi-bekci-icin-gozyasi-doktu\/#breadcrumb"},"inLanguage":"tr","potentialAction":[{"@type":"ReadAction","target":["https:\/\/memurunsesi.net\/index.php\/2025\/11\/15\/ehliyetsiz-surucu-carptigi-bekci-icin-gozyasi-doktu\/"]}]},{"@type":"ImageObject","inLanguage":"tr","@id":"https:\/\/memurunsesi.net\/index.php\/2025\/11\/15\/ehliyetsiz-surucu-carptigi-bekci-icin-gozyasi-doktu\/#primaryimage","url":"https:\/\/memurunsesi.net\/wp-content\/uploads\/2025\/11\/haber-2-1-scaled.jpg","contentUrl":"https:\/\/memurunsesi.net\/wp-content\/uploads\/2025\/11\/haber-2-1-scaled.jpg","width":1920,"height":1080,"caption":"YARALANAN BEK\u00c7\u0130 H.K. (BAHADIR TURGUT\/ESK\u0130\u015eEH\u0130R-\u0130HA) Eski\u015fehir'de 18 ya\u015f\u0131ndaki ehliyetsiz s\u00fcr\u00fcc\u00fc, plakas\u0131z motosikletiyle \u00e7arpt\u0131\u011f\u0131 bek\u00e7i i\u00e7in g\u00f6zya\u015f\u0131 d\u00f6kt\u00fc. Yaral\u0131 bek\u00e7i hastaneye kald\u0131r\u0131l\u0131rken, ehliyetsiz s\u00fcr\u00fcc\u00fc tedavi i\u00e7in bindirildi\u011fi ambulans\u0131n sedyesinde 34 bin 389 TL idari para cezas\u0131n\u0131n tutana\u011f\u0131n\u0131 imzalad\u0131."},{"@type":"BreadcrumbList","@id":"https:\/\/memurunsesi.net\/index.php\/2025\/11\/15\/ehliyetsiz-surucu-carptigi-bekci-icin-gozyasi-doktu\/#breadcrumb","itemListElement":[{"@type":"ListItem","position":1,"name":"Anasayfa","item":"https:\/\/memurunsesi.net\/"},{"@type":"ListItem","position":2,"name":"Ehliyetsiz s\u00fcr\u00fcc\u00fc \u00e7arpt\u0131\u011f\u0131 bek\u00e7i i\u00e7in g\u00f6zya\u015f\u0131 d\u00f6kt\u00fc"}]},{"@type":"WebSite","@id":"https:\/\/memurunsesi.net\/#website","url":"https:\/\/memurunsesi.net\/","name":"Memurun Sesi","description":"G\u00fcncel ve Do\u011fru Haber","publisher":{"@id":"https:\/\/memurunsesi.net\/#organization"},"potentialAction":[{"@type":"SearchAction","target":{"@type":"EntryPoint","urlTemplate":"https:\/\/memurunsesi.net\/?s={search_term_string}"},"query-input":{"@type":"PropertyValueSpecification","valueRequired":true,"valueName":"search_term_string"}}],"inLanguage":"tr"},{"@type":"Organization","@id":"https:\/\/memurunsesi.net\/#organization","name":"Memurun Sesi","url":"https:\/\/memurunsesi.net\/","logo":{"@type":"ImageObject","inLanguage":"tr","@id":"https:\/\/memurunsesi.net\/#\/schema\/logo\/image\/","url":"https:\/\/memurunsesi.net\/wp-content\/uploads\/2025\/11\/cropped-MEMURUN-SESI.png","contentUrl":"https:\/\/memurunsesi.net\/wp-content\/uploads\/2025\/11\/cropped-MEMURUN-SESI.png","width":238,"height":57,"caption":"Memurun Sesi"},"image":{"@id":"https:\/\/memurunsesi.net\/#\/schema\/logo\/image\/"},"sameAs":["https:\/\/www.facebook.com\/unipersen\/?locale=tr_TR","https:\/\/x.com\/unipersen"]},{"@type":"Person","@id":"https:\/\/memurunsesi.net\/#\/schema\/person\/f21c2d73b89f6ee1d80b0a1803e38587","name":"Memurun Sesi Haber Merkezi","image":{"@type":"ImageObject","inLanguage":"tr","@id":"https:\/\/secure.gravatar.com\/avatar\/6cf0505f452ee753f485014986fab09a434671d2b919ee76fc541025c5876a70?s=96&d=mm&r=g","url":"https:\/\/secure.gravatar.com\/avatar\/6cf0505f452ee753f485014986fab09a434671d2b919ee76fc541025c5876a70?s=96&d=mm&r=g","contentUrl":"https:\/\/secure.gravatar.com\/avatar\/6cf0505f452ee753f485014986fab09a434671d2b919ee76fc541025c5876a70?s=96&d=mm&r=g","caption":"Memurun Sesi Haber Merkezi"},"sameAs":["https:\/\/memurunsesi.net"],"url":"https:\/\/memurunsesi.net\/index.php\/author\/uniper\/"}]}},"_links":{"self":[{"href":"https:\/\/memurunsesi.net\/index.php\/wp-json\/wp\/v2\/posts\/14103","targetHints":{"allow":["GET"]}}],"collection":[{"href":"https:\/\/memurunsesi.net\/index.php\/wp-json\/wp\/v2\/posts"}],"about":[{"href":"https:\/\/memurunsesi.net\/index.php\/wp-json\/wp\/v2\/types\/post"}],"author":[{"embeddable":true,"href":"https:\/\/memurunsesi.net\/index.php\/wp-json\/wp\/v2\/users\/1"}],"replies":[{"embeddable":true,"href":"https:\/\/memurunsesi.net\/index.php\/wp-json\/wp\/v2\/comments?post=14103"}],"version-history":[{"count":1,"href":"https:\/\/memurunsesi.net\/index.php\/wp-json\/wp\/v2\/posts\/14103\/revisions"}],"predecessor-version":[{"id":14105,"href":"https:\/\/memurunsesi.net\/index.php\/wp-json\/wp\/v2\/posts\/14103\/revisions\/14105"}],"wp:featuredmedia":[{"embeddable":true,"href":"https:\/\/memurunsesi.net\/index.php\/wp-json\/wp\/v2\/media\/14104"}],"wp:attachment":[{"href":"https:\/\/memurunsesi.net\/index.php\/wp-json\/wp\/v2\/media?parent=14103"}],"wp:term":[{"taxonomy":"category","embeddable":true,"href":"https:\/\/memurunsesi.net\/index.php\/wp-json\/wp\/v2\/categories?post=14103"},{"taxonomy":"post_tag","embeddable":true,"href":"https:\/\/memurunsesi.net\/index.php\/wp-json\/wp\/v2\/tags?post=14103"}],"curies":[{"name":"wp","href":"https:\/\/api.w.org\/{rel}","templated":true}]}}