{"id":14143,"date":"2025-11-16T15:24:47","date_gmt":"2025-11-16T12:24:47","guid":{"rendered":"https:\/\/memurunsesi.net\/?p=14143"},"modified":"2025-11-16T15:24:47","modified_gmt":"2025-11-16T12:24:47","slug":"ak-parti-karaman-milletvekili-selman-oguzhan-eser-trafik-kazasi-gecirdi","status":"publish","type":"post","link":"https:\/\/memurunsesi.net\/index.php\/2025\/11\/16\/ak-parti-karaman-milletvekili-selman-oguzhan-eser-trafik-kazasi-gecirdi\/","title":{"rendered":"AK Parti Karaman Milletvekili Selman O\u011fuzhan Eser trafik kazas\u0131 ge\u00e7irdi"},"content":{"rendered":"<p>AK Parti Karaman Milletvekili Selman O\u011fuzhan Eser otomobiliyle trafik kazas\u0131 ge\u00e7irdi. Milletvekili Eser, e\u015fi ve \u00e7ocuklar\u0131 kazay\u0131 hafif \u015fekilde atlatt\u0131.<br \/>\nKaza, ak\u015fam saat 20.00 s\u0131ralar\u0131nda Karaman-Konya Kara yolu \u00fczerinde meydana geldi. Edinilen bilgiye g\u00f6re, Milletvekili Eser, 06 KAR 70 plakal\u0131 Volkswagen marka otomobiliyle Karaman&#8217;dan Ankara&#8217;ya giderken Konya&#8217;n\u0131n Meram il\u00e7esi Ka\u015f\u0131nhan\u0131 Mahallesi yak\u0131nlar\u0131nda \u00f6n\u00fcne aniden \u00e7\u0131kan t\u0131rla \u00e7arp\u0131\u015fmamak i\u00e7in manevra yapmas\u0131 sonucu arac\u0131 kontrolden \u00e7\u0131karak ref\u00fcjdeki trafik levhas\u0131na \u00e7arpt\u0131. Kaza an\u0131 ise Milletvekili Eser&#8217;in ara\u00e7 kameras\u0131na saniye saniye yans\u0131d\u0131. Milletvekili Eser, ara\u00e7taki e\u015fi ve \u00e7ocuklar\u0131 kazay\u0131 hafif \u015fekilde yaralanarak atlatt\u0131. Eser ve ailesi tedbir ama\u00e7l\u0131 ambulansla Konya \u015eehir Hastanesi&#8217;ne kald\u0131r\u0131ld\u0131. Milletvekili Selman O\u011fuzhan Eser ve ailesinin sa\u011fl\u0131k durumlar\u0131n\u0131n iyi oldu\u011fu, hastaneden taburcu olduklar\u0131 \u00f6\u011frenildi.<br \/>\nKazayla ilgili tahkikat s\u00fcr\u00fcyor.<\/p>\n<p>16.11.2025<\/p>\n","protected":false},"excerpt":{"rendered":"<p>AK Parti Karaman Milletvekili Selman O\u011fuzhan Eser otomobiliyle trafik kazas\u0131 ge\u00e7irdi. Milletvekili Eser, e\u015fi ve \u00e7ocuklar\u0131 kazay\u0131 hafif \u015fekilde atlatt\u0131. Kaza, ak\u015fam saat 20.00 s\u0131ralar\u0131nda Karaman-Konya Kara yolu \u00fczerinde meydana geldi. Edinilen bilgiye g\u00f6re, Milletvekili Eser, 06 KAR 70 plakal\u0131 Volkswagen marka otomobiliyle Karaman&#8217;dan Ankara&#8217;ya giderken Konya&#8217;n\u0131n Meram il\u00e7esi Ka\u015f\u0131nhan\u0131 Mahallesi yak\u0131nlar\u0131nda \u00f6n\u00fcne aniden \u00e7\u0131kan [&hellip;]<\/p>\n","protected":false},"author":1,"featured_media":14144,"comment_status":"open","ping_status":"open","sticky":false,"template":"","format":"standard","meta":{"footnotes":""},"categories":[45],"tags":[],"class_list":["post-14143","post","type-post","status-publish","format-standard","has-post-thumbnail","hentry","category-gundem"],"yoast_head":"<!-- This site is optimized with the Yoast SEO plugin v27.4 - https:\/\/yoast.com\/product\/yoast-seo-wordpress\/ -->\n<title>AK Parti Karaman Milletvekili Selman O\u011fuzhan Eser trafik kazas\u0131 ge\u00e7irdi - Memurun Sesi<\/title>\n<meta name=\"description\" content=\"AK Parti Karaman Milletvekili Selman O\u011fuzhan Eser trafik kazas\u0131 ge\u00e7irdi\" \/>\n<meta name=\"robots\" content=\"index, follow, max-snippet:-1, max-image-preview:large, max-video-preview:-1\" \/>\n<link rel=\"canonical\" href=\"https:\/\/memurunsesi.net\/index.php\/2025\/11\/16\/ak-parti-karaman-milletvekili-selman-oguzhan-eser-trafik-kazasi-gecirdi\/\" \/>\n<meta property=\"og:locale\" content=\"tr_TR\" \/>\n<meta property=\"og:type\" content=\"article\" \/>\n<meta property=\"og:title\" content=\"AK Parti Karaman Milletvekili Selman O\u011fuzhan Eser trafik kazas\u0131 ge\u00e7irdi - Memurun Sesi\" \/>\n<meta property=\"og:description\" content=\"AK Parti Karaman Milletvekili Selman O\u011fuzhan Eser trafik kazas\u0131 ge\u00e7irdi\" \/>\n<meta property=\"og:url\" content=\"https:\/\/memurunsesi.net\/index.php\/2025\/11\/16\/ak-parti-karaman-milletvekili-selman-oguzhan-eser-trafik-kazasi-gecirdi\/\" \/>\n<meta property=\"og:site_name\" content=\"Memurun Sesi\" \/>\n<meta property=\"article:publisher\" content=\"https:\/\/www.facebook.com\/unipersen\/?locale=tr_TR\" \/>\n<meta property=\"article:published_time\" content=\"2025-11-16T12:24:47+00:00\" \/>\n<meta property=\"og:image\" content=\"https:\/\/memurunsesi.net\/wp-content\/uploads\/2025\/11\/KAZA-4-1.jpg\" \/>\n\t<meta property=\"og:image:width\" content=\"1145\" \/>\n\t<meta property=\"og:image:height\" content=\"681\" \/>\n\t<meta property=\"og:image:type\" content=\"image\/jpeg\" \/>\n<meta name=\"author\" content=\"Memurun Sesi Haber Merkezi\" \/>\n<meta name=\"twitter:card\" content=\"summary_large_image\" \/>\n<meta name=\"twitter:creator\" content=\"@unipersen\" \/>\n<meta name=\"twitter:site\" content=\"@unipersen\" \/>\n<meta name=\"twitter:label1\" content=\"Yazan:\" \/>\n\t<meta name=\"twitter:data1\" content=\"Memurun Sesi Haber Merkezi\" \/>\n\t<meta name=\"twitter:label2\" content=\"Tahmini okuma s\u00fcresi\" \/>\n\t<meta name=\"twitter:data2\" content=\"1 dakika\" \/>\n<script type=\"application\/ld+json\" class=\"yoast-schema-graph\">{\"@context\":\"https:\\\/\\\/schema.org\",\"@graph\":[{\"@type\":\"Article\",\"@id\":\"https:\\\/\\\/memurunsesi.net\\\/index.php\\\/2025\\\/11\\\/16\\\/ak-parti-karaman-milletvekili-selman-oguzhan-eser-trafik-kazasi-gecirdi\\\/#article\",\"isPartOf\":{\"@id\":\"https:\\\/\\\/memurunsesi.net\\\/index.php\\\/2025\\\/11\\\/16\\\/ak-parti-karaman-milletvekili-selman-oguzhan-eser-trafik-kazasi-gecirdi\\\/\"},\"author\":{\"name\":\"Memurun Sesi Haber Merkezi\",\"@id\":\"https:\\\/\\\/memurunsesi.net\\\/#\\\/schema\\\/person\\\/f21c2d73b89f6ee1d80b0a1803e38587\"},\"headline\":\"AK Parti Karaman Milletvekili Selman O\u011fuzhan Eser trafik kazas\u0131 ge\u00e7irdi\",\"datePublished\":\"2025-11-16T12:24:47+00:00\",\"mainEntityOfPage\":{\"@id\":\"https:\\\/\\\/memurunsesi.net\\\/index.php\\\/2025\\\/11\\\/16\\\/ak-parti-karaman-milletvekili-selman-oguzhan-eser-trafik-kazasi-gecirdi\\\/\"},\"wordCount\":164,\"commentCount\":0,\"publisher\":{\"@id\":\"https:\\\/\\\/memurunsesi.net\\\/#organization\"},\"image\":{\"@id\":\"https:\\\/\\\/memurunsesi.net\\\/index.php\\\/2025\\\/11\\\/16\\\/ak-parti-karaman-milletvekili-selman-oguzhan-eser-trafik-kazasi-gecirdi\\\/#primaryimage\"},\"thumbnailUrl\":\"https:\\\/\\\/memurunsesi.net\\\/wp-content\\\/uploads\\\/2025\\\/11\\\/KAZA-4-1.jpg\",\"articleSection\":[\"G\u00fcndem\"],\"inLanguage\":\"tr\",\"potentialAction\":[{\"@type\":\"CommentAction\",\"name\":\"Comment\",\"target\":[\"https:\\\/\\\/memurunsesi.net\\\/index.php\\\/2025\\\/11\\\/16\\\/ak-parti-karaman-milletvekili-selman-oguzhan-eser-trafik-kazasi-gecirdi\\\/#respond\"]}]},{\"@type\":\"WebPage\",\"@id\":\"https:\\\/\\\/memurunsesi.net\\\/index.php\\\/2025\\\/11\\\/16\\\/ak-parti-karaman-milletvekili-selman-oguzhan-eser-trafik-kazasi-gecirdi\\\/\",\"url\":\"https:\\\/\\\/memurunsesi.net\\\/index.php\\\/2025\\\/11\\\/16\\\/ak-parti-karaman-milletvekili-selman-oguzhan-eser-trafik-kazasi-gecirdi\\\/\",\"name\":\"AK Parti Karaman Milletvekili Selman O\u011fuzhan Eser trafik kazas\u0131 ge\u00e7irdi - Memurun Sesi\",\"isPartOf\":{\"@id\":\"https:\\\/\\\/memurunsesi.net\\\/#website\"},\"primaryImageOfPage\":{\"@id\":\"https:\\\/\\\/memurunsesi.net\\\/index.php\\\/2025\\\/11\\\/16\\\/ak-parti-karaman-milletvekili-selman-oguzhan-eser-trafik-kazasi-gecirdi\\\/#primaryimage\"},\"image\":{\"@id\":\"https:\\\/\\\/memurunsesi.net\\\/index.php\\\/2025\\\/11\\\/16\\\/ak-parti-karaman-milletvekili-selman-oguzhan-eser-trafik-kazasi-gecirdi\\\/#primaryimage\"},\"thumbnailUrl\":\"https:\\\/\\\/memurunsesi.net\\\/wp-content\\\/uploads\\\/2025\\\/11\\\/KAZA-4-1.jpg\",\"datePublished\":\"2025-11-16T12:24:47+00:00\",\"description\":\"AK Parti Karaman Milletvekili Selman O\u011fuzhan Eser trafik kazas\u0131 ge\u00e7irdi\",\"breadcrumb\":{\"@id\":\"https:\\\/\\\/memurunsesi.net\\\/index.php\\\/2025\\\/11\\\/16\\\/ak-parti-karaman-milletvekili-selman-oguzhan-eser-trafik-kazasi-gecirdi\\\/#breadcrumb\"},\"inLanguage\":\"tr\",\"potentialAction\":[{\"@type\":\"ReadAction\",\"target\":[\"https:\\\/\\\/memurunsesi.net\\\/index.php\\\/2025\\\/11\\\/16\\\/ak-parti-karaman-milletvekili-selman-oguzhan-eser-trafik-kazasi-gecirdi\\\/\"]}]},{\"@type\":\"ImageObject\",\"inLanguage\":\"tr\",\"@id\":\"https:\\\/\\\/memurunsesi.net\\\/index.php\\\/2025\\\/11\\\/16\\\/ak-parti-karaman-milletvekili-selman-oguzhan-eser-trafik-kazasi-gecirdi\\\/#primaryimage\",\"url\":\"https:\\\/\\\/memurunsesi.net\\\/wp-content\\\/uploads\\\/2025\\\/11\\\/KAZA-4-1.jpg\",\"contentUrl\":\"https:\\\/\\\/memurunsesi.net\\\/wp-content\\\/uploads\\\/2025\\\/11\\\/KAZA-4-1.jpg\",\"width\":1145,\"height\":681,\"caption\":\"AK PART\u0130 KARAMAN M\u0130LLETVEK\u0130L\u0130 SELMAN O\u011eUZHAN ESER OTOMOB\u0130L\u0130YLE TRAF\u0130K KAZASI GE\u00c7\u0130RD\u0130. KAZADA M\u0130LLETVEK\u0130L\u0130 ESER, E\u015e\u0130 VE \u00c7OCUKLARI HAF\u0130F \u015eEK\u0130LDE YARALANARAK ATLATTI. (MEHMET AK\u0130F ORHAN\\\/KARAMAN-\u0130HA) AK Parti Karaman Milletvekili Selman O\u011fuzhan Eser otomobiliyle trafik kazas\u0131 ge\u00e7irdi. Milletvekili Eser, e\u015fi ve \u00e7ocuklar\u0131 kazay\u0131 hafif \u015fekilde atlatt\u0131.\"},{\"@type\":\"BreadcrumbList\",\"@id\":\"https:\\\/\\\/memurunsesi.net\\\/index.php\\\/2025\\\/11\\\/16\\\/ak-parti-karaman-milletvekili-selman-oguzhan-eser-trafik-kazasi-gecirdi\\\/#breadcrumb\",\"itemListElement\":[{\"@type\":\"ListItem\",\"position\":1,\"name\":\"Anasayfa\",\"item\":\"https:\\\/\\\/memurunsesi.net\\\/\"},{\"@type\":\"ListItem\",\"position\":2,\"name\":\"AK Parti Karaman Milletvekili Selman O\u011fuzhan Eser trafik kazas\u0131 ge\u00e7irdi\"}]},{\"@type\":\"WebSite\",\"@id\":\"https:\\\/\\\/memurunsesi.net\\\/#website\",\"url\":\"https:\\\/\\\/memurunsesi.net\\\/\",\"name\":\"Memurun Sesi\",\"description\":\"G\u00fcncel ve Do\u011fru Haber\",\"publisher\":{\"@id\":\"https:\\\/\\\/memurunsesi.net\\\/#organization\"},\"potentialAction\":[{\"@type\":\"SearchAction\",\"target\":{\"@type\":\"EntryPoint\",\"urlTemplate\":\"https:\\\/\\\/memurunsesi.net\\\/?s={search_term_string}\"},\"query-input\":{\"@type\":\"PropertyValueSpecification\",\"valueRequired\":true,\"valueName\":\"search_term_string\"}}],\"inLanguage\":\"tr\"},{\"@type\":\"Organization\",\"@id\":\"https:\\\/\\\/memurunsesi.net\\\/#organization\",\"name\":\"Memurun Sesi\",\"url\":\"https:\\\/\\\/memurunsesi.net\\\/\",\"logo\":{\"@type\":\"ImageObject\",\"inLanguage\":\"tr\",\"@id\":\"https:\\\/\\\/memurunsesi.net\\\/#\\\/schema\\\/logo\\\/image\\\/\",\"url\":\"https:\\\/\\\/memurunsesi.net\\\/wp-content\\\/uploads\\\/2025\\\/11\\\/cropped-MEMURUN-SESI.png\",\"contentUrl\":\"https:\\\/\\\/memurunsesi.net\\\/wp-content\\\/uploads\\\/2025\\\/11\\\/cropped-MEMURUN-SESI.png\",\"width\":238,\"height\":57,\"caption\":\"Memurun Sesi\"},\"image\":{\"@id\":\"https:\\\/\\\/memurunsesi.net\\\/#\\\/schema\\\/logo\\\/image\\\/\"},\"sameAs\":[\"https:\\\/\\\/www.facebook.com\\\/unipersen\\\/?locale=tr_TR\",\"https:\\\/\\\/x.com\\\/unipersen\"]},{\"@type\":\"Person\",\"@id\":\"https:\\\/\\\/memurunsesi.net\\\/#\\\/schema\\\/person\\\/f21c2d73b89f6ee1d80b0a1803e38587\",\"name\":\"Memurun Sesi Haber Merkezi\",\"image\":{\"@type\":\"ImageObject\",\"inLanguage\":\"tr\",\"@id\":\"https:\\\/\\\/secure.gravatar.com\\\/avatar\\\/6cf0505f452ee753f485014986fab09a434671d2b919ee76fc541025c5876a70?s=96&d=mm&r=g\",\"url\":\"https:\\\/\\\/secure.gravatar.com\\\/avatar\\\/6cf0505f452ee753f485014986fab09a434671d2b919ee76fc541025c5876a70?s=96&d=mm&r=g\",\"contentUrl\":\"https:\\\/\\\/secure.gravatar.com\\\/avatar\\\/6cf0505f452ee753f485014986fab09a434671d2b919ee76fc541025c5876a70?s=96&d=mm&r=g\",\"caption\":\"Memurun Sesi Haber Merkezi\"},\"sameAs\":[\"https:\\\/\\\/memurunsesi.net\"],\"url\":\"https:\\\/\\\/memurunsesi.net\\\/index.php\\\/author\\\/uniper\\\/\"}]}<\/script>\n<!-- \/ Yoast SEO plugin. -->","yoast_head_json":{"title":"AK Parti Karaman Milletvekili Selman O\u011fuzhan Eser trafik kazas\u0131 ge\u00e7irdi - Memurun Sesi","description":"AK Parti Karaman Milletvekili Selman O\u011fuzhan Eser trafik kazas\u0131 ge\u00e7irdi","robots":{"index":"index","follow":"follow","max-snippet":"max-snippet:-1","max-image-preview":"max-image-preview:large","max-video-preview":"max-video-preview:-1"},"canonical":"https:\/\/memurunsesi.net\/index.php\/2025\/11\/16\/ak-parti-karaman-milletvekili-selman-oguzhan-eser-trafik-kazasi-gecirdi\/","og_locale":"tr_TR","og_type":"article","og_title":"AK Parti Karaman Milletvekili Selman O\u011fuzhan Eser trafik kazas\u0131 ge\u00e7irdi - Memurun Sesi","og_description":"AK Parti Karaman Milletvekili Selman O\u011fuzhan Eser trafik kazas\u0131 ge\u00e7irdi","og_url":"https:\/\/memurunsesi.net\/index.php\/2025\/11\/16\/ak-parti-karaman-milletvekili-selman-oguzhan-eser-trafik-kazasi-gecirdi\/","og_site_name":"Memurun Sesi","article_publisher":"https:\/\/www.facebook.com\/unipersen\/?locale=tr_TR","article_published_time":"2025-11-16T12:24:47+00:00","og_image":[{"width":1145,"height":681,"url":"https:\/\/memurunsesi.net\/wp-content\/uploads\/2025\/11\/KAZA-4-1.jpg","type":"image\/jpeg"}],"author":"Memurun Sesi Haber Merkezi","twitter_card":"summary_large_image","twitter_creator":"@unipersen","twitter_site":"@unipersen","twitter_misc":{"Yazan:":"Memurun Sesi Haber Merkezi","Tahmini okuma s\u00fcresi":"1 dakika"},"schema":{"@context":"https:\/\/schema.org","@graph":[{"@type":"Article","@id":"https:\/\/memurunsesi.net\/index.php\/2025\/11\/16\/ak-parti-karaman-milletvekili-selman-oguzhan-eser-trafik-kazasi-gecirdi\/#article","isPartOf":{"@id":"https:\/\/memurunsesi.net\/index.php\/2025\/11\/16\/ak-parti-karaman-milletvekili-selman-oguzhan-eser-trafik-kazasi-gecirdi\/"},"author":{"name":"Memurun Sesi Haber Merkezi","@id":"https:\/\/memurunsesi.net\/#\/schema\/person\/f21c2d73b89f6ee1d80b0a1803e38587"},"headline":"AK Parti Karaman Milletvekili Selman O\u011fuzhan Eser trafik kazas\u0131 ge\u00e7irdi","datePublished":"2025-11-16T12:24:47+00:00","mainEntityOfPage":{"@id":"https:\/\/memurunsesi.net\/index.php\/2025\/11\/16\/ak-parti-karaman-milletvekili-selman-oguzhan-eser-trafik-kazasi-gecirdi\/"},"wordCount":164,"commentCount":0,"publisher":{"@id":"https:\/\/memurunsesi.net\/#organization"},"image":{"@id":"https:\/\/memurunsesi.net\/index.php\/2025\/11\/16\/ak-parti-karaman-milletvekili-selman-oguzhan-eser-trafik-kazasi-gecirdi\/#primaryimage"},"thumbnailUrl":"https:\/\/memurunsesi.net\/wp-content\/uploads\/2025\/11\/KAZA-4-1.jpg","articleSection":["G\u00fcndem"],"inLanguage":"tr","potentialAction":[{"@type":"CommentAction","name":"Comment","target":["https:\/\/memurunsesi.net\/index.php\/2025\/11\/16\/ak-parti-karaman-milletvekili-selman-oguzhan-eser-trafik-kazasi-gecirdi\/#respond"]}]},{"@type":"WebPage","@id":"https:\/\/memurunsesi.net\/index.php\/2025\/11\/16\/ak-parti-karaman-milletvekili-selman-oguzhan-eser-trafik-kazasi-gecirdi\/","url":"https:\/\/memurunsesi.net\/index.php\/2025\/11\/16\/ak-parti-karaman-milletvekili-selman-oguzhan-eser-trafik-kazasi-gecirdi\/","name":"AK Parti Karaman Milletvekili Selman O\u011fuzhan Eser trafik kazas\u0131 ge\u00e7irdi - Memurun Sesi","isPartOf":{"@id":"https:\/\/memurunsesi.net\/#website"},"primaryImageOfPage":{"@id":"https:\/\/memurunsesi.net\/index.php\/2025\/11\/16\/ak-parti-karaman-milletvekili-selman-oguzhan-eser-trafik-kazasi-gecirdi\/#primaryimage"},"image":{"@id":"https:\/\/memurunsesi.net\/index.php\/2025\/11\/16\/ak-parti-karaman-milletvekili-selman-oguzhan-eser-trafik-kazasi-gecirdi\/#primaryimage"},"thumbnailUrl":"https:\/\/memurunsesi.net\/wp-content\/uploads\/2025\/11\/KAZA-4-1.jpg","datePublished":"2025-11-16T12:24:47+00:00","description":"AK Parti Karaman Milletvekili Selman O\u011fuzhan Eser trafik kazas\u0131 ge\u00e7irdi","breadcrumb":{"@id":"https:\/\/memurunsesi.net\/index.php\/2025\/11\/16\/ak-parti-karaman-milletvekili-selman-oguzhan-eser-trafik-kazasi-gecirdi\/#breadcrumb"},"inLanguage":"tr","potentialAction":[{"@type":"ReadAction","target":["https:\/\/memurunsesi.net\/index.php\/2025\/11\/16\/ak-parti-karaman-milletvekili-selman-oguzhan-eser-trafik-kazasi-gecirdi\/"]}]},{"@type":"ImageObject","inLanguage":"tr","@id":"https:\/\/memurunsesi.net\/index.php\/2025\/11\/16\/ak-parti-karaman-milletvekili-selman-oguzhan-eser-trafik-kazasi-gecirdi\/#primaryimage","url":"https:\/\/memurunsesi.net\/wp-content\/uploads\/2025\/11\/KAZA-4-1.jpg","contentUrl":"https:\/\/memurunsesi.net\/wp-content\/uploads\/2025\/11\/KAZA-4-1.jpg","width":1145,"height":681,"caption":"AK PART\u0130 KARAMAN M\u0130LLETVEK\u0130L\u0130 SELMAN O\u011eUZHAN ESER OTOMOB\u0130L\u0130YLE TRAF\u0130K KAZASI GE\u00c7\u0130RD\u0130. KAZADA M\u0130LLETVEK\u0130L\u0130 ESER, E\u015e\u0130 VE \u00c7OCUKLARI HAF\u0130F \u015eEK\u0130LDE YARALANARAK ATLATTI. (MEHMET AK\u0130F ORHAN\/KARAMAN-\u0130HA) AK Parti Karaman Milletvekili Selman O\u011fuzhan Eser otomobiliyle trafik kazas\u0131 ge\u00e7irdi. Milletvekili Eser, e\u015fi ve \u00e7ocuklar\u0131 kazay\u0131 hafif \u015fekilde atlatt\u0131."},{"@type":"BreadcrumbList","@id":"https:\/\/memurunsesi.net\/index.php\/2025\/11\/16\/ak-parti-karaman-milletvekili-selman-oguzhan-eser-trafik-kazasi-gecirdi\/#breadcrumb","itemListElement":[{"@type":"ListItem","position":1,"name":"Anasayfa","item":"https:\/\/memurunsesi.net\/"},{"@type":"ListItem","position":2,"name":"AK Parti Karaman Milletvekili Selman O\u011fuzhan Eser trafik kazas\u0131 ge\u00e7irdi"}]},{"@type":"WebSite","@id":"https:\/\/memurunsesi.net\/#website","url":"https:\/\/memurunsesi.net\/","name":"Memurun Sesi","description":"G\u00fcncel ve Do\u011fru Haber","publisher":{"@id":"https:\/\/memurunsesi.net\/#organization"},"potentialAction":[{"@type":"SearchAction","target":{"@type":"EntryPoint","urlTemplate":"https:\/\/memurunsesi.net\/?s={search_term_string}"},"query-input":{"@type":"PropertyValueSpecification","valueRequired":true,"valueName":"search_term_string"}}],"inLanguage":"tr"},{"@type":"Organization","@id":"https:\/\/memurunsesi.net\/#organization","name":"Memurun Sesi","url":"https:\/\/memurunsesi.net\/","logo":{"@type":"ImageObject","inLanguage":"tr","@id":"https:\/\/memurunsesi.net\/#\/schema\/logo\/image\/","url":"https:\/\/memurunsesi.net\/wp-content\/uploads\/2025\/11\/cropped-MEMURUN-SESI.png","contentUrl":"https:\/\/memurunsesi.net\/wp-content\/uploads\/2025\/11\/cropped-MEMURUN-SESI.png","width":238,"height":57,"caption":"Memurun Sesi"},"image":{"@id":"https:\/\/memurunsesi.net\/#\/schema\/logo\/image\/"},"sameAs":["https:\/\/www.facebook.com\/unipersen\/?locale=tr_TR","https:\/\/x.com\/unipersen"]},{"@type":"Person","@id":"https:\/\/memurunsesi.net\/#\/schema\/person\/f21c2d73b89f6ee1d80b0a1803e38587","name":"Memurun Sesi Haber Merkezi","image":{"@type":"ImageObject","inLanguage":"tr","@id":"https:\/\/secure.gravatar.com\/avatar\/6cf0505f452ee753f485014986fab09a434671d2b919ee76fc541025c5876a70?s=96&d=mm&r=g","url":"https:\/\/secure.gravatar.com\/avatar\/6cf0505f452ee753f485014986fab09a434671d2b919ee76fc541025c5876a70?s=96&d=mm&r=g","contentUrl":"https:\/\/secure.gravatar.com\/avatar\/6cf0505f452ee753f485014986fab09a434671d2b919ee76fc541025c5876a70?s=96&d=mm&r=g","caption":"Memurun Sesi Haber Merkezi"},"sameAs":["https:\/\/memurunsesi.net"],"url":"https:\/\/memurunsesi.net\/index.php\/author\/uniper\/"}]}},"_links":{"self":[{"href":"https:\/\/memurunsesi.net\/index.php\/wp-json\/wp\/v2\/posts\/14143","targetHints":{"allow":["GET"]}}],"collection":[{"href":"https:\/\/memurunsesi.net\/index.php\/wp-json\/wp\/v2\/posts"}],"about":[{"href":"https:\/\/memurunsesi.net\/index.php\/wp-json\/wp\/v2\/types\/post"}],"author":[{"embeddable":true,"href":"https:\/\/memurunsesi.net\/index.php\/wp-json\/wp\/v2\/users\/1"}],"replies":[{"embeddable":true,"href":"https:\/\/memurunsesi.net\/index.php\/wp-json\/wp\/v2\/comments?post=14143"}],"version-history":[{"count":1,"href":"https:\/\/memurunsesi.net\/index.php\/wp-json\/wp\/v2\/posts\/14143\/revisions"}],"predecessor-version":[{"id":14145,"href":"https:\/\/memurunsesi.net\/index.php\/wp-json\/wp\/v2\/posts\/14143\/revisions\/14145"}],"wp:featuredmedia":[{"embeddable":true,"href":"https:\/\/memurunsesi.net\/index.php\/wp-json\/wp\/v2\/media\/14144"}],"wp:attachment":[{"href":"https:\/\/memurunsesi.net\/index.php\/wp-json\/wp\/v2\/media?parent=14143"}],"wp:term":[{"taxonomy":"category","embeddable":true,"href":"https:\/\/memurunsesi.net\/index.php\/wp-json\/wp\/v2\/categories?post=14143"},{"taxonomy":"post_tag","embeddable":true,"href":"https:\/\/memurunsesi.net\/index.php\/wp-json\/wp\/v2\/tags?post=14143"}],"curies":[{"name":"wp","href":"https:\/\/api.w.org\/{rel}","templated":true}]}}