{"id":14146,"date":"2025-11-16T15:26:29","date_gmt":"2025-11-16T12:26:29","guid":{"rendered":"https:\/\/memurunsesi.net\/?p=14146"},"modified":"2025-11-16T15:26:29","modified_gmt":"2025-11-16T12:26:29","slug":"12-yasindaki-cocuk-feci-kazada-hayatini-kaybetti","status":"publish","type":"post","link":"https:\/\/memurunsesi.net\/index.php\/2025\/11\/16\/12-yasindaki-cocuk-feci-kazada-hayatini-kaybetti\/","title":{"rendered":"12 ya\u015f\u0131ndaki \u00e7ocuk feci kazada hayat\u0131n\u0131 kaybetti"},"content":{"rendered":"<p>\u0130stanbul&#8217;un Sultanbeyli il\u00e7esinde otomobilin \u00e7arpt\u0131\u011f\u0131 elektrikli scooterdaki 12 ya\u015f\u0131ndaki \u00e7ocuk hayat\u0131n\u0131 kaybetti.<br \/>\nKaza, 15 Kas\u0131m Cumartesi g\u00fcn\u00fc saat 15.37 s\u0131ralar\u0131nda Necip Faz\u0131l Mahallesi Trabzon Caddesi ile Farabi Sokak kesi\u015fiminde meydana geldi. N.\u00c7. (35) y\u00f6netimindeki 34 FZK 814 plakal\u0131 otomobil, elektrikli scooter ile seyir halinde olan Mesna Yi\u011fit Emirkulu&#8217;ya (12) \u00e7arpt\u0131. \u00c7arpman\u0131n etkisiyle yere savrulan \u00e7ocuk a\u011f\u0131r yaraland\u0131. \u0130hbar \u00fczerine olay yerine sa\u011fl\u0131k ve polis ekipleri sevk edildi. Sa\u011fl\u0131k ekiplerinin ilk m\u00fcdahalesinin ard\u0131ndan hastaneye kald\u0131r\u0131lan \u00e7ocuk, yap\u0131lan t\u00fcm m\u00fcdahalelere ra\u011fmen ya\u015fam\u0131n\u0131 yitirdi. Ara\u00e7 s\u00fcr\u00fcc\u00fcs\u00fc N.\u00c7. polis ekipleri taraf\u0131ndan g\u00f6zalt\u0131na al\u0131n\u0131rken, kazayla ilgili soru\u015fturma s\u00fcr\u00fcyor.<\/p>\n<p>16.11.2025<\/p>\n","protected":false},"excerpt":{"rendered":"<p>\u0130stanbul&#8217;un Sultanbeyli il\u00e7esinde otomobilin \u00e7arpt\u0131\u011f\u0131 elektrikli scooterdaki 12 ya\u015f\u0131ndaki \u00e7ocuk hayat\u0131n\u0131 kaybetti. Kaza, 15 Kas\u0131m Cumartesi g\u00fcn\u00fc saat 15.37 s\u0131ralar\u0131nda Necip Faz\u0131l Mahallesi Trabzon Caddesi ile Farabi Sokak kesi\u015fiminde meydana geldi. N.\u00c7. (35) y\u00f6netimindeki 34 FZK 814 plakal\u0131 otomobil, elektrikli scooter ile seyir halinde olan Mesna Yi\u011fit Emirkulu&#8217;ya (12) \u00e7arpt\u0131. \u00c7arpman\u0131n etkisiyle yere savrulan \u00e7ocuk [&hellip;]<\/p>\n","protected":false},"author":1,"featured_media":14147,"comment_status":"open","ping_status":"open","sticky":false,"template":"","format":"standard","meta":{"footnotes":""},"categories":[1],"tags":[],"class_list":["post-14146","post","type-post","status-publish","format-standard","has-post-thumbnail","hentry","category-genel"],"yoast_head":"<!-- This site is optimized with the Yoast SEO plugin v27.4 - https:\/\/yoast.com\/product\/yoast-seo-wordpress\/ -->\n<title>12 ya\u015f\u0131ndaki \u00e7ocuk feci kazada hayat\u0131n\u0131 kaybetti - Memurun Sesi<\/title>\n<meta name=\"description\" content=\"12 ya\u015f\u0131ndaki \u00e7ocuk feci kazada hayat\u0131n\u0131 kaybetti\" \/>\n<meta name=\"robots\" content=\"index, follow, max-snippet:-1, max-image-preview:large, max-video-preview:-1\" \/>\n<link rel=\"canonical\" href=\"https:\/\/memurunsesi.net\/index.php\/2025\/11\/16\/12-yasindaki-cocuk-feci-kazada-hayatini-kaybetti\/\" \/>\n<meta property=\"og:locale\" content=\"tr_TR\" \/>\n<meta property=\"og:type\" content=\"article\" \/>\n<meta property=\"og:title\" content=\"12 ya\u015f\u0131ndaki \u00e7ocuk feci kazada hayat\u0131n\u0131 kaybetti - Memurun Sesi\" \/>\n<meta property=\"og:description\" content=\"12 ya\u015f\u0131ndaki \u00e7ocuk feci kazada hayat\u0131n\u0131 kaybetti\" \/>\n<meta property=\"og:url\" content=\"https:\/\/memurunsesi.net\/index.php\/2025\/11\/16\/12-yasindaki-cocuk-feci-kazada-hayatini-kaybetti\/\" \/>\n<meta property=\"og:site_name\" content=\"Memurun Sesi\" \/>\n<meta property=\"article:publisher\" content=\"https:\/\/www.facebook.com\/unipersen\/?locale=tr_TR\" \/>\n<meta property=\"article:published_time\" content=\"2025-11-16T12:26:29+00:00\" \/>\n<meta property=\"og:image\" content=\"https:\/\/memurunsesi.net\/wp-content\/uploads\/2025\/11\/FECI.jpg\" \/>\n\t<meta property=\"og:image:width\" content=\"602\" \/>\n\t<meta property=\"og:image:height\" content=\"1146\" \/>\n\t<meta property=\"og:image:type\" content=\"image\/jpeg\" \/>\n<meta name=\"author\" content=\"Memurun Sesi Haber Merkezi\" \/>\n<meta name=\"twitter:card\" content=\"summary_large_image\" \/>\n<meta name=\"twitter:creator\" content=\"@unipersen\" \/>\n<meta name=\"twitter:site\" content=\"@unipersen\" \/>\n<meta name=\"twitter:label1\" content=\"Yazan:\" \/>\n\t<meta name=\"twitter:data1\" content=\"Memurun Sesi Haber Merkezi\" \/>\n\t<meta name=\"twitter:label2\" content=\"Tahmini okuma s\u00fcresi\" \/>\n\t<meta name=\"twitter:data2\" content=\"1 dakika\" \/>\n<script type=\"application\/ld+json\" class=\"yoast-schema-graph\">{\"@context\":\"https:\\\/\\\/schema.org\",\"@graph\":[{\"@type\":\"Article\",\"@id\":\"https:\\\/\\\/memurunsesi.net\\\/index.php\\\/2025\\\/11\\\/16\\\/12-yasindaki-cocuk-feci-kazada-hayatini-kaybetti\\\/#article\",\"isPartOf\":{\"@id\":\"https:\\\/\\\/memurunsesi.net\\\/index.php\\\/2025\\\/11\\\/16\\\/12-yasindaki-cocuk-feci-kazada-hayatini-kaybetti\\\/\"},\"author\":{\"name\":\"Memurun Sesi Haber Merkezi\",\"@id\":\"https:\\\/\\\/memurunsesi.net\\\/#\\\/schema\\\/person\\\/f21c2d73b89f6ee1d80b0a1803e38587\"},\"headline\":\"12 ya\u015f\u0131ndaki \u00e7ocuk feci kazada hayat\u0131n\u0131 kaybetti\",\"datePublished\":\"2025-11-16T12:26:29+00:00\",\"mainEntityOfPage\":{\"@id\":\"https:\\\/\\\/memurunsesi.net\\\/index.php\\\/2025\\\/11\\\/16\\\/12-yasindaki-cocuk-feci-kazada-hayatini-kaybetti\\\/\"},\"wordCount\":134,\"commentCount\":0,\"publisher\":{\"@id\":\"https:\\\/\\\/memurunsesi.net\\\/#organization\"},\"image\":{\"@id\":\"https:\\\/\\\/memurunsesi.net\\\/index.php\\\/2025\\\/11\\\/16\\\/12-yasindaki-cocuk-feci-kazada-hayatini-kaybetti\\\/#primaryimage\"},\"thumbnailUrl\":\"https:\\\/\\\/memurunsesi.net\\\/wp-content\\\/uploads\\\/2025\\\/11\\\/FECI.jpg\",\"inLanguage\":\"tr\",\"potentialAction\":[{\"@type\":\"CommentAction\",\"name\":\"Comment\",\"target\":[\"https:\\\/\\\/memurunsesi.net\\\/index.php\\\/2025\\\/11\\\/16\\\/12-yasindaki-cocuk-feci-kazada-hayatini-kaybetti\\\/#respond\"]}]},{\"@type\":\"WebPage\",\"@id\":\"https:\\\/\\\/memurunsesi.net\\\/index.php\\\/2025\\\/11\\\/16\\\/12-yasindaki-cocuk-feci-kazada-hayatini-kaybetti\\\/\",\"url\":\"https:\\\/\\\/memurunsesi.net\\\/index.php\\\/2025\\\/11\\\/16\\\/12-yasindaki-cocuk-feci-kazada-hayatini-kaybetti\\\/\",\"name\":\"12 ya\u015f\u0131ndaki \u00e7ocuk feci kazada hayat\u0131n\u0131 kaybetti - Memurun Sesi\",\"isPartOf\":{\"@id\":\"https:\\\/\\\/memurunsesi.net\\\/#website\"},\"primaryImageOfPage\":{\"@id\":\"https:\\\/\\\/memurunsesi.net\\\/index.php\\\/2025\\\/11\\\/16\\\/12-yasindaki-cocuk-feci-kazada-hayatini-kaybetti\\\/#primaryimage\"},\"image\":{\"@id\":\"https:\\\/\\\/memurunsesi.net\\\/index.php\\\/2025\\\/11\\\/16\\\/12-yasindaki-cocuk-feci-kazada-hayatini-kaybetti\\\/#primaryimage\"},\"thumbnailUrl\":\"https:\\\/\\\/memurunsesi.net\\\/wp-content\\\/uploads\\\/2025\\\/11\\\/FECI.jpg\",\"datePublished\":\"2025-11-16T12:26:29+00:00\",\"description\":\"12 ya\u015f\u0131ndaki \u00e7ocuk feci kazada hayat\u0131n\u0131 kaybetti\",\"breadcrumb\":{\"@id\":\"https:\\\/\\\/memurunsesi.net\\\/index.php\\\/2025\\\/11\\\/16\\\/12-yasindaki-cocuk-feci-kazada-hayatini-kaybetti\\\/#breadcrumb\"},\"inLanguage\":\"tr\",\"potentialAction\":[{\"@type\":\"ReadAction\",\"target\":[\"https:\\\/\\\/memurunsesi.net\\\/index.php\\\/2025\\\/11\\\/16\\\/12-yasindaki-cocuk-feci-kazada-hayatini-kaybetti\\\/\"]}]},{\"@type\":\"ImageObject\",\"inLanguage\":\"tr\",\"@id\":\"https:\\\/\\\/memurunsesi.net\\\/index.php\\\/2025\\\/11\\\/16\\\/12-yasindaki-cocuk-feci-kazada-hayatini-kaybetti\\\/#primaryimage\",\"url\":\"https:\\\/\\\/memurunsesi.net\\\/wp-content\\\/uploads\\\/2025\\\/11\\\/FECI.jpg\",\"contentUrl\":\"https:\\\/\\\/memurunsesi.net\\\/wp-content\\\/uploads\\\/2025\\\/11\\\/FECI.jpg\",\"width\":602,\"height\":1146,\"caption\":\"HAYATINI KAYBEDEN MESNA Y\u0130\u011e\u0130T EM\u0130RKULU (HAL\u0130T ARSLAN - VAH\u0130T ALDI\\\/\u0130STANBUL-\u0130HA) \u0130stanbul'un Sultanbeyli il\u00e7esinde otomobilin \u00e7arpt\u0131\u011f\u0131 elektrikli scooterdaki 12 ya\u015f\u0131ndaki \u00e7ocuk hayat\u0131n\u0131 kaybetti.\"},{\"@type\":\"BreadcrumbList\",\"@id\":\"https:\\\/\\\/memurunsesi.net\\\/index.php\\\/2025\\\/11\\\/16\\\/12-yasindaki-cocuk-feci-kazada-hayatini-kaybetti\\\/#breadcrumb\",\"itemListElement\":[{\"@type\":\"ListItem\",\"position\":1,\"name\":\"Anasayfa\",\"item\":\"https:\\\/\\\/memurunsesi.net\\\/\"},{\"@type\":\"ListItem\",\"position\":2,\"name\":\"12 ya\u015f\u0131ndaki \u00e7ocuk feci kazada hayat\u0131n\u0131 kaybetti\"}]},{\"@type\":\"WebSite\",\"@id\":\"https:\\\/\\\/memurunsesi.net\\\/#website\",\"url\":\"https:\\\/\\\/memurunsesi.net\\\/\",\"name\":\"Memurun Sesi\",\"description\":\"G\u00fcncel ve Do\u011fru Haber\",\"publisher\":{\"@id\":\"https:\\\/\\\/memurunsesi.net\\\/#organization\"},\"potentialAction\":[{\"@type\":\"SearchAction\",\"target\":{\"@type\":\"EntryPoint\",\"urlTemplate\":\"https:\\\/\\\/memurunsesi.net\\\/?s={search_term_string}\"},\"query-input\":{\"@type\":\"PropertyValueSpecification\",\"valueRequired\":true,\"valueName\":\"search_term_string\"}}],\"inLanguage\":\"tr\"},{\"@type\":\"Organization\",\"@id\":\"https:\\\/\\\/memurunsesi.net\\\/#organization\",\"name\":\"Memurun Sesi\",\"url\":\"https:\\\/\\\/memurunsesi.net\\\/\",\"logo\":{\"@type\":\"ImageObject\",\"inLanguage\":\"tr\",\"@id\":\"https:\\\/\\\/memurunsesi.net\\\/#\\\/schema\\\/logo\\\/image\\\/\",\"url\":\"https:\\\/\\\/memurunsesi.net\\\/wp-content\\\/uploads\\\/2025\\\/11\\\/cropped-MEMURUN-SESI.png\",\"contentUrl\":\"https:\\\/\\\/memurunsesi.net\\\/wp-content\\\/uploads\\\/2025\\\/11\\\/cropped-MEMURUN-SESI.png\",\"width\":238,\"height\":57,\"caption\":\"Memurun Sesi\"},\"image\":{\"@id\":\"https:\\\/\\\/memurunsesi.net\\\/#\\\/schema\\\/logo\\\/image\\\/\"},\"sameAs\":[\"https:\\\/\\\/www.facebook.com\\\/unipersen\\\/?locale=tr_TR\",\"https:\\\/\\\/x.com\\\/unipersen\"]},{\"@type\":\"Person\",\"@id\":\"https:\\\/\\\/memurunsesi.net\\\/#\\\/schema\\\/person\\\/f21c2d73b89f6ee1d80b0a1803e38587\",\"name\":\"Memurun Sesi Haber Merkezi\",\"image\":{\"@type\":\"ImageObject\",\"inLanguage\":\"tr\",\"@id\":\"https:\\\/\\\/secure.gravatar.com\\\/avatar\\\/6cf0505f452ee753f485014986fab09a434671d2b919ee76fc541025c5876a70?s=96&d=mm&r=g\",\"url\":\"https:\\\/\\\/secure.gravatar.com\\\/avatar\\\/6cf0505f452ee753f485014986fab09a434671d2b919ee76fc541025c5876a70?s=96&d=mm&r=g\",\"contentUrl\":\"https:\\\/\\\/secure.gravatar.com\\\/avatar\\\/6cf0505f452ee753f485014986fab09a434671d2b919ee76fc541025c5876a70?s=96&d=mm&r=g\",\"caption\":\"Memurun Sesi Haber Merkezi\"},\"sameAs\":[\"https:\\\/\\\/memurunsesi.net\"],\"url\":\"https:\\\/\\\/memurunsesi.net\\\/index.php\\\/author\\\/uniper\\\/\"}]}<\/script>\n<!-- \/ Yoast SEO plugin. -->","yoast_head_json":{"title":"12 ya\u015f\u0131ndaki \u00e7ocuk feci kazada hayat\u0131n\u0131 kaybetti - Memurun Sesi","description":"12 ya\u015f\u0131ndaki \u00e7ocuk feci kazada hayat\u0131n\u0131 kaybetti","robots":{"index":"index","follow":"follow","max-snippet":"max-snippet:-1","max-image-preview":"max-image-preview:large","max-video-preview":"max-video-preview:-1"},"canonical":"https:\/\/memurunsesi.net\/index.php\/2025\/11\/16\/12-yasindaki-cocuk-feci-kazada-hayatini-kaybetti\/","og_locale":"tr_TR","og_type":"article","og_title":"12 ya\u015f\u0131ndaki \u00e7ocuk feci kazada hayat\u0131n\u0131 kaybetti - Memurun Sesi","og_description":"12 ya\u015f\u0131ndaki \u00e7ocuk feci kazada hayat\u0131n\u0131 kaybetti","og_url":"https:\/\/memurunsesi.net\/index.php\/2025\/11\/16\/12-yasindaki-cocuk-feci-kazada-hayatini-kaybetti\/","og_site_name":"Memurun Sesi","article_publisher":"https:\/\/www.facebook.com\/unipersen\/?locale=tr_TR","article_published_time":"2025-11-16T12:26:29+00:00","og_image":[{"width":602,"height":1146,"url":"https:\/\/memurunsesi.net\/wp-content\/uploads\/2025\/11\/FECI.jpg","type":"image\/jpeg"}],"author":"Memurun Sesi Haber Merkezi","twitter_card":"summary_large_image","twitter_creator":"@unipersen","twitter_site":"@unipersen","twitter_misc":{"Yazan:":"Memurun Sesi Haber Merkezi","Tahmini okuma s\u00fcresi":"1 dakika"},"schema":{"@context":"https:\/\/schema.org","@graph":[{"@type":"Article","@id":"https:\/\/memurunsesi.net\/index.php\/2025\/11\/16\/12-yasindaki-cocuk-feci-kazada-hayatini-kaybetti\/#article","isPartOf":{"@id":"https:\/\/memurunsesi.net\/index.php\/2025\/11\/16\/12-yasindaki-cocuk-feci-kazada-hayatini-kaybetti\/"},"author":{"name":"Memurun Sesi Haber Merkezi","@id":"https:\/\/memurunsesi.net\/#\/schema\/person\/f21c2d73b89f6ee1d80b0a1803e38587"},"headline":"12 ya\u015f\u0131ndaki \u00e7ocuk feci kazada hayat\u0131n\u0131 kaybetti","datePublished":"2025-11-16T12:26:29+00:00","mainEntityOfPage":{"@id":"https:\/\/memurunsesi.net\/index.php\/2025\/11\/16\/12-yasindaki-cocuk-feci-kazada-hayatini-kaybetti\/"},"wordCount":134,"commentCount":0,"publisher":{"@id":"https:\/\/memurunsesi.net\/#organization"},"image":{"@id":"https:\/\/memurunsesi.net\/index.php\/2025\/11\/16\/12-yasindaki-cocuk-feci-kazada-hayatini-kaybetti\/#primaryimage"},"thumbnailUrl":"https:\/\/memurunsesi.net\/wp-content\/uploads\/2025\/11\/FECI.jpg","inLanguage":"tr","potentialAction":[{"@type":"CommentAction","name":"Comment","target":["https:\/\/memurunsesi.net\/index.php\/2025\/11\/16\/12-yasindaki-cocuk-feci-kazada-hayatini-kaybetti\/#respond"]}]},{"@type":"WebPage","@id":"https:\/\/memurunsesi.net\/index.php\/2025\/11\/16\/12-yasindaki-cocuk-feci-kazada-hayatini-kaybetti\/","url":"https:\/\/memurunsesi.net\/index.php\/2025\/11\/16\/12-yasindaki-cocuk-feci-kazada-hayatini-kaybetti\/","name":"12 ya\u015f\u0131ndaki \u00e7ocuk feci kazada hayat\u0131n\u0131 kaybetti - Memurun Sesi","isPartOf":{"@id":"https:\/\/memurunsesi.net\/#website"},"primaryImageOfPage":{"@id":"https:\/\/memurunsesi.net\/index.php\/2025\/11\/16\/12-yasindaki-cocuk-feci-kazada-hayatini-kaybetti\/#primaryimage"},"image":{"@id":"https:\/\/memurunsesi.net\/index.php\/2025\/11\/16\/12-yasindaki-cocuk-feci-kazada-hayatini-kaybetti\/#primaryimage"},"thumbnailUrl":"https:\/\/memurunsesi.net\/wp-content\/uploads\/2025\/11\/FECI.jpg","datePublished":"2025-11-16T12:26:29+00:00","description":"12 ya\u015f\u0131ndaki \u00e7ocuk feci kazada hayat\u0131n\u0131 kaybetti","breadcrumb":{"@id":"https:\/\/memurunsesi.net\/index.php\/2025\/11\/16\/12-yasindaki-cocuk-feci-kazada-hayatini-kaybetti\/#breadcrumb"},"inLanguage":"tr","potentialAction":[{"@type":"ReadAction","target":["https:\/\/memurunsesi.net\/index.php\/2025\/11\/16\/12-yasindaki-cocuk-feci-kazada-hayatini-kaybetti\/"]}]},{"@type":"ImageObject","inLanguage":"tr","@id":"https:\/\/memurunsesi.net\/index.php\/2025\/11\/16\/12-yasindaki-cocuk-feci-kazada-hayatini-kaybetti\/#primaryimage","url":"https:\/\/memurunsesi.net\/wp-content\/uploads\/2025\/11\/FECI.jpg","contentUrl":"https:\/\/memurunsesi.net\/wp-content\/uploads\/2025\/11\/FECI.jpg","width":602,"height":1146,"caption":"HAYATINI KAYBEDEN MESNA Y\u0130\u011e\u0130T EM\u0130RKULU (HAL\u0130T ARSLAN - VAH\u0130T ALDI\/\u0130STANBUL-\u0130HA) \u0130stanbul'un Sultanbeyli il\u00e7esinde otomobilin \u00e7arpt\u0131\u011f\u0131 elektrikli scooterdaki 12 ya\u015f\u0131ndaki \u00e7ocuk hayat\u0131n\u0131 kaybetti."},{"@type":"BreadcrumbList","@id":"https:\/\/memurunsesi.net\/index.php\/2025\/11\/16\/12-yasindaki-cocuk-feci-kazada-hayatini-kaybetti\/#breadcrumb","itemListElement":[{"@type":"ListItem","position":1,"name":"Anasayfa","item":"https:\/\/memurunsesi.net\/"},{"@type":"ListItem","position":2,"name":"12 ya\u015f\u0131ndaki \u00e7ocuk feci kazada hayat\u0131n\u0131 kaybetti"}]},{"@type":"WebSite","@id":"https:\/\/memurunsesi.net\/#website","url":"https:\/\/memurunsesi.net\/","name":"Memurun Sesi","description":"G\u00fcncel ve Do\u011fru Haber","publisher":{"@id":"https:\/\/memurunsesi.net\/#organization"},"potentialAction":[{"@type":"SearchAction","target":{"@type":"EntryPoint","urlTemplate":"https:\/\/memurunsesi.net\/?s={search_term_string}"},"query-input":{"@type":"PropertyValueSpecification","valueRequired":true,"valueName":"search_term_string"}}],"inLanguage":"tr"},{"@type":"Organization","@id":"https:\/\/memurunsesi.net\/#organization","name":"Memurun Sesi","url":"https:\/\/memurunsesi.net\/","logo":{"@type":"ImageObject","inLanguage":"tr","@id":"https:\/\/memurunsesi.net\/#\/schema\/logo\/image\/","url":"https:\/\/memurunsesi.net\/wp-content\/uploads\/2025\/11\/cropped-MEMURUN-SESI.png","contentUrl":"https:\/\/memurunsesi.net\/wp-content\/uploads\/2025\/11\/cropped-MEMURUN-SESI.png","width":238,"height":57,"caption":"Memurun Sesi"},"image":{"@id":"https:\/\/memurunsesi.net\/#\/schema\/logo\/image\/"},"sameAs":["https:\/\/www.facebook.com\/unipersen\/?locale=tr_TR","https:\/\/x.com\/unipersen"]},{"@type":"Person","@id":"https:\/\/memurunsesi.net\/#\/schema\/person\/f21c2d73b89f6ee1d80b0a1803e38587","name":"Memurun Sesi Haber Merkezi","image":{"@type":"ImageObject","inLanguage":"tr","@id":"https:\/\/secure.gravatar.com\/avatar\/6cf0505f452ee753f485014986fab09a434671d2b919ee76fc541025c5876a70?s=96&d=mm&r=g","url":"https:\/\/secure.gravatar.com\/avatar\/6cf0505f452ee753f485014986fab09a434671d2b919ee76fc541025c5876a70?s=96&d=mm&r=g","contentUrl":"https:\/\/secure.gravatar.com\/avatar\/6cf0505f452ee753f485014986fab09a434671d2b919ee76fc541025c5876a70?s=96&d=mm&r=g","caption":"Memurun Sesi Haber Merkezi"},"sameAs":["https:\/\/memurunsesi.net"],"url":"https:\/\/memurunsesi.net\/index.php\/author\/uniper\/"}]}},"_links":{"self":[{"href":"https:\/\/memurunsesi.net\/index.php\/wp-json\/wp\/v2\/posts\/14146","targetHints":{"allow":["GET"]}}],"collection":[{"href":"https:\/\/memurunsesi.net\/index.php\/wp-json\/wp\/v2\/posts"}],"about":[{"href":"https:\/\/memurunsesi.net\/index.php\/wp-json\/wp\/v2\/types\/post"}],"author":[{"embeddable":true,"href":"https:\/\/memurunsesi.net\/index.php\/wp-json\/wp\/v2\/users\/1"}],"replies":[{"embeddable":true,"href":"https:\/\/memurunsesi.net\/index.php\/wp-json\/wp\/v2\/comments?post=14146"}],"version-history":[{"count":1,"href":"https:\/\/memurunsesi.net\/index.php\/wp-json\/wp\/v2\/posts\/14146\/revisions"}],"predecessor-version":[{"id":14148,"href":"https:\/\/memurunsesi.net\/index.php\/wp-json\/wp\/v2\/posts\/14146\/revisions\/14148"}],"wp:featuredmedia":[{"embeddable":true,"href":"https:\/\/memurunsesi.net\/index.php\/wp-json\/wp\/v2\/media\/14147"}],"wp:attachment":[{"href":"https:\/\/memurunsesi.net\/index.php\/wp-json\/wp\/v2\/media?parent=14146"}],"wp:term":[{"taxonomy":"category","embeddable":true,"href":"https:\/\/memurunsesi.net\/index.php\/wp-json\/wp\/v2\/categories?post=14146"},{"taxonomy":"post_tag","embeddable":true,"href":"https:\/\/memurunsesi.net\/index.php\/wp-json\/wp\/v2\/tags?post=14146"}],"curies":[{"name":"wp","href":"https:\/\/api.w.org\/{rel}","templated":true}]}}