{"id":14180,"date":"2025-11-17T20:39:10","date_gmt":"2025-11-17T17:39:10","guid":{"rendered":"https:\/\/memurunsesi.net\/?p=14180"},"modified":"2025-11-17T20:39:10","modified_gmt":"2025-11-17T17:39:10","slug":"cekici-uzerindeki-aractaki-olume-1-tutuklama","status":"publish","type":"post","link":"https:\/\/memurunsesi.net\/index.php\/2025\/11\/17\/cekici-uzerindeki-aractaki-olume-1-tutuklama\/","title":{"rendered":"\u00c7ekici \u00fczerindeki ara\u00e7taki \u00f6l\u00fcme 1 tutuklama"},"content":{"rendered":"<p>Samsun&#8217;da \u00e7ekici \u00fczerindeki ara\u00e7ta \u00f6l\u00fcmle sonu\u00e7lanan olayla ilgili adliyeye sevk edilen 1 ki\u015fi tutuklan\u0131rken, 3 ki\u015fi de mahkemece adli kontrol \u015fart\u0131yla serbest b\u0131rak\u0131ld\u0131.<br \/>\nOlay, \u0130lkad\u0131m il\u00e7esi Toybelen Mahallesi Ankara Bulvar\u0131&#8217;nda \u00f6nceki gece saat 03.00 s\u0131ralar\u0131nda meydana geldi. Edinilen bilgilere g\u00f6re, G\u00f6khan G\u00fcney (24) ile Metin S. (24), Mertcan T. (23), Bedirhan K. (23) ve \u00d6zcan A. (22) e\u011flenmek i\u00e7in Atakum il\u00e7esi Akalan Mahallesi&#8217;ne gitti. Burada birlikte alkol al\u0131p tav\u015fan avlayan gen\u00e7ler, d\u00f6n\u00fc\u015fte kulland\u0131klar\u0131 arac\u0131n ar\u0131zalanmas\u0131 \u00fczerine \u00e7ekici \u00e7a\u011f\u0131rd\u0131. Ara\u00e7 \u00e7ekici \u00fczerinde seyir halindeyken ara\u00e7ta bulunan gen\u00e7lerden Metin S.&#8217;nin baca\u011f\u0131n\u0131n aras\u0131nda olan ve kurcalad\u0131\u011f\u0131 t\u00fcfek ate\u015f ald\u0131. T\u00fcfekten \u00e7\u0131kan sa\u00e7malar, Metin S.&#8217;nin yan\u0131nda bulunan G\u00f6khan G\u00fcney&#8217;in kafas\u0131na isabet etti. Samsun E\u011fitim ve Ara\u015ft\u0131rma Hastanesi&#8217;ne kald\u0131r\u0131lan G\u00fcney, yap\u0131lan m\u00fcdahalelere ra\u011fmen kurtar\u0131lamad\u0131. Hastane \u00f6n\u00fcnde ekipler taraf\u0131ndan g\u00f6zalt\u0131na al\u0131nan Metin S., \u015fakala\u015fma s\u0131ras\u0131nda olay\u0131n ger\u00e7ekle\u015fti\u011fini iddia etti. Polis olay\u0131n meydana geldi\u011fi ara\u00e7 i\u00e7inde yapt\u0131\u011f\u0131 incelemede 1 adet ruhsats\u0131z tabanca, 3 pompal\u0131 t\u00fcfek, ayr\u0131ca \u00e7ekici i\u00e7inde 1 pompal\u0131 t\u00fcfek ele ge\u00e7irdi. Samsun Emniyet M\u00fcd\u00fcrl\u00fc\u011f\u00fc Asayi\u015f \u015eube M\u00fcd\u00fcrl\u00fc\u011f\u00fc Cinayet B\u00fcro Amirli\u011fi ekipleri, olayla ilgili toplam 7 ki\u015fiyi g\u00f6zalt\u0131na ald\u0131. G\u00f6zalt\u0131na al\u0131nanlardan \u00e7ekici i\u00e7inde bulunan 3 ki\u015fi, ifadeleri al\u0131narak serbest b\u0131rak\u0131ld\u0131.<br \/>\nCinayet B\u00fcrosu&#8217;nda sorgulanan Metin S. ile olay s\u0131ras\u0131nda \u00e7ekicinin \u00fczerindeki ara\u00e7ta bulunan Mertcan T., Bedirhan K. ve \u00d6zcan A. bug\u00fcn Samsun Adliyesi&#8217;ne sevk edildi. Kafe i\u015fletmesi sahibi Metin S., \u00e7\u0131kar\u0131ld\u0131\u011f\u0131 n\u00f6bet\u00e7i mahkemece &#8220;taksirle \u00f6l\u00fcme sebep olmak&#8221; su\u00e7undan tutuklanarak Samsun T Tipi Kapal\u0131 Cezaevine g\u00f6nderilirken, Mertcan T., Bedirhan K. ve \u00d6zcan A. ise adli kontrol \u015fart\u0131yla serbest b\u0131rak\u0131ld\u0131.<\/p>\n<p>17.11.2025<\/p>\n","protected":false},"excerpt":{"rendered":"<p>Samsun&#8217;da \u00e7ekici \u00fczerindeki ara\u00e7ta \u00f6l\u00fcmle sonu\u00e7lanan olayla ilgili adliyeye sevk edilen 1 ki\u015fi tutuklan\u0131rken, 3 ki\u015fi de mahkemece adli kontrol \u015fart\u0131yla serbest b\u0131rak\u0131ld\u0131. Olay, \u0130lkad\u0131m il\u00e7esi Toybelen Mahallesi Ankara Bulvar\u0131&#8217;nda \u00f6nceki gece saat 03.00 s\u0131ralar\u0131nda meydana geldi. Edinilen bilgilere g\u00f6re, G\u00f6khan G\u00fcney (24) ile Metin S. (24), Mertcan T. (23), Bedirhan K. (23) ve \u00d6zcan [&hellip;]<\/p>\n","protected":false},"author":1,"featured_media":14181,"comment_status":"open","ping_status":"open","sticky":false,"template":"","format":"standard","meta":{"footnotes":""},"categories":[45],"tags":[95],"class_list":["post-14180","post","type-post","status-publish","format-standard","has-post-thumbnail","hentry","category-gundem","tag-olum"],"yoast_head":"<!-- This site is optimized with the Yoast SEO plugin v27.4 - https:\/\/yoast.com\/product\/yoast-seo-wordpress\/ -->\n<title>\u00c7ekici \u00fczerindeki ara\u00e7taki \u00f6l\u00fcme 1 tutuklama - Memurun Sesi<\/title>\n<meta name=\"description\" content=\"\u00c7ekici \u00fczerindeki ara\u00e7taki \u00f6l\u00fcme 1 tutuklama\" \/>\n<meta name=\"robots\" content=\"index, follow, max-snippet:-1, max-image-preview:large, max-video-preview:-1\" \/>\n<link rel=\"canonical\" href=\"https:\/\/memurunsesi.net\/index.php\/2025\/11\/17\/cekici-uzerindeki-aractaki-olume-1-tutuklama\/\" \/>\n<meta property=\"og:locale\" content=\"tr_TR\" \/>\n<meta property=\"og:type\" content=\"article\" \/>\n<meta property=\"og:title\" content=\"\u00c7ekici \u00fczerindeki ara\u00e7taki \u00f6l\u00fcme 1 tutuklama - Memurun Sesi\" \/>\n<meta property=\"og:description\" content=\"\u00c7ekici \u00fczerindeki ara\u00e7taki \u00f6l\u00fcme 1 tutuklama\" \/>\n<meta property=\"og:url\" content=\"https:\/\/memurunsesi.net\/index.php\/2025\/11\/17\/cekici-uzerindeki-aractaki-olume-1-tutuklama\/\" \/>\n<meta property=\"og:site_name\" content=\"Memurun Sesi\" \/>\n<meta property=\"article:publisher\" content=\"https:\/\/www.facebook.com\/unipersen\/?locale=tr_TR\" \/>\n<meta property=\"article:published_time\" content=\"2025-11-17T17:39:10+00:00\" \/>\n<meta property=\"og:image\" content=\"https:\/\/memurunsesi.net\/wp-content\/uploads\/2025\/11\/OLUM-2-scaled.jpg\" \/>\n\t<meta property=\"og:image:width\" content=\"2560\" \/>\n\t<meta property=\"og:image:height\" content=\"1440\" \/>\n\t<meta property=\"og:image:type\" content=\"image\/jpeg\" \/>\n<meta name=\"author\" content=\"Memurun Sesi Haber Merkezi\" \/>\n<meta name=\"twitter:card\" content=\"summary_large_image\" \/>\n<meta name=\"twitter:creator\" content=\"@unipersen\" \/>\n<meta name=\"twitter:site\" content=\"@unipersen\" \/>\n<meta name=\"twitter:label1\" content=\"Yazan:\" \/>\n\t<meta name=\"twitter:data1\" content=\"Memurun Sesi Haber Merkezi\" \/>\n\t<meta name=\"twitter:label2\" content=\"Tahmini okuma s\u00fcresi\" \/>\n\t<meta name=\"twitter:data2\" content=\"2 dakika\" \/>\n<script type=\"application\/ld+json\" class=\"yoast-schema-graph\">{\"@context\":\"https:\\\/\\\/schema.org\",\"@graph\":[{\"@type\":\"Article\",\"@id\":\"https:\\\/\\\/memurunsesi.net\\\/index.php\\\/2025\\\/11\\\/17\\\/cekici-uzerindeki-aractaki-olume-1-tutuklama\\\/#article\",\"isPartOf\":{\"@id\":\"https:\\\/\\\/memurunsesi.net\\\/index.php\\\/2025\\\/11\\\/17\\\/cekici-uzerindeki-aractaki-olume-1-tutuklama\\\/\"},\"author\":{\"name\":\"Memurun Sesi Haber Merkezi\",\"@id\":\"https:\\\/\\\/memurunsesi.net\\\/#\\\/schema\\\/person\\\/f21c2d73b89f6ee1d80b0a1803e38587\"},\"headline\":\"\u00c7ekici \u00fczerindeki ara\u00e7taki \u00f6l\u00fcme 1 tutuklama\",\"datePublished\":\"2025-11-17T17:39:10+00:00\",\"mainEntityOfPage\":{\"@id\":\"https:\\\/\\\/memurunsesi.net\\\/index.php\\\/2025\\\/11\\\/17\\\/cekici-uzerindeki-aractaki-olume-1-tutuklama\\\/\"},\"wordCount\":347,\"commentCount\":0,\"publisher\":{\"@id\":\"https:\\\/\\\/memurunsesi.net\\\/#organization\"},\"image\":{\"@id\":\"https:\\\/\\\/memurunsesi.net\\\/index.php\\\/2025\\\/11\\\/17\\\/cekici-uzerindeki-aractaki-olume-1-tutuklama\\\/#primaryimage\"},\"thumbnailUrl\":\"https:\\\/\\\/memurunsesi.net\\\/wp-content\\\/uploads\\\/2025\\\/11\\\/OLUM-2-scaled.jpg\",\"keywords\":[\"\u00f6l\u00fcm\"],\"articleSection\":[\"G\u00fcndem\"],\"inLanguage\":\"tr\",\"potentialAction\":[{\"@type\":\"CommentAction\",\"name\":\"Comment\",\"target\":[\"https:\\\/\\\/memurunsesi.net\\\/index.php\\\/2025\\\/11\\\/17\\\/cekici-uzerindeki-aractaki-olume-1-tutuklama\\\/#respond\"]}]},{\"@type\":\"WebPage\",\"@id\":\"https:\\\/\\\/memurunsesi.net\\\/index.php\\\/2025\\\/11\\\/17\\\/cekici-uzerindeki-aractaki-olume-1-tutuklama\\\/\",\"url\":\"https:\\\/\\\/memurunsesi.net\\\/index.php\\\/2025\\\/11\\\/17\\\/cekici-uzerindeki-aractaki-olume-1-tutuklama\\\/\",\"name\":\"\u00c7ekici \u00fczerindeki ara\u00e7taki \u00f6l\u00fcme 1 tutuklama - Memurun Sesi\",\"isPartOf\":{\"@id\":\"https:\\\/\\\/memurunsesi.net\\\/#website\"},\"primaryImageOfPage\":{\"@id\":\"https:\\\/\\\/memurunsesi.net\\\/index.php\\\/2025\\\/11\\\/17\\\/cekici-uzerindeki-aractaki-olume-1-tutuklama\\\/#primaryimage\"},\"image\":{\"@id\":\"https:\\\/\\\/memurunsesi.net\\\/index.php\\\/2025\\\/11\\\/17\\\/cekici-uzerindeki-aractaki-olume-1-tutuklama\\\/#primaryimage\"},\"thumbnailUrl\":\"https:\\\/\\\/memurunsesi.net\\\/wp-content\\\/uploads\\\/2025\\\/11\\\/OLUM-2-scaled.jpg\",\"datePublished\":\"2025-11-17T17:39:10+00:00\",\"description\":\"\u00c7ekici \u00fczerindeki ara\u00e7taki \u00f6l\u00fcme 1 tutuklama\",\"breadcrumb\":{\"@id\":\"https:\\\/\\\/memurunsesi.net\\\/index.php\\\/2025\\\/11\\\/17\\\/cekici-uzerindeki-aractaki-olume-1-tutuklama\\\/#breadcrumb\"},\"inLanguage\":\"tr\",\"potentialAction\":[{\"@type\":\"ReadAction\",\"target\":[\"https:\\\/\\\/memurunsesi.net\\\/index.php\\\/2025\\\/11\\\/17\\\/cekici-uzerindeki-aractaki-olume-1-tutuklama\\\/\"]}]},{\"@type\":\"ImageObject\",\"inLanguage\":\"tr\",\"@id\":\"https:\\\/\\\/memurunsesi.net\\\/index.php\\\/2025\\\/11\\\/17\\\/cekici-uzerindeki-aractaki-olume-1-tutuklama\\\/#primaryimage\",\"url\":\"https:\\\/\\\/memurunsesi.net\\\/wp-content\\\/uploads\\\/2025\\\/11\\\/OLUM-2-scaled.jpg\",\"contentUrl\":\"https:\\\/\\\/memurunsesi.net\\\/wp-content\\\/uploads\\\/2025\\\/11\\\/OLUM-2-scaled.jpg\",\"width\":2560,\"height\":1440,\"caption\":\"KAFE \u0130\u015eLETMES\u0130 SAH\u0130B\u0130 MET\u0130N S., \u00c7IKARILDI\u011eI N\u00d6BET\u00c7\u0130 MAHKEMECE \\\"TAKS\u0130RLE \u00d6L\u00dcME SEBEP OLMAK\\\" SU\u00c7UNDAN TUTUKLANARAK SAMSUN T T\u0130P\u0130 KAPALI CEZAEV\u0130NE G\u00d6NDER\u0130LD\u0130. (MUHAMMER AY\\\/SAMSUN-\u0130HA) Samsun'da \u00e7ekici \u00fczerindeki ara\u00e7ta \u00f6l\u00fcmle sonu\u00e7lanan olayla ilgili adliyeye sevk edilen 1 ki\u015fi tutuklan\u0131rken, 3 ki\u015fi de mahkemece adli kontrol \u015fart\u0131yla serbest b\u0131rak\u0131ld\u0131.\"},{\"@type\":\"BreadcrumbList\",\"@id\":\"https:\\\/\\\/memurunsesi.net\\\/index.php\\\/2025\\\/11\\\/17\\\/cekici-uzerindeki-aractaki-olume-1-tutuklama\\\/#breadcrumb\",\"itemListElement\":[{\"@type\":\"ListItem\",\"position\":1,\"name\":\"Anasayfa\",\"item\":\"https:\\\/\\\/memurunsesi.net\\\/\"},{\"@type\":\"ListItem\",\"position\":2,\"name\":\"\u00c7ekici \u00fczerindeki ara\u00e7taki \u00f6l\u00fcme 1 tutuklama\"}]},{\"@type\":\"WebSite\",\"@id\":\"https:\\\/\\\/memurunsesi.net\\\/#website\",\"url\":\"https:\\\/\\\/memurunsesi.net\\\/\",\"name\":\"Memurun Sesi\",\"description\":\"G\u00fcncel ve Do\u011fru Haber\",\"publisher\":{\"@id\":\"https:\\\/\\\/memurunsesi.net\\\/#organization\"},\"potentialAction\":[{\"@type\":\"SearchAction\",\"target\":{\"@type\":\"EntryPoint\",\"urlTemplate\":\"https:\\\/\\\/memurunsesi.net\\\/?s={search_term_string}\"},\"query-input\":{\"@type\":\"PropertyValueSpecification\",\"valueRequired\":true,\"valueName\":\"search_term_string\"}}],\"inLanguage\":\"tr\"},{\"@type\":\"Organization\",\"@id\":\"https:\\\/\\\/memurunsesi.net\\\/#organization\",\"name\":\"Memurun Sesi\",\"url\":\"https:\\\/\\\/memurunsesi.net\\\/\",\"logo\":{\"@type\":\"ImageObject\",\"inLanguage\":\"tr\",\"@id\":\"https:\\\/\\\/memurunsesi.net\\\/#\\\/schema\\\/logo\\\/image\\\/\",\"url\":\"https:\\\/\\\/memurunsesi.net\\\/wp-content\\\/uploads\\\/2025\\\/11\\\/cropped-MEMURUN-SESI.png\",\"contentUrl\":\"https:\\\/\\\/memurunsesi.net\\\/wp-content\\\/uploads\\\/2025\\\/11\\\/cropped-MEMURUN-SESI.png\",\"width\":238,\"height\":57,\"caption\":\"Memurun Sesi\"},\"image\":{\"@id\":\"https:\\\/\\\/memurunsesi.net\\\/#\\\/schema\\\/logo\\\/image\\\/\"},\"sameAs\":[\"https:\\\/\\\/www.facebook.com\\\/unipersen\\\/?locale=tr_TR\",\"https:\\\/\\\/x.com\\\/unipersen\"]},{\"@type\":\"Person\",\"@id\":\"https:\\\/\\\/memurunsesi.net\\\/#\\\/schema\\\/person\\\/f21c2d73b89f6ee1d80b0a1803e38587\",\"name\":\"Memurun Sesi Haber Merkezi\",\"image\":{\"@type\":\"ImageObject\",\"inLanguage\":\"tr\",\"@id\":\"https:\\\/\\\/secure.gravatar.com\\\/avatar\\\/6cf0505f452ee753f485014986fab09a434671d2b919ee76fc541025c5876a70?s=96&d=mm&r=g\",\"url\":\"https:\\\/\\\/secure.gravatar.com\\\/avatar\\\/6cf0505f452ee753f485014986fab09a434671d2b919ee76fc541025c5876a70?s=96&d=mm&r=g\",\"contentUrl\":\"https:\\\/\\\/secure.gravatar.com\\\/avatar\\\/6cf0505f452ee753f485014986fab09a434671d2b919ee76fc541025c5876a70?s=96&d=mm&r=g\",\"caption\":\"Memurun Sesi Haber Merkezi\"},\"sameAs\":[\"https:\\\/\\\/memurunsesi.net\"],\"url\":\"https:\\\/\\\/memurunsesi.net\\\/index.php\\\/author\\\/uniper\\\/\"}]}<\/script>\n<!-- \/ Yoast SEO plugin. -->","yoast_head_json":{"title":"\u00c7ekici \u00fczerindeki ara\u00e7taki \u00f6l\u00fcme 1 tutuklama - Memurun Sesi","description":"\u00c7ekici \u00fczerindeki ara\u00e7taki \u00f6l\u00fcme 1 tutuklama","robots":{"index":"index","follow":"follow","max-snippet":"max-snippet:-1","max-image-preview":"max-image-preview:large","max-video-preview":"max-video-preview:-1"},"canonical":"https:\/\/memurunsesi.net\/index.php\/2025\/11\/17\/cekici-uzerindeki-aractaki-olume-1-tutuklama\/","og_locale":"tr_TR","og_type":"article","og_title":"\u00c7ekici \u00fczerindeki ara\u00e7taki \u00f6l\u00fcme 1 tutuklama - Memurun Sesi","og_description":"\u00c7ekici \u00fczerindeki ara\u00e7taki \u00f6l\u00fcme 1 tutuklama","og_url":"https:\/\/memurunsesi.net\/index.php\/2025\/11\/17\/cekici-uzerindeki-aractaki-olume-1-tutuklama\/","og_site_name":"Memurun Sesi","article_publisher":"https:\/\/www.facebook.com\/unipersen\/?locale=tr_TR","article_published_time":"2025-11-17T17:39:10+00:00","og_image":[{"width":2560,"height":1440,"url":"https:\/\/memurunsesi.net\/wp-content\/uploads\/2025\/11\/OLUM-2-scaled.jpg","type":"image\/jpeg"}],"author":"Memurun Sesi Haber Merkezi","twitter_card":"summary_large_image","twitter_creator":"@unipersen","twitter_site":"@unipersen","twitter_misc":{"Yazan:":"Memurun Sesi Haber Merkezi","Tahmini okuma s\u00fcresi":"2 dakika"},"schema":{"@context":"https:\/\/schema.org","@graph":[{"@type":"Article","@id":"https:\/\/memurunsesi.net\/index.php\/2025\/11\/17\/cekici-uzerindeki-aractaki-olume-1-tutuklama\/#article","isPartOf":{"@id":"https:\/\/memurunsesi.net\/index.php\/2025\/11\/17\/cekici-uzerindeki-aractaki-olume-1-tutuklama\/"},"author":{"name":"Memurun Sesi Haber Merkezi","@id":"https:\/\/memurunsesi.net\/#\/schema\/person\/f21c2d73b89f6ee1d80b0a1803e38587"},"headline":"\u00c7ekici \u00fczerindeki ara\u00e7taki \u00f6l\u00fcme 1 tutuklama","datePublished":"2025-11-17T17:39:10+00:00","mainEntityOfPage":{"@id":"https:\/\/memurunsesi.net\/index.php\/2025\/11\/17\/cekici-uzerindeki-aractaki-olume-1-tutuklama\/"},"wordCount":347,"commentCount":0,"publisher":{"@id":"https:\/\/memurunsesi.net\/#organization"},"image":{"@id":"https:\/\/memurunsesi.net\/index.php\/2025\/11\/17\/cekici-uzerindeki-aractaki-olume-1-tutuklama\/#primaryimage"},"thumbnailUrl":"https:\/\/memurunsesi.net\/wp-content\/uploads\/2025\/11\/OLUM-2-scaled.jpg","keywords":["\u00f6l\u00fcm"],"articleSection":["G\u00fcndem"],"inLanguage":"tr","potentialAction":[{"@type":"CommentAction","name":"Comment","target":["https:\/\/memurunsesi.net\/index.php\/2025\/11\/17\/cekici-uzerindeki-aractaki-olume-1-tutuklama\/#respond"]}]},{"@type":"WebPage","@id":"https:\/\/memurunsesi.net\/index.php\/2025\/11\/17\/cekici-uzerindeki-aractaki-olume-1-tutuklama\/","url":"https:\/\/memurunsesi.net\/index.php\/2025\/11\/17\/cekici-uzerindeki-aractaki-olume-1-tutuklama\/","name":"\u00c7ekici \u00fczerindeki ara\u00e7taki \u00f6l\u00fcme 1 tutuklama - Memurun Sesi","isPartOf":{"@id":"https:\/\/memurunsesi.net\/#website"},"primaryImageOfPage":{"@id":"https:\/\/memurunsesi.net\/index.php\/2025\/11\/17\/cekici-uzerindeki-aractaki-olume-1-tutuklama\/#primaryimage"},"image":{"@id":"https:\/\/memurunsesi.net\/index.php\/2025\/11\/17\/cekici-uzerindeki-aractaki-olume-1-tutuklama\/#primaryimage"},"thumbnailUrl":"https:\/\/memurunsesi.net\/wp-content\/uploads\/2025\/11\/OLUM-2-scaled.jpg","datePublished":"2025-11-17T17:39:10+00:00","description":"\u00c7ekici \u00fczerindeki ara\u00e7taki \u00f6l\u00fcme 1 tutuklama","breadcrumb":{"@id":"https:\/\/memurunsesi.net\/index.php\/2025\/11\/17\/cekici-uzerindeki-aractaki-olume-1-tutuklama\/#breadcrumb"},"inLanguage":"tr","potentialAction":[{"@type":"ReadAction","target":["https:\/\/memurunsesi.net\/index.php\/2025\/11\/17\/cekici-uzerindeki-aractaki-olume-1-tutuklama\/"]}]},{"@type":"ImageObject","inLanguage":"tr","@id":"https:\/\/memurunsesi.net\/index.php\/2025\/11\/17\/cekici-uzerindeki-aractaki-olume-1-tutuklama\/#primaryimage","url":"https:\/\/memurunsesi.net\/wp-content\/uploads\/2025\/11\/OLUM-2-scaled.jpg","contentUrl":"https:\/\/memurunsesi.net\/wp-content\/uploads\/2025\/11\/OLUM-2-scaled.jpg","width":2560,"height":1440,"caption":"KAFE \u0130\u015eLETMES\u0130 SAH\u0130B\u0130 MET\u0130N S., \u00c7IKARILDI\u011eI N\u00d6BET\u00c7\u0130 MAHKEMECE \"TAKS\u0130RLE \u00d6L\u00dcME SEBEP OLMAK\" SU\u00c7UNDAN TUTUKLANARAK SAMSUN T T\u0130P\u0130 KAPALI CEZAEV\u0130NE G\u00d6NDER\u0130LD\u0130. (MUHAMMER AY\/SAMSUN-\u0130HA) Samsun'da \u00e7ekici \u00fczerindeki ara\u00e7ta \u00f6l\u00fcmle sonu\u00e7lanan olayla ilgili adliyeye sevk edilen 1 ki\u015fi tutuklan\u0131rken, 3 ki\u015fi de mahkemece adli kontrol \u015fart\u0131yla serbest b\u0131rak\u0131ld\u0131."},{"@type":"BreadcrumbList","@id":"https:\/\/memurunsesi.net\/index.php\/2025\/11\/17\/cekici-uzerindeki-aractaki-olume-1-tutuklama\/#breadcrumb","itemListElement":[{"@type":"ListItem","position":1,"name":"Anasayfa","item":"https:\/\/memurunsesi.net\/"},{"@type":"ListItem","position":2,"name":"\u00c7ekici \u00fczerindeki ara\u00e7taki \u00f6l\u00fcme 1 tutuklama"}]},{"@type":"WebSite","@id":"https:\/\/memurunsesi.net\/#website","url":"https:\/\/memurunsesi.net\/","name":"Memurun Sesi","description":"G\u00fcncel ve Do\u011fru Haber","publisher":{"@id":"https:\/\/memurunsesi.net\/#organization"},"potentialAction":[{"@type":"SearchAction","target":{"@type":"EntryPoint","urlTemplate":"https:\/\/memurunsesi.net\/?s={search_term_string}"},"query-input":{"@type":"PropertyValueSpecification","valueRequired":true,"valueName":"search_term_string"}}],"inLanguage":"tr"},{"@type":"Organization","@id":"https:\/\/memurunsesi.net\/#organization","name":"Memurun Sesi","url":"https:\/\/memurunsesi.net\/","logo":{"@type":"ImageObject","inLanguage":"tr","@id":"https:\/\/memurunsesi.net\/#\/schema\/logo\/image\/","url":"https:\/\/memurunsesi.net\/wp-content\/uploads\/2025\/11\/cropped-MEMURUN-SESI.png","contentUrl":"https:\/\/memurunsesi.net\/wp-content\/uploads\/2025\/11\/cropped-MEMURUN-SESI.png","width":238,"height":57,"caption":"Memurun Sesi"},"image":{"@id":"https:\/\/memurunsesi.net\/#\/schema\/logo\/image\/"},"sameAs":["https:\/\/www.facebook.com\/unipersen\/?locale=tr_TR","https:\/\/x.com\/unipersen"]},{"@type":"Person","@id":"https:\/\/memurunsesi.net\/#\/schema\/person\/f21c2d73b89f6ee1d80b0a1803e38587","name":"Memurun Sesi Haber Merkezi","image":{"@type":"ImageObject","inLanguage":"tr","@id":"https:\/\/secure.gravatar.com\/avatar\/6cf0505f452ee753f485014986fab09a434671d2b919ee76fc541025c5876a70?s=96&d=mm&r=g","url":"https:\/\/secure.gravatar.com\/avatar\/6cf0505f452ee753f485014986fab09a434671d2b919ee76fc541025c5876a70?s=96&d=mm&r=g","contentUrl":"https:\/\/secure.gravatar.com\/avatar\/6cf0505f452ee753f485014986fab09a434671d2b919ee76fc541025c5876a70?s=96&d=mm&r=g","caption":"Memurun Sesi Haber Merkezi"},"sameAs":["https:\/\/memurunsesi.net"],"url":"https:\/\/memurunsesi.net\/index.php\/author\/uniper\/"}]}},"_links":{"self":[{"href":"https:\/\/memurunsesi.net\/index.php\/wp-json\/wp\/v2\/posts\/14180","targetHints":{"allow":["GET"]}}],"collection":[{"href":"https:\/\/memurunsesi.net\/index.php\/wp-json\/wp\/v2\/posts"}],"about":[{"href":"https:\/\/memurunsesi.net\/index.php\/wp-json\/wp\/v2\/types\/post"}],"author":[{"embeddable":true,"href":"https:\/\/memurunsesi.net\/index.php\/wp-json\/wp\/v2\/users\/1"}],"replies":[{"embeddable":true,"href":"https:\/\/memurunsesi.net\/index.php\/wp-json\/wp\/v2\/comments?post=14180"}],"version-history":[{"count":1,"href":"https:\/\/memurunsesi.net\/index.php\/wp-json\/wp\/v2\/posts\/14180\/revisions"}],"predecessor-version":[{"id":14182,"href":"https:\/\/memurunsesi.net\/index.php\/wp-json\/wp\/v2\/posts\/14180\/revisions\/14182"}],"wp:featuredmedia":[{"embeddable":true,"href":"https:\/\/memurunsesi.net\/index.php\/wp-json\/wp\/v2\/media\/14181"}],"wp:attachment":[{"href":"https:\/\/memurunsesi.net\/index.php\/wp-json\/wp\/v2\/media?parent=14180"}],"wp:term":[{"taxonomy":"category","embeddable":true,"href":"https:\/\/memurunsesi.net\/index.php\/wp-json\/wp\/v2\/categories?post=14180"},{"taxonomy":"post_tag","embeddable":true,"href":"https:\/\/memurunsesi.net\/index.php\/wp-json\/wp\/v2\/tags?post=14180"}],"curies":[{"name":"wp","href":"https:\/\/api.w.org\/{rel}","templated":true}]}}