{"id":14183,"date":"2025-11-17T20:40:57","date_gmt":"2025-11-17T17:40:57","guid":{"rendered":"https:\/\/memurunsesi.net\/?p=14183"},"modified":"2025-11-17T20:40:57","modified_gmt":"2025-11-17T17:40:57","slug":"otobusteki-tartismada-bicaklanan-genc-agir-yaralandi","status":"publish","type":"post","link":"https:\/\/memurunsesi.net\/index.php\/2025\/11\/17\/otobusteki-tartismada-bicaklanan-genc-agir-yaralandi\/","title":{"rendered":"Otob\u00fcsteki tart\u0131\u015fmada b\u0131\u00e7aklanan gen\u00e7 a\u011f\u0131r yaraland\u0131"},"content":{"rendered":"<p>Konya\u2019da belediye otob\u00fcs\u00fcnde \u00e7\u0131kan kavgada b\u0131\u00e7aklanan 21 ya\u015f\u0131ndaki gen\u00e7 a\u011f\u0131r yaraland\u0131.<br \/>\nOlay, ak\u015fam saatlerinde merkez Karatay il\u00e7esi Konya Ere\u011fli Caddesi \u00fczerinde meydana geldi. Edinilen bilgiye g\u00f6re, Tatl\u0131cak Mahallesi\u2019nden merkez istikametine seyir halinde olan 42 ECL 54 plakal\u0131 belediye otob\u00fcs\u00fcnde 2 ki\u015fi hen\u00fcz belirlenemeyen bir nedenle tart\u0131\u015fmaya ba\u015flad\u0131. Tart\u0131\u015fma s\u0131ras\u0131nda hen\u00fcz ismi \u00f6\u011frenilemeyen bir ki\u015fi, yan\u0131ndaki b\u0131\u00e7akla Kadirhan \u00d6.&#8217;y\u00fc (21) b\u0131\u00e7aklad\u0131. Gen\u00e7 kanlar i\u00e7inde yere y\u0131\u011f\u0131l\u0131rken, \u015f\u00fcpheli olay yerinden ka\u00e7t\u0131. \u0130hbar \u00fczerine olay yerine sa\u011fl\u0131k ve polis ekipleri sevk edildi. Sa\u011fl\u0131k ekiplerinin ilk m\u00fcdahalesinin ard\u0131ndan a\u011f\u0131r yaralanan Kadirhan \u00d6., ambulansla Konya \u015eehir Hastanesi\u2019ne kald\u0131r\u0131ld\u0131. Yaral\u0131n\u0131n hayati tehlikesinin devam etti\u011fi \u00f6\u011frenilirken, olay yerindeki incelemelerin ard\u0131ndan polis ekipleri ka\u00e7an \u015f\u00fcpheliyi yakalamak i\u00e7in \u00e7al\u0131\u015fma ba\u015flatt\u0131.<br \/>\nOlayla ilgili tahkikat s\u00fcr\u00fcyor.<\/p>\n<p>17.11.2025<\/p>\n","protected":false},"excerpt":{"rendered":"<p>Konya\u2019da belediye otob\u00fcs\u00fcnde \u00e7\u0131kan kavgada b\u0131\u00e7aklanan 21 ya\u015f\u0131ndaki gen\u00e7 a\u011f\u0131r yaraland\u0131. Olay, ak\u015fam saatlerinde merkez Karatay il\u00e7esi Konya Ere\u011fli Caddesi \u00fczerinde meydana geldi. Edinilen bilgiye g\u00f6re, Tatl\u0131cak Mahallesi\u2019nden merkez istikametine seyir halinde olan 42 ECL 54 plakal\u0131 belediye otob\u00fcs\u00fcnde 2 ki\u015fi hen\u00fcz belirlenemeyen bir nedenle tart\u0131\u015fmaya ba\u015flad\u0131. Tart\u0131\u015fma s\u0131ras\u0131nda hen\u00fcz ismi \u00f6\u011frenilemeyen bir ki\u015fi, yan\u0131ndaki [&hellip;]<\/p>\n","protected":false},"author":1,"featured_media":14184,"comment_status":"open","ping_status":"open","sticky":false,"template":"","format":"standard","meta":{"footnotes":""},"categories":[1],"tags":[326,149],"class_list":["post-14183","post","type-post","status-publish","format-standard","has-post-thumbnail","hentry","category-genel","tag-bicaklama","tag-kavga"],"yoast_head":"<!-- This site is optimized with the Yoast SEO plugin v27.4 - https:\/\/yoast.com\/product\/yoast-seo-wordpress\/ -->\n<title>Otob\u00fcsteki tart\u0131\u015fmada b\u0131\u00e7aklanan gen\u00e7 a\u011f\u0131r yaraland\u0131 - Memurun Sesi<\/title>\n<meta name=\"description\" content=\"Otob\u00fcsteki tart\u0131\u015fmada b\u0131\u00e7aklanan gen\u00e7 a\u011f\u0131r yaraland\u0131\" \/>\n<meta name=\"robots\" content=\"index, follow, max-snippet:-1, max-image-preview:large, max-video-preview:-1\" \/>\n<link rel=\"canonical\" href=\"https:\/\/memurunsesi.net\/index.php\/2025\/11\/17\/otobusteki-tartismada-bicaklanan-genc-agir-yaralandi\/\" \/>\n<meta property=\"og:locale\" content=\"tr_TR\" \/>\n<meta property=\"og:type\" content=\"article\" \/>\n<meta property=\"og:title\" content=\"Otob\u00fcsteki tart\u0131\u015fmada b\u0131\u00e7aklanan gen\u00e7 a\u011f\u0131r yaraland\u0131 - Memurun Sesi\" \/>\n<meta property=\"og:description\" content=\"Otob\u00fcsteki tart\u0131\u015fmada b\u0131\u00e7aklanan gen\u00e7 a\u011f\u0131r yaraland\u0131\" \/>\n<meta property=\"og:url\" content=\"https:\/\/memurunsesi.net\/index.php\/2025\/11\/17\/otobusteki-tartismada-bicaklanan-genc-agir-yaralandi\/\" \/>\n<meta property=\"og:site_name\" content=\"Memurun Sesi\" \/>\n<meta property=\"article:publisher\" content=\"https:\/\/www.facebook.com\/unipersen\/?locale=tr_TR\" \/>\n<meta property=\"article:published_time\" content=\"2025-11-17T17:40:57+00:00\" \/>\n<meta property=\"og:image\" content=\"https:\/\/memurunsesi.net\/wp-content\/uploads\/2025\/11\/BICAKLAMA-1-scaled.jpg\" \/>\n\t<meta property=\"og:image:width\" content=\"2560\" \/>\n\t<meta property=\"og:image:height\" content=\"1920\" \/>\n\t<meta property=\"og:image:type\" content=\"image\/jpeg\" \/>\n<meta name=\"author\" content=\"Memurun Sesi Haber Merkezi\" \/>\n<meta name=\"twitter:card\" content=\"summary_large_image\" \/>\n<meta name=\"twitter:creator\" content=\"@unipersen\" \/>\n<meta name=\"twitter:site\" content=\"@unipersen\" \/>\n<meta name=\"twitter:label1\" content=\"Yazan:\" \/>\n\t<meta name=\"twitter:data1\" content=\"Memurun Sesi Haber Merkezi\" \/>\n\t<meta name=\"twitter:label2\" content=\"Tahmini okuma s\u00fcresi\" \/>\n\t<meta name=\"twitter:data2\" content=\"1 dakika\" \/>\n<script type=\"application\/ld+json\" class=\"yoast-schema-graph\">{\"@context\":\"https:\\\/\\\/schema.org\",\"@graph\":[{\"@type\":\"Article\",\"@id\":\"https:\\\/\\\/memurunsesi.net\\\/index.php\\\/2025\\\/11\\\/17\\\/otobusteki-tartismada-bicaklanan-genc-agir-yaralandi\\\/#article\",\"isPartOf\":{\"@id\":\"https:\\\/\\\/memurunsesi.net\\\/index.php\\\/2025\\\/11\\\/17\\\/otobusteki-tartismada-bicaklanan-genc-agir-yaralandi\\\/\"},\"author\":{\"name\":\"Memurun Sesi Haber Merkezi\",\"@id\":\"https:\\\/\\\/memurunsesi.net\\\/#\\\/schema\\\/person\\\/f21c2d73b89f6ee1d80b0a1803e38587\"},\"headline\":\"Otob\u00fcsteki tart\u0131\u015fmada b\u0131\u00e7aklanan gen\u00e7 a\u011f\u0131r yaraland\u0131\",\"datePublished\":\"2025-11-17T17:40:57+00:00\",\"mainEntityOfPage\":{\"@id\":\"https:\\\/\\\/memurunsesi.net\\\/index.php\\\/2025\\\/11\\\/17\\\/otobusteki-tartismada-bicaklanan-genc-agir-yaralandi\\\/\"},\"wordCount\":169,\"commentCount\":0,\"publisher\":{\"@id\":\"https:\\\/\\\/memurunsesi.net\\\/#organization\"},\"image\":{\"@id\":\"https:\\\/\\\/memurunsesi.net\\\/index.php\\\/2025\\\/11\\\/17\\\/otobusteki-tartismada-bicaklanan-genc-agir-yaralandi\\\/#primaryimage\"},\"thumbnailUrl\":\"https:\\\/\\\/memurunsesi.net\\\/wp-content\\\/uploads\\\/2025\\\/11\\\/BICAKLAMA-1-scaled.jpg\",\"keywords\":[\"b\u0131\u00e7aklama\",\"kavga\"],\"inLanguage\":\"tr\",\"potentialAction\":[{\"@type\":\"CommentAction\",\"name\":\"Comment\",\"target\":[\"https:\\\/\\\/memurunsesi.net\\\/index.php\\\/2025\\\/11\\\/17\\\/otobusteki-tartismada-bicaklanan-genc-agir-yaralandi\\\/#respond\"]}]},{\"@type\":\"WebPage\",\"@id\":\"https:\\\/\\\/memurunsesi.net\\\/index.php\\\/2025\\\/11\\\/17\\\/otobusteki-tartismada-bicaklanan-genc-agir-yaralandi\\\/\",\"url\":\"https:\\\/\\\/memurunsesi.net\\\/index.php\\\/2025\\\/11\\\/17\\\/otobusteki-tartismada-bicaklanan-genc-agir-yaralandi\\\/\",\"name\":\"Otob\u00fcsteki tart\u0131\u015fmada b\u0131\u00e7aklanan gen\u00e7 a\u011f\u0131r yaraland\u0131 - Memurun Sesi\",\"isPartOf\":{\"@id\":\"https:\\\/\\\/memurunsesi.net\\\/#website\"},\"primaryImageOfPage\":{\"@id\":\"https:\\\/\\\/memurunsesi.net\\\/index.php\\\/2025\\\/11\\\/17\\\/otobusteki-tartismada-bicaklanan-genc-agir-yaralandi\\\/#primaryimage\"},\"image\":{\"@id\":\"https:\\\/\\\/memurunsesi.net\\\/index.php\\\/2025\\\/11\\\/17\\\/otobusteki-tartismada-bicaklanan-genc-agir-yaralandi\\\/#primaryimage\"},\"thumbnailUrl\":\"https:\\\/\\\/memurunsesi.net\\\/wp-content\\\/uploads\\\/2025\\\/11\\\/BICAKLAMA-1-scaled.jpg\",\"datePublished\":\"2025-11-17T17:40:57+00:00\",\"description\":\"Otob\u00fcsteki tart\u0131\u015fmada b\u0131\u00e7aklanan gen\u00e7 a\u011f\u0131r yaraland\u0131\",\"breadcrumb\":{\"@id\":\"https:\\\/\\\/memurunsesi.net\\\/index.php\\\/2025\\\/11\\\/17\\\/otobusteki-tartismada-bicaklanan-genc-agir-yaralandi\\\/#breadcrumb\"},\"inLanguage\":\"tr\",\"potentialAction\":[{\"@type\":\"ReadAction\",\"target\":[\"https:\\\/\\\/memurunsesi.net\\\/index.php\\\/2025\\\/11\\\/17\\\/otobusteki-tartismada-bicaklanan-genc-agir-yaralandi\\\/\"]}]},{\"@type\":\"ImageObject\",\"inLanguage\":\"tr\",\"@id\":\"https:\\\/\\\/memurunsesi.net\\\/index.php\\\/2025\\\/11\\\/17\\\/otobusteki-tartismada-bicaklanan-genc-agir-yaralandi\\\/#primaryimage\",\"url\":\"https:\\\/\\\/memurunsesi.net\\\/wp-content\\\/uploads\\\/2025\\\/11\\\/BICAKLAMA-1-scaled.jpg\",\"contentUrl\":\"https:\\\/\\\/memurunsesi.net\\\/wp-content\\\/uploads\\\/2025\\\/11\\\/BICAKLAMA-1-scaled.jpg\",\"width\":2560,\"height\":1920,\"caption\":\"KONYA'DA BELED\u0130YE OTOB\u00dcS\u00dcN\u00dcN \u0130\u00c7\u0130NDE \u00c7IKAN BI\u00c7AKLI KAVGADA B\u0130R K\u0130\u015e\u0130 A\u011eIR YARALANDI. KA\u00c7AN \u015e\u00dcPHEL\u0130Y\u0130 YAKALAMAK \u0130\u00c7\u0130N BA\u015eLATILAN \u00c7ALI\u015eMA S\u00dcR\u00dcYOR. (\u0130BRAH\u0130M YETK\u0130N\\\/KONYA-\u0130HA) Konya'da belediye otob\u00fcs\u00fcnde \u00e7\u0131kan kavgada b\u0131\u00e7aklanan 21 ya\u015f\u0131ndaki gen\u00e7 a\u011f\u0131r yaraland\u0131.\"},{\"@type\":\"BreadcrumbList\",\"@id\":\"https:\\\/\\\/memurunsesi.net\\\/index.php\\\/2025\\\/11\\\/17\\\/otobusteki-tartismada-bicaklanan-genc-agir-yaralandi\\\/#breadcrumb\",\"itemListElement\":[{\"@type\":\"ListItem\",\"position\":1,\"name\":\"Anasayfa\",\"item\":\"https:\\\/\\\/memurunsesi.net\\\/\"},{\"@type\":\"ListItem\",\"position\":2,\"name\":\"Otob\u00fcsteki tart\u0131\u015fmada b\u0131\u00e7aklanan gen\u00e7 a\u011f\u0131r yaraland\u0131\"}]},{\"@type\":\"WebSite\",\"@id\":\"https:\\\/\\\/memurunsesi.net\\\/#website\",\"url\":\"https:\\\/\\\/memurunsesi.net\\\/\",\"name\":\"Memurun Sesi\",\"description\":\"G\u00fcncel ve Do\u011fru Haber\",\"publisher\":{\"@id\":\"https:\\\/\\\/memurunsesi.net\\\/#organization\"},\"potentialAction\":[{\"@type\":\"SearchAction\",\"target\":{\"@type\":\"EntryPoint\",\"urlTemplate\":\"https:\\\/\\\/memurunsesi.net\\\/?s={search_term_string}\"},\"query-input\":{\"@type\":\"PropertyValueSpecification\",\"valueRequired\":true,\"valueName\":\"search_term_string\"}}],\"inLanguage\":\"tr\"},{\"@type\":\"Organization\",\"@id\":\"https:\\\/\\\/memurunsesi.net\\\/#organization\",\"name\":\"Memurun Sesi\",\"url\":\"https:\\\/\\\/memurunsesi.net\\\/\",\"logo\":{\"@type\":\"ImageObject\",\"inLanguage\":\"tr\",\"@id\":\"https:\\\/\\\/memurunsesi.net\\\/#\\\/schema\\\/logo\\\/image\\\/\",\"url\":\"https:\\\/\\\/memurunsesi.net\\\/wp-content\\\/uploads\\\/2025\\\/11\\\/cropped-MEMURUN-SESI.png\",\"contentUrl\":\"https:\\\/\\\/memurunsesi.net\\\/wp-content\\\/uploads\\\/2025\\\/11\\\/cropped-MEMURUN-SESI.png\",\"width\":238,\"height\":57,\"caption\":\"Memurun Sesi\"},\"image\":{\"@id\":\"https:\\\/\\\/memurunsesi.net\\\/#\\\/schema\\\/logo\\\/image\\\/\"},\"sameAs\":[\"https:\\\/\\\/www.facebook.com\\\/unipersen\\\/?locale=tr_TR\",\"https:\\\/\\\/x.com\\\/unipersen\"]},{\"@type\":\"Person\",\"@id\":\"https:\\\/\\\/memurunsesi.net\\\/#\\\/schema\\\/person\\\/f21c2d73b89f6ee1d80b0a1803e38587\",\"name\":\"Memurun Sesi Haber Merkezi\",\"image\":{\"@type\":\"ImageObject\",\"inLanguage\":\"tr\",\"@id\":\"https:\\\/\\\/secure.gravatar.com\\\/avatar\\\/6cf0505f452ee753f485014986fab09a434671d2b919ee76fc541025c5876a70?s=96&d=mm&r=g\",\"url\":\"https:\\\/\\\/secure.gravatar.com\\\/avatar\\\/6cf0505f452ee753f485014986fab09a434671d2b919ee76fc541025c5876a70?s=96&d=mm&r=g\",\"contentUrl\":\"https:\\\/\\\/secure.gravatar.com\\\/avatar\\\/6cf0505f452ee753f485014986fab09a434671d2b919ee76fc541025c5876a70?s=96&d=mm&r=g\",\"caption\":\"Memurun Sesi Haber Merkezi\"},\"sameAs\":[\"https:\\\/\\\/memurunsesi.net\"],\"url\":\"https:\\\/\\\/memurunsesi.net\\\/index.php\\\/author\\\/uniper\\\/\"}]}<\/script>\n<!-- \/ Yoast SEO plugin. -->","yoast_head_json":{"title":"Otob\u00fcsteki tart\u0131\u015fmada b\u0131\u00e7aklanan gen\u00e7 a\u011f\u0131r yaraland\u0131 - Memurun Sesi","description":"Otob\u00fcsteki tart\u0131\u015fmada b\u0131\u00e7aklanan gen\u00e7 a\u011f\u0131r yaraland\u0131","robots":{"index":"index","follow":"follow","max-snippet":"max-snippet:-1","max-image-preview":"max-image-preview:large","max-video-preview":"max-video-preview:-1"},"canonical":"https:\/\/memurunsesi.net\/index.php\/2025\/11\/17\/otobusteki-tartismada-bicaklanan-genc-agir-yaralandi\/","og_locale":"tr_TR","og_type":"article","og_title":"Otob\u00fcsteki tart\u0131\u015fmada b\u0131\u00e7aklanan gen\u00e7 a\u011f\u0131r yaraland\u0131 - Memurun Sesi","og_description":"Otob\u00fcsteki tart\u0131\u015fmada b\u0131\u00e7aklanan gen\u00e7 a\u011f\u0131r yaraland\u0131","og_url":"https:\/\/memurunsesi.net\/index.php\/2025\/11\/17\/otobusteki-tartismada-bicaklanan-genc-agir-yaralandi\/","og_site_name":"Memurun Sesi","article_publisher":"https:\/\/www.facebook.com\/unipersen\/?locale=tr_TR","article_published_time":"2025-11-17T17:40:57+00:00","og_image":[{"width":2560,"height":1920,"url":"https:\/\/memurunsesi.net\/wp-content\/uploads\/2025\/11\/BICAKLAMA-1-scaled.jpg","type":"image\/jpeg"}],"author":"Memurun Sesi Haber Merkezi","twitter_card":"summary_large_image","twitter_creator":"@unipersen","twitter_site":"@unipersen","twitter_misc":{"Yazan:":"Memurun Sesi Haber Merkezi","Tahmini okuma s\u00fcresi":"1 dakika"},"schema":{"@context":"https:\/\/schema.org","@graph":[{"@type":"Article","@id":"https:\/\/memurunsesi.net\/index.php\/2025\/11\/17\/otobusteki-tartismada-bicaklanan-genc-agir-yaralandi\/#article","isPartOf":{"@id":"https:\/\/memurunsesi.net\/index.php\/2025\/11\/17\/otobusteki-tartismada-bicaklanan-genc-agir-yaralandi\/"},"author":{"name":"Memurun Sesi Haber Merkezi","@id":"https:\/\/memurunsesi.net\/#\/schema\/person\/f21c2d73b89f6ee1d80b0a1803e38587"},"headline":"Otob\u00fcsteki tart\u0131\u015fmada b\u0131\u00e7aklanan gen\u00e7 a\u011f\u0131r yaraland\u0131","datePublished":"2025-11-17T17:40:57+00:00","mainEntityOfPage":{"@id":"https:\/\/memurunsesi.net\/index.php\/2025\/11\/17\/otobusteki-tartismada-bicaklanan-genc-agir-yaralandi\/"},"wordCount":169,"commentCount":0,"publisher":{"@id":"https:\/\/memurunsesi.net\/#organization"},"image":{"@id":"https:\/\/memurunsesi.net\/index.php\/2025\/11\/17\/otobusteki-tartismada-bicaklanan-genc-agir-yaralandi\/#primaryimage"},"thumbnailUrl":"https:\/\/memurunsesi.net\/wp-content\/uploads\/2025\/11\/BICAKLAMA-1-scaled.jpg","keywords":["b\u0131\u00e7aklama","kavga"],"inLanguage":"tr","potentialAction":[{"@type":"CommentAction","name":"Comment","target":["https:\/\/memurunsesi.net\/index.php\/2025\/11\/17\/otobusteki-tartismada-bicaklanan-genc-agir-yaralandi\/#respond"]}]},{"@type":"WebPage","@id":"https:\/\/memurunsesi.net\/index.php\/2025\/11\/17\/otobusteki-tartismada-bicaklanan-genc-agir-yaralandi\/","url":"https:\/\/memurunsesi.net\/index.php\/2025\/11\/17\/otobusteki-tartismada-bicaklanan-genc-agir-yaralandi\/","name":"Otob\u00fcsteki tart\u0131\u015fmada b\u0131\u00e7aklanan gen\u00e7 a\u011f\u0131r yaraland\u0131 - Memurun Sesi","isPartOf":{"@id":"https:\/\/memurunsesi.net\/#website"},"primaryImageOfPage":{"@id":"https:\/\/memurunsesi.net\/index.php\/2025\/11\/17\/otobusteki-tartismada-bicaklanan-genc-agir-yaralandi\/#primaryimage"},"image":{"@id":"https:\/\/memurunsesi.net\/index.php\/2025\/11\/17\/otobusteki-tartismada-bicaklanan-genc-agir-yaralandi\/#primaryimage"},"thumbnailUrl":"https:\/\/memurunsesi.net\/wp-content\/uploads\/2025\/11\/BICAKLAMA-1-scaled.jpg","datePublished":"2025-11-17T17:40:57+00:00","description":"Otob\u00fcsteki tart\u0131\u015fmada b\u0131\u00e7aklanan gen\u00e7 a\u011f\u0131r yaraland\u0131","breadcrumb":{"@id":"https:\/\/memurunsesi.net\/index.php\/2025\/11\/17\/otobusteki-tartismada-bicaklanan-genc-agir-yaralandi\/#breadcrumb"},"inLanguage":"tr","potentialAction":[{"@type":"ReadAction","target":["https:\/\/memurunsesi.net\/index.php\/2025\/11\/17\/otobusteki-tartismada-bicaklanan-genc-agir-yaralandi\/"]}]},{"@type":"ImageObject","inLanguage":"tr","@id":"https:\/\/memurunsesi.net\/index.php\/2025\/11\/17\/otobusteki-tartismada-bicaklanan-genc-agir-yaralandi\/#primaryimage","url":"https:\/\/memurunsesi.net\/wp-content\/uploads\/2025\/11\/BICAKLAMA-1-scaled.jpg","contentUrl":"https:\/\/memurunsesi.net\/wp-content\/uploads\/2025\/11\/BICAKLAMA-1-scaled.jpg","width":2560,"height":1920,"caption":"KONYA'DA BELED\u0130YE OTOB\u00dcS\u00dcN\u00dcN \u0130\u00c7\u0130NDE \u00c7IKAN BI\u00c7AKLI KAVGADA B\u0130R K\u0130\u015e\u0130 A\u011eIR YARALANDI. KA\u00c7AN \u015e\u00dcPHEL\u0130Y\u0130 YAKALAMAK \u0130\u00c7\u0130N BA\u015eLATILAN \u00c7ALI\u015eMA S\u00dcR\u00dcYOR. (\u0130BRAH\u0130M YETK\u0130N\/KONYA-\u0130HA) Konya'da belediye otob\u00fcs\u00fcnde \u00e7\u0131kan kavgada b\u0131\u00e7aklanan 21 ya\u015f\u0131ndaki gen\u00e7 a\u011f\u0131r yaraland\u0131."},{"@type":"BreadcrumbList","@id":"https:\/\/memurunsesi.net\/index.php\/2025\/11\/17\/otobusteki-tartismada-bicaklanan-genc-agir-yaralandi\/#breadcrumb","itemListElement":[{"@type":"ListItem","position":1,"name":"Anasayfa","item":"https:\/\/memurunsesi.net\/"},{"@type":"ListItem","position":2,"name":"Otob\u00fcsteki tart\u0131\u015fmada b\u0131\u00e7aklanan gen\u00e7 a\u011f\u0131r yaraland\u0131"}]},{"@type":"WebSite","@id":"https:\/\/memurunsesi.net\/#website","url":"https:\/\/memurunsesi.net\/","name":"Memurun Sesi","description":"G\u00fcncel ve Do\u011fru Haber","publisher":{"@id":"https:\/\/memurunsesi.net\/#organization"},"potentialAction":[{"@type":"SearchAction","target":{"@type":"EntryPoint","urlTemplate":"https:\/\/memurunsesi.net\/?s={search_term_string}"},"query-input":{"@type":"PropertyValueSpecification","valueRequired":true,"valueName":"search_term_string"}}],"inLanguage":"tr"},{"@type":"Organization","@id":"https:\/\/memurunsesi.net\/#organization","name":"Memurun Sesi","url":"https:\/\/memurunsesi.net\/","logo":{"@type":"ImageObject","inLanguage":"tr","@id":"https:\/\/memurunsesi.net\/#\/schema\/logo\/image\/","url":"https:\/\/memurunsesi.net\/wp-content\/uploads\/2025\/11\/cropped-MEMURUN-SESI.png","contentUrl":"https:\/\/memurunsesi.net\/wp-content\/uploads\/2025\/11\/cropped-MEMURUN-SESI.png","width":238,"height":57,"caption":"Memurun Sesi"},"image":{"@id":"https:\/\/memurunsesi.net\/#\/schema\/logo\/image\/"},"sameAs":["https:\/\/www.facebook.com\/unipersen\/?locale=tr_TR","https:\/\/x.com\/unipersen"]},{"@type":"Person","@id":"https:\/\/memurunsesi.net\/#\/schema\/person\/f21c2d73b89f6ee1d80b0a1803e38587","name":"Memurun Sesi Haber Merkezi","image":{"@type":"ImageObject","inLanguage":"tr","@id":"https:\/\/secure.gravatar.com\/avatar\/6cf0505f452ee753f485014986fab09a434671d2b919ee76fc541025c5876a70?s=96&d=mm&r=g","url":"https:\/\/secure.gravatar.com\/avatar\/6cf0505f452ee753f485014986fab09a434671d2b919ee76fc541025c5876a70?s=96&d=mm&r=g","contentUrl":"https:\/\/secure.gravatar.com\/avatar\/6cf0505f452ee753f485014986fab09a434671d2b919ee76fc541025c5876a70?s=96&d=mm&r=g","caption":"Memurun Sesi Haber Merkezi"},"sameAs":["https:\/\/memurunsesi.net"],"url":"https:\/\/memurunsesi.net\/index.php\/author\/uniper\/"}]}},"_links":{"self":[{"href":"https:\/\/memurunsesi.net\/index.php\/wp-json\/wp\/v2\/posts\/14183","targetHints":{"allow":["GET"]}}],"collection":[{"href":"https:\/\/memurunsesi.net\/index.php\/wp-json\/wp\/v2\/posts"}],"about":[{"href":"https:\/\/memurunsesi.net\/index.php\/wp-json\/wp\/v2\/types\/post"}],"author":[{"embeddable":true,"href":"https:\/\/memurunsesi.net\/index.php\/wp-json\/wp\/v2\/users\/1"}],"replies":[{"embeddable":true,"href":"https:\/\/memurunsesi.net\/index.php\/wp-json\/wp\/v2\/comments?post=14183"}],"version-history":[{"count":1,"href":"https:\/\/memurunsesi.net\/index.php\/wp-json\/wp\/v2\/posts\/14183\/revisions"}],"predecessor-version":[{"id":14185,"href":"https:\/\/memurunsesi.net\/index.php\/wp-json\/wp\/v2\/posts\/14183\/revisions\/14185"}],"wp:featuredmedia":[{"embeddable":true,"href":"https:\/\/memurunsesi.net\/index.php\/wp-json\/wp\/v2\/media\/14184"}],"wp:attachment":[{"href":"https:\/\/memurunsesi.net\/index.php\/wp-json\/wp\/v2\/media?parent=14183"}],"wp:term":[{"taxonomy":"category","embeddable":true,"href":"https:\/\/memurunsesi.net\/index.php\/wp-json\/wp\/v2\/categories?post=14183"},{"taxonomy":"post_tag","embeddable":true,"href":"https:\/\/memurunsesi.net\/index.php\/wp-json\/wp\/v2\/tags?post=14183"}],"curies":[{"name":"wp","href":"https:\/\/api.w.org\/{rel}","templated":true}]}}