{"id":14198,"date":"2025-11-17T22:41:31","date_gmt":"2025-11-17T19:41:31","guid":{"rendered":"https:\/\/memurunsesi.net\/?p=14198"},"modified":"2025-11-17T22:41:31","modified_gmt":"2025-11-17T19:41:31","slug":"ozel-okulda-ogretmenin-gizli-kamera-skandali","status":"publish","type":"post","link":"https:\/\/memurunsesi.net\/index.php\/2025\/11\/17\/ozel-okulda-ogretmenin-gizli-kamera-skandali\/","title":{"rendered":"\u00d6zel okulda \u00f6\u011fretmenin gizli kamera skandal\u0131"},"content":{"rendered":"<p>&#8211; \u00d6\u011fretmenin tuvaletlere yerle\u015ftirdi\u011fi kamera ile di\u011fer \u00f6\u011fretmen ve \u00f6\u011frencileri g\u00f6r\u00fcnt\u00fcledi\u011fi ortaya \u00e7\u0131kt\u0131<br \/>\nAdana&#8217;da \u00f6zel bir okulda \u00f6\u011fretmenin tuvaletlere yerle\u015ftirdi\u011fi kamera ile di\u011fer \u00f6\u011fretmen ve \u00f6\u011frencileri g\u00f6r\u00fcnt\u00fcledi\u011fi tespit edildi. Olay\u0131n ortaya \u00e7\u0131kmas\u0131yla \u015f\u00fcpheli \u00f6\u011fretmen tutukland\u0131.<br \/>\n\u0130ddiaya g\u00f6re, Adana G\u00fcndo\u011fdu Koleji&#8217;nde bir kad\u0131n \u00f6\u011fretmen tuvaletteyken \u0131\u015f\u0131k yans\u0131mas\u0131n\u0131 fark edince tavan aras\u0131na yerle\u015ftirilmi\u015f gizli bir kamera bularak, olay\u0131 polis ekiplerine bildirdi. Polis ekipleri olay yerine gelerek yapt\u0131klar\u0131 inceleme sonucunda okulda g\u00f6revli resim \u00f6\u011fretmeni E.\u0130.&#8217;nin kameray\u0131 yerle\u015ftirdi\u011fini tespit etti. \u015e\u00fcpheli \u00f6\u011fretmenin tuvaletlere yerle\u015ftirdi\u011fi kameralar arac\u0131l\u0131\u011f\u0131yla g\u00f6r\u00fcnt\u00fcleri kaydetti\u011fi ortaya \u00e7\u0131kt\u0131. E.\u0130.&#8217;nin okulda ve evinde yap\u0131lan aramalarda da \u00e7e\u015fitli g\u00f6r\u00fcnt\u00fcler ele ge\u00e7irildi. G\u00f6zalt\u0131na al\u0131nan E.\u0130. tutuklan\u0131rken, emniyetteki ifadesinde su\u00e7lamalar\u0131 kabul etmedi\u011fi \u00f6\u011frenildi.<br \/>\n\u00d6te yandan okul yetkilileri olay\u0131n do\u011fru oldu\u011funu, \u00f6\u011fretmen hakk\u0131nda su\u00e7 duyurusunda bulunduklar\u0131n\u0131 ve adli s\u00fcrecin devam etti\u011fini bildirdi.<\/p>\n<p>17.11.2025<\/p>\n","protected":false},"excerpt":{"rendered":"<p>&#8211; \u00d6\u011fretmenin tuvaletlere yerle\u015ftirdi\u011fi kamera ile di\u011fer \u00f6\u011fretmen ve \u00f6\u011frencileri g\u00f6r\u00fcnt\u00fcledi\u011fi ortaya \u00e7\u0131kt\u0131 Adana&#8217;da \u00f6zel bir okulda \u00f6\u011fretmenin tuvaletlere yerle\u015ftirdi\u011fi kamera ile di\u011fer \u00f6\u011fretmen ve \u00f6\u011frencileri g\u00f6r\u00fcnt\u00fcledi\u011fi tespit edildi. Olay\u0131n ortaya \u00e7\u0131kmas\u0131yla \u015f\u00fcpheli \u00f6\u011fretmen tutukland\u0131. \u0130ddiaya g\u00f6re, Adana G\u00fcndo\u011fdu Koleji&#8217;nde bir kad\u0131n \u00f6\u011fretmen tuvaletteyken \u0131\u015f\u0131k yans\u0131mas\u0131n\u0131 fark edince tavan aras\u0131na yerle\u015ftirilmi\u015f gizli bir kamera bularak, [&hellip;]<\/p>\n","protected":false},"author":1,"featured_media":14199,"comment_status":"open","ping_status":"open","sticky":false,"template":"","format":"standard","meta":{"footnotes":""},"categories":[1],"tags":[358],"class_list":["post-14198","post","type-post","status-publish","format-standard","has-post-thumbnail","hentry","category-genel","tag-rezalet"],"yoast_head":"<!-- This site is optimized with the Yoast SEO plugin v27.4 - https:\/\/yoast.com\/product\/yoast-seo-wordpress\/ -->\n<title>\u00d6zel okulda \u00f6\u011fretmenin gizli kamera skandal\u0131 - Memurun Sesi<\/title>\n<meta name=\"description\" content=\"\u00d6zel okulda \u00f6\u011fretmenin gizli kamera skandal\u0131\" \/>\n<meta name=\"robots\" content=\"index, follow, max-snippet:-1, max-image-preview:large, max-video-preview:-1\" \/>\n<link rel=\"canonical\" href=\"https:\/\/memurunsesi.net\/index.php\/2025\/11\/17\/ozel-okulda-ogretmenin-gizli-kamera-skandali\/\" \/>\n<meta property=\"og:locale\" content=\"tr_TR\" \/>\n<meta property=\"og:type\" content=\"article\" \/>\n<meta property=\"og:title\" content=\"\u00d6zel okulda \u00f6\u011fretmenin gizli kamera skandal\u0131 - Memurun Sesi\" \/>\n<meta property=\"og:description\" content=\"\u00d6zel okulda \u00f6\u011fretmenin gizli kamera skandal\u0131\" \/>\n<meta property=\"og:url\" content=\"https:\/\/memurunsesi.net\/index.php\/2025\/11\/17\/ozel-okulda-ogretmenin-gizli-kamera-skandali\/\" \/>\n<meta property=\"og:site_name\" content=\"Memurun Sesi\" \/>\n<meta property=\"article:publisher\" content=\"https:\/\/www.facebook.com\/unipersen\/?locale=tr_TR\" \/>\n<meta property=\"article:published_time\" content=\"2025-11-17T19:41:31+00:00\" \/>\n<meta property=\"og:image\" content=\"https:\/\/memurunsesi.net\/wp-content\/uploads\/2025\/11\/GIZLI-KAMERA.jpg\" \/>\n\t<meta property=\"og:image:width\" content=\"1320\" \/>\n\t<meta property=\"og:image:height\" content=\"1851\" \/>\n\t<meta property=\"og:image:type\" content=\"image\/jpeg\" \/>\n<meta name=\"author\" content=\"Memurun Sesi Haber Merkezi\" \/>\n<meta name=\"twitter:card\" content=\"summary_large_image\" \/>\n<meta name=\"twitter:creator\" content=\"@unipersen\" \/>\n<meta name=\"twitter:site\" content=\"@unipersen\" \/>\n<meta name=\"twitter:label1\" content=\"Yazan:\" \/>\n\t<meta name=\"twitter:data1\" content=\"Memurun Sesi Haber Merkezi\" \/>\n\t<meta name=\"twitter:label2\" content=\"Tahmini okuma s\u00fcresi\" \/>\n\t<meta name=\"twitter:data2\" content=\"1 dakika\" \/>\n<script type=\"application\/ld+json\" class=\"yoast-schema-graph\">{\"@context\":\"https:\\\/\\\/schema.org\",\"@graph\":[{\"@type\":\"Article\",\"@id\":\"https:\\\/\\\/memurunsesi.net\\\/index.php\\\/2025\\\/11\\\/17\\\/ozel-okulda-ogretmenin-gizli-kamera-skandali\\\/#article\",\"isPartOf\":{\"@id\":\"https:\\\/\\\/memurunsesi.net\\\/index.php\\\/2025\\\/11\\\/17\\\/ozel-okulda-ogretmenin-gizli-kamera-skandali\\\/\"},\"author\":{\"name\":\"Memurun Sesi Haber Merkezi\",\"@id\":\"https:\\\/\\\/memurunsesi.net\\\/#\\\/schema\\\/person\\\/f21c2d73b89f6ee1d80b0a1803e38587\"},\"headline\":\"\u00d6zel okulda \u00f6\u011fretmenin gizli kamera skandal\u0131\",\"datePublished\":\"2025-11-17T19:41:31+00:00\",\"mainEntityOfPage\":{\"@id\":\"https:\\\/\\\/memurunsesi.net\\\/index.php\\\/2025\\\/11\\\/17\\\/ozel-okulda-ogretmenin-gizli-kamera-skandali\\\/\"},\"wordCount\":190,\"commentCount\":0,\"publisher\":{\"@id\":\"https:\\\/\\\/memurunsesi.net\\\/#organization\"},\"image\":{\"@id\":\"https:\\\/\\\/memurunsesi.net\\\/index.php\\\/2025\\\/11\\\/17\\\/ozel-okulda-ogretmenin-gizli-kamera-skandali\\\/#primaryimage\"},\"thumbnailUrl\":\"https:\\\/\\\/memurunsesi.net\\\/wp-content\\\/uploads\\\/2025\\\/11\\\/GIZLI-KAMERA.jpg\",\"keywords\":[\"REZALET\"],\"inLanguage\":\"tr\",\"potentialAction\":[{\"@type\":\"CommentAction\",\"name\":\"Comment\",\"target\":[\"https:\\\/\\\/memurunsesi.net\\\/index.php\\\/2025\\\/11\\\/17\\\/ozel-okulda-ogretmenin-gizli-kamera-skandali\\\/#respond\"]}]},{\"@type\":\"WebPage\",\"@id\":\"https:\\\/\\\/memurunsesi.net\\\/index.php\\\/2025\\\/11\\\/17\\\/ozel-okulda-ogretmenin-gizli-kamera-skandali\\\/\",\"url\":\"https:\\\/\\\/memurunsesi.net\\\/index.php\\\/2025\\\/11\\\/17\\\/ozel-okulda-ogretmenin-gizli-kamera-skandali\\\/\",\"name\":\"\u00d6zel okulda \u00f6\u011fretmenin gizli kamera skandal\u0131 - Memurun Sesi\",\"isPartOf\":{\"@id\":\"https:\\\/\\\/memurunsesi.net\\\/#website\"},\"primaryImageOfPage\":{\"@id\":\"https:\\\/\\\/memurunsesi.net\\\/index.php\\\/2025\\\/11\\\/17\\\/ozel-okulda-ogretmenin-gizli-kamera-skandali\\\/#primaryimage\"},\"image\":{\"@id\":\"https:\\\/\\\/memurunsesi.net\\\/index.php\\\/2025\\\/11\\\/17\\\/ozel-okulda-ogretmenin-gizli-kamera-skandali\\\/#primaryimage\"},\"thumbnailUrl\":\"https:\\\/\\\/memurunsesi.net\\\/wp-content\\\/uploads\\\/2025\\\/11\\\/GIZLI-KAMERA.jpg\",\"datePublished\":\"2025-11-17T19:41:31+00:00\",\"description\":\"\u00d6zel okulda \u00f6\u011fretmenin gizli kamera skandal\u0131\",\"breadcrumb\":{\"@id\":\"https:\\\/\\\/memurunsesi.net\\\/index.php\\\/2025\\\/11\\\/17\\\/ozel-okulda-ogretmenin-gizli-kamera-skandali\\\/#breadcrumb\"},\"inLanguage\":\"tr\",\"potentialAction\":[{\"@type\":\"ReadAction\",\"target\":[\"https:\\\/\\\/memurunsesi.net\\\/index.php\\\/2025\\\/11\\\/17\\\/ozel-okulda-ogretmenin-gizli-kamera-skandali\\\/\"]}]},{\"@type\":\"ImageObject\",\"inLanguage\":\"tr\",\"@id\":\"https:\\\/\\\/memurunsesi.net\\\/index.php\\\/2025\\\/11\\\/17\\\/ozel-okulda-ogretmenin-gizli-kamera-skandali\\\/#primaryimage\",\"url\":\"https:\\\/\\\/memurunsesi.net\\\/wp-content\\\/uploads\\\/2025\\\/11\\\/GIZLI-KAMERA.jpg\",\"contentUrl\":\"https:\\\/\\\/memurunsesi.net\\\/wp-content\\\/uploads\\\/2025\\\/11\\\/GIZLI-KAMERA.jpg\",\"width\":1320,\"height\":1851,\"caption\":\"ADANA'DA B\u0130R \u00d6ZEL OKULDA \u00d6\u011eRETMEN\u0130N TUVALETLERE YERLE\u015eT\u0130RD\u0130\u011e\u0130 KAMERA \u0130LE D\u0130\u011eER \u00d6\u011eRETMEN VE \u00d6\u011eRENC\u0130LER\u0130 G\u00d6R\u00dcNT\u00dcLED\u0130\u011e\u0130 TESP\u0130T ED\u0130LD\u0130. OLAYIN ORTAYA \u00c7IKMASIYLA \u015e\u00dcPHEL\u0130 \u00d6\u011eRETMEN E.\u0130. TUTUKLANDI. (\u0130HA\\\/ADANA-\u0130HA) Adana'da \u00f6zel bir okulda \u00f6\u011fretmenin tuvaletlere yerle\u015ftirdi\u011fi kamera ile di\u011fer \u00f6\u011fretmen ve \u00f6\u011frencileri g\u00f6r\u00fcnt\u00fcledi\u011fi tespit edildi. Olay\u0131n ortaya \u00e7\u0131kmas\u0131yla \u015f\u00fcpheli \u00f6\u011fretmen tutukland\u0131.\"},{\"@type\":\"BreadcrumbList\",\"@id\":\"https:\\\/\\\/memurunsesi.net\\\/index.php\\\/2025\\\/11\\\/17\\\/ozel-okulda-ogretmenin-gizli-kamera-skandali\\\/#breadcrumb\",\"itemListElement\":[{\"@type\":\"ListItem\",\"position\":1,\"name\":\"Anasayfa\",\"item\":\"https:\\\/\\\/memurunsesi.net\\\/\"},{\"@type\":\"ListItem\",\"position\":2,\"name\":\"\u00d6zel okulda \u00f6\u011fretmenin gizli kamera skandal\u0131\"}]},{\"@type\":\"WebSite\",\"@id\":\"https:\\\/\\\/memurunsesi.net\\\/#website\",\"url\":\"https:\\\/\\\/memurunsesi.net\\\/\",\"name\":\"Memurun Sesi\",\"description\":\"G\u00fcncel ve Do\u011fru Haber\",\"publisher\":{\"@id\":\"https:\\\/\\\/memurunsesi.net\\\/#organization\"},\"potentialAction\":[{\"@type\":\"SearchAction\",\"target\":{\"@type\":\"EntryPoint\",\"urlTemplate\":\"https:\\\/\\\/memurunsesi.net\\\/?s={search_term_string}\"},\"query-input\":{\"@type\":\"PropertyValueSpecification\",\"valueRequired\":true,\"valueName\":\"search_term_string\"}}],\"inLanguage\":\"tr\"},{\"@type\":\"Organization\",\"@id\":\"https:\\\/\\\/memurunsesi.net\\\/#organization\",\"name\":\"Memurun Sesi\",\"url\":\"https:\\\/\\\/memurunsesi.net\\\/\",\"logo\":{\"@type\":\"ImageObject\",\"inLanguage\":\"tr\",\"@id\":\"https:\\\/\\\/memurunsesi.net\\\/#\\\/schema\\\/logo\\\/image\\\/\",\"url\":\"https:\\\/\\\/memurunsesi.net\\\/wp-content\\\/uploads\\\/2025\\\/11\\\/cropped-MEMURUN-SESI.png\",\"contentUrl\":\"https:\\\/\\\/memurunsesi.net\\\/wp-content\\\/uploads\\\/2025\\\/11\\\/cropped-MEMURUN-SESI.png\",\"width\":238,\"height\":57,\"caption\":\"Memurun Sesi\"},\"image\":{\"@id\":\"https:\\\/\\\/memurunsesi.net\\\/#\\\/schema\\\/logo\\\/image\\\/\"},\"sameAs\":[\"https:\\\/\\\/www.facebook.com\\\/unipersen\\\/?locale=tr_TR\",\"https:\\\/\\\/x.com\\\/unipersen\"]},{\"@type\":\"Person\",\"@id\":\"https:\\\/\\\/memurunsesi.net\\\/#\\\/schema\\\/person\\\/f21c2d73b89f6ee1d80b0a1803e38587\",\"name\":\"Memurun Sesi Haber Merkezi\",\"image\":{\"@type\":\"ImageObject\",\"inLanguage\":\"tr\",\"@id\":\"https:\\\/\\\/secure.gravatar.com\\\/avatar\\\/6cf0505f452ee753f485014986fab09a434671d2b919ee76fc541025c5876a70?s=96&d=mm&r=g\",\"url\":\"https:\\\/\\\/secure.gravatar.com\\\/avatar\\\/6cf0505f452ee753f485014986fab09a434671d2b919ee76fc541025c5876a70?s=96&d=mm&r=g\",\"contentUrl\":\"https:\\\/\\\/secure.gravatar.com\\\/avatar\\\/6cf0505f452ee753f485014986fab09a434671d2b919ee76fc541025c5876a70?s=96&d=mm&r=g\",\"caption\":\"Memurun Sesi Haber Merkezi\"},\"sameAs\":[\"https:\\\/\\\/memurunsesi.net\"],\"url\":\"https:\\\/\\\/memurunsesi.net\\\/index.php\\\/author\\\/uniper\\\/\"}]}<\/script>\n<!-- \/ Yoast SEO plugin. -->","yoast_head_json":{"title":"\u00d6zel okulda \u00f6\u011fretmenin gizli kamera skandal\u0131 - Memurun Sesi","description":"\u00d6zel okulda \u00f6\u011fretmenin gizli kamera skandal\u0131","robots":{"index":"index","follow":"follow","max-snippet":"max-snippet:-1","max-image-preview":"max-image-preview:large","max-video-preview":"max-video-preview:-1"},"canonical":"https:\/\/memurunsesi.net\/index.php\/2025\/11\/17\/ozel-okulda-ogretmenin-gizli-kamera-skandali\/","og_locale":"tr_TR","og_type":"article","og_title":"\u00d6zel okulda \u00f6\u011fretmenin gizli kamera skandal\u0131 - Memurun Sesi","og_description":"\u00d6zel okulda \u00f6\u011fretmenin gizli kamera skandal\u0131","og_url":"https:\/\/memurunsesi.net\/index.php\/2025\/11\/17\/ozel-okulda-ogretmenin-gizli-kamera-skandali\/","og_site_name":"Memurun Sesi","article_publisher":"https:\/\/www.facebook.com\/unipersen\/?locale=tr_TR","article_published_time":"2025-11-17T19:41:31+00:00","og_image":[{"width":1320,"height":1851,"url":"https:\/\/memurunsesi.net\/wp-content\/uploads\/2025\/11\/GIZLI-KAMERA.jpg","type":"image\/jpeg"}],"author":"Memurun Sesi Haber Merkezi","twitter_card":"summary_large_image","twitter_creator":"@unipersen","twitter_site":"@unipersen","twitter_misc":{"Yazan:":"Memurun Sesi Haber Merkezi","Tahmini okuma s\u00fcresi":"1 dakika"},"schema":{"@context":"https:\/\/schema.org","@graph":[{"@type":"Article","@id":"https:\/\/memurunsesi.net\/index.php\/2025\/11\/17\/ozel-okulda-ogretmenin-gizli-kamera-skandali\/#article","isPartOf":{"@id":"https:\/\/memurunsesi.net\/index.php\/2025\/11\/17\/ozel-okulda-ogretmenin-gizli-kamera-skandali\/"},"author":{"name":"Memurun Sesi Haber Merkezi","@id":"https:\/\/memurunsesi.net\/#\/schema\/person\/f21c2d73b89f6ee1d80b0a1803e38587"},"headline":"\u00d6zel okulda \u00f6\u011fretmenin gizli kamera skandal\u0131","datePublished":"2025-11-17T19:41:31+00:00","mainEntityOfPage":{"@id":"https:\/\/memurunsesi.net\/index.php\/2025\/11\/17\/ozel-okulda-ogretmenin-gizli-kamera-skandali\/"},"wordCount":190,"commentCount":0,"publisher":{"@id":"https:\/\/memurunsesi.net\/#organization"},"image":{"@id":"https:\/\/memurunsesi.net\/index.php\/2025\/11\/17\/ozel-okulda-ogretmenin-gizli-kamera-skandali\/#primaryimage"},"thumbnailUrl":"https:\/\/memurunsesi.net\/wp-content\/uploads\/2025\/11\/GIZLI-KAMERA.jpg","keywords":["REZALET"],"inLanguage":"tr","potentialAction":[{"@type":"CommentAction","name":"Comment","target":["https:\/\/memurunsesi.net\/index.php\/2025\/11\/17\/ozel-okulda-ogretmenin-gizli-kamera-skandali\/#respond"]}]},{"@type":"WebPage","@id":"https:\/\/memurunsesi.net\/index.php\/2025\/11\/17\/ozel-okulda-ogretmenin-gizli-kamera-skandali\/","url":"https:\/\/memurunsesi.net\/index.php\/2025\/11\/17\/ozel-okulda-ogretmenin-gizli-kamera-skandali\/","name":"\u00d6zel okulda \u00f6\u011fretmenin gizli kamera skandal\u0131 - Memurun Sesi","isPartOf":{"@id":"https:\/\/memurunsesi.net\/#website"},"primaryImageOfPage":{"@id":"https:\/\/memurunsesi.net\/index.php\/2025\/11\/17\/ozel-okulda-ogretmenin-gizli-kamera-skandali\/#primaryimage"},"image":{"@id":"https:\/\/memurunsesi.net\/index.php\/2025\/11\/17\/ozel-okulda-ogretmenin-gizli-kamera-skandali\/#primaryimage"},"thumbnailUrl":"https:\/\/memurunsesi.net\/wp-content\/uploads\/2025\/11\/GIZLI-KAMERA.jpg","datePublished":"2025-11-17T19:41:31+00:00","description":"\u00d6zel okulda \u00f6\u011fretmenin gizli kamera skandal\u0131","breadcrumb":{"@id":"https:\/\/memurunsesi.net\/index.php\/2025\/11\/17\/ozel-okulda-ogretmenin-gizli-kamera-skandali\/#breadcrumb"},"inLanguage":"tr","potentialAction":[{"@type":"ReadAction","target":["https:\/\/memurunsesi.net\/index.php\/2025\/11\/17\/ozel-okulda-ogretmenin-gizli-kamera-skandali\/"]}]},{"@type":"ImageObject","inLanguage":"tr","@id":"https:\/\/memurunsesi.net\/index.php\/2025\/11\/17\/ozel-okulda-ogretmenin-gizli-kamera-skandali\/#primaryimage","url":"https:\/\/memurunsesi.net\/wp-content\/uploads\/2025\/11\/GIZLI-KAMERA.jpg","contentUrl":"https:\/\/memurunsesi.net\/wp-content\/uploads\/2025\/11\/GIZLI-KAMERA.jpg","width":1320,"height":1851,"caption":"ADANA'DA B\u0130R \u00d6ZEL OKULDA \u00d6\u011eRETMEN\u0130N TUVALETLERE YERLE\u015eT\u0130RD\u0130\u011e\u0130 KAMERA \u0130LE D\u0130\u011eER \u00d6\u011eRETMEN VE \u00d6\u011eRENC\u0130LER\u0130 G\u00d6R\u00dcNT\u00dcLED\u0130\u011e\u0130 TESP\u0130T ED\u0130LD\u0130. OLAYIN ORTAYA \u00c7IKMASIYLA \u015e\u00dcPHEL\u0130 \u00d6\u011eRETMEN E.\u0130. TUTUKLANDI. (\u0130HA\/ADANA-\u0130HA) Adana'da \u00f6zel bir okulda \u00f6\u011fretmenin tuvaletlere yerle\u015ftirdi\u011fi kamera ile di\u011fer \u00f6\u011fretmen ve \u00f6\u011frencileri g\u00f6r\u00fcnt\u00fcledi\u011fi tespit edildi. Olay\u0131n ortaya \u00e7\u0131kmas\u0131yla \u015f\u00fcpheli \u00f6\u011fretmen tutukland\u0131."},{"@type":"BreadcrumbList","@id":"https:\/\/memurunsesi.net\/index.php\/2025\/11\/17\/ozel-okulda-ogretmenin-gizli-kamera-skandali\/#breadcrumb","itemListElement":[{"@type":"ListItem","position":1,"name":"Anasayfa","item":"https:\/\/memurunsesi.net\/"},{"@type":"ListItem","position":2,"name":"\u00d6zel okulda \u00f6\u011fretmenin gizli kamera skandal\u0131"}]},{"@type":"WebSite","@id":"https:\/\/memurunsesi.net\/#website","url":"https:\/\/memurunsesi.net\/","name":"Memurun Sesi","description":"G\u00fcncel ve Do\u011fru Haber","publisher":{"@id":"https:\/\/memurunsesi.net\/#organization"},"potentialAction":[{"@type":"SearchAction","target":{"@type":"EntryPoint","urlTemplate":"https:\/\/memurunsesi.net\/?s={search_term_string}"},"query-input":{"@type":"PropertyValueSpecification","valueRequired":true,"valueName":"search_term_string"}}],"inLanguage":"tr"},{"@type":"Organization","@id":"https:\/\/memurunsesi.net\/#organization","name":"Memurun Sesi","url":"https:\/\/memurunsesi.net\/","logo":{"@type":"ImageObject","inLanguage":"tr","@id":"https:\/\/memurunsesi.net\/#\/schema\/logo\/image\/","url":"https:\/\/memurunsesi.net\/wp-content\/uploads\/2025\/11\/cropped-MEMURUN-SESI.png","contentUrl":"https:\/\/memurunsesi.net\/wp-content\/uploads\/2025\/11\/cropped-MEMURUN-SESI.png","width":238,"height":57,"caption":"Memurun Sesi"},"image":{"@id":"https:\/\/memurunsesi.net\/#\/schema\/logo\/image\/"},"sameAs":["https:\/\/www.facebook.com\/unipersen\/?locale=tr_TR","https:\/\/x.com\/unipersen"]},{"@type":"Person","@id":"https:\/\/memurunsesi.net\/#\/schema\/person\/f21c2d73b89f6ee1d80b0a1803e38587","name":"Memurun Sesi Haber Merkezi","image":{"@type":"ImageObject","inLanguage":"tr","@id":"https:\/\/secure.gravatar.com\/avatar\/6cf0505f452ee753f485014986fab09a434671d2b919ee76fc541025c5876a70?s=96&d=mm&r=g","url":"https:\/\/secure.gravatar.com\/avatar\/6cf0505f452ee753f485014986fab09a434671d2b919ee76fc541025c5876a70?s=96&d=mm&r=g","contentUrl":"https:\/\/secure.gravatar.com\/avatar\/6cf0505f452ee753f485014986fab09a434671d2b919ee76fc541025c5876a70?s=96&d=mm&r=g","caption":"Memurun Sesi Haber Merkezi"},"sameAs":["https:\/\/memurunsesi.net"],"url":"https:\/\/memurunsesi.net\/index.php\/author\/uniper\/"}]}},"_links":{"self":[{"href":"https:\/\/memurunsesi.net\/index.php\/wp-json\/wp\/v2\/posts\/14198","targetHints":{"allow":["GET"]}}],"collection":[{"href":"https:\/\/memurunsesi.net\/index.php\/wp-json\/wp\/v2\/posts"}],"about":[{"href":"https:\/\/memurunsesi.net\/index.php\/wp-json\/wp\/v2\/types\/post"}],"author":[{"embeddable":true,"href":"https:\/\/memurunsesi.net\/index.php\/wp-json\/wp\/v2\/users\/1"}],"replies":[{"embeddable":true,"href":"https:\/\/memurunsesi.net\/index.php\/wp-json\/wp\/v2\/comments?post=14198"}],"version-history":[{"count":1,"href":"https:\/\/memurunsesi.net\/index.php\/wp-json\/wp\/v2\/posts\/14198\/revisions"}],"predecessor-version":[{"id":14200,"href":"https:\/\/memurunsesi.net\/index.php\/wp-json\/wp\/v2\/posts\/14198\/revisions\/14200"}],"wp:featuredmedia":[{"embeddable":true,"href":"https:\/\/memurunsesi.net\/index.php\/wp-json\/wp\/v2\/media\/14199"}],"wp:attachment":[{"href":"https:\/\/memurunsesi.net\/index.php\/wp-json\/wp\/v2\/media?parent=14198"}],"wp:term":[{"taxonomy":"category","embeddable":true,"href":"https:\/\/memurunsesi.net\/index.php\/wp-json\/wp\/v2\/categories?post=14198"},{"taxonomy":"post_tag","embeddable":true,"href":"https:\/\/memurunsesi.net\/index.php\/wp-json\/wp\/v2\/tags?post=14198"}],"curies":[{"name":"wp","href":"https:\/\/api.w.org\/{rel}","templated":true}]}}