{"id":14202,"date":"2025-11-18T10:00:01","date_gmt":"2025-11-18T07:00:01","guid":{"rendered":"https:\/\/memurunsesi.net\/?p=14202"},"modified":"2025-11-18T10:00:01","modified_gmt":"2025-11-18T07:00:01","slug":"kazada-olen-miracin-babasi-hayalleri-vardi-makine-ressami-olmak-istiyordu","status":"publish","type":"post","link":"https:\/\/memurunsesi.net\/index.php\/2025\/11\/18\/kazada-olen-miracin-babasi-hayalleri-vardi-makine-ressami-olmak-istiyordu\/","title":{"rendered":"Kazada \u00f6len Mira\u00e7&#8217;\u0131n babas\u0131: &#8220;Hayalleri vard\u0131, makine ressam\u0131 olmak istiyordu&#8221;"},"content":{"rendered":"<p>  &#8211; Otomobilin \u00e7arpmas\u0131 sonucu hayat\u0131n\u0131 kaybeden 12 ya\u015f\u0131ndaki Mira\u00e7 \u00c7am&#8217;\u0131n babas\u0131, ka\u00e7\u0131p ard\u0131ndan polise teslim olan daha \u00f6nce alkolden ehliyetine el konulan s\u00fcr\u00fcc\u00fcn\u00fcn en a\u011f\u0131r cezay\u0131 almas\u0131n\u0131 istedi <\/p>\n<p>  Adana&#8217;da l\u00fcks otomobilin \u00e7arpmas\u0131 sonucu hayat\u0131n\u0131 kaybeden 12 ya\u015f\u0131ndaki Mira\u00e7 \u00c7am&#8217;\u0131n babas\u0131, &#8220;Hayalleri vard\u0131, makine ressam\u0131 olmak istiyordu. Bir \u00e7ocu\u011fun hayat\u0131n\u0131 elinden almak bu kadar kolay olmamal\u0131. S\u00fcr\u00fcc\u00fcn\u00fcn alabilece\u011fi en a\u011f\u0131r cezay\u0131 almas\u0131n\u0131 istiyorum&#8221; dedi.<br \/>\n  Kaza, d\u00fcn saat 09.00 s\u0131ralar\u0131nda merkez Seyhan il\u00e7esi G\u00fcrselpa\u015fa Mahallesi Ali Bozdo\u011fan Bulvar\u0131&#8217;nda meydana geldi. \u0130ddiaya g\u00f6re, E.K. (26) idaresindeki 34 KYM 021 plakal\u0131 Mercedes marka otomobil, yaya ge\u00e7inden bisikletiyle yolun kar\u015f\u0131 taraf\u0131na ge\u00e7mek isteyen 12 ya\u015f\u0131ndaki Mira\u00e7 \u00c7am&#8217;a \u00e7arpt\u0131. Kazay\u0131 g\u00f6ren vatanda\u015flar durumu sa\u011fl\u0131k ve polis ekiplerine bildirdi. S\u00fcr\u00fcc\u00fc kazadan sonra olay yerinden yaya olarak ka\u00e7t\u0131. B\u00f6lgeye gelen sa\u011fl\u0131k ekipleri \u00e7ocu\u011fun hayat\u0131n\u0131 kaybetti\u011fini belirledi. Yap\u0131lan incelemelerin ard\u0131ndan \u00e7ocu\u011fun cesedi otopsisi yap\u0131lmak \u00fczere Adana Adli T\u0131p Kurumu morguna kald\u0131r\u0131ld\u0131. Ka\u00e7an s\u00fcr\u00fcc\u00fc E.K. ise daha sonra polise teslim oldu. S\u00fcr\u00fcc\u00fcn\u00fcn emniyetteki i\u015flemleri s\u00fcrerken ac\u0131l\u0131 baba \u00dcmit \u00c7am a\u00e7\u0131klamada bulundu. <\/p>\n<p>  &#8220;S\u00fcr\u00fcc\u00fcn\u00fcn ikinci defa ehliyetine alkolden el konulmu\u015f&#8221;<br \/>\n  Baba \u00c7am, &#8220;\u00c7ocu\u011fum sabah 8 gibi okula giderken yaya ge\u00e7idini kullan\u0131p yolun kar\u015f\u0131s\u0131na ge\u00e7erken k\u0131rm\u0131z\u0131 \u0131\u015f\u0131kta ge\u00e7en bir ara\u00e7 taraf\u0131ndan \u00e7arp\u0131lm\u0131\u015f. \u00c7arpma an\u0131 ile d\u00fc\u015fme mesafesi 50 metre civar\u0131nda. Ayr\u0131ca s\u00fcr\u00fcc\u00fcn\u00fcn ikinci defa ehliyetine alkolden el konulmu\u015f. \u015euan ehliyetsiz olarak ara\u00e7 kullanan bir insan. Zaten arac\u0131 orada b\u0131rak\u0131p ka\u00e7m\u0131\u015ft\u0131, daha sonra teslim olmu\u015f. Adalete g\u00fcveniyoruz. Adaleti biz vermek zorunda kalmayal\u0131m in\u015fallah&#8221; dedi. <\/p>\n<p>  &#8220;Makine ressaml\u0131\u011f\u0131 istiyordu&#8221;<br \/>\n  O\u011flunun hayallerinin oldu\u011funu dile getiren \u00dcmit \u00c7am, &#8220;Her g\u00fcn konu\u015furdu. Makine ressaml\u0131\u011f\u0131 istiyordu. \u00c7ok g\u00fczel m\u00fchendislik dal\u0131nda oynar hareketli par\u00e7alar yapard\u0131. Gelecek senenin nisan ay\u0131nda 13 ya\u015f\u0131nda olacakt\u0131. \u00c7ok iyi \u00e7ok duygusald\u0131. Her \u00e7ocuk gibi yaramazl\u0131klar\u0131 vard\u0131 ama \u00e7ok duygusald\u0131. Herhangi bir k\u0131zmada ba\u011f\u0131rmada hemen duygulan\u0131p a\u011flayabilen bir \u00e7ocuktu. Allah&#8217;\u0131n takdiri, diyecek ba\u015fka laf\u0131m\u0131z yok&#8221; ifadelerini kulland\u0131. <\/p>\n<p>  &#8220;Alabilece\u011fi en a\u011f\u0131r cezay\u0131 almas\u0131n\u0131 istiyorum&#8221;<br \/>\n  Konu\u015fmas\u0131n\u0131 s\u00fcrd\u00fcren baba \u00c7am, &#8220;Ben i\u015f yerinde kazay\u0131 \u00f6\u011frendim. Bana kaza yapt\u0131 yaral\u0131 dediler. \u0130\u00e7ime o an do\u011fdu. \u0130\u015f yerim yak\u0131nd\u0131 geldim, cenaze arac\u0131n\u0131 g\u00f6rd\u00fcm, sordum ama kimse s\u00f6yleyemedi. Bu \u015fekilde ara\u00e7 kullanarak 12 ya\u015f\u0131ndaki \u00e7ocu\u011fun hayat\u0131na son vermek bu kadar basit olmamal\u0131. Taksirle \u00f6lme sebep vermekten dosya a\u00e7\u0131lmas\u0131n\u0131 istiyorlar. Biz buna kar\u015f\u0131 \u00e7\u0131kt\u0131k. Alabilece\u011fi en a\u011f\u0131r cezay\u0131 almas\u0131n\u0131 istiyorum. Bu bizim i\u00e7imizi so\u011futmayacak giden de geri gelmeyecek. En az\u0131ndan adalet yerini bulsun&#8221; diye konu\u015ftu. <\/p>\n<p>18.11.2025                               <\/p>\n","protected":false},"excerpt":{"rendered":"<p>&#8211; Otomobilin \u00e7arpmas\u0131 sonucu hayat\u0131n\u0131 kaybeden 12 ya\u015f\u0131ndaki Mira\u00e7 \u00c7am&#8217;\u0131n babas\u0131, ka\u00e7\u0131p ard\u0131ndan polise teslim olan daha \u00f6nce alkolden ehliyetine el konulan s\u00fcr\u00fcc\u00fcn\u00fcn en a\u011f\u0131r cezay\u0131 almas\u0131n\u0131 istedi Adana&#8217;da l\u00fcks otomobilin \u00e7arpmas\u0131 sonucu hayat\u0131n\u0131 kaybeden 12 ya\u015f\u0131ndaki Mira\u00e7 \u00c7am&#8217;\u0131n babas\u0131, &#8220;Hayalleri vard\u0131, makine ressam\u0131 olmak istiyordu. Bir \u00e7ocu\u011fun hayat\u0131n\u0131 elinden almak bu kadar kolay olmamal\u0131. [&hellip;]<\/p>\n","protected":false},"author":1,"featured_media":14203,"comment_status":"open","ping_status":"open","sticky":false,"template":"","format":"standard","meta":{"footnotes":""},"categories":[50],"tags":[70],"class_list":["post-14202","post","type-post","status-publish","format-standard","has-post-thumbnail","hentry","category-tum-haberler","tag-kaza"],"yoast_head":"<!-- This site is optimized with the Yoast SEO plugin v27.4 - https:\/\/yoast.com\/product\/yoast-seo-wordpress\/ -->\n<title>Kazada \u00f6len Mira\u00e7&#039;\u0131n babas\u0131: &quot;Hayalleri vard\u0131, makine ressam\u0131 olmak istiyordu&quot; - Memurun Sesi<\/title>\n<meta name=\"description\" content=\"Hayalleri vard\u0131, makine ressam\u0131 olmak istiyordu\" \/>\n<meta name=\"robots\" content=\"index, follow, max-snippet:-1, max-image-preview:large, max-video-preview:-1\" \/>\n<link rel=\"canonical\" href=\"https:\/\/memurunsesi.net\/index.php\/2025\/11\/18\/kazada-olen-miracin-babasi-hayalleri-vardi-makine-ressami-olmak-istiyordu\/\" \/>\n<meta property=\"og:locale\" content=\"tr_TR\" \/>\n<meta property=\"og:type\" content=\"article\" \/>\n<meta property=\"og:title\" content=\"Kazada \u00f6len Mira\u00e7&#039;\u0131n babas\u0131: &quot;Hayalleri vard\u0131, makine ressam\u0131 olmak istiyordu&quot; - Memurun Sesi\" \/>\n<meta property=\"og:description\" content=\"Hayalleri vard\u0131, makine ressam\u0131 olmak istiyordu\" \/>\n<meta property=\"og:url\" content=\"https:\/\/memurunsesi.net\/index.php\/2025\/11\/18\/kazada-olen-miracin-babasi-hayalleri-vardi-makine-ressami-olmak-istiyordu\/\" \/>\n<meta property=\"og:site_name\" content=\"Memurun Sesi\" \/>\n<meta property=\"article:publisher\" content=\"https:\/\/www.facebook.com\/unipersen\/?locale=tr_TR\" \/>\n<meta property=\"article:published_time\" content=\"2025-11-18T07:00:01+00:00\" \/>\n<meta property=\"og:image\" content=\"https:\/\/memurunsesi.net\/wp-content\/uploads\/2025\/11\/KAZA-10.jpg\" \/>\n\t<meta property=\"og:image:width\" content=\"798\" \/>\n\t<meta property=\"og:image:height\" content=\"615\" \/>\n\t<meta property=\"og:image:type\" content=\"image\/jpeg\" \/>\n<meta name=\"author\" content=\"Memurun Sesi Haber Merkezi\" \/>\n<meta name=\"twitter:card\" content=\"summary_large_image\" \/>\n<meta name=\"twitter:creator\" content=\"@unipersen\" \/>\n<meta name=\"twitter:site\" content=\"@unipersen\" \/>\n<meta name=\"twitter:label1\" content=\"Yazan:\" \/>\n\t<meta name=\"twitter:data1\" content=\"Memurun Sesi Haber Merkezi\" \/>\n\t<meta name=\"twitter:label2\" content=\"Tahmini okuma s\u00fcresi\" \/>\n\t<meta name=\"twitter:data2\" content=\"1 dakika\" \/>\n<script type=\"application\/ld+json\" class=\"yoast-schema-graph\">{\"@context\":\"https:\\\/\\\/schema.org\",\"@graph\":[{\"@type\":\"Article\",\"@id\":\"https:\\\/\\\/memurunsesi.net\\\/index.php\\\/2025\\\/11\\\/18\\\/kazada-olen-miracin-babasi-hayalleri-vardi-makine-ressami-olmak-istiyordu\\\/#article\",\"isPartOf\":{\"@id\":\"https:\\\/\\\/memurunsesi.net\\\/index.php\\\/2025\\\/11\\\/18\\\/kazada-olen-miracin-babasi-hayalleri-vardi-makine-ressami-olmak-istiyordu\\\/\"},\"author\":{\"name\":\"Memurun Sesi Haber Merkezi\",\"@id\":\"https:\\\/\\\/memurunsesi.net\\\/#\\\/schema\\\/person\\\/f21c2d73b89f6ee1d80b0a1803e38587\"},\"headline\":\"Kazada \u00f6len Mira\u00e7&#8217;\u0131n babas\u0131: &#8220;Hayalleri vard\u0131, makine ressam\u0131 olmak istiyordu&#8221;\",\"datePublished\":\"2025-11-18T07:00:01+00:00\",\"mainEntityOfPage\":{\"@id\":\"https:\\\/\\\/memurunsesi.net\\\/index.php\\\/2025\\\/11\\\/18\\\/kazada-olen-miracin-babasi-hayalleri-vardi-makine-ressami-olmak-istiyordu\\\/\"},\"wordCount\":516,\"commentCount\":0,\"publisher\":{\"@id\":\"https:\\\/\\\/memurunsesi.net\\\/#organization\"},\"image\":{\"@id\":\"https:\\\/\\\/memurunsesi.net\\\/index.php\\\/2025\\\/11\\\/18\\\/kazada-olen-miracin-babasi-hayalleri-vardi-makine-ressami-olmak-istiyordu\\\/#primaryimage\"},\"thumbnailUrl\":\"https:\\\/\\\/memurunsesi.net\\\/wp-content\\\/uploads\\\/2025\\\/11\\\/KAZA-10.jpg\",\"keywords\":[\"kaza\"],\"articleSection\":[\"T\u00fcm Haberler\"],\"inLanguage\":\"tr\",\"potentialAction\":[{\"@type\":\"CommentAction\",\"name\":\"Comment\",\"target\":[\"https:\\\/\\\/memurunsesi.net\\\/index.php\\\/2025\\\/11\\\/18\\\/kazada-olen-miracin-babasi-hayalleri-vardi-makine-ressami-olmak-istiyordu\\\/#respond\"]}]},{\"@type\":\"WebPage\",\"@id\":\"https:\\\/\\\/memurunsesi.net\\\/index.php\\\/2025\\\/11\\\/18\\\/kazada-olen-miracin-babasi-hayalleri-vardi-makine-ressami-olmak-istiyordu\\\/\",\"url\":\"https:\\\/\\\/memurunsesi.net\\\/index.php\\\/2025\\\/11\\\/18\\\/kazada-olen-miracin-babasi-hayalleri-vardi-makine-ressami-olmak-istiyordu\\\/\",\"name\":\"Kazada \u00f6len Mira\u00e7'\u0131n babas\u0131: \\\"Hayalleri vard\u0131, makine ressam\u0131 olmak istiyordu\\\" - Memurun Sesi\",\"isPartOf\":{\"@id\":\"https:\\\/\\\/memurunsesi.net\\\/#website\"},\"primaryImageOfPage\":{\"@id\":\"https:\\\/\\\/memurunsesi.net\\\/index.php\\\/2025\\\/11\\\/18\\\/kazada-olen-miracin-babasi-hayalleri-vardi-makine-ressami-olmak-istiyordu\\\/#primaryimage\"},\"image\":{\"@id\":\"https:\\\/\\\/memurunsesi.net\\\/index.php\\\/2025\\\/11\\\/18\\\/kazada-olen-miracin-babasi-hayalleri-vardi-makine-ressami-olmak-istiyordu\\\/#primaryimage\"},\"thumbnailUrl\":\"https:\\\/\\\/memurunsesi.net\\\/wp-content\\\/uploads\\\/2025\\\/11\\\/KAZA-10.jpg\",\"datePublished\":\"2025-11-18T07:00:01+00:00\",\"description\":\"Hayalleri vard\u0131, makine ressam\u0131 olmak istiyordu\",\"breadcrumb\":{\"@id\":\"https:\\\/\\\/memurunsesi.net\\\/index.php\\\/2025\\\/11\\\/18\\\/kazada-olen-miracin-babasi-hayalleri-vardi-makine-ressami-olmak-istiyordu\\\/#breadcrumb\"},\"inLanguage\":\"tr\",\"potentialAction\":[{\"@type\":\"ReadAction\",\"target\":[\"https:\\\/\\\/memurunsesi.net\\\/index.php\\\/2025\\\/11\\\/18\\\/kazada-olen-miracin-babasi-hayalleri-vardi-makine-ressami-olmak-istiyordu\\\/\"]}]},{\"@type\":\"ImageObject\",\"inLanguage\":\"tr\",\"@id\":\"https:\\\/\\\/memurunsesi.net\\\/index.php\\\/2025\\\/11\\\/18\\\/kazada-olen-miracin-babasi-hayalleri-vardi-makine-ressami-olmak-istiyordu\\\/#primaryimage\",\"url\":\"https:\\\/\\\/memurunsesi.net\\\/wp-content\\\/uploads\\\/2025\\\/11\\\/KAZA-10.jpg\",\"contentUrl\":\"https:\\\/\\\/memurunsesi.net\\\/wp-content\\\/uploads\\\/2025\\\/11\\\/KAZA-10.jpg\",\"width\":798,\"height\":615,\"caption\":\"M\u0130RA\u00c7 \u00c7AM (\u0130HA\\\/ADANA-\u0130HA) Adana'da l\u00fcks otomobilin \u00e7arpmas\u0131 sonucu hayat\u0131n\u0131 kaybeden 12 ya\u015f\u0131ndaki Mira\u00e7 \u00c7am'\u0131n babas\u0131, \\\"Hayalleri vard\u0131, makine ressam\u0131 olmak istiyordu. Bir \u00e7ocu\u011fun hayat\u0131n\u0131 elinden almak bu kadar kolay olmamal\u0131. S\u00fcr\u00fcc\u00fcn\u00fcn alabilece\u011fi en a\u011f\u0131r cezay\u0131 almas\u0131n\u0131 istiyorum\\\" dedi.\"},{\"@type\":\"BreadcrumbList\",\"@id\":\"https:\\\/\\\/memurunsesi.net\\\/index.php\\\/2025\\\/11\\\/18\\\/kazada-olen-miracin-babasi-hayalleri-vardi-makine-ressami-olmak-istiyordu\\\/#breadcrumb\",\"itemListElement\":[{\"@type\":\"ListItem\",\"position\":1,\"name\":\"Anasayfa\",\"item\":\"https:\\\/\\\/memurunsesi.net\\\/\"},{\"@type\":\"ListItem\",\"position\":2,\"name\":\"Kazada \u00f6len Mira\u00e7&#8217;\u0131n babas\u0131: &#8220;Hayalleri vard\u0131, makine ressam\u0131 olmak istiyordu&#8221;\"}]},{\"@type\":\"WebSite\",\"@id\":\"https:\\\/\\\/memurunsesi.net\\\/#website\",\"url\":\"https:\\\/\\\/memurunsesi.net\\\/\",\"name\":\"Memurun Sesi\",\"description\":\"G\u00fcncel ve Do\u011fru Haber\",\"publisher\":{\"@id\":\"https:\\\/\\\/memurunsesi.net\\\/#organization\"},\"potentialAction\":[{\"@type\":\"SearchAction\",\"target\":{\"@type\":\"EntryPoint\",\"urlTemplate\":\"https:\\\/\\\/memurunsesi.net\\\/?s={search_term_string}\"},\"query-input\":{\"@type\":\"PropertyValueSpecification\",\"valueRequired\":true,\"valueName\":\"search_term_string\"}}],\"inLanguage\":\"tr\"},{\"@type\":\"Organization\",\"@id\":\"https:\\\/\\\/memurunsesi.net\\\/#organization\",\"name\":\"Memurun Sesi\",\"url\":\"https:\\\/\\\/memurunsesi.net\\\/\",\"logo\":{\"@type\":\"ImageObject\",\"inLanguage\":\"tr\",\"@id\":\"https:\\\/\\\/memurunsesi.net\\\/#\\\/schema\\\/logo\\\/image\\\/\",\"url\":\"https:\\\/\\\/memurunsesi.net\\\/wp-content\\\/uploads\\\/2025\\\/11\\\/cropped-MEMURUN-SESI.png\",\"contentUrl\":\"https:\\\/\\\/memurunsesi.net\\\/wp-content\\\/uploads\\\/2025\\\/11\\\/cropped-MEMURUN-SESI.png\",\"width\":238,\"height\":57,\"caption\":\"Memurun Sesi\"},\"image\":{\"@id\":\"https:\\\/\\\/memurunsesi.net\\\/#\\\/schema\\\/logo\\\/image\\\/\"},\"sameAs\":[\"https:\\\/\\\/www.facebook.com\\\/unipersen\\\/?locale=tr_TR\",\"https:\\\/\\\/x.com\\\/unipersen\"]},{\"@type\":\"Person\",\"@id\":\"https:\\\/\\\/memurunsesi.net\\\/#\\\/schema\\\/person\\\/f21c2d73b89f6ee1d80b0a1803e38587\",\"name\":\"Memurun Sesi Haber Merkezi\",\"image\":{\"@type\":\"ImageObject\",\"inLanguage\":\"tr\",\"@id\":\"https:\\\/\\\/secure.gravatar.com\\\/avatar\\\/6cf0505f452ee753f485014986fab09a434671d2b919ee76fc541025c5876a70?s=96&d=mm&r=g\",\"url\":\"https:\\\/\\\/secure.gravatar.com\\\/avatar\\\/6cf0505f452ee753f485014986fab09a434671d2b919ee76fc541025c5876a70?s=96&d=mm&r=g\",\"contentUrl\":\"https:\\\/\\\/secure.gravatar.com\\\/avatar\\\/6cf0505f452ee753f485014986fab09a434671d2b919ee76fc541025c5876a70?s=96&d=mm&r=g\",\"caption\":\"Memurun Sesi Haber Merkezi\"},\"sameAs\":[\"https:\\\/\\\/memurunsesi.net\"],\"url\":\"https:\\\/\\\/memurunsesi.net\\\/index.php\\\/author\\\/uniper\\\/\"}]}<\/script>\n<!-- \/ Yoast SEO plugin. -->","yoast_head_json":{"title":"Kazada \u00f6len Mira\u00e7'\u0131n babas\u0131: \"Hayalleri vard\u0131, makine ressam\u0131 olmak istiyordu\" - Memurun Sesi","description":"Hayalleri vard\u0131, makine ressam\u0131 olmak istiyordu","robots":{"index":"index","follow":"follow","max-snippet":"max-snippet:-1","max-image-preview":"max-image-preview:large","max-video-preview":"max-video-preview:-1"},"canonical":"https:\/\/memurunsesi.net\/index.php\/2025\/11\/18\/kazada-olen-miracin-babasi-hayalleri-vardi-makine-ressami-olmak-istiyordu\/","og_locale":"tr_TR","og_type":"article","og_title":"Kazada \u00f6len Mira\u00e7'\u0131n babas\u0131: \"Hayalleri vard\u0131, makine ressam\u0131 olmak istiyordu\" - Memurun Sesi","og_description":"Hayalleri vard\u0131, makine ressam\u0131 olmak istiyordu","og_url":"https:\/\/memurunsesi.net\/index.php\/2025\/11\/18\/kazada-olen-miracin-babasi-hayalleri-vardi-makine-ressami-olmak-istiyordu\/","og_site_name":"Memurun Sesi","article_publisher":"https:\/\/www.facebook.com\/unipersen\/?locale=tr_TR","article_published_time":"2025-11-18T07:00:01+00:00","og_image":[{"width":798,"height":615,"url":"https:\/\/memurunsesi.net\/wp-content\/uploads\/2025\/11\/KAZA-10.jpg","type":"image\/jpeg"}],"author":"Memurun Sesi Haber Merkezi","twitter_card":"summary_large_image","twitter_creator":"@unipersen","twitter_site":"@unipersen","twitter_misc":{"Yazan:":"Memurun Sesi Haber Merkezi","Tahmini okuma s\u00fcresi":"1 dakika"},"schema":{"@context":"https:\/\/schema.org","@graph":[{"@type":"Article","@id":"https:\/\/memurunsesi.net\/index.php\/2025\/11\/18\/kazada-olen-miracin-babasi-hayalleri-vardi-makine-ressami-olmak-istiyordu\/#article","isPartOf":{"@id":"https:\/\/memurunsesi.net\/index.php\/2025\/11\/18\/kazada-olen-miracin-babasi-hayalleri-vardi-makine-ressami-olmak-istiyordu\/"},"author":{"name":"Memurun Sesi Haber Merkezi","@id":"https:\/\/memurunsesi.net\/#\/schema\/person\/f21c2d73b89f6ee1d80b0a1803e38587"},"headline":"Kazada \u00f6len Mira\u00e7&#8217;\u0131n babas\u0131: &#8220;Hayalleri vard\u0131, makine ressam\u0131 olmak istiyordu&#8221;","datePublished":"2025-11-18T07:00:01+00:00","mainEntityOfPage":{"@id":"https:\/\/memurunsesi.net\/index.php\/2025\/11\/18\/kazada-olen-miracin-babasi-hayalleri-vardi-makine-ressami-olmak-istiyordu\/"},"wordCount":516,"commentCount":0,"publisher":{"@id":"https:\/\/memurunsesi.net\/#organization"},"image":{"@id":"https:\/\/memurunsesi.net\/index.php\/2025\/11\/18\/kazada-olen-miracin-babasi-hayalleri-vardi-makine-ressami-olmak-istiyordu\/#primaryimage"},"thumbnailUrl":"https:\/\/memurunsesi.net\/wp-content\/uploads\/2025\/11\/KAZA-10.jpg","keywords":["kaza"],"articleSection":["T\u00fcm Haberler"],"inLanguage":"tr","potentialAction":[{"@type":"CommentAction","name":"Comment","target":["https:\/\/memurunsesi.net\/index.php\/2025\/11\/18\/kazada-olen-miracin-babasi-hayalleri-vardi-makine-ressami-olmak-istiyordu\/#respond"]}]},{"@type":"WebPage","@id":"https:\/\/memurunsesi.net\/index.php\/2025\/11\/18\/kazada-olen-miracin-babasi-hayalleri-vardi-makine-ressami-olmak-istiyordu\/","url":"https:\/\/memurunsesi.net\/index.php\/2025\/11\/18\/kazada-olen-miracin-babasi-hayalleri-vardi-makine-ressami-olmak-istiyordu\/","name":"Kazada \u00f6len Mira\u00e7'\u0131n babas\u0131: \"Hayalleri vard\u0131, makine ressam\u0131 olmak istiyordu\" - Memurun Sesi","isPartOf":{"@id":"https:\/\/memurunsesi.net\/#website"},"primaryImageOfPage":{"@id":"https:\/\/memurunsesi.net\/index.php\/2025\/11\/18\/kazada-olen-miracin-babasi-hayalleri-vardi-makine-ressami-olmak-istiyordu\/#primaryimage"},"image":{"@id":"https:\/\/memurunsesi.net\/index.php\/2025\/11\/18\/kazada-olen-miracin-babasi-hayalleri-vardi-makine-ressami-olmak-istiyordu\/#primaryimage"},"thumbnailUrl":"https:\/\/memurunsesi.net\/wp-content\/uploads\/2025\/11\/KAZA-10.jpg","datePublished":"2025-11-18T07:00:01+00:00","description":"Hayalleri vard\u0131, makine ressam\u0131 olmak istiyordu","breadcrumb":{"@id":"https:\/\/memurunsesi.net\/index.php\/2025\/11\/18\/kazada-olen-miracin-babasi-hayalleri-vardi-makine-ressami-olmak-istiyordu\/#breadcrumb"},"inLanguage":"tr","potentialAction":[{"@type":"ReadAction","target":["https:\/\/memurunsesi.net\/index.php\/2025\/11\/18\/kazada-olen-miracin-babasi-hayalleri-vardi-makine-ressami-olmak-istiyordu\/"]}]},{"@type":"ImageObject","inLanguage":"tr","@id":"https:\/\/memurunsesi.net\/index.php\/2025\/11\/18\/kazada-olen-miracin-babasi-hayalleri-vardi-makine-ressami-olmak-istiyordu\/#primaryimage","url":"https:\/\/memurunsesi.net\/wp-content\/uploads\/2025\/11\/KAZA-10.jpg","contentUrl":"https:\/\/memurunsesi.net\/wp-content\/uploads\/2025\/11\/KAZA-10.jpg","width":798,"height":615,"caption":"M\u0130RA\u00c7 \u00c7AM (\u0130HA\/ADANA-\u0130HA) Adana'da l\u00fcks otomobilin \u00e7arpmas\u0131 sonucu hayat\u0131n\u0131 kaybeden 12 ya\u015f\u0131ndaki Mira\u00e7 \u00c7am'\u0131n babas\u0131, \"Hayalleri vard\u0131, makine ressam\u0131 olmak istiyordu. Bir \u00e7ocu\u011fun hayat\u0131n\u0131 elinden almak bu kadar kolay olmamal\u0131. S\u00fcr\u00fcc\u00fcn\u00fcn alabilece\u011fi en a\u011f\u0131r cezay\u0131 almas\u0131n\u0131 istiyorum\" dedi."},{"@type":"BreadcrumbList","@id":"https:\/\/memurunsesi.net\/index.php\/2025\/11\/18\/kazada-olen-miracin-babasi-hayalleri-vardi-makine-ressami-olmak-istiyordu\/#breadcrumb","itemListElement":[{"@type":"ListItem","position":1,"name":"Anasayfa","item":"https:\/\/memurunsesi.net\/"},{"@type":"ListItem","position":2,"name":"Kazada \u00f6len Mira\u00e7&#8217;\u0131n babas\u0131: &#8220;Hayalleri vard\u0131, makine ressam\u0131 olmak istiyordu&#8221;"}]},{"@type":"WebSite","@id":"https:\/\/memurunsesi.net\/#website","url":"https:\/\/memurunsesi.net\/","name":"Memurun Sesi","description":"G\u00fcncel ve Do\u011fru Haber","publisher":{"@id":"https:\/\/memurunsesi.net\/#organization"},"potentialAction":[{"@type":"SearchAction","target":{"@type":"EntryPoint","urlTemplate":"https:\/\/memurunsesi.net\/?s={search_term_string}"},"query-input":{"@type":"PropertyValueSpecification","valueRequired":true,"valueName":"search_term_string"}}],"inLanguage":"tr"},{"@type":"Organization","@id":"https:\/\/memurunsesi.net\/#organization","name":"Memurun Sesi","url":"https:\/\/memurunsesi.net\/","logo":{"@type":"ImageObject","inLanguage":"tr","@id":"https:\/\/memurunsesi.net\/#\/schema\/logo\/image\/","url":"https:\/\/memurunsesi.net\/wp-content\/uploads\/2025\/11\/cropped-MEMURUN-SESI.png","contentUrl":"https:\/\/memurunsesi.net\/wp-content\/uploads\/2025\/11\/cropped-MEMURUN-SESI.png","width":238,"height":57,"caption":"Memurun Sesi"},"image":{"@id":"https:\/\/memurunsesi.net\/#\/schema\/logo\/image\/"},"sameAs":["https:\/\/www.facebook.com\/unipersen\/?locale=tr_TR","https:\/\/x.com\/unipersen"]},{"@type":"Person","@id":"https:\/\/memurunsesi.net\/#\/schema\/person\/f21c2d73b89f6ee1d80b0a1803e38587","name":"Memurun Sesi Haber Merkezi","image":{"@type":"ImageObject","inLanguage":"tr","@id":"https:\/\/secure.gravatar.com\/avatar\/6cf0505f452ee753f485014986fab09a434671d2b919ee76fc541025c5876a70?s=96&d=mm&r=g","url":"https:\/\/secure.gravatar.com\/avatar\/6cf0505f452ee753f485014986fab09a434671d2b919ee76fc541025c5876a70?s=96&d=mm&r=g","contentUrl":"https:\/\/secure.gravatar.com\/avatar\/6cf0505f452ee753f485014986fab09a434671d2b919ee76fc541025c5876a70?s=96&d=mm&r=g","caption":"Memurun Sesi Haber Merkezi"},"sameAs":["https:\/\/memurunsesi.net"],"url":"https:\/\/memurunsesi.net\/index.php\/author\/uniper\/"}]}},"_links":{"self":[{"href":"https:\/\/memurunsesi.net\/index.php\/wp-json\/wp\/v2\/posts\/14202","targetHints":{"allow":["GET"]}}],"collection":[{"href":"https:\/\/memurunsesi.net\/index.php\/wp-json\/wp\/v2\/posts"}],"about":[{"href":"https:\/\/memurunsesi.net\/index.php\/wp-json\/wp\/v2\/types\/post"}],"author":[{"embeddable":true,"href":"https:\/\/memurunsesi.net\/index.php\/wp-json\/wp\/v2\/users\/1"}],"replies":[{"embeddable":true,"href":"https:\/\/memurunsesi.net\/index.php\/wp-json\/wp\/v2\/comments?post=14202"}],"version-history":[{"count":1,"href":"https:\/\/memurunsesi.net\/index.php\/wp-json\/wp\/v2\/posts\/14202\/revisions"}],"predecessor-version":[{"id":14204,"href":"https:\/\/memurunsesi.net\/index.php\/wp-json\/wp\/v2\/posts\/14202\/revisions\/14204"}],"wp:featuredmedia":[{"embeddable":true,"href":"https:\/\/memurunsesi.net\/index.php\/wp-json\/wp\/v2\/media\/14203"}],"wp:attachment":[{"href":"https:\/\/memurunsesi.net\/index.php\/wp-json\/wp\/v2\/media?parent=14202"}],"wp:term":[{"taxonomy":"category","embeddable":true,"href":"https:\/\/memurunsesi.net\/index.php\/wp-json\/wp\/v2\/categories?post=14202"},{"taxonomy":"post_tag","embeddable":true,"href":"https:\/\/memurunsesi.net\/index.php\/wp-json\/wp\/v2\/tags?post=14202"}],"curies":[{"name":"wp","href":"https:\/\/api.w.org\/{rel}","templated":true}]}}