{"id":14522,"date":"2025-11-26T19:35:34","date_gmt":"2025-11-26T16:35:34","guid":{"rendered":"https:\/\/memurunsesi.net\/?p=14522"},"modified":"2025-11-26T19:35:34","modified_gmt":"2025-11-26T16:35:34","slug":"gebze-teknik-universitesi-rektorlugunden","status":"publish","type":"post","link":"https:\/\/memurunsesi.net\/index.php\/2025\/11\/26\/gebze-teknik-universitesi-rektorlugunden\/","title":{"rendered":"Gebze Teknik \u00dcniversitesi Rekt\u00f6rl\u00fc\u011f\u00fcnden;"},"content":{"rendered":"<div>\u00d6\u011eRET\u0130M \u00dcYES\u0130 ALIM \u0130LANI<\/div>\n<div>\u00dcniversitemizin a\u015fa\u011f\u0131da belirtilen birimlerinde a\u00e7\u0131k bulunan kadrolarda istihdam edilmek \u00fczere, 2547 say\u0131l\u0131 Y\u00fcksek\u00f6\u011fretim Kanunu uyar\u0131nca, \u00d6\u011fretim \u00dcyesi al\u0131m\u0131 yap\u0131lacakt\u0131r. \u0130lgili kanunun 23.,24. ve 26. maddelerinde belirtilen \u015fartlar i\u00e7in web sayfam\u0131zda yer alan \u201cGebze Teknik \u00dcniversitesi Akademik Y\u00fckseltme ve Atama Ko\u015fullar\u0131 Y\u00f6nergesi\u201dne haiz adaylar ba\u015fvuru yapabilir.<\/p>\n<p><strong>\u0130LAN ED\u0130LEN KADROLARA A\u0130T B\u0130LG\u0130LER<\/strong><\/div>\n<p>&nbsp;<\/p>\n<table dir=\"ltr\" border=\"6\" cellspacing=\"2\" cellpadding=\"3\" data-sheets-baot=\"1\" data-sheets-root=\"1\">\n<tbody>\n<tr>\n<td colspan=\"7\" rowspan=\"1\"><strong>M\u00dcHEND\u0130SL\u0130K FAK\u00dcLTES\u0130<\/strong><\/td>\n<\/tr>\n<tr>\n<td><strong>\u0130lan No<\/strong><\/td>\n<td><strong>B\u00f6l\u00fcm<\/strong><\/td>\n<td colspan=\"2\" rowspan=\"1\"><strong>Anabilim Dal\u0131<\/strong><\/td>\n<td><strong>Unvan<\/strong><\/td>\n<td><strong>Adet<\/strong><\/td>\n<td><strong>\u00d6zel \u015eartlar<\/strong><\/td>\n<\/tr>\n<tr>\n<td>20251101<\/td>\n<td>Malzeme Bilimi ve M\u00fchendisli\u011fi<\/td>\n<td colspan=\"2\" rowspan=\"1\">Elektronik Malzemeler<\/td>\n<td>Dr. \u00d6\u011fr. \u00dcyesi<\/td>\n<td>1<\/td>\n<td>-Malzeme Bilimi ve M\u00fchendisli\u011fi veya Uygulamal\u0131 Fizik alan\u0131nda doktora mezunu olmak,<br \/>\n-Kimyasal Enerji Depolama ve Metal \u0130yon Bataryalar\u0131 alan\u0131nda akademik \u00e7al\u0131\u015fmalar\u0131 ve uluslararas\u0131 hakemli dergilerde yay\u0131mlanm\u0131\u015f bilimsel makaleleri bulunmak,<br \/>\n-Metal \u0130yon Bataryalar\u0131 \u00fczerine ulusal veya uluslararas\u0131 projeler y\u00fcr\u00fctm\u00fc\u015f olmak,<br \/>\n-Y\u00fcksek\u00f6\u011fretim kurumlar\u0131nda en az 3 y\u0131l ders verme tecr\u00fcbesine sahip olmak. (*)<\/td>\n<\/tr>\n<tr>\n<td colspan=\"7\" rowspan=\"1\"><strong>M\u0130MARLIK FAK\u00dcLTES\u0130<\/strong><\/td>\n<\/tr>\n<tr>\n<td><strong>\u0130lan No<\/strong><\/td>\n<td><strong>B\u00f6l\u00fcm<\/strong><\/td>\n<td><strong>Anabilim Dal\u0131<\/strong><\/td>\n<td colspan=\"2\" rowspan=\"1\"><strong>Unvan<\/strong><\/td>\n<td><strong>Adet<\/strong><\/td>\n<td><strong>\u00d6zel \u015eartlar<\/strong><\/td>\n<\/tr>\n<tr>\n<td>20251102<\/td>\n<td>End\u00fcstriyel Tasar\u0131m<\/td>\n<td>End\u00fcstriyel Tasar\u0131m<\/td>\n<td colspan=\"2\" rowspan=\"1\">Dr. \u00d6\u011fr. \u00dcyesi<\/td>\n<td>1<\/td>\n<td>-Mimarl\u0131k\/ End\u00fcstri \u00dcr\u00fcnleri Tasar\u0131m\u0131- End\u00fcstriyel Tasar\u0131m\/ Metalurji ve<br \/>\nMalzeme M\u00fchendisli\u011fi \/ Makine M\u00fchendisli\u011fi\/ End\u00fcstri M\u00fchendisli\u011fi b\u00f6l\u00fcmlerinin birinden ya da G\u00f6rsel Sanatlar ve G\u00f6rsel \u0130leti\u015fim Tasar\u0131m\u0131 b\u00f6l\u00fcm\u00fcnden lisans mezunu olmak.<br \/>\n-End\u00fcstri \u00dcr\u00fcnleri Tasar\u0131m\u0131- End\u00fcstriyel Tasar\u0131m b\u00f6l\u00fcm\u00fcnde tezli y\u00fcksek lisans ve doktora mezunu olmak ya da Sanat ve Sosyal Bilimler alan\u0131nda tezli y\u00fcksek lisans ve doktora mezunu olmak.<br \/>\n-En az 3 y\u0131l akademik \u00e7al\u0131\u015fma veya sekt\u00f6rel deneyime sahip olmak.<\/td>\n<\/tr>\n<tr>\n<td>20251103<\/td>\n<td>Mimarl\u0131k<\/td>\n<td>Bina Bilgisi<\/td>\n<td colspan=\"2\" rowspan=\"1\">Do\u00e7ent<\/td>\n<td>1<\/td>\n<td>-Mimarl\u0131k b\u00f6l\u00fcm\u00fc lisans mezunu olmak,<br \/>\n-Bina Bilgisi (Mimari Tasar\u0131m) alan\u0131nda Y\u00fcksek Lisans ve Doktora yapm\u0131\u015f olmak,<br \/>\n-\u201cMimarl\u0131k E\u011fitimi, Mimarl\u0131kta S\u00fcrd\u00fcr\u00fclebilirlik, Estetik\u201d alanlar\u0131nda Doktora sonras\u0131 ara\u015ft\u0131rmalar\u0131n\u0131 yapm\u0131\u015f olmak ve bu alanlarda en az iki y\u0131l<br \/>\nlisans\u00fcst\u00fc ders vermi\u015f olmak<\/td>\n<\/tr>\n<\/tbody>\n<\/table>\n<table dir=\"ltr\" border=\"6\" cellspacing=\"2\" cellpadding=\"3\" data-sheets-baot=\"1\" data-sheets-root=\"1\">\n<tbody>\n<tr>\n<td colspan=\"13\" rowspan=\"1\"><strong>TEMEL B\u0130L\u0130MLER FAK\u00dcLTES\u0130<\/strong><\/td>\n<\/tr>\n<tr>\n<td><strong>\u0130lan No<\/strong><\/td>\n<td colspan=\"4\" rowspan=\"1\"><strong>B\u00f6l\u00fcm<\/strong><\/td>\n<td colspan=\"2\" rowspan=\"1\"><strong>Anabilim Dal\u0131<\/strong><\/td>\n<td colspan=\"3\" rowspan=\"1\"><strong>Unvan<\/strong><\/td>\n<td colspan=\"2\" rowspan=\"1\"><strong>Adet<\/strong><\/td>\n<td><strong>\u00d6zel \u015eartlar<\/strong><\/td>\n<\/tr>\n<tr>\n<td>20251104<\/td>\n<td colspan=\"4\" rowspan=\"1\">Molek\u00fcler Biyoloji ve Genetik<\/td>\n<td colspan=\"2\" rowspan=\"1\">Molek\u00fcler Biyoloji<\/td>\n<td colspan=\"3\" rowspan=\"1\">Dr. \u00d6\u011fr. \u00dcyesi<\/td>\n<td colspan=\"2\" rowspan=\"1\">1<\/td>\n<td>-Biyoloji b\u00f6l\u00fcm\u00fc lisans mezunu olmak.<br \/>\n-Molek\u00fcler Biyoloji ve Genetik alan\u0131nda Doktora mezunu olmak.<br \/>\n-Bitki Biyoteknolojisi ve Mikrobiyal Metabolizma M\u00fchendisli\u011fi alan\u0131nda ara\u015ft\u0131rma yap\u0131yor olmak<br \/>\n-Bitki Biyoteknolojisi ve Mikrobiyal Metabolizma M\u00fchendisli\u011fi alan\u0131nda<br \/>\nprojeleri olmak. (*)<\/td>\n<\/tr>\n<tr>\n<td>20251105<\/td>\n<td colspan=\"4\" rowspan=\"1\">Kimya<\/td>\n<td colspan=\"2\" rowspan=\"1\">Organik Kimya<\/td>\n<td colspan=\"3\" rowspan=\"1\">Dr. \u00d6\u011fr. \u00dcyesi<\/td>\n<td colspan=\"2\" rowspan=\"1\">1<\/td>\n<td>-Organik Kimya alan\u0131nda Doktora yapm\u0131\u015f olmak.<br \/>\n-Sentetik Organik Kimyas\u0131 konusunda \u00e7al\u0131\u015fmalar yapm\u0131\u015f olmak<br \/>\n-Sentetik Organik Kimya alan\u0131nda projeleri olmak (*)<\/td>\n<\/tr>\n<tr>\n<td colspan=\"13\" rowspan=\"1\"><strong>\u0130\u015eLETME FAK\u00dcLTES\u0130<\/strong><\/td>\n<\/tr>\n<tr>\n<td><strong>\u0130lan No<\/strong><\/td>\n<td colspan=\"2\" rowspan=\"1\"><strong>B\u00f6l\u00fcm<\/strong><\/td>\n<td colspan=\"3\" rowspan=\"1\"><strong>Anabilim Dal\u0131<\/strong><\/td>\n<td colspan=\"3\" rowspan=\"1\"><strong>Unvan<\/strong><\/td>\n<td colspan=\"2\" rowspan=\"1\"><strong>Adet<\/strong><\/td>\n<td colspan=\"2\" rowspan=\"1\"><strong>\u00d6zel \u015eartlar<\/strong><\/td>\n<\/tr>\n<tr>\n<td>20251106<\/td>\n<td colspan=\"2\" rowspan=\"1\">\u0130ktisat<\/td>\n<td colspan=\"3\" rowspan=\"1\">\u0130ktisat Politikas\u0131<\/td>\n<td colspan=\"3\" rowspan=\"1\">Profes\u00f6r<\/td>\n<td colspan=\"2\" rowspan=\"1\">1<\/td>\n<td colspan=\"2\" rowspan=\"1\">-Mikroiktisat alan\u0131nda Do\u00e7ent unvan\u0131na sahip olmak.<br \/>\n-Sa\u011fl\u0131k Ekonomisi veya \u00c7al\u0131\u015fma Ekonomisi alanlar\u0131nda yay\u0131nlar\u0131 bulunmak (*)<\/td>\n<\/tr>\n<tr>\n<td>20251107<\/td>\n<td colspan=\"2\" rowspan=\"1\">Y\u00f6netim Bili\u015fim Sistemleri<\/td>\n<td colspan=\"3\" rowspan=\"1\">Y\u00f6netim Bili\u015fim Sistemleri<\/td>\n<td colspan=\"3\" rowspan=\"1\">Dr. \u00d6\u011fr. \u00dcyesi<\/td>\n<td colspan=\"2\" rowspan=\"1\">1<\/td>\n<td colspan=\"2\" rowspan=\"1\">-\u0130\u015fletme alan\u0131nda Doktora mezunu olmak.<br \/>\n-\u00d6rg\u00fctsel Davran\u0131\u015f, \u0130nsan Kaynaklar\u0131<br \/>\nY\u00f6netimi, Dijital \u00c7al\u0131\u015fan Deneyimi ve Refah\u0131 konular\u0131nda uluslararas\u0131 \u00e7al\u0131\u015fmalar yapm\u0131\u015f olmak (*)<\/td>\n<\/tr>\n<tr>\n<td colspan=\"13\" rowspan=\"1\"><strong>ULA\u015eIM TEKNOLOJ\u0130LER\u0130 ENST\u0130T\u00dcS\u00dc<\/strong><\/td>\n<\/tr>\n<tr>\n<td><strong>\u0130lan No<\/strong><\/td>\n<td colspan=\"3\" rowspan=\"1\"><strong>B\u00f6l\u00fcm<\/strong><\/td>\n<td colspan=\"3\" rowspan=\"1\"><strong>Anabilim Dal\u0131<\/strong><\/td>\n<td colspan=\"3\" rowspan=\"1\"><strong>Unvan<\/strong><\/td>\n<td colspan=\"2\" rowspan=\"1\"><strong>Adet<\/strong><\/td>\n<td><strong>\u00d6zel \u015eartlar<\/strong><\/td>\n<\/tr>\n<tr>\n<td>20251108<\/td>\n<td colspan=\"3\" rowspan=\"1\">&#8211;<\/td>\n<td colspan=\"3\" rowspan=\"1\">Ula\u015f\u0131m Teknojileri<\/td>\n<td colspan=\"3\" rowspan=\"1\">Do\u00e7ent<\/td>\n<td colspan=\"2\" rowspan=\"1\">1<\/td>\n<td>-Ula\u015ft\u0131rma M\u00fchendisli\u011fi alan\u0131nda Doktora mezunu olmak<br \/>\n-Ula\u015ft\u0131rma M\u00fchendisli\u011fi alan\u0131nda yay\u0131nlar yapm\u0131\u015f olmak. (*)<\/td>\n<\/tr>\n<tr>\n<td colspan=\"13\" rowspan=\"1\"><strong>NANOTEKNOLOJ\u0130 ENST\u0130T\u00dcS\u00dc<\/strong><\/td>\n<\/tr>\n<tr>\n<td><strong>\u0130lan No<\/strong><\/td>\n<td><strong>B\u00f6l\u00fcm<\/strong><\/td>\n<td colspan=\"4\" rowspan=\"1\"><strong>Anabilim Dal\u0131<\/strong><\/td>\n<td colspan=\"2\" rowspan=\"1\"><strong>Unvan<\/strong><\/td>\n<td><strong>Adet<\/strong><\/td>\n<td colspan=\"4\" rowspan=\"1\"><strong>\u00d6zel \u015eartlar<\/strong><\/td>\n<\/tr>\n<tr>\n<td>20251109<\/td>\n<td>&#8211;<\/td>\n<td colspan=\"4\" rowspan=\"1\">Nanobilim ve Nanom\u00fchendislik (Disiplinleraras\u0131)<\/td>\n<td colspan=\"2\" rowspan=\"1\">Do\u00e7ent<\/td>\n<td>1<\/td>\n<td colspan=\"4\" rowspan=\"1\">-Kimya program\u0131nda Doktora mezunu olmak<br \/>\n-Kimya alan\u0131nda Do\u00e7ent unvan\u0131na sahip olmak.<br \/>\n\u2013\u201cEsneyebilen Elektronik Yap\u0131lar, Bas\u0131n\u00e7 Sens\u00f6rleri ve S\u00fcrd\u00fcr\u00fclebilir Lityum \u0130yon Bataryalar\u0131n\u0131n<br \/>\n\u00dcretimi\u201d konular\u0131nda \u00e7al\u0131\u015fmalar ve uluslararas\u0131 SCI kapsaml\u0131 dergilerde yay\u0131nlar yapm\u0131\u015f olmak.(*)<\/td>\n<\/tr>\n<tr>\n<td>20251110<\/td>\n<td>&#8211;<\/td>\n<td colspan=\"4\" rowspan=\"1\">Nanobilim ve Nanom\u00fchendislik (Disiplinleraras\u0131)<\/td>\n<td colspan=\"2\" rowspan=\"1\">Profes\u00f6r<\/td>\n<td>1<\/td>\n<td colspan=\"4\" rowspan=\"1\">-Anorganik Kimya alan\u0131nda do\u00e7ent unvan\u0131na sahip olmak,<br \/>\n-\u201cKataliz\u00f6r, Enerji Depolama ve D\u00f6n\u00fc\u015f\u00fcm, Kat\u0131-Hal Elektrolit ve Metal Komplekslerin Fotofiziksel \u00d6zellikleri\u201d konular\u0131nda \u00e7al\u0131\u015fmalar yapm\u0131\u015f olmak,<br \/>\n-Uluslararas\u0131 bir projede y\u00fcr\u00fct\u00fcc\u00fc olarak g\u00f6rev yapm\u0131\u015f olmak (*)<\/td>\n<\/tr>\n<\/tbody>\n<\/table>\n<div>\n*23.03.2016 tarih ve 29662 say\u0131l\u0131 Resmi Gazete\u2019de yay\u0131mlanan \u201cY\u00fcksek\u00f6\u011fretim Kurumlar\u0131nda Yabanc\u0131 Dil \u00d6\u011fretimi ve Yabanc\u0131 Dilde \u00d6\u011fretim Yap\u0131lmas\u0131nda Uyulacak Esaslara \u0130li\u015fkin Y\u00f6netmelik\u201d in 8. maddesinin 7. f\u0131kras\u0131 uyar\u0131nca \u0130ngilizce ders verebiliyor olmak.<\/p>\n<p><strong>\u00d6NEML\u0130 \u00a0B\u0130LG\u0130:<\/strong>\u00a0\u00a0Temmuz \u00a02024 \u00a0itibariyle, \u00a0\u00dcniversitemiz \u00a0\u00d6\u011fretim \u00a0\u00dcyesi \u00a0Kadro \u00a0Ba\u015fvurular\u0131, \u00a0GT\u00dc \u00a0Personel \u00a0Atama \u00a0ve Y\u00fckseltme \u00a0Sistemi\u2019nden \u00a0(PAYS) \u00a0kabul edilmekte \u00a0olup \u00a0t\u00fcm \u00a0ba\u015fvuru \u00a0s\u00fcre\u00e7leri \u00a0(AYDEK, \u00a0seminer, bilim j\u00fcrisi \u00a0vb.) \u00a0PAYS \u00fczerinden y\u00fcr\u00fct\u00fclecektir.<br \/>\nKadro Ba\u015fvurusu i\u00e7in PAYS uzant\u0131s\u0131:\u00a0<strong><a href=\"https:\/\/pays.gtu.edu.tr\/\" target=\"_blank\" rel=\"noopener\">https:\/\/pays.gtu.edu.tr<\/a><\/strong><br \/>\n*Adaylar\u00a0kadro\u00a0ba\u015fvurular\u0131n\u0131,\u00a0PAYS\u00a0\u00fczerinden\u00a0\u201ce-Devlet\u201d\u00a0kullan\u0131c\u0131\u00a0ad\u0131\u00a0ve\u00a0\u015fifresini\u00a0kullanarak\u00a0yapabileceklerdir.<\/p>\n<p><strong>BA\u015eVURUDA D\u0130KKAT ED\u0130LMES\u0130 GEREKEN \u00d6NEML\u0130 HUSUSLAR\u00a0\u00a0 \u00a0\u00a0\u00a0\u00a0<\/strong><br \/>\n1- \u00a0Ba\u015fvuru s\u0131ras\u0131nda istenilen belgeler, Personel Atama ve Y\u00fckseltme Sistemi\u2019nde (PAYS) yer almakta olup s\u00f6z konusu belgeler PAYS \u00fczerinden y\u00fcklenecektir.<br \/>\n2- \u00a0Akademik Y\u00fckseltme ve De\u011ferlendirme Kurulu (AYDEK) ba\u015fvurular\u0131, kadro ba\u015fvurusu ile e\u015f zamanl\u0131 olarak PAYS \u00fczerinden yap\u0131lacakt\u0131r. \u201cAYDEK Ba\u015fvuru Dilek\u00e7esi\u201d, ba\u015fvuru s\u00fcresi i\u00e7erisinde, \u0131slak imzal\u0131 olmak ko\u015fulu ile Rekt\u00f6r Yard\u0131mc\u0131l\u0131\u011f\u0131\u2019na \u00a0\u015fahsen \u00a0ya \u00a0da \u00a0posta \u00a0yoluyla \u00a0ula\u015ft\u0131r\u0131lacakt\u0131r. \u00a0Dilek\u00e7e \u00a0ekindeki \u00a0di\u011fer<br \/>\nevraklar \u00a0ise \u00a0PAYS \u00a0\u00fczerinden y\u00fcklenecektir.<br \/>\n3- \u00a0Kadro \u00a0ilan\u0131na \u00a0yap\u0131lan \u00a0ba\u015fvurunun \u00a0ge\u00e7erli \u00a0olabilmesi \u00a0i\u00e7in \u00a0GT\u00dc \u00a0Akademik \u00a0Y\u00fckseltme \u00a0ve \u00a0De\u011ferlendirme \u00a0Kurulu (AYDEK) \u00c7al\u0131\u015fma Usul ve Esaslar\u0131 uyar\u0131nca, aday\u0131n \u00a0ilgili kadronun asgari \u00a0ko\u015fullar\u0131n\u0131 sa\u011flad\u0131\u011f\u0131na dair Akademik Y\u00fckseltme \u00a0ve \u00a0De\u011ferlendirme \u00a0Kurulu\u2019nun \u00a0(AYDEK) \u00a0olumlu \u00a0g\u00f6r\u00fc\u015f\u00fc \u00a0gerekmektedir. \u00a0AYDEK de\u011ferlendirmeleri, sadece g\u00fcncel kadro ilan\u0131 i\u00e7in ge\u00e7erlidir.<br \/>\n4- \u00a0Ba\u015fvuru s\u00fcresi, \u00a0Resm\u00ee Gazete\u2019de yay\u0131mland\u0131\u011f\u0131 tarihten itibaren 15 \u00a0(onbe\u015f) g\u00fcn \u00a0olup \u00a0mesai \u00a0bitimine (17:00) kadard\u0131r. Son ba\u015fvuru tarihinin resm\u00ee tatile denk gelmesi halinde adaylar, bir sonraki i\u015f g\u00fcn\u00fcn\u00fcn mesai saati bitimine kadar PAYS \u00fczerinden ba\u015fvuru yapabilecektir.<br \/>\n5- \u00a0Personel Atama ve Y\u00fckseltme Sistemi\u2019ne (PAYS) y\u00fcklenen belgeler aras\u0131nda yer alan \u201cBa\u015fvuru Dilek\u00e7esi\u201d, ba\u015fvuru s\u00fcresi \u00a0i\u00e7erisinde, \u00a0\u0131slak \u00a0imzal\u0131 \u00a0olmak \u00a0ko\u015fulu ile ilgili\u00a0birime \u00a0\u015fahsen \u00a0ya \u00a0da \u00a0posta \u00a0yoluyla ula\u015ft\u0131r\u0131lacakt\u0131r. \u00a0Do\u00e7ent \u00a0ve Profes\u00f6r adaylar\u0131 dilek\u00e7elerini, Personel Dairesi Ba\u015fkanl\u0131\u011f\u0131\u2019na; Doktor \u00d6\u011fretim \u00dcyesi adaylar\u0131 ise dilek\u00e7elerini ilgili Fak\u00fclte Dekanl\u0131\u011f\u0131 ya da Enstit\u00fc M\u00fcd\u00fcrl\u00fckleri\u2019ne teslim edecektir. Dilek\u00e7e ekindeki di\u011fer evraklar ise PAYS \u00fczerinden y\u00fcklenecektir.<br \/>\n6- Profes\u00f6r adaylar\u0131, \u201c\u00d6\u011fretim \u00dcyeli\u011fine Y\u00fckseltilme ve Atanma Y\u00f6netmeli\u011fi\u201dnin 14. maddesi gere\u011fince dilek\u00e7elerinde \u201cba\u015fl\u0131ca ara\u015ft\u0131rma eserlerini\u201d belirteceklerdir.<br \/>\n7- Do\u00e7ent \u00a0ve \u00a0Profes\u00f6r \u00a0adaylar\u0131n\u0131n \u00a0ba\u015fvuru \u00a0s\u00fcreci Personel \u00a0Dairesi \u00a0Ba\u015fkanl\u0131\u011f\u0131nca; \u00a0Doktor \u00a0\u00d6\u011fretim \u00a0\u00dcyesi \u00a0adaylar\u0131n\u0131n ba\u015fvuru s\u00fcreci ise ilgili Fak\u00fclte Dekanl\u0131\u011f\u0131 ya da Enstit\u00fc M\u00fcd\u00fcrl\u00fcklerince PAYS \u00fczerinden takip edilecektir.<br \/>\n8- Adaylar, ba\u015fvurular\u0131yla ilgili s\u00fcreci PAYS \u201cBa\u015fvurular\u0131m\u201d mod\u00fcl\u00fcnden takip edebilecektir. \u0130htiya\u00e7 duyulmas\u0131 halinde, Do\u00e7ent ve Profes\u00f6r adaylar\u0131 Personel Dairesi Ba\u015fkanl\u0131\u011f\u0131 ile Doktor \u00d6\u011fretim \u00dcyesi adaylar\u0131 ise ilgili Fak\u00fclte Dekanl\u0131\u011f\u0131 ya da Enstit\u00fc M\u00fcd\u00fcrl\u00fc\u011f\u00fc ile ileti\u015fime ge\u00e7ebilecektir. \u0130leti\u015fim bilgileri \u00fcniversitemiz web sayfas\u0131nda yer almaktad\u0131r.<br \/>\n9- \u00a0\u0130htiya\u00e7 duyulmas\u0131 halinde, AYDEK s\u00fcrecine ili\u015fkin t\u00fcm bilgilendirmeler i\u00e7in \u00dcniversitemiz Rekt\u00f6r Yard\u0131mc\u0131l\u0131\u011f\u0131 ile ileti\u015fime ge\u00e7ilmelidir. \u0130rtibat numaras\u0131: (0262) 605 15 65-(0262) 605 29 97<\/p>\n<p><strong>D\u0130\u011eER A\u00c7IKLAMALAR VE \u00d6NEML\u0130 B\u0130LG\u0130LER\u00a0\u00a0 \u00a0\u00a0\u00a0 \u00a0\u00a0<\/strong><br \/>\n1-Adaylar son ba\u015fvuru tarihi olarak belirtilen \u00a0g\u00fcn\u00fcn \u00a0mesai saati \u00a0bitimine kadar, PAYS\u2019a belgelerini y\u00fcklemekle ve ba\u015fvuru dilek\u00e7esini ilgili birime ula\u015ft\u0131rmakla m\u00fckelleftir. Ya\u015fanan gecikmelerden \u00a0\u00dcniversitemiz \u00a0sorumlu de\u011fildir. \u00a0\u0130landa \u00a0belirtilen ko\u015fullar\u0131 ta\u015f\u0131mayan, PAYS\u2019a y\u00fcklenmeyen veya s\u00fcresi i\u00e7inde yap\u0131lmayan ya da eksik \u00a0belgeyle \u00a0yap\u0131lan \u00a0ba\u015fvurular \u00a0i\u015fleme al\u0131nmayacakt\u0131r.<br \/>\n2-\u0130htiya\u00e7 duyulmas\u0131 halinde; adaylar\u0131 ilgilendiren ba\u015fvuru ve atama s\u00fcreci ile ilgili t\u00fcm bilgilendirmeler \u00dcniversitemizin web sayfas\u0131ndan (<strong><a href=\"https:\/\/www.gtu.edu.tr\/\" target=\"_blank\" rel=\"noopener\">https:\/\/www.gtu.edu.tr<\/a><\/strong>) yap\u0131lacak olup ayr\u0131ca yaz\u0131l\u0131 bildirim yap\u0131lmayacakt\u0131r.<br \/>\n<strong>ADRES:<\/strong>\u00a0Gebze Teknik \u00dcniversitesi Rekt\u00f6rl\u00fc\u011f\u00fc Cumhuriyet mah. 2254. Sk. P.K. 41400 Gebze\/KOCAEL\u0130<\/div>\n","protected":false},"excerpt":{"rendered":"<p>\u00d6\u011eRET\u0130M \u00dcYES\u0130 ALIM \u0130LANI \u00dcniversitemizin a\u015fa\u011f\u0131da belirtilen birimlerinde a\u00e7\u0131k bulunan kadrolarda istihdam edilmek \u00fczere, 2547 say\u0131l\u0131 Y\u00fcksek\u00f6\u011fretim Kanunu uyar\u0131nca, \u00d6\u011fretim \u00dcyesi al\u0131m\u0131 yap\u0131lacakt\u0131r. \u0130lgili kanunun 23.,24. ve 26. maddelerinde belirtilen \u015fartlar i\u00e7in web sayfam\u0131zda yer alan \u201cGebze Teknik \u00dcniversitesi Akademik Y\u00fckseltme ve Atama Ko\u015fullar\u0131 Y\u00f6nergesi\u201dne haiz adaylar ba\u015fvuru yapabilir. \u0130LAN ED\u0130LEN KADROLARA A\u0130T B\u0130LG\u0130LER &nbsp; [&hellip;]<\/p>\n","protected":false},"author":1,"featured_media":14523,"comment_status":"open","ping_status":"open","sticky":false,"template":"","format":"standard","meta":{"footnotes":""},"categories":[55],"tags":[114],"class_list":["post-14522","post","type-post","status-publish","format-standard","has-post-thumbnail","hentry","category-is-ilanlari","tag-is-ilani"],"yoast_head":"<!-- This site is optimized with the Yoast SEO plugin v27.4 - https:\/\/yoast.com\/product\/yoast-seo-wordpress\/ -->\n<title>Gebze Teknik \u00dcniversitesi Rekt\u00f6rl\u00fc\u011f\u00fcnden; - Memurun Sesi<\/title>\n<meta name=\"robots\" content=\"index, follow, max-snippet:-1, max-image-preview:large, max-video-preview:-1\" \/>\n<link rel=\"canonical\" href=\"https:\/\/memurunsesi.net\/index.php\/2025\/11\/26\/gebze-teknik-universitesi-rektorlugunden\/\" \/>\n<meta property=\"og:locale\" content=\"tr_TR\" \/>\n<meta property=\"og:type\" content=\"article\" \/>\n<meta property=\"og:title\" content=\"Gebze Teknik \u00dcniversitesi Rekt\u00f6rl\u00fc\u011f\u00fcnden; - Memurun Sesi\" \/>\n<meta property=\"og:description\" content=\"\u00d6\u011eRET\u0130M \u00dcYES\u0130 ALIM \u0130LANI \u00dcniversitemizin a\u015fa\u011f\u0131da belirtilen birimlerinde a\u00e7\u0131k bulunan kadrolarda istihdam edilmek \u00fczere, 2547 say\u0131l\u0131 Y\u00fcksek\u00f6\u011fretim Kanunu uyar\u0131nca, \u00d6\u011fretim \u00dcyesi al\u0131m\u0131 yap\u0131lacakt\u0131r. \u0130lgili kanunun 23.,24. ve 26. maddelerinde belirtilen \u015fartlar i\u00e7in web sayfam\u0131zda yer alan \u201cGebze Teknik \u00dcniversitesi Akademik Y\u00fckseltme ve Atama Ko\u015fullar\u0131 Y\u00f6nergesi\u201dne haiz adaylar ba\u015fvuru yapabilir. \u0130LAN ED\u0130LEN KADROLARA A\u0130T B\u0130LG\u0130LER &nbsp; [&hellip;]\" \/>\n<meta property=\"og:url\" content=\"https:\/\/memurunsesi.net\/index.php\/2025\/11\/26\/gebze-teknik-universitesi-rektorlugunden\/\" \/>\n<meta property=\"og:site_name\" content=\"Memurun Sesi\" \/>\n<meta property=\"article:publisher\" content=\"https:\/\/www.facebook.com\/unipersen\/?locale=tr_TR\" \/>\n<meta property=\"article:published_time\" content=\"2025-11-26T16:35:34+00:00\" \/>\n<meta property=\"og:image\" content=\"https:\/\/memurunsesi.net\/wp-content\/uploads\/2025\/11\/abe20.webp\" \/>\n\t<meta property=\"og:image:width\" content=\"124\" \/>\n\t<meta property=\"og:image:height\" content=\"124\" \/>\n\t<meta property=\"og:image:type\" content=\"image\/webp\" \/>\n<meta name=\"author\" content=\"Memurun Sesi Haber Merkezi\" \/>\n<meta name=\"twitter:card\" content=\"summary_large_image\" \/>\n<meta name=\"twitter:creator\" content=\"@unipersen\" \/>\n<meta name=\"twitter:site\" content=\"@unipersen\" \/>\n<meta name=\"twitter:label1\" content=\"Yazan:\" \/>\n\t<meta name=\"twitter:data1\" content=\"Memurun Sesi Haber Merkezi\" \/>\n\t<meta name=\"twitter:label2\" content=\"Tahmini okuma s\u00fcresi\" \/>\n\t<meta name=\"twitter:data2\" content=\"7 dakika\" \/>\n<script type=\"application\/ld+json\" class=\"yoast-schema-graph\">{\"@context\":\"https:\\\/\\\/schema.org\",\"@graph\":[{\"@type\":\"Article\",\"@id\":\"https:\\\/\\\/memurunsesi.net\\\/index.php\\\/2025\\\/11\\\/26\\\/gebze-teknik-universitesi-rektorlugunden\\\/#article\",\"isPartOf\":{\"@id\":\"https:\\\/\\\/memurunsesi.net\\\/index.php\\\/2025\\\/11\\\/26\\\/gebze-teknik-universitesi-rektorlugunden\\\/\"},\"author\":{\"name\":\"Memurun Sesi Haber Merkezi\",\"@id\":\"https:\\\/\\\/memurunsesi.net\\\/#\\\/schema\\\/person\\\/f21c2d73b89f6ee1d80b0a1803e38587\"},\"headline\":\"Gebze Teknik \u00dcniversitesi Rekt\u00f6rl\u00fc\u011f\u00fcnden;\",\"datePublished\":\"2025-11-26T16:35:34+00:00\",\"mainEntityOfPage\":{\"@id\":\"https:\\\/\\\/memurunsesi.net\\\/index.php\\\/2025\\\/11\\\/26\\\/gebze-teknik-universitesi-rektorlugunden\\\/\"},\"wordCount\":1417,\"commentCount\":0,\"publisher\":{\"@id\":\"https:\\\/\\\/memurunsesi.net\\\/#organization\"},\"image\":{\"@id\":\"https:\\\/\\\/memurunsesi.net\\\/index.php\\\/2025\\\/11\\\/26\\\/gebze-teknik-universitesi-rektorlugunden\\\/#primaryimage\"},\"thumbnailUrl\":\"https:\\\/\\\/memurunsesi.net\\\/wp-content\\\/uploads\\\/2025\\\/11\\\/abe20.webp\",\"keywords\":[\"i\u015f ilan\u0131\"],\"articleSection\":[\"\u0130\u015f \u0130lanlar\u0131\"],\"inLanguage\":\"tr\",\"potentialAction\":[{\"@type\":\"CommentAction\",\"name\":\"Comment\",\"target\":[\"https:\\\/\\\/memurunsesi.net\\\/index.php\\\/2025\\\/11\\\/26\\\/gebze-teknik-universitesi-rektorlugunden\\\/#respond\"]}]},{\"@type\":\"WebPage\",\"@id\":\"https:\\\/\\\/memurunsesi.net\\\/index.php\\\/2025\\\/11\\\/26\\\/gebze-teknik-universitesi-rektorlugunden\\\/\",\"url\":\"https:\\\/\\\/memurunsesi.net\\\/index.php\\\/2025\\\/11\\\/26\\\/gebze-teknik-universitesi-rektorlugunden\\\/\",\"name\":\"Gebze Teknik \u00dcniversitesi Rekt\u00f6rl\u00fc\u011f\u00fcnden; - Memurun Sesi\",\"isPartOf\":{\"@id\":\"https:\\\/\\\/memurunsesi.net\\\/#website\"},\"primaryImageOfPage\":{\"@id\":\"https:\\\/\\\/memurunsesi.net\\\/index.php\\\/2025\\\/11\\\/26\\\/gebze-teknik-universitesi-rektorlugunden\\\/#primaryimage\"},\"image\":{\"@id\":\"https:\\\/\\\/memurunsesi.net\\\/index.php\\\/2025\\\/11\\\/26\\\/gebze-teknik-universitesi-rektorlugunden\\\/#primaryimage\"},\"thumbnailUrl\":\"https:\\\/\\\/memurunsesi.net\\\/wp-content\\\/uploads\\\/2025\\\/11\\\/abe20.webp\",\"datePublished\":\"2025-11-26T16:35:34+00:00\",\"breadcrumb\":{\"@id\":\"https:\\\/\\\/memurunsesi.net\\\/index.php\\\/2025\\\/11\\\/26\\\/gebze-teknik-universitesi-rektorlugunden\\\/#breadcrumb\"},\"inLanguage\":\"tr\",\"potentialAction\":[{\"@type\":\"ReadAction\",\"target\":[\"https:\\\/\\\/memurunsesi.net\\\/index.php\\\/2025\\\/11\\\/26\\\/gebze-teknik-universitesi-rektorlugunden\\\/\"]}]},{\"@type\":\"ImageObject\",\"inLanguage\":\"tr\",\"@id\":\"https:\\\/\\\/memurunsesi.net\\\/index.php\\\/2025\\\/11\\\/26\\\/gebze-teknik-universitesi-rektorlugunden\\\/#primaryimage\",\"url\":\"https:\\\/\\\/memurunsesi.net\\\/wp-content\\\/uploads\\\/2025\\\/11\\\/abe20.webp\",\"contentUrl\":\"https:\\\/\\\/memurunsesi.net\\\/wp-content\\\/uploads\\\/2025\\\/11\\\/abe20.webp\",\"width\":124,\"height\":124},{\"@type\":\"BreadcrumbList\",\"@id\":\"https:\\\/\\\/memurunsesi.net\\\/index.php\\\/2025\\\/11\\\/26\\\/gebze-teknik-universitesi-rektorlugunden\\\/#breadcrumb\",\"itemListElement\":[{\"@type\":\"ListItem\",\"position\":1,\"name\":\"Anasayfa\",\"item\":\"https:\\\/\\\/memurunsesi.net\\\/\"},{\"@type\":\"ListItem\",\"position\":2,\"name\":\"Gebze Teknik \u00dcniversitesi Rekt\u00f6rl\u00fc\u011f\u00fcnden;\"}]},{\"@type\":\"WebSite\",\"@id\":\"https:\\\/\\\/memurunsesi.net\\\/#website\",\"url\":\"https:\\\/\\\/memurunsesi.net\\\/\",\"name\":\"Memurun Sesi\",\"description\":\"G\u00fcncel ve Do\u011fru Haber\",\"publisher\":{\"@id\":\"https:\\\/\\\/memurunsesi.net\\\/#organization\"},\"potentialAction\":[{\"@type\":\"SearchAction\",\"target\":{\"@type\":\"EntryPoint\",\"urlTemplate\":\"https:\\\/\\\/memurunsesi.net\\\/?s={search_term_string}\"},\"query-input\":{\"@type\":\"PropertyValueSpecification\",\"valueRequired\":true,\"valueName\":\"search_term_string\"}}],\"inLanguage\":\"tr\"},{\"@type\":\"Organization\",\"@id\":\"https:\\\/\\\/memurunsesi.net\\\/#organization\",\"name\":\"Memurun Sesi\",\"url\":\"https:\\\/\\\/memurunsesi.net\\\/\",\"logo\":{\"@type\":\"ImageObject\",\"inLanguage\":\"tr\",\"@id\":\"https:\\\/\\\/memurunsesi.net\\\/#\\\/schema\\\/logo\\\/image\\\/\",\"url\":\"https:\\\/\\\/memurunsesi.net\\\/wp-content\\\/uploads\\\/2025\\\/11\\\/cropped-MEMURUN-SESI.png\",\"contentUrl\":\"https:\\\/\\\/memurunsesi.net\\\/wp-content\\\/uploads\\\/2025\\\/11\\\/cropped-MEMURUN-SESI.png\",\"width\":238,\"height\":57,\"caption\":\"Memurun Sesi\"},\"image\":{\"@id\":\"https:\\\/\\\/memurunsesi.net\\\/#\\\/schema\\\/logo\\\/image\\\/\"},\"sameAs\":[\"https:\\\/\\\/www.facebook.com\\\/unipersen\\\/?locale=tr_TR\",\"https:\\\/\\\/x.com\\\/unipersen\"]},{\"@type\":\"Person\",\"@id\":\"https:\\\/\\\/memurunsesi.net\\\/#\\\/schema\\\/person\\\/f21c2d73b89f6ee1d80b0a1803e38587\",\"name\":\"Memurun Sesi Haber Merkezi\",\"image\":{\"@type\":\"ImageObject\",\"inLanguage\":\"tr\",\"@id\":\"https:\\\/\\\/secure.gravatar.com\\\/avatar\\\/6cf0505f452ee753f485014986fab09a434671d2b919ee76fc541025c5876a70?s=96&d=mm&r=g\",\"url\":\"https:\\\/\\\/secure.gravatar.com\\\/avatar\\\/6cf0505f452ee753f485014986fab09a434671d2b919ee76fc541025c5876a70?s=96&d=mm&r=g\",\"contentUrl\":\"https:\\\/\\\/secure.gravatar.com\\\/avatar\\\/6cf0505f452ee753f485014986fab09a434671d2b919ee76fc541025c5876a70?s=96&d=mm&r=g\",\"caption\":\"Memurun Sesi Haber Merkezi\"},\"sameAs\":[\"https:\\\/\\\/memurunsesi.net\"],\"url\":\"https:\\\/\\\/memurunsesi.net\\\/index.php\\\/author\\\/uniper\\\/\"}]}<\/script>\n<!-- \/ Yoast SEO plugin. -->","yoast_head_json":{"title":"Gebze Teknik \u00dcniversitesi Rekt\u00f6rl\u00fc\u011f\u00fcnden; - Memurun Sesi","robots":{"index":"index","follow":"follow","max-snippet":"max-snippet:-1","max-image-preview":"max-image-preview:large","max-video-preview":"max-video-preview:-1"},"canonical":"https:\/\/memurunsesi.net\/index.php\/2025\/11\/26\/gebze-teknik-universitesi-rektorlugunden\/","og_locale":"tr_TR","og_type":"article","og_title":"Gebze Teknik \u00dcniversitesi Rekt\u00f6rl\u00fc\u011f\u00fcnden; - Memurun Sesi","og_description":"\u00d6\u011eRET\u0130M \u00dcYES\u0130 ALIM \u0130LANI \u00dcniversitemizin a\u015fa\u011f\u0131da belirtilen birimlerinde a\u00e7\u0131k bulunan kadrolarda istihdam edilmek \u00fczere, 2547 say\u0131l\u0131 Y\u00fcksek\u00f6\u011fretim Kanunu uyar\u0131nca, \u00d6\u011fretim \u00dcyesi al\u0131m\u0131 yap\u0131lacakt\u0131r. \u0130lgili kanunun 23.,24. ve 26. maddelerinde belirtilen \u015fartlar i\u00e7in web sayfam\u0131zda yer alan \u201cGebze Teknik \u00dcniversitesi Akademik Y\u00fckseltme ve Atama Ko\u015fullar\u0131 Y\u00f6nergesi\u201dne haiz adaylar ba\u015fvuru yapabilir. \u0130LAN ED\u0130LEN KADROLARA A\u0130T B\u0130LG\u0130LER &nbsp; [&hellip;]","og_url":"https:\/\/memurunsesi.net\/index.php\/2025\/11\/26\/gebze-teknik-universitesi-rektorlugunden\/","og_site_name":"Memurun Sesi","article_publisher":"https:\/\/www.facebook.com\/unipersen\/?locale=tr_TR","article_published_time":"2025-11-26T16:35:34+00:00","og_image":[{"width":124,"height":124,"url":"https:\/\/memurunsesi.net\/wp-content\/uploads\/2025\/11\/abe20.webp","type":"image\/webp"}],"author":"Memurun Sesi Haber Merkezi","twitter_card":"summary_large_image","twitter_creator":"@unipersen","twitter_site":"@unipersen","twitter_misc":{"Yazan:":"Memurun Sesi Haber Merkezi","Tahmini okuma s\u00fcresi":"7 dakika"},"schema":{"@context":"https:\/\/schema.org","@graph":[{"@type":"Article","@id":"https:\/\/memurunsesi.net\/index.php\/2025\/11\/26\/gebze-teknik-universitesi-rektorlugunden\/#article","isPartOf":{"@id":"https:\/\/memurunsesi.net\/index.php\/2025\/11\/26\/gebze-teknik-universitesi-rektorlugunden\/"},"author":{"name":"Memurun Sesi Haber Merkezi","@id":"https:\/\/memurunsesi.net\/#\/schema\/person\/f21c2d73b89f6ee1d80b0a1803e38587"},"headline":"Gebze Teknik \u00dcniversitesi Rekt\u00f6rl\u00fc\u011f\u00fcnden;","datePublished":"2025-11-26T16:35:34+00:00","mainEntityOfPage":{"@id":"https:\/\/memurunsesi.net\/index.php\/2025\/11\/26\/gebze-teknik-universitesi-rektorlugunden\/"},"wordCount":1417,"commentCount":0,"publisher":{"@id":"https:\/\/memurunsesi.net\/#organization"},"image":{"@id":"https:\/\/memurunsesi.net\/index.php\/2025\/11\/26\/gebze-teknik-universitesi-rektorlugunden\/#primaryimage"},"thumbnailUrl":"https:\/\/memurunsesi.net\/wp-content\/uploads\/2025\/11\/abe20.webp","keywords":["i\u015f ilan\u0131"],"articleSection":["\u0130\u015f \u0130lanlar\u0131"],"inLanguage":"tr","potentialAction":[{"@type":"CommentAction","name":"Comment","target":["https:\/\/memurunsesi.net\/index.php\/2025\/11\/26\/gebze-teknik-universitesi-rektorlugunden\/#respond"]}]},{"@type":"WebPage","@id":"https:\/\/memurunsesi.net\/index.php\/2025\/11\/26\/gebze-teknik-universitesi-rektorlugunden\/","url":"https:\/\/memurunsesi.net\/index.php\/2025\/11\/26\/gebze-teknik-universitesi-rektorlugunden\/","name":"Gebze Teknik \u00dcniversitesi Rekt\u00f6rl\u00fc\u011f\u00fcnden; - Memurun Sesi","isPartOf":{"@id":"https:\/\/memurunsesi.net\/#website"},"primaryImageOfPage":{"@id":"https:\/\/memurunsesi.net\/index.php\/2025\/11\/26\/gebze-teknik-universitesi-rektorlugunden\/#primaryimage"},"image":{"@id":"https:\/\/memurunsesi.net\/index.php\/2025\/11\/26\/gebze-teknik-universitesi-rektorlugunden\/#primaryimage"},"thumbnailUrl":"https:\/\/memurunsesi.net\/wp-content\/uploads\/2025\/11\/abe20.webp","datePublished":"2025-11-26T16:35:34+00:00","breadcrumb":{"@id":"https:\/\/memurunsesi.net\/index.php\/2025\/11\/26\/gebze-teknik-universitesi-rektorlugunden\/#breadcrumb"},"inLanguage":"tr","potentialAction":[{"@type":"ReadAction","target":["https:\/\/memurunsesi.net\/index.php\/2025\/11\/26\/gebze-teknik-universitesi-rektorlugunden\/"]}]},{"@type":"ImageObject","inLanguage":"tr","@id":"https:\/\/memurunsesi.net\/index.php\/2025\/11\/26\/gebze-teknik-universitesi-rektorlugunden\/#primaryimage","url":"https:\/\/memurunsesi.net\/wp-content\/uploads\/2025\/11\/abe20.webp","contentUrl":"https:\/\/memurunsesi.net\/wp-content\/uploads\/2025\/11\/abe20.webp","width":124,"height":124},{"@type":"BreadcrumbList","@id":"https:\/\/memurunsesi.net\/index.php\/2025\/11\/26\/gebze-teknik-universitesi-rektorlugunden\/#breadcrumb","itemListElement":[{"@type":"ListItem","position":1,"name":"Anasayfa","item":"https:\/\/memurunsesi.net\/"},{"@type":"ListItem","position":2,"name":"Gebze Teknik \u00dcniversitesi Rekt\u00f6rl\u00fc\u011f\u00fcnden;"}]},{"@type":"WebSite","@id":"https:\/\/memurunsesi.net\/#website","url":"https:\/\/memurunsesi.net\/","name":"Memurun Sesi","description":"G\u00fcncel ve Do\u011fru Haber","publisher":{"@id":"https:\/\/memurunsesi.net\/#organization"},"potentialAction":[{"@type":"SearchAction","target":{"@type":"EntryPoint","urlTemplate":"https:\/\/memurunsesi.net\/?s={search_term_string}"},"query-input":{"@type":"PropertyValueSpecification","valueRequired":true,"valueName":"search_term_string"}}],"inLanguage":"tr"},{"@type":"Organization","@id":"https:\/\/memurunsesi.net\/#organization","name":"Memurun Sesi","url":"https:\/\/memurunsesi.net\/","logo":{"@type":"ImageObject","inLanguage":"tr","@id":"https:\/\/memurunsesi.net\/#\/schema\/logo\/image\/","url":"https:\/\/memurunsesi.net\/wp-content\/uploads\/2025\/11\/cropped-MEMURUN-SESI.png","contentUrl":"https:\/\/memurunsesi.net\/wp-content\/uploads\/2025\/11\/cropped-MEMURUN-SESI.png","width":238,"height":57,"caption":"Memurun Sesi"},"image":{"@id":"https:\/\/memurunsesi.net\/#\/schema\/logo\/image\/"},"sameAs":["https:\/\/www.facebook.com\/unipersen\/?locale=tr_TR","https:\/\/x.com\/unipersen"]},{"@type":"Person","@id":"https:\/\/memurunsesi.net\/#\/schema\/person\/f21c2d73b89f6ee1d80b0a1803e38587","name":"Memurun Sesi Haber Merkezi","image":{"@type":"ImageObject","inLanguage":"tr","@id":"https:\/\/secure.gravatar.com\/avatar\/6cf0505f452ee753f485014986fab09a434671d2b919ee76fc541025c5876a70?s=96&d=mm&r=g","url":"https:\/\/secure.gravatar.com\/avatar\/6cf0505f452ee753f485014986fab09a434671d2b919ee76fc541025c5876a70?s=96&d=mm&r=g","contentUrl":"https:\/\/secure.gravatar.com\/avatar\/6cf0505f452ee753f485014986fab09a434671d2b919ee76fc541025c5876a70?s=96&d=mm&r=g","caption":"Memurun Sesi Haber Merkezi"},"sameAs":["https:\/\/memurunsesi.net"],"url":"https:\/\/memurunsesi.net\/index.php\/author\/uniper\/"}]}},"_links":{"self":[{"href":"https:\/\/memurunsesi.net\/index.php\/wp-json\/wp\/v2\/posts\/14522","targetHints":{"allow":["GET"]}}],"collection":[{"href":"https:\/\/memurunsesi.net\/index.php\/wp-json\/wp\/v2\/posts"}],"about":[{"href":"https:\/\/memurunsesi.net\/index.php\/wp-json\/wp\/v2\/types\/post"}],"author":[{"embeddable":true,"href":"https:\/\/memurunsesi.net\/index.php\/wp-json\/wp\/v2\/users\/1"}],"replies":[{"embeddable":true,"href":"https:\/\/memurunsesi.net\/index.php\/wp-json\/wp\/v2\/comments?post=14522"}],"version-history":[{"count":1,"href":"https:\/\/memurunsesi.net\/index.php\/wp-json\/wp\/v2\/posts\/14522\/revisions"}],"predecessor-version":[{"id":14524,"href":"https:\/\/memurunsesi.net\/index.php\/wp-json\/wp\/v2\/posts\/14522\/revisions\/14524"}],"wp:featuredmedia":[{"embeddable":true,"href":"https:\/\/memurunsesi.net\/index.php\/wp-json\/wp\/v2\/media\/14523"}],"wp:attachment":[{"href":"https:\/\/memurunsesi.net\/index.php\/wp-json\/wp\/v2\/media?parent=14522"}],"wp:term":[{"taxonomy":"category","embeddable":true,"href":"https:\/\/memurunsesi.net\/index.php\/wp-json\/wp\/v2\/categories?post=14522"},{"taxonomy":"post_tag","embeddable":true,"href":"https:\/\/memurunsesi.net\/index.php\/wp-json\/wp\/v2\/tags?post=14522"}],"curies":[{"name":"wp","href":"https:\/\/api.w.org\/{rel}","templated":true}]}}