{"id":14679,"date":"2025-11-30T09:03:05","date_gmt":"2025-11-30T06:03:05","guid":{"rendered":"https:\/\/memurunsesi.net\/?p=14679"},"modified":"2025-11-30T09:03:05","modified_gmt":"2025-11-30T06:03:05","slug":"samsun-gida-osbden-100un-uzerinde-ulkeye-ihracat","status":"publish","type":"post","link":"https:\/\/memurunsesi.net\/index.php\/2025\/11\/30\/samsun-gida-osbden-100un-uzerinde-ulkeye-ihracat\/","title":{"rendered":"Samsun G\u0131da OSB\u2019den 100\u2019\u00fcn \u00fczerinde \u00fclkeye ihracat"},"content":{"rendered":"<p>Samsun Valili\u011fi, G\u0131da Organize Sanayi B\u00f6lgesi\u2019nde faaliyet g\u00f6steren i\u015fletmelerin 100\u2019den fazla \u00fclkeye ihracat yaparak hem Samsun\u2019un hem de T\u00fcrkiye\u2019nin ekonomik b\u00fcy\u00fcmesine \u00f6nemli katk\u0131 sa\u011flad\u0131\u011f\u0131n\u0131 a\u00e7\u0131klad\u0131.<br \/>\nValilik taraf\u0131ndan yap\u0131lan bilgilendirmeye g\u00f6re Samsun G\u0131da OSB, \u00c7ar\u015famba Havaliman\u0131 ve Ye\u015filyurt Liman\u0131\u2019na 5 kilometre mesafede, D010 Karayolu \u00fczerinde avantajl\u0131 bir konumda bulunuyor. Toplam 674 bin metrekarelik alan \u00fczerine kurulu olan b\u00f6lgenin 428 bin metrekarelik k\u0131sm\u0131n\u0131 sanayi parselleri olu\u015fturuyor.<br \/>\nOSB\u2019de bulunan 34 sanayi parselinin 32\u2019sinin tahsis edildi\u011fi, tahsisli parsellerden 22\u2019sinin i\u015fyeri a\u00e7ma ve \u00e7al\u0131\u015fma ruhsat\u0131n\u0131 ald\u0131\u011f\u0131 belirtildi. A\u00e7\u0131klamada 8 parselde in\u015faat \u00e7al\u0131\u015fmalar\u0131n\u0131n s\u00fcrd\u00fc\u011f\u00fc, 2 parselin ise proje a\u015famas\u0131nda oldu\u011fu ifade edildi. B\u00f6lgedeki doluluk oran\u0131n\u0131n y\u00fczde 92\u2019ye ula\u015ft\u0131\u011f\u0131 bildirildi.<br \/>\nG\u0131da OSB\u2019de faaliyet g\u00f6steren i\u015fletmelerde toplam bin 400 ki\u015finin istihdam edildi\u011fi kaydedildi. Ayr\u0131ca b\u00f6lgede \u00fcretim yapan firmalar\u0131n her y\u0131l \u0130stanbul Sanayi Odas\u0131 (\u0130SO) taraf\u0131ndan a\u00e7\u0131klanan T\u00fcrkiye\u2019nin 500 B\u00fcy\u00fck Sanayi Kurulu\u015fu ile \u0130kinci 500 B\u00fcy\u00fck Sanayi Kurulu\u015fu listelerinde yer alarak hem Samsun\u2019a hem de \u00fclke ekonomisine katk\u0131 sundu\u011fu aktar\u0131ld\u0131.<br \/>\nValilik a\u00e7\u0131klamas\u0131nda, OSB\u2019de faaliyet g\u00f6steren firmalar\u0131n 100\u2019\u00fcn \u00fczerinde \u00fclkeye ihracat yapt\u0131\u011f\u0131 belirtilerek, G\u0131da OSB\u2019nin b\u00f6lgesel kalk\u0131nmaya \u00f6nemli bir ivme kazand\u0131rd\u0131\u011f\u0131 vurguland\u0131.<\/p>\n<p>30.11.2025<\/p>\n","protected":false},"excerpt":{"rendered":"<p>Samsun Valili\u011fi, G\u0131da Organize Sanayi B\u00f6lgesi\u2019nde faaliyet g\u00f6steren i\u015fletmelerin 100\u2019den fazla \u00fclkeye ihracat yaparak hem Samsun\u2019un hem de T\u00fcrkiye\u2019nin ekonomik b\u00fcy\u00fcmesine \u00f6nemli katk\u0131 sa\u011flad\u0131\u011f\u0131n\u0131 a\u00e7\u0131klad\u0131. Valilik taraf\u0131ndan yap\u0131lan bilgilendirmeye g\u00f6re Samsun G\u0131da OSB, \u00c7ar\u015famba Havaliman\u0131 ve Ye\u015filyurt Liman\u0131\u2019na 5 kilometre mesafede, D010 Karayolu \u00fczerinde avantajl\u0131 bir konumda bulunuyor. Toplam 674 bin metrekarelik alan \u00fczerine kurulu [&hellip;]<\/p>\n","protected":false},"author":1,"featured_media":14680,"comment_status":"open","ping_status":"open","sticky":false,"template":"","format":"standard","meta":{"footnotes":""},"categories":[48],"tags":[435],"class_list":["post-14679","post","type-post","status-publish","format-standard","has-post-thumbnail","hentry","category-ekonomi","tag-100un-uzerinde-ulkeye-ihracat"],"yoast_head":"<!-- This site is optimized with the Yoast SEO plugin v27.4 - https:\/\/yoast.com\/product\/yoast-seo-wordpress\/ -->\n<title>Samsun G\u0131da OSB\u2019den 100\u2019\u00fcn \u00fczerinde \u00fclkeye ihracat - Memurun Sesi<\/title>\n<meta name=\"description\" content=\"Samsun G\u0131da OSB\u2019den 100\u2019\u00fcn \u00fczerinde \u00fclkeye ihracat\" \/>\n<meta name=\"robots\" content=\"index, follow, max-snippet:-1, max-image-preview:large, max-video-preview:-1\" \/>\n<link rel=\"canonical\" href=\"https:\/\/memurunsesi.net\/index.php\/2025\/11\/30\/samsun-gida-osbden-100un-uzerinde-ulkeye-ihracat\/\" \/>\n<meta property=\"og:locale\" content=\"tr_TR\" \/>\n<meta property=\"og:type\" content=\"article\" \/>\n<meta property=\"og:title\" content=\"Samsun G\u0131da OSB\u2019den 100\u2019\u00fcn \u00fczerinde \u00fclkeye ihracat - Memurun Sesi\" \/>\n<meta property=\"og:description\" content=\"Samsun G\u0131da OSB\u2019den 100\u2019\u00fcn \u00fczerinde \u00fclkeye ihracat\" \/>\n<meta property=\"og:url\" content=\"https:\/\/memurunsesi.net\/index.php\/2025\/11\/30\/samsun-gida-osbden-100un-uzerinde-ulkeye-ihracat\/\" \/>\n<meta property=\"og:site_name\" content=\"Memurun Sesi\" \/>\n<meta property=\"article:publisher\" content=\"https:\/\/www.facebook.com\/unipersen\/?locale=tr_TR\" \/>\n<meta property=\"article:published_time\" content=\"2025-11-30T06:03:05+00:00\" \/>\n<meta property=\"og:image\" content=\"https:\/\/memurunsesi.net\/wp-content\/uploads\/2025\/11\/SAMSUN.jpg\" \/>\n\t<meta property=\"og:image:width\" content=\"1599\" \/>\n\t<meta property=\"og:image:height\" content=\"899\" \/>\n\t<meta property=\"og:image:type\" content=\"image\/jpeg\" \/>\n<meta name=\"author\" content=\"Memurun Sesi Haber Merkezi\" \/>\n<meta name=\"twitter:card\" content=\"summary_large_image\" \/>\n<meta name=\"twitter:creator\" content=\"@unipersen\" \/>\n<meta name=\"twitter:site\" content=\"@unipersen\" \/>\n<meta name=\"twitter:label1\" content=\"Yazan:\" \/>\n\t<meta name=\"twitter:data1\" content=\"Memurun Sesi Haber Merkezi\" \/>\n\t<meta name=\"twitter:label2\" content=\"Tahmini okuma s\u00fcresi\" \/>\n\t<meta name=\"twitter:data2\" content=\"2 dakika\" \/>\n<script type=\"application\/ld+json\" class=\"yoast-schema-graph\">{\"@context\":\"https:\\\/\\\/schema.org\",\"@graph\":[{\"@type\":\"Article\",\"@id\":\"https:\\\/\\\/memurunsesi.net\\\/index.php\\\/2025\\\/11\\\/30\\\/samsun-gida-osbden-100un-uzerinde-ulkeye-ihracat\\\/#article\",\"isPartOf\":{\"@id\":\"https:\\\/\\\/memurunsesi.net\\\/index.php\\\/2025\\\/11\\\/30\\\/samsun-gida-osbden-100un-uzerinde-ulkeye-ihracat\\\/\"},\"author\":{\"name\":\"Memurun Sesi Haber Merkezi\",\"@id\":\"https:\\\/\\\/memurunsesi.net\\\/#\\\/schema\\\/person\\\/f21c2d73b89f6ee1d80b0a1803e38587\"},\"headline\":\"Samsun G\u0131da OSB\u2019den 100\u2019\u00fcn \u00fczerinde \u00fclkeye ihracat\",\"datePublished\":\"2025-11-30T06:03:05+00:00\",\"mainEntityOfPage\":{\"@id\":\"https:\\\/\\\/memurunsesi.net\\\/index.php\\\/2025\\\/11\\\/30\\\/samsun-gida-osbden-100un-uzerinde-ulkeye-ihracat\\\/\"},\"wordCount\":250,\"commentCount\":0,\"publisher\":{\"@id\":\"https:\\\/\\\/memurunsesi.net\\\/#organization\"},\"image\":{\"@id\":\"https:\\\/\\\/memurunsesi.net\\\/index.php\\\/2025\\\/11\\\/30\\\/samsun-gida-osbden-100un-uzerinde-ulkeye-ihracat\\\/#primaryimage\"},\"thumbnailUrl\":\"https:\\\/\\\/memurunsesi.net\\\/wp-content\\\/uploads\\\/2025\\\/11\\\/SAMSUN.jpg\",\"keywords\":[\"100\u2019\u00fcn \u00fczerinde \u00fclkeye ihracat\"],\"articleSection\":[\"Ekonomi\"],\"inLanguage\":\"tr\",\"potentialAction\":[{\"@type\":\"CommentAction\",\"name\":\"Comment\",\"target\":[\"https:\\\/\\\/memurunsesi.net\\\/index.php\\\/2025\\\/11\\\/30\\\/samsun-gida-osbden-100un-uzerinde-ulkeye-ihracat\\\/#respond\"]}]},{\"@type\":\"WebPage\",\"@id\":\"https:\\\/\\\/memurunsesi.net\\\/index.php\\\/2025\\\/11\\\/30\\\/samsun-gida-osbden-100un-uzerinde-ulkeye-ihracat\\\/\",\"url\":\"https:\\\/\\\/memurunsesi.net\\\/index.php\\\/2025\\\/11\\\/30\\\/samsun-gida-osbden-100un-uzerinde-ulkeye-ihracat\\\/\",\"name\":\"Samsun G\u0131da OSB\u2019den 100\u2019\u00fcn \u00fczerinde \u00fclkeye ihracat - Memurun Sesi\",\"isPartOf\":{\"@id\":\"https:\\\/\\\/memurunsesi.net\\\/#website\"},\"primaryImageOfPage\":{\"@id\":\"https:\\\/\\\/memurunsesi.net\\\/index.php\\\/2025\\\/11\\\/30\\\/samsun-gida-osbden-100un-uzerinde-ulkeye-ihracat\\\/#primaryimage\"},\"image\":{\"@id\":\"https:\\\/\\\/memurunsesi.net\\\/index.php\\\/2025\\\/11\\\/30\\\/samsun-gida-osbden-100un-uzerinde-ulkeye-ihracat\\\/#primaryimage\"},\"thumbnailUrl\":\"https:\\\/\\\/memurunsesi.net\\\/wp-content\\\/uploads\\\/2025\\\/11\\\/SAMSUN.jpg\",\"datePublished\":\"2025-11-30T06:03:05+00:00\",\"description\":\"Samsun G\u0131da OSB\u2019den 100\u2019\u00fcn \u00fczerinde \u00fclkeye ihracat\",\"breadcrumb\":{\"@id\":\"https:\\\/\\\/memurunsesi.net\\\/index.php\\\/2025\\\/11\\\/30\\\/samsun-gida-osbden-100un-uzerinde-ulkeye-ihracat\\\/#breadcrumb\"},\"inLanguage\":\"tr\",\"potentialAction\":[{\"@type\":\"ReadAction\",\"target\":[\"https:\\\/\\\/memurunsesi.net\\\/index.php\\\/2025\\\/11\\\/30\\\/samsun-gida-osbden-100un-uzerinde-ulkeye-ihracat\\\/\"]}]},{\"@type\":\"ImageObject\",\"inLanguage\":\"tr\",\"@id\":\"https:\\\/\\\/memurunsesi.net\\\/index.php\\\/2025\\\/11\\\/30\\\/samsun-gida-osbden-100un-uzerinde-ulkeye-ihracat\\\/#primaryimage\",\"url\":\"https:\\\/\\\/memurunsesi.net\\\/wp-content\\\/uploads\\\/2025\\\/11\\\/SAMSUN.jpg\",\"contentUrl\":\"https:\\\/\\\/memurunsesi.net\\\/wp-content\\\/uploads\\\/2025\\\/11\\\/SAMSUN.jpg\",\"width\":1599,\"height\":899,\"caption\":\"VAL\u0130L\u0130K TARAFINDAN YAPILAN B\u0130LG\u0130LEND\u0130RMEYE G\u00d6RE SAMSUN GIDA OSB, \u00c7AR\u015eAMBA HAVAL\u0130MANI VE YE\u015e\u0130LYURT L\u0130MANI'NA 5 K\u0130LOMETRE MESAFEDE, D010 KARAYOLU \u00dcZER\u0130NDE AVANTAJLI B\u0130R KONUMDA BULUNUYOR. TOPLAM 674 B\u0130N METREKAREL\u0130K ALAN \u00dcZER\u0130NE KURULU OLAN B\u00d6LGEN\u0130N 428 B\u0130N METREKAREL\u0130K KISMINI SANAY\u0130 PARSELLER\u0130 OLU\u015eTURUYOR. (\u0130HA\\\/SAMSUN-\u0130HA) Samsun Valili\u011fi, G\u0131da Organize Sanayi B\u00f6lgesi'nde faaliyet g\u00f6steren i\u015fletmelerin 100'den fazla \u00fclkeye ihracat yaparak hem Samsun'un hem de T\u00fcrkiye'nin ekonomik b\u00fcy\u00fcmesine \u00f6nemli katk\u0131 sa\u011flad\u0131\u011f\u0131n\u0131 a\u00e7\u0131klad\u0131.\"},{\"@type\":\"BreadcrumbList\",\"@id\":\"https:\\\/\\\/memurunsesi.net\\\/index.php\\\/2025\\\/11\\\/30\\\/samsun-gida-osbden-100un-uzerinde-ulkeye-ihracat\\\/#breadcrumb\",\"itemListElement\":[{\"@type\":\"ListItem\",\"position\":1,\"name\":\"Anasayfa\",\"item\":\"https:\\\/\\\/memurunsesi.net\\\/\"},{\"@type\":\"ListItem\",\"position\":2,\"name\":\"Samsun G\u0131da OSB\u2019den 100\u2019\u00fcn \u00fczerinde \u00fclkeye ihracat\"}]},{\"@type\":\"WebSite\",\"@id\":\"https:\\\/\\\/memurunsesi.net\\\/#website\",\"url\":\"https:\\\/\\\/memurunsesi.net\\\/\",\"name\":\"Memurun Sesi\",\"description\":\"G\u00fcncel ve Do\u011fru Haber\",\"publisher\":{\"@id\":\"https:\\\/\\\/memurunsesi.net\\\/#organization\"},\"potentialAction\":[{\"@type\":\"SearchAction\",\"target\":{\"@type\":\"EntryPoint\",\"urlTemplate\":\"https:\\\/\\\/memurunsesi.net\\\/?s={search_term_string}\"},\"query-input\":{\"@type\":\"PropertyValueSpecification\",\"valueRequired\":true,\"valueName\":\"search_term_string\"}}],\"inLanguage\":\"tr\"},{\"@type\":\"Organization\",\"@id\":\"https:\\\/\\\/memurunsesi.net\\\/#organization\",\"name\":\"Memurun Sesi\",\"url\":\"https:\\\/\\\/memurunsesi.net\\\/\",\"logo\":{\"@type\":\"ImageObject\",\"inLanguage\":\"tr\",\"@id\":\"https:\\\/\\\/memurunsesi.net\\\/#\\\/schema\\\/logo\\\/image\\\/\",\"url\":\"https:\\\/\\\/memurunsesi.net\\\/wp-content\\\/uploads\\\/2025\\\/11\\\/cropped-MEMURUN-SESI.png\",\"contentUrl\":\"https:\\\/\\\/memurunsesi.net\\\/wp-content\\\/uploads\\\/2025\\\/11\\\/cropped-MEMURUN-SESI.png\",\"width\":238,\"height\":57,\"caption\":\"Memurun Sesi\"},\"image\":{\"@id\":\"https:\\\/\\\/memurunsesi.net\\\/#\\\/schema\\\/logo\\\/image\\\/\"},\"sameAs\":[\"https:\\\/\\\/www.facebook.com\\\/unipersen\\\/?locale=tr_TR\",\"https:\\\/\\\/x.com\\\/unipersen\"]},{\"@type\":\"Person\",\"@id\":\"https:\\\/\\\/memurunsesi.net\\\/#\\\/schema\\\/person\\\/f21c2d73b89f6ee1d80b0a1803e38587\",\"name\":\"Memurun Sesi Haber Merkezi\",\"image\":{\"@type\":\"ImageObject\",\"inLanguage\":\"tr\",\"@id\":\"https:\\\/\\\/secure.gravatar.com\\\/avatar\\\/6cf0505f452ee753f485014986fab09a434671d2b919ee76fc541025c5876a70?s=96&d=mm&r=g\",\"url\":\"https:\\\/\\\/secure.gravatar.com\\\/avatar\\\/6cf0505f452ee753f485014986fab09a434671d2b919ee76fc541025c5876a70?s=96&d=mm&r=g\",\"contentUrl\":\"https:\\\/\\\/secure.gravatar.com\\\/avatar\\\/6cf0505f452ee753f485014986fab09a434671d2b919ee76fc541025c5876a70?s=96&d=mm&r=g\",\"caption\":\"Memurun Sesi Haber Merkezi\"},\"sameAs\":[\"https:\\\/\\\/memurunsesi.net\"],\"url\":\"https:\\\/\\\/memurunsesi.net\\\/index.php\\\/author\\\/uniper\\\/\"}]}<\/script>\n<!-- \/ Yoast SEO plugin. -->","yoast_head_json":{"title":"Samsun G\u0131da OSB\u2019den 100\u2019\u00fcn \u00fczerinde \u00fclkeye ihracat - Memurun Sesi","description":"Samsun G\u0131da OSB\u2019den 100\u2019\u00fcn \u00fczerinde \u00fclkeye ihracat","robots":{"index":"index","follow":"follow","max-snippet":"max-snippet:-1","max-image-preview":"max-image-preview:large","max-video-preview":"max-video-preview:-1"},"canonical":"https:\/\/memurunsesi.net\/index.php\/2025\/11\/30\/samsun-gida-osbden-100un-uzerinde-ulkeye-ihracat\/","og_locale":"tr_TR","og_type":"article","og_title":"Samsun G\u0131da OSB\u2019den 100\u2019\u00fcn \u00fczerinde \u00fclkeye ihracat - Memurun Sesi","og_description":"Samsun G\u0131da OSB\u2019den 100\u2019\u00fcn \u00fczerinde \u00fclkeye ihracat","og_url":"https:\/\/memurunsesi.net\/index.php\/2025\/11\/30\/samsun-gida-osbden-100un-uzerinde-ulkeye-ihracat\/","og_site_name":"Memurun Sesi","article_publisher":"https:\/\/www.facebook.com\/unipersen\/?locale=tr_TR","article_published_time":"2025-11-30T06:03:05+00:00","og_image":[{"width":1599,"height":899,"url":"https:\/\/memurunsesi.net\/wp-content\/uploads\/2025\/11\/SAMSUN.jpg","type":"image\/jpeg"}],"author":"Memurun Sesi Haber Merkezi","twitter_card":"summary_large_image","twitter_creator":"@unipersen","twitter_site":"@unipersen","twitter_misc":{"Yazan:":"Memurun Sesi Haber Merkezi","Tahmini okuma s\u00fcresi":"2 dakika"},"schema":{"@context":"https:\/\/schema.org","@graph":[{"@type":"Article","@id":"https:\/\/memurunsesi.net\/index.php\/2025\/11\/30\/samsun-gida-osbden-100un-uzerinde-ulkeye-ihracat\/#article","isPartOf":{"@id":"https:\/\/memurunsesi.net\/index.php\/2025\/11\/30\/samsun-gida-osbden-100un-uzerinde-ulkeye-ihracat\/"},"author":{"name":"Memurun Sesi Haber Merkezi","@id":"https:\/\/memurunsesi.net\/#\/schema\/person\/f21c2d73b89f6ee1d80b0a1803e38587"},"headline":"Samsun G\u0131da OSB\u2019den 100\u2019\u00fcn \u00fczerinde \u00fclkeye ihracat","datePublished":"2025-11-30T06:03:05+00:00","mainEntityOfPage":{"@id":"https:\/\/memurunsesi.net\/index.php\/2025\/11\/30\/samsun-gida-osbden-100un-uzerinde-ulkeye-ihracat\/"},"wordCount":250,"commentCount":0,"publisher":{"@id":"https:\/\/memurunsesi.net\/#organization"},"image":{"@id":"https:\/\/memurunsesi.net\/index.php\/2025\/11\/30\/samsun-gida-osbden-100un-uzerinde-ulkeye-ihracat\/#primaryimage"},"thumbnailUrl":"https:\/\/memurunsesi.net\/wp-content\/uploads\/2025\/11\/SAMSUN.jpg","keywords":["100\u2019\u00fcn \u00fczerinde \u00fclkeye ihracat"],"articleSection":["Ekonomi"],"inLanguage":"tr","potentialAction":[{"@type":"CommentAction","name":"Comment","target":["https:\/\/memurunsesi.net\/index.php\/2025\/11\/30\/samsun-gida-osbden-100un-uzerinde-ulkeye-ihracat\/#respond"]}]},{"@type":"WebPage","@id":"https:\/\/memurunsesi.net\/index.php\/2025\/11\/30\/samsun-gida-osbden-100un-uzerinde-ulkeye-ihracat\/","url":"https:\/\/memurunsesi.net\/index.php\/2025\/11\/30\/samsun-gida-osbden-100un-uzerinde-ulkeye-ihracat\/","name":"Samsun G\u0131da OSB\u2019den 100\u2019\u00fcn \u00fczerinde \u00fclkeye ihracat - Memurun Sesi","isPartOf":{"@id":"https:\/\/memurunsesi.net\/#website"},"primaryImageOfPage":{"@id":"https:\/\/memurunsesi.net\/index.php\/2025\/11\/30\/samsun-gida-osbden-100un-uzerinde-ulkeye-ihracat\/#primaryimage"},"image":{"@id":"https:\/\/memurunsesi.net\/index.php\/2025\/11\/30\/samsun-gida-osbden-100un-uzerinde-ulkeye-ihracat\/#primaryimage"},"thumbnailUrl":"https:\/\/memurunsesi.net\/wp-content\/uploads\/2025\/11\/SAMSUN.jpg","datePublished":"2025-11-30T06:03:05+00:00","description":"Samsun G\u0131da OSB\u2019den 100\u2019\u00fcn \u00fczerinde \u00fclkeye ihracat","breadcrumb":{"@id":"https:\/\/memurunsesi.net\/index.php\/2025\/11\/30\/samsun-gida-osbden-100un-uzerinde-ulkeye-ihracat\/#breadcrumb"},"inLanguage":"tr","potentialAction":[{"@type":"ReadAction","target":["https:\/\/memurunsesi.net\/index.php\/2025\/11\/30\/samsun-gida-osbden-100un-uzerinde-ulkeye-ihracat\/"]}]},{"@type":"ImageObject","inLanguage":"tr","@id":"https:\/\/memurunsesi.net\/index.php\/2025\/11\/30\/samsun-gida-osbden-100un-uzerinde-ulkeye-ihracat\/#primaryimage","url":"https:\/\/memurunsesi.net\/wp-content\/uploads\/2025\/11\/SAMSUN.jpg","contentUrl":"https:\/\/memurunsesi.net\/wp-content\/uploads\/2025\/11\/SAMSUN.jpg","width":1599,"height":899,"caption":"VAL\u0130L\u0130K TARAFINDAN YAPILAN B\u0130LG\u0130LEND\u0130RMEYE G\u00d6RE SAMSUN GIDA OSB, \u00c7AR\u015eAMBA HAVAL\u0130MANI VE YE\u015e\u0130LYURT L\u0130MANI'NA 5 K\u0130LOMETRE MESAFEDE, D010 KARAYOLU \u00dcZER\u0130NDE AVANTAJLI B\u0130R KONUMDA BULUNUYOR. TOPLAM 674 B\u0130N METREKAREL\u0130K ALAN \u00dcZER\u0130NE KURULU OLAN B\u00d6LGEN\u0130N 428 B\u0130N METREKAREL\u0130K KISMINI SANAY\u0130 PARSELLER\u0130 OLU\u015eTURUYOR. (\u0130HA\/SAMSUN-\u0130HA) Samsun Valili\u011fi, G\u0131da Organize Sanayi B\u00f6lgesi'nde faaliyet g\u00f6steren i\u015fletmelerin 100'den fazla \u00fclkeye ihracat yaparak hem Samsun'un hem de T\u00fcrkiye'nin ekonomik b\u00fcy\u00fcmesine \u00f6nemli katk\u0131 sa\u011flad\u0131\u011f\u0131n\u0131 a\u00e7\u0131klad\u0131."},{"@type":"BreadcrumbList","@id":"https:\/\/memurunsesi.net\/index.php\/2025\/11\/30\/samsun-gida-osbden-100un-uzerinde-ulkeye-ihracat\/#breadcrumb","itemListElement":[{"@type":"ListItem","position":1,"name":"Anasayfa","item":"https:\/\/memurunsesi.net\/"},{"@type":"ListItem","position":2,"name":"Samsun G\u0131da OSB\u2019den 100\u2019\u00fcn \u00fczerinde \u00fclkeye ihracat"}]},{"@type":"WebSite","@id":"https:\/\/memurunsesi.net\/#website","url":"https:\/\/memurunsesi.net\/","name":"Memurun Sesi","description":"G\u00fcncel ve Do\u011fru Haber","publisher":{"@id":"https:\/\/memurunsesi.net\/#organization"},"potentialAction":[{"@type":"SearchAction","target":{"@type":"EntryPoint","urlTemplate":"https:\/\/memurunsesi.net\/?s={search_term_string}"},"query-input":{"@type":"PropertyValueSpecification","valueRequired":true,"valueName":"search_term_string"}}],"inLanguage":"tr"},{"@type":"Organization","@id":"https:\/\/memurunsesi.net\/#organization","name":"Memurun Sesi","url":"https:\/\/memurunsesi.net\/","logo":{"@type":"ImageObject","inLanguage":"tr","@id":"https:\/\/memurunsesi.net\/#\/schema\/logo\/image\/","url":"https:\/\/memurunsesi.net\/wp-content\/uploads\/2025\/11\/cropped-MEMURUN-SESI.png","contentUrl":"https:\/\/memurunsesi.net\/wp-content\/uploads\/2025\/11\/cropped-MEMURUN-SESI.png","width":238,"height":57,"caption":"Memurun Sesi"},"image":{"@id":"https:\/\/memurunsesi.net\/#\/schema\/logo\/image\/"},"sameAs":["https:\/\/www.facebook.com\/unipersen\/?locale=tr_TR","https:\/\/x.com\/unipersen"]},{"@type":"Person","@id":"https:\/\/memurunsesi.net\/#\/schema\/person\/f21c2d73b89f6ee1d80b0a1803e38587","name":"Memurun Sesi Haber Merkezi","image":{"@type":"ImageObject","inLanguage":"tr","@id":"https:\/\/secure.gravatar.com\/avatar\/6cf0505f452ee753f485014986fab09a434671d2b919ee76fc541025c5876a70?s=96&d=mm&r=g","url":"https:\/\/secure.gravatar.com\/avatar\/6cf0505f452ee753f485014986fab09a434671d2b919ee76fc541025c5876a70?s=96&d=mm&r=g","contentUrl":"https:\/\/secure.gravatar.com\/avatar\/6cf0505f452ee753f485014986fab09a434671d2b919ee76fc541025c5876a70?s=96&d=mm&r=g","caption":"Memurun Sesi Haber Merkezi"},"sameAs":["https:\/\/memurunsesi.net"],"url":"https:\/\/memurunsesi.net\/index.php\/author\/uniper\/"}]}},"_links":{"self":[{"href":"https:\/\/memurunsesi.net\/index.php\/wp-json\/wp\/v2\/posts\/14679","targetHints":{"allow":["GET"]}}],"collection":[{"href":"https:\/\/memurunsesi.net\/index.php\/wp-json\/wp\/v2\/posts"}],"about":[{"href":"https:\/\/memurunsesi.net\/index.php\/wp-json\/wp\/v2\/types\/post"}],"author":[{"embeddable":true,"href":"https:\/\/memurunsesi.net\/index.php\/wp-json\/wp\/v2\/users\/1"}],"replies":[{"embeddable":true,"href":"https:\/\/memurunsesi.net\/index.php\/wp-json\/wp\/v2\/comments?post=14679"}],"version-history":[{"count":1,"href":"https:\/\/memurunsesi.net\/index.php\/wp-json\/wp\/v2\/posts\/14679\/revisions"}],"predecessor-version":[{"id":14681,"href":"https:\/\/memurunsesi.net\/index.php\/wp-json\/wp\/v2\/posts\/14679\/revisions\/14681"}],"wp:featuredmedia":[{"embeddable":true,"href":"https:\/\/memurunsesi.net\/index.php\/wp-json\/wp\/v2\/media\/14680"}],"wp:attachment":[{"href":"https:\/\/memurunsesi.net\/index.php\/wp-json\/wp\/v2\/media?parent=14679"}],"wp:term":[{"taxonomy":"category","embeddable":true,"href":"https:\/\/memurunsesi.net\/index.php\/wp-json\/wp\/v2\/categories?post=14679"},{"taxonomy":"post_tag","embeddable":true,"href":"https:\/\/memurunsesi.net\/index.php\/wp-json\/wp\/v2\/tags?post=14679"}],"curies":[{"name":"wp","href":"https:\/\/api.w.org\/{rel}","templated":true}]}}