{"id":14792,"date":"2025-12-02T09:04:40","date_gmt":"2025-12-02T06:04:40","guid":{"rendered":"https:\/\/memurunsesi.net\/?p=14792"},"modified":"2025-12-02T09:04:40","modified_gmt":"2025-12-02T06:04:40","slug":"sislide-silahli-kavga-1-yarali","status":"publish","type":"post","link":"https:\/\/memurunsesi.net\/index.php\/2025\/12\/02\/sislide-silahli-kavga-1-yarali\/","title":{"rendered":"\u015ei\u015fli\u2019de silahl\u0131 kavga: 1 yaral\u0131"},"content":{"rendered":"<p>  \u015ei\u015fli\u2019de iki ki\u015fi aras\u0131nda ba\u015flayan tart\u0131\u015fma h\u0131zla b\u00fcy\u00fcyerek yerini silahl\u0131 kavgaya b\u0131rakt\u0131. \u00c7\u0131kan kavgada bir ki\u015fi kas\u0131k b\u00f6lgesinden vurularak yaraland\u0131.<br \/>\n  Olay, saat 23.30 s\u0131ralar\u0131nda Eski\u015fehir Mahallesi Aka\u011falar Caddesi\u2019nde meydana geldi. \u0130ddiaya g\u00f6re iki ki\u015fi aras\u0131nda hen\u00fcz nedeni bilinmeyen bir sebeple tart\u0131\u015fma \u00e7\u0131kt\u0131. \u00c7\u0131kan tart\u0131\u015fma k\u0131sa s\u00fcrede b\u00fcy\u00fcyerek silahl\u0131 kavgaya d\u00f6n\u00fc\u015ft\u00fc. Taraflardan birisi yan\u0131nda getirdi\u011fi silahla tart\u0131\u015ft\u0131\u011f\u0131 di\u011fer \u015fahs\u0131 kas\u0131k b\u00f6lgesinden vurarak yaralad\u0131. Silah seslerini duyan mahallelinin ihbar\u0131 \u00fczerine olay yerine sa\u011fl\u0131k, polis ve olay yeri inceleme ekipleri sevk edildi. Sa\u011fl\u0131k ekiplerinin ilk m\u00fcdahalesinin ard\u0131ndan yaralanan \u015fah\u0131s b\u00f6lgede ki en yak\u0131n devlet hastanesine kald\u0131r\u0131ld\u0131.<br \/>\n  \u015eahs\u0131 silahla yaralayan ki\u015fi b\u00f6lgeden h\u0131zla ka\u00e7arak uzakla\u015ft\u0131. Polis ka\u00e7an \u015fahs\u0131 yakalamak i\u00e7in geni\u015f \u00e7apl\u0131 \u00e7al\u0131\u015fma ba\u015flatt\u0131. Polis ekiplerinin olayla ilgili incelemesi s\u00fcr\u00fcyor. <\/p>\n<p>2.12.2025                                  <\/p>\n","protected":false},"excerpt":{"rendered":"<p>\u015ei\u015fli\u2019de iki ki\u015fi aras\u0131nda ba\u015flayan tart\u0131\u015fma h\u0131zla b\u00fcy\u00fcyerek yerini silahl\u0131 kavgaya b\u0131rakt\u0131. \u00c7\u0131kan kavgada bir ki\u015fi kas\u0131k b\u00f6lgesinden vurularak yaraland\u0131. Olay, saat 23.30 s\u0131ralar\u0131nda Eski\u015fehir Mahallesi Aka\u011falar Caddesi\u2019nde meydana geldi. \u0130ddiaya g\u00f6re iki ki\u015fi aras\u0131nda hen\u00fcz nedeni bilinmeyen bir sebeple tart\u0131\u015fma \u00e7\u0131kt\u0131. \u00c7\u0131kan tart\u0131\u015fma k\u0131sa s\u00fcrede b\u00fcy\u00fcyerek silahl\u0131 kavgaya d\u00f6n\u00fc\u015ft\u00fc. Taraflardan birisi yan\u0131nda getirdi\u011fi silahla [&hellip;]<\/p>\n","protected":false},"author":1,"featured_media":14793,"comment_status":"open","ping_status":"open","sticky":false,"template":"","format":"standard","meta":{"footnotes":""},"categories":[1],"tags":[294,71],"class_list":["post-14792","post","type-post","status-publish","format-standard","has-post-thumbnail","hentry","category-genel","tag-silahli-kavga","tag-yarali"],"yoast_head":"<!-- This site is optimized with the Yoast SEO plugin v27.4 - https:\/\/yoast.com\/product\/yoast-seo-wordpress\/ -->\n<title>\u015ei\u015fli\u2019de silahl\u0131 kavga: 1 yaral\u0131 - Memurun Sesi<\/title>\n<meta name=\"description\" content=\"\u015ei\u015fli\u2019de silahl\u0131 kavga: 1 yaral\u0131\" \/>\n<meta name=\"robots\" content=\"index, follow, max-snippet:-1, max-image-preview:large, max-video-preview:-1\" \/>\n<link rel=\"canonical\" href=\"https:\/\/memurunsesi.net\/index.php\/2025\/12\/02\/sislide-silahli-kavga-1-yarali\/\" \/>\n<meta property=\"og:locale\" content=\"tr_TR\" \/>\n<meta property=\"og:type\" content=\"article\" \/>\n<meta property=\"og:title\" content=\"\u015ei\u015fli\u2019de silahl\u0131 kavga: 1 yaral\u0131 - Memurun Sesi\" \/>\n<meta property=\"og:description\" content=\"\u015ei\u015fli\u2019de silahl\u0131 kavga: 1 yaral\u0131\" \/>\n<meta property=\"og:url\" content=\"https:\/\/memurunsesi.net\/index.php\/2025\/12\/02\/sislide-silahli-kavga-1-yarali\/\" \/>\n<meta property=\"og:site_name\" content=\"Memurun Sesi\" \/>\n<meta property=\"article:publisher\" content=\"https:\/\/www.facebook.com\/unipersen\/?locale=tr_TR\" \/>\n<meta property=\"article:published_time\" content=\"2025-12-02T06:04:40+00:00\" \/>\n<meta property=\"og:image\" content=\"https:\/\/memurunsesi.net\/wp-content\/uploads\/2025\/12\/sisli-scaled.jpg\" \/>\n\t<meta property=\"og:image:width\" content=\"2560\" \/>\n\t<meta property=\"og:image:height\" content=\"1440\" \/>\n\t<meta property=\"og:image:type\" content=\"image\/jpeg\" \/>\n<meta name=\"author\" content=\"Memurun Sesi Haber Merkezi\" \/>\n<meta name=\"twitter:card\" content=\"summary_large_image\" \/>\n<meta name=\"twitter:creator\" content=\"@unipersen\" \/>\n<meta name=\"twitter:site\" content=\"@unipersen\" \/>\n<meta name=\"twitter:label1\" content=\"Yazan:\" \/>\n\t<meta name=\"twitter:data1\" content=\"Memurun Sesi Haber Merkezi\" \/>\n\t<meta name=\"twitter:label2\" content=\"Tahmini okuma s\u00fcresi\" \/>\n\t<meta name=\"twitter:data2\" content=\"1 dakika\" \/>\n<script type=\"application\/ld+json\" class=\"yoast-schema-graph\">{\"@context\":\"https:\\\/\\\/schema.org\",\"@graph\":[{\"@type\":\"Article\",\"@id\":\"https:\\\/\\\/memurunsesi.net\\\/index.php\\\/2025\\\/12\\\/02\\\/sislide-silahli-kavga-1-yarali\\\/#article\",\"isPartOf\":{\"@id\":\"https:\\\/\\\/memurunsesi.net\\\/index.php\\\/2025\\\/12\\\/02\\\/sislide-silahli-kavga-1-yarali\\\/\"},\"author\":{\"name\":\"Memurun Sesi Haber Merkezi\",\"@id\":\"https:\\\/\\\/memurunsesi.net\\\/#\\\/schema\\\/person\\\/f21c2d73b89f6ee1d80b0a1803e38587\"},\"headline\":\"\u015ei\u015fli\u2019de silahl\u0131 kavga: 1 yaral\u0131\",\"datePublished\":\"2025-12-02T06:04:40+00:00\",\"mainEntityOfPage\":{\"@id\":\"https:\\\/\\\/memurunsesi.net\\\/index.php\\\/2025\\\/12\\\/02\\\/sislide-silahli-kavga-1-yarali\\\/\"},\"wordCount\":179,\"commentCount\":0,\"publisher\":{\"@id\":\"https:\\\/\\\/memurunsesi.net\\\/#organization\"},\"image\":{\"@id\":\"https:\\\/\\\/memurunsesi.net\\\/index.php\\\/2025\\\/12\\\/02\\\/sislide-silahli-kavga-1-yarali\\\/#primaryimage\"},\"thumbnailUrl\":\"https:\\\/\\\/memurunsesi.net\\\/wp-content\\\/uploads\\\/2025\\\/12\\\/sisli-scaled.jpg\",\"keywords\":[\"silahl\u0131 kavga\",\"yaral\u0131\"],\"inLanguage\":\"tr\",\"potentialAction\":[{\"@type\":\"CommentAction\",\"name\":\"Comment\",\"target\":[\"https:\\\/\\\/memurunsesi.net\\\/index.php\\\/2025\\\/12\\\/02\\\/sislide-silahli-kavga-1-yarali\\\/#respond\"]}]},{\"@type\":\"WebPage\",\"@id\":\"https:\\\/\\\/memurunsesi.net\\\/index.php\\\/2025\\\/12\\\/02\\\/sislide-silahli-kavga-1-yarali\\\/\",\"url\":\"https:\\\/\\\/memurunsesi.net\\\/index.php\\\/2025\\\/12\\\/02\\\/sislide-silahli-kavga-1-yarali\\\/\",\"name\":\"\u015ei\u015fli\u2019de silahl\u0131 kavga: 1 yaral\u0131 - Memurun Sesi\",\"isPartOf\":{\"@id\":\"https:\\\/\\\/memurunsesi.net\\\/#website\"},\"primaryImageOfPage\":{\"@id\":\"https:\\\/\\\/memurunsesi.net\\\/index.php\\\/2025\\\/12\\\/02\\\/sislide-silahli-kavga-1-yarali\\\/#primaryimage\"},\"image\":{\"@id\":\"https:\\\/\\\/memurunsesi.net\\\/index.php\\\/2025\\\/12\\\/02\\\/sislide-silahli-kavga-1-yarali\\\/#primaryimage\"},\"thumbnailUrl\":\"https:\\\/\\\/memurunsesi.net\\\/wp-content\\\/uploads\\\/2025\\\/12\\\/sisli-scaled.jpg\",\"datePublished\":\"2025-12-02T06:04:40+00:00\",\"description\":\"\u015ei\u015fli\u2019de silahl\u0131 kavga: 1 yaral\u0131\",\"breadcrumb\":{\"@id\":\"https:\\\/\\\/memurunsesi.net\\\/index.php\\\/2025\\\/12\\\/02\\\/sislide-silahli-kavga-1-yarali\\\/#breadcrumb\"},\"inLanguage\":\"tr\",\"potentialAction\":[{\"@type\":\"ReadAction\",\"target\":[\"https:\\\/\\\/memurunsesi.net\\\/index.php\\\/2025\\\/12\\\/02\\\/sislide-silahli-kavga-1-yarali\\\/\"]}]},{\"@type\":\"ImageObject\",\"inLanguage\":\"tr\",\"@id\":\"https:\\\/\\\/memurunsesi.net\\\/index.php\\\/2025\\\/12\\\/02\\\/sislide-silahli-kavga-1-yarali\\\/#primaryimage\",\"url\":\"https:\\\/\\\/memurunsesi.net\\\/wp-content\\\/uploads\\\/2025\\\/12\\\/sisli-scaled.jpg\",\"contentUrl\":\"https:\\\/\\\/memurunsesi.net\\\/wp-content\\\/uploads\\\/2025\\\/12\\\/sisli-scaled.jpg\",\"width\":2560,\"height\":1440,\"caption\":\"\u015e\u0130\u015eL\u0130'DE S\u0130LAHLI KAVGA: 1 YARALI (\u0130HSAN ATE\u015eMEN\\\/\u0130STANBUL-\u0130HA) \u015ei\u015fli'de iki ki\u015fi aras\u0131nda ba\u015flayan tart\u0131\u015fma h\u0131zla b\u00fcy\u00fcyerek yerini silahl\u0131 kavgaya b\u0131rakt\u0131. \u00c7\u0131kan kavgada bir ki\u015fi kas\u0131k b\u00f6lgesinden vurularak yaraland\u0131.\"},{\"@type\":\"BreadcrumbList\",\"@id\":\"https:\\\/\\\/memurunsesi.net\\\/index.php\\\/2025\\\/12\\\/02\\\/sislide-silahli-kavga-1-yarali\\\/#breadcrumb\",\"itemListElement\":[{\"@type\":\"ListItem\",\"position\":1,\"name\":\"Anasayfa\",\"item\":\"https:\\\/\\\/memurunsesi.net\\\/\"},{\"@type\":\"ListItem\",\"position\":2,\"name\":\"\u015ei\u015fli\u2019de silahl\u0131 kavga: 1 yaral\u0131\"}]},{\"@type\":\"WebSite\",\"@id\":\"https:\\\/\\\/memurunsesi.net\\\/#website\",\"url\":\"https:\\\/\\\/memurunsesi.net\\\/\",\"name\":\"Memurun Sesi\",\"description\":\"G\u00fcncel ve Do\u011fru Haber\",\"publisher\":{\"@id\":\"https:\\\/\\\/memurunsesi.net\\\/#organization\"},\"potentialAction\":[{\"@type\":\"SearchAction\",\"target\":{\"@type\":\"EntryPoint\",\"urlTemplate\":\"https:\\\/\\\/memurunsesi.net\\\/?s={search_term_string}\"},\"query-input\":{\"@type\":\"PropertyValueSpecification\",\"valueRequired\":true,\"valueName\":\"search_term_string\"}}],\"inLanguage\":\"tr\"},{\"@type\":\"Organization\",\"@id\":\"https:\\\/\\\/memurunsesi.net\\\/#organization\",\"name\":\"Memurun Sesi\",\"url\":\"https:\\\/\\\/memurunsesi.net\\\/\",\"logo\":{\"@type\":\"ImageObject\",\"inLanguage\":\"tr\",\"@id\":\"https:\\\/\\\/memurunsesi.net\\\/#\\\/schema\\\/logo\\\/image\\\/\",\"url\":\"https:\\\/\\\/memurunsesi.net\\\/wp-content\\\/uploads\\\/2025\\\/11\\\/cropped-MEMURUN-SESI.png\",\"contentUrl\":\"https:\\\/\\\/memurunsesi.net\\\/wp-content\\\/uploads\\\/2025\\\/11\\\/cropped-MEMURUN-SESI.png\",\"width\":238,\"height\":57,\"caption\":\"Memurun Sesi\"},\"image\":{\"@id\":\"https:\\\/\\\/memurunsesi.net\\\/#\\\/schema\\\/logo\\\/image\\\/\"},\"sameAs\":[\"https:\\\/\\\/www.facebook.com\\\/unipersen\\\/?locale=tr_TR\",\"https:\\\/\\\/x.com\\\/unipersen\"]},{\"@type\":\"Person\",\"@id\":\"https:\\\/\\\/memurunsesi.net\\\/#\\\/schema\\\/person\\\/f21c2d73b89f6ee1d80b0a1803e38587\",\"name\":\"Memurun Sesi Haber Merkezi\",\"image\":{\"@type\":\"ImageObject\",\"inLanguage\":\"tr\",\"@id\":\"https:\\\/\\\/secure.gravatar.com\\\/avatar\\\/6cf0505f452ee753f485014986fab09a434671d2b919ee76fc541025c5876a70?s=96&d=mm&r=g\",\"url\":\"https:\\\/\\\/secure.gravatar.com\\\/avatar\\\/6cf0505f452ee753f485014986fab09a434671d2b919ee76fc541025c5876a70?s=96&d=mm&r=g\",\"contentUrl\":\"https:\\\/\\\/secure.gravatar.com\\\/avatar\\\/6cf0505f452ee753f485014986fab09a434671d2b919ee76fc541025c5876a70?s=96&d=mm&r=g\",\"caption\":\"Memurun Sesi Haber Merkezi\"},\"sameAs\":[\"https:\\\/\\\/memurunsesi.net\"],\"url\":\"https:\\\/\\\/memurunsesi.net\\\/index.php\\\/author\\\/uniper\\\/\"}]}<\/script>\n<!-- \/ Yoast SEO plugin. -->","yoast_head_json":{"title":"\u015ei\u015fli\u2019de silahl\u0131 kavga: 1 yaral\u0131 - Memurun Sesi","description":"\u015ei\u015fli\u2019de silahl\u0131 kavga: 1 yaral\u0131","robots":{"index":"index","follow":"follow","max-snippet":"max-snippet:-1","max-image-preview":"max-image-preview:large","max-video-preview":"max-video-preview:-1"},"canonical":"https:\/\/memurunsesi.net\/index.php\/2025\/12\/02\/sislide-silahli-kavga-1-yarali\/","og_locale":"tr_TR","og_type":"article","og_title":"\u015ei\u015fli\u2019de silahl\u0131 kavga: 1 yaral\u0131 - Memurun Sesi","og_description":"\u015ei\u015fli\u2019de silahl\u0131 kavga: 1 yaral\u0131","og_url":"https:\/\/memurunsesi.net\/index.php\/2025\/12\/02\/sislide-silahli-kavga-1-yarali\/","og_site_name":"Memurun Sesi","article_publisher":"https:\/\/www.facebook.com\/unipersen\/?locale=tr_TR","article_published_time":"2025-12-02T06:04:40+00:00","og_image":[{"width":2560,"height":1440,"url":"https:\/\/memurunsesi.net\/wp-content\/uploads\/2025\/12\/sisli-scaled.jpg","type":"image\/jpeg"}],"author":"Memurun Sesi Haber Merkezi","twitter_card":"summary_large_image","twitter_creator":"@unipersen","twitter_site":"@unipersen","twitter_misc":{"Yazan:":"Memurun Sesi Haber Merkezi","Tahmini okuma s\u00fcresi":"1 dakika"},"schema":{"@context":"https:\/\/schema.org","@graph":[{"@type":"Article","@id":"https:\/\/memurunsesi.net\/index.php\/2025\/12\/02\/sislide-silahli-kavga-1-yarali\/#article","isPartOf":{"@id":"https:\/\/memurunsesi.net\/index.php\/2025\/12\/02\/sislide-silahli-kavga-1-yarali\/"},"author":{"name":"Memurun Sesi Haber Merkezi","@id":"https:\/\/memurunsesi.net\/#\/schema\/person\/f21c2d73b89f6ee1d80b0a1803e38587"},"headline":"\u015ei\u015fli\u2019de silahl\u0131 kavga: 1 yaral\u0131","datePublished":"2025-12-02T06:04:40+00:00","mainEntityOfPage":{"@id":"https:\/\/memurunsesi.net\/index.php\/2025\/12\/02\/sislide-silahli-kavga-1-yarali\/"},"wordCount":179,"commentCount":0,"publisher":{"@id":"https:\/\/memurunsesi.net\/#organization"},"image":{"@id":"https:\/\/memurunsesi.net\/index.php\/2025\/12\/02\/sislide-silahli-kavga-1-yarali\/#primaryimage"},"thumbnailUrl":"https:\/\/memurunsesi.net\/wp-content\/uploads\/2025\/12\/sisli-scaled.jpg","keywords":["silahl\u0131 kavga","yaral\u0131"],"inLanguage":"tr","potentialAction":[{"@type":"CommentAction","name":"Comment","target":["https:\/\/memurunsesi.net\/index.php\/2025\/12\/02\/sislide-silahli-kavga-1-yarali\/#respond"]}]},{"@type":"WebPage","@id":"https:\/\/memurunsesi.net\/index.php\/2025\/12\/02\/sislide-silahli-kavga-1-yarali\/","url":"https:\/\/memurunsesi.net\/index.php\/2025\/12\/02\/sislide-silahli-kavga-1-yarali\/","name":"\u015ei\u015fli\u2019de silahl\u0131 kavga: 1 yaral\u0131 - Memurun Sesi","isPartOf":{"@id":"https:\/\/memurunsesi.net\/#website"},"primaryImageOfPage":{"@id":"https:\/\/memurunsesi.net\/index.php\/2025\/12\/02\/sislide-silahli-kavga-1-yarali\/#primaryimage"},"image":{"@id":"https:\/\/memurunsesi.net\/index.php\/2025\/12\/02\/sislide-silahli-kavga-1-yarali\/#primaryimage"},"thumbnailUrl":"https:\/\/memurunsesi.net\/wp-content\/uploads\/2025\/12\/sisli-scaled.jpg","datePublished":"2025-12-02T06:04:40+00:00","description":"\u015ei\u015fli\u2019de silahl\u0131 kavga: 1 yaral\u0131","breadcrumb":{"@id":"https:\/\/memurunsesi.net\/index.php\/2025\/12\/02\/sislide-silahli-kavga-1-yarali\/#breadcrumb"},"inLanguage":"tr","potentialAction":[{"@type":"ReadAction","target":["https:\/\/memurunsesi.net\/index.php\/2025\/12\/02\/sislide-silahli-kavga-1-yarali\/"]}]},{"@type":"ImageObject","inLanguage":"tr","@id":"https:\/\/memurunsesi.net\/index.php\/2025\/12\/02\/sislide-silahli-kavga-1-yarali\/#primaryimage","url":"https:\/\/memurunsesi.net\/wp-content\/uploads\/2025\/12\/sisli-scaled.jpg","contentUrl":"https:\/\/memurunsesi.net\/wp-content\/uploads\/2025\/12\/sisli-scaled.jpg","width":2560,"height":1440,"caption":"\u015e\u0130\u015eL\u0130'DE S\u0130LAHLI KAVGA: 1 YARALI (\u0130HSAN ATE\u015eMEN\/\u0130STANBUL-\u0130HA) \u015ei\u015fli'de iki ki\u015fi aras\u0131nda ba\u015flayan tart\u0131\u015fma h\u0131zla b\u00fcy\u00fcyerek yerini silahl\u0131 kavgaya b\u0131rakt\u0131. \u00c7\u0131kan kavgada bir ki\u015fi kas\u0131k b\u00f6lgesinden vurularak yaraland\u0131."},{"@type":"BreadcrumbList","@id":"https:\/\/memurunsesi.net\/index.php\/2025\/12\/02\/sislide-silahli-kavga-1-yarali\/#breadcrumb","itemListElement":[{"@type":"ListItem","position":1,"name":"Anasayfa","item":"https:\/\/memurunsesi.net\/"},{"@type":"ListItem","position":2,"name":"\u015ei\u015fli\u2019de silahl\u0131 kavga: 1 yaral\u0131"}]},{"@type":"WebSite","@id":"https:\/\/memurunsesi.net\/#website","url":"https:\/\/memurunsesi.net\/","name":"Memurun Sesi","description":"G\u00fcncel ve Do\u011fru Haber","publisher":{"@id":"https:\/\/memurunsesi.net\/#organization"},"potentialAction":[{"@type":"SearchAction","target":{"@type":"EntryPoint","urlTemplate":"https:\/\/memurunsesi.net\/?s={search_term_string}"},"query-input":{"@type":"PropertyValueSpecification","valueRequired":true,"valueName":"search_term_string"}}],"inLanguage":"tr"},{"@type":"Organization","@id":"https:\/\/memurunsesi.net\/#organization","name":"Memurun Sesi","url":"https:\/\/memurunsesi.net\/","logo":{"@type":"ImageObject","inLanguage":"tr","@id":"https:\/\/memurunsesi.net\/#\/schema\/logo\/image\/","url":"https:\/\/memurunsesi.net\/wp-content\/uploads\/2025\/11\/cropped-MEMURUN-SESI.png","contentUrl":"https:\/\/memurunsesi.net\/wp-content\/uploads\/2025\/11\/cropped-MEMURUN-SESI.png","width":238,"height":57,"caption":"Memurun Sesi"},"image":{"@id":"https:\/\/memurunsesi.net\/#\/schema\/logo\/image\/"},"sameAs":["https:\/\/www.facebook.com\/unipersen\/?locale=tr_TR","https:\/\/x.com\/unipersen"]},{"@type":"Person","@id":"https:\/\/memurunsesi.net\/#\/schema\/person\/f21c2d73b89f6ee1d80b0a1803e38587","name":"Memurun Sesi Haber Merkezi","image":{"@type":"ImageObject","inLanguage":"tr","@id":"https:\/\/secure.gravatar.com\/avatar\/6cf0505f452ee753f485014986fab09a434671d2b919ee76fc541025c5876a70?s=96&d=mm&r=g","url":"https:\/\/secure.gravatar.com\/avatar\/6cf0505f452ee753f485014986fab09a434671d2b919ee76fc541025c5876a70?s=96&d=mm&r=g","contentUrl":"https:\/\/secure.gravatar.com\/avatar\/6cf0505f452ee753f485014986fab09a434671d2b919ee76fc541025c5876a70?s=96&d=mm&r=g","caption":"Memurun Sesi Haber Merkezi"},"sameAs":["https:\/\/memurunsesi.net"],"url":"https:\/\/memurunsesi.net\/index.php\/author\/uniper\/"}]}},"_links":{"self":[{"href":"https:\/\/memurunsesi.net\/index.php\/wp-json\/wp\/v2\/posts\/14792","targetHints":{"allow":["GET"]}}],"collection":[{"href":"https:\/\/memurunsesi.net\/index.php\/wp-json\/wp\/v2\/posts"}],"about":[{"href":"https:\/\/memurunsesi.net\/index.php\/wp-json\/wp\/v2\/types\/post"}],"author":[{"embeddable":true,"href":"https:\/\/memurunsesi.net\/index.php\/wp-json\/wp\/v2\/users\/1"}],"replies":[{"embeddable":true,"href":"https:\/\/memurunsesi.net\/index.php\/wp-json\/wp\/v2\/comments?post=14792"}],"version-history":[{"count":1,"href":"https:\/\/memurunsesi.net\/index.php\/wp-json\/wp\/v2\/posts\/14792\/revisions"}],"predecessor-version":[{"id":14794,"href":"https:\/\/memurunsesi.net\/index.php\/wp-json\/wp\/v2\/posts\/14792\/revisions\/14794"}],"wp:featuredmedia":[{"embeddable":true,"href":"https:\/\/memurunsesi.net\/index.php\/wp-json\/wp\/v2\/media\/14793"}],"wp:attachment":[{"href":"https:\/\/memurunsesi.net\/index.php\/wp-json\/wp\/v2\/media?parent=14792"}],"wp:term":[{"taxonomy":"category","embeddable":true,"href":"https:\/\/memurunsesi.net\/index.php\/wp-json\/wp\/v2\/categories?post=14792"},{"taxonomy":"post_tag","embeddable":true,"href":"https:\/\/memurunsesi.net\/index.php\/wp-json\/wp\/v2\/tags?post=14792"}],"curies":[{"name":"wp","href":"https:\/\/api.w.org\/{rel}","templated":true}]}}