{"id":14795,"date":"2025-12-02T09:06:15","date_gmt":"2025-12-02T06:06:15","guid":{"rendered":"https:\/\/memurunsesi.net\/?p=14795"},"modified":"2025-12-02T09:06:15","modified_gmt":"2025-12-02T06:06:15","slug":"kocaelisporlu-taraftarlardan-serdar-dursuna-derbi-tepkisi","status":"publish","type":"post","link":"https:\/\/memurunsesi.net\/index.php\/2025\/12\/02\/kocaelisporlu-taraftarlardan-serdar-dursuna-derbi-tepkisi\/","title":{"rendered":"Kocaelisporlu taraftarlardan, Serdar Dursun\u2019a derbi tepkisi"},"content":{"rendered":"<p>  &#8211; Serdar Dursun payla\u015f\u0131mlar\u0131n\u0131 sildi <\/p>\n<p>  Fenerbah\u00e7e ile Galatasaray aras\u0131nda oynanan derbiyi izlemeye gidenler aras\u0131nda yer alan Kocaelisporlu futbolcu Serdar Dursun\u2019a, K\u00f6rfez ekibinin taraftarlar\u0131 tepki g\u00f6sterdi. Dursun, tepkiler \u00fczerine derbiyle ilgili sosyal medya payla\u015f\u0131mlar\u0131n\u0131 sildi.<br \/>\n  Trendyol S\u00fcper Lig\u2019in 14. haftas\u0131nda Fenerbah\u00e7e ile Galatasaray, Kad\u0131k\u00f6y\u2019de oynanan derbide 1-1 berabere kald\u0131. Derbiyi izleyenler aras\u0131nda Kocaelispor\u2019da son haftalarda \u00e7\u0131k\u0131\u015f yakalayan ve bu hafta Gen\u00e7lerbirli\u011fi ile oynanan kar\u015f\u0131la\u015fmada tek gol\u00fc kaydeden Serdar Dursun da yer ald\u0131. Dursun\u2019un derbiyle ilgili payla\u015f\u0131mlar\u0131 ve sosyal medyaya yans\u0131yan g\u00f6r\u00fcnt\u00fcleri Kocaelisporlu taraftar\u0131n tepkisine neden oldu. Taraftarlar, \u2018Camiaya yak\u0131\u015fmayan hareket\u2019 olarak nitelendirirken, Serdar Dursun daha sonra derbi payla\u015f\u0131mlar\u0131n\u0131 kald\u0131rmak zorunda kald\u0131. Trib\u00fcn liderleri ve payla\u015f\u0131mlara yorum yazan taraftarlar, Dursun\u2019un camiadan \u00f6z\u00fcr dilemesi gerekti\u011fini dile getirdi. <\/p>\n<p>2.12.2025                                  <\/p>\n","protected":false},"excerpt":{"rendered":"<p>&#8211; Serdar Dursun payla\u015f\u0131mlar\u0131n\u0131 sildi Fenerbah\u00e7e ile Galatasaray aras\u0131nda oynanan derbiyi izlemeye gidenler aras\u0131nda yer alan Kocaelisporlu futbolcu Serdar Dursun\u2019a, K\u00f6rfez ekibinin taraftarlar\u0131 tepki g\u00f6sterdi. Dursun, tepkiler \u00fczerine derbiyle ilgili sosyal medya payla\u015f\u0131mlar\u0131n\u0131 sildi. Trendyol S\u00fcper Lig\u2019in 14. haftas\u0131nda Fenerbah\u00e7e ile Galatasaray, Kad\u0131k\u00f6y\u2019de oynanan derbide 1-1 berabere kald\u0131. Derbiyi izleyenler aras\u0131nda Kocaelispor\u2019da son haftalarda \u00e7\u0131k\u0131\u015f [&hellip;]<\/p>\n","protected":false},"author":1,"featured_media":14796,"comment_status":"open","ping_status":"open","sticky":false,"template":"","format":"standard","meta":{"footnotes":""},"categories":[57],"tags":[454],"class_list":["post-14795","post","type-post","status-publish","format-standard","has-post-thumbnail","hentry","category-spor","tag-derbi-tepkisi"],"yoast_head":"<!-- This site is optimized with the Yoast SEO plugin v27.4 - https:\/\/yoast.com\/product\/yoast-seo-wordpress\/ -->\n<title>Kocaelisporlu taraftarlardan, Serdar Dursun\u2019a derbi tepkisi - Memurun Sesi<\/title>\n<meta name=\"description\" content=\"Kocaelisporlu taraftarlardan, Serdar Dursun\u2019a derbi tepkisi\" \/>\n<meta name=\"robots\" content=\"index, follow, max-snippet:-1, max-image-preview:large, max-video-preview:-1\" \/>\n<link rel=\"canonical\" href=\"https:\/\/memurunsesi.net\/index.php\/2025\/12\/02\/kocaelisporlu-taraftarlardan-serdar-dursuna-derbi-tepkisi\/\" \/>\n<meta property=\"og:locale\" content=\"tr_TR\" \/>\n<meta property=\"og:type\" content=\"article\" \/>\n<meta property=\"og:title\" content=\"Kocaelisporlu taraftarlardan, Serdar Dursun\u2019a derbi tepkisi - Memurun Sesi\" \/>\n<meta property=\"og:description\" content=\"Kocaelisporlu taraftarlardan, Serdar Dursun\u2019a derbi tepkisi\" \/>\n<meta property=\"og:url\" content=\"https:\/\/memurunsesi.net\/index.php\/2025\/12\/02\/kocaelisporlu-taraftarlardan-serdar-dursuna-derbi-tepkisi\/\" \/>\n<meta property=\"og:site_name\" content=\"Memurun Sesi\" \/>\n<meta property=\"article:publisher\" content=\"https:\/\/www.facebook.com\/unipersen\/?locale=tr_TR\" \/>\n<meta property=\"article:published_time\" content=\"2025-12-02T06:06:15+00:00\" \/>\n<meta property=\"og:image\" content=\"https:\/\/memurunsesi.net\/wp-content\/uploads\/2025\/12\/kocaeli.jpg\" \/>\n\t<meta property=\"og:image:width\" content=\"1205\" \/>\n\t<meta property=\"og:image:height\" content=\"2029\" \/>\n\t<meta property=\"og:image:type\" content=\"image\/jpeg\" \/>\n<meta name=\"author\" content=\"Memurun Sesi Haber Merkezi\" \/>\n<meta name=\"twitter:card\" content=\"summary_large_image\" \/>\n<meta name=\"twitter:creator\" content=\"@unipersen\" \/>\n<meta name=\"twitter:site\" content=\"@unipersen\" \/>\n<meta name=\"twitter:label1\" content=\"Yazan:\" \/>\n\t<meta name=\"twitter:data1\" content=\"Memurun Sesi Haber Merkezi\" \/>\n\t<meta name=\"twitter:label2\" content=\"Tahmini okuma s\u00fcresi\" \/>\n\t<meta name=\"twitter:data2\" content=\"1 dakika\" \/>\n<script type=\"application\/ld+json\" class=\"yoast-schema-graph\">{\"@context\":\"https:\\\/\\\/schema.org\",\"@graph\":[{\"@type\":\"Article\",\"@id\":\"https:\\\/\\\/memurunsesi.net\\\/index.php\\\/2025\\\/12\\\/02\\\/kocaelisporlu-taraftarlardan-serdar-dursuna-derbi-tepkisi\\\/#article\",\"isPartOf\":{\"@id\":\"https:\\\/\\\/memurunsesi.net\\\/index.php\\\/2025\\\/12\\\/02\\\/kocaelisporlu-taraftarlardan-serdar-dursuna-derbi-tepkisi\\\/\"},\"author\":{\"name\":\"Memurun Sesi Haber Merkezi\",\"@id\":\"https:\\\/\\\/memurunsesi.net\\\/#\\\/schema\\\/person\\\/f21c2d73b89f6ee1d80b0a1803e38587\"},\"headline\":\"Kocaelisporlu taraftarlardan, Serdar Dursun\u2019a derbi tepkisi\",\"datePublished\":\"2025-12-02T06:06:15+00:00\",\"mainEntityOfPage\":{\"@id\":\"https:\\\/\\\/memurunsesi.net\\\/index.php\\\/2025\\\/12\\\/02\\\/kocaelisporlu-taraftarlardan-serdar-dursuna-derbi-tepkisi\\\/\"},\"wordCount\":159,\"commentCount\":0,\"publisher\":{\"@id\":\"https:\\\/\\\/memurunsesi.net\\\/#organization\"},\"image\":{\"@id\":\"https:\\\/\\\/memurunsesi.net\\\/index.php\\\/2025\\\/12\\\/02\\\/kocaelisporlu-taraftarlardan-serdar-dursuna-derbi-tepkisi\\\/#primaryimage\"},\"thumbnailUrl\":\"https:\\\/\\\/memurunsesi.net\\\/wp-content\\\/uploads\\\/2025\\\/12\\\/kocaeli.jpg\",\"keywords\":[\"derbi tepkisi\"],\"articleSection\":[\"Spor\"],\"inLanguage\":\"tr\",\"potentialAction\":[{\"@type\":\"CommentAction\",\"name\":\"Comment\",\"target\":[\"https:\\\/\\\/memurunsesi.net\\\/index.php\\\/2025\\\/12\\\/02\\\/kocaelisporlu-taraftarlardan-serdar-dursuna-derbi-tepkisi\\\/#respond\"]}]},{\"@type\":\"WebPage\",\"@id\":\"https:\\\/\\\/memurunsesi.net\\\/index.php\\\/2025\\\/12\\\/02\\\/kocaelisporlu-taraftarlardan-serdar-dursuna-derbi-tepkisi\\\/\",\"url\":\"https:\\\/\\\/memurunsesi.net\\\/index.php\\\/2025\\\/12\\\/02\\\/kocaelisporlu-taraftarlardan-serdar-dursuna-derbi-tepkisi\\\/\",\"name\":\"Kocaelisporlu taraftarlardan, Serdar Dursun\u2019a derbi tepkisi - Memurun Sesi\",\"isPartOf\":{\"@id\":\"https:\\\/\\\/memurunsesi.net\\\/#website\"},\"primaryImageOfPage\":{\"@id\":\"https:\\\/\\\/memurunsesi.net\\\/index.php\\\/2025\\\/12\\\/02\\\/kocaelisporlu-taraftarlardan-serdar-dursuna-derbi-tepkisi\\\/#primaryimage\"},\"image\":{\"@id\":\"https:\\\/\\\/memurunsesi.net\\\/index.php\\\/2025\\\/12\\\/02\\\/kocaelisporlu-taraftarlardan-serdar-dursuna-derbi-tepkisi\\\/#primaryimage\"},\"thumbnailUrl\":\"https:\\\/\\\/memurunsesi.net\\\/wp-content\\\/uploads\\\/2025\\\/12\\\/kocaeli.jpg\",\"datePublished\":\"2025-12-02T06:06:15+00:00\",\"description\":\"Kocaelisporlu taraftarlardan, Serdar Dursun\u2019a derbi tepkisi\",\"breadcrumb\":{\"@id\":\"https:\\\/\\\/memurunsesi.net\\\/index.php\\\/2025\\\/12\\\/02\\\/kocaelisporlu-taraftarlardan-serdar-dursuna-derbi-tepkisi\\\/#breadcrumb\"},\"inLanguage\":\"tr\",\"potentialAction\":[{\"@type\":\"ReadAction\",\"target\":[\"https:\\\/\\\/memurunsesi.net\\\/index.php\\\/2025\\\/12\\\/02\\\/kocaelisporlu-taraftarlardan-serdar-dursuna-derbi-tepkisi\\\/\"]}]},{\"@type\":\"ImageObject\",\"inLanguage\":\"tr\",\"@id\":\"https:\\\/\\\/memurunsesi.net\\\/index.php\\\/2025\\\/12\\\/02\\\/kocaelisporlu-taraftarlardan-serdar-dursuna-derbi-tepkisi\\\/#primaryimage\",\"url\":\"https:\\\/\\\/memurunsesi.net\\\/wp-content\\\/uploads\\\/2025\\\/12\\\/kocaeli.jpg\",\"contentUrl\":\"https:\\\/\\\/memurunsesi.net\\\/wp-content\\\/uploads\\\/2025\\\/12\\\/kocaeli.jpg\",\"width\":1205,\"height\":2029,\"caption\":\"FENERBAH\u00c7E \u0130LE GALATASARAY ARASINDA OYNANAN DERB\u0130Y\u0130 \u0130ZLEMEYE G\u0130DENLER ARASINDA YER ALAN KOCAEL\u0130SPORLU FUTBOLCU SERDAR DURSUN'A, K\u00d6RFEZ EK\u0130B\u0130N\u0130N TARAFTARLARI TEPK\u0130 G\u00d6STERD\u0130. (G\u00d6N\u00dcL EFE\\\/KOCAEL\u0130-\u0130HA) Fenerbah\u00e7e ile Galatasaray aras\u0131nda oynanan derbiyi izlemeye gidenler aras\u0131nda yer alan Kocaelisporlu futbolcu Serdar Dursun'a, K\u00f6rfez ekibinin taraftarlar\u0131 tepki g\u00f6sterdi. Dursun, tepkiler \u00fczerine derbiyle ilgili sosyal medya payla\u015f\u0131mlar\u0131n\u0131 sildi.\"},{\"@type\":\"BreadcrumbList\",\"@id\":\"https:\\\/\\\/memurunsesi.net\\\/index.php\\\/2025\\\/12\\\/02\\\/kocaelisporlu-taraftarlardan-serdar-dursuna-derbi-tepkisi\\\/#breadcrumb\",\"itemListElement\":[{\"@type\":\"ListItem\",\"position\":1,\"name\":\"Anasayfa\",\"item\":\"https:\\\/\\\/memurunsesi.net\\\/\"},{\"@type\":\"ListItem\",\"position\":2,\"name\":\"Kocaelisporlu taraftarlardan, Serdar Dursun\u2019a derbi tepkisi\"}]},{\"@type\":\"WebSite\",\"@id\":\"https:\\\/\\\/memurunsesi.net\\\/#website\",\"url\":\"https:\\\/\\\/memurunsesi.net\\\/\",\"name\":\"Memurun Sesi\",\"description\":\"G\u00fcncel ve Do\u011fru Haber\",\"publisher\":{\"@id\":\"https:\\\/\\\/memurunsesi.net\\\/#organization\"},\"potentialAction\":[{\"@type\":\"SearchAction\",\"target\":{\"@type\":\"EntryPoint\",\"urlTemplate\":\"https:\\\/\\\/memurunsesi.net\\\/?s={search_term_string}\"},\"query-input\":{\"@type\":\"PropertyValueSpecification\",\"valueRequired\":true,\"valueName\":\"search_term_string\"}}],\"inLanguage\":\"tr\"},{\"@type\":\"Organization\",\"@id\":\"https:\\\/\\\/memurunsesi.net\\\/#organization\",\"name\":\"Memurun Sesi\",\"url\":\"https:\\\/\\\/memurunsesi.net\\\/\",\"logo\":{\"@type\":\"ImageObject\",\"inLanguage\":\"tr\",\"@id\":\"https:\\\/\\\/memurunsesi.net\\\/#\\\/schema\\\/logo\\\/image\\\/\",\"url\":\"https:\\\/\\\/memurunsesi.net\\\/wp-content\\\/uploads\\\/2025\\\/11\\\/cropped-MEMURUN-SESI.png\",\"contentUrl\":\"https:\\\/\\\/memurunsesi.net\\\/wp-content\\\/uploads\\\/2025\\\/11\\\/cropped-MEMURUN-SESI.png\",\"width\":238,\"height\":57,\"caption\":\"Memurun Sesi\"},\"image\":{\"@id\":\"https:\\\/\\\/memurunsesi.net\\\/#\\\/schema\\\/logo\\\/image\\\/\"},\"sameAs\":[\"https:\\\/\\\/www.facebook.com\\\/unipersen\\\/?locale=tr_TR\",\"https:\\\/\\\/x.com\\\/unipersen\"]},{\"@type\":\"Person\",\"@id\":\"https:\\\/\\\/memurunsesi.net\\\/#\\\/schema\\\/person\\\/f21c2d73b89f6ee1d80b0a1803e38587\",\"name\":\"Memurun Sesi Haber Merkezi\",\"image\":{\"@type\":\"ImageObject\",\"inLanguage\":\"tr\",\"@id\":\"https:\\\/\\\/secure.gravatar.com\\\/avatar\\\/6cf0505f452ee753f485014986fab09a434671d2b919ee76fc541025c5876a70?s=96&d=mm&r=g\",\"url\":\"https:\\\/\\\/secure.gravatar.com\\\/avatar\\\/6cf0505f452ee753f485014986fab09a434671d2b919ee76fc541025c5876a70?s=96&d=mm&r=g\",\"contentUrl\":\"https:\\\/\\\/secure.gravatar.com\\\/avatar\\\/6cf0505f452ee753f485014986fab09a434671d2b919ee76fc541025c5876a70?s=96&d=mm&r=g\",\"caption\":\"Memurun Sesi Haber Merkezi\"},\"sameAs\":[\"https:\\\/\\\/memurunsesi.net\"],\"url\":\"https:\\\/\\\/memurunsesi.net\\\/index.php\\\/author\\\/uniper\\\/\"}]}<\/script>\n<!-- \/ Yoast SEO plugin. -->","yoast_head_json":{"title":"Kocaelisporlu taraftarlardan, Serdar Dursun\u2019a derbi tepkisi - Memurun Sesi","description":"Kocaelisporlu taraftarlardan, Serdar Dursun\u2019a derbi tepkisi","robots":{"index":"index","follow":"follow","max-snippet":"max-snippet:-1","max-image-preview":"max-image-preview:large","max-video-preview":"max-video-preview:-1"},"canonical":"https:\/\/memurunsesi.net\/index.php\/2025\/12\/02\/kocaelisporlu-taraftarlardan-serdar-dursuna-derbi-tepkisi\/","og_locale":"tr_TR","og_type":"article","og_title":"Kocaelisporlu taraftarlardan, Serdar Dursun\u2019a derbi tepkisi - Memurun Sesi","og_description":"Kocaelisporlu taraftarlardan, Serdar Dursun\u2019a derbi tepkisi","og_url":"https:\/\/memurunsesi.net\/index.php\/2025\/12\/02\/kocaelisporlu-taraftarlardan-serdar-dursuna-derbi-tepkisi\/","og_site_name":"Memurun Sesi","article_publisher":"https:\/\/www.facebook.com\/unipersen\/?locale=tr_TR","article_published_time":"2025-12-02T06:06:15+00:00","og_image":[{"width":1205,"height":2029,"url":"https:\/\/memurunsesi.net\/wp-content\/uploads\/2025\/12\/kocaeli.jpg","type":"image\/jpeg"}],"author":"Memurun Sesi Haber Merkezi","twitter_card":"summary_large_image","twitter_creator":"@unipersen","twitter_site":"@unipersen","twitter_misc":{"Yazan:":"Memurun Sesi Haber Merkezi","Tahmini okuma s\u00fcresi":"1 dakika"},"schema":{"@context":"https:\/\/schema.org","@graph":[{"@type":"Article","@id":"https:\/\/memurunsesi.net\/index.php\/2025\/12\/02\/kocaelisporlu-taraftarlardan-serdar-dursuna-derbi-tepkisi\/#article","isPartOf":{"@id":"https:\/\/memurunsesi.net\/index.php\/2025\/12\/02\/kocaelisporlu-taraftarlardan-serdar-dursuna-derbi-tepkisi\/"},"author":{"name":"Memurun Sesi Haber Merkezi","@id":"https:\/\/memurunsesi.net\/#\/schema\/person\/f21c2d73b89f6ee1d80b0a1803e38587"},"headline":"Kocaelisporlu taraftarlardan, Serdar Dursun\u2019a derbi tepkisi","datePublished":"2025-12-02T06:06:15+00:00","mainEntityOfPage":{"@id":"https:\/\/memurunsesi.net\/index.php\/2025\/12\/02\/kocaelisporlu-taraftarlardan-serdar-dursuna-derbi-tepkisi\/"},"wordCount":159,"commentCount":0,"publisher":{"@id":"https:\/\/memurunsesi.net\/#organization"},"image":{"@id":"https:\/\/memurunsesi.net\/index.php\/2025\/12\/02\/kocaelisporlu-taraftarlardan-serdar-dursuna-derbi-tepkisi\/#primaryimage"},"thumbnailUrl":"https:\/\/memurunsesi.net\/wp-content\/uploads\/2025\/12\/kocaeli.jpg","keywords":["derbi tepkisi"],"articleSection":["Spor"],"inLanguage":"tr","potentialAction":[{"@type":"CommentAction","name":"Comment","target":["https:\/\/memurunsesi.net\/index.php\/2025\/12\/02\/kocaelisporlu-taraftarlardan-serdar-dursuna-derbi-tepkisi\/#respond"]}]},{"@type":"WebPage","@id":"https:\/\/memurunsesi.net\/index.php\/2025\/12\/02\/kocaelisporlu-taraftarlardan-serdar-dursuna-derbi-tepkisi\/","url":"https:\/\/memurunsesi.net\/index.php\/2025\/12\/02\/kocaelisporlu-taraftarlardan-serdar-dursuna-derbi-tepkisi\/","name":"Kocaelisporlu taraftarlardan, Serdar Dursun\u2019a derbi tepkisi - Memurun Sesi","isPartOf":{"@id":"https:\/\/memurunsesi.net\/#website"},"primaryImageOfPage":{"@id":"https:\/\/memurunsesi.net\/index.php\/2025\/12\/02\/kocaelisporlu-taraftarlardan-serdar-dursuna-derbi-tepkisi\/#primaryimage"},"image":{"@id":"https:\/\/memurunsesi.net\/index.php\/2025\/12\/02\/kocaelisporlu-taraftarlardan-serdar-dursuna-derbi-tepkisi\/#primaryimage"},"thumbnailUrl":"https:\/\/memurunsesi.net\/wp-content\/uploads\/2025\/12\/kocaeli.jpg","datePublished":"2025-12-02T06:06:15+00:00","description":"Kocaelisporlu taraftarlardan, Serdar Dursun\u2019a derbi tepkisi","breadcrumb":{"@id":"https:\/\/memurunsesi.net\/index.php\/2025\/12\/02\/kocaelisporlu-taraftarlardan-serdar-dursuna-derbi-tepkisi\/#breadcrumb"},"inLanguage":"tr","potentialAction":[{"@type":"ReadAction","target":["https:\/\/memurunsesi.net\/index.php\/2025\/12\/02\/kocaelisporlu-taraftarlardan-serdar-dursuna-derbi-tepkisi\/"]}]},{"@type":"ImageObject","inLanguage":"tr","@id":"https:\/\/memurunsesi.net\/index.php\/2025\/12\/02\/kocaelisporlu-taraftarlardan-serdar-dursuna-derbi-tepkisi\/#primaryimage","url":"https:\/\/memurunsesi.net\/wp-content\/uploads\/2025\/12\/kocaeli.jpg","contentUrl":"https:\/\/memurunsesi.net\/wp-content\/uploads\/2025\/12\/kocaeli.jpg","width":1205,"height":2029,"caption":"FENERBAH\u00c7E \u0130LE GALATASARAY ARASINDA OYNANAN DERB\u0130Y\u0130 \u0130ZLEMEYE G\u0130DENLER ARASINDA YER ALAN KOCAEL\u0130SPORLU FUTBOLCU SERDAR DURSUN'A, K\u00d6RFEZ EK\u0130B\u0130N\u0130N TARAFTARLARI TEPK\u0130 G\u00d6STERD\u0130. (G\u00d6N\u00dcL EFE\/KOCAEL\u0130-\u0130HA) Fenerbah\u00e7e ile Galatasaray aras\u0131nda oynanan derbiyi izlemeye gidenler aras\u0131nda yer alan Kocaelisporlu futbolcu Serdar Dursun'a, K\u00f6rfez ekibinin taraftarlar\u0131 tepki g\u00f6sterdi. Dursun, tepkiler \u00fczerine derbiyle ilgili sosyal medya payla\u015f\u0131mlar\u0131n\u0131 sildi."},{"@type":"BreadcrumbList","@id":"https:\/\/memurunsesi.net\/index.php\/2025\/12\/02\/kocaelisporlu-taraftarlardan-serdar-dursuna-derbi-tepkisi\/#breadcrumb","itemListElement":[{"@type":"ListItem","position":1,"name":"Anasayfa","item":"https:\/\/memurunsesi.net\/"},{"@type":"ListItem","position":2,"name":"Kocaelisporlu taraftarlardan, Serdar Dursun\u2019a derbi tepkisi"}]},{"@type":"WebSite","@id":"https:\/\/memurunsesi.net\/#website","url":"https:\/\/memurunsesi.net\/","name":"Memurun Sesi","description":"G\u00fcncel ve Do\u011fru Haber","publisher":{"@id":"https:\/\/memurunsesi.net\/#organization"},"potentialAction":[{"@type":"SearchAction","target":{"@type":"EntryPoint","urlTemplate":"https:\/\/memurunsesi.net\/?s={search_term_string}"},"query-input":{"@type":"PropertyValueSpecification","valueRequired":true,"valueName":"search_term_string"}}],"inLanguage":"tr"},{"@type":"Organization","@id":"https:\/\/memurunsesi.net\/#organization","name":"Memurun Sesi","url":"https:\/\/memurunsesi.net\/","logo":{"@type":"ImageObject","inLanguage":"tr","@id":"https:\/\/memurunsesi.net\/#\/schema\/logo\/image\/","url":"https:\/\/memurunsesi.net\/wp-content\/uploads\/2025\/11\/cropped-MEMURUN-SESI.png","contentUrl":"https:\/\/memurunsesi.net\/wp-content\/uploads\/2025\/11\/cropped-MEMURUN-SESI.png","width":238,"height":57,"caption":"Memurun Sesi"},"image":{"@id":"https:\/\/memurunsesi.net\/#\/schema\/logo\/image\/"},"sameAs":["https:\/\/www.facebook.com\/unipersen\/?locale=tr_TR","https:\/\/x.com\/unipersen"]},{"@type":"Person","@id":"https:\/\/memurunsesi.net\/#\/schema\/person\/f21c2d73b89f6ee1d80b0a1803e38587","name":"Memurun Sesi Haber Merkezi","image":{"@type":"ImageObject","inLanguage":"tr","@id":"https:\/\/secure.gravatar.com\/avatar\/6cf0505f452ee753f485014986fab09a434671d2b919ee76fc541025c5876a70?s=96&d=mm&r=g","url":"https:\/\/secure.gravatar.com\/avatar\/6cf0505f452ee753f485014986fab09a434671d2b919ee76fc541025c5876a70?s=96&d=mm&r=g","contentUrl":"https:\/\/secure.gravatar.com\/avatar\/6cf0505f452ee753f485014986fab09a434671d2b919ee76fc541025c5876a70?s=96&d=mm&r=g","caption":"Memurun Sesi Haber Merkezi"},"sameAs":["https:\/\/memurunsesi.net"],"url":"https:\/\/memurunsesi.net\/index.php\/author\/uniper\/"}]}},"_links":{"self":[{"href":"https:\/\/memurunsesi.net\/index.php\/wp-json\/wp\/v2\/posts\/14795","targetHints":{"allow":["GET"]}}],"collection":[{"href":"https:\/\/memurunsesi.net\/index.php\/wp-json\/wp\/v2\/posts"}],"about":[{"href":"https:\/\/memurunsesi.net\/index.php\/wp-json\/wp\/v2\/types\/post"}],"author":[{"embeddable":true,"href":"https:\/\/memurunsesi.net\/index.php\/wp-json\/wp\/v2\/users\/1"}],"replies":[{"embeddable":true,"href":"https:\/\/memurunsesi.net\/index.php\/wp-json\/wp\/v2\/comments?post=14795"}],"version-history":[{"count":1,"href":"https:\/\/memurunsesi.net\/index.php\/wp-json\/wp\/v2\/posts\/14795\/revisions"}],"predecessor-version":[{"id":14797,"href":"https:\/\/memurunsesi.net\/index.php\/wp-json\/wp\/v2\/posts\/14795\/revisions\/14797"}],"wp:featuredmedia":[{"embeddable":true,"href":"https:\/\/memurunsesi.net\/index.php\/wp-json\/wp\/v2\/media\/14796"}],"wp:attachment":[{"href":"https:\/\/memurunsesi.net\/index.php\/wp-json\/wp\/v2\/media?parent=14795"}],"wp:term":[{"taxonomy":"category","embeddable":true,"href":"https:\/\/memurunsesi.net\/index.php\/wp-json\/wp\/v2\/categories?post=14795"},{"taxonomy":"post_tag","embeddable":true,"href":"https:\/\/memurunsesi.net\/index.php\/wp-json\/wp\/v2\/tags?post=14795"}],"curies":[{"name":"wp","href":"https:\/\/api.w.org\/{rel}","templated":true}]}}