{"id":14798,"date":"2025-12-02T09:08:51","date_gmt":"2025-12-02T06:08:51","guid":{"rendered":"https:\/\/memurunsesi.net\/?p=14798"},"modified":"2025-12-02T09:08:51","modified_gmt":"2025-12-02T06:08:51","slug":"universitelilerin-izledigi-meclis-toplantisinda-arbede-baskan-celikten-siz-kimsiniz-tepkisi","status":"publish","type":"post","link":"https:\/\/memurunsesi.net\/index.php\/2025\/12\/02\/universitelilerin-izledigi-meclis-toplantisinda-arbede-baskan-celikten-siz-kimsiniz-tepkisi\/","title":{"rendered":"\u00dcniversitelilerin izledi\u011fi meclis toplant\u0131s\u0131nda arbede: Ba\u015fkan \u00c7elik&#8217;ten &#8220;Siz kimsiniz&#8221; tepkisi"},"content":{"rendered":"<p>  \u00dcniversite \u00f6\u011frencilerinin de kat\u0131l\u0131m sa\u011flad\u0131\u011f\u0131 Serdivan Belediyesi Aral\u0131k ay\u0131 ola\u011fan meclis toplant\u0131s\u0131nda belediye ba\u015fkan yard\u0131mc\u0131s\u0131 ile CHP&#8217;li meclis \u00fcyesi aras\u0131nda arbede ya\u015fand\u0131. Olaya m\u00fcdahil olan Serdivan Belediye Ba\u015fkan\u0131 Osman \u00c7elik ise meclis \u00fcyesine, &#8220;Siz kimsiniz hay\u0131rd\u0131r&#8221; diyerek tepki g\u00f6sterdi.<br \/>\n  \u00dcniversite \u00f6\u011frencilerinin de izlemek i\u00e7in kat\u0131l\u0131m sa\u011flad\u0131\u011f\u0131 Serdivan Belediyesi Aral\u0131k ay\u0131 ola\u011fan meclis toplant\u0131s\u0131nda imar konusuyla ilgili ele\u015ftirilerini dile getirmek isteyen CHP&#8217;li meclis \u00fcyesi Y\u0131ld\u0131ray Ba\u015fl\u0131 ile belediye ba\u015fkan yard\u0131mc\u0131s\u0131 Adem K\u0131yak aras\u0131nda tart\u0131\u015fma \u00e7\u0131kt\u0131. Tart\u0131\u015fma yerini arbedeye b\u0131rak\u0131rken ba\u015fkan yard\u0131mc\u0131s\u0131 Adem K\u0131yak, Ba\u015fl\u0131&#8217;ya, &#8220;Seni gebertirim&#8221; diyerek tehditler savururken salondaki di\u011fer \u00fcyelerin araya girmesiyle ortam sakinle\u015ftirilmeye \u00e7al\u0131\u015f\u0131ld\u0131. Serdivan Belediye Ba\u015fkan\u0131 Osman \u00c7elik ise olaya m\u00fcdahil olarak Ba\u015fl\u0131&#8217;ya, &#8220;Siz kimsiniz, hay\u0131rd\u0131r&#8221; s\u00f6zleriyle tepki g\u00f6sterdi. Meclisi izlemek i\u00e7in salonda bulunan \u00fcniversite \u00f6\u011frencileri ya\u015fananlara tan\u0131k olurken, o anlar cep telefonu kameralar\u0131na yans\u0131d\u0131. <\/p>\n<p>2.12.2025                                  <\/p>\n","protected":false},"excerpt":{"rendered":"<p>\u00dcniversite \u00f6\u011frencilerinin de kat\u0131l\u0131m sa\u011flad\u0131\u011f\u0131 Serdivan Belediyesi Aral\u0131k ay\u0131 ola\u011fan meclis toplant\u0131s\u0131nda belediye ba\u015fkan yard\u0131mc\u0131s\u0131 ile CHP&#8217;li meclis \u00fcyesi aras\u0131nda arbede ya\u015fand\u0131. Olaya m\u00fcdahil olan Serdivan Belediye Ba\u015fkan\u0131 Osman \u00c7elik ise meclis \u00fcyesine, &#8220;Siz kimsiniz hay\u0131rd\u0131r&#8221; diyerek tepki g\u00f6sterdi. \u00dcniversite \u00f6\u011frencilerinin de izlemek i\u00e7in kat\u0131l\u0131m sa\u011flad\u0131\u011f\u0131 Serdivan Belediyesi Aral\u0131k ay\u0131 ola\u011fan meclis toplant\u0131s\u0131nda imar konusuyla [&hellip;]<\/p>\n","protected":false},"author":1,"featured_media":14799,"comment_status":"open","ping_status":"open","sticky":false,"template":"","format":"standard","meta":{"footnotes":""},"categories":[1],"tags":[455],"class_list":["post-14798","post","type-post","status-publish","format-standard","has-post-thumbnail","hentry","category-genel","tag-siz-kimsiniz-tepkisi"],"yoast_head":"<!-- This site is optimized with the Yoast SEO plugin v27.4 - https:\/\/yoast.com\/product\/yoast-seo-wordpress\/ -->\n<title>\u00dcniversitelilerin izledi\u011fi meclis toplant\u0131s\u0131nda arbede: Ba\u015fkan \u00c7elik&#039;ten &quot;Siz kimsiniz&quot; tepkisi - Memurun Sesi<\/title>\n<meta name=\"description\" content=\"\u00dcniversitelilerin izledi\u011fi meclis toplant\u0131s\u0131nda arbede: Ba\u015fkan \u00c7elik&#039;ten &quot;Siz kimsiniz&quot; tepkisi\" \/>\n<meta name=\"robots\" content=\"index, follow, max-snippet:-1, max-image-preview:large, max-video-preview:-1\" \/>\n<link rel=\"canonical\" href=\"https:\/\/memurunsesi.net\/index.php\/2025\/12\/02\/universitelilerin-izledigi-meclis-toplantisinda-arbede-baskan-celikten-siz-kimsiniz-tepkisi\/\" \/>\n<meta property=\"og:locale\" content=\"tr_TR\" \/>\n<meta property=\"og:type\" content=\"article\" \/>\n<meta property=\"og:title\" content=\"\u00dcniversitelilerin izledi\u011fi meclis toplant\u0131s\u0131nda arbede: Ba\u015fkan \u00c7elik&#039;ten &quot;Siz kimsiniz&quot; tepkisi - Memurun Sesi\" \/>\n<meta property=\"og:description\" content=\"\u00dcniversitelilerin izledi\u011fi meclis toplant\u0131s\u0131nda arbede: Ba\u015fkan \u00c7elik&#039;ten &quot;Siz kimsiniz&quot; tepkisi\" \/>\n<meta property=\"og:url\" content=\"https:\/\/memurunsesi.net\/index.php\/2025\/12\/02\/universitelilerin-izledigi-meclis-toplantisinda-arbede-baskan-celikten-siz-kimsiniz-tepkisi\/\" \/>\n<meta property=\"og:site_name\" content=\"Memurun Sesi\" \/>\n<meta property=\"article:publisher\" content=\"https:\/\/www.facebook.com\/unipersen\/?locale=tr_TR\" \/>\n<meta property=\"article:published_time\" content=\"2025-12-02T06:08:51+00:00\" \/>\n<meta property=\"og:image\" content=\"https:\/\/memurunsesi.net\/wp-content\/uploads\/2025\/12\/belediye.jpg\" \/>\n\t<meta property=\"og:image:width\" content=\"464\" \/>\n\t<meta property=\"og:image:height\" content=\"832\" \/>\n\t<meta property=\"og:image:type\" content=\"image\/jpeg\" \/>\n<meta name=\"author\" content=\"Memurun Sesi Haber Merkezi\" \/>\n<meta name=\"twitter:card\" content=\"summary_large_image\" \/>\n<meta name=\"twitter:creator\" content=\"@unipersen\" \/>\n<meta name=\"twitter:site\" content=\"@unipersen\" \/>\n<meta name=\"twitter:label1\" content=\"Yazan:\" \/>\n\t<meta name=\"twitter:data1\" content=\"Memurun Sesi Haber Merkezi\" \/>\n\t<meta name=\"twitter:label2\" content=\"Tahmini okuma s\u00fcresi\" \/>\n\t<meta name=\"twitter:data2\" content=\"1 dakika\" \/>\n<script type=\"application\/ld+json\" class=\"yoast-schema-graph\">{\"@context\":\"https:\\\/\\\/schema.org\",\"@graph\":[{\"@type\":\"Article\",\"@id\":\"https:\\\/\\\/memurunsesi.net\\\/index.php\\\/2025\\\/12\\\/02\\\/universitelilerin-izledigi-meclis-toplantisinda-arbede-baskan-celikten-siz-kimsiniz-tepkisi\\\/#article\",\"isPartOf\":{\"@id\":\"https:\\\/\\\/memurunsesi.net\\\/index.php\\\/2025\\\/12\\\/02\\\/universitelilerin-izledigi-meclis-toplantisinda-arbede-baskan-celikten-siz-kimsiniz-tepkisi\\\/\"},\"author\":{\"name\":\"Memurun Sesi Haber Merkezi\",\"@id\":\"https:\\\/\\\/memurunsesi.net\\\/#\\\/schema\\\/person\\\/f21c2d73b89f6ee1d80b0a1803e38587\"},\"headline\":\"\u00dcniversitelilerin izledi\u011fi meclis toplant\u0131s\u0131nda arbede: Ba\u015fkan \u00c7elik&#8217;ten &#8220;Siz kimsiniz&#8221; tepkisi\",\"datePublished\":\"2025-12-02T06:08:51+00:00\",\"mainEntityOfPage\":{\"@id\":\"https:\\\/\\\/memurunsesi.net\\\/index.php\\\/2025\\\/12\\\/02\\\/universitelilerin-izledigi-meclis-toplantisinda-arbede-baskan-celikten-siz-kimsiniz-tepkisi\\\/\"},\"wordCount\":205,\"commentCount\":0,\"publisher\":{\"@id\":\"https:\\\/\\\/memurunsesi.net\\\/#organization\"},\"image\":{\"@id\":\"https:\\\/\\\/memurunsesi.net\\\/index.php\\\/2025\\\/12\\\/02\\\/universitelilerin-izledigi-meclis-toplantisinda-arbede-baskan-celikten-siz-kimsiniz-tepkisi\\\/#primaryimage\"},\"thumbnailUrl\":\"https:\\\/\\\/memurunsesi.net\\\/wp-content\\\/uploads\\\/2025\\\/12\\\/belediye.jpg\",\"keywords\":[\"Siz kimsiniz tepkisi\"],\"inLanguage\":\"tr\",\"potentialAction\":[{\"@type\":\"CommentAction\",\"name\":\"Comment\",\"target\":[\"https:\\\/\\\/memurunsesi.net\\\/index.php\\\/2025\\\/12\\\/02\\\/universitelilerin-izledigi-meclis-toplantisinda-arbede-baskan-celikten-siz-kimsiniz-tepkisi\\\/#respond\"]}]},{\"@type\":\"WebPage\",\"@id\":\"https:\\\/\\\/memurunsesi.net\\\/index.php\\\/2025\\\/12\\\/02\\\/universitelilerin-izledigi-meclis-toplantisinda-arbede-baskan-celikten-siz-kimsiniz-tepkisi\\\/\",\"url\":\"https:\\\/\\\/memurunsesi.net\\\/index.php\\\/2025\\\/12\\\/02\\\/universitelilerin-izledigi-meclis-toplantisinda-arbede-baskan-celikten-siz-kimsiniz-tepkisi\\\/\",\"name\":\"\u00dcniversitelilerin izledi\u011fi meclis toplant\u0131s\u0131nda arbede: Ba\u015fkan \u00c7elik'ten \\\"Siz kimsiniz\\\" tepkisi - Memurun Sesi\",\"isPartOf\":{\"@id\":\"https:\\\/\\\/memurunsesi.net\\\/#website\"},\"primaryImageOfPage\":{\"@id\":\"https:\\\/\\\/memurunsesi.net\\\/index.php\\\/2025\\\/12\\\/02\\\/universitelilerin-izledigi-meclis-toplantisinda-arbede-baskan-celikten-siz-kimsiniz-tepkisi\\\/#primaryimage\"},\"image\":{\"@id\":\"https:\\\/\\\/memurunsesi.net\\\/index.php\\\/2025\\\/12\\\/02\\\/universitelilerin-izledigi-meclis-toplantisinda-arbede-baskan-celikten-siz-kimsiniz-tepkisi\\\/#primaryimage\"},\"thumbnailUrl\":\"https:\\\/\\\/memurunsesi.net\\\/wp-content\\\/uploads\\\/2025\\\/12\\\/belediye.jpg\",\"datePublished\":\"2025-12-02T06:08:51+00:00\",\"description\":\"\u00dcniversitelilerin izledi\u011fi meclis toplant\u0131s\u0131nda arbede: Ba\u015fkan \u00c7elik'ten \\\"Siz kimsiniz\\\" tepkisi\",\"breadcrumb\":{\"@id\":\"https:\\\/\\\/memurunsesi.net\\\/index.php\\\/2025\\\/12\\\/02\\\/universitelilerin-izledigi-meclis-toplantisinda-arbede-baskan-celikten-siz-kimsiniz-tepkisi\\\/#breadcrumb\"},\"inLanguage\":\"tr\",\"potentialAction\":[{\"@type\":\"ReadAction\",\"target\":[\"https:\\\/\\\/memurunsesi.net\\\/index.php\\\/2025\\\/12\\\/02\\\/universitelilerin-izledigi-meclis-toplantisinda-arbede-baskan-celikten-siz-kimsiniz-tepkisi\\\/\"]}]},{\"@type\":\"ImageObject\",\"inLanguage\":\"tr\",\"@id\":\"https:\\\/\\\/memurunsesi.net\\\/index.php\\\/2025\\\/12\\\/02\\\/universitelilerin-izledigi-meclis-toplantisinda-arbede-baskan-celikten-siz-kimsiniz-tepkisi\\\/#primaryimage\",\"url\":\"https:\\\/\\\/memurunsesi.net\\\/wp-content\\\/uploads\\\/2025\\\/12\\\/belediye.jpg\",\"contentUrl\":\"https:\\\/\\\/memurunsesi.net\\\/wp-content\\\/uploads\\\/2025\\\/12\\\/belediye.jpg\",\"width\":464,\"height\":832,\"caption\":\"\u00dcN\u0130VERS\u0130TE \u00d6\u011eRENC\u0130LER\u0130N\u0130N DE KATILIM SA\u011eLADI\u011eI SERD\u0130VAN BELED\u0130YES\u0130 ARALIK AYI OLA\u011eAN MECL\u0130S TOPLANTISINDA BELED\u0130YE BA\u015eKAN YARDIMCISI \u0130LE CHP'L\u0130 MECL\u0130S \u00dcYES\u0130 ARASINDA ARBEDE YA\u015eANDI. OLAYA M\u00dcDAH\u0130L OLAN SERD\u0130VAN BELED\u0130YE BA\u015eKANI OSMAN \u00c7EL\u0130K \u0130SE MECL\u0130S \u00dcYES\u0130NE, \\\"S\u0130Z K\u0130MS\u0130N\u0130Z HAYIRDIR\\\" D\u0130YEREK TEPK\u0130 G\u00d6STERD\u0130. (ORKUN KAYA\\\/SAKARYA-\u0130HA) \u00dcniversite \u00f6\u011frencilerinin de kat\u0131l\u0131m sa\u011flad\u0131\u011f\u0131 Serdivan Belediyesi Aral\u0131k ay\u0131 ola\u011fan meclis toplant\u0131s\u0131nda belediye ba\u015fkan yard\u0131mc\u0131s\u0131 ile CHP'li meclis \u00fcyesi aras\u0131nda arbede ya\u015fand\u0131. Olaya m\u00fcdahil olan Serdivan Belediye Ba\u015fkan\u0131 Osman \u00c7elik ise meclis \u00fcyesine, \\\"Siz kimsiniz hay\u0131rd\u0131r\\\" diyerek tepki g\u00f6sterdi.\"},{\"@type\":\"BreadcrumbList\",\"@id\":\"https:\\\/\\\/memurunsesi.net\\\/index.php\\\/2025\\\/12\\\/02\\\/universitelilerin-izledigi-meclis-toplantisinda-arbede-baskan-celikten-siz-kimsiniz-tepkisi\\\/#breadcrumb\",\"itemListElement\":[{\"@type\":\"ListItem\",\"position\":1,\"name\":\"Anasayfa\",\"item\":\"https:\\\/\\\/memurunsesi.net\\\/\"},{\"@type\":\"ListItem\",\"position\":2,\"name\":\"\u00dcniversitelilerin izledi\u011fi meclis toplant\u0131s\u0131nda arbede: Ba\u015fkan \u00c7elik&#8217;ten &#8220;Siz kimsiniz&#8221; tepkisi\"}]},{\"@type\":\"WebSite\",\"@id\":\"https:\\\/\\\/memurunsesi.net\\\/#website\",\"url\":\"https:\\\/\\\/memurunsesi.net\\\/\",\"name\":\"Memurun Sesi\",\"description\":\"G\u00fcncel ve Do\u011fru Haber\",\"publisher\":{\"@id\":\"https:\\\/\\\/memurunsesi.net\\\/#organization\"},\"potentialAction\":[{\"@type\":\"SearchAction\",\"target\":{\"@type\":\"EntryPoint\",\"urlTemplate\":\"https:\\\/\\\/memurunsesi.net\\\/?s={search_term_string}\"},\"query-input\":{\"@type\":\"PropertyValueSpecification\",\"valueRequired\":true,\"valueName\":\"search_term_string\"}}],\"inLanguage\":\"tr\"},{\"@type\":\"Organization\",\"@id\":\"https:\\\/\\\/memurunsesi.net\\\/#organization\",\"name\":\"Memurun Sesi\",\"url\":\"https:\\\/\\\/memurunsesi.net\\\/\",\"logo\":{\"@type\":\"ImageObject\",\"inLanguage\":\"tr\",\"@id\":\"https:\\\/\\\/memurunsesi.net\\\/#\\\/schema\\\/logo\\\/image\\\/\",\"url\":\"https:\\\/\\\/memurunsesi.net\\\/wp-content\\\/uploads\\\/2025\\\/11\\\/cropped-MEMURUN-SESI.png\",\"contentUrl\":\"https:\\\/\\\/memurunsesi.net\\\/wp-content\\\/uploads\\\/2025\\\/11\\\/cropped-MEMURUN-SESI.png\",\"width\":238,\"height\":57,\"caption\":\"Memurun Sesi\"},\"image\":{\"@id\":\"https:\\\/\\\/memurunsesi.net\\\/#\\\/schema\\\/logo\\\/image\\\/\"},\"sameAs\":[\"https:\\\/\\\/www.facebook.com\\\/unipersen\\\/?locale=tr_TR\",\"https:\\\/\\\/x.com\\\/unipersen\"]},{\"@type\":\"Person\",\"@id\":\"https:\\\/\\\/memurunsesi.net\\\/#\\\/schema\\\/person\\\/f21c2d73b89f6ee1d80b0a1803e38587\",\"name\":\"Memurun Sesi Haber Merkezi\",\"image\":{\"@type\":\"ImageObject\",\"inLanguage\":\"tr\",\"@id\":\"https:\\\/\\\/secure.gravatar.com\\\/avatar\\\/6cf0505f452ee753f485014986fab09a434671d2b919ee76fc541025c5876a70?s=96&d=mm&r=g\",\"url\":\"https:\\\/\\\/secure.gravatar.com\\\/avatar\\\/6cf0505f452ee753f485014986fab09a434671d2b919ee76fc541025c5876a70?s=96&d=mm&r=g\",\"contentUrl\":\"https:\\\/\\\/secure.gravatar.com\\\/avatar\\\/6cf0505f452ee753f485014986fab09a434671d2b919ee76fc541025c5876a70?s=96&d=mm&r=g\",\"caption\":\"Memurun Sesi Haber Merkezi\"},\"sameAs\":[\"https:\\\/\\\/memurunsesi.net\"],\"url\":\"https:\\\/\\\/memurunsesi.net\\\/index.php\\\/author\\\/uniper\\\/\"}]}<\/script>\n<!-- \/ Yoast SEO plugin. -->","yoast_head_json":{"title":"\u00dcniversitelilerin izledi\u011fi meclis toplant\u0131s\u0131nda arbede: Ba\u015fkan \u00c7elik'ten \"Siz kimsiniz\" tepkisi - Memurun Sesi","description":"\u00dcniversitelilerin izledi\u011fi meclis toplant\u0131s\u0131nda arbede: Ba\u015fkan \u00c7elik'ten \"Siz kimsiniz\" tepkisi","robots":{"index":"index","follow":"follow","max-snippet":"max-snippet:-1","max-image-preview":"max-image-preview:large","max-video-preview":"max-video-preview:-1"},"canonical":"https:\/\/memurunsesi.net\/index.php\/2025\/12\/02\/universitelilerin-izledigi-meclis-toplantisinda-arbede-baskan-celikten-siz-kimsiniz-tepkisi\/","og_locale":"tr_TR","og_type":"article","og_title":"\u00dcniversitelilerin izledi\u011fi meclis toplant\u0131s\u0131nda arbede: Ba\u015fkan \u00c7elik'ten \"Siz kimsiniz\" tepkisi - Memurun Sesi","og_description":"\u00dcniversitelilerin izledi\u011fi meclis toplant\u0131s\u0131nda arbede: Ba\u015fkan \u00c7elik'ten \"Siz kimsiniz\" tepkisi","og_url":"https:\/\/memurunsesi.net\/index.php\/2025\/12\/02\/universitelilerin-izledigi-meclis-toplantisinda-arbede-baskan-celikten-siz-kimsiniz-tepkisi\/","og_site_name":"Memurun Sesi","article_publisher":"https:\/\/www.facebook.com\/unipersen\/?locale=tr_TR","article_published_time":"2025-12-02T06:08:51+00:00","og_image":[{"width":464,"height":832,"url":"https:\/\/memurunsesi.net\/wp-content\/uploads\/2025\/12\/belediye.jpg","type":"image\/jpeg"}],"author":"Memurun Sesi Haber Merkezi","twitter_card":"summary_large_image","twitter_creator":"@unipersen","twitter_site":"@unipersen","twitter_misc":{"Yazan:":"Memurun Sesi Haber Merkezi","Tahmini okuma s\u00fcresi":"1 dakika"},"schema":{"@context":"https:\/\/schema.org","@graph":[{"@type":"Article","@id":"https:\/\/memurunsesi.net\/index.php\/2025\/12\/02\/universitelilerin-izledigi-meclis-toplantisinda-arbede-baskan-celikten-siz-kimsiniz-tepkisi\/#article","isPartOf":{"@id":"https:\/\/memurunsesi.net\/index.php\/2025\/12\/02\/universitelilerin-izledigi-meclis-toplantisinda-arbede-baskan-celikten-siz-kimsiniz-tepkisi\/"},"author":{"name":"Memurun Sesi Haber Merkezi","@id":"https:\/\/memurunsesi.net\/#\/schema\/person\/f21c2d73b89f6ee1d80b0a1803e38587"},"headline":"\u00dcniversitelilerin izledi\u011fi meclis toplant\u0131s\u0131nda arbede: Ba\u015fkan \u00c7elik&#8217;ten &#8220;Siz kimsiniz&#8221; tepkisi","datePublished":"2025-12-02T06:08:51+00:00","mainEntityOfPage":{"@id":"https:\/\/memurunsesi.net\/index.php\/2025\/12\/02\/universitelilerin-izledigi-meclis-toplantisinda-arbede-baskan-celikten-siz-kimsiniz-tepkisi\/"},"wordCount":205,"commentCount":0,"publisher":{"@id":"https:\/\/memurunsesi.net\/#organization"},"image":{"@id":"https:\/\/memurunsesi.net\/index.php\/2025\/12\/02\/universitelilerin-izledigi-meclis-toplantisinda-arbede-baskan-celikten-siz-kimsiniz-tepkisi\/#primaryimage"},"thumbnailUrl":"https:\/\/memurunsesi.net\/wp-content\/uploads\/2025\/12\/belediye.jpg","keywords":["Siz kimsiniz tepkisi"],"inLanguage":"tr","potentialAction":[{"@type":"CommentAction","name":"Comment","target":["https:\/\/memurunsesi.net\/index.php\/2025\/12\/02\/universitelilerin-izledigi-meclis-toplantisinda-arbede-baskan-celikten-siz-kimsiniz-tepkisi\/#respond"]}]},{"@type":"WebPage","@id":"https:\/\/memurunsesi.net\/index.php\/2025\/12\/02\/universitelilerin-izledigi-meclis-toplantisinda-arbede-baskan-celikten-siz-kimsiniz-tepkisi\/","url":"https:\/\/memurunsesi.net\/index.php\/2025\/12\/02\/universitelilerin-izledigi-meclis-toplantisinda-arbede-baskan-celikten-siz-kimsiniz-tepkisi\/","name":"\u00dcniversitelilerin izledi\u011fi meclis toplant\u0131s\u0131nda arbede: Ba\u015fkan \u00c7elik'ten \"Siz kimsiniz\" tepkisi - Memurun Sesi","isPartOf":{"@id":"https:\/\/memurunsesi.net\/#website"},"primaryImageOfPage":{"@id":"https:\/\/memurunsesi.net\/index.php\/2025\/12\/02\/universitelilerin-izledigi-meclis-toplantisinda-arbede-baskan-celikten-siz-kimsiniz-tepkisi\/#primaryimage"},"image":{"@id":"https:\/\/memurunsesi.net\/index.php\/2025\/12\/02\/universitelilerin-izledigi-meclis-toplantisinda-arbede-baskan-celikten-siz-kimsiniz-tepkisi\/#primaryimage"},"thumbnailUrl":"https:\/\/memurunsesi.net\/wp-content\/uploads\/2025\/12\/belediye.jpg","datePublished":"2025-12-02T06:08:51+00:00","description":"\u00dcniversitelilerin izledi\u011fi meclis toplant\u0131s\u0131nda arbede: Ba\u015fkan \u00c7elik'ten \"Siz kimsiniz\" tepkisi","breadcrumb":{"@id":"https:\/\/memurunsesi.net\/index.php\/2025\/12\/02\/universitelilerin-izledigi-meclis-toplantisinda-arbede-baskan-celikten-siz-kimsiniz-tepkisi\/#breadcrumb"},"inLanguage":"tr","potentialAction":[{"@type":"ReadAction","target":["https:\/\/memurunsesi.net\/index.php\/2025\/12\/02\/universitelilerin-izledigi-meclis-toplantisinda-arbede-baskan-celikten-siz-kimsiniz-tepkisi\/"]}]},{"@type":"ImageObject","inLanguage":"tr","@id":"https:\/\/memurunsesi.net\/index.php\/2025\/12\/02\/universitelilerin-izledigi-meclis-toplantisinda-arbede-baskan-celikten-siz-kimsiniz-tepkisi\/#primaryimage","url":"https:\/\/memurunsesi.net\/wp-content\/uploads\/2025\/12\/belediye.jpg","contentUrl":"https:\/\/memurunsesi.net\/wp-content\/uploads\/2025\/12\/belediye.jpg","width":464,"height":832,"caption":"\u00dcN\u0130VERS\u0130TE \u00d6\u011eRENC\u0130LER\u0130N\u0130N DE KATILIM SA\u011eLADI\u011eI SERD\u0130VAN BELED\u0130YES\u0130 ARALIK AYI OLA\u011eAN MECL\u0130S TOPLANTISINDA BELED\u0130YE BA\u015eKAN YARDIMCISI \u0130LE CHP'L\u0130 MECL\u0130S \u00dcYES\u0130 ARASINDA ARBEDE YA\u015eANDI. OLAYA M\u00dcDAH\u0130L OLAN SERD\u0130VAN BELED\u0130YE BA\u015eKANI OSMAN \u00c7EL\u0130K \u0130SE MECL\u0130S \u00dcYES\u0130NE, \"S\u0130Z K\u0130MS\u0130N\u0130Z HAYIRDIR\" D\u0130YEREK TEPK\u0130 G\u00d6STERD\u0130. (ORKUN KAYA\/SAKARYA-\u0130HA) \u00dcniversite \u00f6\u011frencilerinin de kat\u0131l\u0131m sa\u011flad\u0131\u011f\u0131 Serdivan Belediyesi Aral\u0131k ay\u0131 ola\u011fan meclis toplant\u0131s\u0131nda belediye ba\u015fkan yard\u0131mc\u0131s\u0131 ile CHP'li meclis \u00fcyesi aras\u0131nda arbede ya\u015fand\u0131. Olaya m\u00fcdahil olan Serdivan Belediye Ba\u015fkan\u0131 Osman \u00c7elik ise meclis \u00fcyesine, \"Siz kimsiniz hay\u0131rd\u0131r\" diyerek tepki g\u00f6sterdi."},{"@type":"BreadcrumbList","@id":"https:\/\/memurunsesi.net\/index.php\/2025\/12\/02\/universitelilerin-izledigi-meclis-toplantisinda-arbede-baskan-celikten-siz-kimsiniz-tepkisi\/#breadcrumb","itemListElement":[{"@type":"ListItem","position":1,"name":"Anasayfa","item":"https:\/\/memurunsesi.net\/"},{"@type":"ListItem","position":2,"name":"\u00dcniversitelilerin izledi\u011fi meclis toplant\u0131s\u0131nda arbede: Ba\u015fkan \u00c7elik&#8217;ten &#8220;Siz kimsiniz&#8221; tepkisi"}]},{"@type":"WebSite","@id":"https:\/\/memurunsesi.net\/#website","url":"https:\/\/memurunsesi.net\/","name":"Memurun Sesi","description":"G\u00fcncel ve Do\u011fru Haber","publisher":{"@id":"https:\/\/memurunsesi.net\/#organization"},"potentialAction":[{"@type":"SearchAction","target":{"@type":"EntryPoint","urlTemplate":"https:\/\/memurunsesi.net\/?s={search_term_string}"},"query-input":{"@type":"PropertyValueSpecification","valueRequired":true,"valueName":"search_term_string"}}],"inLanguage":"tr"},{"@type":"Organization","@id":"https:\/\/memurunsesi.net\/#organization","name":"Memurun Sesi","url":"https:\/\/memurunsesi.net\/","logo":{"@type":"ImageObject","inLanguage":"tr","@id":"https:\/\/memurunsesi.net\/#\/schema\/logo\/image\/","url":"https:\/\/memurunsesi.net\/wp-content\/uploads\/2025\/11\/cropped-MEMURUN-SESI.png","contentUrl":"https:\/\/memurunsesi.net\/wp-content\/uploads\/2025\/11\/cropped-MEMURUN-SESI.png","width":238,"height":57,"caption":"Memurun Sesi"},"image":{"@id":"https:\/\/memurunsesi.net\/#\/schema\/logo\/image\/"},"sameAs":["https:\/\/www.facebook.com\/unipersen\/?locale=tr_TR","https:\/\/x.com\/unipersen"]},{"@type":"Person","@id":"https:\/\/memurunsesi.net\/#\/schema\/person\/f21c2d73b89f6ee1d80b0a1803e38587","name":"Memurun Sesi Haber Merkezi","image":{"@type":"ImageObject","inLanguage":"tr","@id":"https:\/\/secure.gravatar.com\/avatar\/6cf0505f452ee753f485014986fab09a434671d2b919ee76fc541025c5876a70?s=96&d=mm&r=g","url":"https:\/\/secure.gravatar.com\/avatar\/6cf0505f452ee753f485014986fab09a434671d2b919ee76fc541025c5876a70?s=96&d=mm&r=g","contentUrl":"https:\/\/secure.gravatar.com\/avatar\/6cf0505f452ee753f485014986fab09a434671d2b919ee76fc541025c5876a70?s=96&d=mm&r=g","caption":"Memurun Sesi Haber Merkezi"},"sameAs":["https:\/\/memurunsesi.net"],"url":"https:\/\/memurunsesi.net\/index.php\/author\/uniper\/"}]}},"_links":{"self":[{"href":"https:\/\/memurunsesi.net\/index.php\/wp-json\/wp\/v2\/posts\/14798","targetHints":{"allow":["GET"]}}],"collection":[{"href":"https:\/\/memurunsesi.net\/index.php\/wp-json\/wp\/v2\/posts"}],"about":[{"href":"https:\/\/memurunsesi.net\/index.php\/wp-json\/wp\/v2\/types\/post"}],"author":[{"embeddable":true,"href":"https:\/\/memurunsesi.net\/index.php\/wp-json\/wp\/v2\/users\/1"}],"replies":[{"embeddable":true,"href":"https:\/\/memurunsesi.net\/index.php\/wp-json\/wp\/v2\/comments?post=14798"}],"version-history":[{"count":1,"href":"https:\/\/memurunsesi.net\/index.php\/wp-json\/wp\/v2\/posts\/14798\/revisions"}],"predecessor-version":[{"id":14800,"href":"https:\/\/memurunsesi.net\/index.php\/wp-json\/wp\/v2\/posts\/14798\/revisions\/14800"}],"wp:featuredmedia":[{"embeddable":true,"href":"https:\/\/memurunsesi.net\/index.php\/wp-json\/wp\/v2\/media\/14799"}],"wp:attachment":[{"href":"https:\/\/memurunsesi.net\/index.php\/wp-json\/wp\/v2\/media?parent=14798"}],"wp:term":[{"taxonomy":"category","embeddable":true,"href":"https:\/\/memurunsesi.net\/index.php\/wp-json\/wp\/v2\/categories?post=14798"},{"taxonomy":"post_tag","embeddable":true,"href":"https:\/\/memurunsesi.net\/index.php\/wp-json\/wp\/v2\/tags?post=14798"}],"curies":[{"name":"wp","href":"https:\/\/api.w.org\/{rel}","templated":true}]}}