{"id":14801,"date":"2025-12-02T09:10:30","date_gmt":"2025-12-02T06:10:30","guid":{"rendered":"https:\/\/memurunsesi.net\/?p=14801"},"modified":"2025-12-02T09:10:30","modified_gmt":"2025-12-02T06:10:30","slug":"unipersen-baskani-guzelden-yoke-mektup","status":"publish","type":"post","link":"https:\/\/memurunsesi.net\/index.php\/2025\/12\/02\/unipersen-baskani-guzelden-yoke-mektup\/","title":{"rendered":"\u00dcN\u0130PERSEN Ba\u015fkan\u0131 G\u00fczel&#8217;den Y\u00d6K&#8217;e mektup"},"content":{"rendered":"<p>   \u00dcniversite \u0130dari Personel Sendikas\u0131 (\u00dcN\u0130PERSEN) Genel Ba\u015fkan\u0131 \u0130brahim G\u00fczel, Y\u00fcksek\u00f6\u011fretim Kurulu Ba\u015fkanl\u0131\u011f\u0131&#8217;na (Y\u00d6K) \u00fcniversitelerde g\u00f6rev yapan idari personelin temel sorunlar\u0131n\u0131n yer ald\u0131\u011f\u0131 bir mektup g\u00f6nderdi.<br \/>\n  \u00dcN\u0130PERSEN Genel Ba\u015fkan\u0131 \u0130brahim G\u00fczel, \u00fcniversitelerde g\u00f6rev yapan idari personelin temel sorunlar\u0131n\u0131n Y\u00fcksek\u00f6\u011fretim Kurulu taraf\u0131ndan ele al\u0131nmas\u0131 amac\u0131yla, Y\u00d6K Ba\u015fkan\u0131na mektup g\u00f6nderdi. Mektupta, y\u00fcksek\u00f6\u011fretim alan\u0131nda yap\u0131lmas\u0131 planlanan k\u00f6kl\u00fc de\u011fi\u015fikliklerde idari personelin g\u00f6z ard\u0131 edilmesinin kabul edilemeyece\u011fi vurguland\u0131.<br \/>\n  G\u00f6nderilen mektupta, TBMM Plan ve B\u00fct\u00e7e Komisyonu&#8217;nda g\u00fcndeme gelen \u00f6\u011frenci aff\u0131 \u00e7al\u0131\u015fmalar\u0131 ile akademik personelin ya\u015f haddinin 75&#8217;e \u00e7\u0131kar\u0131lmas\u0131 haz\u0131rl\u0131klar\u0131 hat\u0131rlat\u0131ld\u0131. Y\u00fcksek\u00f6\u011fretim sisteminin yeniden \u015fekillendi\u011fi bu s\u00fcre\u00e7te idari personelin taleplerinin g\u00f6rmezden gelinmesinin s\u00fcrd\u00fcr\u00fclemez oldu\u011fu belirtildi.<br \/>\n  \u00dcN\u0130PERSEN&#8217;nin mektubunda, Y\u00d6K&#8217;ten \u00f6zellikle tayin hakk\u0131n\u0131 d\u00fczenleyecek, a\u00e7\u0131k ve ba\u011flay\u0131c\u0131 bir y\u00f6netmeli\u011fin \u00e7\u0131kar\u0131lmas\u0131 i\u00e7in Y\u00d6K&#8217;e yetki verilmesi, y\u00fcksek\u00f6\u011fretim tazminat\u0131n\u0131n idari personeli de i\u00e7ine alacak \u015fekilde yeniden d\u00fczenlenmesi, bu d\u00fczenlemelerin 2547 say\u0131l\u0131 Kanunda yap\u0131lacak de\u011fi\u015fiklik paketine dahil edilmesi Y\u00d6K&#8217;ten talep edildi.<br \/>\n  G\u00fczel, mektupta sendika olarak Y\u00d6K&#8217;e sunulan dosyalar, saha raporlar\u0131 ve verilerin alt\u0131n\u0131 \u00e7izerek, &#8220;\u00dcniversitelerin i\u015fleyi\u015f y\u00fck\u00fcn\u00fcn b\u00fcy\u00fck b\u00f6l\u00fcm\u00fcn\u00fc \u00fcstlenen idari personelin beklentileri ertelenemez. Tayin hakk\u0131 ile Y\u00fcksek\u00f6\u011fretim Tazminat\u0131, art\u0131k genel ifadelerle ge\u00e7i\u015ftirilemeyecek kadar net ve acil ihtiya\u00e7lard\u0131r. Bu iki konu \u00e7\u00f6z\u00fcme kavu\u015fturulmadan y\u00fcksek\u00f6\u011fretimde ger\u00e7ek bir ilerlemeden s\u00f6z etmek m\u00fcmk\u00fcn de\u011fildir&#8221; ifadelerine yer verdi. <\/p>\n<p>  &#8220;\u00c7\u00f6z\u00fcmler, \u00fcniversitelerin kurumsal yap\u0131s\u0131na g\u00fc\u00e7 katacakt\u0131r&#8221;<br \/>\n  Mektupta, yap\u0131lacak d\u00fczenlemelerin yaln\u0131zca idari personeli de\u011fil, \u00fcniversitelerin b\u00fct\u00fcn kurumsal yap\u0131s\u0131n\u0131 olumlu etkileyece\u011fi vurguland\u0131. Kurumsal haf\u0131zan\u0131n korunmas\u0131, personel aidiyetinin g\u00fc\u00e7lenmesi ve idari s\u00fcre\u00e7lerde verim art\u0131\u015f\u0131n\u0131n ancak bu ad\u0131mlarla sa\u011flanabilece\u011fi ifade edildi.<br \/>\n  G\u00fczel, tayin hakk\u0131 ve y\u00fcksek\u00f6\u011fretim tazminat\u0131nda yap\u0131lacak iyile\u015ftirmelerin \u00fcniversite y\u00f6netim s\u00fcre\u00e7lerine istikrar ve h\u0131z kazand\u0131raca\u011f\u0131n\u0131 belirterek, &#8220;Bu ad\u0131mlar sadece idari personelin de\u011fil, y\u00fcksek\u00f6\u011fretim sisteminin tamam\u0131n\u0131n gelece\u011fini g\u00fc\u00e7lendirecektir&#8221; dedi. <\/p>\n<p>  &#8220;Y\u00d6K&#8217;\u00fcn bu konuda sorumluluk alaca\u011f\u0131na inan\u0131yoruz&#8221;<br \/>\n  G\u00fczel, Y\u00d6K&#8217;ten beklentilerini dile getirerek &#8220;Tayin ve tazminat konular\u0131nda Y\u00d6K&#8217;\u00fcn sorumluluk alaca\u011f\u0131na inan\u0131yoruz. Taleplerimizin takip\u00e7isi olmaya devam edece\u011fiz&#8221; a\u00e7\u0131klamas\u0131nda bulundu. <\/p>\n<p>2.12.2025                                   <\/p>\n","protected":false},"excerpt":{"rendered":"<p>\u00dcniversite \u0130dari Personel Sendikas\u0131 (\u00dcN\u0130PERSEN) Genel Ba\u015fkan\u0131 \u0130brahim G\u00fczel, Y\u00fcksek\u00f6\u011fretim Kurulu Ba\u015fkanl\u0131\u011f\u0131&#8217;na (Y\u00d6K) \u00fcniversitelerde g\u00f6rev yapan idari personelin temel sorunlar\u0131n\u0131n yer ald\u0131\u011f\u0131 bir mektup g\u00f6nderdi. \u00dcN\u0130PERSEN Genel Ba\u015fkan\u0131 \u0130brahim G\u00fczel, \u00fcniversitelerde g\u00f6rev yapan idari personelin temel sorunlar\u0131n\u0131n Y\u00fcksek\u00f6\u011fretim Kurulu taraf\u0131ndan ele al\u0131nmas\u0131 amac\u0131yla, Y\u00d6K Ba\u015fkan\u0131na mektup g\u00f6nderdi. Mektupta, y\u00fcksek\u00f6\u011fretim alan\u0131nda yap\u0131lmas\u0131 planlanan k\u00f6kl\u00fc de\u011fi\u015fikliklerde idari [&hellip;]<\/p>\n","protected":false},"author":1,"featured_media":14802,"comment_status":"open","ping_status":"open","sticky":false,"template":"","format":"standard","meta":{"footnotes":""},"categories":[1],"tags":[456],"class_list":["post-14801","post","type-post","status-publish","format-standard","has-post-thumbnail","hentry","category-genel","tag-yoke-mektup"],"yoast_head":"<!-- This site is optimized with the Yoast SEO plugin v27.4 - https:\/\/yoast.com\/product\/yoast-seo-wordpress\/ -->\n<title>\u00dcN\u0130PERSEN Ba\u015fkan\u0131 G\u00fczel&#039;den Y\u00d6K&#039;e mektup - Memurun Sesi<\/title>\n<meta name=\"description\" content=\"\u00dcN\u0130PERSEN Ba\u015fkan\u0131 G\u00fczel&#039;den Y\u00d6K&#039;e mektup\" \/>\n<meta name=\"robots\" content=\"index, follow, max-snippet:-1, max-image-preview:large, max-video-preview:-1\" \/>\n<link rel=\"canonical\" href=\"https:\/\/memurunsesi.net\/index.php\/2025\/12\/02\/unipersen-baskani-guzelden-yoke-mektup\/\" \/>\n<meta property=\"og:locale\" content=\"tr_TR\" \/>\n<meta property=\"og:type\" content=\"article\" \/>\n<meta property=\"og:title\" content=\"\u00dcN\u0130PERSEN Ba\u015fkan\u0131 G\u00fczel&#039;den Y\u00d6K&#039;e mektup - Memurun Sesi\" \/>\n<meta property=\"og:description\" content=\"\u00dcN\u0130PERSEN Ba\u015fkan\u0131 G\u00fczel&#039;den Y\u00d6K&#039;e mektup\" \/>\n<meta property=\"og:url\" content=\"https:\/\/memurunsesi.net\/index.php\/2025\/12\/02\/unipersen-baskani-guzelden-yoke-mektup\/\" \/>\n<meta property=\"og:site_name\" content=\"Memurun Sesi\" \/>\n<meta property=\"article:publisher\" content=\"https:\/\/www.facebook.com\/unipersen\/?locale=tr_TR\" \/>\n<meta property=\"article:published_time\" content=\"2025-12-02T06:10:30+00:00\" \/>\n<meta property=\"og:image\" content=\"https:\/\/memurunsesi.net\/wp-content\/uploads\/2025\/12\/unipersen.jpg\" \/>\n\t<meta property=\"og:image:width\" content=\"660\" \/>\n\t<meta property=\"og:image:height\" content=\"330\" \/>\n\t<meta property=\"og:image:type\" content=\"image\/jpeg\" \/>\n<meta name=\"author\" content=\"Memurun Sesi Haber Merkezi\" \/>\n<meta name=\"twitter:card\" content=\"summary_large_image\" \/>\n<meta name=\"twitter:creator\" content=\"@unipersen\" \/>\n<meta name=\"twitter:site\" content=\"@unipersen\" \/>\n<meta name=\"twitter:label1\" content=\"Yazan:\" \/>\n\t<meta name=\"twitter:data1\" content=\"Memurun Sesi Haber Merkezi\" \/>\n\t<meta name=\"twitter:label2\" content=\"Tahmini okuma s\u00fcresi\" \/>\n\t<meta name=\"twitter:data2\" content=\"1 dakika\" \/>\n<script type=\"application\/ld+json\" class=\"yoast-schema-graph\">{\"@context\":\"https:\\\/\\\/schema.org\",\"@graph\":[{\"@type\":\"Article\",\"@id\":\"https:\\\/\\\/memurunsesi.net\\\/index.php\\\/2025\\\/12\\\/02\\\/unipersen-baskani-guzelden-yoke-mektup\\\/#article\",\"isPartOf\":{\"@id\":\"https:\\\/\\\/memurunsesi.net\\\/index.php\\\/2025\\\/12\\\/02\\\/unipersen-baskani-guzelden-yoke-mektup\\\/\"},\"author\":{\"name\":\"Memurun Sesi Haber Merkezi\",\"@id\":\"https:\\\/\\\/memurunsesi.net\\\/#\\\/schema\\\/person\\\/f21c2d73b89f6ee1d80b0a1803e38587\"},\"headline\":\"\u00dcN\u0130PERSEN Ba\u015fkan\u0131 G\u00fczel&#8217;den Y\u00d6K&#8217;e mektup\",\"datePublished\":\"2025-12-02T06:10:30+00:00\",\"mainEntityOfPage\":{\"@id\":\"https:\\\/\\\/memurunsesi.net\\\/index.php\\\/2025\\\/12\\\/02\\\/unipersen-baskani-guzelden-yoke-mektup\\\/\"},\"wordCount\":464,\"commentCount\":0,\"publisher\":{\"@id\":\"https:\\\/\\\/memurunsesi.net\\\/#organization\"},\"image\":{\"@id\":\"https:\\\/\\\/memurunsesi.net\\\/index.php\\\/2025\\\/12\\\/02\\\/unipersen-baskani-guzelden-yoke-mektup\\\/#primaryimage\"},\"thumbnailUrl\":\"https:\\\/\\\/memurunsesi.net\\\/wp-content\\\/uploads\\\/2025\\\/12\\\/unipersen.jpg\",\"keywords\":[\"Y\u00d6K'e mektup\"],\"inLanguage\":\"tr\",\"potentialAction\":[{\"@type\":\"CommentAction\",\"name\":\"Comment\",\"target\":[\"https:\\\/\\\/memurunsesi.net\\\/index.php\\\/2025\\\/12\\\/02\\\/unipersen-baskani-guzelden-yoke-mektup\\\/#respond\"]}]},{\"@type\":\"WebPage\",\"@id\":\"https:\\\/\\\/memurunsesi.net\\\/index.php\\\/2025\\\/12\\\/02\\\/unipersen-baskani-guzelden-yoke-mektup\\\/\",\"url\":\"https:\\\/\\\/memurunsesi.net\\\/index.php\\\/2025\\\/12\\\/02\\\/unipersen-baskani-guzelden-yoke-mektup\\\/\",\"name\":\"\u00dcN\u0130PERSEN Ba\u015fkan\u0131 G\u00fczel'den Y\u00d6K'e mektup - Memurun Sesi\",\"isPartOf\":{\"@id\":\"https:\\\/\\\/memurunsesi.net\\\/#website\"},\"primaryImageOfPage\":{\"@id\":\"https:\\\/\\\/memurunsesi.net\\\/index.php\\\/2025\\\/12\\\/02\\\/unipersen-baskani-guzelden-yoke-mektup\\\/#primaryimage\"},\"image\":{\"@id\":\"https:\\\/\\\/memurunsesi.net\\\/index.php\\\/2025\\\/12\\\/02\\\/unipersen-baskani-guzelden-yoke-mektup\\\/#primaryimage\"},\"thumbnailUrl\":\"https:\\\/\\\/memurunsesi.net\\\/wp-content\\\/uploads\\\/2025\\\/12\\\/unipersen.jpg\",\"datePublished\":\"2025-12-02T06:10:30+00:00\",\"description\":\"\u00dcN\u0130PERSEN Ba\u015fkan\u0131 G\u00fczel'den Y\u00d6K'e mektup\",\"breadcrumb\":{\"@id\":\"https:\\\/\\\/memurunsesi.net\\\/index.php\\\/2025\\\/12\\\/02\\\/unipersen-baskani-guzelden-yoke-mektup\\\/#breadcrumb\"},\"inLanguage\":\"tr\",\"potentialAction\":[{\"@type\":\"ReadAction\",\"target\":[\"https:\\\/\\\/memurunsesi.net\\\/index.php\\\/2025\\\/12\\\/02\\\/unipersen-baskani-guzelden-yoke-mektup\\\/\"]}]},{\"@type\":\"ImageObject\",\"inLanguage\":\"tr\",\"@id\":\"https:\\\/\\\/memurunsesi.net\\\/index.php\\\/2025\\\/12\\\/02\\\/unipersen-baskani-guzelden-yoke-mektup\\\/#primaryimage\",\"url\":\"https:\\\/\\\/memurunsesi.net\\\/wp-content\\\/uploads\\\/2025\\\/12\\\/unipersen.jpg\",\"contentUrl\":\"https:\\\/\\\/memurunsesi.net\\\/wp-content\\\/uploads\\\/2025\\\/12\\\/unipersen.jpg\",\"width\":660,\"height\":330,\"caption\":\"\u00dcN\u0130PERSEN GENEL BA\u015eKANI \u0130BRAH\u0130M G\u00dcZEL, Y\u00d6K \u00dcN\u0130VERS\u0130TELERDE G\u00d6REV YAPAN \u0130DAR\u0130 PERSONEL\u0130N TEMEL SORUNLARININ YER ALDI\u011eI B\u0130R MEKTUP G\u00d6NDERD\u0130. (\u0130HA\\\/ANKARA-\u0130HA) \u00dcniversite \u0130dari Personel Sendikas\u0131 (\u00dcN\u0130PERSEN) Genel Ba\u015fkan\u0131 \u0130brahim G\u00fczel, Y\u00fcksek\u00f6\u011fretim Kurulu Ba\u015fkanl\u0131\u011f\u0131'na (Y\u00d6K) \u00fcniversitelerde g\u00f6rev yapan idari personelin temel sorunlar\u0131n\u0131n yer ald\u0131\u011f\u0131 bir mektup g\u00f6nderdi.\"},{\"@type\":\"BreadcrumbList\",\"@id\":\"https:\\\/\\\/memurunsesi.net\\\/index.php\\\/2025\\\/12\\\/02\\\/unipersen-baskani-guzelden-yoke-mektup\\\/#breadcrumb\",\"itemListElement\":[{\"@type\":\"ListItem\",\"position\":1,\"name\":\"Anasayfa\",\"item\":\"https:\\\/\\\/memurunsesi.net\\\/\"},{\"@type\":\"ListItem\",\"position\":2,\"name\":\"\u00dcN\u0130PERSEN Ba\u015fkan\u0131 G\u00fczel&#8217;den Y\u00d6K&#8217;e mektup\"}]},{\"@type\":\"WebSite\",\"@id\":\"https:\\\/\\\/memurunsesi.net\\\/#website\",\"url\":\"https:\\\/\\\/memurunsesi.net\\\/\",\"name\":\"Memurun Sesi\",\"description\":\"G\u00fcncel ve Do\u011fru Haber\",\"publisher\":{\"@id\":\"https:\\\/\\\/memurunsesi.net\\\/#organization\"},\"potentialAction\":[{\"@type\":\"SearchAction\",\"target\":{\"@type\":\"EntryPoint\",\"urlTemplate\":\"https:\\\/\\\/memurunsesi.net\\\/?s={search_term_string}\"},\"query-input\":{\"@type\":\"PropertyValueSpecification\",\"valueRequired\":true,\"valueName\":\"search_term_string\"}}],\"inLanguage\":\"tr\"},{\"@type\":\"Organization\",\"@id\":\"https:\\\/\\\/memurunsesi.net\\\/#organization\",\"name\":\"Memurun Sesi\",\"url\":\"https:\\\/\\\/memurunsesi.net\\\/\",\"logo\":{\"@type\":\"ImageObject\",\"inLanguage\":\"tr\",\"@id\":\"https:\\\/\\\/memurunsesi.net\\\/#\\\/schema\\\/logo\\\/image\\\/\",\"url\":\"https:\\\/\\\/memurunsesi.net\\\/wp-content\\\/uploads\\\/2025\\\/11\\\/cropped-MEMURUN-SESI.png\",\"contentUrl\":\"https:\\\/\\\/memurunsesi.net\\\/wp-content\\\/uploads\\\/2025\\\/11\\\/cropped-MEMURUN-SESI.png\",\"width\":238,\"height\":57,\"caption\":\"Memurun Sesi\"},\"image\":{\"@id\":\"https:\\\/\\\/memurunsesi.net\\\/#\\\/schema\\\/logo\\\/image\\\/\"},\"sameAs\":[\"https:\\\/\\\/www.facebook.com\\\/unipersen\\\/?locale=tr_TR\",\"https:\\\/\\\/x.com\\\/unipersen\"]},{\"@type\":\"Person\",\"@id\":\"https:\\\/\\\/memurunsesi.net\\\/#\\\/schema\\\/person\\\/f21c2d73b89f6ee1d80b0a1803e38587\",\"name\":\"Memurun Sesi Haber Merkezi\",\"image\":{\"@type\":\"ImageObject\",\"inLanguage\":\"tr\",\"@id\":\"https:\\\/\\\/secure.gravatar.com\\\/avatar\\\/6cf0505f452ee753f485014986fab09a434671d2b919ee76fc541025c5876a70?s=96&d=mm&r=g\",\"url\":\"https:\\\/\\\/secure.gravatar.com\\\/avatar\\\/6cf0505f452ee753f485014986fab09a434671d2b919ee76fc541025c5876a70?s=96&d=mm&r=g\",\"contentUrl\":\"https:\\\/\\\/secure.gravatar.com\\\/avatar\\\/6cf0505f452ee753f485014986fab09a434671d2b919ee76fc541025c5876a70?s=96&d=mm&r=g\",\"caption\":\"Memurun Sesi Haber Merkezi\"},\"sameAs\":[\"https:\\\/\\\/memurunsesi.net\"],\"url\":\"https:\\\/\\\/memurunsesi.net\\\/index.php\\\/author\\\/uniper\\\/\"}]}<\/script>\n<!-- \/ Yoast SEO plugin. -->","yoast_head_json":{"title":"\u00dcN\u0130PERSEN Ba\u015fkan\u0131 G\u00fczel'den Y\u00d6K'e mektup - Memurun Sesi","description":"\u00dcN\u0130PERSEN Ba\u015fkan\u0131 G\u00fczel'den Y\u00d6K'e mektup","robots":{"index":"index","follow":"follow","max-snippet":"max-snippet:-1","max-image-preview":"max-image-preview:large","max-video-preview":"max-video-preview:-1"},"canonical":"https:\/\/memurunsesi.net\/index.php\/2025\/12\/02\/unipersen-baskani-guzelden-yoke-mektup\/","og_locale":"tr_TR","og_type":"article","og_title":"\u00dcN\u0130PERSEN Ba\u015fkan\u0131 G\u00fczel'den Y\u00d6K'e mektup - Memurun Sesi","og_description":"\u00dcN\u0130PERSEN Ba\u015fkan\u0131 G\u00fczel'den Y\u00d6K'e mektup","og_url":"https:\/\/memurunsesi.net\/index.php\/2025\/12\/02\/unipersen-baskani-guzelden-yoke-mektup\/","og_site_name":"Memurun Sesi","article_publisher":"https:\/\/www.facebook.com\/unipersen\/?locale=tr_TR","article_published_time":"2025-12-02T06:10:30+00:00","og_image":[{"width":660,"height":330,"url":"https:\/\/memurunsesi.net\/wp-content\/uploads\/2025\/12\/unipersen.jpg","type":"image\/jpeg"}],"author":"Memurun Sesi Haber Merkezi","twitter_card":"summary_large_image","twitter_creator":"@unipersen","twitter_site":"@unipersen","twitter_misc":{"Yazan:":"Memurun Sesi Haber Merkezi","Tahmini okuma s\u00fcresi":"1 dakika"},"schema":{"@context":"https:\/\/schema.org","@graph":[{"@type":"Article","@id":"https:\/\/memurunsesi.net\/index.php\/2025\/12\/02\/unipersen-baskani-guzelden-yoke-mektup\/#article","isPartOf":{"@id":"https:\/\/memurunsesi.net\/index.php\/2025\/12\/02\/unipersen-baskani-guzelden-yoke-mektup\/"},"author":{"name":"Memurun Sesi Haber Merkezi","@id":"https:\/\/memurunsesi.net\/#\/schema\/person\/f21c2d73b89f6ee1d80b0a1803e38587"},"headline":"\u00dcN\u0130PERSEN Ba\u015fkan\u0131 G\u00fczel&#8217;den Y\u00d6K&#8217;e mektup","datePublished":"2025-12-02T06:10:30+00:00","mainEntityOfPage":{"@id":"https:\/\/memurunsesi.net\/index.php\/2025\/12\/02\/unipersen-baskani-guzelden-yoke-mektup\/"},"wordCount":464,"commentCount":0,"publisher":{"@id":"https:\/\/memurunsesi.net\/#organization"},"image":{"@id":"https:\/\/memurunsesi.net\/index.php\/2025\/12\/02\/unipersen-baskani-guzelden-yoke-mektup\/#primaryimage"},"thumbnailUrl":"https:\/\/memurunsesi.net\/wp-content\/uploads\/2025\/12\/unipersen.jpg","keywords":["Y\u00d6K'e mektup"],"inLanguage":"tr","potentialAction":[{"@type":"CommentAction","name":"Comment","target":["https:\/\/memurunsesi.net\/index.php\/2025\/12\/02\/unipersen-baskani-guzelden-yoke-mektup\/#respond"]}]},{"@type":"WebPage","@id":"https:\/\/memurunsesi.net\/index.php\/2025\/12\/02\/unipersen-baskani-guzelden-yoke-mektup\/","url":"https:\/\/memurunsesi.net\/index.php\/2025\/12\/02\/unipersen-baskani-guzelden-yoke-mektup\/","name":"\u00dcN\u0130PERSEN Ba\u015fkan\u0131 G\u00fczel'den Y\u00d6K'e mektup - Memurun Sesi","isPartOf":{"@id":"https:\/\/memurunsesi.net\/#website"},"primaryImageOfPage":{"@id":"https:\/\/memurunsesi.net\/index.php\/2025\/12\/02\/unipersen-baskani-guzelden-yoke-mektup\/#primaryimage"},"image":{"@id":"https:\/\/memurunsesi.net\/index.php\/2025\/12\/02\/unipersen-baskani-guzelden-yoke-mektup\/#primaryimage"},"thumbnailUrl":"https:\/\/memurunsesi.net\/wp-content\/uploads\/2025\/12\/unipersen.jpg","datePublished":"2025-12-02T06:10:30+00:00","description":"\u00dcN\u0130PERSEN Ba\u015fkan\u0131 G\u00fczel'den Y\u00d6K'e mektup","breadcrumb":{"@id":"https:\/\/memurunsesi.net\/index.php\/2025\/12\/02\/unipersen-baskani-guzelden-yoke-mektup\/#breadcrumb"},"inLanguage":"tr","potentialAction":[{"@type":"ReadAction","target":["https:\/\/memurunsesi.net\/index.php\/2025\/12\/02\/unipersen-baskani-guzelden-yoke-mektup\/"]}]},{"@type":"ImageObject","inLanguage":"tr","@id":"https:\/\/memurunsesi.net\/index.php\/2025\/12\/02\/unipersen-baskani-guzelden-yoke-mektup\/#primaryimage","url":"https:\/\/memurunsesi.net\/wp-content\/uploads\/2025\/12\/unipersen.jpg","contentUrl":"https:\/\/memurunsesi.net\/wp-content\/uploads\/2025\/12\/unipersen.jpg","width":660,"height":330,"caption":"\u00dcN\u0130PERSEN GENEL BA\u015eKANI \u0130BRAH\u0130M G\u00dcZEL, Y\u00d6K \u00dcN\u0130VERS\u0130TELERDE G\u00d6REV YAPAN \u0130DAR\u0130 PERSONEL\u0130N TEMEL SORUNLARININ YER ALDI\u011eI B\u0130R MEKTUP G\u00d6NDERD\u0130. (\u0130HA\/ANKARA-\u0130HA) \u00dcniversite \u0130dari Personel Sendikas\u0131 (\u00dcN\u0130PERSEN) Genel Ba\u015fkan\u0131 \u0130brahim G\u00fczel, Y\u00fcksek\u00f6\u011fretim Kurulu Ba\u015fkanl\u0131\u011f\u0131'na (Y\u00d6K) \u00fcniversitelerde g\u00f6rev yapan idari personelin temel sorunlar\u0131n\u0131n yer ald\u0131\u011f\u0131 bir mektup g\u00f6nderdi."},{"@type":"BreadcrumbList","@id":"https:\/\/memurunsesi.net\/index.php\/2025\/12\/02\/unipersen-baskani-guzelden-yoke-mektup\/#breadcrumb","itemListElement":[{"@type":"ListItem","position":1,"name":"Anasayfa","item":"https:\/\/memurunsesi.net\/"},{"@type":"ListItem","position":2,"name":"\u00dcN\u0130PERSEN Ba\u015fkan\u0131 G\u00fczel&#8217;den Y\u00d6K&#8217;e mektup"}]},{"@type":"WebSite","@id":"https:\/\/memurunsesi.net\/#website","url":"https:\/\/memurunsesi.net\/","name":"Memurun Sesi","description":"G\u00fcncel ve Do\u011fru Haber","publisher":{"@id":"https:\/\/memurunsesi.net\/#organization"},"potentialAction":[{"@type":"SearchAction","target":{"@type":"EntryPoint","urlTemplate":"https:\/\/memurunsesi.net\/?s={search_term_string}"},"query-input":{"@type":"PropertyValueSpecification","valueRequired":true,"valueName":"search_term_string"}}],"inLanguage":"tr"},{"@type":"Organization","@id":"https:\/\/memurunsesi.net\/#organization","name":"Memurun Sesi","url":"https:\/\/memurunsesi.net\/","logo":{"@type":"ImageObject","inLanguage":"tr","@id":"https:\/\/memurunsesi.net\/#\/schema\/logo\/image\/","url":"https:\/\/memurunsesi.net\/wp-content\/uploads\/2025\/11\/cropped-MEMURUN-SESI.png","contentUrl":"https:\/\/memurunsesi.net\/wp-content\/uploads\/2025\/11\/cropped-MEMURUN-SESI.png","width":238,"height":57,"caption":"Memurun Sesi"},"image":{"@id":"https:\/\/memurunsesi.net\/#\/schema\/logo\/image\/"},"sameAs":["https:\/\/www.facebook.com\/unipersen\/?locale=tr_TR","https:\/\/x.com\/unipersen"]},{"@type":"Person","@id":"https:\/\/memurunsesi.net\/#\/schema\/person\/f21c2d73b89f6ee1d80b0a1803e38587","name":"Memurun Sesi Haber Merkezi","image":{"@type":"ImageObject","inLanguage":"tr","@id":"https:\/\/secure.gravatar.com\/avatar\/6cf0505f452ee753f485014986fab09a434671d2b919ee76fc541025c5876a70?s=96&d=mm&r=g","url":"https:\/\/secure.gravatar.com\/avatar\/6cf0505f452ee753f485014986fab09a434671d2b919ee76fc541025c5876a70?s=96&d=mm&r=g","contentUrl":"https:\/\/secure.gravatar.com\/avatar\/6cf0505f452ee753f485014986fab09a434671d2b919ee76fc541025c5876a70?s=96&d=mm&r=g","caption":"Memurun Sesi Haber Merkezi"},"sameAs":["https:\/\/memurunsesi.net"],"url":"https:\/\/memurunsesi.net\/index.php\/author\/uniper\/"}]}},"_links":{"self":[{"href":"https:\/\/memurunsesi.net\/index.php\/wp-json\/wp\/v2\/posts\/14801","targetHints":{"allow":["GET"]}}],"collection":[{"href":"https:\/\/memurunsesi.net\/index.php\/wp-json\/wp\/v2\/posts"}],"about":[{"href":"https:\/\/memurunsesi.net\/index.php\/wp-json\/wp\/v2\/types\/post"}],"author":[{"embeddable":true,"href":"https:\/\/memurunsesi.net\/index.php\/wp-json\/wp\/v2\/users\/1"}],"replies":[{"embeddable":true,"href":"https:\/\/memurunsesi.net\/index.php\/wp-json\/wp\/v2\/comments?post=14801"}],"version-history":[{"count":1,"href":"https:\/\/memurunsesi.net\/index.php\/wp-json\/wp\/v2\/posts\/14801\/revisions"}],"predecessor-version":[{"id":14803,"href":"https:\/\/memurunsesi.net\/index.php\/wp-json\/wp\/v2\/posts\/14801\/revisions\/14803"}],"wp:featuredmedia":[{"embeddable":true,"href":"https:\/\/memurunsesi.net\/index.php\/wp-json\/wp\/v2\/media\/14802"}],"wp:attachment":[{"href":"https:\/\/memurunsesi.net\/index.php\/wp-json\/wp\/v2\/media?parent=14801"}],"wp:term":[{"taxonomy":"category","embeddable":true,"href":"https:\/\/memurunsesi.net\/index.php\/wp-json\/wp\/v2\/categories?post=14801"},{"taxonomy":"post_tag","embeddable":true,"href":"https:\/\/memurunsesi.net\/index.php\/wp-json\/wp\/v2\/tags?post=14801"}],"curies":[{"name":"wp","href":"https:\/\/api.w.org\/{rel}","templated":true}]}}