{"id":14804,"date":"2025-12-02T11:28:23","date_gmt":"2025-12-02T08:28:23","guid":{"rendered":"https:\/\/memurunsesi.net\/?p=14804"},"modified":"2025-12-02T11:28:23","modified_gmt":"2025-12-02T08:28:23","slug":"konyada-jandarmadan-sanal-devriye-son-1-ayda-2-bin-920-hesap-hakkinda-islem-yapildi","status":"publish","type":"post","link":"https:\/\/memurunsesi.net\/index.php\/2025\/12\/02\/konyada-jandarmadan-sanal-devriye-son-1-ayda-2-bin-920-hesap-hakkinda-islem-yapildi\/","title":{"rendered":"Konya&#8217;da jandarmadan sanal devriye: Son 1 ayda 2 bin 920 hesap hakk\u0131nda i\u015flem yap\u0131ld\u0131"},"content":{"rendered":"<p>  Konya&#8217;da jandarma ekipleri su\u00e7 ve su\u00e7lulukla m\u00fccadele etmek amac\u0131yla internet ortam\u0131nda 7\/24 sanal devriye faaliyetlerini y\u00fcr\u00fct\u00fcyor.<br \/>\n  Edinilen bilgiye g\u00f6re, 1-30 Kas\u0131m tarihlerinde Siber Su\u00e7larla M\u00fccadele \u015eube M\u00fcd\u00fcrl\u00fc\u011f\u00fc ekiplerince 13 bin 225, TEM \u015eube M\u00fcd\u00fcrl\u00fc\u011f\u00fc ekiplerince 14 bin 830 olmak \u00fczere toplamda 28 bin 55 sosyal medya\/URL adresinde yap\u0131lan ara\u015ft\u0131rma sonucunda; bin 522 yasa d\u0131\u015f\u0131 bahis sitesi, bin 398 m\u00fcstehcen i\u00e7erikli payla\u015f\u0131m yapan site\/hesap olmak \u00fczere toplam 2 bin 920 hesap hakk\u0131nda i\u015flem yap\u0131ld\u0131. \u00c7al\u0131\u015fmalarda ayr\u0131ca; 57 ter\u00f6r \u00f6rg\u00fct\u00fc propagandas\u0131 yapmak, 1 tehdit ve hakaret, 1 \u015fantaj, 9 nitelikli doland\u0131r\u0131c\u0131l\u0131k su\u00e7unu bili\u015fim sistemlerini kullanarak i\u015flemek, 1 genel g\u00fcvenli\u011fi kasten tehlikeye sokmak, 3 5816 say\u0131l\u0131 Atat\u00fcrk aleyhine i\u015flenen su\u00e7lardan, 15 di\u011fer olaylar kapsam\u0131nda toplam 87 AKAR (A\u00e7\u0131k Kaynak Ara\u015ft\u0131rma Raporu) tanzim edilerek ilgili adli makam ve kolluk birimlerine g\u00f6nderildi\u011fi belirtildi.  <\/p>\n<p>2.12.2025                                  <\/p>\n","protected":false},"excerpt":{"rendered":"<p>Konya&#8217;da jandarma ekipleri su\u00e7 ve su\u00e7lulukla m\u00fccadele etmek amac\u0131yla internet ortam\u0131nda 7\/24 sanal devriye faaliyetlerini y\u00fcr\u00fct\u00fcyor. Edinilen bilgiye g\u00f6re, 1-30 Kas\u0131m tarihlerinde Siber Su\u00e7larla M\u00fccadele \u015eube M\u00fcd\u00fcrl\u00fc\u011f\u00fc ekiplerince 13 bin 225, TEM \u015eube M\u00fcd\u00fcrl\u00fc\u011f\u00fc ekiplerince 14 bin 830 olmak \u00fczere toplamda 28 bin 55 sosyal medya\/URL adresinde yap\u0131lan ara\u015ft\u0131rma sonucunda; bin 522 yasa d\u0131\u015f\u0131 bahis [&hellip;]<\/p>\n","protected":false},"author":1,"featured_media":14805,"comment_status":"open","ping_status":"open","sticky":false,"template":"","format":"standard","meta":{"footnotes":""},"categories":[1],"tags":[457],"class_list":["post-14804","post","type-post","status-publish","format-standard","has-post-thumbnail","hentry","category-genel","tag-sanal-devriye"],"yoast_head":"<!-- This site is optimized with the Yoast SEO plugin v27.4 - https:\/\/yoast.com\/product\/yoast-seo-wordpress\/ -->\n<title>Konya&#039;da jandarmadan sanal devriye: Son 1 ayda 2 bin 920 hesap hakk\u0131nda i\u015flem yap\u0131ld\u0131 - Memurun Sesi<\/title>\n<meta name=\"description\" content=\"Konya&#039;da jandarmadan sanal devriye: Son 1 ayda 2 bin 920 hesap hakk\u0131nda i\u015flem yap\u0131ld\u0131\" \/>\n<meta name=\"robots\" content=\"index, follow, max-snippet:-1, max-image-preview:large, max-video-preview:-1\" \/>\n<link rel=\"canonical\" href=\"https:\/\/memurunsesi.net\/index.php\/2025\/12\/02\/konyada-jandarmadan-sanal-devriye-son-1-ayda-2-bin-920-hesap-hakkinda-islem-yapildi\/\" \/>\n<meta property=\"og:locale\" content=\"tr_TR\" \/>\n<meta property=\"og:type\" content=\"article\" \/>\n<meta property=\"og:title\" content=\"Konya&#039;da jandarmadan sanal devriye: Son 1 ayda 2 bin 920 hesap hakk\u0131nda i\u015flem yap\u0131ld\u0131 - Memurun Sesi\" \/>\n<meta property=\"og:description\" content=\"Konya&#039;da jandarmadan sanal devriye: Son 1 ayda 2 bin 920 hesap hakk\u0131nda i\u015flem yap\u0131ld\u0131\" \/>\n<meta property=\"og:url\" content=\"https:\/\/memurunsesi.net\/index.php\/2025\/12\/02\/konyada-jandarmadan-sanal-devriye-son-1-ayda-2-bin-920-hesap-hakkinda-islem-yapildi\/\" \/>\n<meta property=\"og:site_name\" content=\"Memurun Sesi\" \/>\n<meta property=\"article:publisher\" content=\"https:\/\/www.facebook.com\/unipersen\/?locale=tr_TR\" \/>\n<meta property=\"article:published_time\" content=\"2025-12-02T08:28:23+00:00\" \/>\n<meta property=\"og:image\" content=\"https:\/\/memurunsesi.net\/wp-content\/uploads\/2025\/12\/JANDARMA.jpg\" \/>\n\t<meta property=\"og:image:width\" content=\"905\" \/>\n\t<meta property=\"og:image:height\" content=\"947\" \/>\n\t<meta property=\"og:image:type\" content=\"image\/jpeg\" \/>\n<meta name=\"author\" content=\"Memurun Sesi Haber Merkezi\" \/>\n<meta name=\"twitter:card\" content=\"summary_large_image\" \/>\n<meta name=\"twitter:creator\" content=\"@unipersen\" \/>\n<meta name=\"twitter:site\" content=\"@unipersen\" \/>\n<meta name=\"twitter:label1\" content=\"Yazan:\" \/>\n\t<meta name=\"twitter:data1\" content=\"Memurun Sesi Haber Merkezi\" \/>\n\t<meta name=\"twitter:label2\" content=\"Tahmini okuma s\u00fcresi\" \/>\n\t<meta name=\"twitter:data2\" content=\"1 dakika\" \/>\n<script type=\"application\/ld+json\" class=\"yoast-schema-graph\">{\"@context\":\"https:\\\/\\\/schema.org\",\"@graph\":[{\"@type\":\"Article\",\"@id\":\"https:\\\/\\\/memurunsesi.net\\\/index.php\\\/2025\\\/12\\\/02\\\/konyada-jandarmadan-sanal-devriye-son-1-ayda-2-bin-920-hesap-hakkinda-islem-yapildi\\\/#article\",\"isPartOf\":{\"@id\":\"https:\\\/\\\/memurunsesi.net\\\/index.php\\\/2025\\\/12\\\/02\\\/konyada-jandarmadan-sanal-devriye-son-1-ayda-2-bin-920-hesap-hakkinda-islem-yapildi\\\/\"},\"author\":{\"name\":\"Memurun Sesi Haber Merkezi\",\"@id\":\"https:\\\/\\\/memurunsesi.net\\\/#\\\/schema\\\/person\\\/f21c2d73b89f6ee1d80b0a1803e38587\"},\"headline\":\"Konya&#8217;da jandarmadan sanal devriye: Son 1 ayda 2 bin 920 hesap hakk\u0131nda i\u015flem yap\u0131ld\u0131\",\"datePublished\":\"2025-12-02T08:28:23+00:00\",\"mainEntityOfPage\":{\"@id\":\"https:\\\/\\\/memurunsesi.net\\\/index.php\\\/2025\\\/12\\\/02\\\/konyada-jandarmadan-sanal-devriye-son-1-ayda-2-bin-920-hesap-hakkinda-islem-yapildi\\\/\"},\"wordCount\":174,\"commentCount\":0,\"publisher\":{\"@id\":\"https:\\\/\\\/memurunsesi.net\\\/#organization\"},\"image\":{\"@id\":\"https:\\\/\\\/memurunsesi.net\\\/index.php\\\/2025\\\/12\\\/02\\\/konyada-jandarmadan-sanal-devriye-son-1-ayda-2-bin-920-hesap-hakkinda-islem-yapildi\\\/#primaryimage\"},\"thumbnailUrl\":\"https:\\\/\\\/memurunsesi.net\\\/wp-content\\\/uploads\\\/2025\\\/12\\\/JANDARMA.jpg\",\"keywords\":[\"SANAL DEVR\u0130YE\"],\"inLanguage\":\"tr\",\"potentialAction\":[{\"@type\":\"CommentAction\",\"name\":\"Comment\",\"target\":[\"https:\\\/\\\/memurunsesi.net\\\/index.php\\\/2025\\\/12\\\/02\\\/konyada-jandarmadan-sanal-devriye-son-1-ayda-2-bin-920-hesap-hakkinda-islem-yapildi\\\/#respond\"]}]},{\"@type\":\"WebPage\",\"@id\":\"https:\\\/\\\/memurunsesi.net\\\/index.php\\\/2025\\\/12\\\/02\\\/konyada-jandarmadan-sanal-devriye-son-1-ayda-2-bin-920-hesap-hakkinda-islem-yapildi\\\/\",\"url\":\"https:\\\/\\\/memurunsesi.net\\\/index.php\\\/2025\\\/12\\\/02\\\/konyada-jandarmadan-sanal-devriye-son-1-ayda-2-bin-920-hesap-hakkinda-islem-yapildi\\\/\",\"name\":\"Konya'da jandarmadan sanal devriye: Son 1 ayda 2 bin 920 hesap hakk\u0131nda i\u015flem yap\u0131ld\u0131 - Memurun Sesi\",\"isPartOf\":{\"@id\":\"https:\\\/\\\/memurunsesi.net\\\/#website\"},\"primaryImageOfPage\":{\"@id\":\"https:\\\/\\\/memurunsesi.net\\\/index.php\\\/2025\\\/12\\\/02\\\/konyada-jandarmadan-sanal-devriye-son-1-ayda-2-bin-920-hesap-hakkinda-islem-yapildi\\\/#primaryimage\"},\"image\":{\"@id\":\"https:\\\/\\\/memurunsesi.net\\\/index.php\\\/2025\\\/12\\\/02\\\/konyada-jandarmadan-sanal-devriye-son-1-ayda-2-bin-920-hesap-hakkinda-islem-yapildi\\\/#primaryimage\"},\"thumbnailUrl\":\"https:\\\/\\\/memurunsesi.net\\\/wp-content\\\/uploads\\\/2025\\\/12\\\/JANDARMA.jpg\",\"datePublished\":\"2025-12-02T08:28:23+00:00\",\"description\":\"Konya'da jandarmadan sanal devriye: Son 1 ayda 2 bin 920 hesap hakk\u0131nda i\u015flem yap\u0131ld\u0131\",\"breadcrumb\":{\"@id\":\"https:\\\/\\\/memurunsesi.net\\\/index.php\\\/2025\\\/12\\\/02\\\/konyada-jandarmadan-sanal-devriye-son-1-ayda-2-bin-920-hesap-hakkinda-islem-yapildi\\\/#breadcrumb\"},\"inLanguage\":\"tr\",\"potentialAction\":[{\"@type\":\"ReadAction\",\"target\":[\"https:\\\/\\\/memurunsesi.net\\\/index.php\\\/2025\\\/12\\\/02\\\/konyada-jandarmadan-sanal-devriye-son-1-ayda-2-bin-920-hesap-hakkinda-islem-yapildi\\\/\"]}]},{\"@type\":\"ImageObject\",\"inLanguage\":\"tr\",\"@id\":\"https:\\\/\\\/memurunsesi.net\\\/index.php\\\/2025\\\/12\\\/02\\\/konyada-jandarmadan-sanal-devriye-son-1-ayda-2-bin-920-hesap-hakkinda-islem-yapildi\\\/#primaryimage\",\"url\":\"https:\\\/\\\/memurunsesi.net\\\/wp-content\\\/uploads\\\/2025\\\/12\\\/JANDARMA.jpg\",\"contentUrl\":\"https:\\\/\\\/memurunsesi.net\\\/wp-content\\\/uploads\\\/2025\\\/12\\\/JANDARMA.jpg\",\"width\":905,\"height\":947,\"caption\":\"KONYA'DA JANDARMA EK\u0130PLER\u0130 SU\u00c7 VE SU\u00c7LULUKLA M\u00dcCADELE ETMEK AMACIYLA \u0130NTERNET ORTAMINDA 7\\\/24 SANAL DEVR\u0130YE FAAL\u0130YETLER\u0130N\u0130 Y\u00dcR\u00dcT\u00dcYOR. (\u0130HA\\\/KONYA-\u0130HA) Konya'da jandarma ekipleri su\u00e7 ve su\u00e7lulukla m\u00fccadele etmek amac\u0131yla internet ortam\u0131nda 7\\\/24 sanal devriye faaliyetlerini y\u00fcr\u00fct\u00fcyor.\"},{\"@type\":\"BreadcrumbList\",\"@id\":\"https:\\\/\\\/memurunsesi.net\\\/index.php\\\/2025\\\/12\\\/02\\\/konyada-jandarmadan-sanal-devriye-son-1-ayda-2-bin-920-hesap-hakkinda-islem-yapildi\\\/#breadcrumb\",\"itemListElement\":[{\"@type\":\"ListItem\",\"position\":1,\"name\":\"Anasayfa\",\"item\":\"https:\\\/\\\/memurunsesi.net\\\/\"},{\"@type\":\"ListItem\",\"position\":2,\"name\":\"Konya&#8217;da jandarmadan sanal devriye: Son 1 ayda 2 bin 920 hesap hakk\u0131nda i\u015flem yap\u0131ld\u0131\"}]},{\"@type\":\"WebSite\",\"@id\":\"https:\\\/\\\/memurunsesi.net\\\/#website\",\"url\":\"https:\\\/\\\/memurunsesi.net\\\/\",\"name\":\"Memurun Sesi\",\"description\":\"G\u00fcncel ve Do\u011fru Haber\",\"publisher\":{\"@id\":\"https:\\\/\\\/memurunsesi.net\\\/#organization\"},\"potentialAction\":[{\"@type\":\"SearchAction\",\"target\":{\"@type\":\"EntryPoint\",\"urlTemplate\":\"https:\\\/\\\/memurunsesi.net\\\/?s={search_term_string}\"},\"query-input\":{\"@type\":\"PropertyValueSpecification\",\"valueRequired\":true,\"valueName\":\"search_term_string\"}}],\"inLanguage\":\"tr\"},{\"@type\":\"Organization\",\"@id\":\"https:\\\/\\\/memurunsesi.net\\\/#organization\",\"name\":\"Memurun Sesi\",\"url\":\"https:\\\/\\\/memurunsesi.net\\\/\",\"logo\":{\"@type\":\"ImageObject\",\"inLanguage\":\"tr\",\"@id\":\"https:\\\/\\\/memurunsesi.net\\\/#\\\/schema\\\/logo\\\/image\\\/\",\"url\":\"https:\\\/\\\/memurunsesi.net\\\/wp-content\\\/uploads\\\/2025\\\/11\\\/cropped-MEMURUN-SESI.png\",\"contentUrl\":\"https:\\\/\\\/memurunsesi.net\\\/wp-content\\\/uploads\\\/2025\\\/11\\\/cropped-MEMURUN-SESI.png\",\"width\":238,\"height\":57,\"caption\":\"Memurun Sesi\"},\"image\":{\"@id\":\"https:\\\/\\\/memurunsesi.net\\\/#\\\/schema\\\/logo\\\/image\\\/\"},\"sameAs\":[\"https:\\\/\\\/www.facebook.com\\\/unipersen\\\/?locale=tr_TR\",\"https:\\\/\\\/x.com\\\/unipersen\"]},{\"@type\":\"Person\",\"@id\":\"https:\\\/\\\/memurunsesi.net\\\/#\\\/schema\\\/person\\\/f21c2d73b89f6ee1d80b0a1803e38587\",\"name\":\"Memurun Sesi Haber Merkezi\",\"image\":{\"@type\":\"ImageObject\",\"inLanguage\":\"tr\",\"@id\":\"https:\\\/\\\/secure.gravatar.com\\\/avatar\\\/6cf0505f452ee753f485014986fab09a434671d2b919ee76fc541025c5876a70?s=96&d=mm&r=g\",\"url\":\"https:\\\/\\\/secure.gravatar.com\\\/avatar\\\/6cf0505f452ee753f485014986fab09a434671d2b919ee76fc541025c5876a70?s=96&d=mm&r=g\",\"contentUrl\":\"https:\\\/\\\/secure.gravatar.com\\\/avatar\\\/6cf0505f452ee753f485014986fab09a434671d2b919ee76fc541025c5876a70?s=96&d=mm&r=g\",\"caption\":\"Memurun Sesi Haber Merkezi\"},\"sameAs\":[\"https:\\\/\\\/memurunsesi.net\"],\"url\":\"https:\\\/\\\/memurunsesi.net\\\/index.php\\\/author\\\/uniper\\\/\"}]}<\/script>\n<!-- \/ Yoast SEO plugin. -->","yoast_head_json":{"title":"Konya'da jandarmadan sanal devriye: Son 1 ayda 2 bin 920 hesap hakk\u0131nda i\u015flem yap\u0131ld\u0131 - Memurun Sesi","description":"Konya'da jandarmadan sanal devriye: Son 1 ayda 2 bin 920 hesap hakk\u0131nda i\u015flem yap\u0131ld\u0131","robots":{"index":"index","follow":"follow","max-snippet":"max-snippet:-1","max-image-preview":"max-image-preview:large","max-video-preview":"max-video-preview:-1"},"canonical":"https:\/\/memurunsesi.net\/index.php\/2025\/12\/02\/konyada-jandarmadan-sanal-devriye-son-1-ayda-2-bin-920-hesap-hakkinda-islem-yapildi\/","og_locale":"tr_TR","og_type":"article","og_title":"Konya'da jandarmadan sanal devriye: Son 1 ayda 2 bin 920 hesap hakk\u0131nda i\u015flem yap\u0131ld\u0131 - Memurun Sesi","og_description":"Konya'da jandarmadan sanal devriye: Son 1 ayda 2 bin 920 hesap hakk\u0131nda i\u015flem yap\u0131ld\u0131","og_url":"https:\/\/memurunsesi.net\/index.php\/2025\/12\/02\/konyada-jandarmadan-sanal-devriye-son-1-ayda-2-bin-920-hesap-hakkinda-islem-yapildi\/","og_site_name":"Memurun Sesi","article_publisher":"https:\/\/www.facebook.com\/unipersen\/?locale=tr_TR","article_published_time":"2025-12-02T08:28:23+00:00","og_image":[{"width":905,"height":947,"url":"https:\/\/memurunsesi.net\/wp-content\/uploads\/2025\/12\/JANDARMA.jpg","type":"image\/jpeg"}],"author":"Memurun Sesi Haber Merkezi","twitter_card":"summary_large_image","twitter_creator":"@unipersen","twitter_site":"@unipersen","twitter_misc":{"Yazan:":"Memurun Sesi Haber Merkezi","Tahmini okuma s\u00fcresi":"1 dakika"},"schema":{"@context":"https:\/\/schema.org","@graph":[{"@type":"Article","@id":"https:\/\/memurunsesi.net\/index.php\/2025\/12\/02\/konyada-jandarmadan-sanal-devriye-son-1-ayda-2-bin-920-hesap-hakkinda-islem-yapildi\/#article","isPartOf":{"@id":"https:\/\/memurunsesi.net\/index.php\/2025\/12\/02\/konyada-jandarmadan-sanal-devriye-son-1-ayda-2-bin-920-hesap-hakkinda-islem-yapildi\/"},"author":{"name":"Memurun Sesi Haber Merkezi","@id":"https:\/\/memurunsesi.net\/#\/schema\/person\/f21c2d73b89f6ee1d80b0a1803e38587"},"headline":"Konya&#8217;da jandarmadan sanal devriye: Son 1 ayda 2 bin 920 hesap hakk\u0131nda i\u015flem yap\u0131ld\u0131","datePublished":"2025-12-02T08:28:23+00:00","mainEntityOfPage":{"@id":"https:\/\/memurunsesi.net\/index.php\/2025\/12\/02\/konyada-jandarmadan-sanal-devriye-son-1-ayda-2-bin-920-hesap-hakkinda-islem-yapildi\/"},"wordCount":174,"commentCount":0,"publisher":{"@id":"https:\/\/memurunsesi.net\/#organization"},"image":{"@id":"https:\/\/memurunsesi.net\/index.php\/2025\/12\/02\/konyada-jandarmadan-sanal-devriye-son-1-ayda-2-bin-920-hesap-hakkinda-islem-yapildi\/#primaryimage"},"thumbnailUrl":"https:\/\/memurunsesi.net\/wp-content\/uploads\/2025\/12\/JANDARMA.jpg","keywords":["SANAL DEVR\u0130YE"],"inLanguage":"tr","potentialAction":[{"@type":"CommentAction","name":"Comment","target":["https:\/\/memurunsesi.net\/index.php\/2025\/12\/02\/konyada-jandarmadan-sanal-devriye-son-1-ayda-2-bin-920-hesap-hakkinda-islem-yapildi\/#respond"]}]},{"@type":"WebPage","@id":"https:\/\/memurunsesi.net\/index.php\/2025\/12\/02\/konyada-jandarmadan-sanal-devriye-son-1-ayda-2-bin-920-hesap-hakkinda-islem-yapildi\/","url":"https:\/\/memurunsesi.net\/index.php\/2025\/12\/02\/konyada-jandarmadan-sanal-devriye-son-1-ayda-2-bin-920-hesap-hakkinda-islem-yapildi\/","name":"Konya'da jandarmadan sanal devriye: Son 1 ayda 2 bin 920 hesap hakk\u0131nda i\u015flem yap\u0131ld\u0131 - Memurun Sesi","isPartOf":{"@id":"https:\/\/memurunsesi.net\/#website"},"primaryImageOfPage":{"@id":"https:\/\/memurunsesi.net\/index.php\/2025\/12\/02\/konyada-jandarmadan-sanal-devriye-son-1-ayda-2-bin-920-hesap-hakkinda-islem-yapildi\/#primaryimage"},"image":{"@id":"https:\/\/memurunsesi.net\/index.php\/2025\/12\/02\/konyada-jandarmadan-sanal-devriye-son-1-ayda-2-bin-920-hesap-hakkinda-islem-yapildi\/#primaryimage"},"thumbnailUrl":"https:\/\/memurunsesi.net\/wp-content\/uploads\/2025\/12\/JANDARMA.jpg","datePublished":"2025-12-02T08:28:23+00:00","description":"Konya'da jandarmadan sanal devriye: Son 1 ayda 2 bin 920 hesap hakk\u0131nda i\u015flem yap\u0131ld\u0131","breadcrumb":{"@id":"https:\/\/memurunsesi.net\/index.php\/2025\/12\/02\/konyada-jandarmadan-sanal-devriye-son-1-ayda-2-bin-920-hesap-hakkinda-islem-yapildi\/#breadcrumb"},"inLanguage":"tr","potentialAction":[{"@type":"ReadAction","target":["https:\/\/memurunsesi.net\/index.php\/2025\/12\/02\/konyada-jandarmadan-sanal-devriye-son-1-ayda-2-bin-920-hesap-hakkinda-islem-yapildi\/"]}]},{"@type":"ImageObject","inLanguage":"tr","@id":"https:\/\/memurunsesi.net\/index.php\/2025\/12\/02\/konyada-jandarmadan-sanal-devriye-son-1-ayda-2-bin-920-hesap-hakkinda-islem-yapildi\/#primaryimage","url":"https:\/\/memurunsesi.net\/wp-content\/uploads\/2025\/12\/JANDARMA.jpg","contentUrl":"https:\/\/memurunsesi.net\/wp-content\/uploads\/2025\/12\/JANDARMA.jpg","width":905,"height":947,"caption":"KONYA'DA JANDARMA EK\u0130PLER\u0130 SU\u00c7 VE SU\u00c7LULUKLA M\u00dcCADELE ETMEK AMACIYLA \u0130NTERNET ORTAMINDA 7\/24 SANAL DEVR\u0130YE FAAL\u0130YETLER\u0130N\u0130 Y\u00dcR\u00dcT\u00dcYOR. (\u0130HA\/KONYA-\u0130HA) Konya'da jandarma ekipleri su\u00e7 ve su\u00e7lulukla m\u00fccadele etmek amac\u0131yla internet ortam\u0131nda 7\/24 sanal devriye faaliyetlerini y\u00fcr\u00fct\u00fcyor."},{"@type":"BreadcrumbList","@id":"https:\/\/memurunsesi.net\/index.php\/2025\/12\/02\/konyada-jandarmadan-sanal-devriye-son-1-ayda-2-bin-920-hesap-hakkinda-islem-yapildi\/#breadcrumb","itemListElement":[{"@type":"ListItem","position":1,"name":"Anasayfa","item":"https:\/\/memurunsesi.net\/"},{"@type":"ListItem","position":2,"name":"Konya&#8217;da jandarmadan sanal devriye: Son 1 ayda 2 bin 920 hesap hakk\u0131nda i\u015flem yap\u0131ld\u0131"}]},{"@type":"WebSite","@id":"https:\/\/memurunsesi.net\/#website","url":"https:\/\/memurunsesi.net\/","name":"Memurun Sesi","description":"G\u00fcncel ve Do\u011fru Haber","publisher":{"@id":"https:\/\/memurunsesi.net\/#organization"},"potentialAction":[{"@type":"SearchAction","target":{"@type":"EntryPoint","urlTemplate":"https:\/\/memurunsesi.net\/?s={search_term_string}"},"query-input":{"@type":"PropertyValueSpecification","valueRequired":true,"valueName":"search_term_string"}}],"inLanguage":"tr"},{"@type":"Organization","@id":"https:\/\/memurunsesi.net\/#organization","name":"Memurun Sesi","url":"https:\/\/memurunsesi.net\/","logo":{"@type":"ImageObject","inLanguage":"tr","@id":"https:\/\/memurunsesi.net\/#\/schema\/logo\/image\/","url":"https:\/\/memurunsesi.net\/wp-content\/uploads\/2025\/11\/cropped-MEMURUN-SESI.png","contentUrl":"https:\/\/memurunsesi.net\/wp-content\/uploads\/2025\/11\/cropped-MEMURUN-SESI.png","width":238,"height":57,"caption":"Memurun Sesi"},"image":{"@id":"https:\/\/memurunsesi.net\/#\/schema\/logo\/image\/"},"sameAs":["https:\/\/www.facebook.com\/unipersen\/?locale=tr_TR","https:\/\/x.com\/unipersen"]},{"@type":"Person","@id":"https:\/\/memurunsesi.net\/#\/schema\/person\/f21c2d73b89f6ee1d80b0a1803e38587","name":"Memurun Sesi Haber Merkezi","image":{"@type":"ImageObject","inLanguage":"tr","@id":"https:\/\/secure.gravatar.com\/avatar\/6cf0505f452ee753f485014986fab09a434671d2b919ee76fc541025c5876a70?s=96&d=mm&r=g","url":"https:\/\/secure.gravatar.com\/avatar\/6cf0505f452ee753f485014986fab09a434671d2b919ee76fc541025c5876a70?s=96&d=mm&r=g","contentUrl":"https:\/\/secure.gravatar.com\/avatar\/6cf0505f452ee753f485014986fab09a434671d2b919ee76fc541025c5876a70?s=96&d=mm&r=g","caption":"Memurun Sesi Haber Merkezi"},"sameAs":["https:\/\/memurunsesi.net"],"url":"https:\/\/memurunsesi.net\/index.php\/author\/uniper\/"}]}},"_links":{"self":[{"href":"https:\/\/memurunsesi.net\/index.php\/wp-json\/wp\/v2\/posts\/14804","targetHints":{"allow":["GET"]}}],"collection":[{"href":"https:\/\/memurunsesi.net\/index.php\/wp-json\/wp\/v2\/posts"}],"about":[{"href":"https:\/\/memurunsesi.net\/index.php\/wp-json\/wp\/v2\/types\/post"}],"author":[{"embeddable":true,"href":"https:\/\/memurunsesi.net\/index.php\/wp-json\/wp\/v2\/users\/1"}],"replies":[{"embeddable":true,"href":"https:\/\/memurunsesi.net\/index.php\/wp-json\/wp\/v2\/comments?post=14804"}],"version-history":[{"count":1,"href":"https:\/\/memurunsesi.net\/index.php\/wp-json\/wp\/v2\/posts\/14804\/revisions"}],"predecessor-version":[{"id":14806,"href":"https:\/\/memurunsesi.net\/index.php\/wp-json\/wp\/v2\/posts\/14804\/revisions\/14806"}],"wp:featuredmedia":[{"embeddable":true,"href":"https:\/\/memurunsesi.net\/index.php\/wp-json\/wp\/v2\/media\/14805"}],"wp:attachment":[{"href":"https:\/\/memurunsesi.net\/index.php\/wp-json\/wp\/v2\/media?parent=14804"}],"wp:term":[{"taxonomy":"category","embeddable":true,"href":"https:\/\/memurunsesi.net\/index.php\/wp-json\/wp\/v2\/categories?post=14804"},{"taxonomy":"post_tag","embeddable":true,"href":"https:\/\/memurunsesi.net\/index.php\/wp-json\/wp\/v2\/tags?post=14804"}],"curies":[{"name":"wp","href":"https:\/\/api.w.org\/{rel}","templated":true}]}}