{"id":14813,"date":"2025-12-03T08:37:51","date_gmt":"2025-12-03T05:37:51","guid":{"rendered":"https:\/\/memurunsesi.net\/?p=14813"},"modified":"2025-12-03T08:37:51","modified_gmt":"2025-12-03T05:37:51","slug":"bartinda-sicaklik-4-dereceye-kadar-dustu-arac-camlari-buz-tuttu","status":"publish","type":"post","link":"https:\/\/memurunsesi.net\/index.php\/2025\/12\/03\/bartinda-sicaklik-4-dereceye-kadar-dustu-arac-camlari-buz-tuttu\/","title":{"rendered":"Bart\u0131n&#8217;da s\u0131cakl\u0131k 4 dereceye kadar d\u00fc\u015ft\u00fc, ara\u00e7 camlar\u0131 buz tuttu"},"content":{"rendered":"<p>  Bart\u0131n&#8217;da g\u00fcnd\u00fcz 16 dereceye kadar y\u00fckselen hava s\u0131cakl\u0131\u011f\u0131 gece ise 4 dereceye kadar d\u00fc\u015ferken, uzun s\u00fcreli park halinde olan ara\u00e7lar\u0131n cam\u0131n\u0131 ise buz tuttu.<br \/>\n  Bart\u0131n&#8217;da \u00f6\u011flen saatlerinde hissedilen s\u0131cakl\u0131k 15 derece \u00f6l\u00e7\u00fcl\u00fcrken, gece saatlerinde ise hava s\u0131cakl\u0131\u011f\u0131 4 dereceye kadar d\u00fc\u015ft\u00fc. Ya\u015fanan ani s\u0131cakl\u0131k d\u00fc\u015f\u00fc\u015f\u00fc ile birlikte Kavaf Sokak&#8217;ta gece boyu park halindeki baz\u0131 ara\u00e7lar\u0131n \u00fczerine \u00e7i\u011f d\u00fc\u015ft\u00fc. Ayn\u0131 b\u00f6lgedeki baz\u0131 ara\u00e7lar\u0131n cam\u0131nda ise buzlanma olu\u015ftu.<br \/>\n  B\u00f6lgede hafif r\u00fczgar ile birlikte hissedilen s\u0131cakl\u0131k de\u011ferinin 0 derecenin alt\u0131na inmesi nedeniyle, ara\u00e7 camlar\u0131n\u0131n dondu\u011fu tahmin ediliyor. Meteoroloji Genel M\u00fcd\u00fcrl\u00fc\u011f\u00fc verilerine g\u00f6re, kentte g\u00f6r\u00fclen g\u00fcnd\u00fcz s\u0131cak, geceleri ise so\u011fuk havan\u0131n hafta sonuna kadar etkisini s\u00fcrd\u00fcrece\u011fi a\u00e7\u0131klan\u0131rken, g\u00fcnd\u00fcz s\u0131cakl\u0131klar\u0131n\u0131n 23 dereceye y\u00fckselmesi, geceleri ise 3 dereceye kadar inmesi bekleniyor. <\/p>\n<p>3.12.2025                                 <\/p>\n","protected":false},"excerpt":{"rendered":"<p>Bart\u0131n&#8217;da g\u00fcnd\u00fcz 16 dereceye kadar y\u00fckselen hava s\u0131cakl\u0131\u011f\u0131 gece ise 4 dereceye kadar d\u00fc\u015ferken, uzun s\u00fcreli park halinde olan ara\u00e7lar\u0131n cam\u0131n\u0131 ise buz tuttu. Bart\u0131n&#8217;da \u00f6\u011flen saatlerinde hissedilen s\u0131cakl\u0131k 15 derece \u00f6l\u00e7\u00fcl\u00fcrken, gece saatlerinde ise hava s\u0131cakl\u0131\u011f\u0131 4 dereceye kadar d\u00fc\u015ft\u00fc. Ya\u015fanan ani s\u0131cakl\u0131k d\u00fc\u015f\u00fc\u015f\u00fc ile birlikte Kavaf Sokak&#8217;ta gece boyu park halindeki baz\u0131 ara\u00e7lar\u0131n [&hellip;]<\/p>\n","protected":false},"author":1,"featured_media":14814,"comment_status":"open","ping_status":"open","sticky":false,"template":"","format":"standard","meta":{"footnotes":""},"categories":[45],"tags":[460],"class_list":["post-14813","post","type-post","status-publish","format-standard","has-post-thumbnail","hentry","category-gundem","tag-camlari-buz-tuttu"],"yoast_head":"<!-- This site is optimized with the Yoast SEO plugin v27.4 - https:\/\/yoast.com\/product\/yoast-seo-wordpress\/ -->\n<title>Bart\u0131n&#039;da s\u0131cakl\u0131k 4 dereceye kadar d\u00fc\u015ft\u00fc, ara\u00e7 camlar\u0131 buz tuttu - Memurun Sesi<\/title>\n<meta name=\"description\" content=\"Bart\u0131n&#039;da s\u0131cakl\u0131k 4 dereceye kadar d\u00fc\u015ft\u00fc, ara\u00e7 camlar\u0131 buz tuttu\" \/>\n<meta name=\"robots\" content=\"index, follow, max-snippet:-1, max-image-preview:large, max-video-preview:-1\" \/>\n<link rel=\"canonical\" href=\"https:\/\/memurunsesi.net\/index.php\/2025\/12\/03\/bartinda-sicaklik-4-dereceye-kadar-dustu-arac-camlari-buz-tuttu\/\" \/>\n<meta property=\"og:locale\" content=\"tr_TR\" \/>\n<meta property=\"og:type\" content=\"article\" \/>\n<meta property=\"og:title\" content=\"Bart\u0131n&#039;da s\u0131cakl\u0131k 4 dereceye kadar d\u00fc\u015ft\u00fc, ara\u00e7 camlar\u0131 buz tuttu - Memurun Sesi\" \/>\n<meta property=\"og:description\" content=\"Bart\u0131n&#039;da s\u0131cakl\u0131k 4 dereceye kadar d\u00fc\u015ft\u00fc, ara\u00e7 camlar\u0131 buz tuttu\" \/>\n<meta property=\"og:url\" content=\"https:\/\/memurunsesi.net\/index.php\/2025\/12\/03\/bartinda-sicaklik-4-dereceye-kadar-dustu-arac-camlari-buz-tuttu\/\" \/>\n<meta property=\"og:site_name\" content=\"Memurun Sesi\" \/>\n<meta property=\"article:publisher\" content=\"https:\/\/www.facebook.com\/unipersen\/?locale=tr_TR\" \/>\n<meta property=\"article:published_time\" content=\"2025-12-03T05:37:51+00:00\" \/>\n<meta property=\"og:image\" content=\"https:\/\/memurunsesi.net\/wp-content\/uploads\/2025\/12\/buz-scaled.jpg\" \/>\n\t<meta property=\"og:image:width\" content=\"2560\" \/>\n\t<meta property=\"og:image:height\" content=\"1440\" \/>\n\t<meta property=\"og:image:type\" content=\"image\/jpeg\" \/>\n<meta name=\"author\" content=\"Memurun Sesi Haber Merkezi\" \/>\n<meta name=\"twitter:card\" content=\"summary_large_image\" \/>\n<meta name=\"twitter:creator\" content=\"@unipersen\" \/>\n<meta name=\"twitter:site\" content=\"@unipersen\" \/>\n<meta name=\"twitter:label1\" content=\"Yazan:\" \/>\n\t<meta name=\"twitter:data1\" content=\"Memurun Sesi Haber Merkezi\" \/>\n\t<meta name=\"twitter:label2\" content=\"Tahmini okuma s\u00fcresi\" \/>\n\t<meta name=\"twitter:data2\" content=\"1 dakika\" \/>\n<script type=\"application\/ld+json\" class=\"yoast-schema-graph\">{\"@context\":\"https:\\\/\\\/schema.org\",\"@graph\":[{\"@type\":\"Article\",\"@id\":\"https:\\\/\\\/memurunsesi.net\\\/index.php\\\/2025\\\/12\\\/03\\\/bartinda-sicaklik-4-dereceye-kadar-dustu-arac-camlari-buz-tuttu\\\/#article\",\"isPartOf\":{\"@id\":\"https:\\\/\\\/memurunsesi.net\\\/index.php\\\/2025\\\/12\\\/03\\\/bartinda-sicaklik-4-dereceye-kadar-dustu-arac-camlari-buz-tuttu\\\/\"},\"author\":{\"name\":\"Memurun Sesi Haber Merkezi\",\"@id\":\"https:\\\/\\\/memurunsesi.net\\\/#\\\/schema\\\/person\\\/f21c2d73b89f6ee1d80b0a1803e38587\"},\"headline\":\"Bart\u0131n&#8217;da s\u0131cakl\u0131k 4 dereceye kadar d\u00fc\u015ft\u00fc, ara\u00e7 camlar\u0131 buz tuttu\",\"datePublished\":\"2025-12-03T05:37:51+00:00\",\"mainEntityOfPage\":{\"@id\":\"https:\\\/\\\/memurunsesi.net\\\/index.php\\\/2025\\\/12\\\/03\\\/bartinda-sicaklik-4-dereceye-kadar-dustu-arac-camlari-buz-tuttu\\\/\"},\"wordCount\":184,\"commentCount\":0,\"publisher\":{\"@id\":\"https:\\\/\\\/memurunsesi.net\\\/#organization\"},\"image\":{\"@id\":\"https:\\\/\\\/memurunsesi.net\\\/index.php\\\/2025\\\/12\\\/03\\\/bartinda-sicaklik-4-dereceye-kadar-dustu-arac-camlari-buz-tuttu\\\/#primaryimage\"},\"thumbnailUrl\":\"https:\\\/\\\/memurunsesi.net\\\/wp-content\\\/uploads\\\/2025\\\/12\\\/buz-scaled.jpg\",\"keywords\":[\"camlar\u0131 buz tuttu\"],\"articleSection\":[\"G\u00fcndem\"],\"inLanguage\":\"tr\",\"potentialAction\":[{\"@type\":\"CommentAction\",\"name\":\"Comment\",\"target\":[\"https:\\\/\\\/memurunsesi.net\\\/index.php\\\/2025\\\/12\\\/03\\\/bartinda-sicaklik-4-dereceye-kadar-dustu-arac-camlari-buz-tuttu\\\/#respond\"]}]},{\"@type\":\"WebPage\",\"@id\":\"https:\\\/\\\/memurunsesi.net\\\/index.php\\\/2025\\\/12\\\/03\\\/bartinda-sicaklik-4-dereceye-kadar-dustu-arac-camlari-buz-tuttu\\\/\",\"url\":\"https:\\\/\\\/memurunsesi.net\\\/index.php\\\/2025\\\/12\\\/03\\\/bartinda-sicaklik-4-dereceye-kadar-dustu-arac-camlari-buz-tuttu\\\/\",\"name\":\"Bart\u0131n'da s\u0131cakl\u0131k 4 dereceye kadar d\u00fc\u015ft\u00fc, ara\u00e7 camlar\u0131 buz tuttu - Memurun Sesi\",\"isPartOf\":{\"@id\":\"https:\\\/\\\/memurunsesi.net\\\/#website\"},\"primaryImageOfPage\":{\"@id\":\"https:\\\/\\\/memurunsesi.net\\\/index.php\\\/2025\\\/12\\\/03\\\/bartinda-sicaklik-4-dereceye-kadar-dustu-arac-camlari-buz-tuttu\\\/#primaryimage\"},\"image\":{\"@id\":\"https:\\\/\\\/memurunsesi.net\\\/index.php\\\/2025\\\/12\\\/03\\\/bartinda-sicaklik-4-dereceye-kadar-dustu-arac-camlari-buz-tuttu\\\/#primaryimage\"},\"thumbnailUrl\":\"https:\\\/\\\/memurunsesi.net\\\/wp-content\\\/uploads\\\/2025\\\/12\\\/buz-scaled.jpg\",\"datePublished\":\"2025-12-03T05:37:51+00:00\",\"description\":\"Bart\u0131n'da s\u0131cakl\u0131k 4 dereceye kadar d\u00fc\u015ft\u00fc, ara\u00e7 camlar\u0131 buz tuttu\",\"breadcrumb\":{\"@id\":\"https:\\\/\\\/memurunsesi.net\\\/index.php\\\/2025\\\/12\\\/03\\\/bartinda-sicaklik-4-dereceye-kadar-dustu-arac-camlari-buz-tuttu\\\/#breadcrumb\"},\"inLanguage\":\"tr\",\"potentialAction\":[{\"@type\":\"ReadAction\",\"target\":[\"https:\\\/\\\/memurunsesi.net\\\/index.php\\\/2025\\\/12\\\/03\\\/bartinda-sicaklik-4-dereceye-kadar-dustu-arac-camlari-buz-tuttu\\\/\"]}]},{\"@type\":\"ImageObject\",\"inLanguage\":\"tr\",\"@id\":\"https:\\\/\\\/memurunsesi.net\\\/index.php\\\/2025\\\/12\\\/03\\\/bartinda-sicaklik-4-dereceye-kadar-dustu-arac-camlari-buz-tuttu\\\/#primaryimage\",\"url\":\"https:\\\/\\\/memurunsesi.net\\\/wp-content\\\/uploads\\\/2025\\\/12\\\/buz-scaled.jpg\",\"contentUrl\":\"https:\\\/\\\/memurunsesi.net\\\/wp-content\\\/uploads\\\/2025\\\/12\\\/buz-scaled.jpg\",\"width\":2560,\"height\":1440,\"caption\":\"BARTIN'DA G\u00dcND\u00dcZ 16 DERECEYE KADAR Y\u00dcKSELEN HAVA SICAKLI\u011eI GECE \u0130SE 4 DERECEYE KADAR D\u00dc\u015eERKEN, UZUN S\u00dcREL\u0130 PARK HAL\u0130NDE OLAN ARA\u00c7LARIN CAMINI \u0130SE BUZ TUTTU. (SERHAT DEM\u0130R\\\/BARTIN-\u0130HA) Bart\u0131n'da g\u00fcnd\u00fcz 16 dereceye kadar y\u00fckselen hava s\u0131cakl\u0131\u011f\u0131 gece ise 4 dereceye kadar d\u00fc\u015ferken, uzun s\u00fcreli park halinde olan ara\u00e7lar\u0131n cam\u0131n\u0131 ise buz tuttu.\"},{\"@type\":\"BreadcrumbList\",\"@id\":\"https:\\\/\\\/memurunsesi.net\\\/index.php\\\/2025\\\/12\\\/03\\\/bartinda-sicaklik-4-dereceye-kadar-dustu-arac-camlari-buz-tuttu\\\/#breadcrumb\",\"itemListElement\":[{\"@type\":\"ListItem\",\"position\":1,\"name\":\"Anasayfa\",\"item\":\"https:\\\/\\\/memurunsesi.net\\\/\"},{\"@type\":\"ListItem\",\"position\":2,\"name\":\"Bart\u0131n&#8217;da s\u0131cakl\u0131k 4 dereceye kadar d\u00fc\u015ft\u00fc, ara\u00e7 camlar\u0131 buz tuttu\"}]},{\"@type\":\"WebSite\",\"@id\":\"https:\\\/\\\/memurunsesi.net\\\/#website\",\"url\":\"https:\\\/\\\/memurunsesi.net\\\/\",\"name\":\"Memurun Sesi\",\"description\":\"G\u00fcncel ve Do\u011fru Haber\",\"publisher\":{\"@id\":\"https:\\\/\\\/memurunsesi.net\\\/#organization\"},\"potentialAction\":[{\"@type\":\"SearchAction\",\"target\":{\"@type\":\"EntryPoint\",\"urlTemplate\":\"https:\\\/\\\/memurunsesi.net\\\/?s={search_term_string}\"},\"query-input\":{\"@type\":\"PropertyValueSpecification\",\"valueRequired\":true,\"valueName\":\"search_term_string\"}}],\"inLanguage\":\"tr\"},{\"@type\":\"Organization\",\"@id\":\"https:\\\/\\\/memurunsesi.net\\\/#organization\",\"name\":\"Memurun Sesi\",\"url\":\"https:\\\/\\\/memurunsesi.net\\\/\",\"logo\":{\"@type\":\"ImageObject\",\"inLanguage\":\"tr\",\"@id\":\"https:\\\/\\\/memurunsesi.net\\\/#\\\/schema\\\/logo\\\/image\\\/\",\"url\":\"https:\\\/\\\/memurunsesi.net\\\/wp-content\\\/uploads\\\/2025\\\/11\\\/cropped-MEMURUN-SESI.png\",\"contentUrl\":\"https:\\\/\\\/memurunsesi.net\\\/wp-content\\\/uploads\\\/2025\\\/11\\\/cropped-MEMURUN-SESI.png\",\"width\":238,\"height\":57,\"caption\":\"Memurun Sesi\"},\"image\":{\"@id\":\"https:\\\/\\\/memurunsesi.net\\\/#\\\/schema\\\/logo\\\/image\\\/\"},\"sameAs\":[\"https:\\\/\\\/www.facebook.com\\\/unipersen\\\/?locale=tr_TR\",\"https:\\\/\\\/x.com\\\/unipersen\"]},{\"@type\":\"Person\",\"@id\":\"https:\\\/\\\/memurunsesi.net\\\/#\\\/schema\\\/person\\\/f21c2d73b89f6ee1d80b0a1803e38587\",\"name\":\"Memurun Sesi Haber Merkezi\",\"image\":{\"@type\":\"ImageObject\",\"inLanguage\":\"tr\",\"@id\":\"https:\\\/\\\/secure.gravatar.com\\\/avatar\\\/6cf0505f452ee753f485014986fab09a434671d2b919ee76fc541025c5876a70?s=96&d=mm&r=g\",\"url\":\"https:\\\/\\\/secure.gravatar.com\\\/avatar\\\/6cf0505f452ee753f485014986fab09a434671d2b919ee76fc541025c5876a70?s=96&d=mm&r=g\",\"contentUrl\":\"https:\\\/\\\/secure.gravatar.com\\\/avatar\\\/6cf0505f452ee753f485014986fab09a434671d2b919ee76fc541025c5876a70?s=96&d=mm&r=g\",\"caption\":\"Memurun Sesi Haber Merkezi\"},\"sameAs\":[\"https:\\\/\\\/memurunsesi.net\"],\"url\":\"https:\\\/\\\/memurunsesi.net\\\/index.php\\\/author\\\/uniper\\\/\"}]}<\/script>\n<!-- \/ Yoast SEO plugin. -->","yoast_head_json":{"title":"Bart\u0131n'da s\u0131cakl\u0131k 4 dereceye kadar d\u00fc\u015ft\u00fc, ara\u00e7 camlar\u0131 buz tuttu - Memurun Sesi","description":"Bart\u0131n'da s\u0131cakl\u0131k 4 dereceye kadar d\u00fc\u015ft\u00fc, ara\u00e7 camlar\u0131 buz tuttu","robots":{"index":"index","follow":"follow","max-snippet":"max-snippet:-1","max-image-preview":"max-image-preview:large","max-video-preview":"max-video-preview:-1"},"canonical":"https:\/\/memurunsesi.net\/index.php\/2025\/12\/03\/bartinda-sicaklik-4-dereceye-kadar-dustu-arac-camlari-buz-tuttu\/","og_locale":"tr_TR","og_type":"article","og_title":"Bart\u0131n'da s\u0131cakl\u0131k 4 dereceye kadar d\u00fc\u015ft\u00fc, ara\u00e7 camlar\u0131 buz tuttu - Memurun Sesi","og_description":"Bart\u0131n'da s\u0131cakl\u0131k 4 dereceye kadar d\u00fc\u015ft\u00fc, ara\u00e7 camlar\u0131 buz tuttu","og_url":"https:\/\/memurunsesi.net\/index.php\/2025\/12\/03\/bartinda-sicaklik-4-dereceye-kadar-dustu-arac-camlari-buz-tuttu\/","og_site_name":"Memurun Sesi","article_publisher":"https:\/\/www.facebook.com\/unipersen\/?locale=tr_TR","article_published_time":"2025-12-03T05:37:51+00:00","og_image":[{"width":2560,"height":1440,"url":"https:\/\/memurunsesi.net\/wp-content\/uploads\/2025\/12\/buz-scaled.jpg","type":"image\/jpeg"}],"author":"Memurun Sesi Haber Merkezi","twitter_card":"summary_large_image","twitter_creator":"@unipersen","twitter_site":"@unipersen","twitter_misc":{"Yazan:":"Memurun Sesi Haber Merkezi","Tahmini okuma s\u00fcresi":"1 dakika"},"schema":{"@context":"https:\/\/schema.org","@graph":[{"@type":"Article","@id":"https:\/\/memurunsesi.net\/index.php\/2025\/12\/03\/bartinda-sicaklik-4-dereceye-kadar-dustu-arac-camlari-buz-tuttu\/#article","isPartOf":{"@id":"https:\/\/memurunsesi.net\/index.php\/2025\/12\/03\/bartinda-sicaklik-4-dereceye-kadar-dustu-arac-camlari-buz-tuttu\/"},"author":{"name":"Memurun Sesi Haber Merkezi","@id":"https:\/\/memurunsesi.net\/#\/schema\/person\/f21c2d73b89f6ee1d80b0a1803e38587"},"headline":"Bart\u0131n&#8217;da s\u0131cakl\u0131k 4 dereceye kadar d\u00fc\u015ft\u00fc, ara\u00e7 camlar\u0131 buz tuttu","datePublished":"2025-12-03T05:37:51+00:00","mainEntityOfPage":{"@id":"https:\/\/memurunsesi.net\/index.php\/2025\/12\/03\/bartinda-sicaklik-4-dereceye-kadar-dustu-arac-camlari-buz-tuttu\/"},"wordCount":184,"commentCount":0,"publisher":{"@id":"https:\/\/memurunsesi.net\/#organization"},"image":{"@id":"https:\/\/memurunsesi.net\/index.php\/2025\/12\/03\/bartinda-sicaklik-4-dereceye-kadar-dustu-arac-camlari-buz-tuttu\/#primaryimage"},"thumbnailUrl":"https:\/\/memurunsesi.net\/wp-content\/uploads\/2025\/12\/buz-scaled.jpg","keywords":["camlar\u0131 buz tuttu"],"articleSection":["G\u00fcndem"],"inLanguage":"tr","potentialAction":[{"@type":"CommentAction","name":"Comment","target":["https:\/\/memurunsesi.net\/index.php\/2025\/12\/03\/bartinda-sicaklik-4-dereceye-kadar-dustu-arac-camlari-buz-tuttu\/#respond"]}]},{"@type":"WebPage","@id":"https:\/\/memurunsesi.net\/index.php\/2025\/12\/03\/bartinda-sicaklik-4-dereceye-kadar-dustu-arac-camlari-buz-tuttu\/","url":"https:\/\/memurunsesi.net\/index.php\/2025\/12\/03\/bartinda-sicaklik-4-dereceye-kadar-dustu-arac-camlari-buz-tuttu\/","name":"Bart\u0131n'da s\u0131cakl\u0131k 4 dereceye kadar d\u00fc\u015ft\u00fc, ara\u00e7 camlar\u0131 buz tuttu - Memurun Sesi","isPartOf":{"@id":"https:\/\/memurunsesi.net\/#website"},"primaryImageOfPage":{"@id":"https:\/\/memurunsesi.net\/index.php\/2025\/12\/03\/bartinda-sicaklik-4-dereceye-kadar-dustu-arac-camlari-buz-tuttu\/#primaryimage"},"image":{"@id":"https:\/\/memurunsesi.net\/index.php\/2025\/12\/03\/bartinda-sicaklik-4-dereceye-kadar-dustu-arac-camlari-buz-tuttu\/#primaryimage"},"thumbnailUrl":"https:\/\/memurunsesi.net\/wp-content\/uploads\/2025\/12\/buz-scaled.jpg","datePublished":"2025-12-03T05:37:51+00:00","description":"Bart\u0131n'da s\u0131cakl\u0131k 4 dereceye kadar d\u00fc\u015ft\u00fc, ara\u00e7 camlar\u0131 buz tuttu","breadcrumb":{"@id":"https:\/\/memurunsesi.net\/index.php\/2025\/12\/03\/bartinda-sicaklik-4-dereceye-kadar-dustu-arac-camlari-buz-tuttu\/#breadcrumb"},"inLanguage":"tr","potentialAction":[{"@type":"ReadAction","target":["https:\/\/memurunsesi.net\/index.php\/2025\/12\/03\/bartinda-sicaklik-4-dereceye-kadar-dustu-arac-camlari-buz-tuttu\/"]}]},{"@type":"ImageObject","inLanguage":"tr","@id":"https:\/\/memurunsesi.net\/index.php\/2025\/12\/03\/bartinda-sicaklik-4-dereceye-kadar-dustu-arac-camlari-buz-tuttu\/#primaryimage","url":"https:\/\/memurunsesi.net\/wp-content\/uploads\/2025\/12\/buz-scaled.jpg","contentUrl":"https:\/\/memurunsesi.net\/wp-content\/uploads\/2025\/12\/buz-scaled.jpg","width":2560,"height":1440,"caption":"BARTIN'DA G\u00dcND\u00dcZ 16 DERECEYE KADAR Y\u00dcKSELEN HAVA SICAKLI\u011eI GECE \u0130SE 4 DERECEYE KADAR D\u00dc\u015eERKEN, UZUN S\u00dcREL\u0130 PARK HAL\u0130NDE OLAN ARA\u00c7LARIN CAMINI \u0130SE BUZ TUTTU. (SERHAT DEM\u0130R\/BARTIN-\u0130HA) Bart\u0131n'da g\u00fcnd\u00fcz 16 dereceye kadar y\u00fckselen hava s\u0131cakl\u0131\u011f\u0131 gece ise 4 dereceye kadar d\u00fc\u015ferken, uzun s\u00fcreli park halinde olan ara\u00e7lar\u0131n cam\u0131n\u0131 ise buz tuttu."},{"@type":"BreadcrumbList","@id":"https:\/\/memurunsesi.net\/index.php\/2025\/12\/03\/bartinda-sicaklik-4-dereceye-kadar-dustu-arac-camlari-buz-tuttu\/#breadcrumb","itemListElement":[{"@type":"ListItem","position":1,"name":"Anasayfa","item":"https:\/\/memurunsesi.net\/"},{"@type":"ListItem","position":2,"name":"Bart\u0131n&#8217;da s\u0131cakl\u0131k 4 dereceye kadar d\u00fc\u015ft\u00fc, ara\u00e7 camlar\u0131 buz tuttu"}]},{"@type":"WebSite","@id":"https:\/\/memurunsesi.net\/#website","url":"https:\/\/memurunsesi.net\/","name":"Memurun Sesi","description":"G\u00fcncel ve Do\u011fru Haber","publisher":{"@id":"https:\/\/memurunsesi.net\/#organization"},"potentialAction":[{"@type":"SearchAction","target":{"@type":"EntryPoint","urlTemplate":"https:\/\/memurunsesi.net\/?s={search_term_string}"},"query-input":{"@type":"PropertyValueSpecification","valueRequired":true,"valueName":"search_term_string"}}],"inLanguage":"tr"},{"@type":"Organization","@id":"https:\/\/memurunsesi.net\/#organization","name":"Memurun Sesi","url":"https:\/\/memurunsesi.net\/","logo":{"@type":"ImageObject","inLanguage":"tr","@id":"https:\/\/memurunsesi.net\/#\/schema\/logo\/image\/","url":"https:\/\/memurunsesi.net\/wp-content\/uploads\/2025\/11\/cropped-MEMURUN-SESI.png","contentUrl":"https:\/\/memurunsesi.net\/wp-content\/uploads\/2025\/11\/cropped-MEMURUN-SESI.png","width":238,"height":57,"caption":"Memurun Sesi"},"image":{"@id":"https:\/\/memurunsesi.net\/#\/schema\/logo\/image\/"},"sameAs":["https:\/\/www.facebook.com\/unipersen\/?locale=tr_TR","https:\/\/x.com\/unipersen"]},{"@type":"Person","@id":"https:\/\/memurunsesi.net\/#\/schema\/person\/f21c2d73b89f6ee1d80b0a1803e38587","name":"Memurun Sesi Haber Merkezi","image":{"@type":"ImageObject","inLanguage":"tr","@id":"https:\/\/secure.gravatar.com\/avatar\/6cf0505f452ee753f485014986fab09a434671d2b919ee76fc541025c5876a70?s=96&d=mm&r=g","url":"https:\/\/secure.gravatar.com\/avatar\/6cf0505f452ee753f485014986fab09a434671d2b919ee76fc541025c5876a70?s=96&d=mm&r=g","contentUrl":"https:\/\/secure.gravatar.com\/avatar\/6cf0505f452ee753f485014986fab09a434671d2b919ee76fc541025c5876a70?s=96&d=mm&r=g","caption":"Memurun Sesi Haber Merkezi"},"sameAs":["https:\/\/memurunsesi.net"],"url":"https:\/\/memurunsesi.net\/index.php\/author\/uniper\/"}]}},"_links":{"self":[{"href":"https:\/\/memurunsesi.net\/index.php\/wp-json\/wp\/v2\/posts\/14813","targetHints":{"allow":["GET"]}}],"collection":[{"href":"https:\/\/memurunsesi.net\/index.php\/wp-json\/wp\/v2\/posts"}],"about":[{"href":"https:\/\/memurunsesi.net\/index.php\/wp-json\/wp\/v2\/types\/post"}],"author":[{"embeddable":true,"href":"https:\/\/memurunsesi.net\/index.php\/wp-json\/wp\/v2\/users\/1"}],"replies":[{"embeddable":true,"href":"https:\/\/memurunsesi.net\/index.php\/wp-json\/wp\/v2\/comments?post=14813"}],"version-history":[{"count":1,"href":"https:\/\/memurunsesi.net\/index.php\/wp-json\/wp\/v2\/posts\/14813\/revisions"}],"predecessor-version":[{"id":14815,"href":"https:\/\/memurunsesi.net\/index.php\/wp-json\/wp\/v2\/posts\/14813\/revisions\/14815"}],"wp:featuredmedia":[{"embeddable":true,"href":"https:\/\/memurunsesi.net\/index.php\/wp-json\/wp\/v2\/media\/14814"}],"wp:attachment":[{"href":"https:\/\/memurunsesi.net\/index.php\/wp-json\/wp\/v2\/media?parent=14813"}],"wp:term":[{"taxonomy":"category","embeddable":true,"href":"https:\/\/memurunsesi.net\/index.php\/wp-json\/wp\/v2\/categories?post=14813"},{"taxonomy":"post_tag","embeddable":true,"href":"https:\/\/memurunsesi.net\/index.php\/wp-json\/wp\/v2\/tags?post=14813"}],"curies":[{"name":"wp","href":"https:\/\/api.w.org\/{rel}","templated":true}]}}