{"id":14945,"date":"2025-12-06T09:09:23","date_gmt":"2025-12-06T06:09:23","guid":{"rendered":"https:\/\/memurunsesi.net\/?p=14945"},"modified":"2025-12-06T09:09:23","modified_gmt":"2025-12-06T06:09:23","slug":"cumhurbaskani-yardimcisi-yilmaz-pandemi-sonrasi-dunya-ekonomisinden-2-kat-fazla-buyuduk","status":"publish","type":"post","link":"https:\/\/memurunsesi.net\/index.php\/2025\/12\/06\/cumhurbaskani-yardimcisi-yilmaz-pandemi-sonrasi-dunya-ekonomisinden-2-kat-fazla-buyuduk\/","title":{"rendered":"Cumhurba\u015fkan\u0131 Yard\u0131mc\u0131s\u0131 Y\u0131lmaz: &#8220;Pandemi sonras\u0131 d\u00fcnya ekonomisinden 2 kat fazla b\u00fcy\u00fcd\u00fck&#8221;"},"content":{"rendered":"<p>&#8211; &#8220;D\u00fcnyan\u0131n iki kat\u0131 kadar son 5 y\u0131lda b\u00fcy\u00fcme kaydettiysek, ekonomimizi diren\u00e7li tutabildiysek, bunun da \u00f6nemini hepimizin g\u00f6rmesi laz\u0131m&#8221;<br \/>\n&#8211; &#8220;ENAG&#8217;\u0131n uluslararas\u0131 bir ge\u00e7erlili\u011fi yok&#8221;<\/p>\n<p>Cumhurba\u015fkan\u0131 Yard\u0131mc\u0131s\u0131 Cevdet Y\u0131lmaz, d\u00fcnyan\u0131n 2003-2024 d\u00f6neminde yakla\u015f\u0131k y\u00fczde 3,5 oran\u0131nda b\u00fcy\u00fcd\u00fc\u011f\u00fcn\u00fc, T\u00fcrkiye ekonomisinin ise y\u0131ll\u0131k ortalama 5,4 b\u00fcy\u00fcme kaydetti\u011fini ifade ederek, &#8220;Pandemi \u00f6ncesini 100 kabul ederseniz, d\u00fcnya ekonomisi son 4-5 y\u0131lda 115&#8217;e y\u00fckselmi\u015f. Yani pandemi \u00f6ncesi 100 ise d\u00fcnya ekonomisi bug\u00fcn 115 olmu\u015f durumda. T\u00fcrkiye ekonomisi ne olmu\u015f ayn\u0131 d\u00f6nemde? 100 iken 130 olmu\u015f. D\u00fcnyadaki performans\u0131n a\u015fa\u011f\u0131 yukar\u0131 iki kat\u0131n\u0131 ger\u00e7ekle\u015ftirmi\u015fiz&#8221; dedi.<br \/>\nT\u00fcrkiye Odalar ve Borsalar Birli\u011fi (TOBB) taraf\u0131ndan Ticaret ve Sanayi Odalar\u0131, Ticaret Odalar\u0131, Sanayi Odalar\u0131, Ticaret Borsalar\u0131 ile Deniz Ticaret Odalar\u0131 M\u00fc\u015fterek Konsey Toplant\u0131s\u0131 yap\u0131ld\u0131. Cumhurba\u015fkan\u0131 Yard\u0131mc\u0131s\u0131 Cevdet Y\u0131lmaz ve TOBB konsey \u00fcyelerinin kat\u0131l\u0131m\u0131yla ger\u00e7ekle\u015fen toplant\u0131da reel sekt\u00f6r ve i\u015f d\u00fcnyas\u0131na ili\u015fkin sorunlar ele al\u0131nd\u0131.<\/p>\n<p>&#8220;D\u00fcnyadaki k\u00fcresel ekonomideki bu yeni normali \u00e7ok iyi g\u00f6r\u00fcp analiz etmemiz laz\u0131m&#8221;<br \/>\nProgramda a\u00e7\u0131l\u0131\u015f konu\u015fmas\u0131 ger\u00e7ekle\u015ftiren Cumhurba\u015fkan\u0131 Yard\u0131mc\u0131s\u0131 Cevdet Y\u0131lmaz, makroekonomik politikalar\u0131n \u015fekillendirilmesinde ve sekt\u00f6rel \u00e7al\u0131\u015fmalarda ortak ak\u0131lla hareket etmeye b\u00fcy\u00fck \u00f6nem verdiklerini kaydetti. OVP&#8217;yi \u015fekillendirirken ve sekt\u00f6rel politikalar\u0131 belirlerken reel sekt\u00f6r\u00fcn fikirlerine kulak verdiklerini belirten Y\u0131lmaz, yat\u0131r\u0131m, istihdam, \u00fcretim ve ihracat politikalar\u0131nda, reel sekt\u00f6r\u00fcn \u00f6nc\u00fc bir rol oynad\u0131\u011f\u0131na dikkati \u00e7ekti. Y\u0131lmaz, d\u00fcnya ekonomisinde pandemi sonras\u0131 yeni \u015fartlar\u0131n geli\u015fti\u011fini ifade ederek, &#8220;\u00dclkeler korumac\u0131 politikalarla \u00f6n plana \u00e7\u0131k\u0131yorlar. ABD ba\u015fta olmak \u00fczere bir\u00e7ok \u00fclkenin art\u0131k korumac\u0131 bir yakla\u015f\u0131m sergiledi\u011fi bir d\u00f6nemdeyiz. Di\u011fer taraftan, dijital alanda yapay zeka ba\u015fta olmak \u00fczere b\u00fcy\u00fck bir teknolojik d\u00f6n\u00fc\u015f\u00fcm\u00fcn ya\u015fand\u0131\u011f\u0131 bir d\u00f6nemdeyiz. D\u00fcnyan\u0131n bu yeni \u015fartlar\u0131n\u0131 okumadan, g\u00f6rmeden, analiz etmeden ataca\u011f\u0131m\u0131z hi\u00e7bir ad\u0131m anlaml\u0131 olmayacakt\u0131r, ger\u00e7ek\u00e7i olmayacakt\u0131r. Yeni normali g\u00f6rmemiz laz\u0131m. D\u00fcnyadaki k\u00fcresel ekonomideki bu yeni normali \u00e7ok iyi g\u00f6r\u00fcp analiz etmemiz laz\u0131m&#8221; a\u00e7\u0131klamas\u0131nda bulundu.<\/p>\n<p>&#8220;Pandemi sonras\u0131 d\u00fcnya ekonomisinden 2 kat fazla b\u00fcy\u00fcd\u00fck&#8221;<br \/>\nT\u00fcrkiye ekonomisinin b\u00fcy\u00fcmesine ili\u015fkin konu\u015fan Y\u0131lmaz, d\u00fcnyan\u0131n 2003-2024 d\u00f6neminde yakla\u015f\u0131k y\u00fczde 3,5 oran\u0131nda b\u00fcy\u00fcd\u00fc\u011f\u00fcn\u00fc, buna kar\u015f\u0131l\u0131k T\u00fcrkiye ekonomisinin ise y\u0131ll\u0131k ortalama 5,4 b\u00fcy\u00fcme kaydetti\u011fini ifade etti. Y\u0131lmaz, &#8220;Pandemi \u00f6ncesini 100 kabul ederseniz, d\u00fcnya ekonomisi son 4-5 y\u0131lda 115&#8217;e y\u00fckselmi\u015f. Yani pandemi \u00f6ncesi 100 ise d\u00fcnya ekonomisi bug\u00fcn 115 olmu\u015f durumda. T\u00fcrkiye ekonomisi ne olmu\u015f ayn\u0131 d\u00f6nemde? 100 iken 130 olmu\u015f. D\u00fcnyadaki performans\u0131n a\u015fa\u011f\u0131 yukar\u0131 iki kat\u0131n\u0131 ger\u00e7ekle\u015ftirmi\u015fiz. Bu sorunlar\u0131m\u0131z olmad\u0131\u011f\u0131 anlam\u0131na elbette gelmiyor. Tabii ki d\u00fcnyan\u0131n her yerinde sorun var. D\u00fcnyan\u0131n her \u00fclkesinde sorun var. Bizde de sorunlar var. Elbette bu sorunlar\u0131n \u00fczerine gidece\u011fiz. Ama \u00fclkemizin kamusuyla \u00f6zel sekt\u00f6r\u00fcyle g\u00f6sterdi\u011fi performans\u0131 da g\u00f6rmemiz laz\u0131m. D\u00fcnyan\u0131n iki kat\u0131 kadar son 5 y\u0131lda b\u00fcy\u00fcme kaydettiysek, ekonomimizi diren\u00e7li bir \u015fekilde tutabildiysek, bunun da \u00f6nemini hepimizin g\u00f6rmesi laz\u0131m&#8221; ifadelerinde bulundu.<\/p>\n<p>&#8220;\u0130MF&#8217;nin tahminlerinin ger\u00e7ekle\u015fmesi halinde bu y\u0131l sonu 16&#8217;\u0131nc\u0131 b\u00fcy\u00fck ekonomi haline geliyoruz&#8221;<br \/>\nT\u00fcrkiye ekonomisinin d\u00fcnyadaki s\u0131ralamas\u0131na ili\u015fkin Cumhurba\u015fkan\u0131 Yard\u0131mc\u0131s\u0131 Y\u0131lmaz, &#8220;Eski liberal, k\u00fcresel d\u00fczenin olmad\u0131\u011f\u0131, pandeminin, di\u011fer jeopolitik geli\u015fmelerin ya\u015fand\u0131\u011f\u0131 bir d\u00f6nemde g\u00f6sterdi\u011fimiz ekonomik performans hi\u00e7 de k\u00fc\u00e7\u00fcmsenecek bir performans de\u011fil. Bu performansla birlikte 2002 y\u0131l\u0131nda d\u00fcnyada b\u00fcy\u00fckl\u00fck olarak, 21&#8217;inci s\u0131rada olan ekonomik b\u00fcy\u00fckl\u00fc\u011f\u00fcm\u00fcz 2025&#8217;te, 2024&#8217;te 17&#8217;inci s\u0131raday\u0131z ekonomik b\u00fcy\u00fckl\u00fck olarak nominal dolar baz\u0131nda. \u0130MF&#8217;nin tahminlerinin ger\u00e7ekle\u015fmesi halinde bu y\u0131l\u0131n sonu itibariyle 16&#8217;\u0131nc\u0131 b\u00fcy\u00fck ekonomi haline geliyoruz. T\u00fcrkiye d\u00fcnyada sat\u0131n alma g\u00fcc\u00fc paritesinde ise ge\u00e7en y\u0131l 12&#8217;inci s\u0131radayd\u0131. Yine \u0130MF tahminleri ger\u00e7ekle\u015firse k\u00fcresel ekonomiye ili\u015fkin 11&#8217;inci b\u00fcy\u00fck ekonomi konumunda olaca\u011f\u0131z. Toplam ekonomik b\u00fcy\u00fckl\u00fc\u011f\u00fcm\u00fcz 2002 y\u0131l\u0131nda 238 milyar dolarken, bu y\u0131l son a\u00e7\u0131klanan T\u00dc\u0130K&#8217;in 3&#8217;\u00fcnc\u00fc \u00e7eyrek rakamlar\u0131ndan da g\u00f6rd\u00fck ki ekonomimiz nominal dolar baz\u0131nda 1,5 trilyon dolar\u0131 ilk defa ge\u00e7ti&#8221; dedi.<\/p>\n<p>&#8220;Ki\u015fi ba\u015f\u0131na d\u00fc\u015fen milli geliri bu y\u0131l 17 bin dolar\u0131n \u00fczerinde bir rakamla kapataca\u011f\u0131z&#8221;<br \/>\nBu kapsamda T\u00fcrkiye&#8217;de ki\u015fi ba\u015f\u0131na d\u00fc\u015fen milli gelire ili\u015fkin de konu\u015fan Y\u0131lmaz, &#8220;Bu \u00f6nemli bir performans ve ki\u015fi ba\u015f\u0131na gelirimizin de bu y\u0131l 17 bin dolar\u0131 a\u015fmas\u0131n\u0131 bekliyoruz. 2002 y\u0131l\u0131nda bu rakam 3 bin 600 dolar civar\u0131ndayd\u0131. Bu y\u0131l in\u015fallah 17 bin dolar\u0131n \u00fczerinde bir rakamla kapataca\u011f\u0131z. D\u00fcnya Bankas\u0131&#8217;n\u0131n bir s\u0131n\u0131fland\u0131rmas\u0131 var&#8221; dedi.<\/p>\n<p>&#8220;T\u00fcrkiye d\u00fcnyada uluslararas\u0131 sermayenin darald\u0131\u011f\u0131 bir d\u00f6nemde sermaye cezbedebilen \u00fclkelerden biri&#8221;<br \/>\nY\u0131lmaz, do\u011frudan yat\u0131r\u0131mlar\u0131n \u00f6nemine de dikkati \u00e7ekerek, &#8220;Son rakamlara bakt\u0131\u011f\u0131m\u0131z zaman 2025 y\u0131l\u0131n\u0131n ilk 9 ay\u0131nda uluslararas\u0131 do\u011frudan yat\u0131r\u0131m giri\u015fleri bir \u00f6nceki d\u00f6nemin ayn\u0131 zaman dilimindeki rakama g\u00f6re y\u00fczde 45,5 artm\u0131\u015f durumda ve 11,4 milyar dolara ula\u015fm\u0131\u015f durumda. Y\u0131ll\u0131kland\u0131r\u0131lm\u0131\u015f tutarda burada 15,3 milyar dolar. Bu da \u00e7ok sevindirici. T\u00fcrkiye d\u00fcnyada uluslararas\u0131 sermayenin darald\u0131\u011f\u0131 oldu\u011fu bir d\u00f6nemde sermaye cezbedebilen do\u011frudan yat\u0131r\u0131m cezbedebilen \u00fclkelerden biri. Bu noktada Ankara&#8217;n\u0131n da \u00f6n\u00fcm\u00fczdeki d\u00f6nem Google ile Turkcell i\u015fbirli\u011fi ile ger\u00e7ekle\u015ftirilecek ve toplamda 3 milyar dolar\u0131 bulan yat\u0131r\u0131ma ev sahipli\u011fi yapmas\u0131 da yine sevindirici bir geli\u015fme. Onun da alt\u0131n\u0131 tekrar \u00e7izmek istiyorum&#8221; ifadelerine kulland\u0131.<\/p>\n<p>&#8220;Milletimizin yast\u0131k alt\u0131 rezervini sisteme dahil edip g\u00f6sterebilsek T\u00fcrkiye&#8217;nin risklilik g\u00f6stergeleri \u00e7ok daha a\u015fa\u011f\u0131ya inecek&#8221;<br \/>\nBir taraftan b\u00fcy\u00fcmenin devam eti\u011fine, di\u011fer taraftan ise finansal g\u00f6stergelerinde iyile\u015fti\u011fine dikkati \u00e7eken Y\u0131lmaz, &#8220;Bankac\u0131l\u0131k sekt\u00f6r\u00fcm\u00fcz\u00fcn sermaye yeterlilik oranlar\u0131 olduk\u00e7a iyi bir noktada. Kanuni hadlerin \u00e7ok \u00fcst\u00fcnde. Merkez Bankam\u0131z\u0131n rezervi 28 Kas\u0131m itibariyle 183,2 milyar dolar. Ben hep s\u00f6yl\u00fcyorum bir de bizim milletin rezervi var. Onu finansal olarak g\u00f6steremiyoruz ama alt\u0131n ve yast\u0131k alt\u0131 d\u00f6viz ba\u015fta olmak \u00fczere bir de milletimizin bir rezervi var sisteme tam girmeyen. Onu ke\u015fke sisteme dahil edip g\u00f6sterebilsek T\u00fcrkiye&#8217;nin risklilik g\u00f6stergeleri \u00e7ok daha a\u015fa\u011f\u0131ya inecek asl\u0131nda. Merkez Bankam\u0131z\u0131n rezervi milletimizin rezervi \u00e7ok daha y\u00fcksek tabii. \u00d6zellikle bu alt\u0131n ithalat\u0131ndan bunu g\u00f6r\u00fcyoruz. D\u0131\u015f ticaret dengemizde \u00e7ok ciddi anlamda bir alt\u0131n ithalat\u0131 var. O da \u00fclkemizin sonu\u00e7ta milletimizin bir rezervi varl\u0131\u011f\u0131 olarak bize g\u00fc\u00e7 veriyor&#8221; \u015feklinde konu\u015ftu.<\/p>\n<p>&#8220;Enflasyon beklentisinde reel sekt\u00f6r ve hane halklar\u0131nda bir d\u00fc\u015f\u00fc\u015f olsa da hala tam istedi\u011fimiz noktada de\u011filiz&#8221;<br \/>\nY\u0131lmaz, ekonomi y\u00f6netiminde en \u00f6nemli unsurlardan birinin dezenflasyon s\u00fcreci oldu\u011funu s\u00f6yleyerek, s\u00f6zlerine \u015fu \u015fekilde devam etti:<br \/>\n&#8220;Enflasyonu d\u00fc\u015f\u00fcrmek program\u0131m\u0131z\u0131n omurgas\u0131, ana temel unsuru. Burada da ciddi anlamda bir mesafe ald\u0131\u011f\u0131m\u0131z\u0131 s\u00f6yleyebilirim. 2024 y\u0131l\u0131 May\u0131s ay\u0131nda zirveye ula\u015fm\u0131\u015ft\u0131, y\u00fczde 75,5 ile. O tarihten bug\u00fcne 44 puan\u0131 a\u015fan bir d\u00fc\u015f\u00fc\u015f ger\u00e7ekle\u015fti. Enflasyon d\u00fc\u015ft\u00fc derken fiyatlardaki d\u00fc\u015f\u00fc\u015f\u00fc de\u011fil, orandaki d\u00fc\u015f\u00fc\u015f\u00fc elbette kastediyoruz. Oranda 44 puandan fazla bir d\u00fc\u015f\u00fc\u015f s\u00f6z konusu. Son a\u00e7\u0131klanan rakamla enflasyon oran\u0131m\u0131z y\u00fczde 31,07 seviyesine kadar indi. Yaln\u0131z burada bir noktan\u0131n alt\u0131n\u0131 \u00e7izmem laz\u0131m. Piyasadaki akt\u00f6rlerin beklentileri olduk\u00e7a iyile\u015fti ve bizim hedeflerimize olduk\u00e7a yak\u0131n. Ancak reel sekt\u00f6r ve hane halklar\u0131nda bir d\u00fc\u015f\u00fc\u015f olsa da ge\u00e7mi\u015fe g\u00f6re hala tam istedi\u011fimiz noktada oldu\u011fumuzu s\u00f6yleyemem. \u015eimdi bak\u0131n enflasyon y\u00fczde 31&#8217;e d\u00fc\u015fm\u00fc\u015f ger\u00e7ekle\u015fen enflasyon. Ama reel sekt\u00f6r\u00fcm\u00fcze soruyoruz bir y\u0131l sonra enflasyon ne olacak diye y\u00fczde 35 gibi bir \u015fey \u00e7\u0131k\u0131yor. \u015eimdi bunu biz tabii a\u015fa\u011f\u0131ya \u00e7ekmek durumunday\u0131z. Niye \u00f6nemli bu? \u00c7\u00fcnk\u00fc bu bir sarmal de\u011ferli arkada\u015flar. Beklentileri iyile\u015ftireceksiniz ki piyasadaki fiyatlamalar ona g\u00f6re olu\u015fsun, enflasyonda daha fazla gerilesin.&#8221;<\/p>\n<p>&#8220;ENAG&#8217;\u0131n uluslararas\u0131 bir ge\u00e7erlili\u011fi yok&#8221;<br \/>\nEnflasyondaki beklentilerin y\u00fcksek olmas\u0131n\u0131n bir nedeninin ise sosyal medyadaki alg\u0131lar oldu\u011funu s\u00f6yleyen Y\u0131lmaz, &#8220;T\u00fcm d\u00fcnyada maalesef b\u00f6yle bir e\u011filim var. Sosyal medyada hi\u00e7bir temeli dayana\u011f\u0131 olmayan, hi\u00e7bir bilimsel ge\u00e7erlili\u011fi olmayan bir\u00e7ok iddian\u0131n alg\u0131 olu\u015fturabildi\u011fini g\u00f6r\u00fcyoruz. Bunlardan bir tanesi i\u015fte istatistik haz\u0131rlad\u0131\u011f\u0131n\u0131 iddia eden ENAG diye bir yap\u0131 var mesela. Hakikaten bu konu \u00fczerinde durmam\u0131z gereken bir \u015fey. Ona benzer ba\u015fka \u015feyler de var. Metodolojisi sa\u011flam de\u011fil. Uluslararas\u0131 hi\u00e7bir ge\u00e7erlili\u011fi yok. Hangi datalara bakt\u0131\u011f\u0131 belli de\u011fil, \u015feffafl\u0131\u011f\u0131 yok. 3-5 ki\u015filik bir grup bir tak\u0131m internet ortam\u0131nda bir \u015feyler toplay\u0131p topluma bir alg\u0131 pompal\u0131yor. Ve maalesef ideolojik sebeplerle demek zorunday\u0131m. \u00c7\u00fcnk\u00fc bilimsel olarak bunu izah etmek m\u00fcmk\u00fcn de\u011fil. Bir tak\u0131m kesimlerde ideolojik nedenlerle bu rakamlar sanki ger\u00e7e\u011fi yans\u0131t\u0131yormu\u015f gibi toplumda bir alg\u0131 olu\u015fturuyorlar. Buna kar\u015f\u0131 da bilim insanlar\u0131 ba\u015fta olmak \u00fczere hepimizin \u00e7ok daha uyan\u0131k olmas\u0131 laz\u0131m. Ekonomimiz \u00fczerinde, milletimizin gelece\u011fi \u00fczerinde alg\u0131lar kullan\u0131larak bir tak\u0131m operasyonlar yap\u0131lmas\u0131na da m\u00fcsaade etmememiz laz\u0131m&#8221; diye konu\u015ftu.<br \/>\nY\u0131lmaz, sosyal adalet a\u00e7\u0131s\u0131ndan da \u00e7ok \u00f6nemli enflasyonu d\u00fc\u015f\u00fcrmenin \u00e7ok \u00f6nemli oldu\u011funun alt\u0131n\u0131 \u00e7izerek, enflasyonun d\u00fc\u015ft\u00fc\u011f\u00fc bir ortamda sosyal dengelerin de iyile\u015fti\u011fini vurgulad\u0131.<\/p>\n<p>&#8220;Tar\u0131m alan\u0131nda kullan\u0131lmak \u00fczere b\u00fct\u00e7eden 940 milyar kaynak ayr\u0131ld\u0131&#8221;<br \/>\nTar\u0131mda b\u00fct\u00e7eden sene 940 milyara yak\u0131n kaynak ayr\u0131ld\u0131\u011f\u0131n\u0131n bilgisini veren Y\u0131lmaz, &#8220;Bunun bir k\u0131sm\u0131 do\u011frudan destek, bir k\u0131sm\u0131 kredi subvansiyonu, bir k\u0131sm\u0131 sulama yat\u0131r\u0131m\u0131, bir k\u0131sm\u0131 vergisel olarak vazge\u00e7ti\u011fimiz rakamlar. Ama toplad\u0131\u011f\u0131m\u0131zda 940 milyara yak\u0131n bir kayna\u011f\u0131 tar\u0131m sekt\u00f6r\u00fcm\u00fcze ay\u0131rm\u0131\u015f durumday\u0131z. Sulamalar\u0131 yat\u0131r\u0131mlarda \u00f6nceliklendirmi\u015f durumday\u0131z. \u00d6n\u00fcm\u00fczdeki d\u00f6nem su meselesi konusunda daha \u00f6zel \u00e7al\u0131\u015fmalar, haz\u0131rl\u0131klar da yap\u0131yoruz. Tar\u0131msal destekleme sistemimizi tamamen su ile ilgili konularla yeniden \u015fekillendirmi\u015f durumday\u0131z. Gelecek y\u0131ldan itibaren bunun etkilerini hep birlikte g\u00f6rece\u011fiz. Dolay\u0131s\u0131yla g\u0131da konusunu yine \u00f6nemli g\u00f6r\u00fcyoruz&#8221; a\u00e7\u0131klamas\u0131nda bulundu.<br \/>\nProgram, Cumhurba\u015fkan\u0131 Yard\u0131mc\u0131s\u0131 Y\u0131lmaz&#8217;\u0131n konu\u015fmas\u0131n\u0131n ard\u0131ndan bas\u0131na kapal\u0131 olarak devam etti.<\/p>\n<p>5.12.2025<\/p>\n","protected":false},"excerpt":{"rendered":"<p>&#8211; &#8220;D\u00fcnyan\u0131n iki kat\u0131 kadar son 5 y\u0131lda b\u00fcy\u00fcme kaydettiysek, ekonomimizi diren\u00e7li tutabildiysek, bunun da \u00f6nemini hepimizin g\u00f6rmesi laz\u0131m&#8221; &#8211; &#8220;ENAG&#8217;\u0131n uluslararas\u0131 bir ge\u00e7erlili\u011fi yok&#8221; Cumhurba\u015fkan\u0131 Yard\u0131mc\u0131s\u0131 Cevdet Y\u0131lmaz, d\u00fcnyan\u0131n 2003-2024 d\u00f6neminde yakla\u015f\u0131k y\u00fczde 3,5 oran\u0131nda b\u00fcy\u00fcd\u00fc\u011f\u00fcn\u00fc, T\u00fcrkiye ekonomisinin ise y\u0131ll\u0131k ortalama 5,4 b\u00fcy\u00fcme kaydetti\u011fini ifade ederek, &#8220;Pandemi \u00f6ncesini 100 kabul ederseniz, d\u00fcnya ekonomisi son [&hellip;]<\/p>\n","protected":false},"author":1,"featured_media":14946,"comment_status":"open","ping_status":"open","sticky":false,"template":"","format":"standard","meta":{"footnotes":""},"categories":[48],"tags":[484],"class_list":["post-14945","post","type-post","status-publish","format-standard","has-post-thumbnail","hentry","category-ekonomi","tag-ekonomik-buyume"],"yoast_head":"<!-- This site is optimized with the Yoast SEO plugin v27.4 - https:\/\/yoast.com\/product\/yoast-seo-wordpress\/ -->\n<title>Cumhurba\u015fkan\u0131 Yard\u0131mc\u0131s\u0131 Y\u0131lmaz: &quot;Pandemi sonras\u0131 d\u00fcnya ekonomisinden 2 kat fazla b\u00fcy\u00fcd\u00fck&quot; - Memurun Sesi<\/title>\n<meta name=\"description\" content=\"Cumhurba\u015fkan\u0131 Yard\u0131mc\u0131s\u0131 Y\u0131lmaz: &quot;Pandemi sonras\u0131 d\u00fcnya ekonomisinden 2 kat fazla b\u00fcy\u00fcd\u00fck&quot;\" \/>\n<meta name=\"robots\" content=\"index, follow, max-snippet:-1, max-image-preview:large, max-video-preview:-1\" \/>\n<link rel=\"canonical\" href=\"https:\/\/memurunsesi.net\/index.php\/2025\/12\/06\/cumhurbaskani-yardimcisi-yilmaz-pandemi-sonrasi-dunya-ekonomisinden-2-kat-fazla-buyuduk\/\" \/>\n<meta property=\"og:locale\" content=\"tr_TR\" \/>\n<meta property=\"og:type\" content=\"article\" \/>\n<meta property=\"og:title\" content=\"Cumhurba\u015fkan\u0131 Yard\u0131mc\u0131s\u0131 Y\u0131lmaz: &quot;Pandemi sonras\u0131 d\u00fcnya ekonomisinden 2 kat fazla b\u00fcy\u00fcd\u00fck&quot; - Memurun Sesi\" \/>\n<meta property=\"og:description\" content=\"Cumhurba\u015fkan\u0131 Yard\u0131mc\u0131s\u0131 Y\u0131lmaz: &quot;Pandemi sonras\u0131 d\u00fcnya ekonomisinden 2 kat fazla b\u00fcy\u00fcd\u00fck&quot;\" \/>\n<meta property=\"og:url\" content=\"https:\/\/memurunsesi.net\/index.php\/2025\/12\/06\/cumhurbaskani-yardimcisi-yilmaz-pandemi-sonrasi-dunya-ekonomisinden-2-kat-fazla-buyuduk\/\" \/>\n<meta property=\"og:site_name\" content=\"Memurun Sesi\" \/>\n<meta property=\"article:publisher\" content=\"https:\/\/www.facebook.com\/unipersen\/?locale=tr_TR\" \/>\n<meta property=\"article:published_time\" content=\"2025-12-06T06:09:23+00:00\" \/>\n<meta property=\"og:image\" content=\"https:\/\/memurunsesi.net\/wp-content\/uploads\/2025\/12\/ekonomik.jpg\" \/>\n\t<meta property=\"og:image:width\" content=\"2048\" \/>\n\t<meta property=\"og:image:height\" content=\"1366\" \/>\n\t<meta property=\"og:image:type\" content=\"image\/jpeg\" \/>\n<meta name=\"author\" content=\"Memurun Sesi Haber Merkezi\" \/>\n<meta name=\"twitter:card\" content=\"summary_large_image\" \/>\n<meta name=\"twitter:creator\" content=\"@unipersen\" \/>\n<meta name=\"twitter:site\" content=\"@unipersen\" \/>\n<meta name=\"twitter:label1\" content=\"Yazan:\" \/>\n\t<meta name=\"twitter:data1\" content=\"Memurun Sesi Haber Merkezi\" \/>\n\t<meta name=\"twitter:label2\" content=\"Tahmini okuma s\u00fcresi\" \/>\n\t<meta name=\"twitter:data2\" content=\"9 dakika\" \/>\n<script type=\"application\/ld+json\" class=\"yoast-schema-graph\">{\"@context\":\"https:\\\/\\\/schema.org\",\"@graph\":[{\"@type\":\"Article\",\"@id\":\"https:\\\/\\\/memurunsesi.net\\\/index.php\\\/2025\\\/12\\\/06\\\/cumhurbaskani-yardimcisi-yilmaz-pandemi-sonrasi-dunya-ekonomisinden-2-kat-fazla-buyuduk\\\/#article\",\"isPartOf\":{\"@id\":\"https:\\\/\\\/memurunsesi.net\\\/index.php\\\/2025\\\/12\\\/06\\\/cumhurbaskani-yardimcisi-yilmaz-pandemi-sonrasi-dunya-ekonomisinden-2-kat-fazla-buyuduk\\\/\"},\"author\":{\"name\":\"Memurun Sesi Haber Merkezi\",\"@id\":\"https:\\\/\\\/memurunsesi.net\\\/#\\\/schema\\\/person\\\/f21c2d73b89f6ee1d80b0a1803e38587\"},\"headline\":\"Cumhurba\u015fkan\u0131 Yard\u0131mc\u0131s\u0131 Y\u0131lmaz: &#8220;Pandemi sonras\u0131 d\u00fcnya ekonomisinden 2 kat fazla b\u00fcy\u00fcd\u00fck&#8221;\",\"datePublished\":\"2025-12-06T06:09:23+00:00\",\"mainEntityOfPage\":{\"@id\":\"https:\\\/\\\/memurunsesi.net\\\/index.php\\\/2025\\\/12\\\/06\\\/cumhurbaskani-yardimcisi-yilmaz-pandemi-sonrasi-dunya-ekonomisinden-2-kat-fazla-buyuduk\\\/\"},\"wordCount\":1900,\"commentCount\":0,\"publisher\":{\"@id\":\"https:\\\/\\\/memurunsesi.net\\\/#organization\"},\"image\":{\"@id\":\"https:\\\/\\\/memurunsesi.net\\\/index.php\\\/2025\\\/12\\\/06\\\/cumhurbaskani-yardimcisi-yilmaz-pandemi-sonrasi-dunya-ekonomisinden-2-kat-fazla-buyuduk\\\/#primaryimage\"},\"thumbnailUrl\":\"https:\\\/\\\/memurunsesi.net\\\/wp-content\\\/uploads\\\/2025\\\/12\\\/ekonomik.jpg\",\"keywords\":[\"ekonomik b\u00fcy\u00fcme\"],\"articleSection\":[\"Ekonomi\"],\"inLanguage\":\"tr\",\"potentialAction\":[{\"@type\":\"CommentAction\",\"name\":\"Comment\",\"target\":[\"https:\\\/\\\/memurunsesi.net\\\/index.php\\\/2025\\\/12\\\/06\\\/cumhurbaskani-yardimcisi-yilmaz-pandemi-sonrasi-dunya-ekonomisinden-2-kat-fazla-buyuduk\\\/#respond\"]}]},{\"@type\":\"WebPage\",\"@id\":\"https:\\\/\\\/memurunsesi.net\\\/index.php\\\/2025\\\/12\\\/06\\\/cumhurbaskani-yardimcisi-yilmaz-pandemi-sonrasi-dunya-ekonomisinden-2-kat-fazla-buyuduk\\\/\",\"url\":\"https:\\\/\\\/memurunsesi.net\\\/index.php\\\/2025\\\/12\\\/06\\\/cumhurbaskani-yardimcisi-yilmaz-pandemi-sonrasi-dunya-ekonomisinden-2-kat-fazla-buyuduk\\\/\",\"name\":\"Cumhurba\u015fkan\u0131 Yard\u0131mc\u0131s\u0131 Y\u0131lmaz: \\\"Pandemi sonras\u0131 d\u00fcnya ekonomisinden 2 kat fazla b\u00fcy\u00fcd\u00fck\\\" - Memurun Sesi\",\"isPartOf\":{\"@id\":\"https:\\\/\\\/memurunsesi.net\\\/#website\"},\"primaryImageOfPage\":{\"@id\":\"https:\\\/\\\/memurunsesi.net\\\/index.php\\\/2025\\\/12\\\/06\\\/cumhurbaskani-yardimcisi-yilmaz-pandemi-sonrasi-dunya-ekonomisinden-2-kat-fazla-buyuduk\\\/#primaryimage\"},\"image\":{\"@id\":\"https:\\\/\\\/memurunsesi.net\\\/index.php\\\/2025\\\/12\\\/06\\\/cumhurbaskani-yardimcisi-yilmaz-pandemi-sonrasi-dunya-ekonomisinden-2-kat-fazla-buyuduk\\\/#primaryimage\"},\"thumbnailUrl\":\"https:\\\/\\\/memurunsesi.net\\\/wp-content\\\/uploads\\\/2025\\\/12\\\/ekonomik.jpg\",\"datePublished\":\"2025-12-06T06:09:23+00:00\",\"description\":\"Cumhurba\u015fkan\u0131 Yard\u0131mc\u0131s\u0131 Y\u0131lmaz: \\\"Pandemi sonras\u0131 d\u00fcnya ekonomisinden 2 kat fazla b\u00fcy\u00fcd\u00fck\\\"\",\"breadcrumb\":{\"@id\":\"https:\\\/\\\/memurunsesi.net\\\/index.php\\\/2025\\\/12\\\/06\\\/cumhurbaskani-yardimcisi-yilmaz-pandemi-sonrasi-dunya-ekonomisinden-2-kat-fazla-buyuduk\\\/#breadcrumb\"},\"inLanguage\":\"tr\",\"potentialAction\":[{\"@type\":\"ReadAction\",\"target\":[\"https:\\\/\\\/memurunsesi.net\\\/index.php\\\/2025\\\/12\\\/06\\\/cumhurbaskani-yardimcisi-yilmaz-pandemi-sonrasi-dunya-ekonomisinden-2-kat-fazla-buyuduk\\\/\"]}]},{\"@type\":\"ImageObject\",\"inLanguage\":\"tr\",\"@id\":\"https:\\\/\\\/memurunsesi.net\\\/index.php\\\/2025\\\/12\\\/06\\\/cumhurbaskani-yardimcisi-yilmaz-pandemi-sonrasi-dunya-ekonomisinden-2-kat-fazla-buyuduk\\\/#primaryimage\",\"url\":\"https:\\\/\\\/memurunsesi.net\\\/wp-content\\\/uploads\\\/2025\\\/12\\\/ekonomik.jpg\",\"contentUrl\":\"https:\\\/\\\/memurunsesi.net\\\/wp-content\\\/uploads\\\/2025\\\/12\\\/ekonomik.jpg\",\"width\":2048,\"height\":1366,\"caption\":\"CUMHURBA\u015eKANI YARDIMCISI CEVDET YILMAZ, \\\"ENAG D\u0130YE B\u0130R YAPI VAR HAK\u0130KATEN BU KONU \u00dcZER\u0130NDE DURMAMIZ GEREKEN B\u0130R \u015eEY. METODOLOJ\u0130S\u0130 SA\u011eLAM DE\u011e\u0130L, ULUSLARARASI H\u0130\u00c7B\u0130R GE\u00c7ERL\u0130L\u0130\u011e\u0130 YOK.. 3-5 K\u0130\u015e\u0130L\u0130K B\u0130R GRUP B\u0130R TAKIM \u0130NTERNET ORTAMINDA B\u0130R \u015eEYLER TOPLAYIP TOPLUMA B\u0130R ALGI POMPALIYOR\\\" DED\u0130. (\u0130HA\\\/ANKARA-\u0130HA) Cumhurba\u015fkan\u0131 Yard\u0131mc\u0131s\u0131 Cevdet Y\u0131lmaz, d\u00fcnyan\u0131n 2003-2024 d\u00f6neminde yakla\u015f\u0131k y\u00fczde 3,5 oran\u0131nda b\u00fcy\u00fcd\u00fc\u011f\u00fcn\u00fc, T\u00fcrkiye ekonomisinin ise y\u0131ll\u0131k ortalama 5,4 b\u00fcy\u00fcme kaydetti\u011fini ifade ederek, \\\"Pandemi \u00f6ncesini 100 kabul ederseniz, d\u00fcnya ekonomisi son 4-5 y\u0131lda 115'e y\u00fckselmi\u015f. Yani pandemi \u00f6ncesi 100 ise d\u00fcnya ekonomisi bug\u00fcn 115 olmu\u015f durumda. T\u00fcrkiye ekonomisi ne olmu\u015f ayn\u0131 d\u00f6nemde? 100 iken 130 olmu\u015f. D\u00fcnyadaki performans\u0131n a\u015fa\u011f\u0131 yukar\u0131 iki kat\u0131n\u0131 ger\u00e7ekle\u015ftirmi\u015fiz\\\" dedi.\"},{\"@type\":\"BreadcrumbList\",\"@id\":\"https:\\\/\\\/memurunsesi.net\\\/index.php\\\/2025\\\/12\\\/06\\\/cumhurbaskani-yardimcisi-yilmaz-pandemi-sonrasi-dunya-ekonomisinden-2-kat-fazla-buyuduk\\\/#breadcrumb\",\"itemListElement\":[{\"@type\":\"ListItem\",\"position\":1,\"name\":\"Anasayfa\",\"item\":\"https:\\\/\\\/memurunsesi.net\\\/\"},{\"@type\":\"ListItem\",\"position\":2,\"name\":\"Cumhurba\u015fkan\u0131 Yard\u0131mc\u0131s\u0131 Y\u0131lmaz: &#8220;Pandemi sonras\u0131 d\u00fcnya ekonomisinden 2 kat fazla b\u00fcy\u00fcd\u00fck&#8221;\"}]},{\"@type\":\"WebSite\",\"@id\":\"https:\\\/\\\/memurunsesi.net\\\/#website\",\"url\":\"https:\\\/\\\/memurunsesi.net\\\/\",\"name\":\"Memurun Sesi\",\"description\":\"G\u00fcncel ve Do\u011fru Haber\",\"publisher\":{\"@id\":\"https:\\\/\\\/memurunsesi.net\\\/#organization\"},\"potentialAction\":[{\"@type\":\"SearchAction\",\"target\":{\"@type\":\"EntryPoint\",\"urlTemplate\":\"https:\\\/\\\/memurunsesi.net\\\/?s={search_term_string}\"},\"query-input\":{\"@type\":\"PropertyValueSpecification\",\"valueRequired\":true,\"valueName\":\"search_term_string\"}}],\"inLanguage\":\"tr\"},{\"@type\":\"Organization\",\"@id\":\"https:\\\/\\\/memurunsesi.net\\\/#organization\",\"name\":\"Memurun Sesi\",\"url\":\"https:\\\/\\\/memurunsesi.net\\\/\",\"logo\":{\"@type\":\"ImageObject\",\"inLanguage\":\"tr\",\"@id\":\"https:\\\/\\\/memurunsesi.net\\\/#\\\/schema\\\/logo\\\/image\\\/\",\"url\":\"https:\\\/\\\/memurunsesi.net\\\/wp-content\\\/uploads\\\/2025\\\/11\\\/cropped-MEMURUN-SESI.png\",\"contentUrl\":\"https:\\\/\\\/memurunsesi.net\\\/wp-content\\\/uploads\\\/2025\\\/11\\\/cropped-MEMURUN-SESI.png\",\"width\":238,\"height\":57,\"caption\":\"Memurun Sesi\"},\"image\":{\"@id\":\"https:\\\/\\\/memurunsesi.net\\\/#\\\/schema\\\/logo\\\/image\\\/\"},\"sameAs\":[\"https:\\\/\\\/www.facebook.com\\\/unipersen\\\/?locale=tr_TR\",\"https:\\\/\\\/x.com\\\/unipersen\"]},{\"@type\":\"Person\",\"@id\":\"https:\\\/\\\/memurunsesi.net\\\/#\\\/schema\\\/person\\\/f21c2d73b89f6ee1d80b0a1803e38587\",\"name\":\"Memurun Sesi Haber Merkezi\",\"image\":{\"@type\":\"ImageObject\",\"inLanguage\":\"tr\",\"@id\":\"https:\\\/\\\/secure.gravatar.com\\\/avatar\\\/6cf0505f452ee753f485014986fab09a434671d2b919ee76fc541025c5876a70?s=96&d=mm&r=g\",\"url\":\"https:\\\/\\\/secure.gravatar.com\\\/avatar\\\/6cf0505f452ee753f485014986fab09a434671d2b919ee76fc541025c5876a70?s=96&d=mm&r=g\",\"contentUrl\":\"https:\\\/\\\/secure.gravatar.com\\\/avatar\\\/6cf0505f452ee753f485014986fab09a434671d2b919ee76fc541025c5876a70?s=96&d=mm&r=g\",\"caption\":\"Memurun Sesi Haber Merkezi\"},\"sameAs\":[\"https:\\\/\\\/memurunsesi.net\"],\"url\":\"https:\\\/\\\/memurunsesi.net\\\/index.php\\\/author\\\/uniper\\\/\"}]}<\/script>\n<!-- \/ Yoast SEO plugin. -->","yoast_head_json":{"title":"Cumhurba\u015fkan\u0131 Yard\u0131mc\u0131s\u0131 Y\u0131lmaz: \"Pandemi sonras\u0131 d\u00fcnya ekonomisinden 2 kat fazla b\u00fcy\u00fcd\u00fck\" - Memurun Sesi","description":"Cumhurba\u015fkan\u0131 Yard\u0131mc\u0131s\u0131 Y\u0131lmaz: \"Pandemi sonras\u0131 d\u00fcnya ekonomisinden 2 kat fazla b\u00fcy\u00fcd\u00fck\"","robots":{"index":"index","follow":"follow","max-snippet":"max-snippet:-1","max-image-preview":"max-image-preview:large","max-video-preview":"max-video-preview:-1"},"canonical":"https:\/\/memurunsesi.net\/index.php\/2025\/12\/06\/cumhurbaskani-yardimcisi-yilmaz-pandemi-sonrasi-dunya-ekonomisinden-2-kat-fazla-buyuduk\/","og_locale":"tr_TR","og_type":"article","og_title":"Cumhurba\u015fkan\u0131 Yard\u0131mc\u0131s\u0131 Y\u0131lmaz: \"Pandemi sonras\u0131 d\u00fcnya ekonomisinden 2 kat fazla b\u00fcy\u00fcd\u00fck\" - Memurun Sesi","og_description":"Cumhurba\u015fkan\u0131 Yard\u0131mc\u0131s\u0131 Y\u0131lmaz: \"Pandemi sonras\u0131 d\u00fcnya ekonomisinden 2 kat fazla b\u00fcy\u00fcd\u00fck\"","og_url":"https:\/\/memurunsesi.net\/index.php\/2025\/12\/06\/cumhurbaskani-yardimcisi-yilmaz-pandemi-sonrasi-dunya-ekonomisinden-2-kat-fazla-buyuduk\/","og_site_name":"Memurun Sesi","article_publisher":"https:\/\/www.facebook.com\/unipersen\/?locale=tr_TR","article_published_time":"2025-12-06T06:09:23+00:00","og_image":[{"width":2048,"height":1366,"url":"https:\/\/memurunsesi.net\/wp-content\/uploads\/2025\/12\/ekonomik.jpg","type":"image\/jpeg"}],"author":"Memurun Sesi Haber Merkezi","twitter_card":"summary_large_image","twitter_creator":"@unipersen","twitter_site":"@unipersen","twitter_misc":{"Yazan:":"Memurun Sesi Haber Merkezi","Tahmini okuma s\u00fcresi":"9 dakika"},"schema":{"@context":"https:\/\/schema.org","@graph":[{"@type":"Article","@id":"https:\/\/memurunsesi.net\/index.php\/2025\/12\/06\/cumhurbaskani-yardimcisi-yilmaz-pandemi-sonrasi-dunya-ekonomisinden-2-kat-fazla-buyuduk\/#article","isPartOf":{"@id":"https:\/\/memurunsesi.net\/index.php\/2025\/12\/06\/cumhurbaskani-yardimcisi-yilmaz-pandemi-sonrasi-dunya-ekonomisinden-2-kat-fazla-buyuduk\/"},"author":{"name":"Memurun Sesi Haber Merkezi","@id":"https:\/\/memurunsesi.net\/#\/schema\/person\/f21c2d73b89f6ee1d80b0a1803e38587"},"headline":"Cumhurba\u015fkan\u0131 Yard\u0131mc\u0131s\u0131 Y\u0131lmaz: &#8220;Pandemi sonras\u0131 d\u00fcnya ekonomisinden 2 kat fazla b\u00fcy\u00fcd\u00fck&#8221;","datePublished":"2025-12-06T06:09:23+00:00","mainEntityOfPage":{"@id":"https:\/\/memurunsesi.net\/index.php\/2025\/12\/06\/cumhurbaskani-yardimcisi-yilmaz-pandemi-sonrasi-dunya-ekonomisinden-2-kat-fazla-buyuduk\/"},"wordCount":1900,"commentCount":0,"publisher":{"@id":"https:\/\/memurunsesi.net\/#organization"},"image":{"@id":"https:\/\/memurunsesi.net\/index.php\/2025\/12\/06\/cumhurbaskani-yardimcisi-yilmaz-pandemi-sonrasi-dunya-ekonomisinden-2-kat-fazla-buyuduk\/#primaryimage"},"thumbnailUrl":"https:\/\/memurunsesi.net\/wp-content\/uploads\/2025\/12\/ekonomik.jpg","keywords":["ekonomik b\u00fcy\u00fcme"],"articleSection":["Ekonomi"],"inLanguage":"tr","potentialAction":[{"@type":"CommentAction","name":"Comment","target":["https:\/\/memurunsesi.net\/index.php\/2025\/12\/06\/cumhurbaskani-yardimcisi-yilmaz-pandemi-sonrasi-dunya-ekonomisinden-2-kat-fazla-buyuduk\/#respond"]}]},{"@type":"WebPage","@id":"https:\/\/memurunsesi.net\/index.php\/2025\/12\/06\/cumhurbaskani-yardimcisi-yilmaz-pandemi-sonrasi-dunya-ekonomisinden-2-kat-fazla-buyuduk\/","url":"https:\/\/memurunsesi.net\/index.php\/2025\/12\/06\/cumhurbaskani-yardimcisi-yilmaz-pandemi-sonrasi-dunya-ekonomisinden-2-kat-fazla-buyuduk\/","name":"Cumhurba\u015fkan\u0131 Yard\u0131mc\u0131s\u0131 Y\u0131lmaz: \"Pandemi sonras\u0131 d\u00fcnya ekonomisinden 2 kat fazla b\u00fcy\u00fcd\u00fck\" - Memurun Sesi","isPartOf":{"@id":"https:\/\/memurunsesi.net\/#website"},"primaryImageOfPage":{"@id":"https:\/\/memurunsesi.net\/index.php\/2025\/12\/06\/cumhurbaskani-yardimcisi-yilmaz-pandemi-sonrasi-dunya-ekonomisinden-2-kat-fazla-buyuduk\/#primaryimage"},"image":{"@id":"https:\/\/memurunsesi.net\/index.php\/2025\/12\/06\/cumhurbaskani-yardimcisi-yilmaz-pandemi-sonrasi-dunya-ekonomisinden-2-kat-fazla-buyuduk\/#primaryimage"},"thumbnailUrl":"https:\/\/memurunsesi.net\/wp-content\/uploads\/2025\/12\/ekonomik.jpg","datePublished":"2025-12-06T06:09:23+00:00","description":"Cumhurba\u015fkan\u0131 Yard\u0131mc\u0131s\u0131 Y\u0131lmaz: \"Pandemi sonras\u0131 d\u00fcnya ekonomisinden 2 kat fazla b\u00fcy\u00fcd\u00fck\"","breadcrumb":{"@id":"https:\/\/memurunsesi.net\/index.php\/2025\/12\/06\/cumhurbaskani-yardimcisi-yilmaz-pandemi-sonrasi-dunya-ekonomisinden-2-kat-fazla-buyuduk\/#breadcrumb"},"inLanguage":"tr","potentialAction":[{"@type":"ReadAction","target":["https:\/\/memurunsesi.net\/index.php\/2025\/12\/06\/cumhurbaskani-yardimcisi-yilmaz-pandemi-sonrasi-dunya-ekonomisinden-2-kat-fazla-buyuduk\/"]}]},{"@type":"ImageObject","inLanguage":"tr","@id":"https:\/\/memurunsesi.net\/index.php\/2025\/12\/06\/cumhurbaskani-yardimcisi-yilmaz-pandemi-sonrasi-dunya-ekonomisinden-2-kat-fazla-buyuduk\/#primaryimage","url":"https:\/\/memurunsesi.net\/wp-content\/uploads\/2025\/12\/ekonomik.jpg","contentUrl":"https:\/\/memurunsesi.net\/wp-content\/uploads\/2025\/12\/ekonomik.jpg","width":2048,"height":1366,"caption":"CUMHURBA\u015eKANI YARDIMCISI CEVDET YILMAZ, \"ENAG D\u0130YE B\u0130R YAPI VAR HAK\u0130KATEN BU KONU \u00dcZER\u0130NDE DURMAMIZ GEREKEN B\u0130R \u015eEY. METODOLOJ\u0130S\u0130 SA\u011eLAM DE\u011e\u0130L, ULUSLARARASI H\u0130\u00c7B\u0130R GE\u00c7ERL\u0130L\u0130\u011e\u0130 YOK.. 3-5 K\u0130\u015e\u0130L\u0130K B\u0130R GRUP B\u0130R TAKIM \u0130NTERNET ORTAMINDA B\u0130R \u015eEYLER TOPLAYIP TOPLUMA B\u0130R ALGI POMPALIYOR\" DED\u0130. (\u0130HA\/ANKARA-\u0130HA) Cumhurba\u015fkan\u0131 Yard\u0131mc\u0131s\u0131 Cevdet Y\u0131lmaz, d\u00fcnyan\u0131n 2003-2024 d\u00f6neminde yakla\u015f\u0131k y\u00fczde 3,5 oran\u0131nda b\u00fcy\u00fcd\u00fc\u011f\u00fcn\u00fc, T\u00fcrkiye ekonomisinin ise y\u0131ll\u0131k ortalama 5,4 b\u00fcy\u00fcme kaydetti\u011fini ifade ederek, \"Pandemi \u00f6ncesini 100 kabul ederseniz, d\u00fcnya ekonomisi son 4-5 y\u0131lda 115'e y\u00fckselmi\u015f. Yani pandemi \u00f6ncesi 100 ise d\u00fcnya ekonomisi bug\u00fcn 115 olmu\u015f durumda. T\u00fcrkiye ekonomisi ne olmu\u015f ayn\u0131 d\u00f6nemde? 100 iken 130 olmu\u015f. D\u00fcnyadaki performans\u0131n a\u015fa\u011f\u0131 yukar\u0131 iki kat\u0131n\u0131 ger\u00e7ekle\u015ftirmi\u015fiz\" dedi."},{"@type":"BreadcrumbList","@id":"https:\/\/memurunsesi.net\/index.php\/2025\/12\/06\/cumhurbaskani-yardimcisi-yilmaz-pandemi-sonrasi-dunya-ekonomisinden-2-kat-fazla-buyuduk\/#breadcrumb","itemListElement":[{"@type":"ListItem","position":1,"name":"Anasayfa","item":"https:\/\/memurunsesi.net\/"},{"@type":"ListItem","position":2,"name":"Cumhurba\u015fkan\u0131 Yard\u0131mc\u0131s\u0131 Y\u0131lmaz: &#8220;Pandemi sonras\u0131 d\u00fcnya ekonomisinden 2 kat fazla b\u00fcy\u00fcd\u00fck&#8221;"}]},{"@type":"WebSite","@id":"https:\/\/memurunsesi.net\/#website","url":"https:\/\/memurunsesi.net\/","name":"Memurun Sesi","description":"G\u00fcncel ve Do\u011fru Haber","publisher":{"@id":"https:\/\/memurunsesi.net\/#organization"},"potentialAction":[{"@type":"SearchAction","target":{"@type":"EntryPoint","urlTemplate":"https:\/\/memurunsesi.net\/?s={search_term_string}"},"query-input":{"@type":"PropertyValueSpecification","valueRequired":true,"valueName":"search_term_string"}}],"inLanguage":"tr"},{"@type":"Organization","@id":"https:\/\/memurunsesi.net\/#organization","name":"Memurun Sesi","url":"https:\/\/memurunsesi.net\/","logo":{"@type":"ImageObject","inLanguage":"tr","@id":"https:\/\/memurunsesi.net\/#\/schema\/logo\/image\/","url":"https:\/\/memurunsesi.net\/wp-content\/uploads\/2025\/11\/cropped-MEMURUN-SESI.png","contentUrl":"https:\/\/memurunsesi.net\/wp-content\/uploads\/2025\/11\/cropped-MEMURUN-SESI.png","width":238,"height":57,"caption":"Memurun Sesi"},"image":{"@id":"https:\/\/memurunsesi.net\/#\/schema\/logo\/image\/"},"sameAs":["https:\/\/www.facebook.com\/unipersen\/?locale=tr_TR","https:\/\/x.com\/unipersen"]},{"@type":"Person","@id":"https:\/\/memurunsesi.net\/#\/schema\/person\/f21c2d73b89f6ee1d80b0a1803e38587","name":"Memurun Sesi Haber Merkezi","image":{"@type":"ImageObject","inLanguage":"tr","@id":"https:\/\/secure.gravatar.com\/avatar\/6cf0505f452ee753f485014986fab09a434671d2b919ee76fc541025c5876a70?s=96&d=mm&r=g","url":"https:\/\/secure.gravatar.com\/avatar\/6cf0505f452ee753f485014986fab09a434671d2b919ee76fc541025c5876a70?s=96&d=mm&r=g","contentUrl":"https:\/\/secure.gravatar.com\/avatar\/6cf0505f452ee753f485014986fab09a434671d2b919ee76fc541025c5876a70?s=96&d=mm&r=g","caption":"Memurun Sesi Haber Merkezi"},"sameAs":["https:\/\/memurunsesi.net"],"url":"https:\/\/memurunsesi.net\/index.php\/author\/uniper\/"}]}},"_links":{"self":[{"href":"https:\/\/memurunsesi.net\/index.php\/wp-json\/wp\/v2\/posts\/14945","targetHints":{"allow":["GET"]}}],"collection":[{"href":"https:\/\/memurunsesi.net\/index.php\/wp-json\/wp\/v2\/posts"}],"about":[{"href":"https:\/\/memurunsesi.net\/index.php\/wp-json\/wp\/v2\/types\/post"}],"author":[{"embeddable":true,"href":"https:\/\/memurunsesi.net\/index.php\/wp-json\/wp\/v2\/users\/1"}],"replies":[{"embeddable":true,"href":"https:\/\/memurunsesi.net\/index.php\/wp-json\/wp\/v2\/comments?post=14945"}],"version-history":[{"count":1,"href":"https:\/\/memurunsesi.net\/index.php\/wp-json\/wp\/v2\/posts\/14945\/revisions"}],"predecessor-version":[{"id":14947,"href":"https:\/\/memurunsesi.net\/index.php\/wp-json\/wp\/v2\/posts\/14945\/revisions\/14947"}],"wp:featuredmedia":[{"embeddable":true,"href":"https:\/\/memurunsesi.net\/index.php\/wp-json\/wp\/v2\/media\/14946"}],"wp:attachment":[{"href":"https:\/\/memurunsesi.net\/index.php\/wp-json\/wp\/v2\/media?parent=14945"}],"wp:term":[{"taxonomy":"category","embeddable":true,"href":"https:\/\/memurunsesi.net\/index.php\/wp-json\/wp\/v2\/categories?post=14945"},{"taxonomy":"post_tag","embeddable":true,"href":"https:\/\/memurunsesi.net\/index.php\/wp-json\/wp\/v2\/tags?post=14945"}],"curies":[{"name":"wp","href":"https:\/\/api.w.org\/{rel}","templated":true}]}}