{"id":15410,"date":"2025-12-21T09:24:14","date_gmt":"2025-12-21T06:24:14","guid":{"rendered":"https:\/\/memurunsesi.net\/?p=15410"},"modified":"2025-12-21T09:24:14","modified_gmt":"2025-12-21T06:24:14","slug":"epilepsi-hastasi-kayip-sahis-sulama-kanalinda-olu-bulundu","status":"publish","type":"post","link":"https:\/\/memurunsesi.net\/index.php\/2025\/12\/21\/epilepsi-hastasi-kayip-sahis-sulama-kanalinda-olu-bulundu\/","title":{"rendered":"Epilepsi hastas\u0131 kay\u0131p \u015fah\u0131s sulama kanal\u0131nda \u00f6l\u00fc bulundu"},"content":{"rendered":"<p>Antalya&#8217;n\u0131n Manavgat il\u00e7esinde 18 Aral\u0131k&#8217;tan bu yana kendisinden haber al\u0131namayan epilepsi hastas\u0131 kay\u0131p \u015fah\u0131s, sulama kanal\u0131nda \u00f6l\u00fc bulundu.<br \/>\nAntalya B\u00fcy\u00fck\u015fehir Belediyesi itfaiyesi kurtarma ve Manavgat Emniyet M\u00fcd\u00fcrl\u00fc\u011f\u00fc ekipleri, Emek Mahallesi 3015 Sokak&#8217;taki sulama kanal\u0131nda bir erkek cesedi oldu\u011fu ihbar\u0131 \u00fczerine harekete ge\u00e7ti. Olay yerine gelen itfaiye ekibince kanaldan \u00e7\u0131kar\u0131lan \u015fahs\u0131n, 18 Aral\u0131k Per\u015fembe g\u00fcn\u00fc Yukar\u0131 Pazarc\u0131 Mahallesi&#8217;ndeki evlerinden ayr\u0131lan, 19 Aral\u0131k Cuma g\u00fcn\u00fc k\u0131z karde\u015finin Cumhuriyet Polis Karakolu&#8217;na kay\u0131p ba\u015fvurusunda bulundu\u011fu epilepsi hastas\u0131 ve y\u00fczde 61 engelli 54 ya\u015f\u0131ndaki Okay Dulundu&#8217;ya ait oldu\u011fu belirlendi. Dulundu&#8217;nun cenazesi olay yeri incelemelerinin ard\u0131ndan Antalya Adli T\u0131p Kurumuna g\u00f6nderildi.<\/p>\n<p>21.12.2025<\/p>\n","protected":false},"excerpt":{"rendered":"<p>Antalya&#8217;n\u0131n Manavgat il\u00e7esinde 18 Aral\u0131k&#8217;tan bu yana kendisinden haber al\u0131namayan epilepsi hastas\u0131 kay\u0131p \u015fah\u0131s, sulama kanal\u0131nda \u00f6l\u00fc bulundu. Antalya B\u00fcy\u00fck\u015fehir Belediyesi itfaiyesi kurtarma ve Manavgat Emniyet M\u00fcd\u00fcrl\u00fc\u011f\u00fc ekipleri, Emek Mahallesi 3015 Sokak&#8217;taki sulama kanal\u0131nda bir erkek cesedi oldu\u011fu ihbar\u0131 \u00fczerine harekete ge\u00e7ti. Olay yerine gelen itfaiye ekibince kanaldan \u00e7\u0131kar\u0131lan \u015fahs\u0131n, 18 Aral\u0131k Per\u015fembe g\u00fcn\u00fc Yukar\u0131 [&hellip;]<\/p>\n","protected":false},"author":1,"featured_media":15411,"comment_status":"open","ping_status":"open","sticky":false,"template":"","format":"standard","meta":{"footnotes":""},"categories":[50],"tags":[633],"class_list":["post-15410","post","type-post","status-publish","format-standard","has-post-thumbnail","hentry","category-tum-haberler","tag-adli-tip-kurumuna-gonderildi"],"yoast_head":"<!-- This site is optimized with the Yoast SEO plugin v27.4 - https:\/\/yoast.com\/product\/yoast-seo-wordpress\/ -->\n<title>Epilepsi hastas\u0131 kay\u0131p \u015fah\u0131s sulama kanal\u0131nda \u00f6l\u00fc bulundu - Memurun Sesi<\/title>\n<meta name=\"description\" content=\"Epilepsi hastas\u0131 kay\u0131p \u015fah\u0131s sulama kanal\u0131nda \u00f6l\u00fc bulundu\" \/>\n<meta name=\"robots\" content=\"index, follow, max-snippet:-1, max-image-preview:large, max-video-preview:-1\" \/>\n<link rel=\"canonical\" href=\"https:\/\/memurunsesi.net\/index.php\/2025\/12\/21\/epilepsi-hastasi-kayip-sahis-sulama-kanalinda-olu-bulundu\/\" \/>\n<meta property=\"og:locale\" content=\"tr_TR\" \/>\n<meta property=\"og:type\" content=\"article\" \/>\n<meta property=\"og:title\" content=\"Epilepsi hastas\u0131 kay\u0131p \u015fah\u0131s sulama kanal\u0131nda \u00f6l\u00fc bulundu - Memurun Sesi\" \/>\n<meta property=\"og:description\" content=\"Epilepsi hastas\u0131 kay\u0131p \u015fah\u0131s sulama kanal\u0131nda \u00f6l\u00fc bulundu\" \/>\n<meta property=\"og:url\" content=\"https:\/\/memurunsesi.net\/index.php\/2025\/12\/21\/epilepsi-hastasi-kayip-sahis-sulama-kanalinda-olu-bulundu\/\" \/>\n<meta property=\"og:site_name\" content=\"Memurun Sesi\" \/>\n<meta property=\"article:publisher\" content=\"https:\/\/www.facebook.com\/unipersen\/?locale=tr_TR\" \/>\n<meta property=\"article:published_time\" content=\"2025-12-21T06:24:14+00:00\" \/>\n<meta property=\"og:image\" content=\"https:\/\/memurunsesi.net\/wp-content\/uploads\/2025\/12\/SULAMA.jpg\" \/>\n\t<meta property=\"og:image:width\" content=\"1599\" \/>\n\t<meta property=\"og:image:height\" content=\"899\" \/>\n\t<meta property=\"og:image:type\" content=\"image\/jpeg\" \/>\n<meta name=\"author\" content=\"Memurun Sesi Haber Merkezi\" \/>\n<meta name=\"twitter:card\" content=\"summary_large_image\" \/>\n<meta name=\"twitter:creator\" content=\"@unipersen\" \/>\n<meta name=\"twitter:site\" content=\"@unipersen\" \/>\n<meta name=\"twitter:label1\" content=\"Yazan:\" \/>\n\t<meta name=\"twitter:data1\" content=\"Memurun Sesi Haber Merkezi\" \/>\n\t<meta name=\"twitter:label2\" content=\"Tahmini okuma s\u00fcresi\" \/>\n\t<meta name=\"twitter:data2\" content=\"1 dakika\" \/>\n<script type=\"application\/ld+json\" class=\"yoast-schema-graph\">{\"@context\":\"https:\\\/\\\/schema.org\",\"@graph\":[{\"@type\":\"Article\",\"@id\":\"https:\\\/\\\/memurunsesi.net\\\/index.php\\\/2025\\\/12\\\/21\\\/epilepsi-hastasi-kayip-sahis-sulama-kanalinda-olu-bulundu\\\/#article\",\"isPartOf\":{\"@id\":\"https:\\\/\\\/memurunsesi.net\\\/index.php\\\/2025\\\/12\\\/21\\\/epilepsi-hastasi-kayip-sahis-sulama-kanalinda-olu-bulundu\\\/\"},\"author\":{\"name\":\"Memurun Sesi Haber Merkezi\",\"@id\":\"https:\\\/\\\/memurunsesi.net\\\/#\\\/schema\\\/person\\\/f21c2d73b89f6ee1d80b0a1803e38587\"},\"headline\":\"Epilepsi hastas\u0131 kay\u0131p \u015fah\u0131s sulama kanal\u0131nda \u00f6l\u00fc bulundu\",\"datePublished\":\"2025-12-21T06:24:14+00:00\",\"mainEntityOfPage\":{\"@id\":\"https:\\\/\\\/memurunsesi.net\\\/index.php\\\/2025\\\/12\\\/21\\\/epilepsi-hastasi-kayip-sahis-sulama-kanalinda-olu-bulundu\\\/\"},\"wordCount\":141,\"commentCount\":0,\"publisher\":{\"@id\":\"https:\\\/\\\/memurunsesi.net\\\/#organization\"},\"image\":{\"@id\":\"https:\\\/\\\/memurunsesi.net\\\/index.php\\\/2025\\\/12\\\/21\\\/epilepsi-hastasi-kayip-sahis-sulama-kanalinda-olu-bulundu\\\/#primaryimage\"},\"thumbnailUrl\":\"https:\\\/\\\/memurunsesi.net\\\/wp-content\\\/uploads\\\/2025\\\/12\\\/SULAMA.jpg\",\"keywords\":[\"Adli T\u0131p Kurumuna g\u00f6nderildi\"],\"articleSection\":[\"T\u00fcm Haberler\"],\"inLanguage\":\"tr\",\"potentialAction\":[{\"@type\":\"CommentAction\",\"name\":\"Comment\",\"target\":[\"https:\\\/\\\/memurunsesi.net\\\/index.php\\\/2025\\\/12\\\/21\\\/epilepsi-hastasi-kayip-sahis-sulama-kanalinda-olu-bulundu\\\/#respond\"]}]},{\"@type\":\"WebPage\",\"@id\":\"https:\\\/\\\/memurunsesi.net\\\/index.php\\\/2025\\\/12\\\/21\\\/epilepsi-hastasi-kayip-sahis-sulama-kanalinda-olu-bulundu\\\/\",\"url\":\"https:\\\/\\\/memurunsesi.net\\\/index.php\\\/2025\\\/12\\\/21\\\/epilepsi-hastasi-kayip-sahis-sulama-kanalinda-olu-bulundu\\\/\",\"name\":\"Epilepsi hastas\u0131 kay\u0131p \u015fah\u0131s sulama kanal\u0131nda \u00f6l\u00fc bulundu - Memurun Sesi\",\"isPartOf\":{\"@id\":\"https:\\\/\\\/memurunsesi.net\\\/#website\"},\"primaryImageOfPage\":{\"@id\":\"https:\\\/\\\/memurunsesi.net\\\/index.php\\\/2025\\\/12\\\/21\\\/epilepsi-hastasi-kayip-sahis-sulama-kanalinda-olu-bulundu\\\/#primaryimage\"},\"image\":{\"@id\":\"https:\\\/\\\/memurunsesi.net\\\/index.php\\\/2025\\\/12\\\/21\\\/epilepsi-hastasi-kayip-sahis-sulama-kanalinda-olu-bulundu\\\/#primaryimage\"},\"thumbnailUrl\":\"https:\\\/\\\/memurunsesi.net\\\/wp-content\\\/uploads\\\/2025\\\/12\\\/SULAMA.jpg\",\"datePublished\":\"2025-12-21T06:24:14+00:00\",\"description\":\"Epilepsi hastas\u0131 kay\u0131p \u015fah\u0131s sulama kanal\u0131nda \u00f6l\u00fc bulundu\",\"breadcrumb\":{\"@id\":\"https:\\\/\\\/memurunsesi.net\\\/index.php\\\/2025\\\/12\\\/21\\\/epilepsi-hastasi-kayip-sahis-sulama-kanalinda-olu-bulundu\\\/#breadcrumb\"},\"inLanguage\":\"tr\",\"potentialAction\":[{\"@type\":\"ReadAction\",\"target\":[\"https:\\\/\\\/memurunsesi.net\\\/index.php\\\/2025\\\/12\\\/21\\\/epilepsi-hastasi-kayip-sahis-sulama-kanalinda-olu-bulundu\\\/\"]}]},{\"@type\":\"ImageObject\",\"inLanguage\":\"tr\",\"@id\":\"https:\\\/\\\/memurunsesi.net\\\/index.php\\\/2025\\\/12\\\/21\\\/epilepsi-hastasi-kayip-sahis-sulama-kanalinda-olu-bulundu\\\/#primaryimage\",\"url\":\"https:\\\/\\\/memurunsesi.net\\\/wp-content\\\/uploads\\\/2025\\\/12\\\/SULAMA.jpg\",\"contentUrl\":\"https:\\\/\\\/memurunsesi.net\\\/wp-content\\\/uploads\\\/2025\\\/12\\\/SULAMA.jpg\",\"width\":1599,\"height\":899,\"caption\":\"ANTALYA'NIN MANAVGAT \u0130L\u00c7ES\u0130NDE 18 ARALIK PER\u015eEMBE G\u00dcN\u00dcNDEN BER\u0130 KEND\u0130S\u0130NDEN HABER ALINAMAYAN OKAY DULUNDU'NUN CANSIZ BEDEN\u0130, SULAMA KANALINDA BULUNDU. (AR\u0130F KAPLAN\\\/ANTALYA-\u0130HA) Antalya'n\u0131n Manavgat il\u00e7esinde 18 Aral\u0131k'tan bu yana kendisinden haber al\u0131namayan epilepsi hastas\u0131 kay\u0131p \u015fah\u0131s, sulama kanal\u0131nda \u00f6l\u00fc bulundu.\"},{\"@type\":\"BreadcrumbList\",\"@id\":\"https:\\\/\\\/memurunsesi.net\\\/index.php\\\/2025\\\/12\\\/21\\\/epilepsi-hastasi-kayip-sahis-sulama-kanalinda-olu-bulundu\\\/#breadcrumb\",\"itemListElement\":[{\"@type\":\"ListItem\",\"position\":1,\"name\":\"Anasayfa\",\"item\":\"https:\\\/\\\/memurunsesi.net\\\/\"},{\"@type\":\"ListItem\",\"position\":2,\"name\":\"Epilepsi hastas\u0131 kay\u0131p \u015fah\u0131s sulama kanal\u0131nda \u00f6l\u00fc bulundu\"}]},{\"@type\":\"WebSite\",\"@id\":\"https:\\\/\\\/memurunsesi.net\\\/#website\",\"url\":\"https:\\\/\\\/memurunsesi.net\\\/\",\"name\":\"Memurun Sesi\",\"description\":\"G\u00fcncel ve Do\u011fru Haber\",\"publisher\":{\"@id\":\"https:\\\/\\\/memurunsesi.net\\\/#organization\"},\"potentialAction\":[{\"@type\":\"SearchAction\",\"target\":{\"@type\":\"EntryPoint\",\"urlTemplate\":\"https:\\\/\\\/memurunsesi.net\\\/?s={search_term_string}\"},\"query-input\":{\"@type\":\"PropertyValueSpecification\",\"valueRequired\":true,\"valueName\":\"search_term_string\"}}],\"inLanguage\":\"tr\"},{\"@type\":\"Organization\",\"@id\":\"https:\\\/\\\/memurunsesi.net\\\/#organization\",\"name\":\"Memurun Sesi\",\"url\":\"https:\\\/\\\/memurunsesi.net\\\/\",\"logo\":{\"@type\":\"ImageObject\",\"inLanguage\":\"tr\",\"@id\":\"https:\\\/\\\/memurunsesi.net\\\/#\\\/schema\\\/logo\\\/image\\\/\",\"url\":\"https:\\\/\\\/memurunsesi.net\\\/wp-content\\\/uploads\\\/2025\\\/11\\\/cropped-MEMURUN-SESI.png\",\"contentUrl\":\"https:\\\/\\\/memurunsesi.net\\\/wp-content\\\/uploads\\\/2025\\\/11\\\/cropped-MEMURUN-SESI.png\",\"width\":238,\"height\":57,\"caption\":\"Memurun Sesi\"},\"image\":{\"@id\":\"https:\\\/\\\/memurunsesi.net\\\/#\\\/schema\\\/logo\\\/image\\\/\"},\"sameAs\":[\"https:\\\/\\\/www.facebook.com\\\/unipersen\\\/?locale=tr_TR\",\"https:\\\/\\\/x.com\\\/unipersen\"]},{\"@type\":\"Person\",\"@id\":\"https:\\\/\\\/memurunsesi.net\\\/#\\\/schema\\\/person\\\/f21c2d73b89f6ee1d80b0a1803e38587\",\"name\":\"Memurun Sesi Haber Merkezi\",\"image\":{\"@type\":\"ImageObject\",\"inLanguage\":\"tr\",\"@id\":\"https:\\\/\\\/secure.gravatar.com\\\/avatar\\\/6cf0505f452ee753f485014986fab09a434671d2b919ee76fc541025c5876a70?s=96&d=mm&r=g\",\"url\":\"https:\\\/\\\/secure.gravatar.com\\\/avatar\\\/6cf0505f452ee753f485014986fab09a434671d2b919ee76fc541025c5876a70?s=96&d=mm&r=g\",\"contentUrl\":\"https:\\\/\\\/secure.gravatar.com\\\/avatar\\\/6cf0505f452ee753f485014986fab09a434671d2b919ee76fc541025c5876a70?s=96&d=mm&r=g\",\"caption\":\"Memurun Sesi Haber Merkezi\"},\"sameAs\":[\"https:\\\/\\\/memurunsesi.net\"],\"url\":\"https:\\\/\\\/memurunsesi.net\\\/index.php\\\/author\\\/uniper\\\/\"}]}<\/script>\n<!-- \/ Yoast SEO plugin. -->","yoast_head_json":{"title":"Epilepsi hastas\u0131 kay\u0131p \u015fah\u0131s sulama kanal\u0131nda \u00f6l\u00fc bulundu - Memurun Sesi","description":"Epilepsi hastas\u0131 kay\u0131p \u015fah\u0131s sulama kanal\u0131nda \u00f6l\u00fc bulundu","robots":{"index":"index","follow":"follow","max-snippet":"max-snippet:-1","max-image-preview":"max-image-preview:large","max-video-preview":"max-video-preview:-1"},"canonical":"https:\/\/memurunsesi.net\/index.php\/2025\/12\/21\/epilepsi-hastasi-kayip-sahis-sulama-kanalinda-olu-bulundu\/","og_locale":"tr_TR","og_type":"article","og_title":"Epilepsi hastas\u0131 kay\u0131p \u015fah\u0131s sulama kanal\u0131nda \u00f6l\u00fc bulundu - Memurun Sesi","og_description":"Epilepsi hastas\u0131 kay\u0131p \u015fah\u0131s sulama kanal\u0131nda \u00f6l\u00fc bulundu","og_url":"https:\/\/memurunsesi.net\/index.php\/2025\/12\/21\/epilepsi-hastasi-kayip-sahis-sulama-kanalinda-olu-bulundu\/","og_site_name":"Memurun Sesi","article_publisher":"https:\/\/www.facebook.com\/unipersen\/?locale=tr_TR","article_published_time":"2025-12-21T06:24:14+00:00","og_image":[{"width":1599,"height":899,"url":"https:\/\/memurunsesi.net\/wp-content\/uploads\/2025\/12\/SULAMA.jpg","type":"image\/jpeg"}],"author":"Memurun Sesi Haber Merkezi","twitter_card":"summary_large_image","twitter_creator":"@unipersen","twitter_site":"@unipersen","twitter_misc":{"Yazan:":"Memurun Sesi Haber Merkezi","Tahmini okuma s\u00fcresi":"1 dakika"},"schema":{"@context":"https:\/\/schema.org","@graph":[{"@type":"Article","@id":"https:\/\/memurunsesi.net\/index.php\/2025\/12\/21\/epilepsi-hastasi-kayip-sahis-sulama-kanalinda-olu-bulundu\/#article","isPartOf":{"@id":"https:\/\/memurunsesi.net\/index.php\/2025\/12\/21\/epilepsi-hastasi-kayip-sahis-sulama-kanalinda-olu-bulundu\/"},"author":{"name":"Memurun Sesi Haber Merkezi","@id":"https:\/\/memurunsesi.net\/#\/schema\/person\/f21c2d73b89f6ee1d80b0a1803e38587"},"headline":"Epilepsi hastas\u0131 kay\u0131p \u015fah\u0131s sulama kanal\u0131nda \u00f6l\u00fc bulundu","datePublished":"2025-12-21T06:24:14+00:00","mainEntityOfPage":{"@id":"https:\/\/memurunsesi.net\/index.php\/2025\/12\/21\/epilepsi-hastasi-kayip-sahis-sulama-kanalinda-olu-bulundu\/"},"wordCount":141,"commentCount":0,"publisher":{"@id":"https:\/\/memurunsesi.net\/#organization"},"image":{"@id":"https:\/\/memurunsesi.net\/index.php\/2025\/12\/21\/epilepsi-hastasi-kayip-sahis-sulama-kanalinda-olu-bulundu\/#primaryimage"},"thumbnailUrl":"https:\/\/memurunsesi.net\/wp-content\/uploads\/2025\/12\/SULAMA.jpg","keywords":["Adli T\u0131p Kurumuna g\u00f6nderildi"],"articleSection":["T\u00fcm Haberler"],"inLanguage":"tr","potentialAction":[{"@type":"CommentAction","name":"Comment","target":["https:\/\/memurunsesi.net\/index.php\/2025\/12\/21\/epilepsi-hastasi-kayip-sahis-sulama-kanalinda-olu-bulundu\/#respond"]}]},{"@type":"WebPage","@id":"https:\/\/memurunsesi.net\/index.php\/2025\/12\/21\/epilepsi-hastasi-kayip-sahis-sulama-kanalinda-olu-bulundu\/","url":"https:\/\/memurunsesi.net\/index.php\/2025\/12\/21\/epilepsi-hastasi-kayip-sahis-sulama-kanalinda-olu-bulundu\/","name":"Epilepsi hastas\u0131 kay\u0131p \u015fah\u0131s sulama kanal\u0131nda \u00f6l\u00fc bulundu - Memurun Sesi","isPartOf":{"@id":"https:\/\/memurunsesi.net\/#website"},"primaryImageOfPage":{"@id":"https:\/\/memurunsesi.net\/index.php\/2025\/12\/21\/epilepsi-hastasi-kayip-sahis-sulama-kanalinda-olu-bulundu\/#primaryimage"},"image":{"@id":"https:\/\/memurunsesi.net\/index.php\/2025\/12\/21\/epilepsi-hastasi-kayip-sahis-sulama-kanalinda-olu-bulundu\/#primaryimage"},"thumbnailUrl":"https:\/\/memurunsesi.net\/wp-content\/uploads\/2025\/12\/SULAMA.jpg","datePublished":"2025-12-21T06:24:14+00:00","description":"Epilepsi hastas\u0131 kay\u0131p \u015fah\u0131s sulama kanal\u0131nda \u00f6l\u00fc bulundu","breadcrumb":{"@id":"https:\/\/memurunsesi.net\/index.php\/2025\/12\/21\/epilepsi-hastasi-kayip-sahis-sulama-kanalinda-olu-bulundu\/#breadcrumb"},"inLanguage":"tr","potentialAction":[{"@type":"ReadAction","target":["https:\/\/memurunsesi.net\/index.php\/2025\/12\/21\/epilepsi-hastasi-kayip-sahis-sulama-kanalinda-olu-bulundu\/"]}]},{"@type":"ImageObject","inLanguage":"tr","@id":"https:\/\/memurunsesi.net\/index.php\/2025\/12\/21\/epilepsi-hastasi-kayip-sahis-sulama-kanalinda-olu-bulundu\/#primaryimage","url":"https:\/\/memurunsesi.net\/wp-content\/uploads\/2025\/12\/SULAMA.jpg","contentUrl":"https:\/\/memurunsesi.net\/wp-content\/uploads\/2025\/12\/SULAMA.jpg","width":1599,"height":899,"caption":"ANTALYA'NIN MANAVGAT \u0130L\u00c7ES\u0130NDE 18 ARALIK PER\u015eEMBE G\u00dcN\u00dcNDEN BER\u0130 KEND\u0130S\u0130NDEN HABER ALINAMAYAN OKAY DULUNDU'NUN CANSIZ BEDEN\u0130, SULAMA KANALINDA BULUNDU. (AR\u0130F KAPLAN\/ANTALYA-\u0130HA) Antalya'n\u0131n Manavgat il\u00e7esinde 18 Aral\u0131k'tan bu yana kendisinden haber al\u0131namayan epilepsi hastas\u0131 kay\u0131p \u015fah\u0131s, sulama kanal\u0131nda \u00f6l\u00fc bulundu."},{"@type":"BreadcrumbList","@id":"https:\/\/memurunsesi.net\/index.php\/2025\/12\/21\/epilepsi-hastasi-kayip-sahis-sulama-kanalinda-olu-bulundu\/#breadcrumb","itemListElement":[{"@type":"ListItem","position":1,"name":"Anasayfa","item":"https:\/\/memurunsesi.net\/"},{"@type":"ListItem","position":2,"name":"Epilepsi hastas\u0131 kay\u0131p \u015fah\u0131s sulama kanal\u0131nda \u00f6l\u00fc bulundu"}]},{"@type":"WebSite","@id":"https:\/\/memurunsesi.net\/#website","url":"https:\/\/memurunsesi.net\/","name":"Memurun Sesi","description":"G\u00fcncel ve Do\u011fru Haber","publisher":{"@id":"https:\/\/memurunsesi.net\/#organization"},"potentialAction":[{"@type":"SearchAction","target":{"@type":"EntryPoint","urlTemplate":"https:\/\/memurunsesi.net\/?s={search_term_string}"},"query-input":{"@type":"PropertyValueSpecification","valueRequired":true,"valueName":"search_term_string"}}],"inLanguage":"tr"},{"@type":"Organization","@id":"https:\/\/memurunsesi.net\/#organization","name":"Memurun Sesi","url":"https:\/\/memurunsesi.net\/","logo":{"@type":"ImageObject","inLanguage":"tr","@id":"https:\/\/memurunsesi.net\/#\/schema\/logo\/image\/","url":"https:\/\/memurunsesi.net\/wp-content\/uploads\/2025\/11\/cropped-MEMURUN-SESI.png","contentUrl":"https:\/\/memurunsesi.net\/wp-content\/uploads\/2025\/11\/cropped-MEMURUN-SESI.png","width":238,"height":57,"caption":"Memurun Sesi"},"image":{"@id":"https:\/\/memurunsesi.net\/#\/schema\/logo\/image\/"},"sameAs":["https:\/\/www.facebook.com\/unipersen\/?locale=tr_TR","https:\/\/x.com\/unipersen"]},{"@type":"Person","@id":"https:\/\/memurunsesi.net\/#\/schema\/person\/f21c2d73b89f6ee1d80b0a1803e38587","name":"Memurun Sesi Haber Merkezi","image":{"@type":"ImageObject","inLanguage":"tr","@id":"https:\/\/secure.gravatar.com\/avatar\/6cf0505f452ee753f485014986fab09a434671d2b919ee76fc541025c5876a70?s=96&d=mm&r=g","url":"https:\/\/secure.gravatar.com\/avatar\/6cf0505f452ee753f485014986fab09a434671d2b919ee76fc541025c5876a70?s=96&d=mm&r=g","contentUrl":"https:\/\/secure.gravatar.com\/avatar\/6cf0505f452ee753f485014986fab09a434671d2b919ee76fc541025c5876a70?s=96&d=mm&r=g","caption":"Memurun Sesi Haber Merkezi"},"sameAs":["https:\/\/memurunsesi.net"],"url":"https:\/\/memurunsesi.net\/index.php\/author\/uniper\/"}]}},"_links":{"self":[{"href":"https:\/\/memurunsesi.net\/index.php\/wp-json\/wp\/v2\/posts\/15410","targetHints":{"allow":["GET"]}}],"collection":[{"href":"https:\/\/memurunsesi.net\/index.php\/wp-json\/wp\/v2\/posts"}],"about":[{"href":"https:\/\/memurunsesi.net\/index.php\/wp-json\/wp\/v2\/types\/post"}],"author":[{"embeddable":true,"href":"https:\/\/memurunsesi.net\/index.php\/wp-json\/wp\/v2\/users\/1"}],"replies":[{"embeddable":true,"href":"https:\/\/memurunsesi.net\/index.php\/wp-json\/wp\/v2\/comments?post=15410"}],"version-history":[{"count":1,"href":"https:\/\/memurunsesi.net\/index.php\/wp-json\/wp\/v2\/posts\/15410\/revisions"}],"predecessor-version":[{"id":15412,"href":"https:\/\/memurunsesi.net\/index.php\/wp-json\/wp\/v2\/posts\/15410\/revisions\/15412"}],"wp:featuredmedia":[{"embeddable":true,"href":"https:\/\/memurunsesi.net\/index.php\/wp-json\/wp\/v2\/media\/15411"}],"wp:attachment":[{"href":"https:\/\/memurunsesi.net\/index.php\/wp-json\/wp\/v2\/media?parent=15410"}],"wp:term":[{"taxonomy":"category","embeddable":true,"href":"https:\/\/memurunsesi.net\/index.php\/wp-json\/wp\/v2\/categories?post=15410"},{"taxonomy":"post_tag","embeddable":true,"href":"https:\/\/memurunsesi.net\/index.php\/wp-json\/wp\/v2\/tags?post=15410"}],"curies":[{"name":"wp","href":"https:\/\/api.w.org\/{rel}","templated":true}]}}