{"id":15413,"date":"2025-12-21T09:25:52","date_gmt":"2025-12-21T06:25:52","guid":{"rendered":"https:\/\/memurunsesi.net\/?p=15413"},"modified":"2025-12-21T09:25:52","modified_gmt":"2025-12-21T06:25:52","slug":"kristal-karin-merkezi-sarikamista-sezon-coskusu-pistler-civil-civil","status":"publish","type":"post","link":"https:\/\/memurunsesi.net\/index.php\/2025\/12\/21\/kristal-karin-merkezi-sarikamista-sezon-coskusu-pistler-civil-civil\/","title":{"rendered":"Kristal kar\u0131n merkezi Sar\u0131kam\u0131\u015f&#8217;ta sezon co\u015fkusu: Pistler c\u0131v\u0131l c\u0131v\u0131l"},"content":{"rendered":"<p>T\u00fcrkiye&#8217;nin \u00f6nemli k\u0131\u015f turizm merkezlerinden biri olan Sar\u0131kam\u0131\u015f Kayak Merkezi, k\u0131\u015f sezonunun en hareketli g\u00fcnlerini ya\u015f\u0131yor. D\u00fcnyada sadece Alpler&#8217;e mahsus olan &#8220;kristal kar&#8221; yap\u0131s\u0131yla bilinen merkez yerli ve yabanc\u0131 turistlerin ak\u0131n\u0131na u\u011fruyor.<br \/>\nKar kal\u0131nl\u0131\u011f\u0131n\u0131n 70 santimi ge\u00e7ti\u011fi Sar\u0131kam\u0131\u015f Kayak Merkezi&#8217;ne gelen kayakseverler sar\u0131\u00e7am ormanlar\u0131nda kayak yapman\u0131n tad\u0131n\u0131 \u00e7\u0131kar\u0131yor. G\u00fcne\u015fin par\u0131lt\u0131s\u0131yla elmas gibi \u0131\u015f\u0131ldayan karlar\u0131n \u00fczerinde kayman\u0131n tad\u0131n\u0131 \u00e7\u0131karan tatilciler, 2 bin 634 rak\u0131ml\u0131 zirveden a\u015fa\u011f\u0131ya s\u00fcz\u00fcl\u00fcrken e\u015fsiz manzaran\u0131n keyfini s\u00fcr\u00fcyor. Sar\u0131\u00e7am ormanlar\u0131yla \u00e7evrili oldu\u011fu i\u00e7in r\u00fczgar almayan ve \u00e7\u0131\u011f tehlikesi bulunmayan g\u00fcvenli pistler, her seviyeden kayak\u00e7\u0131yla dolup ta\u015f\u0131yor.<br \/>\nYo\u011funlu\u011fun zirve yapt\u0131\u011f\u0131 merkezde \u00e7ocuklar k\u0131zak pistlerinde e\u011flenirken, profesyonel kayak\u00e7\u0131lar dik pistlerde h\u0131z\u0131n tad\u0131n\u0131 \u00e7\u0131kar\u0131yor. Yeni ba\u015flayanlar ise e\u011fitmenler e\u015fli\u011finde ilk dengelerini kurmaya \u00e7al\u0131\u015f\u0131yor. Telesiyej \u00f6nlerinde olu\u015fan renkli kuyruklar ve kafeteryalardan y\u00fckselen m\u00fczik sesleri, merkezin enerjisini ikiye katl\u0131yor.<\/p>\n<p>&#8220;\u00c7ocu\u011funuzu da al\u0131n gelin&#8221;<br \/>\n\u00c7ocu\u011fuyla birlikte Sar\u0131kam\u0131\u015f&#8217;a gelen Sefa Yurt, &#8220;Bug\u00fcn Sar\u0131kam\u0131\u015f&#8217;a geldik, harika bir iklim var. \u00d6zellikle bu s\u0131cak havada b\u00f6ylesine kar\u0131n olmas\u0131 \u00e7ok g\u00fczel, \u00f6zellikle kayak yapanlar i\u00e7in tavsiye edece\u011fimiz bir durum, snowboard ve kayakta iyi bir pistte kayak yapabilirsiniz. \u00c7ocu\u011funuzu da al\u0131n gelin&#8221; dedi.<br \/>\nSar\u0131kam\u0131\u015f&#8217;ta pistlerin \u00e7ok g\u00fczel oldu\u011funu ifade eden \u00c7ilem G\u00fcz ise, &#8220;Bekledi\u011fimden biraz fazla kar var, sezon a\u00e7\u0131l\u0131\u015f\u0131 i\u00e7in \u00f6zellikle Karanl\u0131k dere taraflar\u0131n\u0131 \u00e7ok be\u011fendim. \u0130ki pist de \u00e7ok g\u00fczeldi. \u0130lerleyen zamanlarda zemin oturacakt\u0131r. Bir s\u0131k\u0131nt\u0131m\u0131z var ama kime ula\u015faca\u011f\u0131m\u0131z\u0131 bilmiyorum. \u00d6zellikle ba\u015fka \u015fehirlerden gelenler beni anlayacakt\u0131r. Hafta sonu geldi\u011fimizde pazar u\u00e7u\u015fu yok ak\u015fam, pazar da kay\u0131p direkt d\u00f6nmek istiyoruz. Ba\u015fka t\u00fcrl\u00fc kom\u015fu \u015fehirlere ge\u00e7mek zorunda kal\u0131yoruz. Onun d\u0131\u015f\u0131nda her \u015fey \u00e7ok g\u00fczel&#8221; diye konu\u015ftu.<\/p>\n<p>21.12.2025<\/p>\n","protected":false},"excerpt":{"rendered":"<p>T\u00fcrkiye&#8217;nin \u00f6nemli k\u0131\u015f turizm merkezlerinden biri olan Sar\u0131kam\u0131\u015f Kayak Merkezi, k\u0131\u015f sezonunun en hareketli g\u00fcnlerini ya\u015f\u0131yor. D\u00fcnyada sadece Alpler&#8217;e mahsus olan &#8220;kristal kar&#8221; yap\u0131s\u0131yla bilinen merkez yerli ve yabanc\u0131 turistlerin ak\u0131n\u0131na u\u011fruyor. Kar kal\u0131nl\u0131\u011f\u0131n\u0131n 70 santimi ge\u00e7ti\u011fi Sar\u0131kam\u0131\u015f Kayak Merkezi&#8217;ne gelen kayakseverler sar\u0131\u00e7am ormanlar\u0131nda kayak yapman\u0131n tad\u0131n\u0131 \u00e7\u0131kar\u0131yor. G\u00fcne\u015fin par\u0131lt\u0131s\u0131yla elmas gibi \u0131\u015f\u0131ldayan karlar\u0131n \u00fczerinde [&hellip;]<\/p>\n","protected":false},"author":1,"featured_media":15414,"comment_status":"open","ping_status":"open","sticky":false,"template":"","format":"standard","meta":{"footnotes":""},"categories":[45],"tags":[634],"class_list":["post-15413","post","type-post","status-publish","format-standard","has-post-thumbnail","hentry","category-gundem","tag-pistler-civil-civil"],"yoast_head":"<!-- This site is optimized with the Yoast SEO plugin v27.4 - https:\/\/yoast.com\/product\/yoast-seo-wordpress\/ -->\n<title>Kristal kar\u0131n merkezi Sar\u0131kam\u0131\u015f&#039;ta sezon co\u015fkusu: Pistler c\u0131v\u0131l c\u0131v\u0131l - Memurun Sesi<\/title>\n<meta name=\"description\" content=\"Kristal kar\u0131n merkezi Sar\u0131kam\u0131\u015f&#039;ta sezon co\u015fkusu: Pistler c\u0131v\u0131l c\u0131v\u0131l\" \/>\n<meta name=\"robots\" content=\"index, follow, max-snippet:-1, max-image-preview:large, max-video-preview:-1\" \/>\n<link rel=\"canonical\" href=\"https:\/\/memurunsesi.net\/index.php\/2025\/12\/21\/kristal-karin-merkezi-sarikamista-sezon-coskusu-pistler-civil-civil\/\" \/>\n<meta property=\"og:locale\" content=\"tr_TR\" \/>\n<meta property=\"og:type\" content=\"article\" \/>\n<meta property=\"og:title\" content=\"Kristal kar\u0131n merkezi Sar\u0131kam\u0131\u015f&#039;ta sezon co\u015fkusu: Pistler c\u0131v\u0131l c\u0131v\u0131l - Memurun Sesi\" \/>\n<meta property=\"og:description\" content=\"Kristal kar\u0131n merkezi Sar\u0131kam\u0131\u015f&#039;ta sezon co\u015fkusu: Pistler c\u0131v\u0131l c\u0131v\u0131l\" \/>\n<meta property=\"og:url\" content=\"https:\/\/memurunsesi.net\/index.php\/2025\/12\/21\/kristal-karin-merkezi-sarikamista-sezon-coskusu-pistler-civil-civil\/\" \/>\n<meta property=\"og:site_name\" content=\"Memurun Sesi\" \/>\n<meta property=\"article:publisher\" content=\"https:\/\/www.facebook.com\/unipersen\/?locale=tr_TR\" \/>\n<meta property=\"article:published_time\" content=\"2025-12-21T06:25:52+00:00\" \/>\n<meta property=\"og:image\" content=\"https:\/\/memurunsesi.net\/wp-content\/uploads\/2025\/12\/Pistler-civil-civil.jpg\" \/>\n\t<meta property=\"og:image:width\" content=\"1207\" \/>\n\t<meta property=\"og:image:height\" content=\"669\" \/>\n\t<meta property=\"og:image:type\" content=\"image\/jpeg\" \/>\n<meta name=\"author\" content=\"Memurun Sesi Haber Merkezi\" \/>\n<meta name=\"twitter:card\" content=\"summary_large_image\" \/>\n<meta name=\"twitter:creator\" content=\"@unipersen\" \/>\n<meta name=\"twitter:site\" content=\"@unipersen\" \/>\n<meta name=\"twitter:label1\" content=\"Yazan:\" \/>\n\t<meta name=\"twitter:data1\" content=\"Memurun Sesi Haber Merkezi\" \/>\n\t<meta name=\"twitter:label2\" content=\"Tahmini okuma s\u00fcresi\" \/>\n\t<meta name=\"twitter:data2\" content=\"2 dakika\" \/>\n<script type=\"application\/ld+json\" class=\"yoast-schema-graph\">{\"@context\":\"https:\\\/\\\/schema.org\",\"@graph\":[{\"@type\":\"Article\",\"@id\":\"https:\\\/\\\/memurunsesi.net\\\/index.php\\\/2025\\\/12\\\/21\\\/kristal-karin-merkezi-sarikamista-sezon-coskusu-pistler-civil-civil\\\/#article\",\"isPartOf\":{\"@id\":\"https:\\\/\\\/memurunsesi.net\\\/index.php\\\/2025\\\/12\\\/21\\\/kristal-karin-merkezi-sarikamista-sezon-coskusu-pistler-civil-civil\\\/\"},\"author\":{\"name\":\"Memurun Sesi Haber Merkezi\",\"@id\":\"https:\\\/\\\/memurunsesi.net\\\/#\\\/schema\\\/person\\\/f21c2d73b89f6ee1d80b0a1803e38587\"},\"headline\":\"Kristal kar\u0131n merkezi Sar\u0131kam\u0131\u015f&#8217;ta sezon co\u015fkusu: Pistler c\u0131v\u0131l c\u0131v\u0131l\",\"datePublished\":\"2025-12-21T06:25:52+00:00\",\"mainEntityOfPage\":{\"@id\":\"https:\\\/\\\/memurunsesi.net\\\/index.php\\\/2025\\\/12\\\/21\\\/kristal-karin-merkezi-sarikamista-sezon-coskusu-pistler-civil-civil\\\/\"},\"wordCount\":380,\"commentCount\":0,\"publisher\":{\"@id\":\"https:\\\/\\\/memurunsesi.net\\\/#organization\"},\"image\":{\"@id\":\"https:\\\/\\\/memurunsesi.net\\\/index.php\\\/2025\\\/12\\\/21\\\/kristal-karin-merkezi-sarikamista-sezon-coskusu-pistler-civil-civil\\\/#primaryimage\"},\"thumbnailUrl\":\"https:\\\/\\\/memurunsesi.net\\\/wp-content\\\/uploads\\\/2025\\\/12\\\/Pistler-civil-civil.jpg\",\"keywords\":[\"Pistler c\u0131v\u0131l c\u0131v\u0131l\"],\"articleSection\":[\"G\u00fcndem\"],\"inLanguage\":\"tr\",\"potentialAction\":[{\"@type\":\"CommentAction\",\"name\":\"Comment\",\"target\":[\"https:\\\/\\\/memurunsesi.net\\\/index.php\\\/2025\\\/12\\\/21\\\/kristal-karin-merkezi-sarikamista-sezon-coskusu-pistler-civil-civil\\\/#respond\"]}]},{\"@type\":\"WebPage\",\"@id\":\"https:\\\/\\\/memurunsesi.net\\\/index.php\\\/2025\\\/12\\\/21\\\/kristal-karin-merkezi-sarikamista-sezon-coskusu-pistler-civil-civil\\\/\",\"url\":\"https:\\\/\\\/memurunsesi.net\\\/index.php\\\/2025\\\/12\\\/21\\\/kristal-karin-merkezi-sarikamista-sezon-coskusu-pistler-civil-civil\\\/\",\"name\":\"Kristal kar\u0131n merkezi Sar\u0131kam\u0131\u015f'ta sezon co\u015fkusu: Pistler c\u0131v\u0131l c\u0131v\u0131l - Memurun Sesi\",\"isPartOf\":{\"@id\":\"https:\\\/\\\/memurunsesi.net\\\/#website\"},\"primaryImageOfPage\":{\"@id\":\"https:\\\/\\\/memurunsesi.net\\\/index.php\\\/2025\\\/12\\\/21\\\/kristal-karin-merkezi-sarikamista-sezon-coskusu-pistler-civil-civil\\\/#primaryimage\"},\"image\":{\"@id\":\"https:\\\/\\\/memurunsesi.net\\\/index.php\\\/2025\\\/12\\\/21\\\/kristal-karin-merkezi-sarikamista-sezon-coskusu-pistler-civil-civil\\\/#primaryimage\"},\"thumbnailUrl\":\"https:\\\/\\\/memurunsesi.net\\\/wp-content\\\/uploads\\\/2025\\\/12\\\/Pistler-civil-civil.jpg\",\"datePublished\":\"2025-12-21T06:25:52+00:00\",\"description\":\"Kristal kar\u0131n merkezi Sar\u0131kam\u0131\u015f'ta sezon co\u015fkusu: Pistler c\u0131v\u0131l c\u0131v\u0131l\",\"breadcrumb\":{\"@id\":\"https:\\\/\\\/memurunsesi.net\\\/index.php\\\/2025\\\/12\\\/21\\\/kristal-karin-merkezi-sarikamista-sezon-coskusu-pistler-civil-civil\\\/#breadcrumb\"},\"inLanguage\":\"tr\",\"potentialAction\":[{\"@type\":\"ReadAction\",\"target\":[\"https:\\\/\\\/memurunsesi.net\\\/index.php\\\/2025\\\/12\\\/21\\\/kristal-karin-merkezi-sarikamista-sezon-coskusu-pistler-civil-civil\\\/\"]}]},{\"@type\":\"ImageObject\",\"inLanguage\":\"tr\",\"@id\":\"https:\\\/\\\/memurunsesi.net\\\/index.php\\\/2025\\\/12\\\/21\\\/kristal-karin-merkezi-sarikamista-sezon-coskusu-pistler-civil-civil\\\/#primaryimage\",\"url\":\"https:\\\/\\\/memurunsesi.net\\\/wp-content\\\/uploads\\\/2025\\\/12\\\/Pistler-civil-civil.jpg\",\"contentUrl\":\"https:\\\/\\\/memurunsesi.net\\\/wp-content\\\/uploads\\\/2025\\\/12\\\/Pistler-civil-civil.jpg\",\"width\":1207,\"height\":669,\"caption\":\"KR\u0130STAL KARIN MERKEZ\u0130 SARIKAMI\u015e'TA SEZON CO\u015eKUSU: P\u0130STLER CIVIL CIVIL(KARS-\u0130HA) (MUHAMMET SEFA \u00c7ET\u0130NKAYA\\\/KARS-\u0130HA) T\u00fcrkiye'nin \u00f6nemli k\u0131\u015f turizm merkezlerinden biri olan Sar\u0131kam\u0131\u015f Kayak Merkezi, k\u0131\u015f sezonunun en hareketli g\u00fcnlerini ya\u015f\u0131yor. D\u00fcnyada sadece Alpler'e mahsus olan \\\"kristal kar\\\" yap\u0131s\u0131yla bilinen merkez yerli ve yabanc\u0131 turistlerin ak\u0131n\u0131na u\u011fruyor.\"},{\"@type\":\"BreadcrumbList\",\"@id\":\"https:\\\/\\\/memurunsesi.net\\\/index.php\\\/2025\\\/12\\\/21\\\/kristal-karin-merkezi-sarikamista-sezon-coskusu-pistler-civil-civil\\\/#breadcrumb\",\"itemListElement\":[{\"@type\":\"ListItem\",\"position\":1,\"name\":\"Anasayfa\",\"item\":\"https:\\\/\\\/memurunsesi.net\\\/\"},{\"@type\":\"ListItem\",\"position\":2,\"name\":\"Kristal kar\u0131n merkezi Sar\u0131kam\u0131\u015f&#8217;ta sezon co\u015fkusu: Pistler c\u0131v\u0131l c\u0131v\u0131l\"}]},{\"@type\":\"WebSite\",\"@id\":\"https:\\\/\\\/memurunsesi.net\\\/#website\",\"url\":\"https:\\\/\\\/memurunsesi.net\\\/\",\"name\":\"Memurun Sesi\",\"description\":\"G\u00fcncel ve Do\u011fru Haber\",\"publisher\":{\"@id\":\"https:\\\/\\\/memurunsesi.net\\\/#organization\"},\"potentialAction\":[{\"@type\":\"SearchAction\",\"target\":{\"@type\":\"EntryPoint\",\"urlTemplate\":\"https:\\\/\\\/memurunsesi.net\\\/?s={search_term_string}\"},\"query-input\":{\"@type\":\"PropertyValueSpecification\",\"valueRequired\":true,\"valueName\":\"search_term_string\"}}],\"inLanguage\":\"tr\"},{\"@type\":\"Organization\",\"@id\":\"https:\\\/\\\/memurunsesi.net\\\/#organization\",\"name\":\"Memurun Sesi\",\"url\":\"https:\\\/\\\/memurunsesi.net\\\/\",\"logo\":{\"@type\":\"ImageObject\",\"inLanguage\":\"tr\",\"@id\":\"https:\\\/\\\/memurunsesi.net\\\/#\\\/schema\\\/logo\\\/image\\\/\",\"url\":\"https:\\\/\\\/memurunsesi.net\\\/wp-content\\\/uploads\\\/2025\\\/11\\\/cropped-MEMURUN-SESI.png\",\"contentUrl\":\"https:\\\/\\\/memurunsesi.net\\\/wp-content\\\/uploads\\\/2025\\\/11\\\/cropped-MEMURUN-SESI.png\",\"width\":238,\"height\":57,\"caption\":\"Memurun Sesi\"},\"image\":{\"@id\":\"https:\\\/\\\/memurunsesi.net\\\/#\\\/schema\\\/logo\\\/image\\\/\"},\"sameAs\":[\"https:\\\/\\\/www.facebook.com\\\/unipersen\\\/?locale=tr_TR\",\"https:\\\/\\\/x.com\\\/unipersen\"]},{\"@type\":\"Person\",\"@id\":\"https:\\\/\\\/memurunsesi.net\\\/#\\\/schema\\\/person\\\/f21c2d73b89f6ee1d80b0a1803e38587\",\"name\":\"Memurun Sesi Haber Merkezi\",\"image\":{\"@type\":\"ImageObject\",\"inLanguage\":\"tr\",\"@id\":\"https:\\\/\\\/secure.gravatar.com\\\/avatar\\\/6cf0505f452ee753f485014986fab09a434671d2b919ee76fc541025c5876a70?s=96&d=mm&r=g\",\"url\":\"https:\\\/\\\/secure.gravatar.com\\\/avatar\\\/6cf0505f452ee753f485014986fab09a434671d2b919ee76fc541025c5876a70?s=96&d=mm&r=g\",\"contentUrl\":\"https:\\\/\\\/secure.gravatar.com\\\/avatar\\\/6cf0505f452ee753f485014986fab09a434671d2b919ee76fc541025c5876a70?s=96&d=mm&r=g\",\"caption\":\"Memurun Sesi Haber Merkezi\"},\"sameAs\":[\"https:\\\/\\\/memurunsesi.net\"],\"url\":\"https:\\\/\\\/memurunsesi.net\\\/index.php\\\/author\\\/uniper\\\/\"}]}<\/script>\n<!-- \/ Yoast SEO plugin. -->","yoast_head_json":{"title":"Kristal kar\u0131n merkezi Sar\u0131kam\u0131\u015f'ta sezon co\u015fkusu: Pistler c\u0131v\u0131l c\u0131v\u0131l - Memurun Sesi","description":"Kristal kar\u0131n merkezi Sar\u0131kam\u0131\u015f'ta sezon co\u015fkusu: Pistler c\u0131v\u0131l c\u0131v\u0131l","robots":{"index":"index","follow":"follow","max-snippet":"max-snippet:-1","max-image-preview":"max-image-preview:large","max-video-preview":"max-video-preview:-1"},"canonical":"https:\/\/memurunsesi.net\/index.php\/2025\/12\/21\/kristal-karin-merkezi-sarikamista-sezon-coskusu-pistler-civil-civil\/","og_locale":"tr_TR","og_type":"article","og_title":"Kristal kar\u0131n merkezi Sar\u0131kam\u0131\u015f'ta sezon co\u015fkusu: Pistler c\u0131v\u0131l c\u0131v\u0131l - Memurun Sesi","og_description":"Kristal kar\u0131n merkezi Sar\u0131kam\u0131\u015f'ta sezon co\u015fkusu: Pistler c\u0131v\u0131l c\u0131v\u0131l","og_url":"https:\/\/memurunsesi.net\/index.php\/2025\/12\/21\/kristal-karin-merkezi-sarikamista-sezon-coskusu-pistler-civil-civil\/","og_site_name":"Memurun Sesi","article_publisher":"https:\/\/www.facebook.com\/unipersen\/?locale=tr_TR","article_published_time":"2025-12-21T06:25:52+00:00","og_image":[{"width":1207,"height":669,"url":"https:\/\/memurunsesi.net\/wp-content\/uploads\/2025\/12\/Pistler-civil-civil.jpg","type":"image\/jpeg"}],"author":"Memurun Sesi Haber Merkezi","twitter_card":"summary_large_image","twitter_creator":"@unipersen","twitter_site":"@unipersen","twitter_misc":{"Yazan:":"Memurun Sesi Haber Merkezi","Tahmini okuma s\u00fcresi":"2 dakika"},"schema":{"@context":"https:\/\/schema.org","@graph":[{"@type":"Article","@id":"https:\/\/memurunsesi.net\/index.php\/2025\/12\/21\/kristal-karin-merkezi-sarikamista-sezon-coskusu-pistler-civil-civil\/#article","isPartOf":{"@id":"https:\/\/memurunsesi.net\/index.php\/2025\/12\/21\/kristal-karin-merkezi-sarikamista-sezon-coskusu-pistler-civil-civil\/"},"author":{"name":"Memurun Sesi Haber Merkezi","@id":"https:\/\/memurunsesi.net\/#\/schema\/person\/f21c2d73b89f6ee1d80b0a1803e38587"},"headline":"Kristal kar\u0131n merkezi Sar\u0131kam\u0131\u015f&#8217;ta sezon co\u015fkusu: Pistler c\u0131v\u0131l c\u0131v\u0131l","datePublished":"2025-12-21T06:25:52+00:00","mainEntityOfPage":{"@id":"https:\/\/memurunsesi.net\/index.php\/2025\/12\/21\/kristal-karin-merkezi-sarikamista-sezon-coskusu-pistler-civil-civil\/"},"wordCount":380,"commentCount":0,"publisher":{"@id":"https:\/\/memurunsesi.net\/#organization"},"image":{"@id":"https:\/\/memurunsesi.net\/index.php\/2025\/12\/21\/kristal-karin-merkezi-sarikamista-sezon-coskusu-pistler-civil-civil\/#primaryimage"},"thumbnailUrl":"https:\/\/memurunsesi.net\/wp-content\/uploads\/2025\/12\/Pistler-civil-civil.jpg","keywords":["Pistler c\u0131v\u0131l c\u0131v\u0131l"],"articleSection":["G\u00fcndem"],"inLanguage":"tr","potentialAction":[{"@type":"CommentAction","name":"Comment","target":["https:\/\/memurunsesi.net\/index.php\/2025\/12\/21\/kristal-karin-merkezi-sarikamista-sezon-coskusu-pistler-civil-civil\/#respond"]}]},{"@type":"WebPage","@id":"https:\/\/memurunsesi.net\/index.php\/2025\/12\/21\/kristal-karin-merkezi-sarikamista-sezon-coskusu-pistler-civil-civil\/","url":"https:\/\/memurunsesi.net\/index.php\/2025\/12\/21\/kristal-karin-merkezi-sarikamista-sezon-coskusu-pistler-civil-civil\/","name":"Kristal kar\u0131n merkezi Sar\u0131kam\u0131\u015f'ta sezon co\u015fkusu: Pistler c\u0131v\u0131l c\u0131v\u0131l - Memurun Sesi","isPartOf":{"@id":"https:\/\/memurunsesi.net\/#website"},"primaryImageOfPage":{"@id":"https:\/\/memurunsesi.net\/index.php\/2025\/12\/21\/kristal-karin-merkezi-sarikamista-sezon-coskusu-pistler-civil-civil\/#primaryimage"},"image":{"@id":"https:\/\/memurunsesi.net\/index.php\/2025\/12\/21\/kristal-karin-merkezi-sarikamista-sezon-coskusu-pistler-civil-civil\/#primaryimage"},"thumbnailUrl":"https:\/\/memurunsesi.net\/wp-content\/uploads\/2025\/12\/Pistler-civil-civil.jpg","datePublished":"2025-12-21T06:25:52+00:00","description":"Kristal kar\u0131n merkezi Sar\u0131kam\u0131\u015f'ta sezon co\u015fkusu: Pistler c\u0131v\u0131l c\u0131v\u0131l","breadcrumb":{"@id":"https:\/\/memurunsesi.net\/index.php\/2025\/12\/21\/kristal-karin-merkezi-sarikamista-sezon-coskusu-pistler-civil-civil\/#breadcrumb"},"inLanguage":"tr","potentialAction":[{"@type":"ReadAction","target":["https:\/\/memurunsesi.net\/index.php\/2025\/12\/21\/kristal-karin-merkezi-sarikamista-sezon-coskusu-pistler-civil-civil\/"]}]},{"@type":"ImageObject","inLanguage":"tr","@id":"https:\/\/memurunsesi.net\/index.php\/2025\/12\/21\/kristal-karin-merkezi-sarikamista-sezon-coskusu-pistler-civil-civil\/#primaryimage","url":"https:\/\/memurunsesi.net\/wp-content\/uploads\/2025\/12\/Pistler-civil-civil.jpg","contentUrl":"https:\/\/memurunsesi.net\/wp-content\/uploads\/2025\/12\/Pistler-civil-civil.jpg","width":1207,"height":669,"caption":"KR\u0130STAL KARIN MERKEZ\u0130 SARIKAMI\u015e'TA SEZON CO\u015eKUSU: P\u0130STLER CIVIL CIVIL(KARS-\u0130HA) (MUHAMMET SEFA \u00c7ET\u0130NKAYA\/KARS-\u0130HA) T\u00fcrkiye'nin \u00f6nemli k\u0131\u015f turizm merkezlerinden biri olan Sar\u0131kam\u0131\u015f Kayak Merkezi, k\u0131\u015f sezonunun en hareketli g\u00fcnlerini ya\u015f\u0131yor. D\u00fcnyada sadece Alpler'e mahsus olan \"kristal kar\" yap\u0131s\u0131yla bilinen merkez yerli ve yabanc\u0131 turistlerin ak\u0131n\u0131na u\u011fruyor."},{"@type":"BreadcrumbList","@id":"https:\/\/memurunsesi.net\/index.php\/2025\/12\/21\/kristal-karin-merkezi-sarikamista-sezon-coskusu-pistler-civil-civil\/#breadcrumb","itemListElement":[{"@type":"ListItem","position":1,"name":"Anasayfa","item":"https:\/\/memurunsesi.net\/"},{"@type":"ListItem","position":2,"name":"Kristal kar\u0131n merkezi Sar\u0131kam\u0131\u015f&#8217;ta sezon co\u015fkusu: Pistler c\u0131v\u0131l c\u0131v\u0131l"}]},{"@type":"WebSite","@id":"https:\/\/memurunsesi.net\/#website","url":"https:\/\/memurunsesi.net\/","name":"Memurun Sesi","description":"G\u00fcncel ve Do\u011fru Haber","publisher":{"@id":"https:\/\/memurunsesi.net\/#organization"},"potentialAction":[{"@type":"SearchAction","target":{"@type":"EntryPoint","urlTemplate":"https:\/\/memurunsesi.net\/?s={search_term_string}"},"query-input":{"@type":"PropertyValueSpecification","valueRequired":true,"valueName":"search_term_string"}}],"inLanguage":"tr"},{"@type":"Organization","@id":"https:\/\/memurunsesi.net\/#organization","name":"Memurun Sesi","url":"https:\/\/memurunsesi.net\/","logo":{"@type":"ImageObject","inLanguage":"tr","@id":"https:\/\/memurunsesi.net\/#\/schema\/logo\/image\/","url":"https:\/\/memurunsesi.net\/wp-content\/uploads\/2025\/11\/cropped-MEMURUN-SESI.png","contentUrl":"https:\/\/memurunsesi.net\/wp-content\/uploads\/2025\/11\/cropped-MEMURUN-SESI.png","width":238,"height":57,"caption":"Memurun Sesi"},"image":{"@id":"https:\/\/memurunsesi.net\/#\/schema\/logo\/image\/"},"sameAs":["https:\/\/www.facebook.com\/unipersen\/?locale=tr_TR","https:\/\/x.com\/unipersen"]},{"@type":"Person","@id":"https:\/\/memurunsesi.net\/#\/schema\/person\/f21c2d73b89f6ee1d80b0a1803e38587","name":"Memurun Sesi Haber Merkezi","image":{"@type":"ImageObject","inLanguage":"tr","@id":"https:\/\/secure.gravatar.com\/avatar\/6cf0505f452ee753f485014986fab09a434671d2b919ee76fc541025c5876a70?s=96&d=mm&r=g","url":"https:\/\/secure.gravatar.com\/avatar\/6cf0505f452ee753f485014986fab09a434671d2b919ee76fc541025c5876a70?s=96&d=mm&r=g","contentUrl":"https:\/\/secure.gravatar.com\/avatar\/6cf0505f452ee753f485014986fab09a434671d2b919ee76fc541025c5876a70?s=96&d=mm&r=g","caption":"Memurun Sesi Haber Merkezi"},"sameAs":["https:\/\/memurunsesi.net"],"url":"https:\/\/memurunsesi.net\/index.php\/author\/uniper\/"}]}},"_links":{"self":[{"href":"https:\/\/memurunsesi.net\/index.php\/wp-json\/wp\/v2\/posts\/15413","targetHints":{"allow":["GET"]}}],"collection":[{"href":"https:\/\/memurunsesi.net\/index.php\/wp-json\/wp\/v2\/posts"}],"about":[{"href":"https:\/\/memurunsesi.net\/index.php\/wp-json\/wp\/v2\/types\/post"}],"author":[{"embeddable":true,"href":"https:\/\/memurunsesi.net\/index.php\/wp-json\/wp\/v2\/users\/1"}],"replies":[{"embeddable":true,"href":"https:\/\/memurunsesi.net\/index.php\/wp-json\/wp\/v2\/comments?post=15413"}],"version-history":[{"count":1,"href":"https:\/\/memurunsesi.net\/index.php\/wp-json\/wp\/v2\/posts\/15413\/revisions"}],"predecessor-version":[{"id":15415,"href":"https:\/\/memurunsesi.net\/index.php\/wp-json\/wp\/v2\/posts\/15413\/revisions\/15415"}],"wp:featuredmedia":[{"embeddable":true,"href":"https:\/\/memurunsesi.net\/index.php\/wp-json\/wp\/v2\/media\/15414"}],"wp:attachment":[{"href":"https:\/\/memurunsesi.net\/index.php\/wp-json\/wp\/v2\/media?parent=15413"}],"wp:term":[{"taxonomy":"category","embeddable":true,"href":"https:\/\/memurunsesi.net\/index.php\/wp-json\/wp\/v2\/categories?post=15413"},{"taxonomy":"post_tag","embeddable":true,"href":"https:\/\/memurunsesi.net\/index.php\/wp-json\/wp\/v2\/tags?post=15413"}],"curies":[{"name":"wp","href":"https:\/\/api.w.org\/{rel}","templated":true}]}}