{"id":15416,"date":"2025-12-21T09:29:29","date_gmt":"2025-12-21T06:29:29","guid":{"rendered":"https:\/\/memurunsesi.net\/?p=15416"},"modified":"2025-12-21T09:29:29","modified_gmt":"2025-12-21T06:29:29","slug":"adiyamanda-minibus-takla-atarak-devrildi-4-yarali","status":"publish","type":"post","link":"https:\/\/memurunsesi.net\/index.php\/2025\/12\/21\/adiyamanda-minibus-takla-atarak-devrildi-4-yarali\/","title":{"rendered":"Ad\u0131yaman\u2019da minib\u00fcs takla atarak devrildi: 4 yaral\u0131"},"content":{"rendered":"<p>Ad\u0131yaman\u2019da minib\u00fcs\u00fcn takla atarak \u015farampole devrilmesi sonucu meydana gelen kazada 4 ki\u015fi yaraland\u0131.<br \/>\nEdinilen bilgilere g\u00f6re, s\u00fcr\u00fcc\u00fcs\u00fc hen\u00fcz belirlenemeyen 02 ADM 225 plakal\u0131 minib\u00fcs, Ad\u0131yaman- Kahta Karayolu 10.kilometrede s\u00fcr\u00fcc\u00fcs\u00fcn\u00fcn direksiyon hakimiyetini kaybetmesi sonucu taklalar atarak \u015farampole devrildi.<br \/>\nMeydana gelen kazada minib\u00fcste bulunan Zeki Y,, \u0130smail A., Cerrah E. ve Ahmet \u00c7., yaraland\u0131. Yaral\u0131lar, devrilen minib\u00fcs\u00fcn i\u00e7erisinde mahsur kald\u0131. Olay yerine sa\u011fl\u0131k ekipleri, itfaiye ekipleri ve AFAD ekipleri sevk edildi. Olay yerine gelen sa\u011fl\u0131k ekipleri, k\u0131rd\u0131klar\u0131 cam i\u00e7erisinden i\u00e7eriye girerek yaral\u0131lara m\u00fcdahale ederken itfaiye ekipleri ise arac\u0131n \u00f6n cam\u0131n\u0131 keserek yaral\u0131lar\u0131 buradan d\u0131\u015far\u0131ya \u00e7\u0131kartt\u0131. Ekiplerin yo\u011fun \u00e7al\u0131\u015fmalar\u0131 sonucunda yaral\u0131lar, Ad\u0131yaman E\u011fitim ve Ara\u015ft\u0131rma Hastanesi\u2019ne kald\u0131r\u0131ld\u0131. Hastanede tedavi alt\u0131na al\u0131nan yaral\u0131lar\u0131n sa\u011fl\u0131k durumlar\u0131n\u0131n iyi oldu\u011fu \u00f6\u011frenildi<br \/>\nKazayla ilgili soru\u015fturma ba\u015flat\u0131ld\u0131.<\/p>\n<p>21.12.2025<\/p>\n","protected":false},"excerpt":{"rendered":"<p>Ad\u0131yaman\u2019da minib\u00fcs\u00fcn takla atarak \u015farampole devrilmesi sonucu meydana gelen kazada 4 ki\u015fi yaraland\u0131. Edinilen bilgilere g\u00f6re, s\u00fcr\u00fcc\u00fcs\u00fc hen\u00fcz belirlenemeyen 02 ADM 225 plakal\u0131 minib\u00fcs, Ad\u0131yaman- Kahta Karayolu 10.kilometrede s\u00fcr\u00fcc\u00fcs\u00fcn\u00fcn direksiyon hakimiyetini kaybetmesi sonucu taklalar atarak \u015farampole devrildi. Meydana gelen kazada minib\u00fcste bulunan Zeki Y,, \u0130smail A., Cerrah E. ve Ahmet \u00c7., yaraland\u0131. Yaral\u0131lar, devrilen minib\u00fcs\u00fcn [&hellip;]<\/p>\n","protected":false},"author":1,"featured_media":15417,"comment_status":"open","ping_status":"open","sticky":false,"template":"","format":"standard","meta":{"footnotes":""},"categories":[45],"tags":[635],"class_list":["post-15416","post","type-post","status-publish","format-standard","has-post-thumbnail","hentry","category-gundem","tag-minibus-takla-atarak-devrildi"],"yoast_head":"<!-- This site is optimized with the Yoast SEO plugin v27.4 - https:\/\/yoast.com\/product\/yoast-seo-wordpress\/ -->\n<title>Ad\u0131yaman\u2019da minib\u00fcs takla atarak devrildi: 4 yaral\u0131 - Memurun Sesi<\/title>\n<meta name=\"description\" content=\"Ad\u0131yaman\u2019da minib\u00fcs takla atarak devrildi: 4 yaral\u0131\" \/>\n<meta name=\"robots\" content=\"index, follow, max-snippet:-1, max-image-preview:large, max-video-preview:-1\" \/>\n<link rel=\"canonical\" href=\"https:\/\/memurunsesi.net\/index.php\/2025\/12\/21\/adiyamanda-minibus-takla-atarak-devrildi-4-yarali\/\" \/>\n<meta property=\"og:locale\" content=\"tr_TR\" \/>\n<meta property=\"og:type\" content=\"article\" \/>\n<meta property=\"og:title\" content=\"Ad\u0131yaman\u2019da minib\u00fcs takla atarak devrildi: 4 yaral\u0131 - Memurun Sesi\" \/>\n<meta property=\"og:description\" content=\"Ad\u0131yaman\u2019da minib\u00fcs takla atarak devrildi: 4 yaral\u0131\" \/>\n<meta property=\"og:url\" content=\"https:\/\/memurunsesi.net\/index.php\/2025\/12\/21\/adiyamanda-minibus-takla-atarak-devrildi-4-yarali\/\" \/>\n<meta property=\"og:site_name\" content=\"Memurun Sesi\" \/>\n<meta property=\"article:publisher\" content=\"https:\/\/www.facebook.com\/unipersen\/?locale=tr_TR\" \/>\n<meta property=\"article:published_time\" content=\"2025-12-21T06:29:29+00:00\" \/>\n<meta property=\"og:image\" content=\"https:\/\/memurunsesi.net\/wp-content\/uploads\/2025\/12\/minibus-takla-atarak-devrildi.jpg\" \/>\n\t<meta property=\"og:image:width\" content=\"1920\" \/>\n\t<meta property=\"og:image:height\" content=\"1080\" \/>\n\t<meta property=\"og:image:type\" content=\"image\/jpeg\" \/>\n<meta name=\"author\" content=\"Memurun Sesi Haber Merkezi\" \/>\n<meta name=\"twitter:card\" content=\"summary_large_image\" \/>\n<meta name=\"twitter:creator\" content=\"@unipersen\" \/>\n<meta name=\"twitter:site\" content=\"@unipersen\" \/>\n<meta name=\"twitter:label1\" content=\"Yazan:\" \/>\n\t<meta name=\"twitter:data1\" content=\"Memurun Sesi Haber Merkezi\" \/>\n\t<meta name=\"twitter:label2\" content=\"Tahmini okuma s\u00fcresi\" \/>\n\t<meta name=\"twitter:data2\" content=\"1 dakika\" \/>\n<script type=\"application\/ld+json\" class=\"yoast-schema-graph\">{\"@context\":\"https:\\\/\\\/schema.org\",\"@graph\":[{\"@type\":\"Article\",\"@id\":\"https:\\\/\\\/memurunsesi.net\\\/index.php\\\/2025\\\/12\\\/21\\\/adiyamanda-minibus-takla-atarak-devrildi-4-yarali\\\/#article\",\"isPartOf\":{\"@id\":\"https:\\\/\\\/memurunsesi.net\\\/index.php\\\/2025\\\/12\\\/21\\\/adiyamanda-minibus-takla-atarak-devrildi-4-yarali\\\/\"},\"author\":{\"name\":\"Memurun Sesi Haber Merkezi\",\"@id\":\"https:\\\/\\\/memurunsesi.net\\\/#\\\/schema\\\/person\\\/f21c2d73b89f6ee1d80b0a1803e38587\"},\"headline\":\"Ad\u0131yaman\u2019da minib\u00fcs takla atarak devrildi: 4 yaral\u0131\",\"datePublished\":\"2025-12-21T06:29:29+00:00\",\"mainEntityOfPage\":{\"@id\":\"https:\\\/\\\/memurunsesi.net\\\/index.php\\\/2025\\\/12\\\/21\\\/adiyamanda-minibus-takla-atarak-devrildi-4-yarali\\\/\"},\"wordCount\":182,\"commentCount\":0,\"publisher\":{\"@id\":\"https:\\\/\\\/memurunsesi.net\\\/#organization\"},\"image\":{\"@id\":\"https:\\\/\\\/memurunsesi.net\\\/index.php\\\/2025\\\/12\\\/21\\\/adiyamanda-minibus-takla-atarak-devrildi-4-yarali\\\/#primaryimage\"},\"thumbnailUrl\":\"https:\\\/\\\/memurunsesi.net\\\/wp-content\\\/uploads\\\/2025\\\/12\\\/minibus-takla-atarak-devrildi.jpg\",\"keywords\":[\"minib\u00fcs takla atarak devrildi\"],\"articleSection\":[\"G\u00fcndem\"],\"inLanguage\":\"tr\",\"potentialAction\":[{\"@type\":\"CommentAction\",\"name\":\"Comment\",\"target\":[\"https:\\\/\\\/memurunsesi.net\\\/index.php\\\/2025\\\/12\\\/21\\\/adiyamanda-minibus-takla-atarak-devrildi-4-yarali\\\/#respond\"]}]},{\"@type\":\"WebPage\",\"@id\":\"https:\\\/\\\/memurunsesi.net\\\/index.php\\\/2025\\\/12\\\/21\\\/adiyamanda-minibus-takla-atarak-devrildi-4-yarali\\\/\",\"url\":\"https:\\\/\\\/memurunsesi.net\\\/index.php\\\/2025\\\/12\\\/21\\\/adiyamanda-minibus-takla-atarak-devrildi-4-yarali\\\/\",\"name\":\"Ad\u0131yaman\u2019da minib\u00fcs takla atarak devrildi: 4 yaral\u0131 - Memurun Sesi\",\"isPartOf\":{\"@id\":\"https:\\\/\\\/memurunsesi.net\\\/#website\"},\"primaryImageOfPage\":{\"@id\":\"https:\\\/\\\/memurunsesi.net\\\/index.php\\\/2025\\\/12\\\/21\\\/adiyamanda-minibus-takla-atarak-devrildi-4-yarali\\\/#primaryimage\"},\"image\":{\"@id\":\"https:\\\/\\\/memurunsesi.net\\\/index.php\\\/2025\\\/12\\\/21\\\/adiyamanda-minibus-takla-atarak-devrildi-4-yarali\\\/#primaryimage\"},\"thumbnailUrl\":\"https:\\\/\\\/memurunsesi.net\\\/wp-content\\\/uploads\\\/2025\\\/12\\\/minibus-takla-atarak-devrildi.jpg\",\"datePublished\":\"2025-12-21T06:29:29+00:00\",\"description\":\"Ad\u0131yaman\u2019da minib\u00fcs takla atarak devrildi: 4 yaral\u0131\",\"breadcrumb\":{\"@id\":\"https:\\\/\\\/memurunsesi.net\\\/index.php\\\/2025\\\/12\\\/21\\\/adiyamanda-minibus-takla-atarak-devrildi-4-yarali\\\/#breadcrumb\"},\"inLanguage\":\"tr\",\"potentialAction\":[{\"@type\":\"ReadAction\",\"target\":[\"https:\\\/\\\/memurunsesi.net\\\/index.php\\\/2025\\\/12\\\/21\\\/adiyamanda-minibus-takla-atarak-devrildi-4-yarali\\\/\"]}]},{\"@type\":\"ImageObject\",\"inLanguage\":\"tr\",\"@id\":\"https:\\\/\\\/memurunsesi.net\\\/index.php\\\/2025\\\/12\\\/21\\\/adiyamanda-minibus-takla-atarak-devrildi-4-yarali\\\/#primaryimage\",\"url\":\"https:\\\/\\\/memurunsesi.net\\\/wp-content\\\/uploads\\\/2025\\\/12\\\/minibus-takla-atarak-devrildi.jpg\",\"contentUrl\":\"https:\\\/\\\/memurunsesi.net\\\/wp-content\\\/uploads\\\/2025\\\/12\\\/minibus-takla-atarak-devrildi.jpg\",\"width\":1920,\"height\":1080,\"caption\":\"ADIYAMAN'DA M\u0130N\u0130B\u00dcS\u00dcN TAKLA ATARAK \u015eARAMPOLE DEVR\u0130LMES\u0130 SONUCU MEYDANA GELEN KAZADA 4 K\u0130\u015e\u0130 YARALANDI. (C\u0130HAN K\u0130Z\u0130R\\\/ADIYAMAN-\u0130HA) Ad\u0131yaman'da minib\u00fcs\u00fcn takla atarak \u015farampole devrilmesi sonucu meydana gelen kazada 4 ki\u015fi yaraland\u0131.\"},{\"@type\":\"BreadcrumbList\",\"@id\":\"https:\\\/\\\/memurunsesi.net\\\/index.php\\\/2025\\\/12\\\/21\\\/adiyamanda-minibus-takla-atarak-devrildi-4-yarali\\\/#breadcrumb\",\"itemListElement\":[{\"@type\":\"ListItem\",\"position\":1,\"name\":\"Anasayfa\",\"item\":\"https:\\\/\\\/memurunsesi.net\\\/\"},{\"@type\":\"ListItem\",\"position\":2,\"name\":\"Ad\u0131yaman\u2019da minib\u00fcs takla atarak devrildi: 4 yaral\u0131\"}]},{\"@type\":\"WebSite\",\"@id\":\"https:\\\/\\\/memurunsesi.net\\\/#website\",\"url\":\"https:\\\/\\\/memurunsesi.net\\\/\",\"name\":\"Memurun Sesi\",\"description\":\"G\u00fcncel ve Do\u011fru Haber\",\"publisher\":{\"@id\":\"https:\\\/\\\/memurunsesi.net\\\/#organization\"},\"potentialAction\":[{\"@type\":\"SearchAction\",\"target\":{\"@type\":\"EntryPoint\",\"urlTemplate\":\"https:\\\/\\\/memurunsesi.net\\\/?s={search_term_string}\"},\"query-input\":{\"@type\":\"PropertyValueSpecification\",\"valueRequired\":true,\"valueName\":\"search_term_string\"}}],\"inLanguage\":\"tr\"},{\"@type\":\"Organization\",\"@id\":\"https:\\\/\\\/memurunsesi.net\\\/#organization\",\"name\":\"Memurun Sesi\",\"url\":\"https:\\\/\\\/memurunsesi.net\\\/\",\"logo\":{\"@type\":\"ImageObject\",\"inLanguage\":\"tr\",\"@id\":\"https:\\\/\\\/memurunsesi.net\\\/#\\\/schema\\\/logo\\\/image\\\/\",\"url\":\"https:\\\/\\\/memurunsesi.net\\\/wp-content\\\/uploads\\\/2025\\\/11\\\/cropped-MEMURUN-SESI.png\",\"contentUrl\":\"https:\\\/\\\/memurunsesi.net\\\/wp-content\\\/uploads\\\/2025\\\/11\\\/cropped-MEMURUN-SESI.png\",\"width\":238,\"height\":57,\"caption\":\"Memurun Sesi\"},\"image\":{\"@id\":\"https:\\\/\\\/memurunsesi.net\\\/#\\\/schema\\\/logo\\\/image\\\/\"},\"sameAs\":[\"https:\\\/\\\/www.facebook.com\\\/unipersen\\\/?locale=tr_TR\",\"https:\\\/\\\/x.com\\\/unipersen\"]},{\"@type\":\"Person\",\"@id\":\"https:\\\/\\\/memurunsesi.net\\\/#\\\/schema\\\/person\\\/f21c2d73b89f6ee1d80b0a1803e38587\",\"name\":\"Memurun Sesi Haber Merkezi\",\"image\":{\"@type\":\"ImageObject\",\"inLanguage\":\"tr\",\"@id\":\"https:\\\/\\\/secure.gravatar.com\\\/avatar\\\/6cf0505f452ee753f485014986fab09a434671d2b919ee76fc541025c5876a70?s=96&d=mm&r=g\",\"url\":\"https:\\\/\\\/secure.gravatar.com\\\/avatar\\\/6cf0505f452ee753f485014986fab09a434671d2b919ee76fc541025c5876a70?s=96&d=mm&r=g\",\"contentUrl\":\"https:\\\/\\\/secure.gravatar.com\\\/avatar\\\/6cf0505f452ee753f485014986fab09a434671d2b919ee76fc541025c5876a70?s=96&d=mm&r=g\",\"caption\":\"Memurun Sesi Haber Merkezi\"},\"sameAs\":[\"https:\\\/\\\/memurunsesi.net\"],\"url\":\"https:\\\/\\\/memurunsesi.net\\\/index.php\\\/author\\\/uniper\\\/\"}]}<\/script>\n<!-- \/ Yoast SEO plugin. -->","yoast_head_json":{"title":"Ad\u0131yaman\u2019da minib\u00fcs takla atarak devrildi: 4 yaral\u0131 - Memurun Sesi","description":"Ad\u0131yaman\u2019da minib\u00fcs takla atarak devrildi: 4 yaral\u0131","robots":{"index":"index","follow":"follow","max-snippet":"max-snippet:-1","max-image-preview":"max-image-preview:large","max-video-preview":"max-video-preview:-1"},"canonical":"https:\/\/memurunsesi.net\/index.php\/2025\/12\/21\/adiyamanda-minibus-takla-atarak-devrildi-4-yarali\/","og_locale":"tr_TR","og_type":"article","og_title":"Ad\u0131yaman\u2019da minib\u00fcs takla atarak devrildi: 4 yaral\u0131 - Memurun Sesi","og_description":"Ad\u0131yaman\u2019da minib\u00fcs takla atarak devrildi: 4 yaral\u0131","og_url":"https:\/\/memurunsesi.net\/index.php\/2025\/12\/21\/adiyamanda-minibus-takla-atarak-devrildi-4-yarali\/","og_site_name":"Memurun Sesi","article_publisher":"https:\/\/www.facebook.com\/unipersen\/?locale=tr_TR","article_published_time":"2025-12-21T06:29:29+00:00","og_image":[{"width":1920,"height":1080,"url":"https:\/\/memurunsesi.net\/wp-content\/uploads\/2025\/12\/minibus-takla-atarak-devrildi.jpg","type":"image\/jpeg"}],"author":"Memurun Sesi Haber Merkezi","twitter_card":"summary_large_image","twitter_creator":"@unipersen","twitter_site":"@unipersen","twitter_misc":{"Yazan:":"Memurun Sesi Haber Merkezi","Tahmini okuma s\u00fcresi":"1 dakika"},"schema":{"@context":"https:\/\/schema.org","@graph":[{"@type":"Article","@id":"https:\/\/memurunsesi.net\/index.php\/2025\/12\/21\/adiyamanda-minibus-takla-atarak-devrildi-4-yarali\/#article","isPartOf":{"@id":"https:\/\/memurunsesi.net\/index.php\/2025\/12\/21\/adiyamanda-minibus-takla-atarak-devrildi-4-yarali\/"},"author":{"name":"Memurun Sesi Haber Merkezi","@id":"https:\/\/memurunsesi.net\/#\/schema\/person\/f21c2d73b89f6ee1d80b0a1803e38587"},"headline":"Ad\u0131yaman\u2019da minib\u00fcs takla atarak devrildi: 4 yaral\u0131","datePublished":"2025-12-21T06:29:29+00:00","mainEntityOfPage":{"@id":"https:\/\/memurunsesi.net\/index.php\/2025\/12\/21\/adiyamanda-minibus-takla-atarak-devrildi-4-yarali\/"},"wordCount":182,"commentCount":0,"publisher":{"@id":"https:\/\/memurunsesi.net\/#organization"},"image":{"@id":"https:\/\/memurunsesi.net\/index.php\/2025\/12\/21\/adiyamanda-minibus-takla-atarak-devrildi-4-yarali\/#primaryimage"},"thumbnailUrl":"https:\/\/memurunsesi.net\/wp-content\/uploads\/2025\/12\/minibus-takla-atarak-devrildi.jpg","keywords":["minib\u00fcs takla atarak devrildi"],"articleSection":["G\u00fcndem"],"inLanguage":"tr","potentialAction":[{"@type":"CommentAction","name":"Comment","target":["https:\/\/memurunsesi.net\/index.php\/2025\/12\/21\/adiyamanda-minibus-takla-atarak-devrildi-4-yarali\/#respond"]}]},{"@type":"WebPage","@id":"https:\/\/memurunsesi.net\/index.php\/2025\/12\/21\/adiyamanda-minibus-takla-atarak-devrildi-4-yarali\/","url":"https:\/\/memurunsesi.net\/index.php\/2025\/12\/21\/adiyamanda-minibus-takla-atarak-devrildi-4-yarali\/","name":"Ad\u0131yaman\u2019da minib\u00fcs takla atarak devrildi: 4 yaral\u0131 - Memurun Sesi","isPartOf":{"@id":"https:\/\/memurunsesi.net\/#website"},"primaryImageOfPage":{"@id":"https:\/\/memurunsesi.net\/index.php\/2025\/12\/21\/adiyamanda-minibus-takla-atarak-devrildi-4-yarali\/#primaryimage"},"image":{"@id":"https:\/\/memurunsesi.net\/index.php\/2025\/12\/21\/adiyamanda-minibus-takla-atarak-devrildi-4-yarali\/#primaryimage"},"thumbnailUrl":"https:\/\/memurunsesi.net\/wp-content\/uploads\/2025\/12\/minibus-takla-atarak-devrildi.jpg","datePublished":"2025-12-21T06:29:29+00:00","description":"Ad\u0131yaman\u2019da minib\u00fcs takla atarak devrildi: 4 yaral\u0131","breadcrumb":{"@id":"https:\/\/memurunsesi.net\/index.php\/2025\/12\/21\/adiyamanda-minibus-takla-atarak-devrildi-4-yarali\/#breadcrumb"},"inLanguage":"tr","potentialAction":[{"@type":"ReadAction","target":["https:\/\/memurunsesi.net\/index.php\/2025\/12\/21\/adiyamanda-minibus-takla-atarak-devrildi-4-yarali\/"]}]},{"@type":"ImageObject","inLanguage":"tr","@id":"https:\/\/memurunsesi.net\/index.php\/2025\/12\/21\/adiyamanda-minibus-takla-atarak-devrildi-4-yarali\/#primaryimage","url":"https:\/\/memurunsesi.net\/wp-content\/uploads\/2025\/12\/minibus-takla-atarak-devrildi.jpg","contentUrl":"https:\/\/memurunsesi.net\/wp-content\/uploads\/2025\/12\/minibus-takla-atarak-devrildi.jpg","width":1920,"height":1080,"caption":"ADIYAMAN'DA M\u0130N\u0130B\u00dcS\u00dcN TAKLA ATARAK \u015eARAMPOLE DEVR\u0130LMES\u0130 SONUCU MEYDANA GELEN KAZADA 4 K\u0130\u015e\u0130 YARALANDI. (C\u0130HAN K\u0130Z\u0130R\/ADIYAMAN-\u0130HA) Ad\u0131yaman'da minib\u00fcs\u00fcn takla atarak \u015farampole devrilmesi sonucu meydana gelen kazada 4 ki\u015fi yaraland\u0131."},{"@type":"BreadcrumbList","@id":"https:\/\/memurunsesi.net\/index.php\/2025\/12\/21\/adiyamanda-minibus-takla-atarak-devrildi-4-yarali\/#breadcrumb","itemListElement":[{"@type":"ListItem","position":1,"name":"Anasayfa","item":"https:\/\/memurunsesi.net\/"},{"@type":"ListItem","position":2,"name":"Ad\u0131yaman\u2019da minib\u00fcs takla atarak devrildi: 4 yaral\u0131"}]},{"@type":"WebSite","@id":"https:\/\/memurunsesi.net\/#website","url":"https:\/\/memurunsesi.net\/","name":"Memurun Sesi","description":"G\u00fcncel ve Do\u011fru Haber","publisher":{"@id":"https:\/\/memurunsesi.net\/#organization"},"potentialAction":[{"@type":"SearchAction","target":{"@type":"EntryPoint","urlTemplate":"https:\/\/memurunsesi.net\/?s={search_term_string}"},"query-input":{"@type":"PropertyValueSpecification","valueRequired":true,"valueName":"search_term_string"}}],"inLanguage":"tr"},{"@type":"Organization","@id":"https:\/\/memurunsesi.net\/#organization","name":"Memurun Sesi","url":"https:\/\/memurunsesi.net\/","logo":{"@type":"ImageObject","inLanguage":"tr","@id":"https:\/\/memurunsesi.net\/#\/schema\/logo\/image\/","url":"https:\/\/memurunsesi.net\/wp-content\/uploads\/2025\/11\/cropped-MEMURUN-SESI.png","contentUrl":"https:\/\/memurunsesi.net\/wp-content\/uploads\/2025\/11\/cropped-MEMURUN-SESI.png","width":238,"height":57,"caption":"Memurun Sesi"},"image":{"@id":"https:\/\/memurunsesi.net\/#\/schema\/logo\/image\/"},"sameAs":["https:\/\/www.facebook.com\/unipersen\/?locale=tr_TR","https:\/\/x.com\/unipersen"]},{"@type":"Person","@id":"https:\/\/memurunsesi.net\/#\/schema\/person\/f21c2d73b89f6ee1d80b0a1803e38587","name":"Memurun Sesi Haber Merkezi","image":{"@type":"ImageObject","inLanguage":"tr","@id":"https:\/\/secure.gravatar.com\/avatar\/6cf0505f452ee753f485014986fab09a434671d2b919ee76fc541025c5876a70?s=96&d=mm&r=g","url":"https:\/\/secure.gravatar.com\/avatar\/6cf0505f452ee753f485014986fab09a434671d2b919ee76fc541025c5876a70?s=96&d=mm&r=g","contentUrl":"https:\/\/secure.gravatar.com\/avatar\/6cf0505f452ee753f485014986fab09a434671d2b919ee76fc541025c5876a70?s=96&d=mm&r=g","caption":"Memurun Sesi Haber Merkezi"},"sameAs":["https:\/\/memurunsesi.net"],"url":"https:\/\/memurunsesi.net\/index.php\/author\/uniper\/"}]}},"_links":{"self":[{"href":"https:\/\/memurunsesi.net\/index.php\/wp-json\/wp\/v2\/posts\/15416","targetHints":{"allow":["GET"]}}],"collection":[{"href":"https:\/\/memurunsesi.net\/index.php\/wp-json\/wp\/v2\/posts"}],"about":[{"href":"https:\/\/memurunsesi.net\/index.php\/wp-json\/wp\/v2\/types\/post"}],"author":[{"embeddable":true,"href":"https:\/\/memurunsesi.net\/index.php\/wp-json\/wp\/v2\/users\/1"}],"replies":[{"embeddable":true,"href":"https:\/\/memurunsesi.net\/index.php\/wp-json\/wp\/v2\/comments?post=15416"}],"version-history":[{"count":1,"href":"https:\/\/memurunsesi.net\/index.php\/wp-json\/wp\/v2\/posts\/15416\/revisions"}],"predecessor-version":[{"id":15418,"href":"https:\/\/memurunsesi.net\/index.php\/wp-json\/wp\/v2\/posts\/15416\/revisions\/15418"}],"wp:featuredmedia":[{"embeddable":true,"href":"https:\/\/memurunsesi.net\/index.php\/wp-json\/wp\/v2\/media\/15417"}],"wp:attachment":[{"href":"https:\/\/memurunsesi.net\/index.php\/wp-json\/wp\/v2\/media?parent=15416"}],"wp:term":[{"taxonomy":"category","embeddable":true,"href":"https:\/\/memurunsesi.net\/index.php\/wp-json\/wp\/v2\/categories?post=15416"},{"taxonomy":"post_tag","embeddable":true,"href":"https:\/\/memurunsesi.net\/index.php\/wp-json\/wp\/v2\/tags?post=15416"}],"curies":[{"name":"wp","href":"https:\/\/api.w.org\/{rel}","templated":true}]}}