{"id":15429,"date":"2025-12-21T09:41:21","date_gmt":"2025-12-21T06:41:21","guid":{"rendered":"https:\/\/memurunsesi.net\/?p=15429"},"modified":"2025-12-21T09:41:21","modified_gmt":"2025-12-21T06:41:21","slug":"canakkalede-5-kisinin-oldugu-kazada-olenlerin-kimlikleri-belli-oldu","status":"publish","type":"post","link":"https:\/\/memurunsesi.net\/index.php\/2025\/12\/21\/canakkalede-5-kisinin-oldugu-kazada-olenlerin-kimlikleri-belli-oldu\/","title":{"rendered":"\u00c7anakkale&#8217;de 5 ki\u015finin \u00f6ld\u00fc\u011f\u00fc kazada \u00f6lenlerin kimlikleri belli oldu"},"content":{"rendered":"<p>\u00c7anakkale&#8217;de iddiaya g\u00f6re polisin dur ihtar\u0131na uymayarak ters y\u00f6ne g\u00f6ren otomobil, kar\u015f\u0131 yoldan gelen otomobile \u00e7arp\u0131\u015ft\u0131. 5 ki\u015finin hayat\u0131n\u0131 kaybetti\u011fi kazada \u00f6lenlerin kimlikleri belli oldu.<br \/>\nOlay, saat 02.30 s\u0131ralar\u0131nda Lapseki-\u00c7anakkale karayolu \u00fczerinde meydana geldi. S\u00fcr\u00fcc\u00fcs\u00fcn\u00fcn kimli\u011fi hen\u00fcz belirlenemeyen 35 APD 325 plakal\u0131 otomobil iddiaya g\u00f6re polisin \u2018dur&#8217; ihtar\u0131na uymayarak ka\u00e7maya ba\u015flad\u0131. Polisle kovalamacaya giren otomobil Kang\u0131rl\u0131 sapa\u011f\u0131nda ters y\u00f6ne girip, o s\u0131rada Lapseki istikametinden gelen 17 LP 800 plakal\u0131 otomobile \u00e7arpt\u0131. Kazay\u0131 g\u00f6ren di\u011fer s\u00fcr\u00fcc\u00fcler durumu 112 Acil sa\u011fl\u0131k ekiplerine bildirdi. \u0130hbar \u00fczerine olay yerine \u00e7ok say\u0131da ambulans ve itfaiye ekibi sevk edildi. Kaza sonucunda iki otomobildeki 5 ki\u015fi hayat\u0131n\u0131 kaybederken, 1 ki\u015fi ise yaraland\u0131. Hayat\u0131n\u0131 kaybedenlerin cenazeleri Lapseki Devlet Hastanesi morguna kald\u0131r\u0131ld\u0131.<br \/>\nKazada, 35 APD 325 ara\u00e7ta bulunan Nuray Tekin, Osman G\u00f6ksu, Do\u011fukan Samet E\u011fer ile Mustafa Soysal idaresindeki 17 LP 800 plakal\u0131 ara\u00e7ta bulunan Neslihan Soysal ve Hanife Soysal hayat\u0131n\u0131 kaybederken s\u00fcr\u00fcc\u00fc ise yaraland\u0131. Ambulansla hastaneye kald\u0131r\u0131lan s\u00fcr\u00fcc\u00fcn\u00fcn tedavisi devam ediyor.<br \/>\nKazayla ilgili inceleme ba\u015flat\u0131ld\u0131.<\/p>\n<p>21.12.2025<\/p>\n","protected":false},"excerpt":{"rendered":"<p>\u00c7anakkale&#8217;de iddiaya g\u00f6re polisin dur ihtar\u0131na uymayarak ters y\u00f6ne g\u00f6ren otomobil, kar\u015f\u0131 yoldan gelen otomobile \u00e7arp\u0131\u015ft\u0131. 5 ki\u015finin hayat\u0131n\u0131 kaybetti\u011fi kazada \u00f6lenlerin kimlikleri belli oldu. Olay, saat 02.30 s\u0131ralar\u0131nda Lapseki-\u00c7anakkale karayolu \u00fczerinde meydana geldi. S\u00fcr\u00fcc\u00fcs\u00fcn\u00fcn kimli\u011fi hen\u00fcz belirlenemeyen 35 APD 325 plakal\u0131 otomobil iddiaya g\u00f6re polisin \u2018dur&#8217; ihtar\u0131na uymayarak ka\u00e7maya ba\u015flad\u0131. Polisle kovalamacaya giren otomobil [&hellip;]<\/p>\n","protected":false},"author":1,"featured_media":15430,"comment_status":"open","ping_status":"open","sticky":false,"template":"","format":"standard","meta":{"footnotes":""},"categories":[1],"tags":[640],"class_list":["post-15429","post","type-post","status-publish","format-standard","has-post-thumbnail","hentry","category-genel","tag-kazada-olenlerin-kimlikleri-belli-oldu"],"yoast_head":"<!-- This site is optimized with the Yoast SEO plugin v27.4 - https:\/\/yoast.com\/product\/yoast-seo-wordpress\/ -->\n<title>\u00c7anakkale&#039;de 5 ki\u015finin \u00f6ld\u00fc\u011f\u00fc kazada \u00f6lenlerin kimlikleri belli oldu - Memurun Sesi<\/title>\n<meta name=\"description\" content=\"\u00c7anakkale&#039;de 5 ki\u015finin \u00f6ld\u00fc\u011f\u00fc kazada \u00f6lenlerin kimlikleri belli oldu\" \/>\n<meta name=\"robots\" content=\"index, follow, max-snippet:-1, max-image-preview:large, max-video-preview:-1\" \/>\n<link rel=\"canonical\" href=\"https:\/\/memurunsesi.net\/index.php\/2025\/12\/21\/canakkalede-5-kisinin-oldugu-kazada-olenlerin-kimlikleri-belli-oldu\/\" \/>\n<meta property=\"og:locale\" content=\"tr_TR\" \/>\n<meta property=\"og:type\" content=\"article\" \/>\n<meta property=\"og:title\" content=\"\u00c7anakkale&#039;de 5 ki\u015finin \u00f6ld\u00fc\u011f\u00fc kazada \u00f6lenlerin kimlikleri belli oldu - Memurun Sesi\" \/>\n<meta property=\"og:description\" content=\"\u00c7anakkale&#039;de 5 ki\u015finin \u00f6ld\u00fc\u011f\u00fc kazada \u00f6lenlerin kimlikleri belli oldu\" \/>\n<meta property=\"og:url\" content=\"https:\/\/memurunsesi.net\/index.php\/2025\/12\/21\/canakkalede-5-kisinin-oldugu-kazada-olenlerin-kimlikleri-belli-oldu\/\" \/>\n<meta property=\"og:site_name\" content=\"Memurun Sesi\" \/>\n<meta property=\"article:publisher\" content=\"https:\/\/www.facebook.com\/unipersen\/?locale=tr_TR\" \/>\n<meta property=\"article:published_time\" content=\"2025-12-21T06:41:21+00:00\" \/>\n<meta property=\"og:image\" content=\"https:\/\/memurunsesi.net\/wp-content\/uploads\/2025\/12\/kaza-8-scaled.jpg\" \/>\n\t<meta property=\"og:image:width\" content=\"2560\" \/>\n\t<meta property=\"og:image:height\" content=\"1440\" \/>\n\t<meta property=\"og:image:type\" content=\"image\/jpeg\" \/>\n<meta name=\"author\" content=\"Memurun Sesi Haber Merkezi\" \/>\n<meta name=\"twitter:card\" content=\"summary_large_image\" \/>\n<meta name=\"twitter:creator\" content=\"@unipersen\" \/>\n<meta name=\"twitter:site\" content=\"@unipersen\" \/>\n<meta name=\"twitter:label1\" content=\"Yazan:\" \/>\n\t<meta name=\"twitter:data1\" content=\"Memurun Sesi Haber Merkezi\" \/>\n\t<meta name=\"twitter:label2\" content=\"Tahmini okuma s\u00fcresi\" \/>\n\t<meta name=\"twitter:data2\" content=\"2 dakika\" \/>\n<script type=\"application\/ld+json\" class=\"yoast-schema-graph\">{\"@context\":\"https:\\\/\\\/schema.org\",\"@graph\":[{\"@type\":\"Article\",\"@id\":\"https:\\\/\\\/memurunsesi.net\\\/index.php\\\/2025\\\/12\\\/21\\\/canakkalede-5-kisinin-oldugu-kazada-olenlerin-kimlikleri-belli-oldu\\\/#article\",\"isPartOf\":{\"@id\":\"https:\\\/\\\/memurunsesi.net\\\/index.php\\\/2025\\\/12\\\/21\\\/canakkalede-5-kisinin-oldugu-kazada-olenlerin-kimlikleri-belli-oldu\\\/\"},\"author\":{\"name\":\"Memurun Sesi Haber Merkezi\",\"@id\":\"https:\\\/\\\/memurunsesi.net\\\/#\\\/schema\\\/person\\\/f21c2d73b89f6ee1d80b0a1803e38587\"},\"headline\":\"\u00c7anakkale&#8217;de 5 ki\u015finin \u00f6ld\u00fc\u011f\u00fc kazada \u00f6lenlerin kimlikleri belli oldu\",\"datePublished\":\"2025-12-21T06:41:21+00:00\",\"mainEntityOfPage\":{\"@id\":\"https:\\\/\\\/memurunsesi.net\\\/index.php\\\/2025\\\/12\\\/21\\\/canakkalede-5-kisinin-oldugu-kazada-olenlerin-kimlikleri-belli-oldu\\\/\"},\"wordCount\":211,\"commentCount\":0,\"publisher\":{\"@id\":\"https:\\\/\\\/memurunsesi.net\\\/#organization\"},\"image\":{\"@id\":\"https:\\\/\\\/memurunsesi.net\\\/index.php\\\/2025\\\/12\\\/21\\\/canakkalede-5-kisinin-oldugu-kazada-olenlerin-kimlikleri-belli-oldu\\\/#primaryimage\"},\"thumbnailUrl\":\"https:\\\/\\\/memurunsesi.net\\\/wp-content\\\/uploads\\\/2025\\\/12\\\/kaza-8-scaled.jpg\",\"keywords\":[\"kazada \u00f6lenlerin kimlikleri belli oldu\"],\"inLanguage\":\"tr\",\"potentialAction\":[{\"@type\":\"CommentAction\",\"name\":\"Comment\",\"target\":[\"https:\\\/\\\/memurunsesi.net\\\/index.php\\\/2025\\\/12\\\/21\\\/canakkalede-5-kisinin-oldugu-kazada-olenlerin-kimlikleri-belli-oldu\\\/#respond\"]}]},{\"@type\":\"WebPage\",\"@id\":\"https:\\\/\\\/memurunsesi.net\\\/index.php\\\/2025\\\/12\\\/21\\\/canakkalede-5-kisinin-oldugu-kazada-olenlerin-kimlikleri-belli-oldu\\\/\",\"url\":\"https:\\\/\\\/memurunsesi.net\\\/index.php\\\/2025\\\/12\\\/21\\\/canakkalede-5-kisinin-oldugu-kazada-olenlerin-kimlikleri-belli-oldu\\\/\",\"name\":\"\u00c7anakkale'de 5 ki\u015finin \u00f6ld\u00fc\u011f\u00fc kazada \u00f6lenlerin kimlikleri belli oldu - Memurun Sesi\",\"isPartOf\":{\"@id\":\"https:\\\/\\\/memurunsesi.net\\\/#website\"},\"primaryImageOfPage\":{\"@id\":\"https:\\\/\\\/memurunsesi.net\\\/index.php\\\/2025\\\/12\\\/21\\\/canakkalede-5-kisinin-oldugu-kazada-olenlerin-kimlikleri-belli-oldu\\\/#primaryimage\"},\"image\":{\"@id\":\"https:\\\/\\\/memurunsesi.net\\\/index.php\\\/2025\\\/12\\\/21\\\/canakkalede-5-kisinin-oldugu-kazada-olenlerin-kimlikleri-belli-oldu\\\/#primaryimage\"},\"thumbnailUrl\":\"https:\\\/\\\/memurunsesi.net\\\/wp-content\\\/uploads\\\/2025\\\/12\\\/kaza-8-scaled.jpg\",\"datePublished\":\"2025-12-21T06:41:21+00:00\",\"description\":\"\u00c7anakkale'de 5 ki\u015finin \u00f6ld\u00fc\u011f\u00fc kazada \u00f6lenlerin kimlikleri belli oldu\",\"breadcrumb\":{\"@id\":\"https:\\\/\\\/memurunsesi.net\\\/index.php\\\/2025\\\/12\\\/21\\\/canakkalede-5-kisinin-oldugu-kazada-olenlerin-kimlikleri-belli-oldu\\\/#breadcrumb\"},\"inLanguage\":\"tr\",\"potentialAction\":[{\"@type\":\"ReadAction\",\"target\":[\"https:\\\/\\\/memurunsesi.net\\\/index.php\\\/2025\\\/12\\\/21\\\/canakkalede-5-kisinin-oldugu-kazada-olenlerin-kimlikleri-belli-oldu\\\/\"]}]},{\"@type\":\"ImageObject\",\"inLanguage\":\"tr\",\"@id\":\"https:\\\/\\\/memurunsesi.net\\\/index.php\\\/2025\\\/12\\\/21\\\/canakkalede-5-kisinin-oldugu-kazada-olenlerin-kimlikleri-belli-oldu\\\/#primaryimage\",\"url\":\"https:\\\/\\\/memurunsesi.net\\\/wp-content\\\/uploads\\\/2025\\\/12\\\/kaza-8-scaled.jpg\",\"contentUrl\":\"https:\\\/\\\/memurunsesi.net\\\/wp-content\\\/uploads\\\/2025\\\/12\\\/kaza-8-scaled.jpg\",\"width\":2560,\"height\":1440,\"caption\":\"\u00c7ANAKKALE'DE \u0130DD\u0130AYA G\u00d6RE POL\u0130S\u0130N DUR \u0130HTARINA UYMAYARAK TERS Y\u00d6NE G\u00d6REN OTOMOB\u0130L, KAR\u015eI YOLDAN GELEN OTOMOB\u0130LE \u00c7ARPTI\u011eI KAZADA 5 K\u0130\u015e\u0130 HAYATINI KAYBETT\u0130\u011e\u0130 VE 1 K\u0130\u015e\u0130 YARALANIN OLDU\u011eU KAZADA K\u0130ML\u0130KLER BELL\u0130 OLDU. (HAT\u0130CE \u00c7EK\u0130L - MUSTAFA SU\u0130\u00c7MEZ\\\/\u00c7ANAKKALE-\u0130HA) \u00c7anakkale'de iddiaya g\u00f6re polisin dur ihtar\u0131na uymayarak ters y\u00f6ne g\u00f6ren otomobil, kar\u015f\u0131 yoldan gelen otomobile \u00e7arp\u0131\u015ft\u0131. 5 ki\u015finin hayat\u0131n\u0131 kaybetti\u011fi kazada \u00f6lenlerin kimlikleri belli oldu.\"},{\"@type\":\"BreadcrumbList\",\"@id\":\"https:\\\/\\\/memurunsesi.net\\\/index.php\\\/2025\\\/12\\\/21\\\/canakkalede-5-kisinin-oldugu-kazada-olenlerin-kimlikleri-belli-oldu\\\/#breadcrumb\",\"itemListElement\":[{\"@type\":\"ListItem\",\"position\":1,\"name\":\"Anasayfa\",\"item\":\"https:\\\/\\\/memurunsesi.net\\\/\"},{\"@type\":\"ListItem\",\"position\":2,\"name\":\"\u00c7anakkale&#8217;de 5 ki\u015finin \u00f6ld\u00fc\u011f\u00fc kazada \u00f6lenlerin kimlikleri belli oldu\"}]},{\"@type\":\"WebSite\",\"@id\":\"https:\\\/\\\/memurunsesi.net\\\/#website\",\"url\":\"https:\\\/\\\/memurunsesi.net\\\/\",\"name\":\"Memurun Sesi\",\"description\":\"G\u00fcncel ve Do\u011fru Haber\",\"publisher\":{\"@id\":\"https:\\\/\\\/memurunsesi.net\\\/#organization\"},\"potentialAction\":[{\"@type\":\"SearchAction\",\"target\":{\"@type\":\"EntryPoint\",\"urlTemplate\":\"https:\\\/\\\/memurunsesi.net\\\/?s={search_term_string}\"},\"query-input\":{\"@type\":\"PropertyValueSpecification\",\"valueRequired\":true,\"valueName\":\"search_term_string\"}}],\"inLanguage\":\"tr\"},{\"@type\":\"Organization\",\"@id\":\"https:\\\/\\\/memurunsesi.net\\\/#organization\",\"name\":\"Memurun Sesi\",\"url\":\"https:\\\/\\\/memurunsesi.net\\\/\",\"logo\":{\"@type\":\"ImageObject\",\"inLanguage\":\"tr\",\"@id\":\"https:\\\/\\\/memurunsesi.net\\\/#\\\/schema\\\/logo\\\/image\\\/\",\"url\":\"https:\\\/\\\/memurunsesi.net\\\/wp-content\\\/uploads\\\/2025\\\/11\\\/cropped-MEMURUN-SESI.png\",\"contentUrl\":\"https:\\\/\\\/memurunsesi.net\\\/wp-content\\\/uploads\\\/2025\\\/11\\\/cropped-MEMURUN-SESI.png\",\"width\":238,\"height\":57,\"caption\":\"Memurun Sesi\"},\"image\":{\"@id\":\"https:\\\/\\\/memurunsesi.net\\\/#\\\/schema\\\/logo\\\/image\\\/\"},\"sameAs\":[\"https:\\\/\\\/www.facebook.com\\\/unipersen\\\/?locale=tr_TR\",\"https:\\\/\\\/x.com\\\/unipersen\"]},{\"@type\":\"Person\",\"@id\":\"https:\\\/\\\/memurunsesi.net\\\/#\\\/schema\\\/person\\\/f21c2d73b89f6ee1d80b0a1803e38587\",\"name\":\"Memurun Sesi Haber Merkezi\",\"image\":{\"@type\":\"ImageObject\",\"inLanguage\":\"tr\",\"@id\":\"https:\\\/\\\/secure.gravatar.com\\\/avatar\\\/6cf0505f452ee753f485014986fab09a434671d2b919ee76fc541025c5876a70?s=96&d=mm&r=g\",\"url\":\"https:\\\/\\\/secure.gravatar.com\\\/avatar\\\/6cf0505f452ee753f485014986fab09a434671d2b919ee76fc541025c5876a70?s=96&d=mm&r=g\",\"contentUrl\":\"https:\\\/\\\/secure.gravatar.com\\\/avatar\\\/6cf0505f452ee753f485014986fab09a434671d2b919ee76fc541025c5876a70?s=96&d=mm&r=g\",\"caption\":\"Memurun Sesi Haber Merkezi\"},\"sameAs\":[\"https:\\\/\\\/memurunsesi.net\"],\"url\":\"https:\\\/\\\/memurunsesi.net\\\/index.php\\\/author\\\/uniper\\\/\"}]}<\/script>\n<!-- \/ Yoast SEO plugin. -->","yoast_head_json":{"title":"\u00c7anakkale'de 5 ki\u015finin \u00f6ld\u00fc\u011f\u00fc kazada \u00f6lenlerin kimlikleri belli oldu - Memurun Sesi","description":"\u00c7anakkale'de 5 ki\u015finin \u00f6ld\u00fc\u011f\u00fc kazada \u00f6lenlerin kimlikleri belli oldu","robots":{"index":"index","follow":"follow","max-snippet":"max-snippet:-1","max-image-preview":"max-image-preview:large","max-video-preview":"max-video-preview:-1"},"canonical":"https:\/\/memurunsesi.net\/index.php\/2025\/12\/21\/canakkalede-5-kisinin-oldugu-kazada-olenlerin-kimlikleri-belli-oldu\/","og_locale":"tr_TR","og_type":"article","og_title":"\u00c7anakkale'de 5 ki\u015finin \u00f6ld\u00fc\u011f\u00fc kazada \u00f6lenlerin kimlikleri belli oldu - Memurun Sesi","og_description":"\u00c7anakkale'de 5 ki\u015finin \u00f6ld\u00fc\u011f\u00fc kazada \u00f6lenlerin kimlikleri belli oldu","og_url":"https:\/\/memurunsesi.net\/index.php\/2025\/12\/21\/canakkalede-5-kisinin-oldugu-kazada-olenlerin-kimlikleri-belli-oldu\/","og_site_name":"Memurun Sesi","article_publisher":"https:\/\/www.facebook.com\/unipersen\/?locale=tr_TR","article_published_time":"2025-12-21T06:41:21+00:00","og_image":[{"width":2560,"height":1440,"url":"https:\/\/memurunsesi.net\/wp-content\/uploads\/2025\/12\/kaza-8-scaled.jpg","type":"image\/jpeg"}],"author":"Memurun Sesi Haber Merkezi","twitter_card":"summary_large_image","twitter_creator":"@unipersen","twitter_site":"@unipersen","twitter_misc":{"Yazan:":"Memurun Sesi Haber Merkezi","Tahmini okuma s\u00fcresi":"2 dakika"},"schema":{"@context":"https:\/\/schema.org","@graph":[{"@type":"Article","@id":"https:\/\/memurunsesi.net\/index.php\/2025\/12\/21\/canakkalede-5-kisinin-oldugu-kazada-olenlerin-kimlikleri-belli-oldu\/#article","isPartOf":{"@id":"https:\/\/memurunsesi.net\/index.php\/2025\/12\/21\/canakkalede-5-kisinin-oldugu-kazada-olenlerin-kimlikleri-belli-oldu\/"},"author":{"name":"Memurun Sesi Haber Merkezi","@id":"https:\/\/memurunsesi.net\/#\/schema\/person\/f21c2d73b89f6ee1d80b0a1803e38587"},"headline":"\u00c7anakkale&#8217;de 5 ki\u015finin \u00f6ld\u00fc\u011f\u00fc kazada \u00f6lenlerin kimlikleri belli oldu","datePublished":"2025-12-21T06:41:21+00:00","mainEntityOfPage":{"@id":"https:\/\/memurunsesi.net\/index.php\/2025\/12\/21\/canakkalede-5-kisinin-oldugu-kazada-olenlerin-kimlikleri-belli-oldu\/"},"wordCount":211,"commentCount":0,"publisher":{"@id":"https:\/\/memurunsesi.net\/#organization"},"image":{"@id":"https:\/\/memurunsesi.net\/index.php\/2025\/12\/21\/canakkalede-5-kisinin-oldugu-kazada-olenlerin-kimlikleri-belli-oldu\/#primaryimage"},"thumbnailUrl":"https:\/\/memurunsesi.net\/wp-content\/uploads\/2025\/12\/kaza-8-scaled.jpg","keywords":["kazada \u00f6lenlerin kimlikleri belli oldu"],"inLanguage":"tr","potentialAction":[{"@type":"CommentAction","name":"Comment","target":["https:\/\/memurunsesi.net\/index.php\/2025\/12\/21\/canakkalede-5-kisinin-oldugu-kazada-olenlerin-kimlikleri-belli-oldu\/#respond"]}]},{"@type":"WebPage","@id":"https:\/\/memurunsesi.net\/index.php\/2025\/12\/21\/canakkalede-5-kisinin-oldugu-kazada-olenlerin-kimlikleri-belli-oldu\/","url":"https:\/\/memurunsesi.net\/index.php\/2025\/12\/21\/canakkalede-5-kisinin-oldugu-kazada-olenlerin-kimlikleri-belli-oldu\/","name":"\u00c7anakkale'de 5 ki\u015finin \u00f6ld\u00fc\u011f\u00fc kazada \u00f6lenlerin kimlikleri belli oldu - Memurun Sesi","isPartOf":{"@id":"https:\/\/memurunsesi.net\/#website"},"primaryImageOfPage":{"@id":"https:\/\/memurunsesi.net\/index.php\/2025\/12\/21\/canakkalede-5-kisinin-oldugu-kazada-olenlerin-kimlikleri-belli-oldu\/#primaryimage"},"image":{"@id":"https:\/\/memurunsesi.net\/index.php\/2025\/12\/21\/canakkalede-5-kisinin-oldugu-kazada-olenlerin-kimlikleri-belli-oldu\/#primaryimage"},"thumbnailUrl":"https:\/\/memurunsesi.net\/wp-content\/uploads\/2025\/12\/kaza-8-scaled.jpg","datePublished":"2025-12-21T06:41:21+00:00","description":"\u00c7anakkale'de 5 ki\u015finin \u00f6ld\u00fc\u011f\u00fc kazada \u00f6lenlerin kimlikleri belli oldu","breadcrumb":{"@id":"https:\/\/memurunsesi.net\/index.php\/2025\/12\/21\/canakkalede-5-kisinin-oldugu-kazada-olenlerin-kimlikleri-belli-oldu\/#breadcrumb"},"inLanguage":"tr","potentialAction":[{"@type":"ReadAction","target":["https:\/\/memurunsesi.net\/index.php\/2025\/12\/21\/canakkalede-5-kisinin-oldugu-kazada-olenlerin-kimlikleri-belli-oldu\/"]}]},{"@type":"ImageObject","inLanguage":"tr","@id":"https:\/\/memurunsesi.net\/index.php\/2025\/12\/21\/canakkalede-5-kisinin-oldugu-kazada-olenlerin-kimlikleri-belli-oldu\/#primaryimage","url":"https:\/\/memurunsesi.net\/wp-content\/uploads\/2025\/12\/kaza-8-scaled.jpg","contentUrl":"https:\/\/memurunsesi.net\/wp-content\/uploads\/2025\/12\/kaza-8-scaled.jpg","width":2560,"height":1440,"caption":"\u00c7ANAKKALE'DE \u0130DD\u0130AYA G\u00d6RE POL\u0130S\u0130N DUR \u0130HTARINA UYMAYARAK TERS Y\u00d6NE G\u00d6REN OTOMOB\u0130L, KAR\u015eI YOLDAN GELEN OTOMOB\u0130LE \u00c7ARPTI\u011eI KAZADA 5 K\u0130\u015e\u0130 HAYATINI KAYBETT\u0130\u011e\u0130 VE 1 K\u0130\u015e\u0130 YARALANIN OLDU\u011eU KAZADA K\u0130ML\u0130KLER BELL\u0130 OLDU. (HAT\u0130CE \u00c7EK\u0130L - MUSTAFA SU\u0130\u00c7MEZ\/\u00c7ANAKKALE-\u0130HA) \u00c7anakkale'de iddiaya g\u00f6re polisin dur ihtar\u0131na uymayarak ters y\u00f6ne g\u00f6ren otomobil, kar\u015f\u0131 yoldan gelen otomobile \u00e7arp\u0131\u015ft\u0131. 5 ki\u015finin hayat\u0131n\u0131 kaybetti\u011fi kazada \u00f6lenlerin kimlikleri belli oldu."},{"@type":"BreadcrumbList","@id":"https:\/\/memurunsesi.net\/index.php\/2025\/12\/21\/canakkalede-5-kisinin-oldugu-kazada-olenlerin-kimlikleri-belli-oldu\/#breadcrumb","itemListElement":[{"@type":"ListItem","position":1,"name":"Anasayfa","item":"https:\/\/memurunsesi.net\/"},{"@type":"ListItem","position":2,"name":"\u00c7anakkale&#8217;de 5 ki\u015finin \u00f6ld\u00fc\u011f\u00fc kazada \u00f6lenlerin kimlikleri belli oldu"}]},{"@type":"WebSite","@id":"https:\/\/memurunsesi.net\/#website","url":"https:\/\/memurunsesi.net\/","name":"Memurun Sesi","description":"G\u00fcncel ve Do\u011fru Haber","publisher":{"@id":"https:\/\/memurunsesi.net\/#organization"},"potentialAction":[{"@type":"SearchAction","target":{"@type":"EntryPoint","urlTemplate":"https:\/\/memurunsesi.net\/?s={search_term_string}"},"query-input":{"@type":"PropertyValueSpecification","valueRequired":true,"valueName":"search_term_string"}}],"inLanguage":"tr"},{"@type":"Organization","@id":"https:\/\/memurunsesi.net\/#organization","name":"Memurun Sesi","url":"https:\/\/memurunsesi.net\/","logo":{"@type":"ImageObject","inLanguage":"tr","@id":"https:\/\/memurunsesi.net\/#\/schema\/logo\/image\/","url":"https:\/\/memurunsesi.net\/wp-content\/uploads\/2025\/11\/cropped-MEMURUN-SESI.png","contentUrl":"https:\/\/memurunsesi.net\/wp-content\/uploads\/2025\/11\/cropped-MEMURUN-SESI.png","width":238,"height":57,"caption":"Memurun Sesi"},"image":{"@id":"https:\/\/memurunsesi.net\/#\/schema\/logo\/image\/"},"sameAs":["https:\/\/www.facebook.com\/unipersen\/?locale=tr_TR","https:\/\/x.com\/unipersen"]},{"@type":"Person","@id":"https:\/\/memurunsesi.net\/#\/schema\/person\/f21c2d73b89f6ee1d80b0a1803e38587","name":"Memurun Sesi Haber Merkezi","image":{"@type":"ImageObject","inLanguage":"tr","@id":"https:\/\/secure.gravatar.com\/avatar\/6cf0505f452ee753f485014986fab09a434671d2b919ee76fc541025c5876a70?s=96&d=mm&r=g","url":"https:\/\/secure.gravatar.com\/avatar\/6cf0505f452ee753f485014986fab09a434671d2b919ee76fc541025c5876a70?s=96&d=mm&r=g","contentUrl":"https:\/\/secure.gravatar.com\/avatar\/6cf0505f452ee753f485014986fab09a434671d2b919ee76fc541025c5876a70?s=96&d=mm&r=g","caption":"Memurun Sesi Haber Merkezi"},"sameAs":["https:\/\/memurunsesi.net"],"url":"https:\/\/memurunsesi.net\/index.php\/author\/uniper\/"}]}},"_links":{"self":[{"href":"https:\/\/memurunsesi.net\/index.php\/wp-json\/wp\/v2\/posts\/15429","targetHints":{"allow":["GET"]}}],"collection":[{"href":"https:\/\/memurunsesi.net\/index.php\/wp-json\/wp\/v2\/posts"}],"about":[{"href":"https:\/\/memurunsesi.net\/index.php\/wp-json\/wp\/v2\/types\/post"}],"author":[{"embeddable":true,"href":"https:\/\/memurunsesi.net\/index.php\/wp-json\/wp\/v2\/users\/1"}],"replies":[{"embeddable":true,"href":"https:\/\/memurunsesi.net\/index.php\/wp-json\/wp\/v2\/comments?post=15429"}],"version-history":[{"count":1,"href":"https:\/\/memurunsesi.net\/index.php\/wp-json\/wp\/v2\/posts\/15429\/revisions"}],"predecessor-version":[{"id":15431,"href":"https:\/\/memurunsesi.net\/index.php\/wp-json\/wp\/v2\/posts\/15429\/revisions\/15431"}],"wp:featuredmedia":[{"embeddable":true,"href":"https:\/\/memurunsesi.net\/index.php\/wp-json\/wp\/v2\/media\/15430"}],"wp:attachment":[{"href":"https:\/\/memurunsesi.net\/index.php\/wp-json\/wp\/v2\/media?parent=15429"}],"wp:term":[{"taxonomy":"category","embeddable":true,"href":"https:\/\/memurunsesi.net\/index.php\/wp-json\/wp\/v2\/categories?post=15429"},{"taxonomy":"post_tag","embeddable":true,"href":"https:\/\/memurunsesi.net\/index.php\/wp-json\/wp\/v2\/tags?post=15429"}],"curies":[{"name":"wp","href":"https:\/\/api.w.org\/{rel}","templated":true}]}}