{"id":15432,"date":"2025-12-21T09:43:19","date_gmt":"2025-12-21T06:43:19","guid":{"rendered":"https:\/\/memurunsesi.net\/?p=15432"},"modified":"2025-12-21T09:43:19","modified_gmt":"2025-12-21T06:43:19","slug":"tehlikeli-motosiklet-yolculugu-kamerada","status":"publish","type":"post","link":"https:\/\/memurunsesi.net\/index.php\/2025\/12\/21\/tehlikeli-motosiklet-yolculugu-kamerada\/","title":{"rendered":"Tehlikeli motosiklet yolculu\u011fu kamerada"},"content":{"rendered":"<p>\u00dcsk\u00fcdar&#8217;da cadde \u00fczerinde seyreden motosikletli iki ki\u015fi \u00f6n tekeri havaya kald\u0131rarak tehlikeye davetiye \u00e7\u0131kard\u0131. O anlar ara\u00e7 kameras\u0131na yans\u0131d\u0131.<\/p>\n<p>\u00dcsk\u00fcdar G\u00fczeltepe Mahallesi Z\u00fcbeyde Han\u0131m Caddesinde sokak \u00fczerinden caddeye \u00e7\u0131kan motosiklet s\u00fcr\u00fcc\u00fcs\u00fc ve yolcusu motosikletin \u00f6n tekerini havaya kald\u0131rarak ilerledi. Tehlikeye davetiye \u00e7\u0131karan anlarda motosiklet yolcusu ise o anlar\u0131 cep telefonu ile kayda alarak hi\u00e7bir \u015fey yokmu\u015f\u00e7as\u0131na yolculu\u011funa devam etti. O anlar seyir halindeki bir otomobilin kameras\u0131 ile g\u00f6r\u00fcnt\u00fclendi.<\/p>\n<p>21.12.2025<\/p>\n","protected":false},"excerpt":{"rendered":"<p>\u00dcsk\u00fcdar&#8217;da cadde \u00fczerinde seyreden motosikletli iki ki\u015fi \u00f6n tekeri havaya kald\u0131rarak tehlikeye davetiye \u00e7\u0131kard\u0131. O anlar ara\u00e7 kameras\u0131na yans\u0131d\u0131. \u00dcsk\u00fcdar G\u00fczeltepe Mahallesi Z\u00fcbeyde Han\u0131m Caddesinde sokak \u00fczerinden caddeye \u00e7\u0131kan motosiklet s\u00fcr\u00fcc\u00fcs\u00fc ve yolcusu motosikletin \u00f6n tekerini havaya kald\u0131rarak ilerledi. Tehlikeye davetiye \u00e7\u0131karan anlarda motosiklet yolcusu ise o anlar\u0131 cep telefonu ile kayda alarak hi\u00e7bir \u015fey [&hellip;]<\/p>\n","protected":false},"author":1,"featured_media":15433,"comment_status":"open","ping_status":"open","sticky":false,"template":"","format":"standard","meta":{"footnotes":""},"categories":[1],"tags":[641],"class_list":["post-15432","post","type-post","status-publish","format-standard","has-post-thumbnail","hentry","category-genel","tag-tehlikeli-motosiklet-yolculugu"],"yoast_head":"<!-- This site is optimized with the Yoast SEO plugin v27.4 - https:\/\/yoast.com\/product\/yoast-seo-wordpress\/ -->\n<title>Tehlikeli motosiklet yolculu\u011fu kamerada - Memurun Sesi<\/title>\n<meta name=\"description\" content=\"Tehlikeli motosiklet yolculu\u011fu kamerada\" \/>\n<meta name=\"robots\" content=\"index, follow, max-snippet:-1, max-image-preview:large, max-video-preview:-1\" \/>\n<link rel=\"canonical\" href=\"https:\/\/memurunsesi.net\/index.php\/2025\/12\/21\/tehlikeli-motosiklet-yolculugu-kamerada\/\" \/>\n<meta property=\"og:locale\" content=\"tr_TR\" \/>\n<meta property=\"og:type\" content=\"article\" \/>\n<meta property=\"og:title\" content=\"Tehlikeli motosiklet yolculu\u011fu kamerada - Memurun Sesi\" \/>\n<meta property=\"og:description\" content=\"Tehlikeli motosiklet yolculu\u011fu kamerada\" \/>\n<meta property=\"og:url\" content=\"https:\/\/memurunsesi.net\/index.php\/2025\/12\/21\/tehlikeli-motosiklet-yolculugu-kamerada\/\" \/>\n<meta property=\"og:site_name\" content=\"Memurun Sesi\" \/>\n<meta property=\"article:publisher\" content=\"https:\/\/www.facebook.com\/unipersen\/?locale=tr_TR\" \/>\n<meta property=\"article:published_time\" content=\"2025-12-21T06:43:19+00:00\" \/>\n<meta property=\"og:image\" content=\"https:\/\/memurunsesi.net\/wp-content\/uploads\/2025\/12\/tehlike.jpg\" \/>\n\t<meta property=\"og:image:width\" content=\"1828\" \/>\n\t<meta property=\"og:image:height\" content=\"668\" \/>\n\t<meta property=\"og:image:type\" content=\"image\/jpeg\" \/>\n<meta name=\"author\" content=\"Memurun Sesi Haber Merkezi\" \/>\n<meta name=\"twitter:card\" content=\"summary_large_image\" \/>\n<meta name=\"twitter:creator\" content=\"@unipersen\" \/>\n<meta name=\"twitter:site\" content=\"@unipersen\" \/>\n<meta name=\"twitter:label1\" content=\"Yazan:\" \/>\n\t<meta name=\"twitter:data1\" content=\"Memurun Sesi Haber Merkezi\" \/>\n\t<meta name=\"twitter:label2\" content=\"Tahmini okuma s\u00fcresi\" \/>\n\t<meta name=\"twitter:data2\" content=\"1 dakika\" \/>\n<script type=\"application\/ld+json\" class=\"yoast-schema-graph\">{\"@context\":\"https:\\\/\\\/schema.org\",\"@graph\":[{\"@type\":\"Article\",\"@id\":\"https:\\\/\\\/memurunsesi.net\\\/index.php\\\/2025\\\/12\\\/21\\\/tehlikeli-motosiklet-yolculugu-kamerada\\\/#article\",\"isPartOf\":{\"@id\":\"https:\\\/\\\/memurunsesi.net\\\/index.php\\\/2025\\\/12\\\/21\\\/tehlikeli-motosiklet-yolculugu-kamerada\\\/\"},\"author\":{\"name\":\"Memurun Sesi Haber Merkezi\",\"@id\":\"https:\\\/\\\/memurunsesi.net\\\/#\\\/schema\\\/person\\\/f21c2d73b89f6ee1d80b0a1803e38587\"},\"headline\":\"Tehlikeli motosiklet yolculu\u011fu kamerada\",\"datePublished\":\"2025-12-21T06:43:19+00:00\",\"mainEntityOfPage\":{\"@id\":\"https:\\\/\\\/memurunsesi.net\\\/index.php\\\/2025\\\/12\\\/21\\\/tehlikeli-motosiklet-yolculugu-kamerada\\\/\"},\"wordCount\":94,\"commentCount\":0,\"publisher\":{\"@id\":\"https:\\\/\\\/memurunsesi.net\\\/#organization\"},\"image\":{\"@id\":\"https:\\\/\\\/memurunsesi.net\\\/index.php\\\/2025\\\/12\\\/21\\\/tehlikeli-motosiklet-yolculugu-kamerada\\\/#primaryimage\"},\"thumbnailUrl\":\"https:\\\/\\\/memurunsesi.net\\\/wp-content\\\/uploads\\\/2025\\\/12\\\/tehlike.jpg\",\"keywords\":[\"Tehlikeli motosiklet yolculu\u011fu\"],\"inLanguage\":\"tr\",\"potentialAction\":[{\"@type\":\"CommentAction\",\"name\":\"Comment\",\"target\":[\"https:\\\/\\\/memurunsesi.net\\\/index.php\\\/2025\\\/12\\\/21\\\/tehlikeli-motosiklet-yolculugu-kamerada\\\/#respond\"]}]},{\"@type\":\"WebPage\",\"@id\":\"https:\\\/\\\/memurunsesi.net\\\/index.php\\\/2025\\\/12\\\/21\\\/tehlikeli-motosiklet-yolculugu-kamerada\\\/\",\"url\":\"https:\\\/\\\/memurunsesi.net\\\/index.php\\\/2025\\\/12\\\/21\\\/tehlikeli-motosiklet-yolculugu-kamerada\\\/\",\"name\":\"Tehlikeli motosiklet yolculu\u011fu kamerada - Memurun Sesi\",\"isPartOf\":{\"@id\":\"https:\\\/\\\/memurunsesi.net\\\/#website\"},\"primaryImageOfPage\":{\"@id\":\"https:\\\/\\\/memurunsesi.net\\\/index.php\\\/2025\\\/12\\\/21\\\/tehlikeli-motosiklet-yolculugu-kamerada\\\/#primaryimage\"},\"image\":{\"@id\":\"https:\\\/\\\/memurunsesi.net\\\/index.php\\\/2025\\\/12\\\/21\\\/tehlikeli-motosiklet-yolculugu-kamerada\\\/#primaryimage\"},\"thumbnailUrl\":\"https:\\\/\\\/memurunsesi.net\\\/wp-content\\\/uploads\\\/2025\\\/12\\\/tehlike.jpg\",\"datePublished\":\"2025-12-21T06:43:19+00:00\",\"description\":\"Tehlikeli motosiklet yolculu\u011fu kamerada\",\"breadcrumb\":{\"@id\":\"https:\\\/\\\/memurunsesi.net\\\/index.php\\\/2025\\\/12\\\/21\\\/tehlikeli-motosiklet-yolculugu-kamerada\\\/#breadcrumb\"},\"inLanguage\":\"tr\",\"potentialAction\":[{\"@type\":\"ReadAction\",\"target\":[\"https:\\\/\\\/memurunsesi.net\\\/index.php\\\/2025\\\/12\\\/21\\\/tehlikeli-motosiklet-yolculugu-kamerada\\\/\"]}]},{\"@type\":\"ImageObject\",\"inLanguage\":\"tr\",\"@id\":\"https:\\\/\\\/memurunsesi.net\\\/index.php\\\/2025\\\/12\\\/21\\\/tehlikeli-motosiklet-yolculugu-kamerada\\\/#primaryimage\",\"url\":\"https:\\\/\\\/memurunsesi.net\\\/wp-content\\\/uploads\\\/2025\\\/12\\\/tehlike.jpg\",\"contentUrl\":\"https:\\\/\\\/memurunsesi.net\\\/wp-content\\\/uploads\\\/2025\\\/12\\\/tehlike.jpg\",\"width\":1828,\"height\":668,\"caption\":\"TEHL\u0130KEL\u0130 MOTOS\u0130KLET YOLCULU\u011eU KAMERADA (AHMET EM\u0130N \u015eENT\u00dcRK\\\/\u0130STANBUL-\u0130HA) \u00dcsk\u00fcdar'da cadde \u00fczerinde seyreden motosikletli iki ki\u015fi \u00f6n tekeri havaya kald\u0131rarak tehlikeye davetiye \u00e7\u0131kard\u0131. O anlar ara\u00e7 kameras\u0131na yans\u0131d\u0131.\"},{\"@type\":\"BreadcrumbList\",\"@id\":\"https:\\\/\\\/memurunsesi.net\\\/index.php\\\/2025\\\/12\\\/21\\\/tehlikeli-motosiklet-yolculugu-kamerada\\\/#breadcrumb\",\"itemListElement\":[{\"@type\":\"ListItem\",\"position\":1,\"name\":\"Anasayfa\",\"item\":\"https:\\\/\\\/memurunsesi.net\\\/\"},{\"@type\":\"ListItem\",\"position\":2,\"name\":\"Tehlikeli motosiklet yolculu\u011fu kamerada\"}]},{\"@type\":\"WebSite\",\"@id\":\"https:\\\/\\\/memurunsesi.net\\\/#website\",\"url\":\"https:\\\/\\\/memurunsesi.net\\\/\",\"name\":\"Memurun Sesi\",\"description\":\"G\u00fcncel ve Do\u011fru Haber\",\"publisher\":{\"@id\":\"https:\\\/\\\/memurunsesi.net\\\/#organization\"},\"potentialAction\":[{\"@type\":\"SearchAction\",\"target\":{\"@type\":\"EntryPoint\",\"urlTemplate\":\"https:\\\/\\\/memurunsesi.net\\\/?s={search_term_string}\"},\"query-input\":{\"@type\":\"PropertyValueSpecification\",\"valueRequired\":true,\"valueName\":\"search_term_string\"}}],\"inLanguage\":\"tr\"},{\"@type\":\"Organization\",\"@id\":\"https:\\\/\\\/memurunsesi.net\\\/#organization\",\"name\":\"Memurun Sesi\",\"url\":\"https:\\\/\\\/memurunsesi.net\\\/\",\"logo\":{\"@type\":\"ImageObject\",\"inLanguage\":\"tr\",\"@id\":\"https:\\\/\\\/memurunsesi.net\\\/#\\\/schema\\\/logo\\\/image\\\/\",\"url\":\"https:\\\/\\\/memurunsesi.net\\\/wp-content\\\/uploads\\\/2025\\\/11\\\/cropped-MEMURUN-SESI.png\",\"contentUrl\":\"https:\\\/\\\/memurunsesi.net\\\/wp-content\\\/uploads\\\/2025\\\/11\\\/cropped-MEMURUN-SESI.png\",\"width\":238,\"height\":57,\"caption\":\"Memurun Sesi\"},\"image\":{\"@id\":\"https:\\\/\\\/memurunsesi.net\\\/#\\\/schema\\\/logo\\\/image\\\/\"},\"sameAs\":[\"https:\\\/\\\/www.facebook.com\\\/unipersen\\\/?locale=tr_TR\",\"https:\\\/\\\/x.com\\\/unipersen\"]},{\"@type\":\"Person\",\"@id\":\"https:\\\/\\\/memurunsesi.net\\\/#\\\/schema\\\/person\\\/f21c2d73b89f6ee1d80b0a1803e38587\",\"name\":\"Memurun Sesi Haber Merkezi\",\"image\":{\"@type\":\"ImageObject\",\"inLanguage\":\"tr\",\"@id\":\"https:\\\/\\\/secure.gravatar.com\\\/avatar\\\/6cf0505f452ee753f485014986fab09a434671d2b919ee76fc541025c5876a70?s=96&d=mm&r=g\",\"url\":\"https:\\\/\\\/secure.gravatar.com\\\/avatar\\\/6cf0505f452ee753f485014986fab09a434671d2b919ee76fc541025c5876a70?s=96&d=mm&r=g\",\"contentUrl\":\"https:\\\/\\\/secure.gravatar.com\\\/avatar\\\/6cf0505f452ee753f485014986fab09a434671d2b919ee76fc541025c5876a70?s=96&d=mm&r=g\",\"caption\":\"Memurun Sesi Haber Merkezi\"},\"sameAs\":[\"https:\\\/\\\/memurunsesi.net\"],\"url\":\"https:\\\/\\\/memurunsesi.net\\\/index.php\\\/author\\\/uniper\\\/\"}]}<\/script>\n<!-- \/ Yoast SEO plugin. -->","yoast_head_json":{"title":"Tehlikeli motosiklet yolculu\u011fu kamerada - Memurun Sesi","description":"Tehlikeli motosiklet yolculu\u011fu kamerada","robots":{"index":"index","follow":"follow","max-snippet":"max-snippet:-1","max-image-preview":"max-image-preview:large","max-video-preview":"max-video-preview:-1"},"canonical":"https:\/\/memurunsesi.net\/index.php\/2025\/12\/21\/tehlikeli-motosiklet-yolculugu-kamerada\/","og_locale":"tr_TR","og_type":"article","og_title":"Tehlikeli motosiklet yolculu\u011fu kamerada - Memurun Sesi","og_description":"Tehlikeli motosiklet yolculu\u011fu kamerada","og_url":"https:\/\/memurunsesi.net\/index.php\/2025\/12\/21\/tehlikeli-motosiklet-yolculugu-kamerada\/","og_site_name":"Memurun Sesi","article_publisher":"https:\/\/www.facebook.com\/unipersen\/?locale=tr_TR","article_published_time":"2025-12-21T06:43:19+00:00","og_image":[{"width":1828,"height":668,"url":"https:\/\/memurunsesi.net\/wp-content\/uploads\/2025\/12\/tehlike.jpg","type":"image\/jpeg"}],"author":"Memurun Sesi Haber Merkezi","twitter_card":"summary_large_image","twitter_creator":"@unipersen","twitter_site":"@unipersen","twitter_misc":{"Yazan:":"Memurun Sesi Haber Merkezi","Tahmini okuma s\u00fcresi":"1 dakika"},"schema":{"@context":"https:\/\/schema.org","@graph":[{"@type":"Article","@id":"https:\/\/memurunsesi.net\/index.php\/2025\/12\/21\/tehlikeli-motosiklet-yolculugu-kamerada\/#article","isPartOf":{"@id":"https:\/\/memurunsesi.net\/index.php\/2025\/12\/21\/tehlikeli-motosiklet-yolculugu-kamerada\/"},"author":{"name":"Memurun Sesi Haber Merkezi","@id":"https:\/\/memurunsesi.net\/#\/schema\/person\/f21c2d73b89f6ee1d80b0a1803e38587"},"headline":"Tehlikeli motosiklet yolculu\u011fu kamerada","datePublished":"2025-12-21T06:43:19+00:00","mainEntityOfPage":{"@id":"https:\/\/memurunsesi.net\/index.php\/2025\/12\/21\/tehlikeli-motosiklet-yolculugu-kamerada\/"},"wordCount":94,"commentCount":0,"publisher":{"@id":"https:\/\/memurunsesi.net\/#organization"},"image":{"@id":"https:\/\/memurunsesi.net\/index.php\/2025\/12\/21\/tehlikeli-motosiklet-yolculugu-kamerada\/#primaryimage"},"thumbnailUrl":"https:\/\/memurunsesi.net\/wp-content\/uploads\/2025\/12\/tehlike.jpg","keywords":["Tehlikeli motosiklet yolculu\u011fu"],"inLanguage":"tr","potentialAction":[{"@type":"CommentAction","name":"Comment","target":["https:\/\/memurunsesi.net\/index.php\/2025\/12\/21\/tehlikeli-motosiklet-yolculugu-kamerada\/#respond"]}]},{"@type":"WebPage","@id":"https:\/\/memurunsesi.net\/index.php\/2025\/12\/21\/tehlikeli-motosiklet-yolculugu-kamerada\/","url":"https:\/\/memurunsesi.net\/index.php\/2025\/12\/21\/tehlikeli-motosiklet-yolculugu-kamerada\/","name":"Tehlikeli motosiklet yolculu\u011fu kamerada - Memurun Sesi","isPartOf":{"@id":"https:\/\/memurunsesi.net\/#website"},"primaryImageOfPage":{"@id":"https:\/\/memurunsesi.net\/index.php\/2025\/12\/21\/tehlikeli-motosiklet-yolculugu-kamerada\/#primaryimage"},"image":{"@id":"https:\/\/memurunsesi.net\/index.php\/2025\/12\/21\/tehlikeli-motosiklet-yolculugu-kamerada\/#primaryimage"},"thumbnailUrl":"https:\/\/memurunsesi.net\/wp-content\/uploads\/2025\/12\/tehlike.jpg","datePublished":"2025-12-21T06:43:19+00:00","description":"Tehlikeli motosiklet yolculu\u011fu kamerada","breadcrumb":{"@id":"https:\/\/memurunsesi.net\/index.php\/2025\/12\/21\/tehlikeli-motosiklet-yolculugu-kamerada\/#breadcrumb"},"inLanguage":"tr","potentialAction":[{"@type":"ReadAction","target":["https:\/\/memurunsesi.net\/index.php\/2025\/12\/21\/tehlikeli-motosiklet-yolculugu-kamerada\/"]}]},{"@type":"ImageObject","inLanguage":"tr","@id":"https:\/\/memurunsesi.net\/index.php\/2025\/12\/21\/tehlikeli-motosiklet-yolculugu-kamerada\/#primaryimage","url":"https:\/\/memurunsesi.net\/wp-content\/uploads\/2025\/12\/tehlike.jpg","contentUrl":"https:\/\/memurunsesi.net\/wp-content\/uploads\/2025\/12\/tehlike.jpg","width":1828,"height":668,"caption":"TEHL\u0130KEL\u0130 MOTOS\u0130KLET YOLCULU\u011eU KAMERADA (AHMET EM\u0130N \u015eENT\u00dcRK\/\u0130STANBUL-\u0130HA) \u00dcsk\u00fcdar'da cadde \u00fczerinde seyreden motosikletli iki ki\u015fi \u00f6n tekeri havaya kald\u0131rarak tehlikeye davetiye \u00e7\u0131kard\u0131. O anlar ara\u00e7 kameras\u0131na yans\u0131d\u0131."},{"@type":"BreadcrumbList","@id":"https:\/\/memurunsesi.net\/index.php\/2025\/12\/21\/tehlikeli-motosiklet-yolculugu-kamerada\/#breadcrumb","itemListElement":[{"@type":"ListItem","position":1,"name":"Anasayfa","item":"https:\/\/memurunsesi.net\/"},{"@type":"ListItem","position":2,"name":"Tehlikeli motosiklet yolculu\u011fu kamerada"}]},{"@type":"WebSite","@id":"https:\/\/memurunsesi.net\/#website","url":"https:\/\/memurunsesi.net\/","name":"Memurun Sesi","description":"G\u00fcncel ve Do\u011fru Haber","publisher":{"@id":"https:\/\/memurunsesi.net\/#organization"},"potentialAction":[{"@type":"SearchAction","target":{"@type":"EntryPoint","urlTemplate":"https:\/\/memurunsesi.net\/?s={search_term_string}"},"query-input":{"@type":"PropertyValueSpecification","valueRequired":true,"valueName":"search_term_string"}}],"inLanguage":"tr"},{"@type":"Organization","@id":"https:\/\/memurunsesi.net\/#organization","name":"Memurun Sesi","url":"https:\/\/memurunsesi.net\/","logo":{"@type":"ImageObject","inLanguage":"tr","@id":"https:\/\/memurunsesi.net\/#\/schema\/logo\/image\/","url":"https:\/\/memurunsesi.net\/wp-content\/uploads\/2025\/11\/cropped-MEMURUN-SESI.png","contentUrl":"https:\/\/memurunsesi.net\/wp-content\/uploads\/2025\/11\/cropped-MEMURUN-SESI.png","width":238,"height":57,"caption":"Memurun Sesi"},"image":{"@id":"https:\/\/memurunsesi.net\/#\/schema\/logo\/image\/"},"sameAs":["https:\/\/www.facebook.com\/unipersen\/?locale=tr_TR","https:\/\/x.com\/unipersen"]},{"@type":"Person","@id":"https:\/\/memurunsesi.net\/#\/schema\/person\/f21c2d73b89f6ee1d80b0a1803e38587","name":"Memurun Sesi Haber Merkezi","image":{"@type":"ImageObject","inLanguage":"tr","@id":"https:\/\/secure.gravatar.com\/avatar\/6cf0505f452ee753f485014986fab09a434671d2b919ee76fc541025c5876a70?s=96&d=mm&r=g","url":"https:\/\/secure.gravatar.com\/avatar\/6cf0505f452ee753f485014986fab09a434671d2b919ee76fc541025c5876a70?s=96&d=mm&r=g","contentUrl":"https:\/\/secure.gravatar.com\/avatar\/6cf0505f452ee753f485014986fab09a434671d2b919ee76fc541025c5876a70?s=96&d=mm&r=g","caption":"Memurun Sesi Haber Merkezi"},"sameAs":["https:\/\/memurunsesi.net"],"url":"https:\/\/memurunsesi.net\/index.php\/author\/uniper\/"}]}},"_links":{"self":[{"href":"https:\/\/memurunsesi.net\/index.php\/wp-json\/wp\/v2\/posts\/15432","targetHints":{"allow":["GET"]}}],"collection":[{"href":"https:\/\/memurunsesi.net\/index.php\/wp-json\/wp\/v2\/posts"}],"about":[{"href":"https:\/\/memurunsesi.net\/index.php\/wp-json\/wp\/v2\/types\/post"}],"author":[{"embeddable":true,"href":"https:\/\/memurunsesi.net\/index.php\/wp-json\/wp\/v2\/users\/1"}],"replies":[{"embeddable":true,"href":"https:\/\/memurunsesi.net\/index.php\/wp-json\/wp\/v2\/comments?post=15432"}],"version-history":[{"count":1,"href":"https:\/\/memurunsesi.net\/index.php\/wp-json\/wp\/v2\/posts\/15432\/revisions"}],"predecessor-version":[{"id":15434,"href":"https:\/\/memurunsesi.net\/index.php\/wp-json\/wp\/v2\/posts\/15432\/revisions\/15434"}],"wp:featuredmedia":[{"embeddable":true,"href":"https:\/\/memurunsesi.net\/index.php\/wp-json\/wp\/v2\/media\/15433"}],"wp:attachment":[{"href":"https:\/\/memurunsesi.net\/index.php\/wp-json\/wp\/v2\/media?parent=15432"}],"wp:term":[{"taxonomy":"category","embeddable":true,"href":"https:\/\/memurunsesi.net\/index.php\/wp-json\/wp\/v2\/categories?post=15432"},{"taxonomy":"post_tag","embeddable":true,"href":"https:\/\/memurunsesi.net\/index.php\/wp-json\/wp\/v2\/tags?post=15432"}],"curies":[{"name":"wp","href":"https:\/\/api.w.org\/{rel}","templated":true}]}}