{"id":15435,"date":"2025-12-21T09:46:07","date_gmt":"2025-12-21T06:46:07","guid":{"rendered":"https:\/\/memurunsesi.net\/?p=15435"},"modified":"2025-12-21T09:46:07","modified_gmt":"2025-12-21T06:46:07","slug":"kayseride-komsuluk-ornegi-ulasamadigi-komsusundan-soguk-havada-haber-bekledi","status":"publish","type":"post","link":"https:\/\/memurunsesi.net\/index.php\/2025\/12\/21\/kayseride-komsuluk-ornegi-ulasamadigi-komsusundan-soguk-havada-haber-bekledi\/","title":{"rendered":"Kayseri\u2019de kom\u015fuluk \u00f6rne\u011fi: Ula\u015famad\u0131\u011f\u0131 kom\u015fusundan so\u011fuk havada haber bekledi"},"content":{"rendered":"<p>&#8211; Kom\u015fusundan iyi haberi alan ya\u015fl\u0131 kad\u0131n derin nefes ald\u0131<\/p>\n<p>Kayseri\u2019nin Kocasinan il\u00e7esinde \u015feker hastas\u0131 olan kom\u015fusuna ula\u015famayan aile ekiplere haber verdi. Adeta kom\u015fuluk \u00f6rne\u011fi g\u00f6steren aile kom\u015fular\u0131n\u0131n evden sa\u011f salim \u00e7\u0131kmas\u0131 i\u00e7in dua ederken, so\u011fuk havada umutla bekledi. Kom\u015fusundan iyi haberi alan ya\u015fl\u0131 kad\u0131n derin nefes ald\u0131.<br \/>\nEdinilen bilgiye g\u00f6re, il\u00e7eye ba\u011fl\u0131 Barbaros Mahallesi Akg\u00fcn Sokak\u2019ta 3 katl\u0131 binada meydana gelen olayda, \u015feker hastas\u0131 kom\u015fusu C.A.\u2019y\u0131 art arda arayan kom\u015fusu \u015eemsi Erzurum, C..A.\u2019n\u0131n telefonuna bakmamas\u0131 \u00fczerine tela\u015flanarak, 112 Acil \u00c7a\u011fr\u0131 Merkezi\u2019ni arad\u0131. \u0130hbar \u00fczerine b\u00f6lgeye polis, sa\u011fl\u0131k ve itfaiye ekipleri sevk edildi. Polis ekipleri \u00e7evrede g\u00fcvenlik \u00f6nlemi al\u0131rken, itfaiye ekipleri de C.A.\u2019n\u0131n son kattaki evine platformlu merdivenle ula\u015ft\u0131. Pencereden eve giren ekipler C.A.\u2019n\u0131n hareketsiz \u015fekilde yatt\u0131\u011f\u0131n\u0131 g\u00f6rd\u00fc. C.A. sa\u011fl\u0131k ekiplerinin olay yerindeki ilk m\u00fcdahalesinin ard\u0131ndan tedbir ama\u00e7l\u0131 ambulansla hastaneye kald\u0131r\u0131ld\u0131. Ekiplerden iyi haberi alan \u015eemsi Erzurum ise kom\u015fusu C.A.\u2019ya ambulansa kadar e\u015flik ederken, derin nefes ald\u0131.<br \/>\n&#8220;Vicdanen rahats\u0131z oldum&#8221;<br \/>\nEkiplerin \u00e7al\u0131\u015fmas\u0131 s\u0131ras\u0131nda kom\u015fusundan iyi bir haber bekleyen \u015eemsi Erzurum, &#8220;Kom\u015fumuz \u015feker hastas\u0131 ve kimsesi yok. Bende kendisini ak\u015fam saatlerinde hastaneye gitmesi i\u00e7in aram\u0131\u015ft\u0131m. \u00c7ok kez arad\u0131m ve geceye kadar ula\u015famad\u0131\u011f\u0131m i\u00e7in vicdanen rahats\u0131z oldum. Polisi ve itfaiyeyi arad\u0131m. \u0130n\u015fallah sa\u011f \u00e7\u0131kar in\u015fallah bir \u015fey olmaz. \u0130yi bir kom\u015fumuz. \u0130n\u015fallah sa\u011fl\u0131\u011f\u0131, s\u0131hhati yerinde olur. Kom\u015fum in\u015fallah iyi olur. Bende mutlu olurum. So\u011fukta olsa ben vicdanen rahats\u0131z oldum&#8221; dedi.<br \/>\n&#8220;\u00c7ok \u015f\u00fck\u00fcr bulundu&#8221;<br \/>\nKom\u015fusundan gelen iyi haberi g\u00fcl\u00fcc\u00fcklerle kar\u015f\u0131layan Erzurum, &#8220;\u00c7ok \u015f\u00fck\u00fcr bulundu. Sa\u011f salim bulundu\u011funa \u00e7ok sevindim. Bay\u0131lm\u0131\u015f i\u00e7eride ve \u015fimdi de hastaneye g\u00f6t\u00fcr\u00fcyorlar. \u0130n\u015fallah iyi olur. Ge\u00e7mi\u015f olsun&#8221; ifadelerini kulland\u0131.<\/p>\n<p>21.12.2025<\/p>\n","protected":false},"excerpt":{"rendered":"<p>&#8211; Kom\u015fusundan iyi haberi alan ya\u015fl\u0131 kad\u0131n derin nefes ald\u0131 Kayseri\u2019nin Kocasinan il\u00e7esinde \u015feker hastas\u0131 olan kom\u015fusuna ula\u015famayan aile ekiplere haber verdi. Adeta kom\u015fuluk \u00f6rne\u011fi g\u00f6steren aile kom\u015fular\u0131n\u0131n evden sa\u011f salim \u00e7\u0131kmas\u0131 i\u00e7in dua ederken, so\u011fuk havada umutla bekledi. Kom\u015fusundan iyi haberi alan ya\u015fl\u0131 kad\u0131n derin nefes ald\u0131. Edinilen bilgiye g\u00f6re, il\u00e7eye ba\u011fl\u0131 Barbaros Mahallesi [&hellip;]<\/p>\n","protected":false},"author":1,"featured_media":15436,"comment_status":"open","ping_status":"open","sticky":false,"template":"","format":"standard","meta":{"footnotes":""},"categories":[1],"tags":[642],"class_list":["post-15435","post","type-post","status-publish","format-standard","has-post-thumbnail","hentry","category-genel","tag-komsuluk-ornegi"],"yoast_head":"<!-- This site is optimized with the Yoast SEO plugin v27.4 - https:\/\/yoast.com\/product\/yoast-seo-wordpress\/ -->\n<title>Kayseri\u2019de kom\u015fuluk \u00f6rne\u011fi: Ula\u015famad\u0131\u011f\u0131 kom\u015fusundan so\u011fuk havada haber bekledi - Memurun Sesi<\/title>\n<meta name=\"description\" content=\"Kayseri\u2019de kom\u015fuluk \u00f6rne\u011fi: Ula\u015famad\u0131\u011f\u0131 kom\u015fusundan so\u011fuk havada haber bekledi\" \/>\n<meta name=\"robots\" content=\"index, follow, max-snippet:-1, max-image-preview:large, max-video-preview:-1\" \/>\n<link rel=\"canonical\" href=\"https:\/\/memurunsesi.net\/index.php\/2025\/12\/21\/kayseride-komsuluk-ornegi-ulasamadigi-komsusundan-soguk-havada-haber-bekledi\/\" \/>\n<meta property=\"og:locale\" content=\"tr_TR\" \/>\n<meta property=\"og:type\" content=\"article\" \/>\n<meta property=\"og:title\" content=\"Kayseri\u2019de kom\u015fuluk \u00f6rne\u011fi: Ula\u015famad\u0131\u011f\u0131 kom\u015fusundan so\u011fuk havada haber bekledi - Memurun Sesi\" \/>\n<meta property=\"og:description\" content=\"Kayseri\u2019de kom\u015fuluk \u00f6rne\u011fi: Ula\u015famad\u0131\u011f\u0131 kom\u015fusundan so\u011fuk havada haber bekledi\" \/>\n<meta property=\"og:url\" content=\"https:\/\/memurunsesi.net\/index.php\/2025\/12\/21\/kayseride-komsuluk-ornegi-ulasamadigi-komsusundan-soguk-havada-haber-bekledi\/\" \/>\n<meta property=\"og:site_name\" content=\"Memurun Sesi\" \/>\n<meta property=\"article:publisher\" content=\"https:\/\/www.facebook.com\/unipersen\/?locale=tr_TR\" \/>\n<meta property=\"article:published_time\" content=\"2025-12-21T06:46:07+00:00\" \/>\n<meta property=\"og:image\" content=\"https:\/\/memurunsesi.net\/wp-content\/uploads\/2025\/12\/komsuluk-ornegi.jpg\" \/>\n\t<meta property=\"og:image:width\" content=\"1600\" \/>\n\t<meta property=\"og:image:height\" content=\"1200\" \/>\n\t<meta property=\"og:image:type\" content=\"image\/jpeg\" \/>\n<meta name=\"author\" content=\"Memurun Sesi Haber Merkezi\" \/>\n<meta name=\"twitter:card\" content=\"summary_large_image\" \/>\n<meta name=\"twitter:creator\" content=\"@unipersen\" \/>\n<meta name=\"twitter:site\" content=\"@unipersen\" \/>\n<meta name=\"twitter:label1\" content=\"Yazan:\" \/>\n\t<meta name=\"twitter:data1\" content=\"Memurun Sesi Haber Merkezi\" \/>\n\t<meta name=\"twitter:label2\" content=\"Tahmini okuma s\u00fcresi\" \/>\n\t<meta name=\"twitter:data2\" content=\"2 dakika\" \/>\n<script type=\"application\/ld+json\" class=\"yoast-schema-graph\">{\"@context\":\"https:\\\/\\\/schema.org\",\"@graph\":[{\"@type\":\"Article\",\"@id\":\"https:\\\/\\\/memurunsesi.net\\\/index.php\\\/2025\\\/12\\\/21\\\/kayseride-komsuluk-ornegi-ulasamadigi-komsusundan-soguk-havada-haber-bekledi\\\/#article\",\"isPartOf\":{\"@id\":\"https:\\\/\\\/memurunsesi.net\\\/index.php\\\/2025\\\/12\\\/21\\\/kayseride-komsuluk-ornegi-ulasamadigi-komsusundan-soguk-havada-haber-bekledi\\\/\"},\"author\":{\"name\":\"Memurun Sesi Haber Merkezi\",\"@id\":\"https:\\\/\\\/memurunsesi.net\\\/#\\\/schema\\\/person\\\/f21c2d73b89f6ee1d80b0a1803e38587\"},\"headline\":\"Kayseri\u2019de kom\u015fuluk \u00f6rne\u011fi: Ula\u015famad\u0131\u011f\u0131 kom\u015fusundan so\u011fuk havada haber bekledi\",\"datePublished\":\"2025-12-21T06:46:07+00:00\",\"mainEntityOfPage\":{\"@id\":\"https:\\\/\\\/memurunsesi.net\\\/index.php\\\/2025\\\/12\\\/21\\\/kayseride-komsuluk-ornegi-ulasamadigi-komsusundan-soguk-havada-haber-bekledi\\\/\"},\"wordCount\":363,\"commentCount\":0,\"publisher\":{\"@id\":\"https:\\\/\\\/memurunsesi.net\\\/#organization\"},\"image\":{\"@id\":\"https:\\\/\\\/memurunsesi.net\\\/index.php\\\/2025\\\/12\\\/21\\\/kayseride-komsuluk-ornegi-ulasamadigi-komsusundan-soguk-havada-haber-bekledi\\\/#primaryimage\"},\"thumbnailUrl\":\"https:\\\/\\\/memurunsesi.net\\\/wp-content\\\/uploads\\\/2025\\\/12\\\/komsuluk-ornegi.jpg\",\"keywords\":[\"kom\u015fuluk \u00f6rne\u011fi\"],\"inLanguage\":\"tr\",\"potentialAction\":[{\"@type\":\"CommentAction\",\"name\":\"Comment\",\"target\":[\"https:\\\/\\\/memurunsesi.net\\\/index.php\\\/2025\\\/12\\\/21\\\/kayseride-komsuluk-ornegi-ulasamadigi-komsusundan-soguk-havada-haber-bekledi\\\/#respond\"]}]},{\"@type\":\"WebPage\",\"@id\":\"https:\\\/\\\/memurunsesi.net\\\/index.php\\\/2025\\\/12\\\/21\\\/kayseride-komsuluk-ornegi-ulasamadigi-komsusundan-soguk-havada-haber-bekledi\\\/\",\"url\":\"https:\\\/\\\/memurunsesi.net\\\/index.php\\\/2025\\\/12\\\/21\\\/kayseride-komsuluk-ornegi-ulasamadigi-komsusundan-soguk-havada-haber-bekledi\\\/\",\"name\":\"Kayseri\u2019de kom\u015fuluk \u00f6rne\u011fi: Ula\u015famad\u0131\u011f\u0131 kom\u015fusundan so\u011fuk havada haber bekledi - Memurun Sesi\",\"isPartOf\":{\"@id\":\"https:\\\/\\\/memurunsesi.net\\\/#website\"},\"primaryImageOfPage\":{\"@id\":\"https:\\\/\\\/memurunsesi.net\\\/index.php\\\/2025\\\/12\\\/21\\\/kayseride-komsuluk-ornegi-ulasamadigi-komsusundan-soguk-havada-haber-bekledi\\\/#primaryimage\"},\"image\":{\"@id\":\"https:\\\/\\\/memurunsesi.net\\\/index.php\\\/2025\\\/12\\\/21\\\/kayseride-komsuluk-ornegi-ulasamadigi-komsusundan-soguk-havada-haber-bekledi\\\/#primaryimage\"},\"thumbnailUrl\":\"https:\\\/\\\/memurunsesi.net\\\/wp-content\\\/uploads\\\/2025\\\/12\\\/komsuluk-ornegi.jpg\",\"datePublished\":\"2025-12-21T06:46:07+00:00\",\"description\":\"Kayseri\u2019de kom\u015fuluk \u00f6rne\u011fi: Ula\u015famad\u0131\u011f\u0131 kom\u015fusundan so\u011fuk havada haber bekledi\",\"breadcrumb\":{\"@id\":\"https:\\\/\\\/memurunsesi.net\\\/index.php\\\/2025\\\/12\\\/21\\\/kayseride-komsuluk-ornegi-ulasamadigi-komsusundan-soguk-havada-haber-bekledi\\\/#breadcrumb\"},\"inLanguage\":\"tr\",\"potentialAction\":[{\"@type\":\"ReadAction\",\"target\":[\"https:\\\/\\\/memurunsesi.net\\\/index.php\\\/2025\\\/12\\\/21\\\/kayseride-komsuluk-ornegi-ulasamadigi-komsusundan-soguk-havada-haber-bekledi\\\/\"]}]},{\"@type\":\"ImageObject\",\"inLanguage\":\"tr\",\"@id\":\"https:\\\/\\\/memurunsesi.net\\\/index.php\\\/2025\\\/12\\\/21\\\/kayseride-komsuluk-ornegi-ulasamadigi-komsusundan-soguk-havada-haber-bekledi\\\/#primaryimage\",\"url\":\"https:\\\/\\\/memurunsesi.net\\\/wp-content\\\/uploads\\\/2025\\\/12\\\/komsuluk-ornegi.jpg\",\"contentUrl\":\"https:\\\/\\\/memurunsesi.net\\\/wp-content\\\/uploads\\\/2025\\\/12\\\/komsuluk-ornegi.jpg\",\"width\":1600,\"height\":1200,\"caption\":\"KAYSER\u0130'N\u0130N KOCAS\u0130NAN \u0130L\u00c7ES\u0130NDE \u015eEKER HASTASI OLAN KOM\u015eUSUNA ULA\u015eAMAYAN A\u0130LE EK\u0130PLERE HABER VERD\u0130. ADETA KOM\u015eULUK \u00d6RNE\u011e\u0130 G\u00d6STEREN A\u0130LE KOM\u015eULARININ EVDEN SA\u011e SAL\u0130M \u00c7IKMASI \u0130\u00c7\u0130N DUA EDERKEN, SO\u011eUK HAVADA UMUTLA BEKLED\u0130. KOM\u015eUSUNDAN \u0130Y\u0130 HABER\u0130 ALAN YA\u015eLI KADIN DER\u0130N NEFES ALDI. (M\u00dcKREM\u0130N KAYA\\\/KAYSER\u0130-\u0130HA) Kayseri'nin Kocasinan il\u00e7esinde \u015feker hastas\u0131 olan kom\u015fusuna ula\u015famayan aile ekiplere haber verdi. Adeta kom\u015fuluk \u00f6rne\u011fi g\u00f6steren aile kom\u015fular\u0131n\u0131n evden sa\u011f salim \u00e7\u0131kmas\u0131 i\u00e7in dua ederken, so\u011fuk havada umutla bekledi. Kom\u015fusundan iyi haberi alan ya\u015fl\u0131 kad\u0131n derin nefes ald\u0131.\"},{\"@type\":\"BreadcrumbList\",\"@id\":\"https:\\\/\\\/memurunsesi.net\\\/index.php\\\/2025\\\/12\\\/21\\\/kayseride-komsuluk-ornegi-ulasamadigi-komsusundan-soguk-havada-haber-bekledi\\\/#breadcrumb\",\"itemListElement\":[{\"@type\":\"ListItem\",\"position\":1,\"name\":\"Anasayfa\",\"item\":\"https:\\\/\\\/memurunsesi.net\\\/\"},{\"@type\":\"ListItem\",\"position\":2,\"name\":\"Kayseri\u2019de kom\u015fuluk \u00f6rne\u011fi: Ula\u015famad\u0131\u011f\u0131 kom\u015fusundan so\u011fuk havada haber bekledi\"}]},{\"@type\":\"WebSite\",\"@id\":\"https:\\\/\\\/memurunsesi.net\\\/#website\",\"url\":\"https:\\\/\\\/memurunsesi.net\\\/\",\"name\":\"Memurun Sesi\",\"description\":\"G\u00fcncel ve Do\u011fru Haber\",\"publisher\":{\"@id\":\"https:\\\/\\\/memurunsesi.net\\\/#organization\"},\"potentialAction\":[{\"@type\":\"SearchAction\",\"target\":{\"@type\":\"EntryPoint\",\"urlTemplate\":\"https:\\\/\\\/memurunsesi.net\\\/?s={search_term_string}\"},\"query-input\":{\"@type\":\"PropertyValueSpecification\",\"valueRequired\":true,\"valueName\":\"search_term_string\"}}],\"inLanguage\":\"tr\"},{\"@type\":\"Organization\",\"@id\":\"https:\\\/\\\/memurunsesi.net\\\/#organization\",\"name\":\"Memurun Sesi\",\"url\":\"https:\\\/\\\/memurunsesi.net\\\/\",\"logo\":{\"@type\":\"ImageObject\",\"inLanguage\":\"tr\",\"@id\":\"https:\\\/\\\/memurunsesi.net\\\/#\\\/schema\\\/logo\\\/image\\\/\",\"url\":\"https:\\\/\\\/memurunsesi.net\\\/wp-content\\\/uploads\\\/2025\\\/11\\\/cropped-MEMURUN-SESI.png\",\"contentUrl\":\"https:\\\/\\\/memurunsesi.net\\\/wp-content\\\/uploads\\\/2025\\\/11\\\/cropped-MEMURUN-SESI.png\",\"width\":238,\"height\":57,\"caption\":\"Memurun Sesi\"},\"image\":{\"@id\":\"https:\\\/\\\/memurunsesi.net\\\/#\\\/schema\\\/logo\\\/image\\\/\"},\"sameAs\":[\"https:\\\/\\\/www.facebook.com\\\/unipersen\\\/?locale=tr_TR\",\"https:\\\/\\\/x.com\\\/unipersen\"]},{\"@type\":\"Person\",\"@id\":\"https:\\\/\\\/memurunsesi.net\\\/#\\\/schema\\\/person\\\/f21c2d73b89f6ee1d80b0a1803e38587\",\"name\":\"Memurun Sesi Haber Merkezi\",\"image\":{\"@type\":\"ImageObject\",\"inLanguage\":\"tr\",\"@id\":\"https:\\\/\\\/secure.gravatar.com\\\/avatar\\\/6cf0505f452ee753f485014986fab09a434671d2b919ee76fc541025c5876a70?s=96&d=mm&r=g\",\"url\":\"https:\\\/\\\/secure.gravatar.com\\\/avatar\\\/6cf0505f452ee753f485014986fab09a434671d2b919ee76fc541025c5876a70?s=96&d=mm&r=g\",\"contentUrl\":\"https:\\\/\\\/secure.gravatar.com\\\/avatar\\\/6cf0505f452ee753f485014986fab09a434671d2b919ee76fc541025c5876a70?s=96&d=mm&r=g\",\"caption\":\"Memurun Sesi Haber Merkezi\"},\"sameAs\":[\"https:\\\/\\\/memurunsesi.net\"],\"url\":\"https:\\\/\\\/memurunsesi.net\\\/index.php\\\/author\\\/uniper\\\/\"}]}<\/script>\n<!-- \/ Yoast SEO plugin. -->","yoast_head_json":{"title":"Kayseri\u2019de kom\u015fuluk \u00f6rne\u011fi: Ula\u015famad\u0131\u011f\u0131 kom\u015fusundan so\u011fuk havada haber bekledi - Memurun Sesi","description":"Kayseri\u2019de kom\u015fuluk \u00f6rne\u011fi: Ula\u015famad\u0131\u011f\u0131 kom\u015fusundan so\u011fuk havada haber bekledi","robots":{"index":"index","follow":"follow","max-snippet":"max-snippet:-1","max-image-preview":"max-image-preview:large","max-video-preview":"max-video-preview:-1"},"canonical":"https:\/\/memurunsesi.net\/index.php\/2025\/12\/21\/kayseride-komsuluk-ornegi-ulasamadigi-komsusundan-soguk-havada-haber-bekledi\/","og_locale":"tr_TR","og_type":"article","og_title":"Kayseri\u2019de kom\u015fuluk \u00f6rne\u011fi: Ula\u015famad\u0131\u011f\u0131 kom\u015fusundan so\u011fuk havada haber bekledi - Memurun Sesi","og_description":"Kayseri\u2019de kom\u015fuluk \u00f6rne\u011fi: Ula\u015famad\u0131\u011f\u0131 kom\u015fusundan so\u011fuk havada haber bekledi","og_url":"https:\/\/memurunsesi.net\/index.php\/2025\/12\/21\/kayseride-komsuluk-ornegi-ulasamadigi-komsusundan-soguk-havada-haber-bekledi\/","og_site_name":"Memurun Sesi","article_publisher":"https:\/\/www.facebook.com\/unipersen\/?locale=tr_TR","article_published_time":"2025-12-21T06:46:07+00:00","og_image":[{"width":1600,"height":1200,"url":"https:\/\/memurunsesi.net\/wp-content\/uploads\/2025\/12\/komsuluk-ornegi.jpg","type":"image\/jpeg"}],"author":"Memurun Sesi Haber Merkezi","twitter_card":"summary_large_image","twitter_creator":"@unipersen","twitter_site":"@unipersen","twitter_misc":{"Yazan:":"Memurun Sesi Haber Merkezi","Tahmini okuma s\u00fcresi":"2 dakika"},"schema":{"@context":"https:\/\/schema.org","@graph":[{"@type":"Article","@id":"https:\/\/memurunsesi.net\/index.php\/2025\/12\/21\/kayseride-komsuluk-ornegi-ulasamadigi-komsusundan-soguk-havada-haber-bekledi\/#article","isPartOf":{"@id":"https:\/\/memurunsesi.net\/index.php\/2025\/12\/21\/kayseride-komsuluk-ornegi-ulasamadigi-komsusundan-soguk-havada-haber-bekledi\/"},"author":{"name":"Memurun Sesi Haber Merkezi","@id":"https:\/\/memurunsesi.net\/#\/schema\/person\/f21c2d73b89f6ee1d80b0a1803e38587"},"headline":"Kayseri\u2019de kom\u015fuluk \u00f6rne\u011fi: Ula\u015famad\u0131\u011f\u0131 kom\u015fusundan so\u011fuk havada haber bekledi","datePublished":"2025-12-21T06:46:07+00:00","mainEntityOfPage":{"@id":"https:\/\/memurunsesi.net\/index.php\/2025\/12\/21\/kayseride-komsuluk-ornegi-ulasamadigi-komsusundan-soguk-havada-haber-bekledi\/"},"wordCount":363,"commentCount":0,"publisher":{"@id":"https:\/\/memurunsesi.net\/#organization"},"image":{"@id":"https:\/\/memurunsesi.net\/index.php\/2025\/12\/21\/kayseride-komsuluk-ornegi-ulasamadigi-komsusundan-soguk-havada-haber-bekledi\/#primaryimage"},"thumbnailUrl":"https:\/\/memurunsesi.net\/wp-content\/uploads\/2025\/12\/komsuluk-ornegi.jpg","keywords":["kom\u015fuluk \u00f6rne\u011fi"],"inLanguage":"tr","potentialAction":[{"@type":"CommentAction","name":"Comment","target":["https:\/\/memurunsesi.net\/index.php\/2025\/12\/21\/kayseride-komsuluk-ornegi-ulasamadigi-komsusundan-soguk-havada-haber-bekledi\/#respond"]}]},{"@type":"WebPage","@id":"https:\/\/memurunsesi.net\/index.php\/2025\/12\/21\/kayseride-komsuluk-ornegi-ulasamadigi-komsusundan-soguk-havada-haber-bekledi\/","url":"https:\/\/memurunsesi.net\/index.php\/2025\/12\/21\/kayseride-komsuluk-ornegi-ulasamadigi-komsusundan-soguk-havada-haber-bekledi\/","name":"Kayseri\u2019de kom\u015fuluk \u00f6rne\u011fi: Ula\u015famad\u0131\u011f\u0131 kom\u015fusundan so\u011fuk havada haber bekledi - Memurun Sesi","isPartOf":{"@id":"https:\/\/memurunsesi.net\/#website"},"primaryImageOfPage":{"@id":"https:\/\/memurunsesi.net\/index.php\/2025\/12\/21\/kayseride-komsuluk-ornegi-ulasamadigi-komsusundan-soguk-havada-haber-bekledi\/#primaryimage"},"image":{"@id":"https:\/\/memurunsesi.net\/index.php\/2025\/12\/21\/kayseride-komsuluk-ornegi-ulasamadigi-komsusundan-soguk-havada-haber-bekledi\/#primaryimage"},"thumbnailUrl":"https:\/\/memurunsesi.net\/wp-content\/uploads\/2025\/12\/komsuluk-ornegi.jpg","datePublished":"2025-12-21T06:46:07+00:00","description":"Kayseri\u2019de kom\u015fuluk \u00f6rne\u011fi: Ula\u015famad\u0131\u011f\u0131 kom\u015fusundan so\u011fuk havada haber bekledi","breadcrumb":{"@id":"https:\/\/memurunsesi.net\/index.php\/2025\/12\/21\/kayseride-komsuluk-ornegi-ulasamadigi-komsusundan-soguk-havada-haber-bekledi\/#breadcrumb"},"inLanguage":"tr","potentialAction":[{"@type":"ReadAction","target":["https:\/\/memurunsesi.net\/index.php\/2025\/12\/21\/kayseride-komsuluk-ornegi-ulasamadigi-komsusundan-soguk-havada-haber-bekledi\/"]}]},{"@type":"ImageObject","inLanguage":"tr","@id":"https:\/\/memurunsesi.net\/index.php\/2025\/12\/21\/kayseride-komsuluk-ornegi-ulasamadigi-komsusundan-soguk-havada-haber-bekledi\/#primaryimage","url":"https:\/\/memurunsesi.net\/wp-content\/uploads\/2025\/12\/komsuluk-ornegi.jpg","contentUrl":"https:\/\/memurunsesi.net\/wp-content\/uploads\/2025\/12\/komsuluk-ornegi.jpg","width":1600,"height":1200,"caption":"KAYSER\u0130'N\u0130N KOCAS\u0130NAN \u0130L\u00c7ES\u0130NDE \u015eEKER HASTASI OLAN KOM\u015eUSUNA ULA\u015eAMAYAN A\u0130LE EK\u0130PLERE HABER VERD\u0130. ADETA KOM\u015eULUK \u00d6RNE\u011e\u0130 G\u00d6STEREN A\u0130LE KOM\u015eULARININ EVDEN SA\u011e SAL\u0130M \u00c7IKMASI \u0130\u00c7\u0130N DUA EDERKEN, SO\u011eUK HAVADA UMUTLA BEKLED\u0130. KOM\u015eUSUNDAN \u0130Y\u0130 HABER\u0130 ALAN YA\u015eLI KADIN DER\u0130N NEFES ALDI. (M\u00dcKREM\u0130N KAYA\/KAYSER\u0130-\u0130HA) Kayseri'nin Kocasinan il\u00e7esinde \u015feker hastas\u0131 olan kom\u015fusuna ula\u015famayan aile ekiplere haber verdi. Adeta kom\u015fuluk \u00f6rne\u011fi g\u00f6steren aile kom\u015fular\u0131n\u0131n evden sa\u011f salim \u00e7\u0131kmas\u0131 i\u00e7in dua ederken, so\u011fuk havada umutla bekledi. Kom\u015fusundan iyi haberi alan ya\u015fl\u0131 kad\u0131n derin nefes ald\u0131."},{"@type":"BreadcrumbList","@id":"https:\/\/memurunsesi.net\/index.php\/2025\/12\/21\/kayseride-komsuluk-ornegi-ulasamadigi-komsusundan-soguk-havada-haber-bekledi\/#breadcrumb","itemListElement":[{"@type":"ListItem","position":1,"name":"Anasayfa","item":"https:\/\/memurunsesi.net\/"},{"@type":"ListItem","position":2,"name":"Kayseri\u2019de kom\u015fuluk \u00f6rne\u011fi: Ula\u015famad\u0131\u011f\u0131 kom\u015fusundan so\u011fuk havada haber bekledi"}]},{"@type":"WebSite","@id":"https:\/\/memurunsesi.net\/#website","url":"https:\/\/memurunsesi.net\/","name":"Memurun Sesi","description":"G\u00fcncel ve Do\u011fru Haber","publisher":{"@id":"https:\/\/memurunsesi.net\/#organization"},"potentialAction":[{"@type":"SearchAction","target":{"@type":"EntryPoint","urlTemplate":"https:\/\/memurunsesi.net\/?s={search_term_string}"},"query-input":{"@type":"PropertyValueSpecification","valueRequired":true,"valueName":"search_term_string"}}],"inLanguage":"tr"},{"@type":"Organization","@id":"https:\/\/memurunsesi.net\/#organization","name":"Memurun Sesi","url":"https:\/\/memurunsesi.net\/","logo":{"@type":"ImageObject","inLanguage":"tr","@id":"https:\/\/memurunsesi.net\/#\/schema\/logo\/image\/","url":"https:\/\/memurunsesi.net\/wp-content\/uploads\/2025\/11\/cropped-MEMURUN-SESI.png","contentUrl":"https:\/\/memurunsesi.net\/wp-content\/uploads\/2025\/11\/cropped-MEMURUN-SESI.png","width":238,"height":57,"caption":"Memurun Sesi"},"image":{"@id":"https:\/\/memurunsesi.net\/#\/schema\/logo\/image\/"},"sameAs":["https:\/\/www.facebook.com\/unipersen\/?locale=tr_TR","https:\/\/x.com\/unipersen"]},{"@type":"Person","@id":"https:\/\/memurunsesi.net\/#\/schema\/person\/f21c2d73b89f6ee1d80b0a1803e38587","name":"Memurun Sesi Haber Merkezi","image":{"@type":"ImageObject","inLanguage":"tr","@id":"https:\/\/secure.gravatar.com\/avatar\/6cf0505f452ee753f485014986fab09a434671d2b919ee76fc541025c5876a70?s=96&d=mm&r=g","url":"https:\/\/secure.gravatar.com\/avatar\/6cf0505f452ee753f485014986fab09a434671d2b919ee76fc541025c5876a70?s=96&d=mm&r=g","contentUrl":"https:\/\/secure.gravatar.com\/avatar\/6cf0505f452ee753f485014986fab09a434671d2b919ee76fc541025c5876a70?s=96&d=mm&r=g","caption":"Memurun Sesi Haber Merkezi"},"sameAs":["https:\/\/memurunsesi.net"],"url":"https:\/\/memurunsesi.net\/index.php\/author\/uniper\/"}]}},"_links":{"self":[{"href":"https:\/\/memurunsesi.net\/index.php\/wp-json\/wp\/v2\/posts\/15435","targetHints":{"allow":["GET"]}}],"collection":[{"href":"https:\/\/memurunsesi.net\/index.php\/wp-json\/wp\/v2\/posts"}],"about":[{"href":"https:\/\/memurunsesi.net\/index.php\/wp-json\/wp\/v2\/types\/post"}],"author":[{"embeddable":true,"href":"https:\/\/memurunsesi.net\/index.php\/wp-json\/wp\/v2\/users\/1"}],"replies":[{"embeddable":true,"href":"https:\/\/memurunsesi.net\/index.php\/wp-json\/wp\/v2\/comments?post=15435"}],"version-history":[{"count":1,"href":"https:\/\/memurunsesi.net\/index.php\/wp-json\/wp\/v2\/posts\/15435\/revisions"}],"predecessor-version":[{"id":15437,"href":"https:\/\/memurunsesi.net\/index.php\/wp-json\/wp\/v2\/posts\/15435\/revisions\/15437"}],"wp:featuredmedia":[{"embeddable":true,"href":"https:\/\/memurunsesi.net\/index.php\/wp-json\/wp\/v2\/media\/15436"}],"wp:attachment":[{"href":"https:\/\/memurunsesi.net\/index.php\/wp-json\/wp\/v2\/media?parent=15435"}],"wp:term":[{"taxonomy":"category","embeddable":true,"href":"https:\/\/memurunsesi.net\/index.php\/wp-json\/wp\/v2\/categories?post=15435"},{"taxonomy":"post_tag","embeddable":true,"href":"https:\/\/memurunsesi.net\/index.php\/wp-json\/wp\/v2\/tags?post=15435"}],"curies":[{"name":"wp","href":"https:\/\/api.w.org\/{rel}","templated":true}]}}