{"id":15438,"date":"2025-12-21T09:49:54","date_gmt":"2025-12-21T06:49:54","guid":{"rendered":"https:\/\/memurunsesi.net\/?p=15438"},"modified":"2025-12-21T09:49:54","modified_gmt":"2025-12-21T06:49:54","slug":"sivasta-fren-yerine-gaza-basan-surucu-markete-girdi","status":"publish","type":"post","link":"https:\/\/memurunsesi.net\/index.php\/2025\/12\/21\/sivasta-fren-yerine-gaza-basan-surucu-markete-girdi\/","title":{"rendered":"Sivas\u2019ta fren yerine gaza basan s\u00fcr\u00fcc\u00fc, markete girdi"},"content":{"rendered":"<p>Sivas\u2019ta kad\u0131n s\u00fcr\u00fcc\u00fcn\u00fcn fren yerine gaza bast\u0131\u011f\u0131 iddia edilen otomobil, park halindeki araca \u00e7arpt\u0131ktan sonra markete girdi.<br \/>\nEdinilen bilgilere g\u00f6re kaza, Sivas\u2019ta Aydo\u011fan Mahallesi 11. sokak \u00fczerinde meydana geldi. Kad\u0131n s\u00fcr\u00fcc\u00fc E.S.Y. idaresindeki 06 FK 058 plakal\u0131 BMW marka otomobil, iddiaya g\u00f6re s\u00fcr\u00fcc\u00fcs\u00fcn\u00fcn fren yerine gaza basmas\u0131 sonucu kontrolden \u00e7\u0131kt\u0131. Kontrolden \u00e7\u0131kan otomobil, \u00f6nce park halindeki bir araca \u00e7arpt\u0131, ard\u0131ndan sokak \u00fczerinde bulunan bir marketin i\u00e7ine girdi. Kazay\u0131 g\u00f6ren vatanda\u015flar\u0131n ihbar\u0131 \u00fczerine olay yerine polis ekipleri sevk edildi. Kazada, d\u00fckkanda ve ara\u00e7ta maddi hasar meydana gelirken, olayla ilgili inceleme ba\u015flat\u0131ld\u0131.<\/p>\n<p>21.12.2025<\/p>\n","protected":false},"excerpt":{"rendered":"<p>Sivas\u2019ta kad\u0131n s\u00fcr\u00fcc\u00fcn\u00fcn fren yerine gaza bast\u0131\u011f\u0131 iddia edilen otomobil, park halindeki araca \u00e7arpt\u0131ktan sonra markete girdi. Edinilen bilgilere g\u00f6re kaza, Sivas\u2019ta Aydo\u011fan Mahallesi 11. sokak \u00fczerinde meydana geldi. Kad\u0131n s\u00fcr\u00fcc\u00fc E.S.Y. idaresindeki 06 FK 058 plakal\u0131 BMW marka otomobil, iddiaya g\u00f6re s\u00fcr\u00fcc\u00fcs\u00fcn\u00fcn fren yerine gaza basmas\u0131 sonucu kontrolden \u00e7\u0131kt\u0131. Kontrolden \u00e7\u0131kan otomobil, \u00f6nce park [&hellip;]<\/p>\n","protected":false},"author":1,"featured_media":15439,"comment_status":"open","ping_status":"open","sticky":false,"template":"","format":"standard","meta":{"footnotes":""},"categories":[1],"tags":[643,644],"class_list":["post-15438","post","type-post","status-publish","format-standard","has-post-thumbnail","hentry","category-genel","tag-fren-yerine-gaza-basti","tag-markete-girdi"],"yoast_head":"<!-- This site is optimized with the Yoast SEO plugin v27.4 - https:\/\/yoast.com\/product\/yoast-seo-wordpress\/ -->\n<title>Sivas\u2019ta fren yerine gaza basan s\u00fcr\u00fcc\u00fc, markete girdi - Memurun Sesi<\/title>\n<meta name=\"description\" content=\"Sivas\u2019ta fren yerine gaza basan s\u00fcr\u00fcc\u00fc, markete girdi\" \/>\n<meta name=\"robots\" content=\"index, follow, max-snippet:-1, max-image-preview:large, max-video-preview:-1\" \/>\n<link rel=\"canonical\" href=\"https:\/\/memurunsesi.net\/index.php\/2025\/12\/21\/sivasta-fren-yerine-gaza-basan-surucu-markete-girdi\/\" \/>\n<meta property=\"og:locale\" content=\"tr_TR\" \/>\n<meta property=\"og:type\" content=\"article\" \/>\n<meta property=\"og:title\" content=\"Sivas\u2019ta fren yerine gaza basan s\u00fcr\u00fcc\u00fc, markete girdi - Memurun Sesi\" \/>\n<meta property=\"og:description\" content=\"Sivas\u2019ta fren yerine gaza basan s\u00fcr\u00fcc\u00fc, markete girdi\" \/>\n<meta property=\"og:url\" content=\"https:\/\/memurunsesi.net\/index.php\/2025\/12\/21\/sivasta-fren-yerine-gaza-basan-surucu-markete-girdi\/\" \/>\n<meta property=\"og:site_name\" content=\"Memurun Sesi\" \/>\n<meta property=\"article:publisher\" content=\"https:\/\/www.facebook.com\/unipersen\/?locale=tr_TR\" \/>\n<meta property=\"article:published_time\" content=\"2025-12-21T06:49:54+00:00\" \/>\n<meta property=\"og:image\" content=\"https:\/\/memurunsesi.net\/wp-content\/uploads\/2025\/12\/fren-yerine-scaled.jpg\" \/>\n\t<meta property=\"og:image:width\" content=\"2560\" \/>\n\t<meta property=\"og:image:height\" content=\"1444\" \/>\n\t<meta property=\"og:image:type\" content=\"image\/jpeg\" \/>\n<meta name=\"author\" content=\"Memurun Sesi Haber Merkezi\" \/>\n<meta name=\"twitter:card\" content=\"summary_large_image\" \/>\n<meta name=\"twitter:creator\" content=\"@unipersen\" \/>\n<meta name=\"twitter:site\" content=\"@unipersen\" \/>\n<meta name=\"twitter:label1\" content=\"Yazan:\" \/>\n\t<meta name=\"twitter:data1\" content=\"Memurun Sesi Haber Merkezi\" \/>\n\t<meta name=\"twitter:label2\" content=\"Tahmini okuma s\u00fcresi\" \/>\n\t<meta name=\"twitter:data2\" content=\"1 dakika\" \/>\n<script type=\"application\/ld+json\" class=\"yoast-schema-graph\">{\"@context\":\"https:\\\/\\\/schema.org\",\"@graph\":[{\"@type\":\"Article\",\"@id\":\"https:\\\/\\\/memurunsesi.net\\\/index.php\\\/2025\\\/12\\\/21\\\/sivasta-fren-yerine-gaza-basan-surucu-markete-girdi\\\/#article\",\"isPartOf\":{\"@id\":\"https:\\\/\\\/memurunsesi.net\\\/index.php\\\/2025\\\/12\\\/21\\\/sivasta-fren-yerine-gaza-basan-surucu-markete-girdi\\\/\"},\"author\":{\"name\":\"Memurun Sesi Haber Merkezi\",\"@id\":\"https:\\\/\\\/memurunsesi.net\\\/#\\\/schema\\\/person\\\/f21c2d73b89f6ee1d80b0a1803e38587\"},\"headline\":\"Sivas\u2019ta fren yerine gaza basan s\u00fcr\u00fcc\u00fc, markete girdi\",\"datePublished\":\"2025-12-21T06:49:54+00:00\",\"mainEntityOfPage\":{\"@id\":\"https:\\\/\\\/memurunsesi.net\\\/index.php\\\/2025\\\/12\\\/21\\\/sivasta-fren-yerine-gaza-basan-surucu-markete-girdi\\\/\"},\"wordCount\":128,\"commentCount\":0,\"publisher\":{\"@id\":\"https:\\\/\\\/memurunsesi.net\\\/#organization\"},\"image\":{\"@id\":\"https:\\\/\\\/memurunsesi.net\\\/index.php\\\/2025\\\/12\\\/21\\\/sivasta-fren-yerine-gaza-basan-surucu-markete-girdi\\\/#primaryimage\"},\"thumbnailUrl\":\"https:\\\/\\\/memurunsesi.net\\\/wp-content\\\/uploads\\\/2025\\\/12\\\/fren-yerine-scaled.jpg\",\"keywords\":[\"fren yerine gaza bast\u0131\",\"markete girdi\"],\"inLanguage\":\"tr\",\"potentialAction\":[{\"@type\":\"CommentAction\",\"name\":\"Comment\",\"target\":[\"https:\\\/\\\/memurunsesi.net\\\/index.php\\\/2025\\\/12\\\/21\\\/sivasta-fren-yerine-gaza-basan-surucu-markete-girdi\\\/#respond\"]}]},{\"@type\":\"WebPage\",\"@id\":\"https:\\\/\\\/memurunsesi.net\\\/index.php\\\/2025\\\/12\\\/21\\\/sivasta-fren-yerine-gaza-basan-surucu-markete-girdi\\\/\",\"url\":\"https:\\\/\\\/memurunsesi.net\\\/index.php\\\/2025\\\/12\\\/21\\\/sivasta-fren-yerine-gaza-basan-surucu-markete-girdi\\\/\",\"name\":\"Sivas\u2019ta fren yerine gaza basan s\u00fcr\u00fcc\u00fc, markete girdi - Memurun Sesi\",\"isPartOf\":{\"@id\":\"https:\\\/\\\/memurunsesi.net\\\/#website\"},\"primaryImageOfPage\":{\"@id\":\"https:\\\/\\\/memurunsesi.net\\\/index.php\\\/2025\\\/12\\\/21\\\/sivasta-fren-yerine-gaza-basan-surucu-markete-girdi\\\/#primaryimage\"},\"image\":{\"@id\":\"https:\\\/\\\/memurunsesi.net\\\/index.php\\\/2025\\\/12\\\/21\\\/sivasta-fren-yerine-gaza-basan-surucu-markete-girdi\\\/#primaryimage\"},\"thumbnailUrl\":\"https:\\\/\\\/memurunsesi.net\\\/wp-content\\\/uploads\\\/2025\\\/12\\\/fren-yerine-scaled.jpg\",\"datePublished\":\"2025-12-21T06:49:54+00:00\",\"description\":\"Sivas\u2019ta fren yerine gaza basan s\u00fcr\u00fcc\u00fc, markete girdi\",\"breadcrumb\":{\"@id\":\"https:\\\/\\\/memurunsesi.net\\\/index.php\\\/2025\\\/12\\\/21\\\/sivasta-fren-yerine-gaza-basan-surucu-markete-girdi\\\/#breadcrumb\"},\"inLanguage\":\"tr\",\"potentialAction\":[{\"@type\":\"ReadAction\",\"target\":[\"https:\\\/\\\/memurunsesi.net\\\/index.php\\\/2025\\\/12\\\/21\\\/sivasta-fren-yerine-gaza-basan-surucu-markete-girdi\\\/\"]}]},{\"@type\":\"ImageObject\",\"inLanguage\":\"tr\",\"@id\":\"https:\\\/\\\/memurunsesi.net\\\/index.php\\\/2025\\\/12\\\/21\\\/sivasta-fren-yerine-gaza-basan-surucu-markete-girdi\\\/#primaryimage\",\"url\":\"https:\\\/\\\/memurunsesi.net\\\/wp-content\\\/uploads\\\/2025\\\/12\\\/fren-yerine-scaled.jpg\",\"contentUrl\":\"https:\\\/\\\/memurunsesi.net\\\/wp-content\\\/uploads\\\/2025\\\/12\\\/fren-yerine-scaled.jpg\",\"width\":2560,\"height\":1444,\"caption\":\"S\u0130VAS'TA KADIN S\u00dcR\u00dcC\u00dcN\u00dcN FREN YER\u0130NE GAZA BASTI\u011eI \u0130DD\u0130A ED\u0130LEN OTOMOB\u0130L, PARK HAL\u0130NDEK\u0130 ARACA \u00c7ARPTIKTAN SONRA MARKETE G\u0130RD\u0130. (YUNUS \u00c7\u0130FTC\u0130\\\/S\u0130VAS-\u0130HA) Sivas'ta kad\u0131n s\u00fcr\u00fcc\u00fcn\u00fcn fren yerine gaza bast\u0131\u011f\u0131 iddia edilen otomobil, park halindeki araca \u00e7arpt\u0131ktan sonra markete girdi.\"},{\"@type\":\"BreadcrumbList\",\"@id\":\"https:\\\/\\\/memurunsesi.net\\\/index.php\\\/2025\\\/12\\\/21\\\/sivasta-fren-yerine-gaza-basan-surucu-markete-girdi\\\/#breadcrumb\",\"itemListElement\":[{\"@type\":\"ListItem\",\"position\":1,\"name\":\"Anasayfa\",\"item\":\"https:\\\/\\\/memurunsesi.net\\\/\"},{\"@type\":\"ListItem\",\"position\":2,\"name\":\"Sivas\u2019ta fren yerine gaza basan s\u00fcr\u00fcc\u00fc, markete girdi\"}]},{\"@type\":\"WebSite\",\"@id\":\"https:\\\/\\\/memurunsesi.net\\\/#website\",\"url\":\"https:\\\/\\\/memurunsesi.net\\\/\",\"name\":\"Memurun Sesi\",\"description\":\"G\u00fcncel ve Do\u011fru Haber\",\"publisher\":{\"@id\":\"https:\\\/\\\/memurunsesi.net\\\/#organization\"},\"potentialAction\":[{\"@type\":\"SearchAction\",\"target\":{\"@type\":\"EntryPoint\",\"urlTemplate\":\"https:\\\/\\\/memurunsesi.net\\\/?s={search_term_string}\"},\"query-input\":{\"@type\":\"PropertyValueSpecification\",\"valueRequired\":true,\"valueName\":\"search_term_string\"}}],\"inLanguage\":\"tr\"},{\"@type\":\"Organization\",\"@id\":\"https:\\\/\\\/memurunsesi.net\\\/#organization\",\"name\":\"Memurun Sesi\",\"url\":\"https:\\\/\\\/memurunsesi.net\\\/\",\"logo\":{\"@type\":\"ImageObject\",\"inLanguage\":\"tr\",\"@id\":\"https:\\\/\\\/memurunsesi.net\\\/#\\\/schema\\\/logo\\\/image\\\/\",\"url\":\"https:\\\/\\\/memurunsesi.net\\\/wp-content\\\/uploads\\\/2025\\\/11\\\/cropped-MEMURUN-SESI.png\",\"contentUrl\":\"https:\\\/\\\/memurunsesi.net\\\/wp-content\\\/uploads\\\/2025\\\/11\\\/cropped-MEMURUN-SESI.png\",\"width\":238,\"height\":57,\"caption\":\"Memurun Sesi\"},\"image\":{\"@id\":\"https:\\\/\\\/memurunsesi.net\\\/#\\\/schema\\\/logo\\\/image\\\/\"},\"sameAs\":[\"https:\\\/\\\/www.facebook.com\\\/unipersen\\\/?locale=tr_TR\",\"https:\\\/\\\/x.com\\\/unipersen\"]},{\"@type\":\"Person\",\"@id\":\"https:\\\/\\\/memurunsesi.net\\\/#\\\/schema\\\/person\\\/f21c2d73b89f6ee1d80b0a1803e38587\",\"name\":\"Memurun Sesi Haber Merkezi\",\"image\":{\"@type\":\"ImageObject\",\"inLanguage\":\"tr\",\"@id\":\"https:\\\/\\\/secure.gravatar.com\\\/avatar\\\/6cf0505f452ee753f485014986fab09a434671d2b919ee76fc541025c5876a70?s=96&d=mm&r=g\",\"url\":\"https:\\\/\\\/secure.gravatar.com\\\/avatar\\\/6cf0505f452ee753f485014986fab09a434671d2b919ee76fc541025c5876a70?s=96&d=mm&r=g\",\"contentUrl\":\"https:\\\/\\\/secure.gravatar.com\\\/avatar\\\/6cf0505f452ee753f485014986fab09a434671d2b919ee76fc541025c5876a70?s=96&d=mm&r=g\",\"caption\":\"Memurun Sesi Haber Merkezi\"},\"sameAs\":[\"https:\\\/\\\/memurunsesi.net\"],\"url\":\"https:\\\/\\\/memurunsesi.net\\\/index.php\\\/author\\\/uniper\\\/\"}]}<\/script>\n<!-- \/ Yoast SEO plugin. -->","yoast_head_json":{"title":"Sivas\u2019ta fren yerine gaza basan s\u00fcr\u00fcc\u00fc, markete girdi - Memurun Sesi","description":"Sivas\u2019ta fren yerine gaza basan s\u00fcr\u00fcc\u00fc, markete girdi","robots":{"index":"index","follow":"follow","max-snippet":"max-snippet:-1","max-image-preview":"max-image-preview:large","max-video-preview":"max-video-preview:-1"},"canonical":"https:\/\/memurunsesi.net\/index.php\/2025\/12\/21\/sivasta-fren-yerine-gaza-basan-surucu-markete-girdi\/","og_locale":"tr_TR","og_type":"article","og_title":"Sivas\u2019ta fren yerine gaza basan s\u00fcr\u00fcc\u00fc, markete girdi - Memurun Sesi","og_description":"Sivas\u2019ta fren yerine gaza basan s\u00fcr\u00fcc\u00fc, markete girdi","og_url":"https:\/\/memurunsesi.net\/index.php\/2025\/12\/21\/sivasta-fren-yerine-gaza-basan-surucu-markete-girdi\/","og_site_name":"Memurun Sesi","article_publisher":"https:\/\/www.facebook.com\/unipersen\/?locale=tr_TR","article_published_time":"2025-12-21T06:49:54+00:00","og_image":[{"width":2560,"height":1444,"url":"https:\/\/memurunsesi.net\/wp-content\/uploads\/2025\/12\/fren-yerine-scaled.jpg","type":"image\/jpeg"}],"author":"Memurun Sesi Haber Merkezi","twitter_card":"summary_large_image","twitter_creator":"@unipersen","twitter_site":"@unipersen","twitter_misc":{"Yazan:":"Memurun Sesi Haber Merkezi","Tahmini okuma s\u00fcresi":"1 dakika"},"schema":{"@context":"https:\/\/schema.org","@graph":[{"@type":"Article","@id":"https:\/\/memurunsesi.net\/index.php\/2025\/12\/21\/sivasta-fren-yerine-gaza-basan-surucu-markete-girdi\/#article","isPartOf":{"@id":"https:\/\/memurunsesi.net\/index.php\/2025\/12\/21\/sivasta-fren-yerine-gaza-basan-surucu-markete-girdi\/"},"author":{"name":"Memurun Sesi Haber Merkezi","@id":"https:\/\/memurunsesi.net\/#\/schema\/person\/f21c2d73b89f6ee1d80b0a1803e38587"},"headline":"Sivas\u2019ta fren yerine gaza basan s\u00fcr\u00fcc\u00fc, markete girdi","datePublished":"2025-12-21T06:49:54+00:00","mainEntityOfPage":{"@id":"https:\/\/memurunsesi.net\/index.php\/2025\/12\/21\/sivasta-fren-yerine-gaza-basan-surucu-markete-girdi\/"},"wordCount":128,"commentCount":0,"publisher":{"@id":"https:\/\/memurunsesi.net\/#organization"},"image":{"@id":"https:\/\/memurunsesi.net\/index.php\/2025\/12\/21\/sivasta-fren-yerine-gaza-basan-surucu-markete-girdi\/#primaryimage"},"thumbnailUrl":"https:\/\/memurunsesi.net\/wp-content\/uploads\/2025\/12\/fren-yerine-scaled.jpg","keywords":["fren yerine gaza bast\u0131","markete girdi"],"inLanguage":"tr","potentialAction":[{"@type":"CommentAction","name":"Comment","target":["https:\/\/memurunsesi.net\/index.php\/2025\/12\/21\/sivasta-fren-yerine-gaza-basan-surucu-markete-girdi\/#respond"]}]},{"@type":"WebPage","@id":"https:\/\/memurunsesi.net\/index.php\/2025\/12\/21\/sivasta-fren-yerine-gaza-basan-surucu-markete-girdi\/","url":"https:\/\/memurunsesi.net\/index.php\/2025\/12\/21\/sivasta-fren-yerine-gaza-basan-surucu-markete-girdi\/","name":"Sivas\u2019ta fren yerine gaza basan s\u00fcr\u00fcc\u00fc, markete girdi - Memurun Sesi","isPartOf":{"@id":"https:\/\/memurunsesi.net\/#website"},"primaryImageOfPage":{"@id":"https:\/\/memurunsesi.net\/index.php\/2025\/12\/21\/sivasta-fren-yerine-gaza-basan-surucu-markete-girdi\/#primaryimage"},"image":{"@id":"https:\/\/memurunsesi.net\/index.php\/2025\/12\/21\/sivasta-fren-yerine-gaza-basan-surucu-markete-girdi\/#primaryimage"},"thumbnailUrl":"https:\/\/memurunsesi.net\/wp-content\/uploads\/2025\/12\/fren-yerine-scaled.jpg","datePublished":"2025-12-21T06:49:54+00:00","description":"Sivas\u2019ta fren yerine gaza basan s\u00fcr\u00fcc\u00fc, markete girdi","breadcrumb":{"@id":"https:\/\/memurunsesi.net\/index.php\/2025\/12\/21\/sivasta-fren-yerine-gaza-basan-surucu-markete-girdi\/#breadcrumb"},"inLanguage":"tr","potentialAction":[{"@type":"ReadAction","target":["https:\/\/memurunsesi.net\/index.php\/2025\/12\/21\/sivasta-fren-yerine-gaza-basan-surucu-markete-girdi\/"]}]},{"@type":"ImageObject","inLanguage":"tr","@id":"https:\/\/memurunsesi.net\/index.php\/2025\/12\/21\/sivasta-fren-yerine-gaza-basan-surucu-markete-girdi\/#primaryimage","url":"https:\/\/memurunsesi.net\/wp-content\/uploads\/2025\/12\/fren-yerine-scaled.jpg","contentUrl":"https:\/\/memurunsesi.net\/wp-content\/uploads\/2025\/12\/fren-yerine-scaled.jpg","width":2560,"height":1444,"caption":"S\u0130VAS'TA KADIN S\u00dcR\u00dcC\u00dcN\u00dcN FREN YER\u0130NE GAZA BASTI\u011eI \u0130DD\u0130A ED\u0130LEN OTOMOB\u0130L, PARK HAL\u0130NDEK\u0130 ARACA \u00c7ARPTIKTAN SONRA MARKETE G\u0130RD\u0130. (YUNUS \u00c7\u0130FTC\u0130\/S\u0130VAS-\u0130HA) Sivas'ta kad\u0131n s\u00fcr\u00fcc\u00fcn\u00fcn fren yerine gaza bast\u0131\u011f\u0131 iddia edilen otomobil, park halindeki araca \u00e7arpt\u0131ktan sonra markete girdi."},{"@type":"BreadcrumbList","@id":"https:\/\/memurunsesi.net\/index.php\/2025\/12\/21\/sivasta-fren-yerine-gaza-basan-surucu-markete-girdi\/#breadcrumb","itemListElement":[{"@type":"ListItem","position":1,"name":"Anasayfa","item":"https:\/\/memurunsesi.net\/"},{"@type":"ListItem","position":2,"name":"Sivas\u2019ta fren yerine gaza basan s\u00fcr\u00fcc\u00fc, markete girdi"}]},{"@type":"WebSite","@id":"https:\/\/memurunsesi.net\/#website","url":"https:\/\/memurunsesi.net\/","name":"Memurun Sesi","description":"G\u00fcncel ve Do\u011fru Haber","publisher":{"@id":"https:\/\/memurunsesi.net\/#organization"},"potentialAction":[{"@type":"SearchAction","target":{"@type":"EntryPoint","urlTemplate":"https:\/\/memurunsesi.net\/?s={search_term_string}"},"query-input":{"@type":"PropertyValueSpecification","valueRequired":true,"valueName":"search_term_string"}}],"inLanguage":"tr"},{"@type":"Organization","@id":"https:\/\/memurunsesi.net\/#organization","name":"Memurun Sesi","url":"https:\/\/memurunsesi.net\/","logo":{"@type":"ImageObject","inLanguage":"tr","@id":"https:\/\/memurunsesi.net\/#\/schema\/logo\/image\/","url":"https:\/\/memurunsesi.net\/wp-content\/uploads\/2025\/11\/cropped-MEMURUN-SESI.png","contentUrl":"https:\/\/memurunsesi.net\/wp-content\/uploads\/2025\/11\/cropped-MEMURUN-SESI.png","width":238,"height":57,"caption":"Memurun Sesi"},"image":{"@id":"https:\/\/memurunsesi.net\/#\/schema\/logo\/image\/"},"sameAs":["https:\/\/www.facebook.com\/unipersen\/?locale=tr_TR","https:\/\/x.com\/unipersen"]},{"@type":"Person","@id":"https:\/\/memurunsesi.net\/#\/schema\/person\/f21c2d73b89f6ee1d80b0a1803e38587","name":"Memurun Sesi Haber Merkezi","image":{"@type":"ImageObject","inLanguage":"tr","@id":"https:\/\/secure.gravatar.com\/avatar\/6cf0505f452ee753f485014986fab09a434671d2b919ee76fc541025c5876a70?s=96&d=mm&r=g","url":"https:\/\/secure.gravatar.com\/avatar\/6cf0505f452ee753f485014986fab09a434671d2b919ee76fc541025c5876a70?s=96&d=mm&r=g","contentUrl":"https:\/\/secure.gravatar.com\/avatar\/6cf0505f452ee753f485014986fab09a434671d2b919ee76fc541025c5876a70?s=96&d=mm&r=g","caption":"Memurun Sesi Haber Merkezi"},"sameAs":["https:\/\/memurunsesi.net"],"url":"https:\/\/memurunsesi.net\/index.php\/author\/uniper\/"}]}},"_links":{"self":[{"href":"https:\/\/memurunsesi.net\/index.php\/wp-json\/wp\/v2\/posts\/15438","targetHints":{"allow":["GET"]}}],"collection":[{"href":"https:\/\/memurunsesi.net\/index.php\/wp-json\/wp\/v2\/posts"}],"about":[{"href":"https:\/\/memurunsesi.net\/index.php\/wp-json\/wp\/v2\/types\/post"}],"author":[{"embeddable":true,"href":"https:\/\/memurunsesi.net\/index.php\/wp-json\/wp\/v2\/users\/1"}],"replies":[{"embeddable":true,"href":"https:\/\/memurunsesi.net\/index.php\/wp-json\/wp\/v2\/comments?post=15438"}],"version-history":[{"count":1,"href":"https:\/\/memurunsesi.net\/index.php\/wp-json\/wp\/v2\/posts\/15438\/revisions"}],"predecessor-version":[{"id":15440,"href":"https:\/\/memurunsesi.net\/index.php\/wp-json\/wp\/v2\/posts\/15438\/revisions\/15440"}],"wp:featuredmedia":[{"embeddable":true,"href":"https:\/\/memurunsesi.net\/index.php\/wp-json\/wp\/v2\/media\/15439"}],"wp:attachment":[{"href":"https:\/\/memurunsesi.net\/index.php\/wp-json\/wp\/v2\/media?parent=15438"}],"wp:term":[{"taxonomy":"category","embeddable":true,"href":"https:\/\/memurunsesi.net\/index.php\/wp-json\/wp\/v2\/categories?post=15438"},{"taxonomy":"post_tag","embeddable":true,"href":"https:\/\/memurunsesi.net\/index.php\/wp-json\/wp\/v2\/tags?post=15438"}],"curies":[{"name":"wp","href":"https:\/\/api.w.org\/{rel}","templated":true}]}}